{"id":17870,"date":"2019-08-19T15:34:03","date_gmt":"2019-08-19T15:34:03","guid":{"rendered":"https:\/\/archiviocassano.lavocedelpaese.info\/index.php\/2019\/08\/19\/spazi-scolastici-dalla-regione-200-mila-euro-per-il-loro-pieno-utilizzo\/"},"modified":"2019-08-19T15:34:03","modified_gmt":"2019-08-19T15:34:03","slug":"spazi-scolastici-dalla-regione-200-mila-euro-per-il-loro-pieno-utilizzo","status":"publish","type":"post","link":"https:\/\/archiviocassano.lavocedelpaese.info\/index.php\/2019\/08\/19\/spazi-scolastici-dalla-regione-200-mila-euro-per-il-loro-pieno-utilizzo\/","title":{"rendered":"Spazi scolastici, dalla Regione 200 mila euro per il loro pieno utilizzo"},"content":{"rendered":"<p><img loading=\"lazy\" decoding=\"async\" class=\" size-full wp-image-17869\" src=\"https:\/\/archiviocassano.lavocedelpaese.info\/wp-content\/uploads\/2019\/08\/Scuola_aperta_1_1.png\" width=\"320\" height=\"150\" alt=\"Scuola aperta 1 1\" style=\"margin-right: 2px; margin-left: 2px;\" \/><\/p>\n<p><!--more--><\/p>\n<p style=\"text-align: justify;\">\u201cValorizzare appieno gli spazi e le strutture disponibili nelle scuole con attivit\u00e0 svolte negli orari extracurricolari e che favoriscano l&#8217;interazione con il territorio, e promuovere azioni di contrasto dell&#8217;abbandono scolastico.&nbsp;<\/p>\n<p style=\"text-align: justify;\">Questi, in sintesi gli obiettivi di una misura approvata un mese fa dalla Giunta regionale e pubblicata nel Bollettino Ufficiale della Regione Puglia del 12 agosto scorso.&nbsp;<\/p>\n<p style=\"text-align: justify;\">&#8220;L\u2019iniziativa &#8211; spiega una nota del Consigliere Regionale Ezo Colonna &#8211; d\u00e0 attuazione a una norma inserita, su proposta mia e dei miei colleghi di gruppo (Mimmo Santorsola e Sebastiano Leo), nella legge regionale di stabilit\u00e0 per il 2019 (art. 53, l.r. 67\/2018), che destina 200mila euro del bilancio regionale per l\u2019anno in corso (con analoga dotazione finanziaria per gli anni 2020 e 2021) a istituti scolastici secondari di 2\u00b0 grado per progetti di carattere culturale e sociale, da svolgersi negli spazi scolastici in orari extracurricolari, presentati anche su proposta di associazioni studentesche.&nbsp;<\/p>\n<p style=\"text-align: justify;\">L\u2019obiettivo \u00e8 quello di sostenere Istituti scolastici e studenti pugliesi, valorizzandone le capacit\u00e0 e le potenzialit\u00e0 creative e progettuali, proponendo la scuola come luogo comune di crescita civile e di integrazione con il territorio.<\/p>\n<p style=\"text-align: justify;\">I progetti finanziati consentiranno quindi di svolgere attivit\u00e0 di carattere culturale e sociale aggiuntive rispetto al normale orario scolastico.&nbsp;<\/p>\n<p style=\"text-align: justify;\">Con il provvedimento varato dalla Giunta regionale sono stati definiti tempi e modalit\u00e0 di svolgimento dei progetti nonch\u00e9 i criteri di assegnazione dei contributi, tutti elementi che saranno tradotti a breve in un Avviso pubblico.&nbsp;<\/p>\n<p style=\"text-align: justify;\"><strong>In particolare, potranno candidarsi a questa misura gli Istituti scolastici secondari di 2\u00b0 grado statali e paritari con sede in Puglia.<\/strong> Ciascun Istituto potr\u00e0 presentare una sola proposta progettuale.&nbsp;<\/p>\n<p style=\"text-align: justify;\">I progetti dovranno avere come protagonista la popolazione studentesca e potranno essere realizzati anche attraverso il coinvolgimento di soggetti pubblici e privati esterni per l\u2019esercizio di attivit\u00e0 laboratoriali integrate con competenze, culture ed esperienze terze rispetto alla scuola. Per questo, nella presentazione della candidatura le Scuole potranno avvalersi della collaborazione con associazioni studentesche o gruppi informali di studenti.&nbsp;<\/p>\n<p style=\"text-align: justify;\">La durata di ciascun progetto non potr\u00e0 essere inferiore a uno e superiore a due anni scolastici, in modo da consentire di svolgere attivit\u00e0 strutturate e incisive, presupposto fondamentale per la buona riuscita dell\u2019intervento.&nbsp;<\/p>\n<p style=\"text-align: justify;\">Ad ogni progetto potr\u00e0 essere assegnato un contributo a fondo perduto sino a un massimo di 10mila euro.&nbsp;<\/p>\n<p style=\"text-align: justify;\">Al fine di garantire un\u2019equa distribuzione delle risorse (rispetto al numero degli studenti iscritti nelle diverse aree della Puglia)<strong> saranno finanziati almeno 6 progetti per l\u2019area metropolitana di Bari,<\/strong> 4 per la Provincia di Lecce, 3 per le Province di Foggia e Taranto, 2 per quelle di Brindisi e BAT.&nbsp;<\/p>\n<p style=\"text-align: justify;\">Le proposte saranno valutate sulla base dei seguenti criteri:&nbsp;<br \/>&#8211; collocazione degli Istituti in territori con maggiori livello di disagio socioeconomico e con maggiori tassi di dispersione scolastica;&nbsp;<br \/>&#8211; qualit\u00e0 progettuale;&nbsp;<br \/>&#8211; chiarezza nella definizione degli obiettivi, presenza di indicatori verificabili nel loro raggiungimento;&nbsp;<br \/>&#8211; grado di innovazione e trasferibilit\u00e0 dell\u2019idea progettuale rispetto all\u2019utilizzo della scuola come presidio di socialit\u00e0 e luogo di partecipazione, di crescita civile e di collaborazione con soggetti esterni;&nbsp;<br \/>&#8211; partecipazione di associazioni studentesche, soggetti istituzionali e\/o del volontariato culturale e sociale (specie se si tratta di soggetti riconosciuti a livello nazionale).&nbsp;<\/p>\n<p style=\"text-align: justify;\">Si tratta di un\u2019iniziativa sperimentale che ritengo significativa e che potr\u00e0 contribuire a valorizzare le potenzialit\u00e0 degli istituti scolastici e degli spazi che li ospitano.&nbsp;<\/p>\n<p style=\"text-align: justify;\">In attesa della pubblicazione dell&#8217;Avviso, che avverr\u00e0 a settembre e di cui ovviamente dar\u00f2 conto, invito gli Istituti scolastici e le associazioni studentesche pugliesi, del territorio murgiano in particolare, a iniziare ad elaborare proposte progettuali&#8221;, conclude Colonna.<\/p>\n","protected":false},"excerpt":{"rendered":"","protected":false},"author":1,"featured_media":17869,"comment_status":"open","ping_status":"closed","sticky":false,"template":"","format":"standard","meta":{"colormag_page_container_layout":"default_layout","colormag_page_sidebar_layout":"default_layout","footnotes":""},"categories":[7],"tags":[],"class_list":["post-17870","post","type-post","status-publish","format-standard","has-post-thumbnail","hentry","category-attualita"],"yoast_head":"<!-- This site is optimized with the Yoast SEO plugin v27.5 - https:\/\/yoast.com\/product\/yoast-seo-wordpress\/ -->\n<title>Spazi scolastici, dalla Regione 200 mila euro per il loro pieno utilizzo - Archivio CassanoWeb<\/title>\n<meta name=\"robots\" content=\"index, follow, max-snippet:-1, max-image-preview:large, max-video-preview:-1\" \/>\n<link rel=\"canonical\" href=\"https:\/\/archiviocassano.lavocedelpaese.info\/index.php\/2019\/08\/19\/spazi-scolastici-dalla-regione-200-mila-euro-per-il-loro-pieno-utilizzo\/\" \/>\n<meta property=\"og:locale\" content=\"it_IT\" \/>\n<meta property=\"og:type\" content=\"article\" \/>\n<meta property=\"og:title\" content=\"Spazi scolastici, dalla Regione 200 mila euro per il loro pieno utilizzo - Archivio CassanoWeb\" \/>\n<meta property=\"og:url\" content=\"https:\/\/archiviocassano.lavocedelpaese.info\/index.php\/2019\/08\/19\/spazi-scolastici-dalla-regione-200-mila-euro-per-il-loro-pieno-utilizzo\/\" \/>\n<meta property=\"og:site_name\" content=\"Archivio CassanoWeb\" \/>\n<meta property=\"article:publisher\" content=\"https:\/\/www.facebook.com\/redazione.cassanoweb\" \/>\n<meta property=\"article:published_time\" content=\"2019-08-19T15:34:03+00:00\" \/>\n<meta property=\"og:image\" content=\"https:\/\/archiviocassano.lavocedelpaese.info\/wp-content\/uploads\/2019\/08\/Scuola_aperta_1_1.png\" \/>\n\t<meta property=\"og:image:width\" content=\"700\" \/>\n\t<meta property=\"og:image:height\" content=\"370\" \/>\n\t<meta property=\"og:image:type\" content=\"image\/png\" \/>\n<meta name=\"author\" content=\"admin\" \/>\n<meta name=\"twitter:card\" content=\"summary_large_image\" \/>\n<meta name=\"twitter:label1\" content=\"Scritto da\" \/>\n\t<meta name=\"twitter:data1\" content=\"admin\" \/>\n\t<meta name=\"twitter:label2\" content=\"Tempo di lettura stimato\" \/>\n\t<meta name=\"twitter:data2\" content=\"3 minuti\" \/>\n<script type=\"application\/ld+json\" class=\"yoast-schema-graph\">{\"@context\":\"https:\\\/\\\/schema.org\",\"@graph\":[{\"@type\":\"Article\",\"@id\":\"https:\\\/\\\/archiviocassano.lavocedelpaese.info\\\/index.php\\\/2019\\\/08\\\/19\\\/spazi-scolastici-dalla-regione-200-mila-euro-per-il-loro-pieno-utilizzo\\\/#article\",\"isPartOf\":{\"@id\":\"https:\\\/\\\/archiviocassano.lavocedelpaese.info\\\/index.php\\\/2019\\\/08\\\/19\\\/spazi-scolastici-dalla-regione-200-mila-euro-per-il-loro-pieno-utilizzo\\\/\"},\"author\":{\"name\":\"admin\",\"@id\":\"https:\\\/\\\/archiviocassano.lavocedelpaese.info\\\/#\\\/schema\\\/person\\\/df195bc79a9b4c35127cf005f92e041b\"},\"headline\":\"Spazi scolastici, dalla Regione 200 mila euro per il loro pieno utilizzo\",\"datePublished\":\"2019-08-19T15:34:03+00:00\",\"mainEntityOfPage\":{\"@id\":\"https:\\\/\\\/archiviocassano.lavocedelpaese.info\\\/index.php\\\/2019\\\/08\\\/19\\\/spazi-scolastici-dalla-regione-200-mila-euro-per-il-loro-pieno-utilizzo\\\/\"},\"wordCount\":615,\"commentCount\":0,\"publisher\":{\"@id\":\"https:\\\/\\\/archiviocassano.lavocedelpaese.info\\\/#organization\"},\"image\":{\"@id\":\"https:\\\/\\\/archiviocassano.lavocedelpaese.info\\\/index.php\\\/2019\\\/08\\\/19\\\/spazi-scolastici-dalla-regione-200-mila-euro-per-il-loro-pieno-utilizzo\\\/#primaryimage\"},\"thumbnailUrl\":\"https:\\\/\\\/archiviocassano.lavocedelpaese.info\\\/wp-content\\\/uploads\\\/2019\\\/08\\\/Scuola_aperta_1_1.png\",\"articleSection\":[\"Attualit\u00e0\"],\"inLanguage\":\"it-IT\",\"potentialAction\":[{\"@type\":\"CommentAction\",\"name\":\"Comment\",\"target\":[\"https:\\\/\\\/archiviocassano.lavocedelpaese.info\\\/index.php\\\/2019\\\/08\\\/19\\\/spazi-scolastici-dalla-regione-200-mila-euro-per-il-loro-pieno-utilizzo\\\/#respond\"]}]},{\"@type\":\"WebPage\",\"@id\":\"https:\\\/\\\/archiviocassano.lavocedelpaese.info\\\/index.php\\\/2019\\\/08\\\/19\\\/spazi-scolastici-dalla-regione-200-mila-euro-per-il-loro-pieno-utilizzo\\\/\",\"url\":\"https:\\\/\\\/archiviocassano.lavocedelpaese.info\\\/index.php\\\/2019\\\/08\\\/19\\\/spazi-scolastici-dalla-regione-200-mila-euro-per-il-loro-pieno-utilizzo\\\/\",\"name\":\"Spazi scolastici, dalla Regione 200 mila euro per il loro pieno utilizzo - Archivio CassanoWeb\",\"isPartOf\":{\"@id\":\"https:\\\/\\\/archiviocassano.lavocedelpaese.info\\\/#website\"},\"primaryImageOfPage\":{\"@id\":\"https:\\\/\\\/archiviocassano.lavocedelpaese.info\\\/index.php\\\/2019\\\/08\\\/19\\\/spazi-scolastici-dalla-regione-200-mila-euro-per-il-loro-pieno-utilizzo\\\/#primaryimage\"},\"image\":{\"@id\":\"https:\\\/\\\/archiviocassano.lavocedelpaese.info\\\/index.php\\\/2019\\\/08\\\/19\\\/spazi-scolastici-dalla-regione-200-mila-euro-per-il-loro-pieno-utilizzo\\\/#primaryimage\"},\"thumbnailUrl\":\"https:\\\/\\\/archiviocassano.lavocedelpaese.info\\\/wp-content\\\/uploads\\\/2019\\\/08\\\/Scuola_aperta_1_1.png\",\"datePublished\":\"2019-08-19T15:34:03+00:00\",\"breadcrumb\":{\"@id\":\"https:\\\/\\\/archiviocassano.lavocedelpaese.info\\\/index.php\\\/2019\\\/08\\\/19\\\/spazi-scolastici-dalla-regione-200-mila-euro-per-il-loro-pieno-utilizzo\\\/#breadcrumb\"},\"inLanguage\":\"it-IT\",\"potentialAction\":[{\"@type\":\"ReadAction\",\"target\":[\"https:\\\/\\\/archiviocassano.lavocedelpaese.info\\\/index.php\\\/2019\\\/08\\\/19\\\/spazi-scolastici-dalla-regione-200-mila-euro-per-il-loro-pieno-utilizzo\\\/\"]}]},{\"@type\":\"ImageObject\",\"inLanguage\":\"it-IT\",\"@id\":\"https:\\\/\\\/archiviocassano.lavocedelpaese.info\\\/index.php\\\/2019\\\/08\\\/19\\\/spazi-scolastici-dalla-regione-200-mila-euro-per-il-loro-pieno-utilizzo\\\/#primaryimage\",\"url\":\"https:\\\/\\\/archiviocassano.lavocedelpaese.info\\\/wp-content\\\/uploads\\\/2019\\\/08\\\/Scuola_aperta_1_1.png\",\"contentUrl\":\"https:\\\/\\\/archiviocassano.lavocedelpaese.info\\\/wp-content\\\/uploads\\\/2019\\\/08\\\/Scuola_aperta_1_1.png\",\"width\":700,\"height\":370,\"caption\":\"Scuola aperta 1 1\"},{\"@type\":\"BreadcrumbList\",\"@id\":\"https:\\\/\\\/archiviocassano.lavocedelpaese.info\\\/index.php\\\/2019\\\/08\\\/19\\\/spazi-scolastici-dalla-regione-200-mila-euro-per-il-loro-pieno-utilizzo\\\/#breadcrumb\",\"itemListElement\":[{\"@type\":\"ListItem\",\"position\":1,\"name\":\"Home\",\"item\":\"https:\\\/\\\/archiviocassano.lavocedelpaese.info\\\/\"},{\"@type\":\"ListItem\",\"position\":2,\"name\":\"Spazi scolastici, dalla Regione 200 mila euro per il loro pieno utilizzo\"}]},{\"@type\":\"WebSite\",\"@id\":\"https:\\\/\\\/archiviocassano.lavocedelpaese.info\\\/#website\",\"url\":\"https:\\\/\\\/archiviocassano.lavocedelpaese.info\\\/\",\"name\":\"Archivio CassanoWeb\",\"description\":\"La Voce del Paese - un network di idee\",\"publisher\":{\"@id\":\"https:\\\/\\\/archiviocassano.lavocedelpaese.info\\\/#organization\"},\"potentialAction\":[{\"@type\":\"SearchAction\",\"target\":{\"@type\":\"EntryPoint\",\"urlTemplate\":\"https:\\\/\\\/archiviocassano.lavocedelpaese.info\\\/?s={search_term_string}\"},\"query-input\":{\"@type\":\"PropertyValueSpecification\",\"valueRequired\":true,\"valueName\":\"search_term_string\"}}],\"inLanguage\":\"it-IT\"},{\"@type\":\"Organization\",\"@id\":\"https:\\\/\\\/archiviocassano.lavocedelpaese.info\\\/#organization\",\"name\":\"Archivio CassanoWeb\",\"url\":\"https:\\\/\\\/archiviocassano.lavocedelpaese.info\\\/\",\"logo\":{\"@type\":\"ImageObject\",\"inLanguage\":\"it-IT\",\"@id\":\"https:\\\/\\\/archiviocassano.lavocedelpaese.info\\\/#\\\/schema\\\/logo\\\/image\\\/\",\"url\":\"https:\\\/\\\/archiviocassano.lavocedelpaese.info\\\/wp-content\\\/uploads\\\/2024\\\/08\\\/logo-rosso-2.png\",\"contentUrl\":\"https:\\\/\\\/archiviocassano.lavocedelpaese.info\\\/wp-content\\\/uploads\\\/2024\\\/08\\\/logo-rosso-2.png\",\"width\":491,\"height\":432,\"caption\":\"Archivio CassanoWeb\"},\"image\":{\"@id\":\"https:\\\/\\\/archiviocassano.lavocedelpaese.info\\\/#\\\/schema\\\/logo\\\/image\\\/\"},\"sameAs\":[\"https:\\\/\\\/www.facebook.com\\\/redazione.cassanoweb\"]},{\"@type\":\"Person\",\"@id\":\"https:\\\/\\\/archiviocassano.lavocedelpaese.info\\\/#\\\/schema\\\/person\\\/df195bc79a9b4c35127cf005f92e041b\",\"name\":\"admin\",\"image\":{\"@type\":\"ImageObject\",\"inLanguage\":\"it-IT\",\"@id\":\"https:\\\/\\\/secure.gravatar.com\\\/avatar\\\/eabba89a432e8eaa1b0207cc55f7e5340b22712b1ed80677efcf63e02ff5b235?s=96&d=mm&r=g\",\"url\":\"https:\\\/\\\/secure.gravatar.com\\\/avatar\\\/eabba89a432e8eaa1b0207cc55f7e5340b22712b1ed80677efcf63e02ff5b235?s=96&d=mm&r=g\",\"contentUrl\":\"https:\\\/\\\/secure.gravatar.com\\\/avatar\\\/eabba89a432e8eaa1b0207cc55f7e5340b22712b1ed80677efcf63e02ff5b235?s=96&d=mm&r=g\",\"caption\":\"admin\"},\"sameAs\":[\"https:\\\/\\\/archiviocassano.lavocedelpaese.info\"],\"url\":\"https:\\\/\\\/archiviocassano.lavocedelpaese.info\\\/index.php\\\/author\\\/admin_0qgz1xdp\\\/\"}]}<\/script>\n<!-- \/ Yoast SEO plugin. -->","yoast_head_json":{"title":"Spazi scolastici, dalla Regione 200 mila euro per il loro pieno utilizzo - Archivio CassanoWeb","robots":{"index":"index","follow":"follow","max-snippet":"max-snippet:-1","max-image-preview":"max-image-preview:large","max-video-preview":"max-video-preview:-1"},"canonical":"https:\/\/archiviocassano.lavocedelpaese.info\/index.php\/2019\/08\/19\/spazi-scolastici-dalla-regione-200-mila-euro-per-il-loro-pieno-utilizzo\/","og_locale":"it_IT","og_type":"article","og_title":"Spazi scolastici, dalla Regione 200 mila euro per il loro pieno utilizzo - Archivio CassanoWeb","og_url":"https:\/\/archiviocassano.lavocedelpaese.info\/index.php\/2019\/08\/19\/spazi-scolastici-dalla-regione-200-mila-euro-per-il-loro-pieno-utilizzo\/","og_site_name":"Archivio CassanoWeb","article_publisher":"https:\/\/www.facebook.com\/redazione.cassanoweb","article_published_time":"2019-08-19T15:34:03+00:00","og_image":[{"width":700,"height":370,"url":"https:\/\/archiviocassano.lavocedelpaese.info\/wp-content\/uploads\/2019\/08\/Scuola_aperta_1_1.png","type":"image\/png"}],"author":"admin","twitter_card":"summary_large_image","twitter_misc":{"Scritto da":"admin","Tempo di lettura stimato":"3 minuti"},"schema":{"@context":"https:\/\/schema.org","@graph":[{"@type":"Article","@id":"https:\/\/archiviocassano.lavocedelpaese.info\/index.php\/2019\/08\/19\/spazi-scolastici-dalla-regione-200-mila-euro-per-il-loro-pieno-utilizzo\/#article","isPartOf":{"@id":"https:\/\/archiviocassano.lavocedelpaese.info\/index.php\/2019\/08\/19\/spazi-scolastici-dalla-regione-200-mila-euro-per-il-loro-pieno-utilizzo\/"},"author":{"name":"admin","@id":"https:\/\/archiviocassano.lavocedelpaese.info\/#\/schema\/person\/df195bc79a9b4c35127cf005f92e041b"},"headline":"Spazi scolastici, dalla Regione 200 mila euro per il loro pieno utilizzo","datePublished":"2019-08-19T15:34:03+00:00","mainEntityOfPage":{"@id":"https:\/\/archiviocassano.lavocedelpaese.info\/index.php\/2019\/08\/19\/spazi-scolastici-dalla-regione-200-mila-euro-per-il-loro-pieno-utilizzo\/"},"wordCount":615,"commentCount":0,"publisher":{"@id":"https:\/\/archiviocassano.lavocedelpaese.info\/#organization"},"image":{"@id":"https:\/\/archiviocassano.lavocedelpaese.info\/index.php\/2019\/08\/19\/spazi-scolastici-dalla-regione-200-mila-euro-per-il-loro-pieno-utilizzo\/#primaryimage"},"thumbnailUrl":"https:\/\/archiviocassano.lavocedelpaese.info\/wp-content\/uploads\/2019\/08\/Scuola_aperta_1_1.png","articleSection":["Attualit\u00e0"],"inLanguage":"it-IT","potentialAction":[{"@type":"CommentAction","name":"Comment","target":["https:\/\/archiviocassano.lavocedelpaese.info\/index.php\/2019\/08\/19\/spazi-scolastici-dalla-regione-200-mila-euro-per-il-loro-pieno-utilizzo\/#respond"]}]},{"@type":"WebPage","@id":"https:\/\/archiviocassano.lavocedelpaese.info\/index.php\/2019\/08\/19\/spazi-scolastici-dalla-regione-200-mila-euro-per-il-loro-pieno-utilizzo\/","url":"https:\/\/archiviocassano.lavocedelpaese.info\/index.php\/2019\/08\/19\/spazi-scolastici-dalla-regione-200-mila-euro-per-il-loro-pieno-utilizzo\/","name":"Spazi scolastici, dalla Regione 200 mila euro per il loro pieno utilizzo - Archivio CassanoWeb","isPartOf":{"@id":"https:\/\/archiviocassano.lavocedelpaese.info\/#website"},"primaryImageOfPage":{"@id":"https:\/\/archiviocassano.lavocedelpaese.info\/index.php\/2019\/08\/19\/spazi-scolastici-dalla-regione-200-mila-euro-per-il-loro-pieno-utilizzo\/#primaryimage"},"image":{"@id":"https:\/\/archiviocassano.lavocedelpaese.info\/index.php\/2019\/08\/19\/spazi-scolastici-dalla-regione-200-mila-euro-per-il-loro-pieno-utilizzo\/#primaryimage"},"thumbnailUrl":"https:\/\/archiviocassano.lavocedelpaese.info\/wp-content\/uploads\/2019\/08\/Scuola_aperta_1_1.png","datePublished":"2019-08-19T15:34:03+00:00","breadcrumb":{"@id":"https:\/\/archiviocassano.lavocedelpaese.info\/index.php\/2019\/08\/19\/spazi-scolastici-dalla-regione-200-mila-euro-per-il-loro-pieno-utilizzo\/#breadcrumb"},"inLanguage":"it-IT","potentialAction":[{"@type":"ReadAction","target":["https:\/\/archiviocassano.lavocedelpaese.info\/index.php\/2019\/08\/19\/spazi-scolastici-dalla-regione-200-mila-euro-per-il-loro-pieno-utilizzo\/"]}]},{"@type":"ImageObject","inLanguage":"it-IT","@id":"https:\/\/archiviocassano.lavocedelpaese.info\/index.php\/2019\/08\/19\/spazi-scolastici-dalla-regione-200-mila-euro-per-il-loro-pieno-utilizzo\/#primaryimage","url":"https:\/\/archiviocassano.lavocedelpaese.info\/wp-content\/uploads\/2019\/08\/Scuola_aperta_1_1.png","contentUrl":"https:\/\/archiviocassano.lavocedelpaese.info\/wp-content\/uploads\/2019\/08\/Scuola_aperta_1_1.png","width":700,"height":370,"caption":"Scuola aperta 1 1"},{"@type":"BreadcrumbList","@id":"https:\/\/archiviocassano.lavocedelpaese.info\/index.php\/2019\/08\/19\/spazi-scolastici-dalla-regione-200-mila-euro-per-il-loro-pieno-utilizzo\/#breadcrumb","itemListElement":[{"@type":"ListItem","position":1,"name":"Home","item":"https:\/\/archiviocassano.lavocedelpaese.info\/"},{"@type":"ListItem","position":2,"name":"Spazi scolastici, dalla Regione 200 mila euro per il loro pieno utilizzo"}]},{"@type":"WebSite","@id":"https:\/\/archiviocassano.lavocedelpaese.info\/#website","url":"https:\/\/archiviocassano.lavocedelpaese.info\/","name":"Archivio CassanoWeb","description":"La Voce del Paese - un network di idee","publisher":{"@id":"https:\/\/archiviocassano.lavocedelpaese.info\/#organization"},"potentialAction":[{"@type":"SearchAction","target":{"@type":"EntryPoint","urlTemplate":"https:\/\/archiviocassano.lavocedelpaese.info\/?s={search_term_string}"},"query-input":{"@type":"PropertyValueSpecification","valueRequired":true,"valueName":"search_term_string"}}],"inLanguage":"it-IT"},{"@type":"Organization","@id":"https:\/\/archiviocassano.lavocedelpaese.info\/#organization","name":"Archivio CassanoWeb","url":"https:\/\/archiviocassano.lavocedelpaese.info\/","logo":{"@type":"ImageObject","inLanguage":"it-IT","@id":"https:\/\/archiviocassano.lavocedelpaese.info\/#\/schema\/logo\/image\/","url":"https:\/\/archiviocassano.lavocedelpaese.info\/wp-content\/uploads\/2024\/08\/logo-rosso-2.png","contentUrl":"https:\/\/archiviocassano.lavocedelpaese.info\/wp-content\/uploads\/2024\/08\/logo-rosso-2.png","width":491,"height":432,"caption":"Archivio CassanoWeb"},"image":{"@id":"https:\/\/archiviocassano.lavocedelpaese.info\/#\/schema\/logo\/image\/"},"sameAs":["https:\/\/www.facebook.com\/redazione.cassanoweb"]},{"@type":"Person","@id":"https:\/\/archiviocassano.lavocedelpaese.info\/#\/schema\/person\/df195bc79a9b4c35127cf005f92e041b","name":"admin","image":{"@type":"ImageObject","inLanguage":"it-IT","@id":"https:\/\/secure.gravatar.com\/avatar\/eabba89a432e8eaa1b0207cc55f7e5340b22712b1ed80677efcf63e02ff5b235?s=96&d=mm&r=g","url":"https:\/\/secure.gravatar.com\/avatar\/eabba89a432e8eaa1b0207cc55f7e5340b22712b1ed80677efcf63e02ff5b235?s=96&d=mm&r=g","contentUrl":"https:\/\/secure.gravatar.com\/avatar\/eabba89a432e8eaa1b0207cc55f7e5340b22712b1ed80677efcf63e02ff5b235?s=96&d=mm&r=g","caption":"admin"},"sameAs":["https:\/\/archiviocassano.lavocedelpaese.info"],"url":"https:\/\/archiviocassano.lavocedelpaese.info\/index.php\/author\/admin_0qgz1xdp\/"}]}},"_links":{"self":[{"href":"https:\/\/archiviocassano.lavocedelpaese.info\/index.php\/wp-json\/wp\/v2\/posts\/17870","targetHints":{"allow":["GET"]}}],"collection":[{"href":"https:\/\/archiviocassano.lavocedelpaese.info\/index.php\/wp-json\/wp\/v2\/posts"}],"about":[{"href":"https:\/\/archiviocassano.lavocedelpaese.info\/index.php\/wp-json\/wp\/v2\/types\/post"}],"author":[{"embeddable":true,"href":"https:\/\/archiviocassano.lavocedelpaese.info\/index.php\/wp-json\/wp\/v2\/users\/1"}],"replies":[{"embeddable":true,"href":"https:\/\/archiviocassano.lavocedelpaese.info\/index.php\/wp-json\/wp\/v2\/comments?post=17870"}],"version-history":[{"count":0,"href":"https:\/\/archiviocassano.lavocedelpaese.info\/index.php\/wp-json\/wp\/v2\/posts\/17870\/revisions"}],"wp:featuredmedia":[{"embeddable":true,"href":"https:\/\/archiviocassano.lavocedelpaese.info\/index.php\/wp-json\/wp\/v2\/media\/17869"}],"wp:attachment":[{"href":"https:\/\/archiviocassano.lavocedelpaese.info\/index.php\/wp-json\/wp\/v2\/media?parent=17870"}],"wp:term":[{"taxonomy":"category","embeddable":true,"href":"https:\/\/archiviocassano.lavocedelpaese.info\/index.php\/wp-json\/wp\/v2\/categories?post=17870"},{"taxonomy":"post_tag","embeddable":true,"href":"https:\/\/archiviocassano.lavocedelpaese.info\/index.php\/wp-json\/wp\/v2\/tags?post=17870"}],"curies":[{"name":"wp","href":"https:\/\/api.w.org\/{rel}","templated":true}]}}