{"id":17904,"date":"2019-08-26T13:17:29","date_gmt":"2019-08-26T13:17:29","guid":{"rendered":"https:\/\/archiviocassano.lavocedelpaese.info\/index.php\/2019\/08\/26\/street-art-il-comune-aderisce-al-progetto-della-regione-puglia\/"},"modified":"2019-08-26T13:17:29","modified_gmt":"2019-08-26T13:17:29","slug":"street-art-il-comune-aderisce-al-progetto-della-regione-puglia","status":"publish","type":"post","link":"https:\/\/archiviocassano.lavocedelpaese.info\/index.php\/2019\/08\/26\/street-art-il-comune-aderisce-al-progetto-della-regione-puglia\/","title":{"rendered":"Street-art, il Comune aderisce al progetto della Regione Puglia"},"content":{"rendered":"<p><img loading=\"lazy\" decoding=\"async\" class=\" size-full wp-image-17903\" src=\"https:\/\/archiviocassano.lavocedelpaese.info\/wp-content\/uploads\/2019\/08\/download_copy_copy_copy_copy_copy_copy_copy_copy_copy_copy.jpg\" width=\"320\" height=\"155\" alt=\"download copy copy copy copy copy copy copy copy copy copy\" style=\"margin-right: 2px; margin-left: 2px;\" \/><\/p>\n<p><!--more--><\/p>\n<p><p style=\"text-align: justify;\">&nbsp;\u201cAl fine di favorire percorsi di costruzione pubblica e collettiva degli spazi urbani, quali patrimonio sociale, civico e culturale, questa Amministrazione intende&nbsp; promuove e sostenere la Street Art quale forma espressiva in grado di divenire strumento a disposizione delle amministrazioni pubbliche per contribuire a rigenerare, riqualificare e valorizzare in chiave culturale luoghi e beni delle citt\u00e0, con particolare riferimento ad aree degradate o periferiche\u201d: lo scrive in una nota l\u2019Amministrazione Comunale cassanese.<\/p>\n<p style=\"text-align: justify;\">\u201cNello specifico \u2013 spiega la Sindaca Maria Pia Di Medio &#8211; questa Amministrazione ha individuato, quali luoghi di propriet\u00e0 dell&#8217;ente destinati alla <i>street art<\/i>:<\/p>\n<p style=\"text-align: justify;\">&#8211;&nbsp;&nbsp;&nbsp;&nbsp;&nbsp;&nbsp;&nbsp;&nbsp;&nbsp; <strong>il prospetto prospicente il parco Sacro Cuore della palazzina destinata ad alloggio popolare;<\/strong><strong><\/strong><\/p>\n<p style=\"text-align: justify;\">&#8211;&nbsp;&nbsp;&nbsp;&nbsp;&nbsp;&nbsp;&nbsp;&nbsp;&nbsp; <strong>le facciate laterali del plesso della scuola primaria dell&#8217;Istituto comprensivo \u201cPerotti Ruffo\u201d (via Gramsci-via XXV Aprile).<\/strong><strong><\/strong><\/p>\n<p style=\"text-align: justify;\"><strong>&nbsp;<\/strong><\/p>\n<p style=\"text-align: justify;\">Il bando regionale premia prioritariamente il genio creativo under 40 e le proposte che siano&nbsp; percorsi partecipativi e che coinvolgano i soggetti pubblici e privati con messaggi di valenza sociale e artistica, di longevit\u00e0 conservativa dell\u2019opera e di capacit\u00e0 di restituire alla fruizione collettiva spazi urbani marginali.<\/p>\n<p style=\"text-align: justify;\">Per quanto riguarda i temi, come da bando regionale<strong>&nbsp; <\/strong>\u201csono stati individuati i seguenti tre temi, che gli artisti dovranno sviluppare nelle loro opere, in coerenza con i principi ispiratori dello Statuto Regionale e collegati ad aspetti territoriali culturali e di attualit\u00e0, che consentano di creare un\u2019ampia partecipazione da parte dei cittadini:<\/p>\n<ul style=\"text-align: justify;\">\n<li>&nbsp;&nbsp;&nbsp;&nbsp;&nbsp;&nbsp;&nbsp;&nbsp;&nbsp;&nbsp;&nbsp;&nbsp;&nbsp;&nbsp;&nbsp;&nbsp;&nbsp;&nbsp;&nbsp;&nbsp; <strong>Pace<\/strong> Art. 1, comma 2, dello Statuto: \u201c<em>La Puglia, per la storia plurisecolare di culture, religiosit\u00e0, cristianit\u00e0 e laboriosit\u00e0 delle popolazioni che la abitano e per il carattere aperto e solare del suo territorio proteso sul mare, \u00e8 ponte dell\u2019Europa verso le genti del Levante e del Mediterraneo negli scambi culturali, economici e nelle azioni di pace<\/em>\u201d.\n<ul>\n<li>&nbsp;&nbsp;&nbsp;&nbsp;&nbsp;&nbsp;&nbsp;&nbsp;&nbsp;&nbsp;&nbsp;&nbsp;&nbsp;&nbsp;&nbsp;&nbsp;&nbsp;&nbsp;&nbsp;&nbsp; <strong>Solidariet\u00e0 ed accoglienza<\/strong> Art. 3 dello Statuto: \u201c<em>La Regione riconosce nella pace, nella solidariet\u00e0 e nell\u2019accoglienza, nello sviluppo umano e nella tutela delle differenze, anche di genere, altrettanti diritti fondamentali dei popoli e della persona, con particolare riferimento ai soggetti pi\u00f9 deboli, agli immigrati e ai diversamente abili<\/em>\u201d.<\/li>\n<li>&nbsp;&nbsp;&nbsp;&nbsp;&nbsp;&nbsp;&nbsp;&nbsp;&nbsp;&nbsp;&nbsp;&nbsp;&nbsp;&nbsp;&nbsp;&nbsp;&nbsp;&nbsp;&nbsp;&nbsp; <strong>Legame con i pugliesi emigrati<\/strong> Art. 4, comma 4 dello Statuto \u201c<em>La Regione valorizza il legame con i pugliesi emigrati<\/em>\u201d.<\/li>\n<\/ul>\n<\/li>\n<\/ul>\n<p style=\"text-align: justify;\"><strong>Scadenza Avviso<\/strong>:<\/p>\n<p style=\"text-align: justify;\">\u2013&nbsp;&nbsp;&nbsp;&nbsp;&nbsp;&nbsp;&nbsp;&nbsp;&nbsp;&nbsp;&nbsp;&nbsp;&nbsp;&nbsp;&nbsp;&nbsp;&nbsp;&nbsp;&nbsp; venerdi 05 settembre 2019 ore 13:00<\/p>\n<p style=\"text-align: justify;\"><strong>Presentazione delle domande<\/strong>:<\/p>\n<p style=\"text-align: justify;\">\u00e8 possibile visualizzare il bando regionale completo sul sito web: <a href=\"http:\/\/www.cartapulia.it\/partecipa-a...\">http:\/\/www.cartapulia.it\/partecipa-a&#8230;<\/a><\/p>\n<p style=\"text-align: justify;\">I soggetti interessati al presente avviso potranno presentare bozze dei progetti con brevi sinossi, preventivo di spesa, impatto dei materiali sull&#8217;ambiente ed ogni altro utile riferimento all&#8217;indirizzo web riportato. Il tutto dovr\u00e0 pervenire entro e non oltre il 5 settembre 2019 alle ore 13,00 all&#8217;indirizzo mail: <a href=\"mailto:segreteria@comune.cassanodellemurge.ba.it\">segreteria@comune.cassanodellemurge.ba.it<\/a> &nbsp;o <i>brevi manu<\/i> presso il protocollo della Casa comunale, piazza Moro.<\/p>\n<p style=\"text-align: justify;\">L&#8217;Amministrazione si riserva di istituire apposita commissione per la valutazione degli elaborati da inviare alla Regione al fine di ottenere il finanziamento\u201d, conclude la nota.<\/p>\n<p>&nbsp;<\/p>\n","protected":false},"excerpt":{"rendered":"","protected":false},"author":1,"featured_media":17903,"comment_status":"open","ping_status":"closed","sticky":false,"template":"","format":"standard","meta":{"colormag_page_container_layout":"default_layout","colormag_page_sidebar_layout":"default_layout","footnotes":""},"categories":[7],"tags":[],"class_list":["post-17904","post","type-post","status-publish","format-standard","has-post-thumbnail","hentry","category-attualita"],"yoast_head":"<!-- This site is optimized with the Yoast SEO plugin v27.5 - https:\/\/yoast.com\/product\/yoast-seo-wordpress\/ -->\n<title>Street-art, il Comune aderisce al progetto della Regione Puglia - Archivio CassanoWeb<\/title>\n<meta name=\"robots\" content=\"index, follow, max-snippet:-1, max-image-preview:large, max-video-preview:-1\" \/>\n<link rel=\"canonical\" href=\"https:\/\/archiviocassano.lavocedelpaese.info\/index.php\/2019\/08\/26\/street-art-il-comune-aderisce-al-progetto-della-regione-puglia\/\" \/>\n<meta property=\"og:locale\" content=\"it_IT\" \/>\n<meta property=\"og:type\" content=\"article\" \/>\n<meta property=\"og:title\" content=\"Street-art, il Comune aderisce al progetto della Regione Puglia - Archivio CassanoWeb\" \/>\n<meta property=\"og:url\" content=\"https:\/\/archiviocassano.lavocedelpaese.info\/index.php\/2019\/08\/26\/street-art-il-comune-aderisce-al-progetto-della-regione-puglia\/\" \/>\n<meta property=\"og:site_name\" content=\"Archivio CassanoWeb\" \/>\n<meta property=\"article:publisher\" content=\"https:\/\/www.facebook.com\/redazione.cassanoweb\" \/>\n<meta property=\"article:published_time\" content=\"2019-08-26T13:17:29+00:00\" \/>\n<meta property=\"og:image\" content=\"https:\/\/archiviocassano.lavocedelpaese.info\/wp-content\/uploads\/2019\/08\/download_copy_copy_copy_copy_copy_copy_copy_copy_copy_copy.jpg\" \/>\n\t<meta property=\"og:image:width\" content=\"171\" \/>\n\t<meta property=\"og:image:height\" content=\"83\" \/>\n\t<meta property=\"og:image:type\" content=\"image\/jpeg\" \/>\n<meta name=\"author\" content=\"admin\" \/>\n<meta name=\"twitter:card\" content=\"summary_large_image\" \/>\n<meta name=\"twitter:label1\" content=\"Scritto da\" \/>\n\t<meta name=\"twitter:data1\" content=\"admin\" \/>\n\t<meta name=\"twitter:label2\" content=\"Tempo di lettura stimato\" \/>\n\t<meta name=\"twitter:data2\" content=\"3 minuti\" \/>\n<script type=\"application\/ld+json\" class=\"yoast-schema-graph\">{\"@context\":\"https:\\\/\\\/schema.org\",\"@graph\":[{\"@type\":\"Article\",\"@id\":\"https:\\\/\\\/archiviocassano.lavocedelpaese.info\\\/index.php\\\/2019\\\/08\\\/26\\\/street-art-il-comune-aderisce-al-progetto-della-regione-puglia\\\/#article\",\"isPartOf\":{\"@id\":\"https:\\\/\\\/archiviocassano.lavocedelpaese.info\\\/index.php\\\/2019\\\/08\\\/26\\\/street-art-il-comune-aderisce-al-progetto-della-regione-puglia\\\/\"},\"author\":{\"name\":\"admin\",\"@id\":\"https:\\\/\\\/archiviocassano.lavocedelpaese.info\\\/#\\\/schema\\\/person\\\/df195bc79a9b4c35127cf005f92e041b\"},\"headline\":\"Street-art, il Comune aderisce al progetto della Regione Puglia\",\"datePublished\":\"2019-08-26T13:17:29+00:00\",\"mainEntityOfPage\":{\"@id\":\"https:\\\/\\\/archiviocassano.lavocedelpaese.info\\\/index.php\\\/2019\\\/08\\\/26\\\/street-art-il-comune-aderisce-al-progetto-della-regione-puglia\\\/\"},\"wordCount\":573,\"commentCount\":0,\"publisher\":{\"@id\":\"https:\\\/\\\/archiviocassano.lavocedelpaese.info\\\/#organization\"},\"image\":{\"@id\":\"https:\\\/\\\/archiviocassano.lavocedelpaese.info\\\/index.php\\\/2019\\\/08\\\/26\\\/street-art-il-comune-aderisce-al-progetto-della-regione-puglia\\\/#primaryimage\"},\"thumbnailUrl\":\"https:\\\/\\\/archiviocassano.lavocedelpaese.info\\\/wp-content\\\/uploads\\\/2019\\\/08\\\/download_copy_copy_copy_copy_copy_copy_copy_copy_copy_copy.jpg\",\"articleSection\":[\"Attualit\u00e0\"],\"inLanguage\":\"it-IT\",\"potentialAction\":[{\"@type\":\"CommentAction\",\"name\":\"Comment\",\"target\":[\"https:\\\/\\\/archiviocassano.lavocedelpaese.info\\\/index.php\\\/2019\\\/08\\\/26\\\/street-art-il-comune-aderisce-al-progetto-della-regione-puglia\\\/#respond\"]}]},{\"@type\":\"WebPage\",\"@id\":\"https:\\\/\\\/archiviocassano.lavocedelpaese.info\\\/index.php\\\/2019\\\/08\\\/26\\\/street-art-il-comune-aderisce-al-progetto-della-regione-puglia\\\/\",\"url\":\"https:\\\/\\\/archiviocassano.lavocedelpaese.info\\\/index.php\\\/2019\\\/08\\\/26\\\/street-art-il-comune-aderisce-al-progetto-della-regione-puglia\\\/\",\"name\":\"Street-art, il Comune aderisce al progetto della Regione Puglia - Archivio CassanoWeb\",\"isPartOf\":{\"@id\":\"https:\\\/\\\/archiviocassano.lavocedelpaese.info\\\/#website\"},\"primaryImageOfPage\":{\"@id\":\"https:\\\/\\\/archiviocassano.lavocedelpaese.info\\\/index.php\\\/2019\\\/08\\\/26\\\/street-art-il-comune-aderisce-al-progetto-della-regione-puglia\\\/#primaryimage\"},\"image\":{\"@id\":\"https:\\\/\\\/archiviocassano.lavocedelpaese.info\\\/index.php\\\/2019\\\/08\\\/26\\\/street-art-il-comune-aderisce-al-progetto-della-regione-puglia\\\/#primaryimage\"},\"thumbnailUrl\":\"https:\\\/\\\/archiviocassano.lavocedelpaese.info\\\/wp-content\\\/uploads\\\/2019\\\/08\\\/download_copy_copy_copy_copy_copy_copy_copy_copy_copy_copy.jpg\",\"datePublished\":\"2019-08-26T13:17:29+00:00\",\"breadcrumb\":{\"@id\":\"https:\\\/\\\/archiviocassano.lavocedelpaese.info\\\/index.php\\\/2019\\\/08\\\/26\\\/street-art-il-comune-aderisce-al-progetto-della-regione-puglia\\\/#breadcrumb\"},\"inLanguage\":\"it-IT\",\"potentialAction\":[{\"@type\":\"ReadAction\",\"target\":[\"https:\\\/\\\/archiviocassano.lavocedelpaese.info\\\/index.php\\\/2019\\\/08\\\/26\\\/street-art-il-comune-aderisce-al-progetto-della-regione-puglia\\\/\"]}]},{\"@type\":\"ImageObject\",\"inLanguage\":\"it-IT\",\"@id\":\"https:\\\/\\\/archiviocassano.lavocedelpaese.info\\\/index.php\\\/2019\\\/08\\\/26\\\/street-art-il-comune-aderisce-al-progetto-della-regione-puglia\\\/#primaryimage\",\"url\":\"https:\\\/\\\/archiviocassano.lavocedelpaese.info\\\/wp-content\\\/uploads\\\/2019\\\/08\\\/download_copy_copy_copy_copy_copy_copy_copy_copy_copy_copy.jpg\",\"contentUrl\":\"https:\\\/\\\/archiviocassano.lavocedelpaese.info\\\/wp-content\\\/uploads\\\/2019\\\/08\\\/download_copy_copy_copy_copy_copy_copy_copy_copy_copy_copy.jpg\",\"width\":171,\"height\":83,\"caption\":\"download copy copy copy copy copy copy copy copy copy copy\"},{\"@type\":\"BreadcrumbList\",\"@id\":\"https:\\\/\\\/archiviocassano.lavocedelpaese.info\\\/index.php\\\/2019\\\/08\\\/26\\\/street-art-il-comune-aderisce-al-progetto-della-regione-puglia\\\/#breadcrumb\",\"itemListElement\":[{\"@type\":\"ListItem\",\"position\":1,\"name\":\"Home\",\"item\":\"https:\\\/\\\/archiviocassano.lavocedelpaese.info\\\/\"},{\"@type\":\"ListItem\",\"position\":2,\"name\":\"Street-art, il Comune aderisce al progetto della Regione Puglia\"}]},{\"@type\":\"WebSite\",\"@id\":\"https:\\\/\\\/archiviocassano.lavocedelpaese.info\\\/#website\",\"url\":\"https:\\\/\\\/archiviocassano.lavocedelpaese.info\\\/\",\"name\":\"Archivio CassanoWeb\",\"description\":\"La Voce del Paese - un network di idee\",\"publisher\":{\"@id\":\"https:\\\/\\\/archiviocassano.lavocedelpaese.info\\\/#organization\"},\"potentialAction\":[{\"@type\":\"SearchAction\",\"target\":{\"@type\":\"EntryPoint\",\"urlTemplate\":\"https:\\\/\\\/archiviocassano.lavocedelpaese.info\\\/?s={search_term_string}\"},\"query-input\":{\"@type\":\"PropertyValueSpecification\",\"valueRequired\":true,\"valueName\":\"search_term_string\"}}],\"inLanguage\":\"it-IT\"},{\"@type\":\"Organization\",\"@id\":\"https:\\\/\\\/archiviocassano.lavocedelpaese.info\\\/#organization\",\"name\":\"Archivio CassanoWeb\",\"url\":\"https:\\\/\\\/archiviocassano.lavocedelpaese.info\\\/\",\"logo\":{\"@type\":\"ImageObject\",\"inLanguage\":\"it-IT\",\"@id\":\"https:\\\/\\\/archiviocassano.lavocedelpaese.info\\\/#\\\/schema\\\/logo\\\/image\\\/\",\"url\":\"https:\\\/\\\/archiviocassano.lavocedelpaese.info\\\/wp-content\\\/uploads\\\/2024\\\/08\\\/logo-rosso-2.png\",\"contentUrl\":\"https:\\\/\\\/archiviocassano.lavocedelpaese.info\\\/wp-content\\\/uploads\\\/2024\\\/08\\\/logo-rosso-2.png\",\"width\":491,\"height\":432,\"caption\":\"Archivio CassanoWeb\"},\"image\":{\"@id\":\"https:\\\/\\\/archiviocassano.lavocedelpaese.info\\\/#\\\/schema\\\/logo\\\/image\\\/\"},\"sameAs\":[\"https:\\\/\\\/www.facebook.com\\\/redazione.cassanoweb\"]},{\"@type\":\"Person\",\"@id\":\"https:\\\/\\\/archiviocassano.lavocedelpaese.info\\\/#\\\/schema\\\/person\\\/df195bc79a9b4c35127cf005f92e041b\",\"name\":\"admin\",\"image\":{\"@type\":\"ImageObject\",\"inLanguage\":\"it-IT\",\"@id\":\"https:\\\/\\\/secure.gravatar.com\\\/avatar\\\/eabba89a432e8eaa1b0207cc55f7e5340b22712b1ed80677efcf63e02ff5b235?s=96&d=mm&r=g\",\"url\":\"https:\\\/\\\/secure.gravatar.com\\\/avatar\\\/eabba89a432e8eaa1b0207cc55f7e5340b22712b1ed80677efcf63e02ff5b235?s=96&d=mm&r=g\",\"contentUrl\":\"https:\\\/\\\/secure.gravatar.com\\\/avatar\\\/eabba89a432e8eaa1b0207cc55f7e5340b22712b1ed80677efcf63e02ff5b235?s=96&d=mm&r=g\",\"caption\":\"admin\"},\"sameAs\":[\"https:\\\/\\\/archiviocassano.lavocedelpaese.info\"],\"url\":\"https:\\\/\\\/archiviocassano.lavocedelpaese.info\\\/index.php\\\/author\\\/admin_0qgz1xdp\\\/\"}]}<\/script>\n<!-- \/ Yoast SEO plugin. -->","yoast_head_json":{"title":"Street-art, il Comune aderisce al progetto della Regione Puglia - Archivio CassanoWeb","robots":{"index":"index","follow":"follow","max-snippet":"max-snippet:-1","max-image-preview":"max-image-preview:large","max-video-preview":"max-video-preview:-1"},"canonical":"https:\/\/archiviocassano.lavocedelpaese.info\/index.php\/2019\/08\/26\/street-art-il-comune-aderisce-al-progetto-della-regione-puglia\/","og_locale":"it_IT","og_type":"article","og_title":"Street-art, il Comune aderisce al progetto della Regione Puglia - Archivio CassanoWeb","og_url":"https:\/\/archiviocassano.lavocedelpaese.info\/index.php\/2019\/08\/26\/street-art-il-comune-aderisce-al-progetto-della-regione-puglia\/","og_site_name":"Archivio CassanoWeb","article_publisher":"https:\/\/www.facebook.com\/redazione.cassanoweb","article_published_time":"2019-08-26T13:17:29+00:00","og_image":[{"width":171,"height":83,"url":"https:\/\/archiviocassano.lavocedelpaese.info\/wp-content\/uploads\/2019\/08\/download_copy_copy_copy_copy_copy_copy_copy_copy_copy_copy.jpg","type":"image\/jpeg"}],"author":"admin","twitter_card":"summary_large_image","twitter_misc":{"Scritto da":"admin","Tempo di lettura stimato":"3 minuti"},"schema":{"@context":"https:\/\/schema.org","@graph":[{"@type":"Article","@id":"https:\/\/archiviocassano.lavocedelpaese.info\/index.php\/2019\/08\/26\/street-art-il-comune-aderisce-al-progetto-della-regione-puglia\/#article","isPartOf":{"@id":"https:\/\/archiviocassano.lavocedelpaese.info\/index.php\/2019\/08\/26\/street-art-il-comune-aderisce-al-progetto-della-regione-puglia\/"},"author":{"name":"admin","@id":"https:\/\/archiviocassano.lavocedelpaese.info\/#\/schema\/person\/df195bc79a9b4c35127cf005f92e041b"},"headline":"Street-art, il Comune aderisce al progetto della Regione Puglia","datePublished":"2019-08-26T13:17:29+00:00","mainEntityOfPage":{"@id":"https:\/\/archiviocassano.lavocedelpaese.info\/index.php\/2019\/08\/26\/street-art-il-comune-aderisce-al-progetto-della-regione-puglia\/"},"wordCount":573,"commentCount":0,"publisher":{"@id":"https:\/\/archiviocassano.lavocedelpaese.info\/#organization"},"image":{"@id":"https:\/\/archiviocassano.lavocedelpaese.info\/index.php\/2019\/08\/26\/street-art-il-comune-aderisce-al-progetto-della-regione-puglia\/#primaryimage"},"thumbnailUrl":"https:\/\/archiviocassano.lavocedelpaese.info\/wp-content\/uploads\/2019\/08\/download_copy_copy_copy_copy_copy_copy_copy_copy_copy_copy.jpg","articleSection":["Attualit\u00e0"],"inLanguage":"it-IT","potentialAction":[{"@type":"CommentAction","name":"Comment","target":["https:\/\/archiviocassano.lavocedelpaese.info\/index.php\/2019\/08\/26\/street-art-il-comune-aderisce-al-progetto-della-regione-puglia\/#respond"]}]},{"@type":"WebPage","@id":"https:\/\/archiviocassano.lavocedelpaese.info\/index.php\/2019\/08\/26\/street-art-il-comune-aderisce-al-progetto-della-regione-puglia\/","url":"https:\/\/archiviocassano.lavocedelpaese.info\/index.php\/2019\/08\/26\/street-art-il-comune-aderisce-al-progetto-della-regione-puglia\/","name":"Street-art, il Comune aderisce al progetto della Regione Puglia - Archivio CassanoWeb","isPartOf":{"@id":"https:\/\/archiviocassano.lavocedelpaese.info\/#website"},"primaryImageOfPage":{"@id":"https:\/\/archiviocassano.lavocedelpaese.info\/index.php\/2019\/08\/26\/street-art-il-comune-aderisce-al-progetto-della-regione-puglia\/#primaryimage"},"image":{"@id":"https:\/\/archiviocassano.lavocedelpaese.info\/index.php\/2019\/08\/26\/street-art-il-comune-aderisce-al-progetto-della-regione-puglia\/#primaryimage"},"thumbnailUrl":"https:\/\/archiviocassano.lavocedelpaese.info\/wp-content\/uploads\/2019\/08\/download_copy_copy_copy_copy_copy_copy_copy_copy_copy_copy.jpg","datePublished":"2019-08-26T13:17:29+00:00","breadcrumb":{"@id":"https:\/\/archiviocassano.lavocedelpaese.info\/index.php\/2019\/08\/26\/street-art-il-comune-aderisce-al-progetto-della-regione-puglia\/#breadcrumb"},"inLanguage":"it-IT","potentialAction":[{"@type":"ReadAction","target":["https:\/\/archiviocassano.lavocedelpaese.info\/index.php\/2019\/08\/26\/street-art-il-comune-aderisce-al-progetto-della-regione-puglia\/"]}]},{"@type":"ImageObject","inLanguage":"it-IT","@id":"https:\/\/archiviocassano.lavocedelpaese.info\/index.php\/2019\/08\/26\/street-art-il-comune-aderisce-al-progetto-della-regione-puglia\/#primaryimage","url":"https:\/\/archiviocassano.lavocedelpaese.info\/wp-content\/uploads\/2019\/08\/download_copy_copy_copy_copy_copy_copy_copy_copy_copy_copy.jpg","contentUrl":"https:\/\/archiviocassano.lavocedelpaese.info\/wp-content\/uploads\/2019\/08\/download_copy_copy_copy_copy_copy_copy_copy_copy_copy_copy.jpg","width":171,"height":83,"caption":"download copy copy copy copy copy copy copy copy copy copy"},{"@type":"BreadcrumbList","@id":"https:\/\/archiviocassano.lavocedelpaese.info\/index.php\/2019\/08\/26\/street-art-il-comune-aderisce-al-progetto-della-regione-puglia\/#breadcrumb","itemListElement":[{"@type":"ListItem","position":1,"name":"Home","item":"https:\/\/archiviocassano.lavocedelpaese.info\/"},{"@type":"ListItem","position":2,"name":"Street-art, il Comune aderisce al progetto della Regione Puglia"}]},{"@type":"WebSite","@id":"https:\/\/archiviocassano.lavocedelpaese.info\/#website","url":"https:\/\/archiviocassano.lavocedelpaese.info\/","name":"Archivio CassanoWeb","description":"La Voce del Paese - un network di idee","publisher":{"@id":"https:\/\/archiviocassano.lavocedelpaese.info\/#organization"},"potentialAction":[{"@type":"SearchAction","target":{"@type":"EntryPoint","urlTemplate":"https:\/\/archiviocassano.lavocedelpaese.info\/?s={search_term_string}"},"query-input":{"@type":"PropertyValueSpecification","valueRequired":true,"valueName":"search_term_string"}}],"inLanguage":"it-IT"},{"@type":"Organization","@id":"https:\/\/archiviocassano.lavocedelpaese.info\/#organization","name":"Archivio CassanoWeb","url":"https:\/\/archiviocassano.lavocedelpaese.info\/","logo":{"@type":"ImageObject","inLanguage":"it-IT","@id":"https:\/\/archiviocassano.lavocedelpaese.info\/#\/schema\/logo\/image\/","url":"https:\/\/archiviocassano.lavocedelpaese.info\/wp-content\/uploads\/2024\/08\/logo-rosso-2.png","contentUrl":"https:\/\/archiviocassano.lavocedelpaese.info\/wp-content\/uploads\/2024\/08\/logo-rosso-2.png","width":491,"height":432,"caption":"Archivio CassanoWeb"},"image":{"@id":"https:\/\/archiviocassano.lavocedelpaese.info\/#\/schema\/logo\/image\/"},"sameAs":["https:\/\/www.facebook.com\/redazione.cassanoweb"]},{"@type":"Person","@id":"https:\/\/archiviocassano.lavocedelpaese.info\/#\/schema\/person\/df195bc79a9b4c35127cf005f92e041b","name":"admin","image":{"@type":"ImageObject","inLanguage":"it-IT","@id":"https:\/\/secure.gravatar.com\/avatar\/eabba89a432e8eaa1b0207cc55f7e5340b22712b1ed80677efcf63e02ff5b235?s=96&d=mm&r=g","url":"https:\/\/secure.gravatar.com\/avatar\/eabba89a432e8eaa1b0207cc55f7e5340b22712b1ed80677efcf63e02ff5b235?s=96&d=mm&r=g","contentUrl":"https:\/\/secure.gravatar.com\/avatar\/eabba89a432e8eaa1b0207cc55f7e5340b22712b1ed80677efcf63e02ff5b235?s=96&d=mm&r=g","caption":"admin"},"sameAs":["https:\/\/archiviocassano.lavocedelpaese.info"],"url":"https:\/\/archiviocassano.lavocedelpaese.info\/index.php\/author\/admin_0qgz1xdp\/"}]}},"_links":{"self":[{"href":"https:\/\/archiviocassano.lavocedelpaese.info\/index.php\/wp-json\/wp\/v2\/posts\/17904","targetHints":{"allow":["GET"]}}],"collection":[{"href":"https:\/\/archiviocassano.lavocedelpaese.info\/index.php\/wp-json\/wp\/v2\/posts"}],"about":[{"href":"https:\/\/archiviocassano.lavocedelpaese.info\/index.php\/wp-json\/wp\/v2\/types\/post"}],"author":[{"embeddable":true,"href":"https:\/\/archiviocassano.lavocedelpaese.info\/index.php\/wp-json\/wp\/v2\/users\/1"}],"replies":[{"embeddable":true,"href":"https:\/\/archiviocassano.lavocedelpaese.info\/index.php\/wp-json\/wp\/v2\/comments?post=17904"}],"version-history":[{"count":0,"href":"https:\/\/archiviocassano.lavocedelpaese.info\/index.php\/wp-json\/wp\/v2\/posts\/17904\/revisions"}],"wp:featuredmedia":[{"embeddable":true,"href":"https:\/\/archiviocassano.lavocedelpaese.info\/index.php\/wp-json\/wp\/v2\/media\/17903"}],"wp:attachment":[{"href":"https:\/\/archiviocassano.lavocedelpaese.info\/index.php\/wp-json\/wp\/v2\/media?parent=17904"}],"wp:term":[{"taxonomy":"category","embeddable":true,"href":"https:\/\/archiviocassano.lavocedelpaese.info\/index.php\/wp-json\/wp\/v2\/categories?post=17904"},{"taxonomy":"post_tag","embeddable":true,"href":"https:\/\/archiviocassano.lavocedelpaese.info\/index.php\/wp-json\/wp\/v2\/tags?post=17904"}],"curies":[{"name":"wp","href":"https:\/\/api.w.org\/{rel}","templated":true}]}}