{"id":17909,"date":"2019-08-28T05:42:07","date_gmt":"2019-08-28T05:42:07","guid":{"rendered":"https:\/\/archiviocassano.lavocedelpaese.info\/index.php\/2019\/08\/28\/via-agli-open-days-di-gioventu-calcio-cassano-e-atletico\/"},"modified":"2019-08-28T05:42:07","modified_gmt":"2019-08-28T05:42:07","slug":"via-agli-open-days-di-gioventu-calcio-cassano-e-atletico","status":"publish","type":"post","link":"https:\/\/archiviocassano.lavocedelpaese.info\/index.php\/2019\/08\/28\/via-agli-open-days-di-gioventu-calcio-cassano-e-atletico\/","title":{"rendered":"Via agli Open Days di Giovent\u00f9 Calcio Cassano e Atletico"},"content":{"rendered":"<p><img loading=\"lazy\" decoding=\"async\" class=\" size-full wp-image-17908\" src=\"https:\/\/archiviocassano.lavocedelpaese.info\/wp-content\/uploads\/2019\/08\/locandina_gioventu_calcio_cassano_-_atletico_cassano_1.jpg\" width=\"320\" height=\"150\" alt=\"locandina giovent\u00f9 calcio cassano - atletico cassano 1\" style=\"margin-right: 2px; margin-left: 2px;\" \/><\/p>\n<p><!--more--><\/p>\n<p>&nbsp;<\/p>\n<p>La Giovent\u00f9 Calcio Cassano scalda i motori: la scuola calcio cassanese \u00e8 pronta a partire per una nuova, entusiasmante stagione cominciata ufficialmente \u00ecl 27 agosto, presso il Polisportivo Comunale di via Grumo, con il primo Open Day gratuito dedicato ai ragazzi dai 12 ai 17 anni che vorranno cimentarsi con le selezioni per le categorie Esordienti (2008-2009), Giovanissimi (2006-2005) e Allievi (2003-2004).<\/p>\n<p>Coloro che parteciperanno all\u2019Open Day avranno la possibilit\u00e0 di disputare i campionati delle categorie minori di Calcio a 5 grazie alla collaborazione, tra la Giovent\u00f9 Calcio Cassano e l\u2019Atletico Cassano che, di fatto, rende la scuola calcio bacino d\u2019utenza ufficiale per la societ\u00e0 del presidente Michele Ruggiero.<\/p>\n<p>Una collaborazione che ha gi\u00e0 dato i suoi frutti, poich\u00e9 diversi allievi della Giovent\u00f9 Calcio Cassano hanno esordito in prima squadra con l\u2019Atletico Cassano (andando anche in gol).<\/p>\n<p>Un risultato che riempie di orgoglio Giuseppe Quatraro, fondatore della Giovent\u00f9 Calcio Cassano: \u00ab<i>il nostro progetto sta finalmente prendendo piede<\/i> \u2013 afferma \u2013 <i>stiamo lavorando bene. La nostra scommessa \u00e8 quella di portare altri ragazzi in prima squadra. Il nostro obiettivo principale \u00e8 quello di far crescere i ragazzi del settore giovanile dal punto di vista sportivo, emotivo e sociale, farli divertire e, perch\u00e9 no, dargli una vetrina all\u2019altezza delle loro capacit\u00e0<\/i>\u00bb.<\/p>\n<p>Visto il gran numero di richieste, la Giovent\u00f9 Calcio Cassano, per rispondere alle necessit\u00e0 e ai gusti di tutti i ragazzi che parteciperanno agli Open Days, sta anche valutando la possibilit\u00e0 di partecipare al campionato Esordienti di Calcio a 9.<\/p>\n<p>Ma le attivit\u00e0 non si fermano ai ragazzi pi\u00f9 grandi. A settembre, infatti, si terranno altri Open Days riservati ai bambini dai 4 ai 10 anni: il 2 settembre sar\u00e0 il turno dei Piccoli Amici (2014-2013), il 3 settembre i Primi Calci (2011-2012), il 5 settembre i Pulcini (2009-2010).<\/p>\n<p>I tre Open Days si terranno tutti alle ore 17:00 presso il campo di calcetto dell\u2019Oratorio Santa Maria delle Grazie.<\/p>\n<p>Per questa dodicesima stagione di attivit\u00e0, inoltre, la Giovent\u00f9 Calcio Cassano ha in programma anche altre novit\u00e0: innanzitutto il ritorno a scuola, dopo l\u2019ottima esperienza dell\u2019anno scorso quando la scuola calcio ha svolto un progetto con gli alunni della Scuola Primaria, riportando cos\u00ec il calcio tra i banchi come attivit\u00e0 ludico-motoria; c\u2019\u00e8 poi la nascente collaborazione con l\u2019associazione sportiva \u201cDon Bosco\u201d di Santeramo in Colle che ha portato diversi ragazzi santermani ad allenarsi con la Giovent\u00f9 Calcio Cassano ed apre altre suggestive collaborazioni; infine, ma non per importanza, la scuola calcio cassanese vuole aprirsi al calcio femminile.<\/p>\n<p>\u00ab<i>Visto il grande successo della Nazionale Femminile<\/i> \u2013 spiega Quatraro \u2013 <i>ci auguriamo che sempre pi\u00f9 bambine si avvicinino a questo sport<\/i>\u00bb.<\/p>\n<p>Insomma, la determinazione non manca e l\u2019ambizione nemmeno, poich\u00e9 Quatraro ha un obiettivo ben chiaro: \u00ab<i>durante la stagione sportiva 2019-2020 vogliamo divertirci e far divertire i ragazzi ma anche pensare un po\u2019 pi\u00f9 in grande e provare a vincere i campionati a cui parteciperemo<\/i>\u00bb. Campionati che coinvolgeranno tutte le categorie.<\/p>\n<p>I ragazzi, durante gli Open Days, ma anche durante tutta la stagione, saranno seguiti dai mister Giuseppe Quatraro, Laura Parisi e Alem\u00e3o Glaeser, e da tutto lo staff della Serie A2 di Calcio a 5.<\/p>\n<p>Ma non \u00e8 escluso che, in caso di necessit\u00e0, la Giovent\u00f9 Calcio Cassano possa avvalersi di ulteriori tecnici qualificati che contribuiscano alla crescita umana, sportiva e sociale dei bambini e dei ragazzi cassanesi.<\/p><\/p>\n","protected":false},"excerpt":{"rendered":"","protected":false},"author":1,"featured_media":17908,"comment_status":"open","ping_status":"closed","sticky":false,"template":"","format":"standard","meta":{"colormag_page_container_layout":"default_layout","colormag_page_sidebar_layout":"default_layout","footnotes":""},"categories":[5],"tags":[],"class_list":["post-17909","post","type-post","status-publish","format-standard","has-post-thumbnail","hentry","category-sport"],"yoast_head":"<!-- This site is optimized with the Yoast SEO plugin v27.5 - https:\/\/yoast.com\/product\/yoast-seo-wordpress\/ -->\n<title>Via agli Open Days di Giovent\u00f9 Calcio Cassano e Atletico - Archivio CassanoWeb<\/title>\n<meta name=\"robots\" content=\"index, follow, max-snippet:-1, max-image-preview:large, max-video-preview:-1\" \/>\n<link rel=\"canonical\" href=\"https:\/\/archiviocassano.lavocedelpaese.info\/index.php\/2019\/08\/28\/via-agli-open-days-di-gioventu-calcio-cassano-e-atletico\/\" \/>\n<meta property=\"og:locale\" content=\"it_IT\" \/>\n<meta property=\"og:type\" content=\"article\" \/>\n<meta property=\"og:title\" content=\"Via agli Open Days di Giovent\u00f9 Calcio Cassano e Atletico - Archivio CassanoWeb\" \/>\n<meta property=\"og:url\" content=\"https:\/\/archiviocassano.lavocedelpaese.info\/index.php\/2019\/08\/28\/via-agli-open-days-di-gioventu-calcio-cassano-e-atletico\/\" \/>\n<meta property=\"og:site_name\" content=\"Archivio CassanoWeb\" \/>\n<meta property=\"article:publisher\" content=\"https:\/\/www.facebook.com\/redazione.cassanoweb\" \/>\n<meta property=\"article:published_time\" content=\"2019-08-28T05:42:07+00:00\" \/>\n<meta property=\"og:image\" content=\"https:\/\/archiviocassano.lavocedelpaese.info\/wp-content\/uploads\/2019\/08\/locandina_gioventu_calcio_cassano_-_atletico_cassano_1.jpg\" \/>\n\t<meta property=\"og:image:width\" content=\"1280\" \/>\n\t<meta property=\"og:image:height\" content=\"320\" \/>\n\t<meta property=\"og:image:type\" content=\"image\/jpeg\" \/>\n<meta name=\"author\" content=\"admin\" \/>\n<meta name=\"twitter:card\" content=\"summary_large_image\" \/>\n<meta name=\"twitter:label1\" content=\"Scritto da\" \/>\n\t<meta name=\"twitter:data1\" content=\"admin\" \/>\n\t<meta name=\"twitter:label2\" content=\"Tempo di lettura stimato\" \/>\n\t<meta name=\"twitter:data2\" content=\"3 minuti\" \/>\n<script type=\"application\/ld+json\" class=\"yoast-schema-graph\">{\"@context\":\"https:\\\/\\\/schema.org\",\"@graph\":[{\"@type\":\"Article\",\"@id\":\"https:\\\/\\\/archiviocassano.lavocedelpaese.info\\\/index.php\\\/2019\\\/08\\\/28\\\/via-agli-open-days-di-gioventu-calcio-cassano-e-atletico\\\/#article\",\"isPartOf\":{\"@id\":\"https:\\\/\\\/archiviocassano.lavocedelpaese.info\\\/index.php\\\/2019\\\/08\\\/28\\\/via-agli-open-days-di-gioventu-calcio-cassano-e-atletico\\\/\"},\"author\":{\"name\":\"admin\",\"@id\":\"https:\\\/\\\/archiviocassano.lavocedelpaese.info\\\/#\\\/schema\\\/person\\\/df195bc79a9b4c35127cf005f92e041b\"},\"headline\":\"Via agli Open Days di Giovent\u00f9 Calcio Cassano e Atletico\",\"datePublished\":\"2019-08-28T05:42:07+00:00\",\"mainEntityOfPage\":{\"@id\":\"https:\\\/\\\/archiviocassano.lavocedelpaese.info\\\/index.php\\\/2019\\\/08\\\/28\\\/via-agli-open-days-di-gioventu-calcio-cassano-e-atletico\\\/\"},\"wordCount\":557,\"commentCount\":0,\"publisher\":{\"@id\":\"https:\\\/\\\/archiviocassano.lavocedelpaese.info\\\/#organization\"},\"image\":{\"@id\":\"https:\\\/\\\/archiviocassano.lavocedelpaese.info\\\/index.php\\\/2019\\\/08\\\/28\\\/via-agli-open-days-di-gioventu-calcio-cassano-e-atletico\\\/#primaryimage\"},\"thumbnailUrl\":\"https:\\\/\\\/archiviocassano.lavocedelpaese.info\\\/wp-content\\\/uploads\\\/2019\\\/08\\\/locandina_gioventu_calcio_cassano_-_atletico_cassano_1.jpg\",\"articleSection\":[\"Sport\"],\"inLanguage\":\"it-IT\",\"potentialAction\":[{\"@type\":\"CommentAction\",\"name\":\"Comment\",\"target\":[\"https:\\\/\\\/archiviocassano.lavocedelpaese.info\\\/index.php\\\/2019\\\/08\\\/28\\\/via-agli-open-days-di-gioventu-calcio-cassano-e-atletico\\\/#respond\"]}]},{\"@type\":\"WebPage\",\"@id\":\"https:\\\/\\\/archiviocassano.lavocedelpaese.info\\\/index.php\\\/2019\\\/08\\\/28\\\/via-agli-open-days-di-gioventu-calcio-cassano-e-atletico\\\/\",\"url\":\"https:\\\/\\\/archiviocassano.lavocedelpaese.info\\\/index.php\\\/2019\\\/08\\\/28\\\/via-agli-open-days-di-gioventu-calcio-cassano-e-atletico\\\/\",\"name\":\"Via agli Open Days di Giovent\u00f9 Calcio Cassano e Atletico - Archivio CassanoWeb\",\"isPartOf\":{\"@id\":\"https:\\\/\\\/archiviocassano.lavocedelpaese.info\\\/#website\"},\"primaryImageOfPage\":{\"@id\":\"https:\\\/\\\/archiviocassano.lavocedelpaese.info\\\/index.php\\\/2019\\\/08\\\/28\\\/via-agli-open-days-di-gioventu-calcio-cassano-e-atletico\\\/#primaryimage\"},\"image\":{\"@id\":\"https:\\\/\\\/archiviocassano.lavocedelpaese.info\\\/index.php\\\/2019\\\/08\\\/28\\\/via-agli-open-days-di-gioventu-calcio-cassano-e-atletico\\\/#primaryimage\"},\"thumbnailUrl\":\"https:\\\/\\\/archiviocassano.lavocedelpaese.info\\\/wp-content\\\/uploads\\\/2019\\\/08\\\/locandina_gioventu_calcio_cassano_-_atletico_cassano_1.jpg\",\"datePublished\":\"2019-08-28T05:42:07+00:00\",\"breadcrumb\":{\"@id\":\"https:\\\/\\\/archiviocassano.lavocedelpaese.info\\\/index.php\\\/2019\\\/08\\\/28\\\/via-agli-open-days-di-gioventu-calcio-cassano-e-atletico\\\/#breadcrumb\"},\"inLanguage\":\"it-IT\",\"potentialAction\":[{\"@type\":\"ReadAction\",\"target\":[\"https:\\\/\\\/archiviocassano.lavocedelpaese.info\\\/index.php\\\/2019\\\/08\\\/28\\\/via-agli-open-days-di-gioventu-calcio-cassano-e-atletico\\\/\"]}]},{\"@type\":\"ImageObject\",\"inLanguage\":\"it-IT\",\"@id\":\"https:\\\/\\\/archiviocassano.lavocedelpaese.info\\\/index.php\\\/2019\\\/08\\\/28\\\/via-agli-open-days-di-gioventu-calcio-cassano-e-atletico\\\/#primaryimage\",\"url\":\"https:\\\/\\\/archiviocassano.lavocedelpaese.info\\\/wp-content\\\/uploads\\\/2019\\\/08\\\/locandina_gioventu_calcio_cassano_-_atletico_cassano_1.jpg\",\"contentUrl\":\"https:\\\/\\\/archiviocassano.lavocedelpaese.info\\\/wp-content\\\/uploads\\\/2019\\\/08\\\/locandina_gioventu_calcio_cassano_-_atletico_cassano_1.jpg\",\"width\":1280,\"height\":320,\"caption\":\"locandina giovent\u00f9 calcio cassano - atletico cassano 1\"},{\"@type\":\"BreadcrumbList\",\"@id\":\"https:\\\/\\\/archiviocassano.lavocedelpaese.info\\\/index.php\\\/2019\\\/08\\\/28\\\/via-agli-open-days-di-gioventu-calcio-cassano-e-atletico\\\/#breadcrumb\",\"itemListElement\":[{\"@type\":\"ListItem\",\"position\":1,\"name\":\"Home\",\"item\":\"https:\\\/\\\/archiviocassano.lavocedelpaese.info\\\/\"},{\"@type\":\"ListItem\",\"position\":2,\"name\":\"Via agli Open Days di Giovent\u00f9 Calcio Cassano e Atletico\"}]},{\"@type\":\"WebSite\",\"@id\":\"https:\\\/\\\/archiviocassano.lavocedelpaese.info\\\/#website\",\"url\":\"https:\\\/\\\/archiviocassano.lavocedelpaese.info\\\/\",\"name\":\"Archivio CassanoWeb\",\"description\":\"La Voce del Paese - un network di idee\",\"publisher\":{\"@id\":\"https:\\\/\\\/archiviocassano.lavocedelpaese.info\\\/#organization\"},\"potentialAction\":[{\"@type\":\"SearchAction\",\"target\":{\"@type\":\"EntryPoint\",\"urlTemplate\":\"https:\\\/\\\/archiviocassano.lavocedelpaese.info\\\/?s={search_term_string}\"},\"query-input\":{\"@type\":\"PropertyValueSpecification\",\"valueRequired\":true,\"valueName\":\"search_term_string\"}}],\"inLanguage\":\"it-IT\"},{\"@type\":\"Organization\",\"@id\":\"https:\\\/\\\/archiviocassano.lavocedelpaese.info\\\/#organization\",\"name\":\"Archivio CassanoWeb\",\"url\":\"https:\\\/\\\/archiviocassano.lavocedelpaese.info\\\/\",\"logo\":{\"@type\":\"ImageObject\",\"inLanguage\":\"it-IT\",\"@id\":\"https:\\\/\\\/archiviocassano.lavocedelpaese.info\\\/#\\\/schema\\\/logo\\\/image\\\/\",\"url\":\"https:\\\/\\\/archiviocassano.lavocedelpaese.info\\\/wp-content\\\/uploads\\\/2024\\\/08\\\/logo-rosso-2.png\",\"contentUrl\":\"https:\\\/\\\/archiviocassano.lavocedelpaese.info\\\/wp-content\\\/uploads\\\/2024\\\/08\\\/logo-rosso-2.png\",\"width\":491,\"height\":432,\"caption\":\"Archivio CassanoWeb\"},\"image\":{\"@id\":\"https:\\\/\\\/archiviocassano.lavocedelpaese.info\\\/#\\\/schema\\\/logo\\\/image\\\/\"},\"sameAs\":[\"https:\\\/\\\/www.facebook.com\\\/redazione.cassanoweb\"]},{\"@type\":\"Person\",\"@id\":\"https:\\\/\\\/archiviocassano.lavocedelpaese.info\\\/#\\\/schema\\\/person\\\/df195bc79a9b4c35127cf005f92e041b\",\"name\":\"admin\",\"image\":{\"@type\":\"ImageObject\",\"inLanguage\":\"it-IT\",\"@id\":\"https:\\\/\\\/secure.gravatar.com\\\/avatar\\\/eabba89a432e8eaa1b0207cc55f7e5340b22712b1ed80677efcf63e02ff5b235?s=96&d=mm&r=g\",\"url\":\"https:\\\/\\\/secure.gravatar.com\\\/avatar\\\/eabba89a432e8eaa1b0207cc55f7e5340b22712b1ed80677efcf63e02ff5b235?s=96&d=mm&r=g\",\"contentUrl\":\"https:\\\/\\\/secure.gravatar.com\\\/avatar\\\/eabba89a432e8eaa1b0207cc55f7e5340b22712b1ed80677efcf63e02ff5b235?s=96&d=mm&r=g\",\"caption\":\"admin\"},\"sameAs\":[\"https:\\\/\\\/archiviocassano.lavocedelpaese.info\"],\"url\":\"https:\\\/\\\/archiviocassano.lavocedelpaese.info\\\/index.php\\\/author\\\/admin_0qgz1xdp\\\/\"}]}<\/script>\n<!-- \/ Yoast SEO plugin. -->","yoast_head_json":{"title":"Via agli Open Days di Giovent\u00f9 Calcio Cassano e Atletico - Archivio CassanoWeb","robots":{"index":"index","follow":"follow","max-snippet":"max-snippet:-1","max-image-preview":"max-image-preview:large","max-video-preview":"max-video-preview:-1"},"canonical":"https:\/\/archiviocassano.lavocedelpaese.info\/index.php\/2019\/08\/28\/via-agli-open-days-di-gioventu-calcio-cassano-e-atletico\/","og_locale":"it_IT","og_type":"article","og_title":"Via agli Open Days di Giovent\u00f9 Calcio Cassano e Atletico - Archivio CassanoWeb","og_url":"https:\/\/archiviocassano.lavocedelpaese.info\/index.php\/2019\/08\/28\/via-agli-open-days-di-gioventu-calcio-cassano-e-atletico\/","og_site_name":"Archivio CassanoWeb","article_publisher":"https:\/\/www.facebook.com\/redazione.cassanoweb","article_published_time":"2019-08-28T05:42:07+00:00","og_image":[{"width":1280,"height":320,"url":"https:\/\/archiviocassano.lavocedelpaese.info\/wp-content\/uploads\/2019\/08\/locandina_gioventu_calcio_cassano_-_atletico_cassano_1.jpg","type":"image\/jpeg"}],"author":"admin","twitter_card":"summary_large_image","twitter_misc":{"Scritto da":"admin","Tempo di lettura stimato":"3 minuti"},"schema":{"@context":"https:\/\/schema.org","@graph":[{"@type":"Article","@id":"https:\/\/archiviocassano.lavocedelpaese.info\/index.php\/2019\/08\/28\/via-agli-open-days-di-gioventu-calcio-cassano-e-atletico\/#article","isPartOf":{"@id":"https:\/\/archiviocassano.lavocedelpaese.info\/index.php\/2019\/08\/28\/via-agli-open-days-di-gioventu-calcio-cassano-e-atletico\/"},"author":{"name":"admin","@id":"https:\/\/archiviocassano.lavocedelpaese.info\/#\/schema\/person\/df195bc79a9b4c35127cf005f92e041b"},"headline":"Via agli Open Days di Giovent\u00f9 Calcio Cassano e Atletico","datePublished":"2019-08-28T05:42:07+00:00","mainEntityOfPage":{"@id":"https:\/\/archiviocassano.lavocedelpaese.info\/index.php\/2019\/08\/28\/via-agli-open-days-di-gioventu-calcio-cassano-e-atletico\/"},"wordCount":557,"commentCount":0,"publisher":{"@id":"https:\/\/archiviocassano.lavocedelpaese.info\/#organization"},"image":{"@id":"https:\/\/archiviocassano.lavocedelpaese.info\/index.php\/2019\/08\/28\/via-agli-open-days-di-gioventu-calcio-cassano-e-atletico\/#primaryimage"},"thumbnailUrl":"https:\/\/archiviocassano.lavocedelpaese.info\/wp-content\/uploads\/2019\/08\/locandina_gioventu_calcio_cassano_-_atletico_cassano_1.jpg","articleSection":["Sport"],"inLanguage":"it-IT","potentialAction":[{"@type":"CommentAction","name":"Comment","target":["https:\/\/archiviocassano.lavocedelpaese.info\/index.php\/2019\/08\/28\/via-agli-open-days-di-gioventu-calcio-cassano-e-atletico\/#respond"]}]},{"@type":"WebPage","@id":"https:\/\/archiviocassano.lavocedelpaese.info\/index.php\/2019\/08\/28\/via-agli-open-days-di-gioventu-calcio-cassano-e-atletico\/","url":"https:\/\/archiviocassano.lavocedelpaese.info\/index.php\/2019\/08\/28\/via-agli-open-days-di-gioventu-calcio-cassano-e-atletico\/","name":"Via agli Open Days di Giovent\u00f9 Calcio Cassano e Atletico - Archivio CassanoWeb","isPartOf":{"@id":"https:\/\/archiviocassano.lavocedelpaese.info\/#website"},"primaryImageOfPage":{"@id":"https:\/\/archiviocassano.lavocedelpaese.info\/index.php\/2019\/08\/28\/via-agli-open-days-di-gioventu-calcio-cassano-e-atletico\/#primaryimage"},"image":{"@id":"https:\/\/archiviocassano.lavocedelpaese.info\/index.php\/2019\/08\/28\/via-agli-open-days-di-gioventu-calcio-cassano-e-atletico\/#primaryimage"},"thumbnailUrl":"https:\/\/archiviocassano.lavocedelpaese.info\/wp-content\/uploads\/2019\/08\/locandina_gioventu_calcio_cassano_-_atletico_cassano_1.jpg","datePublished":"2019-08-28T05:42:07+00:00","breadcrumb":{"@id":"https:\/\/archiviocassano.lavocedelpaese.info\/index.php\/2019\/08\/28\/via-agli-open-days-di-gioventu-calcio-cassano-e-atletico\/#breadcrumb"},"inLanguage":"it-IT","potentialAction":[{"@type":"ReadAction","target":["https:\/\/archiviocassano.lavocedelpaese.info\/index.php\/2019\/08\/28\/via-agli-open-days-di-gioventu-calcio-cassano-e-atletico\/"]}]},{"@type":"ImageObject","inLanguage":"it-IT","@id":"https:\/\/archiviocassano.lavocedelpaese.info\/index.php\/2019\/08\/28\/via-agli-open-days-di-gioventu-calcio-cassano-e-atletico\/#primaryimage","url":"https:\/\/archiviocassano.lavocedelpaese.info\/wp-content\/uploads\/2019\/08\/locandina_gioventu_calcio_cassano_-_atletico_cassano_1.jpg","contentUrl":"https:\/\/archiviocassano.lavocedelpaese.info\/wp-content\/uploads\/2019\/08\/locandina_gioventu_calcio_cassano_-_atletico_cassano_1.jpg","width":1280,"height":320,"caption":"locandina giovent\u00f9 calcio cassano - atletico cassano 1"},{"@type":"BreadcrumbList","@id":"https:\/\/archiviocassano.lavocedelpaese.info\/index.php\/2019\/08\/28\/via-agli-open-days-di-gioventu-calcio-cassano-e-atletico\/#breadcrumb","itemListElement":[{"@type":"ListItem","position":1,"name":"Home","item":"https:\/\/archiviocassano.lavocedelpaese.info\/"},{"@type":"ListItem","position":2,"name":"Via agli Open Days di Giovent\u00f9 Calcio Cassano e Atletico"}]},{"@type":"WebSite","@id":"https:\/\/archiviocassano.lavocedelpaese.info\/#website","url":"https:\/\/archiviocassano.lavocedelpaese.info\/","name":"Archivio CassanoWeb","description":"La Voce del Paese - un network di idee","publisher":{"@id":"https:\/\/archiviocassano.lavocedelpaese.info\/#organization"},"potentialAction":[{"@type":"SearchAction","target":{"@type":"EntryPoint","urlTemplate":"https:\/\/archiviocassano.lavocedelpaese.info\/?s={search_term_string}"},"query-input":{"@type":"PropertyValueSpecification","valueRequired":true,"valueName":"search_term_string"}}],"inLanguage":"it-IT"},{"@type":"Organization","@id":"https:\/\/archiviocassano.lavocedelpaese.info\/#organization","name":"Archivio CassanoWeb","url":"https:\/\/archiviocassano.lavocedelpaese.info\/","logo":{"@type":"ImageObject","inLanguage":"it-IT","@id":"https:\/\/archiviocassano.lavocedelpaese.info\/#\/schema\/logo\/image\/","url":"https:\/\/archiviocassano.lavocedelpaese.info\/wp-content\/uploads\/2024\/08\/logo-rosso-2.png","contentUrl":"https:\/\/archiviocassano.lavocedelpaese.info\/wp-content\/uploads\/2024\/08\/logo-rosso-2.png","width":491,"height":432,"caption":"Archivio CassanoWeb"},"image":{"@id":"https:\/\/archiviocassano.lavocedelpaese.info\/#\/schema\/logo\/image\/"},"sameAs":["https:\/\/www.facebook.com\/redazione.cassanoweb"]},{"@type":"Person","@id":"https:\/\/archiviocassano.lavocedelpaese.info\/#\/schema\/person\/df195bc79a9b4c35127cf005f92e041b","name":"admin","image":{"@type":"ImageObject","inLanguage":"it-IT","@id":"https:\/\/secure.gravatar.com\/avatar\/eabba89a432e8eaa1b0207cc55f7e5340b22712b1ed80677efcf63e02ff5b235?s=96&d=mm&r=g","url":"https:\/\/secure.gravatar.com\/avatar\/eabba89a432e8eaa1b0207cc55f7e5340b22712b1ed80677efcf63e02ff5b235?s=96&d=mm&r=g","contentUrl":"https:\/\/secure.gravatar.com\/avatar\/eabba89a432e8eaa1b0207cc55f7e5340b22712b1ed80677efcf63e02ff5b235?s=96&d=mm&r=g","caption":"admin"},"sameAs":["https:\/\/archiviocassano.lavocedelpaese.info"],"url":"https:\/\/archiviocassano.lavocedelpaese.info\/index.php\/author\/admin_0qgz1xdp\/"}]}},"_links":{"self":[{"href":"https:\/\/archiviocassano.lavocedelpaese.info\/index.php\/wp-json\/wp\/v2\/posts\/17909","targetHints":{"allow":["GET"]}}],"collection":[{"href":"https:\/\/archiviocassano.lavocedelpaese.info\/index.php\/wp-json\/wp\/v2\/posts"}],"about":[{"href":"https:\/\/archiviocassano.lavocedelpaese.info\/index.php\/wp-json\/wp\/v2\/types\/post"}],"author":[{"embeddable":true,"href":"https:\/\/archiviocassano.lavocedelpaese.info\/index.php\/wp-json\/wp\/v2\/users\/1"}],"replies":[{"embeddable":true,"href":"https:\/\/archiviocassano.lavocedelpaese.info\/index.php\/wp-json\/wp\/v2\/comments?post=17909"}],"version-history":[{"count":0,"href":"https:\/\/archiviocassano.lavocedelpaese.info\/index.php\/wp-json\/wp\/v2\/posts\/17909\/revisions"}],"wp:featuredmedia":[{"embeddable":true,"href":"https:\/\/archiviocassano.lavocedelpaese.info\/index.php\/wp-json\/wp\/v2\/media\/17908"}],"wp:attachment":[{"href":"https:\/\/archiviocassano.lavocedelpaese.info\/index.php\/wp-json\/wp\/v2\/media?parent=17909"}],"wp:term":[{"taxonomy":"category","embeddable":true,"href":"https:\/\/archiviocassano.lavocedelpaese.info\/index.php\/wp-json\/wp\/v2\/categories?post=17909"},{"taxonomy":"post_tag","embeddable":true,"href":"https:\/\/archiviocassano.lavocedelpaese.info\/index.php\/wp-json\/wp\/v2\/tags?post=17909"}],"curies":[{"name":"wp","href":"https:\/\/api.w.org\/{rel}","templated":true}]}}