{"id":17919,"date":"2019-08-30T11:11:51","date_gmt":"2019-08-30T11:11:51","guid":{"rendered":"https:\/\/archiviocassano.lavocedelpaese.info\/index.php\/2019\/08\/30\/scuola-media-il-comune-da-i-numeri-poi-si-corregge\/"},"modified":"2019-08-30T11:11:51","modified_gmt":"2019-08-30T11:11:51","slug":"scuola-media-il-comune-da-i-numeri-poi-si-corregge","status":"publish","type":"post","link":"https:\/\/archiviocassano.lavocedelpaese.info\/index.php\/2019\/08\/30\/scuola-media-il-comune-da-i-numeri-poi-si-corregge\/","title":{"rendered":"Scuola Media: il Comune d\u00e0 i numeri. Poi si corregge"},"content":{"rendered":"<p style=\"text-align: justify;\"><img loading=\"lazy\" decoding=\"async\" src=\"images\/stories\/archiviofoto\/municipio.jpg\" alt=\"municipio\" style=\"margin-right: 2px; margin-left: 2px;\" height=\"150\" width=\"320\" \/><\/p>\n<p><!--more--><\/p>\n<p>Sempre pi\u00f9 confusa la situazione relativa alla Scuola Media, a poche settimane dall&#8217;inizio delle lezioni.<\/p>\n<p>E chi dovrebbe diradare le nebbie, infondendo sicurezza (per quanto possibile) a genitori, studenti, insegnanti e personale amministrativo, a volte crea e solleva ulterori dubbi.<\/p>\n<p>Questa mattina l&#8217;Amministrazione Di Medio manda ai giornali un Comunicato Stampa, che lascia tutti i giornalisti perplessi: si parla, ad esempio, di lavori prescitti dalla ASL &#8220;gi\u00e0 fatti durante l&#8217;estate&#8221; quando invece nulla risulta a tal proposito; e sostanzialmente il comunicato smentisce quanto affermato nei giorni scorsi dalla Dirigente Scolastica Ippolita Lazazzera che, lo ricordiamo, \u00e8 un Pubblico Ufficlale dunque potenzialmente passibile di reato, qualora affermasse il falso.<\/p>\n<p>Leggete voi stessi:<\/p>\n<p>&nbsp;<\/p>\n<div><em>&#8220;Durante l\u2019incontro spontaneo organizzato da alcuni genitori degli alunni della scuola media &nbsp;\u00e8 intervenuto l\u2019assessore &nbsp;Michele Campanale in qualit\u00e0 di genitore. Ha avuto la possibilit\u00e0 di ribadire la massima attenzione ai nostri studenti soprattutto attraverso l\u2019istruzione, quale principio cardine per la crescita della nostra comunit\u00e0.<\/em><\/div>\n<div><em>Pertanto gli allarmismi di taluni urlatori che gridano alla staticit\u00e0 o peggio inettitudine dell\u2019amministrazione saranno puntualmente disattesi con l\u2019apertura regolare della scuola il 18 settembre prossimo. \u00c8 stato ribadito anche che, sebbene non vi sarebbero problemi ad espletare i lavori previsti da progetto ed a terminarli entro fine anno, termine entro cui \u00e8 previsto la conclusione, al fine di non creare disagi alle famiglie, e soprattutto al fine di tener fede alla promessa del sindaco di nessun doppi turni come richiesto dai genitori, l\u2019amministrazione ha facolt\u00e0 di chiedere la proroga dei consegna dei lavori. Per questo l\u2019ingegnere comunale, Domenico Satalino, venerd\u00ec 30 agosto, incontrer\u00e0 la Task force edilizia scolastica della regione Puglia. Pertanto vorremmo rasserenare gli animi e comunicare a chi invece \u201cgufa\u201d dicendo che i lavori non saranno espletati nei termini previsti o peggio che il finanziamento torner\u00e0 al mittente, che \u00e8 chiaro che la realt\u00e0 dei fatti \u00e8 di tutt\u2019altra natura: i lavori si faranno e senza alcun disagio per i docenti, i ragazzi e le loro famiglie con la proroga anche se non sar\u00e0 necessaria. A questo proposito ci fa specie e stigmatizziamo la presenza all\u2019incontro di ex politici non in qualit\u00e0 di genitori, ma di semplici sobillatori di popoli mossi dal becero intento di creare allarmismi inutili per un mero tornaconto personale.<\/em><\/div>\n<div><em>I lavori di messa in sicurezza, poi, saranno effettuati per tempo e riguarderanno alcuni ripristini murari. <strong>Quanto prescritto dalla Asl \u00e8 stato gi\u00e0 effettuato nei mesi scorsi.<\/strong><\/em><\/div>\n<div><em>Ci teniamo a comunicare che la struttura \u00e8 stabile, anche se vetusta, tanto \u00e8 vero che il giorno in cui c\u2019\u00e8 stato &nbsp;il terremoto, la struttura \u00e8 stata immediatamente monitorata e riaperta subito dopo il sopralluogo poich\u00e9 non vi era la presenza di alcuna lesione, esattamente come \u00e8 stato per le altre scuole di Cassano.<\/em><\/div>\n<div><em>Nella giornata di mercoled\u00ec \u00e8 avvenuto un nuovo sopralluogo da parte dei tecnici della ditta progettista. E ricordiamo, in conclusione, che gli interventi previsti dal progetto sono mere operazioni di restyling che nulla hanno a che vedere con la staticit\u00e0 della struttura o altro&#8221;.<\/em><\/div>\n<div><em>&nbsp;<\/em><\/div>\n<div>A parte la singoarit\u00e0 di rilasciare un documento a margine di un &#8220;incontro spontaneo&#8221; da parte di un Ente, \u00e8 chiaro che qui si dice molto e soprattutto il contrario di quanto detto dalla Preside Lazazzera solo qualche giorno fa (<a href=\"politica\/29167-la-lazazzera-alla-sindaca-qrispetti-gli-impegni-presiq.html\" target=\"_blank\" rel=\"noopener\">leggi l&#8217;articolo<\/a>).<\/div>\n<div>&nbsp;<\/div>\n<div>Non contenti, in Comune &#8211; accortisi dello svarione &#8211; provvedono a diffondere un secondo Comunicato. Che sostanzialmente ricalca il primo tranne che, ovviamente, nella parte riguardanti i lavori prescritti dall Asl:<\/div>\n<div>&nbsp;<\/div>\n<div>Eccolo:&nbsp;<\/div>\n<div>&nbsp;<\/div>\n<div>\n<div style=\"text-align: justify;\"><em>Durante l\u2019incontro spontaneo organizzato da alcuni genitori degli alunni della scuola media \u00e8 intervenuto l\u2019assessore Michele Campanale in qualit\u00e0 di genitore. Ha avuto la possibilit\u00e0 di ribadire la massima attenzione verso i nostri studenti soprattutto attraverso l\u2019istruzione, quale principio cardine per la crescita della nostra comunit\u00e0.<\/em><\/div>\n<div dir=\"ltr\" style=\"text-align: justify;\">&nbsp;<\/div>\n<div style=\"text-align: justify;\"><em>Pertanto gli allarmismi di taluni urlatori che gridano alla staticit\u00e0 o peggio inettitudine dell\u2019amministrazione saranno puntualmente disattesi con l\u2019apertura regolare della scuola il 18 settembre prossimo. \u00c8 stato ribadito anche che, sebbene non vi siano problemi ad espletare i lavori previsti da progetto ed a terminarli entro fine anno, termine entro cui \u00e8 prevista la conclusione, al fine di non creare disagi alle famiglie, e soprattutto al fine di tener fede alla promessa del sindaco di non effettuare doppi turni, cos\u00ec come richiesto dai genitori, l\u2019amministrazione ha facolt\u00e0 di chiedere la proroga di consegna dei lavori. Per questo l\u2019ingegnere comunale, Domenico Satalino, oggi, venerd\u00ec 30 agosto, incontrer\u00e0 la Task force edilizia scolastica della regione Puglia. Pertanto vorremmo rasserenare gli animi e comunicare a chi invece \u201cgufa\u201d dicendo che i lavori non saranno espletati nei termini previsti o peggio che il finanziamento torner\u00e0 al mittente, che \u00e8 chiaro che la realt\u00e0 dei fatti \u00e8 di tutt\u2019altra natura: i lavori si faranno e senza alcun disagio per i docenti, i ragazzi e le loro famiglie, con la proroga anche se non sar\u00e0 necessaria. A questo proposito ci fa specie e stigmatizziamo la presenza all\u2019incontro di ex politici non in qualit\u00e0 di genitori, ma di semplici sobillatori di popolo mossi dal becero intento di creare allarmismi inutili per un mero tornaconto personale.<\/em><\/div>\n<div dir=\"ltr\" style=\"text-align: justify;\">&nbsp;<\/div>\n<div style=\"text-align: justify;\"><em>I lavori di messa in sicurezza, poi, saranno effettuati per tempo e riguarderanno alcuni ripristini murari. <strong>Quanto prescritto dalla Asl \u00e8 stato gi\u00e0 effettuato in parte gi\u00e0 nei mesi scorsi.<\/strong><\/em><\/div>\n<div dir=\"ltr\" style=\"text-align: justify;\">&nbsp;<\/div>\n<div style=\"text-align: justify;\"><em>Ci teniamo a comunicare che la struttura \u00e8 stabile, anche se vetusta, tanto \u00e8 vero che il giorno in cui c\u2019\u00e8 stato il terremoto, la struttura \u00e8 stata immediatamente monitorata e riaperta subito dopo il sopralluogo poich\u00e9 non vi era la presenza di alcuna lesione, esattamente come \u00e8 stato per le altre scuole di Cassano.<\/em><\/div>\n<div dir=\"ltr\" style=\"text-align: justify;\">&nbsp;<\/div>\n<div style=\"text-align: justify;\"><em>Nella giornata di mercoled\u00ec \u00e8 avvenuto un nuovo sopralluogo da parte dei tecnici della ditta progettista. E ricordiamo, in conclusione, che gli interventi previsti dal progetto sono mere operazioni di restyling che nulla hanno a che vedere con la staticit\u00e0 della struttura o altro.<\/em><\/div>\n<div style=\"text-align: justify;\"><em>&nbsp;<\/em><\/div>\n<div style=\"text-align: justify;\">Lavori gi\u00e0 effettuati, dunque, che poi diventano in parte. Gi\u00e0: ma quali? Boh&#8230;.<\/div>\n<\/div>\n<div style=\"text-align: justify;\">&nbsp;<\/div>\n<div style=\"text-align: justify;\">&nbsp;<\/div>\n<p>&nbsp;<\/p>\n<p>&nbsp;<\/p>\n","protected":false},"excerpt":{"rendered":"","protected":false},"author":1,"featured_media":0,"comment_status":"open","ping_status":"closed","sticky":false,"template":"","format":"standard","meta":{"colormag_page_container_layout":"default_layout","colormag_page_sidebar_layout":"default_layout","footnotes":""},"categories":[4],"tags":[],"class_list":["post-17919","post","type-post","status-publish","format-standard","hentry","category-politica"],"yoast_head":"<!-- This site is optimized with the Yoast SEO plugin v27.5 - https:\/\/yoast.com\/product\/yoast-seo-wordpress\/ -->\n<title>Scuola Media: il Comune d\u00e0 i numeri. Poi si corregge - Archivio CassanoWeb<\/title>\n<meta name=\"robots\" content=\"index, follow, max-snippet:-1, max-image-preview:large, max-video-preview:-1\" \/>\n<link rel=\"canonical\" href=\"https:\/\/archiviocassano.lavocedelpaese.info\/index.php\/2019\/08\/30\/scuola-media-il-comune-da-i-numeri-poi-si-corregge\/\" \/>\n<meta property=\"og:locale\" content=\"it_IT\" \/>\n<meta property=\"og:type\" content=\"article\" \/>\n<meta property=\"og:title\" content=\"Scuola Media: il Comune d\u00e0 i numeri. Poi si corregge - Archivio CassanoWeb\" \/>\n<meta property=\"og:url\" content=\"https:\/\/archiviocassano.lavocedelpaese.info\/index.php\/2019\/08\/30\/scuola-media-il-comune-da-i-numeri-poi-si-corregge\/\" \/>\n<meta property=\"og:site_name\" content=\"Archivio CassanoWeb\" \/>\n<meta property=\"article:publisher\" content=\"https:\/\/www.facebook.com\/redazione.cassanoweb\" \/>\n<meta property=\"article:published_time\" content=\"2019-08-30T11:11:51+00:00\" \/>\n<meta name=\"author\" content=\"admin\" \/>\n<meta name=\"twitter:card\" content=\"summary_large_image\" \/>\n<meta name=\"twitter:label1\" content=\"Scritto da\" \/>\n\t<meta name=\"twitter:data1\" content=\"admin\" \/>\n\t<meta name=\"twitter:label2\" content=\"Tempo di lettura stimato\" \/>\n\t<meta name=\"twitter:data2\" content=\"5 minuti\" \/>\n<script type=\"application\/ld+json\" class=\"yoast-schema-graph\">{\"@context\":\"https:\\\/\\\/schema.org\",\"@graph\":[{\"@type\":\"Article\",\"@id\":\"https:\\\/\\\/archiviocassano.lavocedelpaese.info\\\/index.php\\\/2019\\\/08\\\/30\\\/scuola-media-il-comune-da-i-numeri-poi-si-corregge\\\/#article\",\"isPartOf\":{\"@id\":\"https:\\\/\\\/archiviocassano.lavocedelpaese.info\\\/index.php\\\/2019\\\/08\\\/30\\\/scuola-media-il-comune-da-i-numeri-poi-si-corregge\\\/\"},\"author\":{\"name\":\"admin\",\"@id\":\"https:\\\/\\\/archiviocassano.lavocedelpaese.info\\\/#\\\/schema\\\/person\\\/df195bc79a9b4c35127cf005f92e041b\"},\"headline\":\"Scuola Media: il Comune d\u00e0 i numeri. Poi si corregge\",\"datePublished\":\"2019-08-30T11:11:51+00:00\",\"mainEntityOfPage\":{\"@id\":\"https:\\\/\\\/archiviocassano.lavocedelpaese.info\\\/index.php\\\/2019\\\/08\\\/30\\\/scuola-media-il-comune-da-i-numeri-poi-si-corregge\\\/\"},\"wordCount\":1001,\"commentCount\":0,\"publisher\":{\"@id\":\"https:\\\/\\\/archiviocassano.lavocedelpaese.info\\\/#organization\"},\"articleSection\":[\"Politica\"],\"inLanguage\":\"it-IT\",\"potentialAction\":[{\"@type\":\"CommentAction\",\"name\":\"Comment\",\"target\":[\"https:\\\/\\\/archiviocassano.lavocedelpaese.info\\\/index.php\\\/2019\\\/08\\\/30\\\/scuola-media-il-comune-da-i-numeri-poi-si-corregge\\\/#respond\"]}]},{\"@type\":\"WebPage\",\"@id\":\"https:\\\/\\\/archiviocassano.lavocedelpaese.info\\\/index.php\\\/2019\\\/08\\\/30\\\/scuola-media-il-comune-da-i-numeri-poi-si-corregge\\\/\",\"url\":\"https:\\\/\\\/archiviocassano.lavocedelpaese.info\\\/index.php\\\/2019\\\/08\\\/30\\\/scuola-media-il-comune-da-i-numeri-poi-si-corregge\\\/\",\"name\":\"Scuola Media: il Comune d\u00e0 i numeri. Poi si corregge - Archivio CassanoWeb\",\"isPartOf\":{\"@id\":\"https:\\\/\\\/archiviocassano.lavocedelpaese.info\\\/#website\"},\"datePublished\":\"2019-08-30T11:11:51+00:00\",\"breadcrumb\":{\"@id\":\"https:\\\/\\\/archiviocassano.lavocedelpaese.info\\\/index.php\\\/2019\\\/08\\\/30\\\/scuola-media-il-comune-da-i-numeri-poi-si-corregge\\\/#breadcrumb\"},\"inLanguage\":\"it-IT\",\"potentialAction\":[{\"@type\":\"ReadAction\",\"target\":[\"https:\\\/\\\/archiviocassano.lavocedelpaese.info\\\/index.php\\\/2019\\\/08\\\/30\\\/scuola-media-il-comune-da-i-numeri-poi-si-corregge\\\/\"]}]},{\"@type\":\"BreadcrumbList\",\"@id\":\"https:\\\/\\\/archiviocassano.lavocedelpaese.info\\\/index.php\\\/2019\\\/08\\\/30\\\/scuola-media-il-comune-da-i-numeri-poi-si-corregge\\\/#breadcrumb\",\"itemListElement\":[{\"@type\":\"ListItem\",\"position\":1,\"name\":\"Home\",\"item\":\"https:\\\/\\\/archiviocassano.lavocedelpaese.info\\\/\"},{\"@type\":\"ListItem\",\"position\":2,\"name\":\"Scuola Media: il Comune d\u00e0 i numeri. Poi si corregge\"}]},{\"@type\":\"WebSite\",\"@id\":\"https:\\\/\\\/archiviocassano.lavocedelpaese.info\\\/#website\",\"url\":\"https:\\\/\\\/archiviocassano.lavocedelpaese.info\\\/\",\"name\":\"Archivio CassanoWeb\",\"description\":\"La Voce del Paese - un network di idee\",\"publisher\":{\"@id\":\"https:\\\/\\\/archiviocassano.lavocedelpaese.info\\\/#organization\"},\"potentialAction\":[{\"@type\":\"SearchAction\",\"target\":{\"@type\":\"EntryPoint\",\"urlTemplate\":\"https:\\\/\\\/archiviocassano.lavocedelpaese.info\\\/?s={search_term_string}\"},\"query-input\":{\"@type\":\"PropertyValueSpecification\",\"valueRequired\":true,\"valueName\":\"search_term_string\"}}],\"inLanguage\":\"it-IT\"},{\"@type\":\"Organization\",\"@id\":\"https:\\\/\\\/archiviocassano.lavocedelpaese.info\\\/#organization\",\"name\":\"Archivio CassanoWeb\",\"url\":\"https:\\\/\\\/archiviocassano.lavocedelpaese.info\\\/\",\"logo\":{\"@type\":\"ImageObject\",\"inLanguage\":\"it-IT\",\"@id\":\"https:\\\/\\\/archiviocassano.lavocedelpaese.info\\\/#\\\/schema\\\/logo\\\/image\\\/\",\"url\":\"https:\\\/\\\/archiviocassano.lavocedelpaese.info\\\/wp-content\\\/uploads\\\/2024\\\/08\\\/logo-rosso-2.png\",\"contentUrl\":\"https:\\\/\\\/archiviocassano.lavocedelpaese.info\\\/wp-content\\\/uploads\\\/2024\\\/08\\\/logo-rosso-2.png\",\"width\":491,\"height\":432,\"caption\":\"Archivio CassanoWeb\"},\"image\":{\"@id\":\"https:\\\/\\\/archiviocassano.lavocedelpaese.info\\\/#\\\/schema\\\/logo\\\/image\\\/\"},\"sameAs\":[\"https:\\\/\\\/www.facebook.com\\\/redazione.cassanoweb\"]},{\"@type\":\"Person\",\"@id\":\"https:\\\/\\\/archiviocassano.lavocedelpaese.info\\\/#\\\/schema\\\/person\\\/df195bc79a9b4c35127cf005f92e041b\",\"name\":\"admin\",\"image\":{\"@type\":\"ImageObject\",\"inLanguage\":\"it-IT\",\"@id\":\"https:\\\/\\\/secure.gravatar.com\\\/avatar\\\/eabba89a432e8eaa1b0207cc55f7e5340b22712b1ed80677efcf63e02ff5b235?s=96&d=mm&r=g\",\"url\":\"https:\\\/\\\/secure.gravatar.com\\\/avatar\\\/eabba89a432e8eaa1b0207cc55f7e5340b22712b1ed80677efcf63e02ff5b235?s=96&d=mm&r=g\",\"contentUrl\":\"https:\\\/\\\/secure.gravatar.com\\\/avatar\\\/eabba89a432e8eaa1b0207cc55f7e5340b22712b1ed80677efcf63e02ff5b235?s=96&d=mm&r=g\",\"caption\":\"admin\"},\"sameAs\":[\"https:\\\/\\\/archiviocassano.lavocedelpaese.info\"],\"url\":\"https:\\\/\\\/archiviocassano.lavocedelpaese.info\\\/index.php\\\/author\\\/admin_0qgz1xdp\\\/\"}]}<\/script>\n<!-- \/ Yoast SEO plugin. -->","yoast_head_json":{"title":"Scuola Media: il Comune d\u00e0 i numeri. Poi si corregge - Archivio CassanoWeb","robots":{"index":"index","follow":"follow","max-snippet":"max-snippet:-1","max-image-preview":"max-image-preview:large","max-video-preview":"max-video-preview:-1"},"canonical":"https:\/\/archiviocassano.lavocedelpaese.info\/index.php\/2019\/08\/30\/scuola-media-il-comune-da-i-numeri-poi-si-corregge\/","og_locale":"it_IT","og_type":"article","og_title":"Scuola Media: il Comune d\u00e0 i numeri. Poi si corregge - Archivio CassanoWeb","og_url":"https:\/\/archiviocassano.lavocedelpaese.info\/index.php\/2019\/08\/30\/scuola-media-il-comune-da-i-numeri-poi-si-corregge\/","og_site_name":"Archivio CassanoWeb","article_publisher":"https:\/\/www.facebook.com\/redazione.cassanoweb","article_published_time":"2019-08-30T11:11:51+00:00","author":"admin","twitter_card":"summary_large_image","twitter_misc":{"Scritto da":"admin","Tempo di lettura stimato":"5 minuti"},"schema":{"@context":"https:\/\/schema.org","@graph":[{"@type":"Article","@id":"https:\/\/archiviocassano.lavocedelpaese.info\/index.php\/2019\/08\/30\/scuola-media-il-comune-da-i-numeri-poi-si-corregge\/#article","isPartOf":{"@id":"https:\/\/archiviocassano.lavocedelpaese.info\/index.php\/2019\/08\/30\/scuola-media-il-comune-da-i-numeri-poi-si-corregge\/"},"author":{"name":"admin","@id":"https:\/\/archiviocassano.lavocedelpaese.info\/#\/schema\/person\/df195bc79a9b4c35127cf005f92e041b"},"headline":"Scuola Media: il Comune d\u00e0 i numeri. Poi si corregge","datePublished":"2019-08-30T11:11:51+00:00","mainEntityOfPage":{"@id":"https:\/\/archiviocassano.lavocedelpaese.info\/index.php\/2019\/08\/30\/scuola-media-il-comune-da-i-numeri-poi-si-corregge\/"},"wordCount":1001,"commentCount":0,"publisher":{"@id":"https:\/\/archiviocassano.lavocedelpaese.info\/#organization"},"articleSection":["Politica"],"inLanguage":"it-IT","potentialAction":[{"@type":"CommentAction","name":"Comment","target":["https:\/\/archiviocassano.lavocedelpaese.info\/index.php\/2019\/08\/30\/scuola-media-il-comune-da-i-numeri-poi-si-corregge\/#respond"]}]},{"@type":"WebPage","@id":"https:\/\/archiviocassano.lavocedelpaese.info\/index.php\/2019\/08\/30\/scuola-media-il-comune-da-i-numeri-poi-si-corregge\/","url":"https:\/\/archiviocassano.lavocedelpaese.info\/index.php\/2019\/08\/30\/scuola-media-il-comune-da-i-numeri-poi-si-corregge\/","name":"Scuola Media: il Comune d\u00e0 i numeri. Poi si corregge - Archivio CassanoWeb","isPartOf":{"@id":"https:\/\/archiviocassano.lavocedelpaese.info\/#website"},"datePublished":"2019-08-30T11:11:51+00:00","breadcrumb":{"@id":"https:\/\/archiviocassano.lavocedelpaese.info\/index.php\/2019\/08\/30\/scuola-media-il-comune-da-i-numeri-poi-si-corregge\/#breadcrumb"},"inLanguage":"it-IT","potentialAction":[{"@type":"ReadAction","target":["https:\/\/archiviocassano.lavocedelpaese.info\/index.php\/2019\/08\/30\/scuola-media-il-comune-da-i-numeri-poi-si-corregge\/"]}]},{"@type":"BreadcrumbList","@id":"https:\/\/archiviocassano.lavocedelpaese.info\/index.php\/2019\/08\/30\/scuola-media-il-comune-da-i-numeri-poi-si-corregge\/#breadcrumb","itemListElement":[{"@type":"ListItem","position":1,"name":"Home","item":"https:\/\/archiviocassano.lavocedelpaese.info\/"},{"@type":"ListItem","position":2,"name":"Scuola Media: il Comune d\u00e0 i numeri. Poi si corregge"}]},{"@type":"WebSite","@id":"https:\/\/archiviocassano.lavocedelpaese.info\/#website","url":"https:\/\/archiviocassano.lavocedelpaese.info\/","name":"Archivio CassanoWeb","description":"La Voce del Paese - un network di idee","publisher":{"@id":"https:\/\/archiviocassano.lavocedelpaese.info\/#organization"},"potentialAction":[{"@type":"SearchAction","target":{"@type":"EntryPoint","urlTemplate":"https:\/\/archiviocassano.lavocedelpaese.info\/?s={search_term_string}"},"query-input":{"@type":"PropertyValueSpecification","valueRequired":true,"valueName":"search_term_string"}}],"inLanguage":"it-IT"},{"@type":"Organization","@id":"https:\/\/archiviocassano.lavocedelpaese.info\/#organization","name":"Archivio CassanoWeb","url":"https:\/\/archiviocassano.lavocedelpaese.info\/","logo":{"@type":"ImageObject","inLanguage":"it-IT","@id":"https:\/\/archiviocassano.lavocedelpaese.info\/#\/schema\/logo\/image\/","url":"https:\/\/archiviocassano.lavocedelpaese.info\/wp-content\/uploads\/2024\/08\/logo-rosso-2.png","contentUrl":"https:\/\/archiviocassano.lavocedelpaese.info\/wp-content\/uploads\/2024\/08\/logo-rosso-2.png","width":491,"height":432,"caption":"Archivio CassanoWeb"},"image":{"@id":"https:\/\/archiviocassano.lavocedelpaese.info\/#\/schema\/logo\/image\/"},"sameAs":["https:\/\/www.facebook.com\/redazione.cassanoweb"]},{"@type":"Person","@id":"https:\/\/archiviocassano.lavocedelpaese.info\/#\/schema\/person\/df195bc79a9b4c35127cf005f92e041b","name":"admin","image":{"@type":"ImageObject","inLanguage":"it-IT","@id":"https:\/\/secure.gravatar.com\/avatar\/eabba89a432e8eaa1b0207cc55f7e5340b22712b1ed80677efcf63e02ff5b235?s=96&d=mm&r=g","url":"https:\/\/secure.gravatar.com\/avatar\/eabba89a432e8eaa1b0207cc55f7e5340b22712b1ed80677efcf63e02ff5b235?s=96&d=mm&r=g","contentUrl":"https:\/\/secure.gravatar.com\/avatar\/eabba89a432e8eaa1b0207cc55f7e5340b22712b1ed80677efcf63e02ff5b235?s=96&d=mm&r=g","caption":"admin"},"sameAs":["https:\/\/archiviocassano.lavocedelpaese.info"],"url":"https:\/\/archiviocassano.lavocedelpaese.info\/index.php\/author\/admin_0qgz1xdp\/"}]}},"_links":{"self":[{"href":"https:\/\/archiviocassano.lavocedelpaese.info\/index.php\/wp-json\/wp\/v2\/posts\/17919","targetHints":{"allow":["GET"]}}],"collection":[{"href":"https:\/\/archiviocassano.lavocedelpaese.info\/index.php\/wp-json\/wp\/v2\/posts"}],"about":[{"href":"https:\/\/archiviocassano.lavocedelpaese.info\/index.php\/wp-json\/wp\/v2\/types\/post"}],"author":[{"embeddable":true,"href":"https:\/\/archiviocassano.lavocedelpaese.info\/index.php\/wp-json\/wp\/v2\/users\/1"}],"replies":[{"embeddable":true,"href":"https:\/\/archiviocassano.lavocedelpaese.info\/index.php\/wp-json\/wp\/v2\/comments?post=17919"}],"version-history":[{"count":0,"href":"https:\/\/archiviocassano.lavocedelpaese.info\/index.php\/wp-json\/wp\/v2\/posts\/17919\/revisions"}],"wp:attachment":[{"href":"https:\/\/archiviocassano.lavocedelpaese.info\/index.php\/wp-json\/wp\/v2\/media?parent=17919"}],"wp:term":[{"taxonomy":"category","embeddable":true,"href":"https:\/\/archiviocassano.lavocedelpaese.info\/index.php\/wp-json\/wp\/v2\/categories?post=17919"},{"taxonomy":"post_tag","embeddable":true,"href":"https:\/\/archiviocassano.lavocedelpaese.info\/index.php\/wp-json\/wp\/v2\/tags?post=17919"}],"curies":[{"name":"wp","href":"https:\/\/api.w.org\/{rel}","templated":true}]}}