{"id":17964,"date":"2019-09-13T17:30:35","date_gmt":"2019-09-13T17:30:35","guid":{"rendered":"https:\/\/archiviocassano.lavocedelpaese.info\/index.php\/2019\/09\/13\/io-genitore-di-alunni-con-lo-zaino-dovro-spiegare-ai-mie-figli-la-differenza-dai-loro-compagni\/"},"modified":"2019-09-13T17:30:35","modified_gmt":"2019-09-13T17:30:35","slug":"io-genitore-di-alunni-con-lo-zaino-dovro-spiegare-ai-mie-figli-la-differenza-dai-loro-compagni","status":"publish","type":"post","link":"https:\/\/archiviocassano.lavocedelpaese.info\/index.php\/2019\/09\/13\/io-genitore-di-alunni-con-lo-zaino-dovro-spiegare-ai-mie-figli-la-differenza-dai-loro-compagni\/","title":{"rendered":"Io, genitore di alunni \u201ccon lo zaino\u201d dico che&#8230;"},"content":{"rendered":"<p style=\"text-align: justify;\"><img loading=\"lazy\" decoding=\"async\" src=\"https:\/\/live.staticflickr.com\/65535\/48727988152_4635a97f7a_n.jpg\" alt=\"senza zaino\" width=\"320\" height=\"160\" \/><\/p>\n<p><!--more--><\/p>\n<p style=\"text-align: justify;\"><em>Da un genitore cassanese (la cui identit\u00e0 \u00e8 nota a questa Redazione), padre di due bambini, riceviamo e pubblichiamo una riflessione su cosa succede agli alunni che non frequentano la \u201cscuola senza zaino\u201d ovvero i bambini che seguono il metodo tradizionale di insegnamento presso l\u2019Istituto Comprensivo \u201cPerotti-Ruffo\u201d<\/em><\/p>\n<p style=\"text-align: justify;\"><em>Una riflessione pacata, seppur severa, che ospitiamo senza necessariamente condividerne il contenuto e che speriamo apra un dibattito \u2013 sereno e costruttivo \u2013 sulle modalit\u00e0 di accoglienza e didattica all\u2019interno della scuola cassanese, pur nella distinzione sacrosanta dei ruoli e delle competenze di ciascuno.<\/em><\/p>\n<p style=\"text-align: right;\"><strong>La Redazione<\/strong><\/p>\n<p style=\"text-align: right;\"><strong>&nbsp;<\/strong><\/p>\n<p style=\"text-align: justify;\">Sono un genitore di due bambini che frequentano la suola elementare (primaria) di via Convento.<\/p>\n<p style=\"text-align: justify;\">Sul sito istituzionale della scuola \u00e8 stato pubblicato il programma che vedr\u00e0 avviare il prossimo anno scolastico.<\/p>\n<p style=\"text-align: justify;\">Come ormai noto, da un po\u2019 di anni la scuola ha inserito il programma &#8220;scuola senza zaino&#8221;, come nuovo metodo di insegnamento e lasciando ai genitori la scelta di iscrivere i propri figli per il metodo tradizionale e il metodo senza zaino. .<\/p>\n<p style=\"text-align: justify;\">E&#8217; sotto gli occhi di tutti che il nuovo metodo \u00e8 stato fortissimamente voluto e spinto dalla scuola arrivando a far si che un paio di anni fa non si riusc\u00ec a costituire una sola classe con il metodo tradizionale.<\/p>\n<p style=\"text-align: justify;\">Per la promozione del metodo &#8220;senza zaino&#8221; la scuola si \u00e8 mossa affinch\u00e9 tutto il progetto godesse di ogni &#8220;cosa bella&#8221; per questo prevista: arredi, aule rifatte, ampie e luminose, materiale didattico speciale etc, chiedendo al fine il contributo economico ai genitori ed anche cercando sponsor alle aziende locali.<\/p>\n<p style=\"text-align: justify;\">Non altrettanto \u00e8 stato fatto per le classi che ospitano e ospitavano i bambini che seguono il &#8220;metodo tradizionale&#8221;.<\/p>\n<p style=\"text-align: justify;\">Orbene, senza entrare nel merito riguardo la valutazione della validit\u00e0 del tipo d&#8217;insegnamento (che solo il tempo potr\u00e0 dare), si \u00e8 avuto modo di osservare che le classi che hanno seguito e seguono il metodo tradizionale, sono state declassificate, lasciando loro le briciole di quello che resta e restava di ci\u00f2 che non appartiene al &#8220;senza zaino&#8221;.<\/p>\n<p style=\"text-align: justify;\">Le loro aule sono pi\u00f9 piccole, meno luminose e meno curate, i loro arredi sono datati etc&#8230;<\/p>\n<p style=\"text-align: justify;\">Quest&#8217;anno, ma anche in quelli passati, si \u00e8 assistito anche un modo diverso di accogliere i bambini che iniziano il loro percorso scolastico: i bambini che frequentano il &#8220;senza zaino&#8221; fanno le feste, le manifestazioni di accoglimento (fino allo scorso anno anche in piazza con tanto di lancio di palloncini), mentre gli altri quelli &#8220;tradizionali&#8221; no; entrano in classe (quest&#8217;anno anche pi\u00f9 tardi perch\u00e9 gli altri festeggiano!!!!) e, fatte le presentazioni iniziano le lezioni!<\/p>\n<p style=\"text-align: justify;\">Passi che il sito istituzionale della scuola pubblichi le foto delle aule migliori (bisogna vendere il prodotto!!!); ed anche qui esiste diversit\u00e0 tra un plesso scolastico e l&#8217;altro, ma almeno l&#8217;inizio scolastico sia uguale per tutti!<\/p>\n<p style=\"text-align: justify;\">Perch\u00e9 la diversit\u00e0 di trattamento finanche sull&#8217;accoglienza? Qual \u00e8 il motivo? I bambini non sono uguali? Non hanno gli stessi diritti? Non devono avere le stesse dotazioni? Cosa centra il metodo d&#8217;insegnamento ed apprendimento con il resto del mondo scuola? Perch\u00e9 i bambini &#8220;tradizionali&#8221; devono &#8220;subire questa discriminazione?<\/p>\n<p style=\"text-align: justify;\">Si parla di inclusione, di condivisione e tante altre belle parole che dovrebbero avvicinare e non dividere&#8230;ma i fatti non sono opposti&#8230;<\/p>\n<p style=\"text-align: justify;\">E&#8217; vero, forse, che anche la scuola segue il governo del paese; \u00e8 vero, forse, che a scuola s&#8217;inizia a fare politica&#8230; \u00e8 vero, forse, che s&#8217;inizia da piccoli ad essere, a diventare&#8230;.che peccato!<\/p>\n<p style=\"text-align: justify;\">Cercher\u00f2 le parole migliori per spiegare la differenza ai miei figli e spero di riuscirci.<\/p>\n<p style=\"text-align: right;\"><strong>Un genitore<\/strong><\/p>\n","protected":false},"excerpt":{"rendered":"","protected":false},"author":1,"featured_media":0,"comment_status":"open","ping_status":"closed","sticky":false,"template":"","format":"standard","meta":{"colormag_page_container_layout":"default_layout","colormag_page_sidebar_layout":"default_layout","footnotes":""},"categories":[9],"tags":[],"class_list":["post-17964","post","type-post","status-publish","format-standard","hentry","category-la-voce-del-paese"],"yoast_head":"<!-- This site is optimized with the Yoast SEO plugin v27.5 - https:\/\/yoast.com\/product\/yoast-seo-wordpress\/ -->\n<title>Io, genitore di alunni \u201ccon lo zaino\u201d dico che... - Archivio CassanoWeb<\/title>\n<meta name=\"robots\" content=\"index, follow, max-snippet:-1, max-image-preview:large, max-video-preview:-1\" \/>\n<link rel=\"canonical\" href=\"https:\/\/archiviocassano.lavocedelpaese.info\/index.php\/2019\/09\/13\/io-genitore-di-alunni-con-lo-zaino-dovro-spiegare-ai-mie-figli-la-differenza-dai-loro-compagni\/\" \/>\n<meta property=\"og:locale\" content=\"it_IT\" \/>\n<meta property=\"og:type\" content=\"article\" \/>\n<meta property=\"og:title\" content=\"Io, genitore di alunni \u201ccon lo zaino\u201d dico che... - Archivio CassanoWeb\" \/>\n<meta property=\"og:url\" content=\"https:\/\/archiviocassano.lavocedelpaese.info\/index.php\/2019\/09\/13\/io-genitore-di-alunni-con-lo-zaino-dovro-spiegare-ai-mie-figli-la-differenza-dai-loro-compagni\/\" \/>\n<meta property=\"og:site_name\" content=\"Archivio CassanoWeb\" \/>\n<meta property=\"article:publisher\" content=\"https:\/\/www.facebook.com\/redazione.cassanoweb\" \/>\n<meta property=\"article:published_time\" content=\"2019-09-13T17:30:35+00:00\" \/>\n<meta property=\"og:image\" content=\"https:\/\/live.staticflickr.com\/65535\/48727988152_4635a97f7a_n.jpg\" \/>\n<meta name=\"author\" content=\"admin\" \/>\n<meta name=\"twitter:card\" content=\"summary_large_image\" \/>\n<meta name=\"twitter:label1\" content=\"Scritto da\" \/>\n\t<meta name=\"twitter:data1\" content=\"admin\" \/>\n\t<meta name=\"twitter:label2\" content=\"Tempo di lettura stimato\" \/>\n\t<meta name=\"twitter:data2\" content=\"3 minuti\" \/>\n<script type=\"application\/ld+json\" class=\"yoast-schema-graph\">{\"@context\":\"https:\\\/\\\/schema.org\",\"@graph\":[{\"@type\":\"Article\",\"@id\":\"https:\\\/\\\/archiviocassano.lavocedelpaese.info\\\/index.php\\\/2019\\\/09\\\/13\\\/io-genitore-di-alunni-con-lo-zaino-dovro-spiegare-ai-mie-figli-la-differenza-dai-loro-compagni\\\/#article\",\"isPartOf\":{\"@id\":\"https:\\\/\\\/archiviocassano.lavocedelpaese.info\\\/index.php\\\/2019\\\/09\\\/13\\\/io-genitore-di-alunni-con-lo-zaino-dovro-spiegare-ai-mie-figli-la-differenza-dai-loro-compagni\\\/\"},\"author\":{\"name\":\"admin\",\"@id\":\"https:\\\/\\\/archiviocassano.lavocedelpaese.info\\\/#\\\/schema\\\/person\\\/df195bc79a9b4c35127cf005f92e041b\"},\"headline\":\"Io, genitore di alunni \u201ccon lo zaino\u201d dico che&#8230;\",\"datePublished\":\"2019-09-13T17:30:35+00:00\",\"mainEntityOfPage\":{\"@id\":\"https:\\\/\\\/archiviocassano.lavocedelpaese.info\\\/index.php\\\/2019\\\/09\\\/13\\\/io-genitore-di-alunni-con-lo-zaino-dovro-spiegare-ai-mie-figli-la-differenza-dai-loro-compagni\\\/\"},\"wordCount\":591,\"commentCount\":0,\"publisher\":{\"@id\":\"https:\\\/\\\/archiviocassano.lavocedelpaese.info\\\/#organization\"},\"image\":{\"@id\":\"https:\\\/\\\/archiviocassano.lavocedelpaese.info\\\/index.php\\\/2019\\\/09\\\/13\\\/io-genitore-di-alunni-con-lo-zaino-dovro-spiegare-ai-mie-figli-la-differenza-dai-loro-compagni\\\/#primaryimage\"},\"thumbnailUrl\":\"https:\\\/\\\/live.staticflickr.com\\\/65535\\\/48727988152_4635a97f7a_n.jpg\",\"articleSection\":[\"La voce del paese\"],\"inLanguage\":\"it-IT\",\"potentialAction\":[{\"@type\":\"CommentAction\",\"name\":\"Comment\",\"target\":[\"https:\\\/\\\/archiviocassano.lavocedelpaese.info\\\/index.php\\\/2019\\\/09\\\/13\\\/io-genitore-di-alunni-con-lo-zaino-dovro-spiegare-ai-mie-figli-la-differenza-dai-loro-compagni\\\/#respond\"]}]},{\"@type\":\"WebPage\",\"@id\":\"https:\\\/\\\/archiviocassano.lavocedelpaese.info\\\/index.php\\\/2019\\\/09\\\/13\\\/io-genitore-di-alunni-con-lo-zaino-dovro-spiegare-ai-mie-figli-la-differenza-dai-loro-compagni\\\/\",\"url\":\"https:\\\/\\\/archiviocassano.lavocedelpaese.info\\\/index.php\\\/2019\\\/09\\\/13\\\/io-genitore-di-alunni-con-lo-zaino-dovro-spiegare-ai-mie-figli-la-differenza-dai-loro-compagni\\\/\",\"name\":\"Io, genitore di alunni \u201ccon lo zaino\u201d dico che... - Archivio CassanoWeb\",\"isPartOf\":{\"@id\":\"https:\\\/\\\/archiviocassano.lavocedelpaese.info\\\/#website\"},\"primaryImageOfPage\":{\"@id\":\"https:\\\/\\\/archiviocassano.lavocedelpaese.info\\\/index.php\\\/2019\\\/09\\\/13\\\/io-genitore-di-alunni-con-lo-zaino-dovro-spiegare-ai-mie-figli-la-differenza-dai-loro-compagni\\\/#primaryimage\"},\"image\":{\"@id\":\"https:\\\/\\\/archiviocassano.lavocedelpaese.info\\\/index.php\\\/2019\\\/09\\\/13\\\/io-genitore-di-alunni-con-lo-zaino-dovro-spiegare-ai-mie-figli-la-differenza-dai-loro-compagni\\\/#primaryimage\"},\"thumbnailUrl\":\"https:\\\/\\\/live.staticflickr.com\\\/65535\\\/48727988152_4635a97f7a_n.jpg\",\"datePublished\":\"2019-09-13T17:30:35+00:00\",\"breadcrumb\":{\"@id\":\"https:\\\/\\\/archiviocassano.lavocedelpaese.info\\\/index.php\\\/2019\\\/09\\\/13\\\/io-genitore-di-alunni-con-lo-zaino-dovro-spiegare-ai-mie-figli-la-differenza-dai-loro-compagni\\\/#breadcrumb\"},\"inLanguage\":\"it-IT\",\"potentialAction\":[{\"@type\":\"ReadAction\",\"target\":[\"https:\\\/\\\/archiviocassano.lavocedelpaese.info\\\/index.php\\\/2019\\\/09\\\/13\\\/io-genitore-di-alunni-con-lo-zaino-dovro-spiegare-ai-mie-figli-la-differenza-dai-loro-compagni\\\/\"]}]},{\"@type\":\"ImageObject\",\"inLanguage\":\"it-IT\",\"@id\":\"https:\\\/\\\/archiviocassano.lavocedelpaese.info\\\/index.php\\\/2019\\\/09\\\/13\\\/io-genitore-di-alunni-con-lo-zaino-dovro-spiegare-ai-mie-figli-la-differenza-dai-loro-compagni\\\/#primaryimage\",\"url\":\"https:\\\/\\\/live.staticflickr.com\\\/65535\\\/48727988152_4635a97f7a_n.jpg\",\"contentUrl\":\"https:\\\/\\\/live.staticflickr.com\\\/65535\\\/48727988152_4635a97f7a_n.jpg\"},{\"@type\":\"BreadcrumbList\",\"@id\":\"https:\\\/\\\/archiviocassano.lavocedelpaese.info\\\/index.php\\\/2019\\\/09\\\/13\\\/io-genitore-di-alunni-con-lo-zaino-dovro-spiegare-ai-mie-figli-la-differenza-dai-loro-compagni\\\/#breadcrumb\",\"itemListElement\":[{\"@type\":\"ListItem\",\"position\":1,\"name\":\"Home\",\"item\":\"https:\\\/\\\/archiviocassano.lavocedelpaese.info\\\/\"},{\"@type\":\"ListItem\",\"position\":2,\"name\":\"Io, genitore di alunni \u201ccon lo zaino\u201d dico che&#8230;\"}]},{\"@type\":\"WebSite\",\"@id\":\"https:\\\/\\\/archiviocassano.lavocedelpaese.info\\\/#website\",\"url\":\"https:\\\/\\\/archiviocassano.lavocedelpaese.info\\\/\",\"name\":\"Archivio CassanoWeb\",\"description\":\"La Voce del Paese - un network di idee\",\"publisher\":{\"@id\":\"https:\\\/\\\/archiviocassano.lavocedelpaese.info\\\/#organization\"},\"potentialAction\":[{\"@type\":\"SearchAction\",\"target\":{\"@type\":\"EntryPoint\",\"urlTemplate\":\"https:\\\/\\\/archiviocassano.lavocedelpaese.info\\\/?s={search_term_string}\"},\"query-input\":{\"@type\":\"PropertyValueSpecification\",\"valueRequired\":true,\"valueName\":\"search_term_string\"}}],\"inLanguage\":\"it-IT\"},{\"@type\":\"Organization\",\"@id\":\"https:\\\/\\\/archiviocassano.lavocedelpaese.info\\\/#organization\",\"name\":\"Archivio CassanoWeb\",\"url\":\"https:\\\/\\\/archiviocassano.lavocedelpaese.info\\\/\",\"logo\":{\"@type\":\"ImageObject\",\"inLanguage\":\"it-IT\",\"@id\":\"https:\\\/\\\/archiviocassano.lavocedelpaese.info\\\/#\\\/schema\\\/logo\\\/image\\\/\",\"url\":\"https:\\\/\\\/archiviocassano.lavocedelpaese.info\\\/wp-content\\\/uploads\\\/2024\\\/08\\\/logo-rosso-2.png\",\"contentUrl\":\"https:\\\/\\\/archiviocassano.lavocedelpaese.info\\\/wp-content\\\/uploads\\\/2024\\\/08\\\/logo-rosso-2.png\",\"width\":491,\"height\":432,\"caption\":\"Archivio CassanoWeb\"},\"image\":{\"@id\":\"https:\\\/\\\/archiviocassano.lavocedelpaese.info\\\/#\\\/schema\\\/logo\\\/image\\\/\"},\"sameAs\":[\"https:\\\/\\\/www.facebook.com\\\/redazione.cassanoweb\"]},{\"@type\":\"Person\",\"@id\":\"https:\\\/\\\/archiviocassano.lavocedelpaese.info\\\/#\\\/schema\\\/person\\\/df195bc79a9b4c35127cf005f92e041b\",\"name\":\"admin\",\"image\":{\"@type\":\"ImageObject\",\"inLanguage\":\"it-IT\",\"@id\":\"https:\\\/\\\/secure.gravatar.com\\\/avatar\\\/eabba89a432e8eaa1b0207cc55f7e5340b22712b1ed80677efcf63e02ff5b235?s=96&d=mm&r=g\",\"url\":\"https:\\\/\\\/secure.gravatar.com\\\/avatar\\\/eabba89a432e8eaa1b0207cc55f7e5340b22712b1ed80677efcf63e02ff5b235?s=96&d=mm&r=g\",\"contentUrl\":\"https:\\\/\\\/secure.gravatar.com\\\/avatar\\\/eabba89a432e8eaa1b0207cc55f7e5340b22712b1ed80677efcf63e02ff5b235?s=96&d=mm&r=g\",\"caption\":\"admin\"},\"sameAs\":[\"https:\\\/\\\/archiviocassano.lavocedelpaese.info\"],\"url\":\"https:\\\/\\\/archiviocassano.lavocedelpaese.info\\\/index.php\\\/author\\\/admin_0qgz1xdp\\\/\"}]}<\/script>\n<!-- \/ Yoast SEO plugin. -->","yoast_head_json":{"title":"Io, genitore di alunni \u201ccon lo zaino\u201d dico che... - Archivio CassanoWeb","robots":{"index":"index","follow":"follow","max-snippet":"max-snippet:-1","max-image-preview":"max-image-preview:large","max-video-preview":"max-video-preview:-1"},"canonical":"https:\/\/archiviocassano.lavocedelpaese.info\/index.php\/2019\/09\/13\/io-genitore-di-alunni-con-lo-zaino-dovro-spiegare-ai-mie-figli-la-differenza-dai-loro-compagni\/","og_locale":"it_IT","og_type":"article","og_title":"Io, genitore di alunni \u201ccon lo zaino\u201d dico che... - Archivio CassanoWeb","og_url":"https:\/\/archiviocassano.lavocedelpaese.info\/index.php\/2019\/09\/13\/io-genitore-di-alunni-con-lo-zaino-dovro-spiegare-ai-mie-figli-la-differenza-dai-loro-compagni\/","og_site_name":"Archivio CassanoWeb","article_publisher":"https:\/\/www.facebook.com\/redazione.cassanoweb","article_published_time":"2019-09-13T17:30:35+00:00","og_image":[{"url":"https:\/\/live.staticflickr.com\/65535\/48727988152_4635a97f7a_n.jpg","type":"","width":"","height":""}],"author":"admin","twitter_card":"summary_large_image","twitter_misc":{"Scritto da":"admin","Tempo di lettura stimato":"3 minuti"},"schema":{"@context":"https:\/\/schema.org","@graph":[{"@type":"Article","@id":"https:\/\/archiviocassano.lavocedelpaese.info\/index.php\/2019\/09\/13\/io-genitore-di-alunni-con-lo-zaino-dovro-spiegare-ai-mie-figli-la-differenza-dai-loro-compagni\/#article","isPartOf":{"@id":"https:\/\/archiviocassano.lavocedelpaese.info\/index.php\/2019\/09\/13\/io-genitore-di-alunni-con-lo-zaino-dovro-spiegare-ai-mie-figli-la-differenza-dai-loro-compagni\/"},"author":{"name":"admin","@id":"https:\/\/archiviocassano.lavocedelpaese.info\/#\/schema\/person\/df195bc79a9b4c35127cf005f92e041b"},"headline":"Io, genitore di alunni \u201ccon lo zaino\u201d dico che&#8230;","datePublished":"2019-09-13T17:30:35+00:00","mainEntityOfPage":{"@id":"https:\/\/archiviocassano.lavocedelpaese.info\/index.php\/2019\/09\/13\/io-genitore-di-alunni-con-lo-zaino-dovro-spiegare-ai-mie-figli-la-differenza-dai-loro-compagni\/"},"wordCount":591,"commentCount":0,"publisher":{"@id":"https:\/\/archiviocassano.lavocedelpaese.info\/#organization"},"image":{"@id":"https:\/\/archiviocassano.lavocedelpaese.info\/index.php\/2019\/09\/13\/io-genitore-di-alunni-con-lo-zaino-dovro-spiegare-ai-mie-figli-la-differenza-dai-loro-compagni\/#primaryimage"},"thumbnailUrl":"https:\/\/live.staticflickr.com\/65535\/48727988152_4635a97f7a_n.jpg","articleSection":["La voce del paese"],"inLanguage":"it-IT","potentialAction":[{"@type":"CommentAction","name":"Comment","target":["https:\/\/archiviocassano.lavocedelpaese.info\/index.php\/2019\/09\/13\/io-genitore-di-alunni-con-lo-zaino-dovro-spiegare-ai-mie-figli-la-differenza-dai-loro-compagni\/#respond"]}]},{"@type":"WebPage","@id":"https:\/\/archiviocassano.lavocedelpaese.info\/index.php\/2019\/09\/13\/io-genitore-di-alunni-con-lo-zaino-dovro-spiegare-ai-mie-figli-la-differenza-dai-loro-compagni\/","url":"https:\/\/archiviocassano.lavocedelpaese.info\/index.php\/2019\/09\/13\/io-genitore-di-alunni-con-lo-zaino-dovro-spiegare-ai-mie-figli-la-differenza-dai-loro-compagni\/","name":"Io, genitore di alunni \u201ccon lo zaino\u201d dico che... - Archivio CassanoWeb","isPartOf":{"@id":"https:\/\/archiviocassano.lavocedelpaese.info\/#website"},"primaryImageOfPage":{"@id":"https:\/\/archiviocassano.lavocedelpaese.info\/index.php\/2019\/09\/13\/io-genitore-di-alunni-con-lo-zaino-dovro-spiegare-ai-mie-figli-la-differenza-dai-loro-compagni\/#primaryimage"},"image":{"@id":"https:\/\/archiviocassano.lavocedelpaese.info\/index.php\/2019\/09\/13\/io-genitore-di-alunni-con-lo-zaino-dovro-spiegare-ai-mie-figli-la-differenza-dai-loro-compagni\/#primaryimage"},"thumbnailUrl":"https:\/\/live.staticflickr.com\/65535\/48727988152_4635a97f7a_n.jpg","datePublished":"2019-09-13T17:30:35+00:00","breadcrumb":{"@id":"https:\/\/archiviocassano.lavocedelpaese.info\/index.php\/2019\/09\/13\/io-genitore-di-alunni-con-lo-zaino-dovro-spiegare-ai-mie-figli-la-differenza-dai-loro-compagni\/#breadcrumb"},"inLanguage":"it-IT","potentialAction":[{"@type":"ReadAction","target":["https:\/\/archiviocassano.lavocedelpaese.info\/index.php\/2019\/09\/13\/io-genitore-di-alunni-con-lo-zaino-dovro-spiegare-ai-mie-figli-la-differenza-dai-loro-compagni\/"]}]},{"@type":"ImageObject","inLanguage":"it-IT","@id":"https:\/\/archiviocassano.lavocedelpaese.info\/index.php\/2019\/09\/13\/io-genitore-di-alunni-con-lo-zaino-dovro-spiegare-ai-mie-figli-la-differenza-dai-loro-compagni\/#primaryimage","url":"https:\/\/live.staticflickr.com\/65535\/48727988152_4635a97f7a_n.jpg","contentUrl":"https:\/\/live.staticflickr.com\/65535\/48727988152_4635a97f7a_n.jpg"},{"@type":"BreadcrumbList","@id":"https:\/\/archiviocassano.lavocedelpaese.info\/index.php\/2019\/09\/13\/io-genitore-di-alunni-con-lo-zaino-dovro-spiegare-ai-mie-figli-la-differenza-dai-loro-compagni\/#breadcrumb","itemListElement":[{"@type":"ListItem","position":1,"name":"Home","item":"https:\/\/archiviocassano.lavocedelpaese.info\/"},{"@type":"ListItem","position":2,"name":"Io, genitore di alunni \u201ccon lo zaino\u201d dico che&#8230;"}]},{"@type":"WebSite","@id":"https:\/\/archiviocassano.lavocedelpaese.info\/#website","url":"https:\/\/archiviocassano.lavocedelpaese.info\/","name":"Archivio CassanoWeb","description":"La Voce del Paese - un network di idee","publisher":{"@id":"https:\/\/archiviocassano.lavocedelpaese.info\/#organization"},"potentialAction":[{"@type":"SearchAction","target":{"@type":"EntryPoint","urlTemplate":"https:\/\/archiviocassano.lavocedelpaese.info\/?s={search_term_string}"},"query-input":{"@type":"PropertyValueSpecification","valueRequired":true,"valueName":"search_term_string"}}],"inLanguage":"it-IT"},{"@type":"Organization","@id":"https:\/\/archiviocassano.lavocedelpaese.info\/#organization","name":"Archivio CassanoWeb","url":"https:\/\/archiviocassano.lavocedelpaese.info\/","logo":{"@type":"ImageObject","inLanguage":"it-IT","@id":"https:\/\/archiviocassano.lavocedelpaese.info\/#\/schema\/logo\/image\/","url":"https:\/\/archiviocassano.lavocedelpaese.info\/wp-content\/uploads\/2024\/08\/logo-rosso-2.png","contentUrl":"https:\/\/archiviocassano.lavocedelpaese.info\/wp-content\/uploads\/2024\/08\/logo-rosso-2.png","width":491,"height":432,"caption":"Archivio CassanoWeb"},"image":{"@id":"https:\/\/archiviocassano.lavocedelpaese.info\/#\/schema\/logo\/image\/"},"sameAs":["https:\/\/www.facebook.com\/redazione.cassanoweb"]},{"@type":"Person","@id":"https:\/\/archiviocassano.lavocedelpaese.info\/#\/schema\/person\/df195bc79a9b4c35127cf005f92e041b","name":"admin","image":{"@type":"ImageObject","inLanguage":"it-IT","@id":"https:\/\/secure.gravatar.com\/avatar\/eabba89a432e8eaa1b0207cc55f7e5340b22712b1ed80677efcf63e02ff5b235?s=96&d=mm&r=g","url":"https:\/\/secure.gravatar.com\/avatar\/eabba89a432e8eaa1b0207cc55f7e5340b22712b1ed80677efcf63e02ff5b235?s=96&d=mm&r=g","contentUrl":"https:\/\/secure.gravatar.com\/avatar\/eabba89a432e8eaa1b0207cc55f7e5340b22712b1ed80677efcf63e02ff5b235?s=96&d=mm&r=g","caption":"admin"},"sameAs":["https:\/\/archiviocassano.lavocedelpaese.info"],"url":"https:\/\/archiviocassano.lavocedelpaese.info\/index.php\/author\/admin_0qgz1xdp\/"}]}},"_links":{"self":[{"href":"https:\/\/archiviocassano.lavocedelpaese.info\/index.php\/wp-json\/wp\/v2\/posts\/17964","targetHints":{"allow":["GET"]}}],"collection":[{"href":"https:\/\/archiviocassano.lavocedelpaese.info\/index.php\/wp-json\/wp\/v2\/posts"}],"about":[{"href":"https:\/\/archiviocassano.lavocedelpaese.info\/index.php\/wp-json\/wp\/v2\/types\/post"}],"author":[{"embeddable":true,"href":"https:\/\/archiviocassano.lavocedelpaese.info\/index.php\/wp-json\/wp\/v2\/users\/1"}],"replies":[{"embeddable":true,"href":"https:\/\/archiviocassano.lavocedelpaese.info\/index.php\/wp-json\/wp\/v2\/comments?post=17964"}],"version-history":[{"count":0,"href":"https:\/\/archiviocassano.lavocedelpaese.info\/index.php\/wp-json\/wp\/v2\/posts\/17964\/revisions"}],"wp:attachment":[{"href":"https:\/\/archiviocassano.lavocedelpaese.info\/index.php\/wp-json\/wp\/v2\/media?parent=17964"}],"wp:term":[{"taxonomy":"category","embeddable":true,"href":"https:\/\/archiviocassano.lavocedelpaese.info\/index.php\/wp-json\/wp\/v2\/categories?post=17964"},{"taxonomy":"post_tag","embeddable":true,"href":"https:\/\/archiviocassano.lavocedelpaese.info\/index.php\/wp-json\/wp\/v2\/tags?post=17964"}],"curies":[{"name":"wp","href":"https:\/\/api.w.org\/{rel}","templated":true}]}}