{"id":18134,"date":"2019-12-11T16:57:29","date_gmt":"2019-12-11T16:57:29","guid":{"rendered":"https:\/\/archiviocassano.lavocedelpaese.info\/index.php\/2019\/12\/11\/pd-qzullo-chieda-spiegazioni-agli-amichetti-non-a-emilianoq\/"},"modified":"2019-12-11T16:57:29","modified_gmt":"2019-12-11T16:57:29","slug":"pd-qzullo-chieda-spiegazioni-agli-amichetti-non-a-emilianoq","status":"publish","type":"post","link":"https:\/\/archiviocassano.lavocedelpaese.info\/index.php\/2019\/12\/11\/pd-qzullo-chieda-spiegazioni-agli-amichetti-non-a-emilianoq\/","title":{"rendered":"Pd, &#8220;Zullo chieda spiegazioni ai suoi amici non a Emiliano&#8221;"},"content":{"rendered":"<p><a data-flickr-embed=\"true\" href=\"https:\/\/www.flickr.com\/photos\/184752021@N05\/49136214862\/in\/dateposted-public\/\" title=\"logo pd cassano\"><img loading=\"lazy\" decoding=\"async\" src=\"https:\/\/live.staticflickr.com\/65535\/49136214862_82989acf8a_m.jpg\" width=\"240\" height=\"240\" alt=\"logo pd cassano\" \/><\/a><\/p>\n<p><!--more--><\/p>\n<p>&nbsp;<\/p>\n<p><i>Dalla Segretaria del Partito Democratico \u2013 Circolo di Cassano delle Murge, Enza Battista riceviamo e pubblichiamo una nota di <a href=\"attualita\/29389-lavori-alla-scuola-media-ignazio-zullo-interroga-emiliano.html\" target=\"_blank\" rel=\"noopener\">risposta alla interrogazione che questa mattina il Consigliere Regionale Ignazio Zullo ha rivolto al Presidente Michele Emiliano sulle vicende della Scuola Media di Cassano.<\/a><\/i><\/p>\n<p>&nbsp;<\/p>\n<p>Ci rincuora che anche il dott. Zullo sia tornato ad occuparsi dei problemi di Cassano&#8230;ah gi\u00e0 avevamo dimenticato che \u00e8 di nuovo in campagna elettorale!!!<\/p>\n<p>Qualcuno sembra la definisca politica, noi pensiamo che si sia arrivati alla frutta.<\/p>\n<p>Al cattivo gusto, purtroppo, non c\u2019\u00e8 mai fine. Infatti non capiamo perch\u00e9 il dott Zullo, capogruppo in Regione Puglia di Fratelli&nbsp;d\u2019Italia interroghi il Presidente Emiliano circa le gravi inefficienze dell\u2019Amministrazione Comunale cassanese e dei suoi compagni di partito alla guida della citt\u00e0. Si, perch\u00e9 in questa Amministrazione sono suoi sodali il Vice Sindaco avv. Giustino (Lavori Pubblici), l\u2019assessore al Bilancio sig,ra Caprio, l\u2019assessore all\u2019ambiente Sig.&nbsp; Briano e l\u2019assessore al Patrimonio geom.&nbsp; Campanale, oltre a qualche altro Consigliere Comunale. Probabilmente dovremmo chiedergli noi, visto l\u2019assordante silenzio dell\u2019Amministrazione, se pu\u00f2 il dott. Zullo pu\u00f2 darci informazioni, anche ai cittadini, in merito alle gravi inadempienze della Giunta circa la ristrutturazione del plesso della scuola media e di tutte le altre disfunzioni che ormai&nbsp;sono diventate strutturali.<\/p>\n<p>Chiarisca all\u2019interno del suo partito prima, con i suoi collaboratori. I cittadini di Cassano di questi ambigui giochetti non sanno davvero cosa farsene.<\/p>\n<p>Nel contempo ci auguriamo davvero che il presidente Emiliano trovi una soluzione ai problemi creati dallo stesso partito di Zullo, dai suoi stessi amici perch\u00e9 Cassano merita davvero di pi\u00f9. Iniziando dalla chiarezza e linearit\u00e0 nei comportamenti. La gestione della cosa pubblica \u00e8 troppo importante per diventare una commedia di pessimo gusto.<\/p>\n<p>&nbsp;<\/p>\n<p>&nbsp;<\/p>\n","protected":false},"excerpt":{"rendered":"","protected":false},"author":1,"featured_media":0,"comment_status":"open","ping_status":"closed","sticky":false,"template":"","format":"standard","meta":{"colormag_page_container_layout":"default_layout","colormag_page_sidebar_layout":"default_layout","footnotes":""},"categories":[4],"tags":[],"class_list":["post-18134","post","type-post","status-publish","format-standard","hentry","category-politica"],"yoast_head":"<!-- This site is optimized with the Yoast SEO plugin v27.5 - https:\/\/yoast.com\/product\/yoast-seo-wordpress\/ -->\n<title>Pd, &quot;Zullo chieda spiegazioni ai suoi amici non a Emiliano&quot; - Archivio CassanoWeb<\/title>\n<meta name=\"robots\" content=\"index, follow, max-snippet:-1, max-image-preview:large, max-video-preview:-1\" \/>\n<link rel=\"canonical\" href=\"https:\/\/archiviocassano.lavocedelpaese.info\/index.php\/2019\/12\/11\/pd-qzullo-chieda-spiegazioni-agli-amichetti-non-a-emilianoq\/\" \/>\n<meta property=\"og:locale\" content=\"it_IT\" \/>\n<meta property=\"og:type\" content=\"article\" \/>\n<meta property=\"og:title\" content=\"Pd, &quot;Zullo chieda spiegazioni ai suoi amici non a Emiliano&quot; - Archivio CassanoWeb\" \/>\n<meta property=\"og:url\" content=\"https:\/\/archiviocassano.lavocedelpaese.info\/index.php\/2019\/12\/11\/pd-qzullo-chieda-spiegazioni-agli-amichetti-non-a-emilianoq\/\" \/>\n<meta property=\"og:site_name\" content=\"Archivio CassanoWeb\" \/>\n<meta property=\"article:publisher\" content=\"https:\/\/www.facebook.com\/redazione.cassanoweb\" \/>\n<meta property=\"article:published_time\" content=\"2019-12-11T16:57:29+00:00\" \/>\n<meta property=\"og:image\" content=\"https:\/\/live.staticflickr.com\/65535\/49136214862_82989acf8a_m.jpg\" \/>\n<meta name=\"author\" content=\"admin\" \/>\n<meta name=\"twitter:card\" content=\"summary_large_image\" \/>\n<meta name=\"twitter:label1\" content=\"Scritto da\" \/>\n\t<meta name=\"twitter:data1\" content=\"admin\" \/>\n\t<meta name=\"twitter:label2\" content=\"Tempo di lettura stimato\" \/>\n\t<meta name=\"twitter:data2\" content=\"1 minuto\" \/>\n<script type=\"application\/ld+json\" class=\"yoast-schema-graph\">{\"@context\":\"https:\\\/\\\/schema.org\",\"@graph\":[{\"@type\":\"Article\",\"@id\":\"https:\\\/\\\/archiviocassano.lavocedelpaese.info\\\/index.php\\\/2019\\\/12\\\/11\\\/pd-qzullo-chieda-spiegazioni-agli-amichetti-non-a-emilianoq\\\/#article\",\"isPartOf\":{\"@id\":\"https:\\\/\\\/archiviocassano.lavocedelpaese.info\\\/index.php\\\/2019\\\/12\\\/11\\\/pd-qzullo-chieda-spiegazioni-agli-amichetti-non-a-emilianoq\\\/\"},\"author\":{\"name\":\"admin\",\"@id\":\"https:\\\/\\\/archiviocassano.lavocedelpaese.info\\\/#\\\/schema\\\/person\\\/df195bc79a9b4c35127cf005f92e041b\"},\"headline\":\"Pd, &#8220;Zullo chieda spiegazioni ai suoi amici non a Emiliano&#8221;\",\"datePublished\":\"2019-12-11T16:57:29+00:00\",\"mainEntityOfPage\":{\"@id\":\"https:\\\/\\\/archiviocassano.lavocedelpaese.info\\\/index.php\\\/2019\\\/12\\\/11\\\/pd-qzullo-chieda-spiegazioni-agli-amichetti-non-a-emilianoq\\\/\"},\"wordCount\":306,\"commentCount\":0,\"publisher\":{\"@id\":\"https:\\\/\\\/archiviocassano.lavocedelpaese.info\\\/#organization\"},\"image\":{\"@id\":\"https:\\\/\\\/archiviocassano.lavocedelpaese.info\\\/index.php\\\/2019\\\/12\\\/11\\\/pd-qzullo-chieda-spiegazioni-agli-amichetti-non-a-emilianoq\\\/#primaryimage\"},\"thumbnailUrl\":\"https:\\\/\\\/live.staticflickr.com\\\/65535\\\/49136214862_82989acf8a_m.jpg\",\"articleSection\":[\"Politica\"],\"inLanguage\":\"it-IT\",\"potentialAction\":[{\"@type\":\"CommentAction\",\"name\":\"Comment\",\"target\":[\"https:\\\/\\\/archiviocassano.lavocedelpaese.info\\\/index.php\\\/2019\\\/12\\\/11\\\/pd-qzullo-chieda-spiegazioni-agli-amichetti-non-a-emilianoq\\\/#respond\"]}]},{\"@type\":\"WebPage\",\"@id\":\"https:\\\/\\\/archiviocassano.lavocedelpaese.info\\\/index.php\\\/2019\\\/12\\\/11\\\/pd-qzullo-chieda-spiegazioni-agli-amichetti-non-a-emilianoq\\\/\",\"url\":\"https:\\\/\\\/archiviocassano.lavocedelpaese.info\\\/index.php\\\/2019\\\/12\\\/11\\\/pd-qzullo-chieda-spiegazioni-agli-amichetti-non-a-emilianoq\\\/\",\"name\":\"Pd, \\\"Zullo chieda spiegazioni ai suoi amici non a Emiliano\\\" - Archivio CassanoWeb\",\"isPartOf\":{\"@id\":\"https:\\\/\\\/archiviocassano.lavocedelpaese.info\\\/#website\"},\"primaryImageOfPage\":{\"@id\":\"https:\\\/\\\/archiviocassano.lavocedelpaese.info\\\/index.php\\\/2019\\\/12\\\/11\\\/pd-qzullo-chieda-spiegazioni-agli-amichetti-non-a-emilianoq\\\/#primaryimage\"},\"image\":{\"@id\":\"https:\\\/\\\/archiviocassano.lavocedelpaese.info\\\/index.php\\\/2019\\\/12\\\/11\\\/pd-qzullo-chieda-spiegazioni-agli-amichetti-non-a-emilianoq\\\/#primaryimage\"},\"thumbnailUrl\":\"https:\\\/\\\/live.staticflickr.com\\\/65535\\\/49136214862_82989acf8a_m.jpg\",\"datePublished\":\"2019-12-11T16:57:29+00:00\",\"breadcrumb\":{\"@id\":\"https:\\\/\\\/archiviocassano.lavocedelpaese.info\\\/index.php\\\/2019\\\/12\\\/11\\\/pd-qzullo-chieda-spiegazioni-agli-amichetti-non-a-emilianoq\\\/#breadcrumb\"},\"inLanguage\":\"it-IT\",\"potentialAction\":[{\"@type\":\"ReadAction\",\"target\":[\"https:\\\/\\\/archiviocassano.lavocedelpaese.info\\\/index.php\\\/2019\\\/12\\\/11\\\/pd-qzullo-chieda-spiegazioni-agli-amichetti-non-a-emilianoq\\\/\"]}]},{\"@type\":\"ImageObject\",\"inLanguage\":\"it-IT\",\"@id\":\"https:\\\/\\\/archiviocassano.lavocedelpaese.info\\\/index.php\\\/2019\\\/12\\\/11\\\/pd-qzullo-chieda-spiegazioni-agli-amichetti-non-a-emilianoq\\\/#primaryimage\",\"url\":\"https:\\\/\\\/live.staticflickr.com\\\/65535\\\/49136214862_82989acf8a_m.jpg\",\"contentUrl\":\"https:\\\/\\\/live.staticflickr.com\\\/65535\\\/49136214862_82989acf8a_m.jpg\"},{\"@type\":\"BreadcrumbList\",\"@id\":\"https:\\\/\\\/archiviocassano.lavocedelpaese.info\\\/index.php\\\/2019\\\/12\\\/11\\\/pd-qzullo-chieda-spiegazioni-agli-amichetti-non-a-emilianoq\\\/#breadcrumb\",\"itemListElement\":[{\"@type\":\"ListItem\",\"position\":1,\"name\":\"Home\",\"item\":\"https:\\\/\\\/archiviocassano.lavocedelpaese.info\\\/\"},{\"@type\":\"ListItem\",\"position\":2,\"name\":\"Pd, &#8220;Zullo chieda spiegazioni ai suoi amici non a Emiliano&#8221;\"}]},{\"@type\":\"WebSite\",\"@id\":\"https:\\\/\\\/archiviocassano.lavocedelpaese.info\\\/#website\",\"url\":\"https:\\\/\\\/archiviocassano.lavocedelpaese.info\\\/\",\"name\":\"Archivio CassanoWeb\",\"description\":\"La Voce del Paese - un network di idee\",\"publisher\":{\"@id\":\"https:\\\/\\\/archiviocassano.lavocedelpaese.info\\\/#organization\"},\"potentialAction\":[{\"@type\":\"SearchAction\",\"target\":{\"@type\":\"EntryPoint\",\"urlTemplate\":\"https:\\\/\\\/archiviocassano.lavocedelpaese.info\\\/?s={search_term_string}\"},\"query-input\":{\"@type\":\"PropertyValueSpecification\",\"valueRequired\":true,\"valueName\":\"search_term_string\"}}],\"inLanguage\":\"it-IT\"},{\"@type\":\"Organization\",\"@id\":\"https:\\\/\\\/archiviocassano.lavocedelpaese.info\\\/#organization\",\"name\":\"Archivio CassanoWeb\",\"url\":\"https:\\\/\\\/archiviocassano.lavocedelpaese.info\\\/\",\"logo\":{\"@type\":\"ImageObject\",\"inLanguage\":\"it-IT\",\"@id\":\"https:\\\/\\\/archiviocassano.lavocedelpaese.info\\\/#\\\/schema\\\/logo\\\/image\\\/\",\"url\":\"https:\\\/\\\/archiviocassano.lavocedelpaese.info\\\/wp-content\\\/uploads\\\/2024\\\/08\\\/logo-rosso-2.png\",\"contentUrl\":\"https:\\\/\\\/archiviocassano.lavocedelpaese.info\\\/wp-content\\\/uploads\\\/2024\\\/08\\\/logo-rosso-2.png\",\"width\":491,\"height\":432,\"caption\":\"Archivio CassanoWeb\"},\"image\":{\"@id\":\"https:\\\/\\\/archiviocassano.lavocedelpaese.info\\\/#\\\/schema\\\/logo\\\/image\\\/\"},\"sameAs\":[\"https:\\\/\\\/www.facebook.com\\\/redazione.cassanoweb\"]},{\"@type\":\"Person\",\"@id\":\"https:\\\/\\\/archiviocassano.lavocedelpaese.info\\\/#\\\/schema\\\/person\\\/df195bc79a9b4c35127cf005f92e041b\",\"name\":\"admin\",\"image\":{\"@type\":\"ImageObject\",\"inLanguage\":\"it-IT\",\"@id\":\"https:\\\/\\\/secure.gravatar.com\\\/avatar\\\/eabba89a432e8eaa1b0207cc55f7e5340b22712b1ed80677efcf63e02ff5b235?s=96&d=mm&r=g\",\"url\":\"https:\\\/\\\/secure.gravatar.com\\\/avatar\\\/eabba89a432e8eaa1b0207cc55f7e5340b22712b1ed80677efcf63e02ff5b235?s=96&d=mm&r=g\",\"contentUrl\":\"https:\\\/\\\/secure.gravatar.com\\\/avatar\\\/eabba89a432e8eaa1b0207cc55f7e5340b22712b1ed80677efcf63e02ff5b235?s=96&d=mm&r=g\",\"caption\":\"admin\"},\"sameAs\":[\"https:\\\/\\\/archiviocassano.lavocedelpaese.info\"],\"url\":\"https:\\\/\\\/archiviocassano.lavocedelpaese.info\\\/index.php\\\/author\\\/admin_0qgz1xdp\\\/\"}]}<\/script>\n<!-- \/ Yoast SEO plugin. -->","yoast_head_json":{"title":"Pd, \"Zullo chieda spiegazioni ai suoi amici non a Emiliano\" - Archivio CassanoWeb","robots":{"index":"index","follow":"follow","max-snippet":"max-snippet:-1","max-image-preview":"max-image-preview:large","max-video-preview":"max-video-preview:-1"},"canonical":"https:\/\/archiviocassano.lavocedelpaese.info\/index.php\/2019\/12\/11\/pd-qzullo-chieda-spiegazioni-agli-amichetti-non-a-emilianoq\/","og_locale":"it_IT","og_type":"article","og_title":"Pd, \"Zullo chieda spiegazioni ai suoi amici non a Emiliano\" - Archivio CassanoWeb","og_url":"https:\/\/archiviocassano.lavocedelpaese.info\/index.php\/2019\/12\/11\/pd-qzullo-chieda-spiegazioni-agli-amichetti-non-a-emilianoq\/","og_site_name":"Archivio CassanoWeb","article_publisher":"https:\/\/www.facebook.com\/redazione.cassanoweb","article_published_time":"2019-12-11T16:57:29+00:00","og_image":[{"url":"https:\/\/live.staticflickr.com\/65535\/49136214862_82989acf8a_m.jpg","type":"","width":"","height":""}],"author":"admin","twitter_card":"summary_large_image","twitter_misc":{"Scritto da":"admin","Tempo di lettura stimato":"1 minuto"},"schema":{"@context":"https:\/\/schema.org","@graph":[{"@type":"Article","@id":"https:\/\/archiviocassano.lavocedelpaese.info\/index.php\/2019\/12\/11\/pd-qzullo-chieda-spiegazioni-agli-amichetti-non-a-emilianoq\/#article","isPartOf":{"@id":"https:\/\/archiviocassano.lavocedelpaese.info\/index.php\/2019\/12\/11\/pd-qzullo-chieda-spiegazioni-agli-amichetti-non-a-emilianoq\/"},"author":{"name":"admin","@id":"https:\/\/archiviocassano.lavocedelpaese.info\/#\/schema\/person\/df195bc79a9b4c35127cf005f92e041b"},"headline":"Pd, &#8220;Zullo chieda spiegazioni ai suoi amici non a Emiliano&#8221;","datePublished":"2019-12-11T16:57:29+00:00","mainEntityOfPage":{"@id":"https:\/\/archiviocassano.lavocedelpaese.info\/index.php\/2019\/12\/11\/pd-qzullo-chieda-spiegazioni-agli-amichetti-non-a-emilianoq\/"},"wordCount":306,"commentCount":0,"publisher":{"@id":"https:\/\/archiviocassano.lavocedelpaese.info\/#organization"},"image":{"@id":"https:\/\/archiviocassano.lavocedelpaese.info\/index.php\/2019\/12\/11\/pd-qzullo-chieda-spiegazioni-agli-amichetti-non-a-emilianoq\/#primaryimage"},"thumbnailUrl":"https:\/\/live.staticflickr.com\/65535\/49136214862_82989acf8a_m.jpg","articleSection":["Politica"],"inLanguage":"it-IT","potentialAction":[{"@type":"CommentAction","name":"Comment","target":["https:\/\/archiviocassano.lavocedelpaese.info\/index.php\/2019\/12\/11\/pd-qzullo-chieda-spiegazioni-agli-amichetti-non-a-emilianoq\/#respond"]}]},{"@type":"WebPage","@id":"https:\/\/archiviocassano.lavocedelpaese.info\/index.php\/2019\/12\/11\/pd-qzullo-chieda-spiegazioni-agli-amichetti-non-a-emilianoq\/","url":"https:\/\/archiviocassano.lavocedelpaese.info\/index.php\/2019\/12\/11\/pd-qzullo-chieda-spiegazioni-agli-amichetti-non-a-emilianoq\/","name":"Pd, \"Zullo chieda spiegazioni ai suoi amici non a Emiliano\" - Archivio CassanoWeb","isPartOf":{"@id":"https:\/\/archiviocassano.lavocedelpaese.info\/#website"},"primaryImageOfPage":{"@id":"https:\/\/archiviocassano.lavocedelpaese.info\/index.php\/2019\/12\/11\/pd-qzullo-chieda-spiegazioni-agli-amichetti-non-a-emilianoq\/#primaryimage"},"image":{"@id":"https:\/\/archiviocassano.lavocedelpaese.info\/index.php\/2019\/12\/11\/pd-qzullo-chieda-spiegazioni-agli-amichetti-non-a-emilianoq\/#primaryimage"},"thumbnailUrl":"https:\/\/live.staticflickr.com\/65535\/49136214862_82989acf8a_m.jpg","datePublished":"2019-12-11T16:57:29+00:00","breadcrumb":{"@id":"https:\/\/archiviocassano.lavocedelpaese.info\/index.php\/2019\/12\/11\/pd-qzullo-chieda-spiegazioni-agli-amichetti-non-a-emilianoq\/#breadcrumb"},"inLanguage":"it-IT","potentialAction":[{"@type":"ReadAction","target":["https:\/\/archiviocassano.lavocedelpaese.info\/index.php\/2019\/12\/11\/pd-qzullo-chieda-spiegazioni-agli-amichetti-non-a-emilianoq\/"]}]},{"@type":"ImageObject","inLanguage":"it-IT","@id":"https:\/\/archiviocassano.lavocedelpaese.info\/index.php\/2019\/12\/11\/pd-qzullo-chieda-spiegazioni-agli-amichetti-non-a-emilianoq\/#primaryimage","url":"https:\/\/live.staticflickr.com\/65535\/49136214862_82989acf8a_m.jpg","contentUrl":"https:\/\/live.staticflickr.com\/65535\/49136214862_82989acf8a_m.jpg"},{"@type":"BreadcrumbList","@id":"https:\/\/archiviocassano.lavocedelpaese.info\/index.php\/2019\/12\/11\/pd-qzullo-chieda-spiegazioni-agli-amichetti-non-a-emilianoq\/#breadcrumb","itemListElement":[{"@type":"ListItem","position":1,"name":"Home","item":"https:\/\/archiviocassano.lavocedelpaese.info\/"},{"@type":"ListItem","position":2,"name":"Pd, &#8220;Zullo chieda spiegazioni ai suoi amici non a Emiliano&#8221;"}]},{"@type":"WebSite","@id":"https:\/\/archiviocassano.lavocedelpaese.info\/#website","url":"https:\/\/archiviocassano.lavocedelpaese.info\/","name":"Archivio CassanoWeb","description":"La Voce del Paese - un network di idee","publisher":{"@id":"https:\/\/archiviocassano.lavocedelpaese.info\/#organization"},"potentialAction":[{"@type":"SearchAction","target":{"@type":"EntryPoint","urlTemplate":"https:\/\/archiviocassano.lavocedelpaese.info\/?s={search_term_string}"},"query-input":{"@type":"PropertyValueSpecification","valueRequired":true,"valueName":"search_term_string"}}],"inLanguage":"it-IT"},{"@type":"Organization","@id":"https:\/\/archiviocassano.lavocedelpaese.info\/#organization","name":"Archivio CassanoWeb","url":"https:\/\/archiviocassano.lavocedelpaese.info\/","logo":{"@type":"ImageObject","inLanguage":"it-IT","@id":"https:\/\/archiviocassano.lavocedelpaese.info\/#\/schema\/logo\/image\/","url":"https:\/\/archiviocassano.lavocedelpaese.info\/wp-content\/uploads\/2024\/08\/logo-rosso-2.png","contentUrl":"https:\/\/archiviocassano.lavocedelpaese.info\/wp-content\/uploads\/2024\/08\/logo-rosso-2.png","width":491,"height":432,"caption":"Archivio CassanoWeb"},"image":{"@id":"https:\/\/archiviocassano.lavocedelpaese.info\/#\/schema\/logo\/image\/"},"sameAs":["https:\/\/www.facebook.com\/redazione.cassanoweb"]},{"@type":"Person","@id":"https:\/\/archiviocassano.lavocedelpaese.info\/#\/schema\/person\/df195bc79a9b4c35127cf005f92e041b","name":"admin","image":{"@type":"ImageObject","inLanguage":"it-IT","@id":"https:\/\/secure.gravatar.com\/avatar\/eabba89a432e8eaa1b0207cc55f7e5340b22712b1ed80677efcf63e02ff5b235?s=96&d=mm&r=g","url":"https:\/\/secure.gravatar.com\/avatar\/eabba89a432e8eaa1b0207cc55f7e5340b22712b1ed80677efcf63e02ff5b235?s=96&d=mm&r=g","contentUrl":"https:\/\/secure.gravatar.com\/avatar\/eabba89a432e8eaa1b0207cc55f7e5340b22712b1ed80677efcf63e02ff5b235?s=96&d=mm&r=g","caption":"admin"},"sameAs":["https:\/\/archiviocassano.lavocedelpaese.info"],"url":"https:\/\/archiviocassano.lavocedelpaese.info\/index.php\/author\/admin_0qgz1xdp\/"}]}},"_links":{"self":[{"href":"https:\/\/archiviocassano.lavocedelpaese.info\/index.php\/wp-json\/wp\/v2\/posts\/18134","targetHints":{"allow":["GET"]}}],"collection":[{"href":"https:\/\/archiviocassano.lavocedelpaese.info\/index.php\/wp-json\/wp\/v2\/posts"}],"about":[{"href":"https:\/\/archiviocassano.lavocedelpaese.info\/index.php\/wp-json\/wp\/v2\/types\/post"}],"author":[{"embeddable":true,"href":"https:\/\/archiviocassano.lavocedelpaese.info\/index.php\/wp-json\/wp\/v2\/users\/1"}],"replies":[{"embeddable":true,"href":"https:\/\/archiviocassano.lavocedelpaese.info\/index.php\/wp-json\/wp\/v2\/comments?post=18134"}],"version-history":[{"count":0,"href":"https:\/\/archiviocassano.lavocedelpaese.info\/index.php\/wp-json\/wp\/v2\/posts\/18134\/revisions"}],"wp:attachment":[{"href":"https:\/\/archiviocassano.lavocedelpaese.info\/index.php\/wp-json\/wp\/v2\/media?parent=18134"}],"wp:term":[{"taxonomy":"category","embeddable":true,"href":"https:\/\/archiviocassano.lavocedelpaese.info\/index.php\/wp-json\/wp\/v2\/categories?post=18134"},{"taxonomy":"post_tag","embeddable":true,"href":"https:\/\/archiviocassano.lavocedelpaese.info\/index.php\/wp-json\/wp\/v2\/tags?post=18134"}],"curies":[{"name":"wp","href":"https:\/\/api.w.org\/{rel}","templated":true}]}}