{"id":18319,"date":"2020-03-12T11:48:59","date_gmt":"2020-03-12T11:48:59","guid":{"rendered":"https:\/\/archiviocassano.lavocedelpaese.info\/index.php\/2020\/03\/12\/emergenza-coronavirus-controlli-serrati-delle-forze-dellordine-ma-a-cassano-pare-essere-tutto-ok-oggi-riunione-del-coc\/"},"modified":"2020-03-12T11:48:59","modified_gmt":"2020-03-12T11:48:59","slug":"emergenza-coronavirus-controlli-serrati-delle-forze-dellordine-ma-a-cassano-pare-essere-tutto-ok-oggi-riunione-del-coc","status":"publish","type":"post","link":"https:\/\/archiviocassano.lavocedelpaese.info\/index.php\/2020\/03\/12\/emergenza-coronavirus-controlli-serrati-delle-forze-dellordine-ma-a-cassano-pare-essere-tutto-ok-oggi-riunione-del-coc\/","title":{"rendered":"Emergenza coronavirus, controlli serrati delle forze dell&#8217;ordine"},"content":{"rendered":"<p style=\"text-align: justify;\"><a data-flickr-embed=\"true\" href=\"https:\/\/www.flickr.com\/photos\/184752021@N05\/49651291787\/in\/dateposted-public\/\" title=\"coronavirus-controlli\"><img loading=\"lazy\" decoding=\"async\" src=\"https:\/\/live.staticflickr.com\/65535\/49651291787_0fbc53cd14_z.jpg\" width=\"320\" height=\"150\" alt=\"coronavirus-controlli\" \/><\/a><\/p>\n<p><!--more--><\/p>\n<p style=\"text-align: justify;\">Sono stati attivati diversi controlli, fra ieri sera e questa mattina, da parte delle forze dell&#8217;ordine sul territorio cassanese per far osservare le disposizioni governative in materia di prevenzione per l&#8217;emergenza coronavirus.<\/p>\n<p style=\"text-align: justify;\">Sostanzialmente rispettate le chiusure di tutte quelle attivit\u00e0 non strategiche n\u00e8 essenziali previste dai Decreti. Non risultano esserci state multe n\u00e8 sanzioni.<\/p>\n<p style=\"text-align: justify;\">Praticamente tutti gli esercizi commerciali si sono auto-organizzati, predisponendo ingressi contingentati, avvisi alla clientela, posizionando riferimenti per far mantenere la distanza di sicurezza.<\/p>\n<p style=\"text-align: justify;\">Controlli a campione anche per gli automobilisti che viaggiano fuori paese e che devono motivare i loro spostamenti per lavoro o necessit\u00e0 ma in questo caso non siamo a conoscenza di eventuali denunce elevate dato che, com&#8217;\u00e8 noto, siamo nel campo del &#8220;penale&#8221; con la violazione del Codice.<\/p>\n<p style=\"text-align: justify;\">Intanto nel pomeriggio di oggi \u00e8 prevista una riunione del&nbsp;Centro Operativo Comunale che sul territorio cassanese funger\u00e0 da area di coordinamento e controllo per tutto quello che concerne l\u2019emergenza sanitaria legata al coronavirus. All&#8217;ordine del giorno le indicazioni sanitarie per la popolazione e misure per aumentare i controlli sulla base del nuovo DPCM emanato ieri sera dal Governo.<\/p>\n<p style=\"text-align: justify;\">Fino ad oggi sono state numerose le telefonate giunte al C.O.C.&nbsp;(al n.ro telefonico 080.3211.600) da parte di cittadini dubbiosi su cosa poter fare o non fare ma nessuna situazione di particolare emergenza.<\/p>\n<p style=\"text-align: justify;\">Al momento non sono segnalati casi di contagiati nel nostro paese mentre in Puglia &#8211; stando ai dati forniti ieri sera dal Presidente Michele Emiliano &#8211; i casi accertati sono 90 cosi suddivisi: 4 in Provincia di Bari; 2 in Provincia Bat; 9 in Provincia di Brindisi; 9 in Provincia di Foggia; 1 in provincia di Taranto.<\/p>\n<p style=\"text-align: justify;\">&nbsp;<\/p>\n<p style=\"text-align: justify;\"><em>Infine, pubblichiamo di seguito la parte essenziale del nuovo DPCM emanato ieri sera dal Governo, con l&#8217;indicazione degli esercizi commerciali che devono restare chiusi e quelli che invece possono rimanere aperti.<\/em><\/p>\n<p style=\"text-align: justify;\">&nbsp;<\/p>\n<p align=\"center\"><strong>&nbsp;<\/strong><\/p>\n<p align=\"center\"><strong>(&#8230;)<\/strong><\/p>\n<p align=\"center\"><strong>DECRETA:<\/strong><\/p>\n<p align=\"center\"><strong>ART. 1<\/strong><\/p>\n<p align=\"center\"><strong><i>(Misure urgenti di contenimento del contagio sull\u2019intero territorio nazionale )<\/i><\/strong><\/p>\n<p>Allo scopo di contrastare e contenere il diffondersi del virus COVID-19 sono adottate le seguenti misure:<\/p>\n<ol>\n<li>&nbsp;&nbsp;&nbsp;&nbsp;&nbsp; Sono sospese le attivit\u00e0 commerciali al dettaglio, fatta eccezione per le attivit\u00e0 di vendita di generi alimentari e di prima necessit\u00e0 individuate nell\u2019allegato 1, sia nell\u2019ambito&nbsp; degli esercizi commerciali di vicinato, sia nell\u2019ambito&nbsp; della media e grande distribuzione, anche ricompresi nei centri commerciali, purch\u00e9 sia consentito l\u2019accesso alle sole predette attivit\u00e0. Sono chiusi, indipendentemente dalla tipologia di attivit\u00e0 svolta, i mercati, salvo le attivit\u00e0 dirette alla vendita di soli generi alimentari. Restano aperte le edicole, i tabaccai, le farmacie, le parafarmacie. Deve essere in ogni caso garantita la distanza di sicurezza interpersonale di un metro.<\/li>\n<li>&nbsp;&nbsp;&nbsp;&nbsp;&nbsp; Sono sospese le attivit\u00e0 dei servizi di ristorazione (fra cui bar, pub, ristoranti, gelaterie, pasticcerie), ad esclusione delle mense e del catering continuativo su base contrattuale, che garantiscono la distanza di sicurezza interpersonale di un metro. Resta consentita la sola ristorazione con consegna a domicilio nel rispetto delle norme igienico sanitarie sia per l\u2019attivit\u00e0 di confezionamento che di trasporto. Restano, altres\u00ec, aperti gli esercizi di somministrazione di alimenti e bevande posti nelle aree di servizio e rifornimento carburante situati lungo la rete stradale, autostradale e all\u2019interno delle stazioni ferroviarie, aeroportuali, lacustri e negli ospedali garantendo la distanza di sicurezza interpersonale di un metro.<\/li>\n<li>&nbsp;&nbsp;&nbsp;&nbsp;&nbsp; Sono sospese le attivit\u00e0 inerenti i servizi alla persona (fra cui parrucchieri, barbieri, estetisti) diverse da quelle individuate nell\u2019allegato 2.<\/li>\n<li>&nbsp;&nbsp;&nbsp;&nbsp;&nbsp; Restano garantiti, nel rispetto delle norme igienico sanitarie, i servizi bancari, finanziari, assicurativi nonch\u00e9 l\u2019attivit\u00e0 del settore agricolo, zootecnico di trasformazione agro alimentare comprese le filiere che ne forniscono beni e servizi.<\/li>\n<li>&nbsp;&nbsp;&nbsp;&nbsp;&nbsp; Il Presidente della Regione con ordinanza di cui all\u2019articolo 3, comma 2, del decreto legge 23 febbraio 2020 n. 6, pu\u00f2 disporre la programmazione del servizio erogato dalle Aziende del Trasporto pubblico locale, anche non di linea, finalizzata alla riduzione e alla soppressione dei servizi in relazione agli interventi sanitari necessari per contenere l\u2019emergenza coronavirus sulla base delle effettive esigenze e al solo fine di assicurare i servizi minimi essenziali. Il Ministro delle infrastrutture e dei trasporti di concerto con il Ministro della salute pu\u00f2 disporre, al fine di contenere l\u2019emergenza sanitaria da coronavirus, la programmazione con riduzione e soppressione dei servizi automobilistici interregionali e di trasporto ferroviario, aereo e marittimo, &nbsp;sulla base delle effettive esigenze e al solo fine di assicurare i servizi minimi essenziali.<\/li>\n<li>&nbsp;&nbsp;&nbsp;&nbsp;&nbsp; &nbsp;Fermo restando quanto disposto dall\u2019articolo 1, comma 1, lettera e), del decreto del Presidente del Consiglio dei Ministri dell\u20198 marzo 2020 e fatte salve le attivit\u00e0 strettamente funzionali alla gestione dell\u2019emergenza, le pubbliche amministrazioni di cui all\u2019articolo 1, comma 2, del decreto legislativo 30 marzo 2001, n. 165, assicurano lo svolgimento in via ordinaria delle prestazioni lavorative in forma agile del proprio personale dipendente, anche in deroga agli accordi individuali e agli obblighi informativi di cui agli articoli da 18 a 23 della legge 22 maggio 2017, n. 81 e individuano le attivit\u00e0 indifferibili da rendere in presenza.<\/li>\n<li>&nbsp;&nbsp;&nbsp;&nbsp;&nbsp; In ordine alle attivit\u00e0 produttive e alle attivit\u00e0 professionali si raccomanda che:\n<ol>\n<li>&nbsp;&nbsp;&nbsp;&nbsp;&nbsp; sia attuato il massimo utilizzo da parte delle imprese di modalit\u00e0 di lavoro agile per le attivit\u00e0 che possono essere svolte al proprio domicilio o in modalit\u00e0 a distanza;<\/li>\n<li>&nbsp;&nbsp;&nbsp;&nbsp;&nbsp; siano &nbsp;incentivate le ferie e i congedi retribuiti per i dipendenti nonch\u00e9 gli altri strumenti previsti dalla contrattazione collettiva;<\/li>\n<li>&nbsp;&nbsp;&nbsp;&nbsp;&nbsp; siano sospese le attivit\u00e0 dei reparti aziendali non indispensabili alla produzione;<\/li>\n<li>&nbsp;&nbsp;&nbsp;&nbsp; assumano protocolli di sicurezza anti-contagio &nbsp;e, laddove non fosse possibile rispettare la distanza interpersonale di un metro come principale misura di contenimento,&nbsp; con adozione di strumenti di protezione individuale;<\/li>\n<li>&nbsp;&nbsp;&nbsp;&nbsp;&nbsp; siano incentivate le operazioni di sanificazione dei luoghi di lavoro, anche utilizzando a tal fine&nbsp; forme di ammortizzatori sociali;&nbsp;<\/li>\n<\/ol>\n<\/li>\n<li>&nbsp;&nbsp;&nbsp;&nbsp;&nbsp; &nbsp;per le sole attivit\u00e0 produttive si raccomanda altres\u00ec che siano limitati al massimo gli spostamenti all\u2019interno dei siti e contingentato l\u2019accesso agli spazi comuni;<\/li>\n<li>&nbsp;&nbsp;&nbsp;&nbsp;&nbsp; in relazione a quanto disposto nell\u2019ambito dei numeri 7 e 8 &nbsp;si favoriscono, limitatamente alle attivit\u00e0 produttive, intese tra organizzazioni datoriali e sindacali.<\/li>\n<\/ol>\n<p>11) &nbsp;Per tutte le attivit\u00e0 non sospese si esorta al massimo utilizzo delle modalit\u00e0 di lavoro agile.<\/p>\n<p align=\"center\"><strong>ART. 2<\/strong><\/p>\n<p align=\"center\">(<strong><i>Disposizioni finali<\/i>)<\/strong><\/p>\n<p>1. Le disposizioni del presente decreto producono effetto dalla data del 12 marzo 2020 e sono efficaci fino al 25 marzo 2020.<\/p>\n<p>2. Dalla data di efficacia delle disposizioni del presente decreto cessano di produrre effetti, ove incompatibili con le disposizioni del presente decreto, le misure di cui al &nbsp;decreto del Presidente del Consiglio dei ministri 8 marzo 2020 e del decreto del Presidente del Consiglio dei ministri 9 marzo 2020.<\/p>\n<p>Roma,<\/p>\n<p>&nbsp;&nbsp;&nbsp;&nbsp;&nbsp;&nbsp;&nbsp;&nbsp;&nbsp;&nbsp;&nbsp;&nbsp;&nbsp;&nbsp;&nbsp;&nbsp;&nbsp;&nbsp;&nbsp;&nbsp;&nbsp;&nbsp;&nbsp;&nbsp;&nbsp;&nbsp;&nbsp;&nbsp;&nbsp;&nbsp;&nbsp;&nbsp;&nbsp;&nbsp;&nbsp;&nbsp;&nbsp;&nbsp;&nbsp;&nbsp;&nbsp;&nbsp;&nbsp;&nbsp;&nbsp;&nbsp;&nbsp;&nbsp;&nbsp;&nbsp;&nbsp;&nbsp;&nbsp;&nbsp;&nbsp;&nbsp;&nbsp;&nbsp;&nbsp;&nbsp;&nbsp;&nbsp;&nbsp;&nbsp;&nbsp;&nbsp;&nbsp;&nbsp;&nbsp;&nbsp;<\/p>\n<p>IL PRESIDENTE DEL CONSIGLIO DEI MINISTRI<\/p>\n<p>IL MINISTRO DELLA SALUTE<\/p>\n<p align=\"center\"><strong>&nbsp;<\/strong><\/p>\n<p>&nbsp;<\/p>\n<p>Allegato 1<\/p>\n<p><strong>COMMERCIO AL DETTAGLIO<\/strong><\/p>\n<p>Ipermercati<\/p>\n<p>Supermercati<\/p>\n<p>Discount di alimentari<\/p>\n<p>Minimercati ed altri esercizi non specializzati di alimentari vari<\/p>\n<p>Commercio al dettaglio di prodotti surgelati<\/p>\n<p>Commercio al dettaglio in esercizi non specializzati di computer, periferiche, attrezzature per le telecomunicazioni, elettronica di consumo audio e video, elettrodomestici<\/p>\n<p>Commercio al dettaglio di prodotti alimentari, bevande e tabacco in esercizi specializzati (codici ateco: 47.2)<\/p>\n<p>Commercio al dettaglio di carburante per autotrazione in esercizi specializzati<\/p>\n<p>Commercio al dettaglio apparecchiature informatiche e per le telecomunicazioni (ICT) in esercizi specializzati (codice ateco: 47.4)<\/p>\n<p>Commercio al dettaglio di ferramenta, vernici, vetro piano e materiale elettrico e termoidraulico<\/p>\n<p>Commercio al dettaglio di articoli igienico-sanitari<\/p>\n<p>Commercio al dettaglio di articoli per l&#8217;illuminazione<\/p>\n<p>Commercio al dettaglio di giornali, riviste e periodici<\/p>\n<p>Farmacie<\/p>\n<p>Commercio al dettaglio in altri esercizi specializzati di medicinali non soggetti a prescrizione medica<\/p>\n<p>Commercio al dettaglio di articoli medicali e ortopedici in esercizi specializzati<\/p>\n<p>Commercio al dettaglio di articoli di profumeria, prodotti per toletta e per l&#8217;igiene personale<\/p>\n<p>Commercio al dettaglio di piccoli animali domestici<\/p>\n<p>Commercio al dettaglio di materiale per ottica e fotografia<\/p>\n<p>Commercio al dettaglio di combustibile per uso domestico e per riscaldamento<\/p>\n<p>Commercio al dettaglio di saponi, detersivi, prodotti per la lucidatura e affini<\/p>\n<p>Commercio al dettaglio di qualsiasi tipo di prodotto effettuato via internet<\/p>\n<p>Commercio al dettaglio di qualsiasi tipo di prodotto effettuato per televisione<\/p>\n<p>Commercio al dettaglio di qualsiasi tipo di prodotto per corrispondenza, radio, telefono<\/p>\n<p>Commercio effettuato per mezzo di distributori automatici<\/p>\n<p>&nbsp;<\/p>\n<p>Allegato 2<\/p>\n<p><strong>Servizi per la persona<\/strong><\/p>\n<p>Lavanderia e pulitura di articoli tessili e pelliccia<\/p>\n<p>Attivit\u00e0 delle lavanderie industriali<\/p>\n<p>Altre lavanderie, tintorie<\/p>\n<p>Servizi di pompe funebri e attivit\u00e0 connesse<\/p>\n<p>&nbsp;<\/p>\n<p style=\"text-align: justify;\">&nbsp;<\/p>\n<p>&nbsp;<\/p>\n","protected":false},"excerpt":{"rendered":"","protected":false},"author":1,"featured_media":0,"comment_status":"open","ping_status":"closed","sticky":false,"template":"","format":"standard","meta":{"colormag_page_container_layout":"default_layout","colormag_page_sidebar_layout":"default_layout","footnotes":""},"categories":[7],"tags":[],"class_list":["post-18319","post","type-post","status-publish","format-standard","hentry","category-attualita"],"yoast_head":"<!-- This site is optimized with the Yoast SEO plugin v27.5 - https:\/\/yoast.com\/product\/yoast-seo-wordpress\/ -->\n<title>Emergenza coronavirus, controlli serrati delle forze dell&#039;ordine - Archivio CassanoWeb<\/title>\n<meta name=\"robots\" content=\"index, follow, max-snippet:-1, max-image-preview:large, max-video-preview:-1\" \/>\n<link rel=\"canonical\" href=\"https:\/\/archiviocassano.lavocedelpaese.info\/index.php\/2020\/03\/12\/emergenza-coronavirus-controlli-serrati-delle-forze-dellordine-ma-a-cassano-pare-essere-tutto-ok-oggi-riunione-del-coc\/\" \/>\n<meta property=\"og:locale\" content=\"it_IT\" \/>\n<meta property=\"og:type\" content=\"article\" \/>\n<meta property=\"og:title\" content=\"Emergenza coronavirus, controlli serrati delle forze dell&#039;ordine - Archivio CassanoWeb\" \/>\n<meta property=\"og:url\" content=\"https:\/\/archiviocassano.lavocedelpaese.info\/index.php\/2020\/03\/12\/emergenza-coronavirus-controlli-serrati-delle-forze-dellordine-ma-a-cassano-pare-essere-tutto-ok-oggi-riunione-del-coc\/\" \/>\n<meta property=\"og:site_name\" content=\"Archivio CassanoWeb\" \/>\n<meta property=\"article:publisher\" content=\"https:\/\/www.facebook.com\/redazione.cassanoweb\" \/>\n<meta property=\"article:published_time\" content=\"2020-03-12T11:48:59+00:00\" \/>\n<meta property=\"og:image\" content=\"https:\/\/live.staticflickr.com\/65535\/49651291787_0fbc53cd14_z.jpg\" \/>\n<meta name=\"author\" content=\"admin\" \/>\n<meta name=\"twitter:card\" content=\"summary_large_image\" \/>\n<meta name=\"twitter:label1\" content=\"Scritto da\" \/>\n\t<meta name=\"twitter:data1\" content=\"admin\" \/>\n\t<meta name=\"twitter:label2\" content=\"Tempo di lettura stimato\" \/>\n\t<meta name=\"twitter:data2\" content=\"7 minuti\" \/>\n<script type=\"application\/ld+json\" class=\"yoast-schema-graph\">{\"@context\":\"https:\\\/\\\/schema.org\",\"@graph\":[{\"@type\":\"Article\",\"@id\":\"https:\\\/\\\/archiviocassano.lavocedelpaese.info\\\/index.php\\\/2020\\\/03\\\/12\\\/emergenza-coronavirus-controlli-serrati-delle-forze-dellordine-ma-a-cassano-pare-essere-tutto-ok-oggi-riunione-del-coc\\\/#article\",\"isPartOf\":{\"@id\":\"https:\\\/\\\/archiviocassano.lavocedelpaese.info\\\/index.php\\\/2020\\\/03\\\/12\\\/emergenza-coronavirus-controlli-serrati-delle-forze-dellordine-ma-a-cassano-pare-essere-tutto-ok-oggi-riunione-del-coc\\\/\"},\"author\":{\"name\":\"admin\",\"@id\":\"https:\\\/\\\/archiviocassano.lavocedelpaese.info\\\/#\\\/schema\\\/person\\\/df195bc79a9b4c35127cf005f92e041b\"},\"headline\":\"Emergenza coronavirus, controlli serrati delle forze dell&#8217;ordine\",\"datePublished\":\"2020-03-12T11:48:59+00:00\",\"mainEntityOfPage\":{\"@id\":\"https:\\\/\\\/archiviocassano.lavocedelpaese.info\\\/index.php\\\/2020\\\/03\\\/12\\\/emergenza-coronavirus-controlli-serrati-delle-forze-dellordine-ma-a-cassano-pare-essere-tutto-ok-oggi-riunione-del-coc\\\/\"},\"wordCount\":1497,\"commentCount\":0,\"publisher\":{\"@id\":\"https:\\\/\\\/archiviocassano.lavocedelpaese.info\\\/#organization\"},\"image\":{\"@id\":\"https:\\\/\\\/archiviocassano.lavocedelpaese.info\\\/index.php\\\/2020\\\/03\\\/12\\\/emergenza-coronavirus-controlli-serrati-delle-forze-dellordine-ma-a-cassano-pare-essere-tutto-ok-oggi-riunione-del-coc\\\/#primaryimage\"},\"thumbnailUrl\":\"https:\\\/\\\/live.staticflickr.com\\\/65535\\\/49651291787_0fbc53cd14_z.jpg\",\"articleSection\":[\"Attualit\u00e0\"],\"inLanguage\":\"it-IT\",\"potentialAction\":[{\"@type\":\"CommentAction\",\"name\":\"Comment\",\"target\":[\"https:\\\/\\\/archiviocassano.lavocedelpaese.info\\\/index.php\\\/2020\\\/03\\\/12\\\/emergenza-coronavirus-controlli-serrati-delle-forze-dellordine-ma-a-cassano-pare-essere-tutto-ok-oggi-riunione-del-coc\\\/#respond\"]}]},{\"@type\":\"WebPage\",\"@id\":\"https:\\\/\\\/archiviocassano.lavocedelpaese.info\\\/index.php\\\/2020\\\/03\\\/12\\\/emergenza-coronavirus-controlli-serrati-delle-forze-dellordine-ma-a-cassano-pare-essere-tutto-ok-oggi-riunione-del-coc\\\/\",\"url\":\"https:\\\/\\\/archiviocassano.lavocedelpaese.info\\\/index.php\\\/2020\\\/03\\\/12\\\/emergenza-coronavirus-controlli-serrati-delle-forze-dellordine-ma-a-cassano-pare-essere-tutto-ok-oggi-riunione-del-coc\\\/\",\"name\":\"Emergenza coronavirus, controlli serrati delle forze dell'ordine - Archivio CassanoWeb\",\"isPartOf\":{\"@id\":\"https:\\\/\\\/archiviocassano.lavocedelpaese.info\\\/#website\"},\"primaryImageOfPage\":{\"@id\":\"https:\\\/\\\/archiviocassano.lavocedelpaese.info\\\/index.php\\\/2020\\\/03\\\/12\\\/emergenza-coronavirus-controlli-serrati-delle-forze-dellordine-ma-a-cassano-pare-essere-tutto-ok-oggi-riunione-del-coc\\\/#primaryimage\"},\"image\":{\"@id\":\"https:\\\/\\\/archiviocassano.lavocedelpaese.info\\\/index.php\\\/2020\\\/03\\\/12\\\/emergenza-coronavirus-controlli-serrati-delle-forze-dellordine-ma-a-cassano-pare-essere-tutto-ok-oggi-riunione-del-coc\\\/#primaryimage\"},\"thumbnailUrl\":\"https:\\\/\\\/live.staticflickr.com\\\/65535\\\/49651291787_0fbc53cd14_z.jpg\",\"datePublished\":\"2020-03-12T11:48:59+00:00\",\"breadcrumb\":{\"@id\":\"https:\\\/\\\/archiviocassano.lavocedelpaese.info\\\/index.php\\\/2020\\\/03\\\/12\\\/emergenza-coronavirus-controlli-serrati-delle-forze-dellordine-ma-a-cassano-pare-essere-tutto-ok-oggi-riunione-del-coc\\\/#breadcrumb\"},\"inLanguage\":\"it-IT\",\"potentialAction\":[{\"@type\":\"ReadAction\",\"target\":[\"https:\\\/\\\/archiviocassano.lavocedelpaese.info\\\/index.php\\\/2020\\\/03\\\/12\\\/emergenza-coronavirus-controlli-serrati-delle-forze-dellordine-ma-a-cassano-pare-essere-tutto-ok-oggi-riunione-del-coc\\\/\"]}]},{\"@type\":\"ImageObject\",\"inLanguage\":\"it-IT\",\"@id\":\"https:\\\/\\\/archiviocassano.lavocedelpaese.info\\\/index.php\\\/2020\\\/03\\\/12\\\/emergenza-coronavirus-controlli-serrati-delle-forze-dellordine-ma-a-cassano-pare-essere-tutto-ok-oggi-riunione-del-coc\\\/#primaryimage\",\"url\":\"https:\\\/\\\/live.staticflickr.com\\\/65535\\\/49651291787_0fbc53cd14_z.jpg\",\"contentUrl\":\"https:\\\/\\\/live.staticflickr.com\\\/65535\\\/49651291787_0fbc53cd14_z.jpg\"},{\"@type\":\"BreadcrumbList\",\"@id\":\"https:\\\/\\\/archiviocassano.lavocedelpaese.info\\\/index.php\\\/2020\\\/03\\\/12\\\/emergenza-coronavirus-controlli-serrati-delle-forze-dellordine-ma-a-cassano-pare-essere-tutto-ok-oggi-riunione-del-coc\\\/#breadcrumb\",\"itemListElement\":[{\"@type\":\"ListItem\",\"position\":1,\"name\":\"Home\",\"item\":\"https:\\\/\\\/archiviocassano.lavocedelpaese.info\\\/\"},{\"@type\":\"ListItem\",\"position\":2,\"name\":\"Emergenza coronavirus, controlli serrati delle forze dell&#8217;ordine\"}]},{\"@type\":\"WebSite\",\"@id\":\"https:\\\/\\\/archiviocassano.lavocedelpaese.info\\\/#website\",\"url\":\"https:\\\/\\\/archiviocassano.lavocedelpaese.info\\\/\",\"name\":\"Archivio CassanoWeb\",\"description\":\"La Voce del Paese - un network di idee\",\"publisher\":{\"@id\":\"https:\\\/\\\/archiviocassano.lavocedelpaese.info\\\/#organization\"},\"potentialAction\":[{\"@type\":\"SearchAction\",\"target\":{\"@type\":\"EntryPoint\",\"urlTemplate\":\"https:\\\/\\\/archiviocassano.lavocedelpaese.info\\\/?s={search_term_string}\"},\"query-input\":{\"@type\":\"PropertyValueSpecification\",\"valueRequired\":true,\"valueName\":\"search_term_string\"}}],\"inLanguage\":\"it-IT\"},{\"@type\":\"Organization\",\"@id\":\"https:\\\/\\\/archiviocassano.lavocedelpaese.info\\\/#organization\",\"name\":\"Archivio CassanoWeb\",\"url\":\"https:\\\/\\\/archiviocassano.lavocedelpaese.info\\\/\",\"logo\":{\"@type\":\"ImageObject\",\"inLanguage\":\"it-IT\",\"@id\":\"https:\\\/\\\/archiviocassano.lavocedelpaese.info\\\/#\\\/schema\\\/logo\\\/image\\\/\",\"url\":\"https:\\\/\\\/archiviocassano.lavocedelpaese.info\\\/wp-content\\\/uploads\\\/2024\\\/08\\\/logo-rosso-2.png\",\"contentUrl\":\"https:\\\/\\\/archiviocassano.lavocedelpaese.info\\\/wp-content\\\/uploads\\\/2024\\\/08\\\/logo-rosso-2.png\",\"width\":491,\"height\":432,\"caption\":\"Archivio CassanoWeb\"},\"image\":{\"@id\":\"https:\\\/\\\/archiviocassano.lavocedelpaese.info\\\/#\\\/schema\\\/logo\\\/image\\\/\"},\"sameAs\":[\"https:\\\/\\\/www.facebook.com\\\/redazione.cassanoweb\"]},{\"@type\":\"Person\",\"@id\":\"https:\\\/\\\/archiviocassano.lavocedelpaese.info\\\/#\\\/schema\\\/person\\\/df195bc79a9b4c35127cf005f92e041b\",\"name\":\"admin\",\"image\":{\"@type\":\"ImageObject\",\"inLanguage\":\"it-IT\",\"@id\":\"https:\\\/\\\/secure.gravatar.com\\\/avatar\\\/eabba89a432e8eaa1b0207cc55f7e5340b22712b1ed80677efcf63e02ff5b235?s=96&d=mm&r=g\",\"url\":\"https:\\\/\\\/secure.gravatar.com\\\/avatar\\\/eabba89a432e8eaa1b0207cc55f7e5340b22712b1ed80677efcf63e02ff5b235?s=96&d=mm&r=g\",\"contentUrl\":\"https:\\\/\\\/secure.gravatar.com\\\/avatar\\\/eabba89a432e8eaa1b0207cc55f7e5340b22712b1ed80677efcf63e02ff5b235?s=96&d=mm&r=g\",\"caption\":\"admin\"},\"sameAs\":[\"https:\\\/\\\/archiviocassano.lavocedelpaese.info\"],\"url\":\"https:\\\/\\\/archiviocassano.lavocedelpaese.info\\\/index.php\\\/author\\\/admin_0qgz1xdp\\\/\"}]}<\/script>\n<!-- \/ Yoast SEO plugin. -->","yoast_head_json":{"title":"Emergenza coronavirus, controlli serrati delle forze dell'ordine - Archivio CassanoWeb","robots":{"index":"index","follow":"follow","max-snippet":"max-snippet:-1","max-image-preview":"max-image-preview:large","max-video-preview":"max-video-preview:-1"},"canonical":"https:\/\/archiviocassano.lavocedelpaese.info\/index.php\/2020\/03\/12\/emergenza-coronavirus-controlli-serrati-delle-forze-dellordine-ma-a-cassano-pare-essere-tutto-ok-oggi-riunione-del-coc\/","og_locale":"it_IT","og_type":"article","og_title":"Emergenza coronavirus, controlli serrati delle forze dell'ordine - Archivio CassanoWeb","og_url":"https:\/\/archiviocassano.lavocedelpaese.info\/index.php\/2020\/03\/12\/emergenza-coronavirus-controlli-serrati-delle-forze-dellordine-ma-a-cassano-pare-essere-tutto-ok-oggi-riunione-del-coc\/","og_site_name":"Archivio CassanoWeb","article_publisher":"https:\/\/www.facebook.com\/redazione.cassanoweb","article_published_time":"2020-03-12T11:48:59+00:00","og_image":[{"url":"https:\/\/live.staticflickr.com\/65535\/49651291787_0fbc53cd14_z.jpg","type":"","width":"","height":""}],"author":"admin","twitter_card":"summary_large_image","twitter_misc":{"Scritto da":"admin","Tempo di lettura stimato":"7 minuti"},"schema":{"@context":"https:\/\/schema.org","@graph":[{"@type":"Article","@id":"https:\/\/archiviocassano.lavocedelpaese.info\/index.php\/2020\/03\/12\/emergenza-coronavirus-controlli-serrati-delle-forze-dellordine-ma-a-cassano-pare-essere-tutto-ok-oggi-riunione-del-coc\/#article","isPartOf":{"@id":"https:\/\/archiviocassano.lavocedelpaese.info\/index.php\/2020\/03\/12\/emergenza-coronavirus-controlli-serrati-delle-forze-dellordine-ma-a-cassano-pare-essere-tutto-ok-oggi-riunione-del-coc\/"},"author":{"name":"admin","@id":"https:\/\/archiviocassano.lavocedelpaese.info\/#\/schema\/person\/df195bc79a9b4c35127cf005f92e041b"},"headline":"Emergenza coronavirus, controlli serrati delle forze dell&#8217;ordine","datePublished":"2020-03-12T11:48:59+00:00","mainEntityOfPage":{"@id":"https:\/\/archiviocassano.lavocedelpaese.info\/index.php\/2020\/03\/12\/emergenza-coronavirus-controlli-serrati-delle-forze-dellordine-ma-a-cassano-pare-essere-tutto-ok-oggi-riunione-del-coc\/"},"wordCount":1497,"commentCount":0,"publisher":{"@id":"https:\/\/archiviocassano.lavocedelpaese.info\/#organization"},"image":{"@id":"https:\/\/archiviocassano.lavocedelpaese.info\/index.php\/2020\/03\/12\/emergenza-coronavirus-controlli-serrati-delle-forze-dellordine-ma-a-cassano-pare-essere-tutto-ok-oggi-riunione-del-coc\/#primaryimage"},"thumbnailUrl":"https:\/\/live.staticflickr.com\/65535\/49651291787_0fbc53cd14_z.jpg","articleSection":["Attualit\u00e0"],"inLanguage":"it-IT","potentialAction":[{"@type":"CommentAction","name":"Comment","target":["https:\/\/archiviocassano.lavocedelpaese.info\/index.php\/2020\/03\/12\/emergenza-coronavirus-controlli-serrati-delle-forze-dellordine-ma-a-cassano-pare-essere-tutto-ok-oggi-riunione-del-coc\/#respond"]}]},{"@type":"WebPage","@id":"https:\/\/archiviocassano.lavocedelpaese.info\/index.php\/2020\/03\/12\/emergenza-coronavirus-controlli-serrati-delle-forze-dellordine-ma-a-cassano-pare-essere-tutto-ok-oggi-riunione-del-coc\/","url":"https:\/\/archiviocassano.lavocedelpaese.info\/index.php\/2020\/03\/12\/emergenza-coronavirus-controlli-serrati-delle-forze-dellordine-ma-a-cassano-pare-essere-tutto-ok-oggi-riunione-del-coc\/","name":"Emergenza coronavirus, controlli serrati delle forze dell'ordine - Archivio CassanoWeb","isPartOf":{"@id":"https:\/\/archiviocassano.lavocedelpaese.info\/#website"},"primaryImageOfPage":{"@id":"https:\/\/archiviocassano.lavocedelpaese.info\/index.php\/2020\/03\/12\/emergenza-coronavirus-controlli-serrati-delle-forze-dellordine-ma-a-cassano-pare-essere-tutto-ok-oggi-riunione-del-coc\/#primaryimage"},"image":{"@id":"https:\/\/archiviocassano.lavocedelpaese.info\/index.php\/2020\/03\/12\/emergenza-coronavirus-controlli-serrati-delle-forze-dellordine-ma-a-cassano-pare-essere-tutto-ok-oggi-riunione-del-coc\/#primaryimage"},"thumbnailUrl":"https:\/\/live.staticflickr.com\/65535\/49651291787_0fbc53cd14_z.jpg","datePublished":"2020-03-12T11:48:59+00:00","breadcrumb":{"@id":"https:\/\/archiviocassano.lavocedelpaese.info\/index.php\/2020\/03\/12\/emergenza-coronavirus-controlli-serrati-delle-forze-dellordine-ma-a-cassano-pare-essere-tutto-ok-oggi-riunione-del-coc\/#breadcrumb"},"inLanguage":"it-IT","potentialAction":[{"@type":"ReadAction","target":["https:\/\/archiviocassano.lavocedelpaese.info\/index.php\/2020\/03\/12\/emergenza-coronavirus-controlli-serrati-delle-forze-dellordine-ma-a-cassano-pare-essere-tutto-ok-oggi-riunione-del-coc\/"]}]},{"@type":"ImageObject","inLanguage":"it-IT","@id":"https:\/\/archiviocassano.lavocedelpaese.info\/index.php\/2020\/03\/12\/emergenza-coronavirus-controlli-serrati-delle-forze-dellordine-ma-a-cassano-pare-essere-tutto-ok-oggi-riunione-del-coc\/#primaryimage","url":"https:\/\/live.staticflickr.com\/65535\/49651291787_0fbc53cd14_z.jpg","contentUrl":"https:\/\/live.staticflickr.com\/65535\/49651291787_0fbc53cd14_z.jpg"},{"@type":"BreadcrumbList","@id":"https:\/\/archiviocassano.lavocedelpaese.info\/index.php\/2020\/03\/12\/emergenza-coronavirus-controlli-serrati-delle-forze-dellordine-ma-a-cassano-pare-essere-tutto-ok-oggi-riunione-del-coc\/#breadcrumb","itemListElement":[{"@type":"ListItem","position":1,"name":"Home","item":"https:\/\/archiviocassano.lavocedelpaese.info\/"},{"@type":"ListItem","position":2,"name":"Emergenza coronavirus, controlli serrati delle forze dell&#8217;ordine"}]},{"@type":"WebSite","@id":"https:\/\/archiviocassano.lavocedelpaese.info\/#website","url":"https:\/\/archiviocassano.lavocedelpaese.info\/","name":"Archivio CassanoWeb","description":"La Voce del Paese - un network di idee","publisher":{"@id":"https:\/\/archiviocassano.lavocedelpaese.info\/#organization"},"potentialAction":[{"@type":"SearchAction","target":{"@type":"EntryPoint","urlTemplate":"https:\/\/archiviocassano.lavocedelpaese.info\/?s={search_term_string}"},"query-input":{"@type":"PropertyValueSpecification","valueRequired":true,"valueName":"search_term_string"}}],"inLanguage":"it-IT"},{"@type":"Organization","@id":"https:\/\/archiviocassano.lavocedelpaese.info\/#organization","name":"Archivio CassanoWeb","url":"https:\/\/archiviocassano.lavocedelpaese.info\/","logo":{"@type":"ImageObject","inLanguage":"it-IT","@id":"https:\/\/archiviocassano.lavocedelpaese.info\/#\/schema\/logo\/image\/","url":"https:\/\/archiviocassano.lavocedelpaese.info\/wp-content\/uploads\/2024\/08\/logo-rosso-2.png","contentUrl":"https:\/\/archiviocassano.lavocedelpaese.info\/wp-content\/uploads\/2024\/08\/logo-rosso-2.png","width":491,"height":432,"caption":"Archivio CassanoWeb"},"image":{"@id":"https:\/\/archiviocassano.lavocedelpaese.info\/#\/schema\/logo\/image\/"},"sameAs":["https:\/\/www.facebook.com\/redazione.cassanoweb"]},{"@type":"Person","@id":"https:\/\/archiviocassano.lavocedelpaese.info\/#\/schema\/person\/df195bc79a9b4c35127cf005f92e041b","name":"admin","image":{"@type":"ImageObject","inLanguage":"it-IT","@id":"https:\/\/secure.gravatar.com\/avatar\/eabba89a432e8eaa1b0207cc55f7e5340b22712b1ed80677efcf63e02ff5b235?s=96&d=mm&r=g","url":"https:\/\/secure.gravatar.com\/avatar\/eabba89a432e8eaa1b0207cc55f7e5340b22712b1ed80677efcf63e02ff5b235?s=96&d=mm&r=g","contentUrl":"https:\/\/secure.gravatar.com\/avatar\/eabba89a432e8eaa1b0207cc55f7e5340b22712b1ed80677efcf63e02ff5b235?s=96&d=mm&r=g","caption":"admin"},"sameAs":["https:\/\/archiviocassano.lavocedelpaese.info"],"url":"https:\/\/archiviocassano.lavocedelpaese.info\/index.php\/author\/admin_0qgz1xdp\/"}]}},"_links":{"self":[{"href":"https:\/\/archiviocassano.lavocedelpaese.info\/index.php\/wp-json\/wp\/v2\/posts\/18319","targetHints":{"allow":["GET"]}}],"collection":[{"href":"https:\/\/archiviocassano.lavocedelpaese.info\/index.php\/wp-json\/wp\/v2\/posts"}],"about":[{"href":"https:\/\/archiviocassano.lavocedelpaese.info\/index.php\/wp-json\/wp\/v2\/types\/post"}],"author":[{"embeddable":true,"href":"https:\/\/archiviocassano.lavocedelpaese.info\/index.php\/wp-json\/wp\/v2\/users\/1"}],"replies":[{"embeddable":true,"href":"https:\/\/archiviocassano.lavocedelpaese.info\/index.php\/wp-json\/wp\/v2\/comments?post=18319"}],"version-history":[{"count":0,"href":"https:\/\/archiviocassano.lavocedelpaese.info\/index.php\/wp-json\/wp\/v2\/posts\/18319\/revisions"}],"wp:attachment":[{"href":"https:\/\/archiviocassano.lavocedelpaese.info\/index.php\/wp-json\/wp\/v2\/media?parent=18319"}],"wp:term":[{"taxonomy":"category","embeddable":true,"href":"https:\/\/archiviocassano.lavocedelpaese.info\/index.php\/wp-json\/wp\/v2\/categories?post=18319"},{"taxonomy":"post_tag","embeddable":true,"href":"https:\/\/archiviocassano.lavocedelpaese.info\/index.php\/wp-json\/wp\/v2\/tags?post=18319"}],"curies":[{"name":"wp","href":"https:\/\/api.w.org\/{rel}","templated":true}]}}