{"id":18364,"date":"2020-03-28T10:00:23","date_gmt":"2020-03-28T10:00:23","guid":{"rendered":"https:\/\/archiviocassano.lavocedelpaese.info\/index.php\/2020\/03\/28\/qil-carrello-della-caritaq-caritas-assessorato-comunale-ai-servizi-sociali-e-comunita-cattoliche-per-aiutare-chi-non-ce-la-fa\/"},"modified":"2020-03-28T10:00:23","modified_gmt":"2020-03-28T10:00:23","slug":"qil-carrello-della-caritaq-caritas-assessorato-comunale-ai-servizi-sociali-e-comunita-cattoliche-per-aiutare-chi-non-ce-la-fa","status":"publish","type":"post","link":"https:\/\/archiviocassano.lavocedelpaese.info\/index.php\/2020\/03\/28\/qil-carrello-della-caritaq-caritas-assessorato-comunale-ai-servizi-sociali-e-comunita-cattoliche-per-aiutare-chi-non-ce-la-fa\/","title":{"rendered":"&#8220;Il carrello della carit\u00e0&#8221; per aiutare chi non ce la fa"},"content":{"rendered":"<p style=\"text-align: justify;\"><a data-flickr-embed=\"true\" href=\"https:\/\/www.flickr.com\/photos\/184752021@N05\/49703358958\/in\/dateposted-public\/\" title=\"WhatsApp Image 2020-03-27 at 10.51.54 (1)\"><img loading=\"lazy\" decoding=\"async\" src=\"https:\/\/live.staticflickr.com\/65535\/49703358958_3d3ba5f8a5_z.jpg\" width=\"320\" height=\"150\" alt=\"WhatsApp Image 2020-03-27 at 10.51.54 (1)\" \/><\/a><\/p>\n<p><!--more--><\/p>\n<p style=\"text-align: justify;\">Sar\u00e0 operativa da domani, sabato 28 marzo, la rete di solidariet\u00e0 promossa dalla Caritas &#8220;Santa Maria Assunta&#8221;, dalla Caritas &#8220;Madonna delle Grazie&#8221; e dal Convento-Santuario &#8220;Madonna degli Angeli&#8221; nonch\u00e8 dall&#8217;Assessora ai Servizi Sociali del Comune di Cassano delle Murge, Maria Pia D&#8217;ambrosio in collaborazione con le comunit\u00e0 cattoliche cassanesi denominata &#8220;Il Carrello della Carit\u00e0&#8221;.<\/p>\n<p style=\"text-align: justify;\">In collaborazione con molte attivit\u00e0 commerciali del paese, in primis i supermercati, la rete permetter\u00e0 a chiunque di aiutare le famiglie cassanesi in difficolt\u00e0 in questo periodo di emergenza sanitaria: presso i diversi punti vendita saranno presenti dei carrelli dove chiunque potr\u00e0 lasciare i prodotti necessari al sostentamento quotidiano ed alla pulizia della casa e della persona, prodotti che l&#8217;assenza di reddito e i pochi soldi per alcuni diventando di difficile reperimento.<\/p>\n<p style=\"text-align: justify;\">Si accettano: pasta, riso, scatolame (tonno, conserve, ecc.), omogeneizzati, caff\u00e8, latte, ecc. nonch\u00e8 detersivi, saponi, pannolini, detergenti e quanto serve per la casa.<\/p>\n<p style=\"text-align: justify;\">I volontari della Caritas e delle due parrocchie cittadine nonch\u00e8 del Santuario &#8220;Madonna degli Angeli&#8221; provvederanno poi a distribuire quanto raccolto a seconda delle necessit\u00e0.<\/p>\n<p style=\"text-align: justify;\">Sar\u00e0 quindi attivato un conto corrente per sostenere anche con denaro le necessit\u00e0 di chi ha bisogno.<\/p>\n<p>&nbsp;<\/p>\n<p style=\"text-align: center;\"><a data-flickr-embed=\"true\" href=\"https:\/\/www.flickr.com\/photos\/184752021@N05\/49703970051\/in\/dateposted-public\/\" title=\"DSCN0034\"><img loading=\"lazy\" decoding=\"async\" src=\"https:\/\/live.staticflickr.com\/65535\/49703970051_6e0d0936ea.jpg\" width=\"375\" height=\"500\" alt=\"DSCN0034\" \/><\/a><\/p>\n<p style=\"text-align: justify;\">&nbsp;<\/p>\n<p><em>&#8220;Stiamo lavorando in emergenza<\/em> &#8211; <strong>spiega l&#8217;Assessora D&#8217;Ambrosio<\/strong> &#8211; <em>in stretto contatto fra l&#8217;Ufficio Servizi Sociali, a cui arrivano tante richieste e le parrocchie che seguono diversi casi. Dobbiamo aiutare quante pi\u00f9 persone possiamo: in questo momento dobbiamo dimostrare di essere davvero una comuni\u00e0 unita e coesa ed aiutarci gli uni gli altri&#8221;.<\/em><\/p>\n<p>L&#8217;Amministrazione comunale nei giorni scorsi ha stanziato la somma di 700 euro dal bilancio comunale a favore delle Caritas cittadine per sovvenire ai primi bisogni della popolazione pi\u00f9 povera.&nbsp;<\/p>\n<p>&nbsp;<\/p>\n<p style=\"text-align: center;\"><strong>DI SEGUITO IL COMUNICATO DIFFUSO DAI SACERDOTI E RELIGIOSI CASSANESI<\/strong><\/p>\n<p style=\"text-align: center;\">&nbsp;<\/p>\n<p><strong>\u201cCarrello della Carit\u00e0\u201d<\/strong><br \/><strong>Resto a casa ma non dimentico nessuno<\/strong><\/p>\n<p style=\"text-align: justify;\">La Caritas delle Comunit\u00e0 Ecclesiali di Cassano delle Murge, Santa Maria Assunta, Madonna delle Grazie e Santuario&nbsp;Santa Maria degli Angeli, con il patrocinio del Comune di Cassano delle Murge e in sinergia con l\u2019Assessorato ai Servizi Sociali&nbsp;continua e rafforza il servizio di accompagnamento delle fragilit\u00e0 e povert\u00e0 del territorio.<\/p>\n<p style=\"text-align: justify;\">Ogni Caritas \u00e8 all\u2019opera e risponde nel miglior modo possibile alle situazioni di emergenza provocate dal coronavirus.<\/p>\n<p style=\"text-align: justify;\">Si attiva \u201cil Carrello della Carit\u00e0\u201d presso le attivit\u00e0 commerciali che hanno aderito ed espongono il manifesto dedicato in&nbsp;attesa della risposta di altre realt\u00e0 che saranno inserite in elenco.<\/p>\n<p style=\"text-align: justify;\">All\u2019uscita dei Supermercati o delle attivit\u00e0 commerciali disponibili, sar\u00e0 posto un carrello vuoto. Chi lo desidera potr\u00e0&nbsp;depositare viveri di prima necessit\u00e0 e prodotti per la pulizia personale e di casa. Un incaricato della Caritas provveder\u00e0 al ritiro&nbsp;di quanto \u00e8 stato donato, distribuendolo alle Caritas parrocchiali.<\/p>\n<p style=\"text-align: justify;\">Il \u201cCarrello della Carit\u00e0\u201d \u00e8 un\u2019iniziativa che aderisce all\u2019invito-decreto \u201c#iorestoacasa\u201d consentendo di pensare ai pi\u00f9 poveri.<\/p>\n<p style=\"text-align: justify;\">Non \u00e8 necessario uscire appositamente: allungando la lista della propria spesa familiare (da preparare prima di uscire, per&nbsp;evitare lungaggini e assembramenti), si aggiunga quanto si desidera donare. Il carrello a disposizione funger\u00e0 da raccoglitore.<\/p>\n<p style=\"text-align: justify;\">Alcune attivit\u00e0 commerciali non hanno i carrelli: sar\u00e0 possibile accendere un buono spesa versando alla cassa il corrispettivo di&nbsp;quanto si desidera offrire. Gli incaricati Caritas provvederanno a convertire il buono in prodotti, prevalentemente freschi, per&nbsp;distribuirli.<\/p>\n<p style=\"text-align: justify;\">Si ringraziano le attivit\u00e0 commerciali che hanno aderito e che aderiranno al \u201cCarrello della Carit\u00e0\u201d.<\/p>\n<p style=\"text-align: justify;\">Indichiamo il numero di conto corrente delle parrocchie per consentire donazioni specificando la<\/p>\n<p style=\"text-align: justify;\">Causale: EMERGENZA CORONAVIRUS CARITAS 2020<\/p>\n<p style=\"text-align: justify;\">Parrocchia Santa Maria Assunta IBAN IT60 F084 6041 4300 0000 0905 115<br \/>Parrocchia Santa Maria delle Grazie IBAN IT88 P084 6041 4300 0000 1597 911<\/p>\n<p style=\"text-align: justify;\">Per contattare e\/o chiedere informazioni ecco i numeri attivi delle diverse Caritas e i servizi sociali<\/p>\n<p style=\"text-align: justify;\">\u2022 Parrocchia Santa Maria Assunta<br \/>Cell Parrocchiale 376 0190431<br \/>Cell Caritas 376 0190496<\/p>\n<p style=\"text-align: justify;\">\u2022 Parrocchia Santa Maria delle Grazie 080 764944 (Casa Betania)<\/p>\n<p style=\"text-align: justify;\">\u2022 Servizi Sociali 080 3211204 080 3211507<\/p>\n<p style=\"text-align: justify;\">\u2022 Polizia Municipale 080 3211600<\/p>\n<p style=\"text-align: justify;\">Per aggiornamenti pagina facebook: Carrello Della Carit\u00e0 Caritas<\/p>\n<p style=\"text-align: justify;\">Grazie per la vostra generosit\u00e0!<\/p>\n<p style=\"text-align: right;\"><strong>I presbiteri delle comunit\u00e0 di Cassano delle Murge<\/strong><\/p>\n<p style=\"text-align: justify;\">N.B: Le parrocchie e il Santuario sono aperte per la preghiera personale.<\/p>\n<p>&nbsp;<\/p>\n<p style=\"text-align: justify;\">&nbsp;<\/p>\n","protected":false},"excerpt":{"rendered":"","protected":false},"author":1,"featured_media":0,"comment_status":"open","ping_status":"closed","sticky":false,"template":"","format":"standard","meta":{"colormag_page_container_layout":"default_layout","colormag_page_sidebar_layout":"default_layout","footnotes":""},"categories":[7],"tags":[],"class_list":["post-18364","post","type-post","status-publish","format-standard","hentry","category-attualita"],"yoast_head":"<!-- This site is optimized with the Yoast SEO plugin v27.5 - https:\/\/yoast.com\/product\/yoast-seo-wordpress\/ -->\n<title>&quot;Il carrello della carit\u00e0&quot; per aiutare chi non ce la fa - Archivio CassanoWeb<\/title>\n<meta name=\"robots\" content=\"index, follow, max-snippet:-1, max-image-preview:large, max-video-preview:-1\" \/>\n<link rel=\"canonical\" href=\"https:\/\/archiviocassano.lavocedelpaese.info\/index.php\/2020\/03\/28\/qil-carrello-della-caritaq-caritas-assessorato-comunale-ai-servizi-sociali-e-comunita-cattoliche-per-aiutare-chi-non-ce-la-fa\/\" \/>\n<meta property=\"og:locale\" content=\"it_IT\" \/>\n<meta property=\"og:type\" content=\"article\" \/>\n<meta property=\"og:title\" content=\"&quot;Il carrello della carit\u00e0&quot; per aiutare chi non ce la fa - Archivio CassanoWeb\" \/>\n<meta property=\"og:url\" content=\"https:\/\/archiviocassano.lavocedelpaese.info\/index.php\/2020\/03\/28\/qil-carrello-della-caritaq-caritas-assessorato-comunale-ai-servizi-sociali-e-comunita-cattoliche-per-aiutare-chi-non-ce-la-fa\/\" \/>\n<meta property=\"og:site_name\" content=\"Archivio CassanoWeb\" \/>\n<meta property=\"article:publisher\" content=\"https:\/\/www.facebook.com\/redazione.cassanoweb\" \/>\n<meta property=\"article:published_time\" content=\"2020-03-28T10:00:23+00:00\" \/>\n<meta property=\"og:image\" content=\"https:\/\/live.staticflickr.com\/65535\/49703358958_3d3ba5f8a5_z.jpg\" \/>\n<meta name=\"author\" content=\"admin\" \/>\n<meta name=\"twitter:card\" content=\"summary_large_image\" \/>\n<meta name=\"twitter:label1\" content=\"Scritto da\" \/>\n\t<meta name=\"twitter:data1\" content=\"admin\" \/>\n\t<meta name=\"twitter:label2\" content=\"Tempo di lettura stimato\" \/>\n\t<meta name=\"twitter:data2\" content=\"3 minuti\" \/>\n<script type=\"application\/ld+json\" class=\"yoast-schema-graph\">{\"@context\":\"https:\\\/\\\/schema.org\",\"@graph\":[{\"@type\":\"Article\",\"@id\":\"https:\\\/\\\/archiviocassano.lavocedelpaese.info\\\/index.php\\\/2020\\\/03\\\/28\\\/qil-carrello-della-caritaq-caritas-assessorato-comunale-ai-servizi-sociali-e-comunita-cattoliche-per-aiutare-chi-non-ce-la-fa\\\/#article\",\"isPartOf\":{\"@id\":\"https:\\\/\\\/archiviocassano.lavocedelpaese.info\\\/index.php\\\/2020\\\/03\\\/28\\\/qil-carrello-della-caritaq-caritas-assessorato-comunale-ai-servizi-sociali-e-comunita-cattoliche-per-aiutare-chi-non-ce-la-fa\\\/\"},\"author\":{\"name\":\"admin\",\"@id\":\"https:\\\/\\\/archiviocassano.lavocedelpaese.info\\\/#\\\/schema\\\/person\\\/df195bc79a9b4c35127cf005f92e041b\"},\"headline\":\"&#8220;Il carrello della carit\u00e0&#8221; per aiutare chi non ce la fa\",\"datePublished\":\"2020-03-28T10:00:23+00:00\",\"mainEntityOfPage\":{\"@id\":\"https:\\\/\\\/archiviocassano.lavocedelpaese.info\\\/index.php\\\/2020\\\/03\\\/28\\\/qil-carrello-della-caritaq-caritas-assessorato-comunale-ai-servizi-sociali-e-comunita-cattoliche-per-aiutare-chi-non-ce-la-fa\\\/\"},\"wordCount\":674,\"commentCount\":0,\"publisher\":{\"@id\":\"https:\\\/\\\/archiviocassano.lavocedelpaese.info\\\/#organization\"},\"image\":{\"@id\":\"https:\\\/\\\/archiviocassano.lavocedelpaese.info\\\/index.php\\\/2020\\\/03\\\/28\\\/qil-carrello-della-caritaq-caritas-assessorato-comunale-ai-servizi-sociali-e-comunita-cattoliche-per-aiutare-chi-non-ce-la-fa\\\/#primaryimage\"},\"thumbnailUrl\":\"https:\\\/\\\/live.staticflickr.com\\\/65535\\\/49703358958_3d3ba5f8a5_z.jpg\",\"articleSection\":[\"Attualit\u00e0\"],\"inLanguage\":\"it-IT\",\"potentialAction\":[{\"@type\":\"CommentAction\",\"name\":\"Comment\",\"target\":[\"https:\\\/\\\/archiviocassano.lavocedelpaese.info\\\/index.php\\\/2020\\\/03\\\/28\\\/qil-carrello-della-caritaq-caritas-assessorato-comunale-ai-servizi-sociali-e-comunita-cattoliche-per-aiutare-chi-non-ce-la-fa\\\/#respond\"]}]},{\"@type\":\"WebPage\",\"@id\":\"https:\\\/\\\/archiviocassano.lavocedelpaese.info\\\/index.php\\\/2020\\\/03\\\/28\\\/qil-carrello-della-caritaq-caritas-assessorato-comunale-ai-servizi-sociali-e-comunita-cattoliche-per-aiutare-chi-non-ce-la-fa\\\/\",\"url\":\"https:\\\/\\\/archiviocassano.lavocedelpaese.info\\\/index.php\\\/2020\\\/03\\\/28\\\/qil-carrello-della-caritaq-caritas-assessorato-comunale-ai-servizi-sociali-e-comunita-cattoliche-per-aiutare-chi-non-ce-la-fa\\\/\",\"name\":\"\\\"Il carrello della carit\u00e0\\\" per aiutare chi non ce la fa - Archivio CassanoWeb\",\"isPartOf\":{\"@id\":\"https:\\\/\\\/archiviocassano.lavocedelpaese.info\\\/#website\"},\"primaryImageOfPage\":{\"@id\":\"https:\\\/\\\/archiviocassano.lavocedelpaese.info\\\/index.php\\\/2020\\\/03\\\/28\\\/qil-carrello-della-caritaq-caritas-assessorato-comunale-ai-servizi-sociali-e-comunita-cattoliche-per-aiutare-chi-non-ce-la-fa\\\/#primaryimage\"},\"image\":{\"@id\":\"https:\\\/\\\/archiviocassano.lavocedelpaese.info\\\/index.php\\\/2020\\\/03\\\/28\\\/qil-carrello-della-caritaq-caritas-assessorato-comunale-ai-servizi-sociali-e-comunita-cattoliche-per-aiutare-chi-non-ce-la-fa\\\/#primaryimage\"},\"thumbnailUrl\":\"https:\\\/\\\/live.staticflickr.com\\\/65535\\\/49703358958_3d3ba5f8a5_z.jpg\",\"datePublished\":\"2020-03-28T10:00:23+00:00\",\"breadcrumb\":{\"@id\":\"https:\\\/\\\/archiviocassano.lavocedelpaese.info\\\/index.php\\\/2020\\\/03\\\/28\\\/qil-carrello-della-caritaq-caritas-assessorato-comunale-ai-servizi-sociali-e-comunita-cattoliche-per-aiutare-chi-non-ce-la-fa\\\/#breadcrumb\"},\"inLanguage\":\"it-IT\",\"potentialAction\":[{\"@type\":\"ReadAction\",\"target\":[\"https:\\\/\\\/archiviocassano.lavocedelpaese.info\\\/index.php\\\/2020\\\/03\\\/28\\\/qil-carrello-della-caritaq-caritas-assessorato-comunale-ai-servizi-sociali-e-comunita-cattoliche-per-aiutare-chi-non-ce-la-fa\\\/\"]}]},{\"@type\":\"ImageObject\",\"inLanguage\":\"it-IT\",\"@id\":\"https:\\\/\\\/archiviocassano.lavocedelpaese.info\\\/index.php\\\/2020\\\/03\\\/28\\\/qil-carrello-della-caritaq-caritas-assessorato-comunale-ai-servizi-sociali-e-comunita-cattoliche-per-aiutare-chi-non-ce-la-fa\\\/#primaryimage\",\"url\":\"https:\\\/\\\/live.staticflickr.com\\\/65535\\\/49703358958_3d3ba5f8a5_z.jpg\",\"contentUrl\":\"https:\\\/\\\/live.staticflickr.com\\\/65535\\\/49703358958_3d3ba5f8a5_z.jpg\"},{\"@type\":\"BreadcrumbList\",\"@id\":\"https:\\\/\\\/archiviocassano.lavocedelpaese.info\\\/index.php\\\/2020\\\/03\\\/28\\\/qil-carrello-della-caritaq-caritas-assessorato-comunale-ai-servizi-sociali-e-comunita-cattoliche-per-aiutare-chi-non-ce-la-fa\\\/#breadcrumb\",\"itemListElement\":[{\"@type\":\"ListItem\",\"position\":1,\"name\":\"Home\",\"item\":\"https:\\\/\\\/archiviocassano.lavocedelpaese.info\\\/\"},{\"@type\":\"ListItem\",\"position\":2,\"name\":\"&#8220;Il carrello della carit\u00e0&#8221; per aiutare chi non ce la fa\"}]},{\"@type\":\"WebSite\",\"@id\":\"https:\\\/\\\/archiviocassano.lavocedelpaese.info\\\/#website\",\"url\":\"https:\\\/\\\/archiviocassano.lavocedelpaese.info\\\/\",\"name\":\"Archivio CassanoWeb\",\"description\":\"La Voce del Paese - un network di idee\",\"publisher\":{\"@id\":\"https:\\\/\\\/archiviocassano.lavocedelpaese.info\\\/#organization\"},\"potentialAction\":[{\"@type\":\"SearchAction\",\"target\":{\"@type\":\"EntryPoint\",\"urlTemplate\":\"https:\\\/\\\/archiviocassano.lavocedelpaese.info\\\/?s={search_term_string}\"},\"query-input\":{\"@type\":\"PropertyValueSpecification\",\"valueRequired\":true,\"valueName\":\"search_term_string\"}}],\"inLanguage\":\"it-IT\"},{\"@type\":\"Organization\",\"@id\":\"https:\\\/\\\/archiviocassano.lavocedelpaese.info\\\/#organization\",\"name\":\"Archivio CassanoWeb\",\"url\":\"https:\\\/\\\/archiviocassano.lavocedelpaese.info\\\/\",\"logo\":{\"@type\":\"ImageObject\",\"inLanguage\":\"it-IT\",\"@id\":\"https:\\\/\\\/archiviocassano.lavocedelpaese.info\\\/#\\\/schema\\\/logo\\\/image\\\/\",\"url\":\"https:\\\/\\\/archiviocassano.lavocedelpaese.info\\\/wp-content\\\/uploads\\\/2024\\\/08\\\/logo-rosso-2.png\",\"contentUrl\":\"https:\\\/\\\/archiviocassano.lavocedelpaese.info\\\/wp-content\\\/uploads\\\/2024\\\/08\\\/logo-rosso-2.png\",\"width\":491,\"height\":432,\"caption\":\"Archivio CassanoWeb\"},\"image\":{\"@id\":\"https:\\\/\\\/archiviocassano.lavocedelpaese.info\\\/#\\\/schema\\\/logo\\\/image\\\/\"},\"sameAs\":[\"https:\\\/\\\/www.facebook.com\\\/redazione.cassanoweb\"]},{\"@type\":\"Person\",\"@id\":\"https:\\\/\\\/archiviocassano.lavocedelpaese.info\\\/#\\\/schema\\\/person\\\/df195bc79a9b4c35127cf005f92e041b\",\"name\":\"admin\",\"image\":{\"@type\":\"ImageObject\",\"inLanguage\":\"it-IT\",\"@id\":\"https:\\\/\\\/secure.gravatar.com\\\/avatar\\\/eabba89a432e8eaa1b0207cc55f7e5340b22712b1ed80677efcf63e02ff5b235?s=96&d=mm&r=g\",\"url\":\"https:\\\/\\\/secure.gravatar.com\\\/avatar\\\/eabba89a432e8eaa1b0207cc55f7e5340b22712b1ed80677efcf63e02ff5b235?s=96&d=mm&r=g\",\"contentUrl\":\"https:\\\/\\\/secure.gravatar.com\\\/avatar\\\/eabba89a432e8eaa1b0207cc55f7e5340b22712b1ed80677efcf63e02ff5b235?s=96&d=mm&r=g\",\"caption\":\"admin\"},\"sameAs\":[\"https:\\\/\\\/archiviocassano.lavocedelpaese.info\"],\"url\":\"https:\\\/\\\/archiviocassano.lavocedelpaese.info\\\/index.php\\\/author\\\/admin_0qgz1xdp\\\/\"}]}<\/script>\n<!-- \/ Yoast SEO plugin. -->","yoast_head_json":{"title":"\"Il carrello della carit\u00e0\" per aiutare chi non ce la fa - Archivio CassanoWeb","robots":{"index":"index","follow":"follow","max-snippet":"max-snippet:-1","max-image-preview":"max-image-preview:large","max-video-preview":"max-video-preview:-1"},"canonical":"https:\/\/archiviocassano.lavocedelpaese.info\/index.php\/2020\/03\/28\/qil-carrello-della-caritaq-caritas-assessorato-comunale-ai-servizi-sociali-e-comunita-cattoliche-per-aiutare-chi-non-ce-la-fa\/","og_locale":"it_IT","og_type":"article","og_title":"\"Il carrello della carit\u00e0\" per aiutare chi non ce la fa - Archivio CassanoWeb","og_url":"https:\/\/archiviocassano.lavocedelpaese.info\/index.php\/2020\/03\/28\/qil-carrello-della-caritaq-caritas-assessorato-comunale-ai-servizi-sociali-e-comunita-cattoliche-per-aiutare-chi-non-ce-la-fa\/","og_site_name":"Archivio CassanoWeb","article_publisher":"https:\/\/www.facebook.com\/redazione.cassanoweb","article_published_time":"2020-03-28T10:00:23+00:00","og_image":[{"url":"https:\/\/live.staticflickr.com\/65535\/49703358958_3d3ba5f8a5_z.jpg","type":"","width":"","height":""}],"author":"admin","twitter_card":"summary_large_image","twitter_misc":{"Scritto da":"admin","Tempo di lettura stimato":"3 minuti"},"schema":{"@context":"https:\/\/schema.org","@graph":[{"@type":"Article","@id":"https:\/\/archiviocassano.lavocedelpaese.info\/index.php\/2020\/03\/28\/qil-carrello-della-caritaq-caritas-assessorato-comunale-ai-servizi-sociali-e-comunita-cattoliche-per-aiutare-chi-non-ce-la-fa\/#article","isPartOf":{"@id":"https:\/\/archiviocassano.lavocedelpaese.info\/index.php\/2020\/03\/28\/qil-carrello-della-caritaq-caritas-assessorato-comunale-ai-servizi-sociali-e-comunita-cattoliche-per-aiutare-chi-non-ce-la-fa\/"},"author":{"name":"admin","@id":"https:\/\/archiviocassano.lavocedelpaese.info\/#\/schema\/person\/df195bc79a9b4c35127cf005f92e041b"},"headline":"&#8220;Il carrello della carit\u00e0&#8221; per aiutare chi non ce la fa","datePublished":"2020-03-28T10:00:23+00:00","mainEntityOfPage":{"@id":"https:\/\/archiviocassano.lavocedelpaese.info\/index.php\/2020\/03\/28\/qil-carrello-della-caritaq-caritas-assessorato-comunale-ai-servizi-sociali-e-comunita-cattoliche-per-aiutare-chi-non-ce-la-fa\/"},"wordCount":674,"commentCount":0,"publisher":{"@id":"https:\/\/archiviocassano.lavocedelpaese.info\/#organization"},"image":{"@id":"https:\/\/archiviocassano.lavocedelpaese.info\/index.php\/2020\/03\/28\/qil-carrello-della-caritaq-caritas-assessorato-comunale-ai-servizi-sociali-e-comunita-cattoliche-per-aiutare-chi-non-ce-la-fa\/#primaryimage"},"thumbnailUrl":"https:\/\/live.staticflickr.com\/65535\/49703358958_3d3ba5f8a5_z.jpg","articleSection":["Attualit\u00e0"],"inLanguage":"it-IT","potentialAction":[{"@type":"CommentAction","name":"Comment","target":["https:\/\/archiviocassano.lavocedelpaese.info\/index.php\/2020\/03\/28\/qil-carrello-della-caritaq-caritas-assessorato-comunale-ai-servizi-sociali-e-comunita-cattoliche-per-aiutare-chi-non-ce-la-fa\/#respond"]}]},{"@type":"WebPage","@id":"https:\/\/archiviocassano.lavocedelpaese.info\/index.php\/2020\/03\/28\/qil-carrello-della-caritaq-caritas-assessorato-comunale-ai-servizi-sociali-e-comunita-cattoliche-per-aiutare-chi-non-ce-la-fa\/","url":"https:\/\/archiviocassano.lavocedelpaese.info\/index.php\/2020\/03\/28\/qil-carrello-della-caritaq-caritas-assessorato-comunale-ai-servizi-sociali-e-comunita-cattoliche-per-aiutare-chi-non-ce-la-fa\/","name":"\"Il carrello della carit\u00e0\" per aiutare chi non ce la fa - Archivio CassanoWeb","isPartOf":{"@id":"https:\/\/archiviocassano.lavocedelpaese.info\/#website"},"primaryImageOfPage":{"@id":"https:\/\/archiviocassano.lavocedelpaese.info\/index.php\/2020\/03\/28\/qil-carrello-della-caritaq-caritas-assessorato-comunale-ai-servizi-sociali-e-comunita-cattoliche-per-aiutare-chi-non-ce-la-fa\/#primaryimage"},"image":{"@id":"https:\/\/archiviocassano.lavocedelpaese.info\/index.php\/2020\/03\/28\/qil-carrello-della-caritaq-caritas-assessorato-comunale-ai-servizi-sociali-e-comunita-cattoliche-per-aiutare-chi-non-ce-la-fa\/#primaryimage"},"thumbnailUrl":"https:\/\/live.staticflickr.com\/65535\/49703358958_3d3ba5f8a5_z.jpg","datePublished":"2020-03-28T10:00:23+00:00","breadcrumb":{"@id":"https:\/\/archiviocassano.lavocedelpaese.info\/index.php\/2020\/03\/28\/qil-carrello-della-caritaq-caritas-assessorato-comunale-ai-servizi-sociali-e-comunita-cattoliche-per-aiutare-chi-non-ce-la-fa\/#breadcrumb"},"inLanguage":"it-IT","potentialAction":[{"@type":"ReadAction","target":["https:\/\/archiviocassano.lavocedelpaese.info\/index.php\/2020\/03\/28\/qil-carrello-della-caritaq-caritas-assessorato-comunale-ai-servizi-sociali-e-comunita-cattoliche-per-aiutare-chi-non-ce-la-fa\/"]}]},{"@type":"ImageObject","inLanguage":"it-IT","@id":"https:\/\/archiviocassano.lavocedelpaese.info\/index.php\/2020\/03\/28\/qil-carrello-della-caritaq-caritas-assessorato-comunale-ai-servizi-sociali-e-comunita-cattoliche-per-aiutare-chi-non-ce-la-fa\/#primaryimage","url":"https:\/\/live.staticflickr.com\/65535\/49703358958_3d3ba5f8a5_z.jpg","contentUrl":"https:\/\/live.staticflickr.com\/65535\/49703358958_3d3ba5f8a5_z.jpg"},{"@type":"BreadcrumbList","@id":"https:\/\/archiviocassano.lavocedelpaese.info\/index.php\/2020\/03\/28\/qil-carrello-della-caritaq-caritas-assessorato-comunale-ai-servizi-sociali-e-comunita-cattoliche-per-aiutare-chi-non-ce-la-fa\/#breadcrumb","itemListElement":[{"@type":"ListItem","position":1,"name":"Home","item":"https:\/\/archiviocassano.lavocedelpaese.info\/"},{"@type":"ListItem","position":2,"name":"&#8220;Il carrello della carit\u00e0&#8221; per aiutare chi non ce la fa"}]},{"@type":"WebSite","@id":"https:\/\/archiviocassano.lavocedelpaese.info\/#website","url":"https:\/\/archiviocassano.lavocedelpaese.info\/","name":"Archivio CassanoWeb","description":"La Voce del Paese - un network di idee","publisher":{"@id":"https:\/\/archiviocassano.lavocedelpaese.info\/#organization"},"potentialAction":[{"@type":"SearchAction","target":{"@type":"EntryPoint","urlTemplate":"https:\/\/archiviocassano.lavocedelpaese.info\/?s={search_term_string}"},"query-input":{"@type":"PropertyValueSpecification","valueRequired":true,"valueName":"search_term_string"}}],"inLanguage":"it-IT"},{"@type":"Organization","@id":"https:\/\/archiviocassano.lavocedelpaese.info\/#organization","name":"Archivio CassanoWeb","url":"https:\/\/archiviocassano.lavocedelpaese.info\/","logo":{"@type":"ImageObject","inLanguage":"it-IT","@id":"https:\/\/archiviocassano.lavocedelpaese.info\/#\/schema\/logo\/image\/","url":"https:\/\/archiviocassano.lavocedelpaese.info\/wp-content\/uploads\/2024\/08\/logo-rosso-2.png","contentUrl":"https:\/\/archiviocassano.lavocedelpaese.info\/wp-content\/uploads\/2024\/08\/logo-rosso-2.png","width":491,"height":432,"caption":"Archivio CassanoWeb"},"image":{"@id":"https:\/\/archiviocassano.lavocedelpaese.info\/#\/schema\/logo\/image\/"},"sameAs":["https:\/\/www.facebook.com\/redazione.cassanoweb"]},{"@type":"Person","@id":"https:\/\/archiviocassano.lavocedelpaese.info\/#\/schema\/person\/df195bc79a9b4c35127cf005f92e041b","name":"admin","image":{"@type":"ImageObject","inLanguage":"it-IT","@id":"https:\/\/secure.gravatar.com\/avatar\/eabba89a432e8eaa1b0207cc55f7e5340b22712b1ed80677efcf63e02ff5b235?s=96&d=mm&r=g","url":"https:\/\/secure.gravatar.com\/avatar\/eabba89a432e8eaa1b0207cc55f7e5340b22712b1ed80677efcf63e02ff5b235?s=96&d=mm&r=g","contentUrl":"https:\/\/secure.gravatar.com\/avatar\/eabba89a432e8eaa1b0207cc55f7e5340b22712b1ed80677efcf63e02ff5b235?s=96&d=mm&r=g","caption":"admin"},"sameAs":["https:\/\/archiviocassano.lavocedelpaese.info"],"url":"https:\/\/archiviocassano.lavocedelpaese.info\/index.php\/author\/admin_0qgz1xdp\/"}]}},"_links":{"self":[{"href":"https:\/\/archiviocassano.lavocedelpaese.info\/index.php\/wp-json\/wp\/v2\/posts\/18364","targetHints":{"allow":["GET"]}}],"collection":[{"href":"https:\/\/archiviocassano.lavocedelpaese.info\/index.php\/wp-json\/wp\/v2\/posts"}],"about":[{"href":"https:\/\/archiviocassano.lavocedelpaese.info\/index.php\/wp-json\/wp\/v2\/types\/post"}],"author":[{"embeddable":true,"href":"https:\/\/archiviocassano.lavocedelpaese.info\/index.php\/wp-json\/wp\/v2\/users\/1"}],"replies":[{"embeddable":true,"href":"https:\/\/archiviocassano.lavocedelpaese.info\/index.php\/wp-json\/wp\/v2\/comments?post=18364"}],"version-history":[{"count":0,"href":"https:\/\/archiviocassano.lavocedelpaese.info\/index.php\/wp-json\/wp\/v2\/posts\/18364\/revisions"}],"wp:attachment":[{"href":"https:\/\/archiviocassano.lavocedelpaese.info\/index.php\/wp-json\/wp\/v2\/media?parent=18364"}],"wp:term":[{"taxonomy":"category","embeddable":true,"href":"https:\/\/archiviocassano.lavocedelpaese.info\/index.php\/wp-json\/wp\/v2\/categories?post=18364"},{"taxonomy":"post_tag","embeddable":true,"href":"https:\/\/archiviocassano.lavocedelpaese.info\/index.php\/wp-json\/wp\/v2\/tags?post=18364"}],"curies":[{"name":"wp","href":"https:\/\/api.w.org\/{rel}","templated":true}]}}