{"id":18368,"date":"2020-03-28T17:46:36","date_gmt":"2020-03-28T17:46:36","guid":{"rendered":"https:\/\/archiviocassano.lavocedelpaese.info\/index.php\/2020\/03\/28\/i-capigruppo-alla-sindaca-battiamo-il-covid-senza-paure\/"},"modified":"2020-03-28T17:46:36","modified_gmt":"2020-03-28T17:46:36","slug":"i-capigruppo-alla-sindaca-battiamo-il-covid-senza-paure","status":"publish","type":"post","link":"https:\/\/archiviocassano.lavocedelpaese.info\/index.php\/2020\/03\/28\/i-capigruppo-alla-sindaca-battiamo-il-covid-senza-paure\/","title":{"rendered":"I capigruppo alla Sindaca: battiamo il Covid senza paure"},"content":{"rendered":"<p><a data-flickr-embed=\"true\" href=\"https:\/\/www.flickr.com\/photos\/184752021@N05\/49349543587\/in\/dateposted-public\/\" title=\"minoranze con linda\"><img loading=\"lazy\" decoding=\"async\" src=\"https:\/\/live.staticflickr.com\/65535\/49349543587_77fc9832ae_n.jpg\" width=\"320\" height=\"174\" alt=\"minoranze con linda\" \/><\/a><\/p>\n<p>&nbsp;<\/p>\n<p><!--more--><\/p>\n<div dir=\"ltr\" style=\"text-align: center;\">&nbsp;<\/div>\n<div dir=\"ltr\" style=\"text-align: justify;\">I capigruppo delle minoranze del Consiglio Comunale scrivono alla Di Medio una lettera in merito all&#8217;emergenza sanitaria. Ecco il testo.<\/div>\n<div dir=\"ltr\" style=\"text-align: justify;\">&nbsp;<\/div>\n<div dir=\"ltr\" style=\"text-align: center;\"><strong>Sconfiggere il coronavirus con la consapevolezza e non con le paure. Restiamo a casa ed osserviamo le regole.<\/strong><\/div>\n<div dir=\"ltr\">&nbsp;<\/div>\n<div dir=\"ltr\">Sig. Sindaco,<\/div>\n<div dir=\"ltr\">&nbsp;<\/div>\n<div dir=\"ltr\" style=\"text-align: justify;\">la nostra comunit\u00e0 come tutte le altre vive questa emergenza in preda a forti preoccupazioni&nbsp; che non riguardano solo il rischio di contrarre la malattia da coronavirus ma anche la situazione economica delle famiglie, l&#8217;impossibilit\u00e0 di lavorare, le scadenze da onorare, la spesa da fare e in alcuni casi il dover agire in casa con minori, con anziani, con persone con problemi di salute fisica, psichica e neurosensoriale o anche con dipendenza patologica da alcool, da sostanze o da tecnologie e sarebbe il caso di evitare certi titoloni.<\/div>\n<div dir=\"ltr\">&nbsp;<\/div>\n<div dir=\"ltr\">Abbiamo bisogno non di incutere timore ma di fare in modo che cresca nella nostra comunit\u00e0 la consapevolezza del problema attraverso un&#8217;informazione corretta che tenda a responsabilizzare al massimo i cittadini.<\/div>\n<div dir=\"ltr\">&nbsp;<\/div>\n<div dir=\"ltr\">I casi a ieri a Cassano sono pari a 2,7 positivi per ogni 10 mila persone mentre in Puglia 3.3 positivi ogni 10 mila pugliesi. Non dobbiamo dare l&#8217;idea che a Cassano l&#8217;infezione galoppi pi\u00f9 di altri contesti.<\/div>\n<div dir=\"ltr\">&nbsp;<\/div>\n<div dir=\"ltr\">E&#8217; corretto dire che l&#8217;infezione nelle comunit\u00e0 si diffonde facilmente e rapidamente ed \u00e8 per questo che occorre stare a casa anche perch\u00e8 in Puglia si fanno pochi tamponi e poco mirati per cui c&#8217;\u00e8 da attendersi che i casi a Cassano come in Puglia sono solo la punta di un iceberg.<\/div>\n<div dir=\"ltr\">&nbsp;<\/div>\n<div dir=\"ltr\">Lo diciamo con spirito colaborativo e costruttivo perch\u00e8 riteniamo che questa guerra non si sconfigge con le paure ma con la razionalit\u00e0, la consapevolezza e la responsabilit\u00e0.<\/div>\n<div dir=\"ltr\">&nbsp;<\/div>\n<div dir=\"ltr\">Restare a casa \u00e8 fondamentale e noi rivolgiamo lo stesso appello alla nostra comunit\u00e0 ma serve anche altro perch\u00e8 questa guerra possa essere vinta ed in tempi brevi.<\/div>\n<div dir=\"ltr\">&nbsp;<\/div>\n<div dir=\"ltr\">I cittadini restino a casa lo ripetiamo ma vorremmo anche che i titoloni della gazzetta fossero utilizzati per stimolare costruttivamente il sistema a fornire DPI per gli operatori, ad aumentare e a velocizzare l&#8217;esito dei tamponi, a richiedere un coordinamento regionale dei COC comunali, a spiegare alla comunit\u00e0 se e come stanno funzionando i servizi del Piano di Zona per il contrasto alla povert\u00e0 e per la protezione sociale dei disabili, degli anziani non autosufficienti soli a domicilio, per i disagiati psichici, per gli immigrati e cos\u00ec via, a rassenerare le famiglie se \u00e8 possibile assumere misure di sospensione o dilazione dei pagamenti dei tributi locali. Insomma vorremmo che i cittadini siano informati e resi partecipi.<\/div>\n<div dir=\"ltr\">&nbsp;<\/div>\n<div dir=\"ltr\">Noi Le rinnoviamo la nostra disponibilit\u00e0 ad offrirle tutta la nostra collaborazione e non ci intenda come consiglieri di opposizione ma come consiglieri.<\/div>\n<div>&nbsp;<\/div>\n<div>&nbsp;<\/div>\n<div style=\"text-align: right;\"><strong>I capogruppo di minoranza Catucci, Del Re, Santorsola<\/strong><\/div>\n<p>&nbsp;<\/p>\n<p>&nbsp;<\/p>\n","protected":false},"excerpt":{"rendered":"<p>&nbsp;<\/p>\n","protected":false},"author":1,"featured_media":0,"comment_status":"open","ping_status":"closed","sticky":false,"template":"","format":"standard","meta":{"colormag_page_container_layout":"default_layout","colormag_page_sidebar_layout":"default_layout","footnotes":""},"categories":[4],"tags":[],"class_list":["post-18368","post","type-post","status-publish","format-standard","hentry","category-politica"],"yoast_head":"<!-- This site is optimized with the Yoast SEO plugin v27.5 - https:\/\/yoast.com\/product\/yoast-seo-wordpress\/ -->\n<title>I capigruppo alla Sindaca: battiamo il Covid senza paure - Archivio CassanoWeb<\/title>\n<meta name=\"robots\" content=\"index, follow, max-snippet:-1, max-image-preview:large, max-video-preview:-1\" \/>\n<link rel=\"canonical\" href=\"https:\/\/archiviocassano.lavocedelpaese.info\/index.php\/2020\/03\/28\/i-capigruppo-alla-sindaca-battiamo-il-covid-senza-paure\/\" \/>\n<meta property=\"og:locale\" content=\"it_IT\" \/>\n<meta property=\"og:type\" content=\"article\" \/>\n<meta property=\"og:title\" content=\"I capigruppo alla Sindaca: battiamo il Covid senza paure - Archivio CassanoWeb\" \/>\n<meta property=\"og:description\" content=\"&nbsp;\" \/>\n<meta property=\"og:url\" content=\"https:\/\/archiviocassano.lavocedelpaese.info\/index.php\/2020\/03\/28\/i-capigruppo-alla-sindaca-battiamo-il-covid-senza-paure\/\" \/>\n<meta property=\"og:site_name\" content=\"Archivio CassanoWeb\" \/>\n<meta property=\"article:publisher\" content=\"https:\/\/www.facebook.com\/redazione.cassanoweb\" \/>\n<meta property=\"article:published_time\" content=\"2020-03-28T17:46:36+00:00\" \/>\n<meta property=\"og:image\" content=\"https:\/\/live.staticflickr.com\/65535\/49349543587_77fc9832ae_n.jpg\" \/>\n<meta name=\"author\" content=\"admin\" \/>\n<meta name=\"twitter:card\" content=\"summary_large_image\" \/>\n<meta name=\"twitter:label1\" content=\"Scritto da\" \/>\n\t<meta name=\"twitter:data1\" content=\"admin\" \/>\n\t<meta name=\"twitter:label2\" content=\"Tempo di lettura stimato\" \/>\n\t<meta name=\"twitter:data2\" content=\"2 minuti\" \/>\n<script type=\"application\/ld+json\" class=\"yoast-schema-graph\">{\"@context\":\"https:\\\/\\\/schema.org\",\"@graph\":[{\"@type\":\"Article\",\"@id\":\"https:\\\/\\\/archiviocassano.lavocedelpaese.info\\\/index.php\\\/2020\\\/03\\\/28\\\/i-capigruppo-alla-sindaca-battiamo-il-covid-senza-paure\\\/#article\",\"isPartOf\":{\"@id\":\"https:\\\/\\\/archiviocassano.lavocedelpaese.info\\\/index.php\\\/2020\\\/03\\\/28\\\/i-capigruppo-alla-sindaca-battiamo-il-covid-senza-paure\\\/\"},\"author\":{\"name\":\"admin\",\"@id\":\"https:\\\/\\\/archiviocassano.lavocedelpaese.info\\\/#\\\/schema\\\/person\\\/df195bc79a9b4c35127cf005f92e041b\"},\"headline\":\"I capigruppo alla Sindaca: battiamo il Covid senza paure\",\"datePublished\":\"2020-03-28T17:46:36+00:00\",\"mainEntityOfPage\":{\"@id\":\"https:\\\/\\\/archiviocassano.lavocedelpaese.info\\\/index.php\\\/2020\\\/03\\\/28\\\/i-capigruppo-alla-sindaca-battiamo-il-covid-senza-paure\\\/\"},\"wordCount\":477,\"commentCount\":0,\"publisher\":{\"@id\":\"https:\\\/\\\/archiviocassano.lavocedelpaese.info\\\/#organization\"},\"image\":{\"@id\":\"https:\\\/\\\/archiviocassano.lavocedelpaese.info\\\/index.php\\\/2020\\\/03\\\/28\\\/i-capigruppo-alla-sindaca-battiamo-il-covid-senza-paure\\\/#primaryimage\"},\"thumbnailUrl\":\"https:\\\/\\\/live.staticflickr.com\\\/65535\\\/49349543587_77fc9832ae_n.jpg\",\"articleSection\":[\"Politica\"],\"inLanguage\":\"it-IT\",\"potentialAction\":[{\"@type\":\"CommentAction\",\"name\":\"Comment\",\"target\":[\"https:\\\/\\\/archiviocassano.lavocedelpaese.info\\\/index.php\\\/2020\\\/03\\\/28\\\/i-capigruppo-alla-sindaca-battiamo-il-covid-senza-paure\\\/#respond\"]}]},{\"@type\":\"WebPage\",\"@id\":\"https:\\\/\\\/archiviocassano.lavocedelpaese.info\\\/index.php\\\/2020\\\/03\\\/28\\\/i-capigruppo-alla-sindaca-battiamo-il-covid-senza-paure\\\/\",\"url\":\"https:\\\/\\\/archiviocassano.lavocedelpaese.info\\\/index.php\\\/2020\\\/03\\\/28\\\/i-capigruppo-alla-sindaca-battiamo-il-covid-senza-paure\\\/\",\"name\":\"I capigruppo alla Sindaca: battiamo il Covid senza paure - Archivio CassanoWeb\",\"isPartOf\":{\"@id\":\"https:\\\/\\\/archiviocassano.lavocedelpaese.info\\\/#website\"},\"primaryImageOfPage\":{\"@id\":\"https:\\\/\\\/archiviocassano.lavocedelpaese.info\\\/index.php\\\/2020\\\/03\\\/28\\\/i-capigruppo-alla-sindaca-battiamo-il-covid-senza-paure\\\/#primaryimage\"},\"image\":{\"@id\":\"https:\\\/\\\/archiviocassano.lavocedelpaese.info\\\/index.php\\\/2020\\\/03\\\/28\\\/i-capigruppo-alla-sindaca-battiamo-il-covid-senza-paure\\\/#primaryimage\"},\"thumbnailUrl\":\"https:\\\/\\\/live.staticflickr.com\\\/65535\\\/49349543587_77fc9832ae_n.jpg\",\"datePublished\":\"2020-03-28T17:46:36+00:00\",\"breadcrumb\":{\"@id\":\"https:\\\/\\\/archiviocassano.lavocedelpaese.info\\\/index.php\\\/2020\\\/03\\\/28\\\/i-capigruppo-alla-sindaca-battiamo-il-covid-senza-paure\\\/#breadcrumb\"},\"inLanguage\":\"it-IT\",\"potentialAction\":[{\"@type\":\"ReadAction\",\"target\":[\"https:\\\/\\\/archiviocassano.lavocedelpaese.info\\\/index.php\\\/2020\\\/03\\\/28\\\/i-capigruppo-alla-sindaca-battiamo-il-covid-senza-paure\\\/\"]}]},{\"@type\":\"ImageObject\",\"inLanguage\":\"it-IT\",\"@id\":\"https:\\\/\\\/archiviocassano.lavocedelpaese.info\\\/index.php\\\/2020\\\/03\\\/28\\\/i-capigruppo-alla-sindaca-battiamo-il-covid-senza-paure\\\/#primaryimage\",\"url\":\"https:\\\/\\\/live.staticflickr.com\\\/65535\\\/49349543587_77fc9832ae_n.jpg\",\"contentUrl\":\"https:\\\/\\\/live.staticflickr.com\\\/65535\\\/49349543587_77fc9832ae_n.jpg\"},{\"@type\":\"BreadcrumbList\",\"@id\":\"https:\\\/\\\/archiviocassano.lavocedelpaese.info\\\/index.php\\\/2020\\\/03\\\/28\\\/i-capigruppo-alla-sindaca-battiamo-il-covid-senza-paure\\\/#breadcrumb\",\"itemListElement\":[{\"@type\":\"ListItem\",\"position\":1,\"name\":\"Home\",\"item\":\"https:\\\/\\\/archiviocassano.lavocedelpaese.info\\\/\"},{\"@type\":\"ListItem\",\"position\":2,\"name\":\"I capigruppo alla Sindaca: battiamo il Covid senza paure\"}]},{\"@type\":\"WebSite\",\"@id\":\"https:\\\/\\\/archiviocassano.lavocedelpaese.info\\\/#website\",\"url\":\"https:\\\/\\\/archiviocassano.lavocedelpaese.info\\\/\",\"name\":\"Archivio CassanoWeb\",\"description\":\"La Voce del Paese - un network di idee\",\"publisher\":{\"@id\":\"https:\\\/\\\/archiviocassano.lavocedelpaese.info\\\/#organization\"},\"potentialAction\":[{\"@type\":\"SearchAction\",\"target\":{\"@type\":\"EntryPoint\",\"urlTemplate\":\"https:\\\/\\\/archiviocassano.lavocedelpaese.info\\\/?s={search_term_string}\"},\"query-input\":{\"@type\":\"PropertyValueSpecification\",\"valueRequired\":true,\"valueName\":\"search_term_string\"}}],\"inLanguage\":\"it-IT\"},{\"@type\":\"Organization\",\"@id\":\"https:\\\/\\\/archiviocassano.lavocedelpaese.info\\\/#organization\",\"name\":\"Archivio CassanoWeb\",\"url\":\"https:\\\/\\\/archiviocassano.lavocedelpaese.info\\\/\",\"logo\":{\"@type\":\"ImageObject\",\"inLanguage\":\"it-IT\",\"@id\":\"https:\\\/\\\/archiviocassano.lavocedelpaese.info\\\/#\\\/schema\\\/logo\\\/image\\\/\",\"url\":\"https:\\\/\\\/archiviocassano.lavocedelpaese.info\\\/wp-content\\\/uploads\\\/2024\\\/08\\\/logo-rosso-2.png\",\"contentUrl\":\"https:\\\/\\\/archiviocassano.lavocedelpaese.info\\\/wp-content\\\/uploads\\\/2024\\\/08\\\/logo-rosso-2.png\",\"width\":491,\"height\":432,\"caption\":\"Archivio CassanoWeb\"},\"image\":{\"@id\":\"https:\\\/\\\/archiviocassano.lavocedelpaese.info\\\/#\\\/schema\\\/logo\\\/image\\\/\"},\"sameAs\":[\"https:\\\/\\\/www.facebook.com\\\/redazione.cassanoweb\"]},{\"@type\":\"Person\",\"@id\":\"https:\\\/\\\/archiviocassano.lavocedelpaese.info\\\/#\\\/schema\\\/person\\\/df195bc79a9b4c35127cf005f92e041b\",\"name\":\"admin\",\"image\":{\"@type\":\"ImageObject\",\"inLanguage\":\"it-IT\",\"@id\":\"https:\\\/\\\/secure.gravatar.com\\\/avatar\\\/eabba89a432e8eaa1b0207cc55f7e5340b22712b1ed80677efcf63e02ff5b235?s=96&d=mm&r=g\",\"url\":\"https:\\\/\\\/secure.gravatar.com\\\/avatar\\\/eabba89a432e8eaa1b0207cc55f7e5340b22712b1ed80677efcf63e02ff5b235?s=96&d=mm&r=g\",\"contentUrl\":\"https:\\\/\\\/secure.gravatar.com\\\/avatar\\\/eabba89a432e8eaa1b0207cc55f7e5340b22712b1ed80677efcf63e02ff5b235?s=96&d=mm&r=g\",\"caption\":\"admin\"},\"sameAs\":[\"https:\\\/\\\/archiviocassano.lavocedelpaese.info\"],\"url\":\"https:\\\/\\\/archiviocassano.lavocedelpaese.info\\\/index.php\\\/author\\\/admin_0qgz1xdp\\\/\"}]}<\/script>\n<!-- \/ Yoast SEO plugin. -->","yoast_head_json":{"title":"I capigruppo alla Sindaca: battiamo il Covid senza paure - Archivio CassanoWeb","robots":{"index":"index","follow":"follow","max-snippet":"max-snippet:-1","max-image-preview":"max-image-preview:large","max-video-preview":"max-video-preview:-1"},"canonical":"https:\/\/archiviocassano.lavocedelpaese.info\/index.php\/2020\/03\/28\/i-capigruppo-alla-sindaca-battiamo-il-covid-senza-paure\/","og_locale":"it_IT","og_type":"article","og_title":"I capigruppo alla Sindaca: battiamo il Covid senza paure - Archivio CassanoWeb","og_description":"&nbsp;","og_url":"https:\/\/archiviocassano.lavocedelpaese.info\/index.php\/2020\/03\/28\/i-capigruppo-alla-sindaca-battiamo-il-covid-senza-paure\/","og_site_name":"Archivio CassanoWeb","article_publisher":"https:\/\/www.facebook.com\/redazione.cassanoweb","article_published_time":"2020-03-28T17:46:36+00:00","og_image":[{"url":"https:\/\/live.staticflickr.com\/65535\/49349543587_77fc9832ae_n.jpg","type":"","width":"","height":""}],"author":"admin","twitter_card":"summary_large_image","twitter_misc":{"Scritto da":"admin","Tempo di lettura stimato":"2 minuti"},"schema":{"@context":"https:\/\/schema.org","@graph":[{"@type":"Article","@id":"https:\/\/archiviocassano.lavocedelpaese.info\/index.php\/2020\/03\/28\/i-capigruppo-alla-sindaca-battiamo-il-covid-senza-paure\/#article","isPartOf":{"@id":"https:\/\/archiviocassano.lavocedelpaese.info\/index.php\/2020\/03\/28\/i-capigruppo-alla-sindaca-battiamo-il-covid-senza-paure\/"},"author":{"name":"admin","@id":"https:\/\/archiviocassano.lavocedelpaese.info\/#\/schema\/person\/df195bc79a9b4c35127cf005f92e041b"},"headline":"I capigruppo alla Sindaca: battiamo il Covid senza paure","datePublished":"2020-03-28T17:46:36+00:00","mainEntityOfPage":{"@id":"https:\/\/archiviocassano.lavocedelpaese.info\/index.php\/2020\/03\/28\/i-capigruppo-alla-sindaca-battiamo-il-covid-senza-paure\/"},"wordCount":477,"commentCount":0,"publisher":{"@id":"https:\/\/archiviocassano.lavocedelpaese.info\/#organization"},"image":{"@id":"https:\/\/archiviocassano.lavocedelpaese.info\/index.php\/2020\/03\/28\/i-capigruppo-alla-sindaca-battiamo-il-covid-senza-paure\/#primaryimage"},"thumbnailUrl":"https:\/\/live.staticflickr.com\/65535\/49349543587_77fc9832ae_n.jpg","articleSection":["Politica"],"inLanguage":"it-IT","potentialAction":[{"@type":"CommentAction","name":"Comment","target":["https:\/\/archiviocassano.lavocedelpaese.info\/index.php\/2020\/03\/28\/i-capigruppo-alla-sindaca-battiamo-il-covid-senza-paure\/#respond"]}]},{"@type":"WebPage","@id":"https:\/\/archiviocassano.lavocedelpaese.info\/index.php\/2020\/03\/28\/i-capigruppo-alla-sindaca-battiamo-il-covid-senza-paure\/","url":"https:\/\/archiviocassano.lavocedelpaese.info\/index.php\/2020\/03\/28\/i-capigruppo-alla-sindaca-battiamo-il-covid-senza-paure\/","name":"I capigruppo alla Sindaca: battiamo il Covid senza paure - Archivio CassanoWeb","isPartOf":{"@id":"https:\/\/archiviocassano.lavocedelpaese.info\/#website"},"primaryImageOfPage":{"@id":"https:\/\/archiviocassano.lavocedelpaese.info\/index.php\/2020\/03\/28\/i-capigruppo-alla-sindaca-battiamo-il-covid-senza-paure\/#primaryimage"},"image":{"@id":"https:\/\/archiviocassano.lavocedelpaese.info\/index.php\/2020\/03\/28\/i-capigruppo-alla-sindaca-battiamo-il-covid-senza-paure\/#primaryimage"},"thumbnailUrl":"https:\/\/live.staticflickr.com\/65535\/49349543587_77fc9832ae_n.jpg","datePublished":"2020-03-28T17:46:36+00:00","breadcrumb":{"@id":"https:\/\/archiviocassano.lavocedelpaese.info\/index.php\/2020\/03\/28\/i-capigruppo-alla-sindaca-battiamo-il-covid-senza-paure\/#breadcrumb"},"inLanguage":"it-IT","potentialAction":[{"@type":"ReadAction","target":["https:\/\/archiviocassano.lavocedelpaese.info\/index.php\/2020\/03\/28\/i-capigruppo-alla-sindaca-battiamo-il-covid-senza-paure\/"]}]},{"@type":"ImageObject","inLanguage":"it-IT","@id":"https:\/\/archiviocassano.lavocedelpaese.info\/index.php\/2020\/03\/28\/i-capigruppo-alla-sindaca-battiamo-il-covid-senza-paure\/#primaryimage","url":"https:\/\/live.staticflickr.com\/65535\/49349543587_77fc9832ae_n.jpg","contentUrl":"https:\/\/live.staticflickr.com\/65535\/49349543587_77fc9832ae_n.jpg"},{"@type":"BreadcrumbList","@id":"https:\/\/archiviocassano.lavocedelpaese.info\/index.php\/2020\/03\/28\/i-capigruppo-alla-sindaca-battiamo-il-covid-senza-paure\/#breadcrumb","itemListElement":[{"@type":"ListItem","position":1,"name":"Home","item":"https:\/\/archiviocassano.lavocedelpaese.info\/"},{"@type":"ListItem","position":2,"name":"I capigruppo alla Sindaca: battiamo il Covid senza paure"}]},{"@type":"WebSite","@id":"https:\/\/archiviocassano.lavocedelpaese.info\/#website","url":"https:\/\/archiviocassano.lavocedelpaese.info\/","name":"Archivio CassanoWeb","description":"La Voce del Paese - un network di idee","publisher":{"@id":"https:\/\/archiviocassano.lavocedelpaese.info\/#organization"},"potentialAction":[{"@type":"SearchAction","target":{"@type":"EntryPoint","urlTemplate":"https:\/\/archiviocassano.lavocedelpaese.info\/?s={search_term_string}"},"query-input":{"@type":"PropertyValueSpecification","valueRequired":true,"valueName":"search_term_string"}}],"inLanguage":"it-IT"},{"@type":"Organization","@id":"https:\/\/archiviocassano.lavocedelpaese.info\/#organization","name":"Archivio CassanoWeb","url":"https:\/\/archiviocassano.lavocedelpaese.info\/","logo":{"@type":"ImageObject","inLanguage":"it-IT","@id":"https:\/\/archiviocassano.lavocedelpaese.info\/#\/schema\/logo\/image\/","url":"https:\/\/archiviocassano.lavocedelpaese.info\/wp-content\/uploads\/2024\/08\/logo-rosso-2.png","contentUrl":"https:\/\/archiviocassano.lavocedelpaese.info\/wp-content\/uploads\/2024\/08\/logo-rosso-2.png","width":491,"height":432,"caption":"Archivio CassanoWeb"},"image":{"@id":"https:\/\/archiviocassano.lavocedelpaese.info\/#\/schema\/logo\/image\/"},"sameAs":["https:\/\/www.facebook.com\/redazione.cassanoweb"]},{"@type":"Person","@id":"https:\/\/archiviocassano.lavocedelpaese.info\/#\/schema\/person\/df195bc79a9b4c35127cf005f92e041b","name":"admin","image":{"@type":"ImageObject","inLanguage":"it-IT","@id":"https:\/\/secure.gravatar.com\/avatar\/eabba89a432e8eaa1b0207cc55f7e5340b22712b1ed80677efcf63e02ff5b235?s=96&d=mm&r=g","url":"https:\/\/secure.gravatar.com\/avatar\/eabba89a432e8eaa1b0207cc55f7e5340b22712b1ed80677efcf63e02ff5b235?s=96&d=mm&r=g","contentUrl":"https:\/\/secure.gravatar.com\/avatar\/eabba89a432e8eaa1b0207cc55f7e5340b22712b1ed80677efcf63e02ff5b235?s=96&d=mm&r=g","caption":"admin"},"sameAs":["https:\/\/archiviocassano.lavocedelpaese.info"],"url":"https:\/\/archiviocassano.lavocedelpaese.info\/index.php\/author\/admin_0qgz1xdp\/"}]}},"_links":{"self":[{"href":"https:\/\/archiviocassano.lavocedelpaese.info\/index.php\/wp-json\/wp\/v2\/posts\/18368","targetHints":{"allow":["GET"]}}],"collection":[{"href":"https:\/\/archiviocassano.lavocedelpaese.info\/index.php\/wp-json\/wp\/v2\/posts"}],"about":[{"href":"https:\/\/archiviocassano.lavocedelpaese.info\/index.php\/wp-json\/wp\/v2\/types\/post"}],"author":[{"embeddable":true,"href":"https:\/\/archiviocassano.lavocedelpaese.info\/index.php\/wp-json\/wp\/v2\/users\/1"}],"replies":[{"embeddable":true,"href":"https:\/\/archiviocassano.lavocedelpaese.info\/index.php\/wp-json\/wp\/v2\/comments?post=18368"}],"version-history":[{"count":0,"href":"https:\/\/archiviocassano.lavocedelpaese.info\/index.php\/wp-json\/wp\/v2\/posts\/18368\/revisions"}],"wp:attachment":[{"href":"https:\/\/archiviocassano.lavocedelpaese.info\/index.php\/wp-json\/wp\/v2\/media?parent=18368"}],"wp:term":[{"taxonomy":"category","embeddable":true,"href":"https:\/\/archiviocassano.lavocedelpaese.info\/index.php\/wp-json\/wp\/v2\/categories?post=18368"},{"taxonomy":"post_tag","embeddable":true,"href":"https:\/\/archiviocassano.lavocedelpaese.info\/index.php\/wp-json\/wp\/v2\/tags?post=18368"}],"curies":[{"name":"wp","href":"https:\/\/api.w.org\/{rel}","templated":true}]}}