{"id":18419,"date":"2020-04-15T07:26:11","date_gmt":"2020-04-15T07:26:11","guid":{"rendered":"https:\/\/archiviocassano.lavocedelpaese.info\/index.php\/2020\/04\/15\/sostegno-agli-affitti-per-chi-e-in-disagio-economico-ecco-i-fondi\/"},"modified":"2020-04-15T07:26:11","modified_gmt":"2020-04-15T07:26:11","slug":"sostegno-agli-affitti-per-chi-e-in-disagio-economico-ecco-i-fondi","status":"publish","type":"post","link":"https:\/\/archiviocassano.lavocedelpaese.info\/index.php\/2020\/04\/15\/sostegno-agli-affitti-per-chi-e-in-disagio-economico-ecco-i-fondi\/","title":{"rendered":"Sostegno agli affitti per chi \u00e8 in disagio economico: ecco i fondi"},"content":{"rendered":"<p style=\"text-align: justify;\"><a data-flickr-embed=\"true\" href=\"https:\/\/www.flickr.com\/photos\/184752021@N05\/49776398092\/in\/dateposted-public\/\" title=\"affitti\"><img loading=\"lazy\" decoding=\"async\" src=\"https:\/\/live.staticflickr.com\/65535\/49776398092_30ac97f84d_z.jpg\" width=\"320\" height=\"150\" alt=\"affitti\" \/><\/a><\/p>\n<p><!--more--><\/p>\n<p>Ammonta a 55mila euro la somma di sostegno agli affitti che la Regione Puglia ha liquidato al Comune di Cassano delle Murge relativi all&#8217;annualit\u00e0 2018, destinati al pagamento dei canoni di locazione <strong>in favore di soggetti che versano in condizioni di disagio economico.<\/strong><\/p>\n<div style=\"text-align: justify;\">&nbsp;<\/div>\n<div style=\"text-align: justify;\">La Giunta regionale aveva deciso di mettere a disposizione dei Comuni maggiori risorse rispetto al passato, destinando ai contributi per gli affitti non solo gli stanziamenti provenienti dal fondo nazionale appositamente istituito ma anche le economie nella disponibilit\u00e0 della Regione rinvenienti dal \u201cfondo morosit\u00e0 incolpevole\u201d relativo agli anni 2014-2018, oltre a quelle gi\u00e0 nella disponibilit\u00e0 degli Enti locali relative al medesimo fondo.<\/div>\n<div style=\"text-align: justify;\">&nbsp;<\/div>\n<div style=\"text-align: justify;\">A quella somma vanno poi aggiunte le risorse di co-finanziamento del Comune stesso che portano il fondo, complessivamente, a 67.572 euro che saranno erogati nei prossimi giorni.<\/div>\n<div style=\"text-align: justify;\">\n<div>&nbsp;<\/div>\n<div>&#8220;<em>Per quanto riguarda l&#8217;annualit\u00e0 2019 del fondo ordinario sugli affitti, invece, \u00e8 gi\u00e0 partita una interlocuzione con il Ministero&#8221;<\/em>, spiega in una nota il Consigliere Regionale Enzo Colonna.<\/div>\n<div>&nbsp;<\/div>\n<div><em>&#8220;La Regione Puglia<\/em> &#8211; spiega Colonna &#8211; <em>ha proposto e richiesto la istituzione di un fondo speciale nazionale per il sostegno ai canoni di locazione, da destinare (al di fuori dei vincoli attualmente previsti dalla legislazione statale) a chi versi in condizioni di particolare difficolt\u00e0 a causa dell\u2019emergenza socio-economica dovuta all\u2019epidemia in corso. Questa proposta, per il momento, non ha trovato accoglimento a livello centrale.&nbsp;La Regione \u00e8 intanto impegnata ad accelerare i procedimenti per l\u2019erogazione del contributo affitti relativo all\u2019annualit\u00e0 2019 per cui si \u00e8 in attesa del trasferimento dei fondi statali che si aggiungeranno a quelli regionali, con l\u2019obiettivo di concludere la procedura ben prima rispetto alle ordinarie tempistiche&#8221;.&nbsp;<\/em><\/div>\n<\/div>\n<div>&nbsp;<\/div>\n<p>&nbsp;<\/p>\n","protected":false},"excerpt":{"rendered":"","protected":false},"author":1,"featured_media":0,"comment_status":"open","ping_status":"closed","sticky":false,"template":"","format":"standard","meta":{"colormag_page_container_layout":"default_layout","colormag_page_sidebar_layout":"default_layout","footnotes":""},"categories":[7],"tags":[],"class_list":["post-18419","post","type-post","status-publish","format-standard","hentry","category-attualita"],"yoast_head":"<!-- This site is optimized with the Yoast SEO plugin v27.5 - https:\/\/yoast.com\/product\/yoast-seo-wordpress\/ -->\n<title>Sostegno agli affitti per chi \u00e8 in disagio economico: ecco i fondi - Archivio CassanoWeb<\/title>\n<meta name=\"robots\" content=\"index, follow, max-snippet:-1, max-image-preview:large, max-video-preview:-1\" \/>\n<link rel=\"canonical\" href=\"https:\/\/archiviocassano.lavocedelpaese.info\/index.php\/2020\/04\/15\/sostegno-agli-affitti-per-chi-e-in-disagio-economico-ecco-i-fondi\/\" \/>\n<meta property=\"og:locale\" content=\"it_IT\" \/>\n<meta property=\"og:type\" content=\"article\" \/>\n<meta property=\"og:title\" content=\"Sostegno agli affitti per chi \u00e8 in disagio economico: ecco i fondi - Archivio CassanoWeb\" \/>\n<meta property=\"og:url\" content=\"https:\/\/archiviocassano.lavocedelpaese.info\/index.php\/2020\/04\/15\/sostegno-agli-affitti-per-chi-e-in-disagio-economico-ecco-i-fondi\/\" \/>\n<meta property=\"og:site_name\" content=\"Archivio CassanoWeb\" \/>\n<meta property=\"article:publisher\" content=\"https:\/\/www.facebook.com\/redazione.cassanoweb\" \/>\n<meta property=\"article:published_time\" content=\"2020-04-15T07:26:11+00:00\" \/>\n<meta property=\"og:image\" content=\"https:\/\/live.staticflickr.com\/65535\/49776398092_30ac97f84d_z.jpg\" \/>\n<meta name=\"author\" content=\"admin\" \/>\n<meta name=\"twitter:card\" content=\"summary_large_image\" \/>\n<meta name=\"twitter:label1\" content=\"Scritto da\" \/>\n\t<meta name=\"twitter:data1\" content=\"admin\" \/>\n\t<meta name=\"twitter:label2\" content=\"Tempo di lettura stimato\" \/>\n\t<meta name=\"twitter:data2\" content=\"1 minuto\" \/>\n<script type=\"application\/ld+json\" class=\"yoast-schema-graph\">{\"@context\":\"https:\\\/\\\/schema.org\",\"@graph\":[{\"@type\":\"Article\",\"@id\":\"https:\\\/\\\/archiviocassano.lavocedelpaese.info\\\/index.php\\\/2020\\\/04\\\/15\\\/sostegno-agli-affitti-per-chi-e-in-disagio-economico-ecco-i-fondi\\\/#article\",\"isPartOf\":{\"@id\":\"https:\\\/\\\/archiviocassano.lavocedelpaese.info\\\/index.php\\\/2020\\\/04\\\/15\\\/sostegno-agli-affitti-per-chi-e-in-disagio-economico-ecco-i-fondi\\\/\"},\"author\":{\"name\":\"admin\",\"@id\":\"https:\\\/\\\/archiviocassano.lavocedelpaese.info\\\/#\\\/schema\\\/person\\\/df195bc79a9b4c35127cf005f92e041b\"},\"headline\":\"Sostegno agli affitti per chi \u00e8 in disagio economico: ecco i fondi\",\"datePublished\":\"2020-04-15T07:26:11+00:00\",\"mainEntityOfPage\":{\"@id\":\"https:\\\/\\\/archiviocassano.lavocedelpaese.info\\\/index.php\\\/2020\\\/04\\\/15\\\/sostegno-agli-affitti-per-chi-e-in-disagio-economico-ecco-i-fondi\\\/\"},\"wordCount\":290,\"commentCount\":0,\"publisher\":{\"@id\":\"https:\\\/\\\/archiviocassano.lavocedelpaese.info\\\/#organization\"},\"image\":{\"@id\":\"https:\\\/\\\/archiviocassano.lavocedelpaese.info\\\/index.php\\\/2020\\\/04\\\/15\\\/sostegno-agli-affitti-per-chi-e-in-disagio-economico-ecco-i-fondi\\\/#primaryimage\"},\"thumbnailUrl\":\"https:\\\/\\\/live.staticflickr.com\\\/65535\\\/49776398092_30ac97f84d_z.jpg\",\"articleSection\":[\"Attualit\u00e0\"],\"inLanguage\":\"it-IT\",\"potentialAction\":[{\"@type\":\"CommentAction\",\"name\":\"Comment\",\"target\":[\"https:\\\/\\\/archiviocassano.lavocedelpaese.info\\\/index.php\\\/2020\\\/04\\\/15\\\/sostegno-agli-affitti-per-chi-e-in-disagio-economico-ecco-i-fondi\\\/#respond\"]}]},{\"@type\":\"WebPage\",\"@id\":\"https:\\\/\\\/archiviocassano.lavocedelpaese.info\\\/index.php\\\/2020\\\/04\\\/15\\\/sostegno-agli-affitti-per-chi-e-in-disagio-economico-ecco-i-fondi\\\/\",\"url\":\"https:\\\/\\\/archiviocassano.lavocedelpaese.info\\\/index.php\\\/2020\\\/04\\\/15\\\/sostegno-agli-affitti-per-chi-e-in-disagio-economico-ecco-i-fondi\\\/\",\"name\":\"Sostegno agli affitti per chi \u00e8 in disagio economico: ecco i fondi - Archivio CassanoWeb\",\"isPartOf\":{\"@id\":\"https:\\\/\\\/archiviocassano.lavocedelpaese.info\\\/#website\"},\"primaryImageOfPage\":{\"@id\":\"https:\\\/\\\/archiviocassano.lavocedelpaese.info\\\/index.php\\\/2020\\\/04\\\/15\\\/sostegno-agli-affitti-per-chi-e-in-disagio-economico-ecco-i-fondi\\\/#primaryimage\"},\"image\":{\"@id\":\"https:\\\/\\\/archiviocassano.lavocedelpaese.info\\\/index.php\\\/2020\\\/04\\\/15\\\/sostegno-agli-affitti-per-chi-e-in-disagio-economico-ecco-i-fondi\\\/#primaryimage\"},\"thumbnailUrl\":\"https:\\\/\\\/live.staticflickr.com\\\/65535\\\/49776398092_30ac97f84d_z.jpg\",\"datePublished\":\"2020-04-15T07:26:11+00:00\",\"breadcrumb\":{\"@id\":\"https:\\\/\\\/archiviocassano.lavocedelpaese.info\\\/index.php\\\/2020\\\/04\\\/15\\\/sostegno-agli-affitti-per-chi-e-in-disagio-economico-ecco-i-fondi\\\/#breadcrumb\"},\"inLanguage\":\"it-IT\",\"potentialAction\":[{\"@type\":\"ReadAction\",\"target\":[\"https:\\\/\\\/archiviocassano.lavocedelpaese.info\\\/index.php\\\/2020\\\/04\\\/15\\\/sostegno-agli-affitti-per-chi-e-in-disagio-economico-ecco-i-fondi\\\/\"]}]},{\"@type\":\"ImageObject\",\"inLanguage\":\"it-IT\",\"@id\":\"https:\\\/\\\/archiviocassano.lavocedelpaese.info\\\/index.php\\\/2020\\\/04\\\/15\\\/sostegno-agli-affitti-per-chi-e-in-disagio-economico-ecco-i-fondi\\\/#primaryimage\",\"url\":\"https:\\\/\\\/live.staticflickr.com\\\/65535\\\/49776398092_30ac97f84d_z.jpg\",\"contentUrl\":\"https:\\\/\\\/live.staticflickr.com\\\/65535\\\/49776398092_30ac97f84d_z.jpg\"},{\"@type\":\"BreadcrumbList\",\"@id\":\"https:\\\/\\\/archiviocassano.lavocedelpaese.info\\\/index.php\\\/2020\\\/04\\\/15\\\/sostegno-agli-affitti-per-chi-e-in-disagio-economico-ecco-i-fondi\\\/#breadcrumb\",\"itemListElement\":[{\"@type\":\"ListItem\",\"position\":1,\"name\":\"Home\",\"item\":\"https:\\\/\\\/archiviocassano.lavocedelpaese.info\\\/\"},{\"@type\":\"ListItem\",\"position\":2,\"name\":\"Sostegno agli affitti per chi \u00e8 in disagio economico: ecco i fondi\"}]},{\"@type\":\"WebSite\",\"@id\":\"https:\\\/\\\/archiviocassano.lavocedelpaese.info\\\/#website\",\"url\":\"https:\\\/\\\/archiviocassano.lavocedelpaese.info\\\/\",\"name\":\"Archivio CassanoWeb\",\"description\":\"La Voce del Paese - un network di idee\",\"publisher\":{\"@id\":\"https:\\\/\\\/archiviocassano.lavocedelpaese.info\\\/#organization\"},\"potentialAction\":[{\"@type\":\"SearchAction\",\"target\":{\"@type\":\"EntryPoint\",\"urlTemplate\":\"https:\\\/\\\/archiviocassano.lavocedelpaese.info\\\/?s={search_term_string}\"},\"query-input\":{\"@type\":\"PropertyValueSpecification\",\"valueRequired\":true,\"valueName\":\"search_term_string\"}}],\"inLanguage\":\"it-IT\"},{\"@type\":\"Organization\",\"@id\":\"https:\\\/\\\/archiviocassano.lavocedelpaese.info\\\/#organization\",\"name\":\"Archivio CassanoWeb\",\"url\":\"https:\\\/\\\/archiviocassano.lavocedelpaese.info\\\/\",\"logo\":{\"@type\":\"ImageObject\",\"inLanguage\":\"it-IT\",\"@id\":\"https:\\\/\\\/archiviocassano.lavocedelpaese.info\\\/#\\\/schema\\\/logo\\\/image\\\/\",\"url\":\"https:\\\/\\\/archiviocassano.lavocedelpaese.info\\\/wp-content\\\/uploads\\\/2024\\\/08\\\/logo-rosso-2.png\",\"contentUrl\":\"https:\\\/\\\/archiviocassano.lavocedelpaese.info\\\/wp-content\\\/uploads\\\/2024\\\/08\\\/logo-rosso-2.png\",\"width\":491,\"height\":432,\"caption\":\"Archivio CassanoWeb\"},\"image\":{\"@id\":\"https:\\\/\\\/archiviocassano.lavocedelpaese.info\\\/#\\\/schema\\\/logo\\\/image\\\/\"},\"sameAs\":[\"https:\\\/\\\/www.facebook.com\\\/redazione.cassanoweb\"]},{\"@type\":\"Person\",\"@id\":\"https:\\\/\\\/archiviocassano.lavocedelpaese.info\\\/#\\\/schema\\\/person\\\/df195bc79a9b4c35127cf005f92e041b\",\"name\":\"admin\",\"image\":{\"@type\":\"ImageObject\",\"inLanguage\":\"it-IT\",\"@id\":\"https:\\\/\\\/secure.gravatar.com\\\/avatar\\\/eabba89a432e8eaa1b0207cc55f7e5340b22712b1ed80677efcf63e02ff5b235?s=96&d=mm&r=g\",\"url\":\"https:\\\/\\\/secure.gravatar.com\\\/avatar\\\/eabba89a432e8eaa1b0207cc55f7e5340b22712b1ed80677efcf63e02ff5b235?s=96&d=mm&r=g\",\"contentUrl\":\"https:\\\/\\\/secure.gravatar.com\\\/avatar\\\/eabba89a432e8eaa1b0207cc55f7e5340b22712b1ed80677efcf63e02ff5b235?s=96&d=mm&r=g\",\"caption\":\"admin\"},\"sameAs\":[\"https:\\\/\\\/archiviocassano.lavocedelpaese.info\"],\"url\":\"https:\\\/\\\/archiviocassano.lavocedelpaese.info\\\/index.php\\\/author\\\/admin_0qgz1xdp\\\/\"}]}<\/script>\n<!-- \/ Yoast SEO plugin. -->","yoast_head_json":{"title":"Sostegno agli affitti per chi \u00e8 in disagio economico: ecco i fondi - Archivio CassanoWeb","robots":{"index":"index","follow":"follow","max-snippet":"max-snippet:-1","max-image-preview":"max-image-preview:large","max-video-preview":"max-video-preview:-1"},"canonical":"https:\/\/archiviocassano.lavocedelpaese.info\/index.php\/2020\/04\/15\/sostegno-agli-affitti-per-chi-e-in-disagio-economico-ecco-i-fondi\/","og_locale":"it_IT","og_type":"article","og_title":"Sostegno agli affitti per chi \u00e8 in disagio economico: ecco i fondi - Archivio CassanoWeb","og_url":"https:\/\/archiviocassano.lavocedelpaese.info\/index.php\/2020\/04\/15\/sostegno-agli-affitti-per-chi-e-in-disagio-economico-ecco-i-fondi\/","og_site_name":"Archivio CassanoWeb","article_publisher":"https:\/\/www.facebook.com\/redazione.cassanoweb","article_published_time":"2020-04-15T07:26:11+00:00","og_image":[{"url":"https:\/\/live.staticflickr.com\/65535\/49776398092_30ac97f84d_z.jpg","type":"","width":"","height":""}],"author":"admin","twitter_card":"summary_large_image","twitter_misc":{"Scritto da":"admin","Tempo di lettura stimato":"1 minuto"},"schema":{"@context":"https:\/\/schema.org","@graph":[{"@type":"Article","@id":"https:\/\/archiviocassano.lavocedelpaese.info\/index.php\/2020\/04\/15\/sostegno-agli-affitti-per-chi-e-in-disagio-economico-ecco-i-fondi\/#article","isPartOf":{"@id":"https:\/\/archiviocassano.lavocedelpaese.info\/index.php\/2020\/04\/15\/sostegno-agli-affitti-per-chi-e-in-disagio-economico-ecco-i-fondi\/"},"author":{"name":"admin","@id":"https:\/\/archiviocassano.lavocedelpaese.info\/#\/schema\/person\/df195bc79a9b4c35127cf005f92e041b"},"headline":"Sostegno agli affitti per chi \u00e8 in disagio economico: ecco i fondi","datePublished":"2020-04-15T07:26:11+00:00","mainEntityOfPage":{"@id":"https:\/\/archiviocassano.lavocedelpaese.info\/index.php\/2020\/04\/15\/sostegno-agli-affitti-per-chi-e-in-disagio-economico-ecco-i-fondi\/"},"wordCount":290,"commentCount":0,"publisher":{"@id":"https:\/\/archiviocassano.lavocedelpaese.info\/#organization"},"image":{"@id":"https:\/\/archiviocassano.lavocedelpaese.info\/index.php\/2020\/04\/15\/sostegno-agli-affitti-per-chi-e-in-disagio-economico-ecco-i-fondi\/#primaryimage"},"thumbnailUrl":"https:\/\/live.staticflickr.com\/65535\/49776398092_30ac97f84d_z.jpg","articleSection":["Attualit\u00e0"],"inLanguage":"it-IT","potentialAction":[{"@type":"CommentAction","name":"Comment","target":["https:\/\/archiviocassano.lavocedelpaese.info\/index.php\/2020\/04\/15\/sostegno-agli-affitti-per-chi-e-in-disagio-economico-ecco-i-fondi\/#respond"]}]},{"@type":"WebPage","@id":"https:\/\/archiviocassano.lavocedelpaese.info\/index.php\/2020\/04\/15\/sostegno-agli-affitti-per-chi-e-in-disagio-economico-ecco-i-fondi\/","url":"https:\/\/archiviocassano.lavocedelpaese.info\/index.php\/2020\/04\/15\/sostegno-agli-affitti-per-chi-e-in-disagio-economico-ecco-i-fondi\/","name":"Sostegno agli affitti per chi \u00e8 in disagio economico: ecco i fondi - Archivio CassanoWeb","isPartOf":{"@id":"https:\/\/archiviocassano.lavocedelpaese.info\/#website"},"primaryImageOfPage":{"@id":"https:\/\/archiviocassano.lavocedelpaese.info\/index.php\/2020\/04\/15\/sostegno-agli-affitti-per-chi-e-in-disagio-economico-ecco-i-fondi\/#primaryimage"},"image":{"@id":"https:\/\/archiviocassano.lavocedelpaese.info\/index.php\/2020\/04\/15\/sostegno-agli-affitti-per-chi-e-in-disagio-economico-ecco-i-fondi\/#primaryimage"},"thumbnailUrl":"https:\/\/live.staticflickr.com\/65535\/49776398092_30ac97f84d_z.jpg","datePublished":"2020-04-15T07:26:11+00:00","breadcrumb":{"@id":"https:\/\/archiviocassano.lavocedelpaese.info\/index.php\/2020\/04\/15\/sostegno-agli-affitti-per-chi-e-in-disagio-economico-ecco-i-fondi\/#breadcrumb"},"inLanguage":"it-IT","potentialAction":[{"@type":"ReadAction","target":["https:\/\/archiviocassano.lavocedelpaese.info\/index.php\/2020\/04\/15\/sostegno-agli-affitti-per-chi-e-in-disagio-economico-ecco-i-fondi\/"]}]},{"@type":"ImageObject","inLanguage":"it-IT","@id":"https:\/\/archiviocassano.lavocedelpaese.info\/index.php\/2020\/04\/15\/sostegno-agli-affitti-per-chi-e-in-disagio-economico-ecco-i-fondi\/#primaryimage","url":"https:\/\/live.staticflickr.com\/65535\/49776398092_30ac97f84d_z.jpg","contentUrl":"https:\/\/live.staticflickr.com\/65535\/49776398092_30ac97f84d_z.jpg"},{"@type":"BreadcrumbList","@id":"https:\/\/archiviocassano.lavocedelpaese.info\/index.php\/2020\/04\/15\/sostegno-agli-affitti-per-chi-e-in-disagio-economico-ecco-i-fondi\/#breadcrumb","itemListElement":[{"@type":"ListItem","position":1,"name":"Home","item":"https:\/\/archiviocassano.lavocedelpaese.info\/"},{"@type":"ListItem","position":2,"name":"Sostegno agli affitti per chi \u00e8 in disagio economico: ecco i fondi"}]},{"@type":"WebSite","@id":"https:\/\/archiviocassano.lavocedelpaese.info\/#website","url":"https:\/\/archiviocassano.lavocedelpaese.info\/","name":"Archivio CassanoWeb","description":"La Voce del Paese - un network di idee","publisher":{"@id":"https:\/\/archiviocassano.lavocedelpaese.info\/#organization"},"potentialAction":[{"@type":"SearchAction","target":{"@type":"EntryPoint","urlTemplate":"https:\/\/archiviocassano.lavocedelpaese.info\/?s={search_term_string}"},"query-input":{"@type":"PropertyValueSpecification","valueRequired":true,"valueName":"search_term_string"}}],"inLanguage":"it-IT"},{"@type":"Organization","@id":"https:\/\/archiviocassano.lavocedelpaese.info\/#organization","name":"Archivio CassanoWeb","url":"https:\/\/archiviocassano.lavocedelpaese.info\/","logo":{"@type":"ImageObject","inLanguage":"it-IT","@id":"https:\/\/archiviocassano.lavocedelpaese.info\/#\/schema\/logo\/image\/","url":"https:\/\/archiviocassano.lavocedelpaese.info\/wp-content\/uploads\/2024\/08\/logo-rosso-2.png","contentUrl":"https:\/\/archiviocassano.lavocedelpaese.info\/wp-content\/uploads\/2024\/08\/logo-rosso-2.png","width":491,"height":432,"caption":"Archivio CassanoWeb"},"image":{"@id":"https:\/\/archiviocassano.lavocedelpaese.info\/#\/schema\/logo\/image\/"},"sameAs":["https:\/\/www.facebook.com\/redazione.cassanoweb"]},{"@type":"Person","@id":"https:\/\/archiviocassano.lavocedelpaese.info\/#\/schema\/person\/df195bc79a9b4c35127cf005f92e041b","name":"admin","image":{"@type":"ImageObject","inLanguage":"it-IT","@id":"https:\/\/secure.gravatar.com\/avatar\/eabba89a432e8eaa1b0207cc55f7e5340b22712b1ed80677efcf63e02ff5b235?s=96&d=mm&r=g","url":"https:\/\/secure.gravatar.com\/avatar\/eabba89a432e8eaa1b0207cc55f7e5340b22712b1ed80677efcf63e02ff5b235?s=96&d=mm&r=g","contentUrl":"https:\/\/secure.gravatar.com\/avatar\/eabba89a432e8eaa1b0207cc55f7e5340b22712b1ed80677efcf63e02ff5b235?s=96&d=mm&r=g","caption":"admin"},"sameAs":["https:\/\/archiviocassano.lavocedelpaese.info"],"url":"https:\/\/archiviocassano.lavocedelpaese.info\/index.php\/author\/admin_0qgz1xdp\/"}]}},"_links":{"self":[{"href":"https:\/\/archiviocassano.lavocedelpaese.info\/index.php\/wp-json\/wp\/v2\/posts\/18419","targetHints":{"allow":["GET"]}}],"collection":[{"href":"https:\/\/archiviocassano.lavocedelpaese.info\/index.php\/wp-json\/wp\/v2\/posts"}],"about":[{"href":"https:\/\/archiviocassano.lavocedelpaese.info\/index.php\/wp-json\/wp\/v2\/types\/post"}],"author":[{"embeddable":true,"href":"https:\/\/archiviocassano.lavocedelpaese.info\/index.php\/wp-json\/wp\/v2\/users\/1"}],"replies":[{"embeddable":true,"href":"https:\/\/archiviocassano.lavocedelpaese.info\/index.php\/wp-json\/wp\/v2\/comments?post=18419"}],"version-history":[{"count":0,"href":"https:\/\/archiviocassano.lavocedelpaese.info\/index.php\/wp-json\/wp\/v2\/posts\/18419\/revisions"}],"wp:attachment":[{"href":"https:\/\/archiviocassano.lavocedelpaese.info\/index.php\/wp-json\/wp\/v2\/media?parent=18419"}],"wp:term":[{"taxonomy":"category","embeddable":true,"href":"https:\/\/archiviocassano.lavocedelpaese.info\/index.php\/wp-json\/wp\/v2\/categories?post=18419"},{"taxonomy":"post_tag","embeddable":true,"href":"https:\/\/archiviocassano.lavocedelpaese.info\/index.php\/wp-json\/wp\/v2\/tags?post=18419"}],"curies":[{"name":"wp","href":"https:\/\/api.w.org\/{rel}","templated":true}]}}