{"id":18424,"date":"2020-04-15T17:18:43","date_gmt":"2020-04-15T17:18:43","guid":{"rendered":"https:\/\/archiviocassano.lavocedelpaese.info\/index.php\/2020\/04\/15\/fdi-i-450ml-di-emiliano-non-sono-risorse-aggiuntive\/"},"modified":"2020-04-15T17:18:43","modified_gmt":"2020-04-15T17:18:43","slug":"fdi-i-450ml-di-emiliano-non-sono-risorse-aggiuntive","status":"publish","type":"post","link":"https:\/\/archiviocassano.lavocedelpaese.info\/index.php\/2020\/04\/15\/fdi-i-450ml-di-emiliano-non-sono-risorse-aggiuntive\/","title":{"rendered":"FdI: i 450ml di Emiliano non sono risorse aggiuntive"},"content":{"rendered":"<p><a data-flickr-embed=\"true\" href=\"https:\/\/www.flickr.com\/photos\/184752021@N05\/49777745761\/in\/dateposted-public\/\" title=\"fdi in regione\"><img loading=\"lazy\" decoding=\"async\" src=\"https:\/\/live.staticflickr.com\/65535\/49777745761_4f2e3ac204_n.jpg\" width=\"320\" height=\"150\" alt=\"fdi in regione\" \/><\/a><\/p>\n<p><!--more--><\/p>\n<p><em>Le criticit\u00e0 riscontrate dai consiglieri regionali di Fratelli d\u2019Italia (Erio Congedo, Giannicola De Leonardis, Luigi Manca, Renato Perrini, Francesco Ventola e Ignazio Zullo) in una nota.<\/em><\/p>\n<p>\u201cL\u2019enfasi con la quale il presidente <a href=\"economia\/29666-emiliano-come-conte-soldi-dalla-regione-per-imprese-e-partite-iva.html\" target=\"_blank\" rel=\"noopener\">Michele Emiliano annunciava la manovra di 450 milioni di euro <\/a>era tale che non abbiamo voluto fare i guastafeste. Per questo abbiamo atteso che la verit\u00e0 venisse fuori da sola in modo che i pugliesi avessero chiaro che altro non si trattava assolutamente di nuove risorse aggiuntive per far partire l\u2019economia della Puglia, ma solo di aiuti europei gi\u00e0 esistenti e pianificati che vengono oggi riprogrammati in base alle nuove priorit\u00e0 dettate dall\u2019emergenza Covid. Come dire che verranno tolte da alcuni interventi per essere destinati ad altri, ma come e quali verranno cancellati?<\/p>\n<p>Ma facciamo chiarezza a 360 gradi. Intanto, come sospettavamo e oggi confermato dall\u2019assessore al Bilancio, Raffaele Piemontese, oggi in videoconferenza con la capigruppo, non si tratta di risorse cash. Anzi per ottenerle non sar\u00e0 una passeggiata: la Regione Puglia dovr\u00e0 sottoporre la rimodulazione alla valutazione del partenariato sociale, poi alla valutazione della Conferenza Stato-Regioni insieme al Ministro per gli Affari europei, Vincenzo Amendola. Una volta ottenuto il via libera la riprogrammazione dei 450 milioni potr\u00e0 davvero essere operativa e, quindi, tornare in Commissione, e secondo noi anche in Consiglio regionale.<\/p>\n<p>Questo nella forma, nella sostanza chi decide quali sono le priorit\u00e0?<\/p>\n<p>Non ci sembra che sia pronta un\u2019analisi dei bisogni reali, quindi il rischio di raddoppiare alcuni interventi e lasciare scoperti altri \u00e8 altissimo. Anche perch\u00e9 per alcuni si potrebbe andare in concorrenza o in sovrapposizione con le misure nazionali.<\/p>\n<p>La Giunta a tal proposito ha pensato a istituire un coordinamento fra livello regionale e livello nazionale? Non solo, ha pensato di creare una struttura di supporto per chi presenta una domanda e deve avere la certezza di tempi celeri e non rallentati dalla burocrazia?<\/p>\n<p>Molte domande che aspettano risposte concrete, ma ad una siamo sicuramente contrari fin d\u2019ora: il governo Emiliano, sulla scia di quello Conte, pensa di far diventare la Regione Puglia garante dei prestiti richiesti da imprenditori, artigiani, commercianti\u2026 Forse non \u00e8 chiaro le aziende, i negozi, i professionisti se non hanno entrate e non guadagnano non hanno bisogno, n\u00e9 possono indebitarsi di pi\u00f9 (seppure con garanzia) hanno bisogno di finanziamenti a fondo perduto.<\/p>\n<p>Seguiremo attentamente tutti i passaggi e confidiamo che il presidente Emiliano e assessore Piemontese possano gi\u00e0 marted\u00ec prossimo (quando \u00e8 prevista la riconvocazione della Commissione Bilancio) accogliere quella che noi reputiamo la nostra richiesta pi\u00f9 importante: finanziamenti a fondo perduto\u201d&nbsp;<\/p>\n","protected":false},"excerpt":{"rendered":"","protected":false},"author":1,"featured_media":0,"comment_status":"open","ping_status":"closed","sticky":false,"template":"","format":"standard","meta":{"colormag_page_container_layout":"default_layout","colormag_page_sidebar_layout":"default_layout","footnotes":""},"categories":[4],"tags":[],"class_list":["post-18424","post","type-post","status-publish","format-standard","hentry","category-politica"],"yoast_head":"<!-- This site is optimized with the Yoast SEO plugin v27.5 - https:\/\/yoast.com\/product\/yoast-seo-wordpress\/ -->\n<title>FdI: i 450ml di Emiliano non sono risorse aggiuntive - Archivio CassanoWeb<\/title>\n<meta name=\"robots\" content=\"index, follow, max-snippet:-1, max-image-preview:large, max-video-preview:-1\" \/>\n<link rel=\"canonical\" href=\"https:\/\/archiviocassano.lavocedelpaese.info\/index.php\/2020\/04\/15\/fdi-i-450ml-di-emiliano-non-sono-risorse-aggiuntive\/\" \/>\n<meta property=\"og:locale\" content=\"it_IT\" \/>\n<meta property=\"og:type\" content=\"article\" \/>\n<meta property=\"og:title\" content=\"FdI: i 450ml di Emiliano non sono risorse aggiuntive - Archivio CassanoWeb\" \/>\n<meta property=\"og:url\" content=\"https:\/\/archiviocassano.lavocedelpaese.info\/index.php\/2020\/04\/15\/fdi-i-450ml-di-emiliano-non-sono-risorse-aggiuntive\/\" \/>\n<meta property=\"og:site_name\" content=\"Archivio CassanoWeb\" \/>\n<meta property=\"article:publisher\" content=\"https:\/\/www.facebook.com\/redazione.cassanoweb\" \/>\n<meta property=\"article:published_time\" content=\"2020-04-15T17:18:43+00:00\" \/>\n<meta property=\"og:image\" content=\"https:\/\/live.staticflickr.com\/65535\/49777745761_4f2e3ac204_n.jpg\" \/>\n<meta name=\"author\" content=\"admin\" \/>\n<meta name=\"twitter:card\" content=\"summary_large_image\" \/>\n<meta name=\"twitter:label1\" content=\"Scritto da\" \/>\n\t<meta name=\"twitter:data1\" content=\"admin\" \/>\n\t<meta name=\"twitter:label2\" content=\"Tempo di lettura stimato\" \/>\n\t<meta name=\"twitter:data2\" content=\"2 minuti\" \/>\n<script type=\"application\/ld+json\" class=\"yoast-schema-graph\">{\"@context\":\"https:\\\/\\\/schema.org\",\"@graph\":[{\"@type\":\"Article\",\"@id\":\"https:\\\/\\\/archiviocassano.lavocedelpaese.info\\\/index.php\\\/2020\\\/04\\\/15\\\/fdi-i-450ml-di-emiliano-non-sono-risorse-aggiuntive\\\/#article\",\"isPartOf\":{\"@id\":\"https:\\\/\\\/archiviocassano.lavocedelpaese.info\\\/index.php\\\/2020\\\/04\\\/15\\\/fdi-i-450ml-di-emiliano-non-sono-risorse-aggiuntive\\\/\"},\"author\":{\"name\":\"admin\",\"@id\":\"https:\\\/\\\/archiviocassano.lavocedelpaese.info\\\/#\\\/schema\\\/person\\\/df195bc79a9b4c35127cf005f92e041b\"},\"headline\":\"FdI: i 450ml di Emiliano non sono risorse aggiuntive\",\"datePublished\":\"2020-04-15T17:18:43+00:00\",\"mainEntityOfPage\":{\"@id\":\"https:\\\/\\\/archiviocassano.lavocedelpaese.info\\\/index.php\\\/2020\\\/04\\\/15\\\/fdi-i-450ml-di-emiliano-non-sono-risorse-aggiuntive\\\/\"},\"wordCount\":433,\"commentCount\":0,\"publisher\":{\"@id\":\"https:\\\/\\\/archiviocassano.lavocedelpaese.info\\\/#organization\"},\"image\":{\"@id\":\"https:\\\/\\\/archiviocassano.lavocedelpaese.info\\\/index.php\\\/2020\\\/04\\\/15\\\/fdi-i-450ml-di-emiliano-non-sono-risorse-aggiuntive\\\/#primaryimage\"},\"thumbnailUrl\":\"https:\\\/\\\/live.staticflickr.com\\\/65535\\\/49777745761_4f2e3ac204_n.jpg\",\"articleSection\":[\"Politica\"],\"inLanguage\":\"it-IT\",\"potentialAction\":[{\"@type\":\"CommentAction\",\"name\":\"Comment\",\"target\":[\"https:\\\/\\\/archiviocassano.lavocedelpaese.info\\\/index.php\\\/2020\\\/04\\\/15\\\/fdi-i-450ml-di-emiliano-non-sono-risorse-aggiuntive\\\/#respond\"]}]},{\"@type\":\"WebPage\",\"@id\":\"https:\\\/\\\/archiviocassano.lavocedelpaese.info\\\/index.php\\\/2020\\\/04\\\/15\\\/fdi-i-450ml-di-emiliano-non-sono-risorse-aggiuntive\\\/\",\"url\":\"https:\\\/\\\/archiviocassano.lavocedelpaese.info\\\/index.php\\\/2020\\\/04\\\/15\\\/fdi-i-450ml-di-emiliano-non-sono-risorse-aggiuntive\\\/\",\"name\":\"FdI: i 450ml di Emiliano non sono risorse aggiuntive - Archivio CassanoWeb\",\"isPartOf\":{\"@id\":\"https:\\\/\\\/archiviocassano.lavocedelpaese.info\\\/#website\"},\"primaryImageOfPage\":{\"@id\":\"https:\\\/\\\/archiviocassano.lavocedelpaese.info\\\/index.php\\\/2020\\\/04\\\/15\\\/fdi-i-450ml-di-emiliano-non-sono-risorse-aggiuntive\\\/#primaryimage\"},\"image\":{\"@id\":\"https:\\\/\\\/archiviocassano.lavocedelpaese.info\\\/index.php\\\/2020\\\/04\\\/15\\\/fdi-i-450ml-di-emiliano-non-sono-risorse-aggiuntive\\\/#primaryimage\"},\"thumbnailUrl\":\"https:\\\/\\\/live.staticflickr.com\\\/65535\\\/49777745761_4f2e3ac204_n.jpg\",\"datePublished\":\"2020-04-15T17:18:43+00:00\",\"breadcrumb\":{\"@id\":\"https:\\\/\\\/archiviocassano.lavocedelpaese.info\\\/index.php\\\/2020\\\/04\\\/15\\\/fdi-i-450ml-di-emiliano-non-sono-risorse-aggiuntive\\\/#breadcrumb\"},\"inLanguage\":\"it-IT\",\"potentialAction\":[{\"@type\":\"ReadAction\",\"target\":[\"https:\\\/\\\/archiviocassano.lavocedelpaese.info\\\/index.php\\\/2020\\\/04\\\/15\\\/fdi-i-450ml-di-emiliano-non-sono-risorse-aggiuntive\\\/\"]}]},{\"@type\":\"ImageObject\",\"inLanguage\":\"it-IT\",\"@id\":\"https:\\\/\\\/archiviocassano.lavocedelpaese.info\\\/index.php\\\/2020\\\/04\\\/15\\\/fdi-i-450ml-di-emiliano-non-sono-risorse-aggiuntive\\\/#primaryimage\",\"url\":\"https:\\\/\\\/live.staticflickr.com\\\/65535\\\/49777745761_4f2e3ac204_n.jpg\",\"contentUrl\":\"https:\\\/\\\/live.staticflickr.com\\\/65535\\\/49777745761_4f2e3ac204_n.jpg\"},{\"@type\":\"BreadcrumbList\",\"@id\":\"https:\\\/\\\/archiviocassano.lavocedelpaese.info\\\/index.php\\\/2020\\\/04\\\/15\\\/fdi-i-450ml-di-emiliano-non-sono-risorse-aggiuntive\\\/#breadcrumb\",\"itemListElement\":[{\"@type\":\"ListItem\",\"position\":1,\"name\":\"Home\",\"item\":\"https:\\\/\\\/archiviocassano.lavocedelpaese.info\\\/\"},{\"@type\":\"ListItem\",\"position\":2,\"name\":\"FdI: i 450ml di Emiliano non sono risorse aggiuntive\"}]},{\"@type\":\"WebSite\",\"@id\":\"https:\\\/\\\/archiviocassano.lavocedelpaese.info\\\/#website\",\"url\":\"https:\\\/\\\/archiviocassano.lavocedelpaese.info\\\/\",\"name\":\"Archivio CassanoWeb\",\"description\":\"La Voce del Paese - un network di idee\",\"publisher\":{\"@id\":\"https:\\\/\\\/archiviocassano.lavocedelpaese.info\\\/#organization\"},\"potentialAction\":[{\"@type\":\"SearchAction\",\"target\":{\"@type\":\"EntryPoint\",\"urlTemplate\":\"https:\\\/\\\/archiviocassano.lavocedelpaese.info\\\/?s={search_term_string}\"},\"query-input\":{\"@type\":\"PropertyValueSpecification\",\"valueRequired\":true,\"valueName\":\"search_term_string\"}}],\"inLanguage\":\"it-IT\"},{\"@type\":\"Organization\",\"@id\":\"https:\\\/\\\/archiviocassano.lavocedelpaese.info\\\/#organization\",\"name\":\"Archivio CassanoWeb\",\"url\":\"https:\\\/\\\/archiviocassano.lavocedelpaese.info\\\/\",\"logo\":{\"@type\":\"ImageObject\",\"inLanguage\":\"it-IT\",\"@id\":\"https:\\\/\\\/archiviocassano.lavocedelpaese.info\\\/#\\\/schema\\\/logo\\\/image\\\/\",\"url\":\"https:\\\/\\\/archiviocassano.lavocedelpaese.info\\\/wp-content\\\/uploads\\\/2024\\\/08\\\/logo-rosso-2.png\",\"contentUrl\":\"https:\\\/\\\/archiviocassano.lavocedelpaese.info\\\/wp-content\\\/uploads\\\/2024\\\/08\\\/logo-rosso-2.png\",\"width\":491,\"height\":432,\"caption\":\"Archivio CassanoWeb\"},\"image\":{\"@id\":\"https:\\\/\\\/archiviocassano.lavocedelpaese.info\\\/#\\\/schema\\\/logo\\\/image\\\/\"},\"sameAs\":[\"https:\\\/\\\/www.facebook.com\\\/redazione.cassanoweb\"]},{\"@type\":\"Person\",\"@id\":\"https:\\\/\\\/archiviocassano.lavocedelpaese.info\\\/#\\\/schema\\\/person\\\/df195bc79a9b4c35127cf005f92e041b\",\"name\":\"admin\",\"image\":{\"@type\":\"ImageObject\",\"inLanguage\":\"it-IT\",\"@id\":\"https:\\\/\\\/secure.gravatar.com\\\/avatar\\\/eabba89a432e8eaa1b0207cc55f7e5340b22712b1ed80677efcf63e02ff5b235?s=96&d=mm&r=g\",\"url\":\"https:\\\/\\\/secure.gravatar.com\\\/avatar\\\/eabba89a432e8eaa1b0207cc55f7e5340b22712b1ed80677efcf63e02ff5b235?s=96&d=mm&r=g\",\"contentUrl\":\"https:\\\/\\\/secure.gravatar.com\\\/avatar\\\/eabba89a432e8eaa1b0207cc55f7e5340b22712b1ed80677efcf63e02ff5b235?s=96&d=mm&r=g\",\"caption\":\"admin\"},\"sameAs\":[\"https:\\\/\\\/archiviocassano.lavocedelpaese.info\"],\"url\":\"https:\\\/\\\/archiviocassano.lavocedelpaese.info\\\/index.php\\\/author\\\/admin_0qgz1xdp\\\/\"}]}<\/script>\n<!-- \/ Yoast SEO plugin. -->","yoast_head_json":{"title":"FdI: i 450ml di Emiliano non sono risorse aggiuntive - Archivio CassanoWeb","robots":{"index":"index","follow":"follow","max-snippet":"max-snippet:-1","max-image-preview":"max-image-preview:large","max-video-preview":"max-video-preview:-1"},"canonical":"https:\/\/archiviocassano.lavocedelpaese.info\/index.php\/2020\/04\/15\/fdi-i-450ml-di-emiliano-non-sono-risorse-aggiuntive\/","og_locale":"it_IT","og_type":"article","og_title":"FdI: i 450ml di Emiliano non sono risorse aggiuntive - Archivio CassanoWeb","og_url":"https:\/\/archiviocassano.lavocedelpaese.info\/index.php\/2020\/04\/15\/fdi-i-450ml-di-emiliano-non-sono-risorse-aggiuntive\/","og_site_name":"Archivio CassanoWeb","article_publisher":"https:\/\/www.facebook.com\/redazione.cassanoweb","article_published_time":"2020-04-15T17:18:43+00:00","og_image":[{"url":"https:\/\/live.staticflickr.com\/65535\/49777745761_4f2e3ac204_n.jpg","type":"","width":"","height":""}],"author":"admin","twitter_card":"summary_large_image","twitter_misc":{"Scritto da":"admin","Tempo di lettura stimato":"2 minuti"},"schema":{"@context":"https:\/\/schema.org","@graph":[{"@type":"Article","@id":"https:\/\/archiviocassano.lavocedelpaese.info\/index.php\/2020\/04\/15\/fdi-i-450ml-di-emiliano-non-sono-risorse-aggiuntive\/#article","isPartOf":{"@id":"https:\/\/archiviocassano.lavocedelpaese.info\/index.php\/2020\/04\/15\/fdi-i-450ml-di-emiliano-non-sono-risorse-aggiuntive\/"},"author":{"name":"admin","@id":"https:\/\/archiviocassano.lavocedelpaese.info\/#\/schema\/person\/df195bc79a9b4c35127cf005f92e041b"},"headline":"FdI: i 450ml di Emiliano non sono risorse aggiuntive","datePublished":"2020-04-15T17:18:43+00:00","mainEntityOfPage":{"@id":"https:\/\/archiviocassano.lavocedelpaese.info\/index.php\/2020\/04\/15\/fdi-i-450ml-di-emiliano-non-sono-risorse-aggiuntive\/"},"wordCount":433,"commentCount":0,"publisher":{"@id":"https:\/\/archiviocassano.lavocedelpaese.info\/#organization"},"image":{"@id":"https:\/\/archiviocassano.lavocedelpaese.info\/index.php\/2020\/04\/15\/fdi-i-450ml-di-emiliano-non-sono-risorse-aggiuntive\/#primaryimage"},"thumbnailUrl":"https:\/\/live.staticflickr.com\/65535\/49777745761_4f2e3ac204_n.jpg","articleSection":["Politica"],"inLanguage":"it-IT","potentialAction":[{"@type":"CommentAction","name":"Comment","target":["https:\/\/archiviocassano.lavocedelpaese.info\/index.php\/2020\/04\/15\/fdi-i-450ml-di-emiliano-non-sono-risorse-aggiuntive\/#respond"]}]},{"@type":"WebPage","@id":"https:\/\/archiviocassano.lavocedelpaese.info\/index.php\/2020\/04\/15\/fdi-i-450ml-di-emiliano-non-sono-risorse-aggiuntive\/","url":"https:\/\/archiviocassano.lavocedelpaese.info\/index.php\/2020\/04\/15\/fdi-i-450ml-di-emiliano-non-sono-risorse-aggiuntive\/","name":"FdI: i 450ml di Emiliano non sono risorse aggiuntive - Archivio CassanoWeb","isPartOf":{"@id":"https:\/\/archiviocassano.lavocedelpaese.info\/#website"},"primaryImageOfPage":{"@id":"https:\/\/archiviocassano.lavocedelpaese.info\/index.php\/2020\/04\/15\/fdi-i-450ml-di-emiliano-non-sono-risorse-aggiuntive\/#primaryimage"},"image":{"@id":"https:\/\/archiviocassano.lavocedelpaese.info\/index.php\/2020\/04\/15\/fdi-i-450ml-di-emiliano-non-sono-risorse-aggiuntive\/#primaryimage"},"thumbnailUrl":"https:\/\/live.staticflickr.com\/65535\/49777745761_4f2e3ac204_n.jpg","datePublished":"2020-04-15T17:18:43+00:00","breadcrumb":{"@id":"https:\/\/archiviocassano.lavocedelpaese.info\/index.php\/2020\/04\/15\/fdi-i-450ml-di-emiliano-non-sono-risorse-aggiuntive\/#breadcrumb"},"inLanguage":"it-IT","potentialAction":[{"@type":"ReadAction","target":["https:\/\/archiviocassano.lavocedelpaese.info\/index.php\/2020\/04\/15\/fdi-i-450ml-di-emiliano-non-sono-risorse-aggiuntive\/"]}]},{"@type":"ImageObject","inLanguage":"it-IT","@id":"https:\/\/archiviocassano.lavocedelpaese.info\/index.php\/2020\/04\/15\/fdi-i-450ml-di-emiliano-non-sono-risorse-aggiuntive\/#primaryimage","url":"https:\/\/live.staticflickr.com\/65535\/49777745761_4f2e3ac204_n.jpg","contentUrl":"https:\/\/live.staticflickr.com\/65535\/49777745761_4f2e3ac204_n.jpg"},{"@type":"BreadcrumbList","@id":"https:\/\/archiviocassano.lavocedelpaese.info\/index.php\/2020\/04\/15\/fdi-i-450ml-di-emiliano-non-sono-risorse-aggiuntive\/#breadcrumb","itemListElement":[{"@type":"ListItem","position":1,"name":"Home","item":"https:\/\/archiviocassano.lavocedelpaese.info\/"},{"@type":"ListItem","position":2,"name":"FdI: i 450ml di Emiliano non sono risorse aggiuntive"}]},{"@type":"WebSite","@id":"https:\/\/archiviocassano.lavocedelpaese.info\/#website","url":"https:\/\/archiviocassano.lavocedelpaese.info\/","name":"Archivio CassanoWeb","description":"La Voce del Paese - un network di idee","publisher":{"@id":"https:\/\/archiviocassano.lavocedelpaese.info\/#organization"},"potentialAction":[{"@type":"SearchAction","target":{"@type":"EntryPoint","urlTemplate":"https:\/\/archiviocassano.lavocedelpaese.info\/?s={search_term_string}"},"query-input":{"@type":"PropertyValueSpecification","valueRequired":true,"valueName":"search_term_string"}}],"inLanguage":"it-IT"},{"@type":"Organization","@id":"https:\/\/archiviocassano.lavocedelpaese.info\/#organization","name":"Archivio CassanoWeb","url":"https:\/\/archiviocassano.lavocedelpaese.info\/","logo":{"@type":"ImageObject","inLanguage":"it-IT","@id":"https:\/\/archiviocassano.lavocedelpaese.info\/#\/schema\/logo\/image\/","url":"https:\/\/archiviocassano.lavocedelpaese.info\/wp-content\/uploads\/2024\/08\/logo-rosso-2.png","contentUrl":"https:\/\/archiviocassano.lavocedelpaese.info\/wp-content\/uploads\/2024\/08\/logo-rosso-2.png","width":491,"height":432,"caption":"Archivio CassanoWeb"},"image":{"@id":"https:\/\/archiviocassano.lavocedelpaese.info\/#\/schema\/logo\/image\/"},"sameAs":["https:\/\/www.facebook.com\/redazione.cassanoweb"]},{"@type":"Person","@id":"https:\/\/archiviocassano.lavocedelpaese.info\/#\/schema\/person\/df195bc79a9b4c35127cf005f92e041b","name":"admin","image":{"@type":"ImageObject","inLanguage":"it-IT","@id":"https:\/\/secure.gravatar.com\/avatar\/eabba89a432e8eaa1b0207cc55f7e5340b22712b1ed80677efcf63e02ff5b235?s=96&d=mm&r=g","url":"https:\/\/secure.gravatar.com\/avatar\/eabba89a432e8eaa1b0207cc55f7e5340b22712b1ed80677efcf63e02ff5b235?s=96&d=mm&r=g","contentUrl":"https:\/\/secure.gravatar.com\/avatar\/eabba89a432e8eaa1b0207cc55f7e5340b22712b1ed80677efcf63e02ff5b235?s=96&d=mm&r=g","caption":"admin"},"sameAs":["https:\/\/archiviocassano.lavocedelpaese.info"],"url":"https:\/\/archiviocassano.lavocedelpaese.info\/index.php\/author\/admin_0qgz1xdp\/"}]}},"_links":{"self":[{"href":"https:\/\/archiviocassano.lavocedelpaese.info\/index.php\/wp-json\/wp\/v2\/posts\/18424","targetHints":{"allow":["GET"]}}],"collection":[{"href":"https:\/\/archiviocassano.lavocedelpaese.info\/index.php\/wp-json\/wp\/v2\/posts"}],"about":[{"href":"https:\/\/archiviocassano.lavocedelpaese.info\/index.php\/wp-json\/wp\/v2\/types\/post"}],"author":[{"embeddable":true,"href":"https:\/\/archiviocassano.lavocedelpaese.info\/index.php\/wp-json\/wp\/v2\/users\/1"}],"replies":[{"embeddable":true,"href":"https:\/\/archiviocassano.lavocedelpaese.info\/index.php\/wp-json\/wp\/v2\/comments?post=18424"}],"version-history":[{"count":0,"href":"https:\/\/archiviocassano.lavocedelpaese.info\/index.php\/wp-json\/wp\/v2\/posts\/18424\/revisions"}],"wp:attachment":[{"href":"https:\/\/archiviocassano.lavocedelpaese.info\/index.php\/wp-json\/wp\/v2\/media?parent=18424"}],"wp:term":[{"taxonomy":"category","embeddable":true,"href":"https:\/\/archiviocassano.lavocedelpaese.info\/index.php\/wp-json\/wp\/v2\/categories?post=18424"},{"taxonomy":"post_tag","embeddable":true,"href":"https:\/\/archiviocassano.lavocedelpaese.info\/index.php\/wp-json\/wp\/v2\/tags?post=18424"}],"curies":[{"name":"wp","href":"https:\/\/api.w.org\/{rel}","templated":true}]}}