{"id":18431,"date":"2020-04-19T15:00:05","date_gmt":"2020-04-19T15:00:05","guid":{"rendered":"https:\/\/archiviocassano.lavocedelpaese.info\/index.php\/2020\/04\/19\/cassano-a-qzero-contagiq-due-pazienti-dimessi-e-tamponi-negativi-nelle-rsa\/"},"modified":"2020-04-19T15:00:05","modified_gmt":"2020-04-19T15:00:05","slug":"cassano-a-qzero-contagiq-due-pazienti-dimessi-e-tamponi-negativi-nelle-rsa","status":"publish","type":"post","link":"https:\/\/archiviocassano.lavocedelpaese.info\/index.php\/2020\/04\/19\/cassano-a-qzero-contagiq-due-pazienti-dimessi-e-tamponi-negativi-nelle-rsa\/","title":{"rendered":"Due dimessi e tamponi negativi, Cassano ora \u00e8 a &#8220;zero contagi&#8221;"},"content":{"rendered":"<p style=\"text-align: justify;\"><a data-flickr-embed=\"true\" href=\"https:\/\/www.flickr.com\/photos\/184752021@N05\/49749095806\/in\/dateposted-public\/\" title=\"Coronavirus-Negativo-Mistretta-1280x720\"><img loading=\"lazy\" decoding=\"async\" src=\"https:\/\/live.staticflickr.com\/65535\/49749095806_82533f174c.jpg\" width=\"320\" height=\"150\" alt=\"Coronavirus-Negativo-Mistretta-1280x720\" \/><\/a><\/p>\n<p><!--more--><\/p>\n<p>Pazienti dimessi e tamponi negativi: Cassano \u00e8 a zero contagi.<\/p>\n<p>A comunicarlo la Sindaca Maria Pia Di Medio.<\/p>\n<p><em>&#8220;Mi sono stati appena comunicati i risultati degli ultimi tamponi effettuati a Cassano<\/em> &#8211; scrive la Di Medio &#8211; <em>ed \u00e8 con grande piacere che vi comunico che sono tutti negativi. In particolare le RSA di Cassano&nbsp; sono esenti da qualsiasi contagio.<\/em><\/p>\n<p><em>Inoltre mi hanno comunicato le dimissioni dell&#8217;ultimo ricoverato di Cassano. Pertanto&nbsp; il dato deve incoraggiarci ad andare avanti come abbiamo fatto sino ad oggi&#8221;.<\/em><\/p>\n<p style=\"text-align: justify;\">Ma la Sindaca invita a non mollare: &#8220;<em>I sacrifici di tutti stanno dando ottimi risultati arrestando il contagio<\/em>&nbsp;&#8211; scrive ancora &#8211;&nbsp; <em>Il lavoro competente dei centri COVID ospedalieri ci restituiscono i nostri cari guariti. Ma questo non deve farci abbassare la guardia! Dobbiamo perseverare nell&#8217;essere vigili e attenti nell&#8217;osservare le regole , anche nel nostro imminente futuro Vinceremo insieme contro il nemico invisibile&#8221;.<\/em><\/p>\n<p>La comunit\u00e0 cassanese contava finora otto contagiati: per quattro persone \u00e8 stata necessaria l&#8217;ospedalizzazione mentre per altre quattro \u00e8 bastata la quarantena presso il proprio domicilio. <a href=\"attualita\/29664-dimessi-i-primi-due-pazienti-cassanesi-affetti-da-coronavirus.html\" target=\"_blank\" rel=\"noopener\">Lo scorso 8 aprile i primi due pazienti sono stati dimessi,<\/a> considerati guariti e oggi la vicenda si conclude con le altre guarigioni.&nbsp;<\/p>\n","protected":false},"excerpt":{"rendered":"","protected":false},"author":1,"featured_media":0,"comment_status":"open","ping_status":"closed","sticky":false,"template":"","format":"standard","meta":{"colormag_page_container_layout":"default_layout","colormag_page_sidebar_layout":"default_layout","footnotes":""},"categories":[8],"tags":[],"class_list":["post-18431","post","type-post","status-publish","format-standard","hentry","category-cronaca"],"yoast_head":"<!-- This site is optimized with the Yoast SEO plugin v27.4 - https:\/\/yoast.com\/product\/yoast-seo-wordpress\/ -->\n<title>Due dimessi e tamponi negativi, Cassano ora \u00e8 a &quot;zero contagi&quot; - Archivio CassanoWeb<\/title>\n<meta name=\"robots\" content=\"index, follow, max-snippet:-1, max-image-preview:large, max-video-preview:-1\" \/>\n<link rel=\"canonical\" href=\"https:\/\/archiviocassano.lavocedelpaese.info\/index.php\/2020\/04\/19\/cassano-a-qzero-contagiq-due-pazienti-dimessi-e-tamponi-negativi-nelle-rsa\/\" \/>\n<meta property=\"og:locale\" content=\"it_IT\" \/>\n<meta property=\"og:type\" content=\"article\" \/>\n<meta property=\"og:title\" content=\"Due dimessi e tamponi negativi, Cassano ora \u00e8 a &quot;zero contagi&quot; - Archivio CassanoWeb\" \/>\n<meta property=\"og:url\" content=\"https:\/\/archiviocassano.lavocedelpaese.info\/index.php\/2020\/04\/19\/cassano-a-qzero-contagiq-due-pazienti-dimessi-e-tamponi-negativi-nelle-rsa\/\" \/>\n<meta property=\"og:site_name\" content=\"Archivio CassanoWeb\" \/>\n<meta property=\"article:publisher\" content=\"https:\/\/www.facebook.com\/redazione.cassanoweb\" \/>\n<meta property=\"article:published_time\" content=\"2020-04-19T15:00:05+00:00\" \/>\n<meta property=\"og:image\" content=\"https:\/\/live.staticflickr.com\/65535\/49749095806_82533f174c.jpg\" \/>\n<meta name=\"author\" content=\"admin\" \/>\n<meta name=\"twitter:card\" content=\"summary_large_image\" \/>\n<meta name=\"twitter:label1\" content=\"Scritto da\" \/>\n\t<meta name=\"twitter:data1\" content=\"admin\" \/>\n\t<meta name=\"twitter:label2\" content=\"Tempo di lettura stimato\" \/>\n\t<meta name=\"twitter:data2\" content=\"1 minuto\" \/>\n<script type=\"application\/ld+json\" class=\"yoast-schema-graph\">{\"@context\":\"https:\\\/\\\/schema.org\",\"@graph\":[{\"@type\":\"Article\",\"@id\":\"https:\\\/\\\/archiviocassano.lavocedelpaese.info\\\/index.php\\\/2020\\\/04\\\/19\\\/cassano-a-qzero-contagiq-due-pazienti-dimessi-e-tamponi-negativi-nelle-rsa\\\/#article\",\"isPartOf\":{\"@id\":\"https:\\\/\\\/archiviocassano.lavocedelpaese.info\\\/index.php\\\/2020\\\/04\\\/19\\\/cassano-a-qzero-contagiq-due-pazienti-dimessi-e-tamponi-negativi-nelle-rsa\\\/\"},\"author\":{\"name\":\"admin\",\"@id\":\"https:\\\/\\\/archiviocassano.lavocedelpaese.info\\\/#\\\/schema\\\/person\\\/df195bc79a9b4c35127cf005f92e041b\"},\"headline\":\"Due dimessi e tamponi negativi, Cassano ora \u00e8 a &#8220;zero contagi&#8221;\",\"datePublished\":\"2020-04-19T15:00:05+00:00\",\"mainEntityOfPage\":{\"@id\":\"https:\\\/\\\/archiviocassano.lavocedelpaese.info\\\/index.php\\\/2020\\\/04\\\/19\\\/cassano-a-qzero-contagiq-due-pazienti-dimessi-e-tamponi-negativi-nelle-rsa\\\/\"},\"wordCount\":210,\"commentCount\":0,\"publisher\":{\"@id\":\"https:\\\/\\\/archiviocassano.lavocedelpaese.info\\\/#organization\"},\"image\":{\"@id\":\"https:\\\/\\\/archiviocassano.lavocedelpaese.info\\\/index.php\\\/2020\\\/04\\\/19\\\/cassano-a-qzero-contagiq-due-pazienti-dimessi-e-tamponi-negativi-nelle-rsa\\\/#primaryimage\"},\"thumbnailUrl\":\"https:\\\/\\\/live.staticflickr.com\\\/65535\\\/49749095806_82533f174c.jpg\",\"articleSection\":[\"Cronaca\"],\"inLanguage\":\"it-IT\",\"potentialAction\":[{\"@type\":\"CommentAction\",\"name\":\"Comment\",\"target\":[\"https:\\\/\\\/archiviocassano.lavocedelpaese.info\\\/index.php\\\/2020\\\/04\\\/19\\\/cassano-a-qzero-contagiq-due-pazienti-dimessi-e-tamponi-negativi-nelle-rsa\\\/#respond\"]}]},{\"@type\":\"WebPage\",\"@id\":\"https:\\\/\\\/archiviocassano.lavocedelpaese.info\\\/index.php\\\/2020\\\/04\\\/19\\\/cassano-a-qzero-contagiq-due-pazienti-dimessi-e-tamponi-negativi-nelle-rsa\\\/\",\"url\":\"https:\\\/\\\/archiviocassano.lavocedelpaese.info\\\/index.php\\\/2020\\\/04\\\/19\\\/cassano-a-qzero-contagiq-due-pazienti-dimessi-e-tamponi-negativi-nelle-rsa\\\/\",\"name\":\"Due dimessi e tamponi negativi, Cassano ora \u00e8 a \\\"zero contagi\\\" - Archivio CassanoWeb\",\"isPartOf\":{\"@id\":\"https:\\\/\\\/archiviocassano.lavocedelpaese.info\\\/#website\"},\"primaryImageOfPage\":{\"@id\":\"https:\\\/\\\/archiviocassano.lavocedelpaese.info\\\/index.php\\\/2020\\\/04\\\/19\\\/cassano-a-qzero-contagiq-due-pazienti-dimessi-e-tamponi-negativi-nelle-rsa\\\/#primaryimage\"},\"image\":{\"@id\":\"https:\\\/\\\/archiviocassano.lavocedelpaese.info\\\/index.php\\\/2020\\\/04\\\/19\\\/cassano-a-qzero-contagiq-due-pazienti-dimessi-e-tamponi-negativi-nelle-rsa\\\/#primaryimage\"},\"thumbnailUrl\":\"https:\\\/\\\/live.staticflickr.com\\\/65535\\\/49749095806_82533f174c.jpg\",\"datePublished\":\"2020-04-19T15:00:05+00:00\",\"breadcrumb\":{\"@id\":\"https:\\\/\\\/archiviocassano.lavocedelpaese.info\\\/index.php\\\/2020\\\/04\\\/19\\\/cassano-a-qzero-contagiq-due-pazienti-dimessi-e-tamponi-negativi-nelle-rsa\\\/#breadcrumb\"},\"inLanguage\":\"it-IT\",\"potentialAction\":[{\"@type\":\"ReadAction\",\"target\":[\"https:\\\/\\\/archiviocassano.lavocedelpaese.info\\\/index.php\\\/2020\\\/04\\\/19\\\/cassano-a-qzero-contagiq-due-pazienti-dimessi-e-tamponi-negativi-nelle-rsa\\\/\"]}]},{\"@type\":\"ImageObject\",\"inLanguage\":\"it-IT\",\"@id\":\"https:\\\/\\\/archiviocassano.lavocedelpaese.info\\\/index.php\\\/2020\\\/04\\\/19\\\/cassano-a-qzero-contagiq-due-pazienti-dimessi-e-tamponi-negativi-nelle-rsa\\\/#primaryimage\",\"url\":\"https:\\\/\\\/live.staticflickr.com\\\/65535\\\/49749095806_82533f174c.jpg\",\"contentUrl\":\"https:\\\/\\\/live.staticflickr.com\\\/65535\\\/49749095806_82533f174c.jpg\"},{\"@type\":\"BreadcrumbList\",\"@id\":\"https:\\\/\\\/archiviocassano.lavocedelpaese.info\\\/index.php\\\/2020\\\/04\\\/19\\\/cassano-a-qzero-contagiq-due-pazienti-dimessi-e-tamponi-negativi-nelle-rsa\\\/#breadcrumb\",\"itemListElement\":[{\"@type\":\"ListItem\",\"position\":1,\"name\":\"Home\",\"item\":\"https:\\\/\\\/archiviocassano.lavocedelpaese.info\\\/\"},{\"@type\":\"ListItem\",\"position\":2,\"name\":\"Due dimessi e tamponi negativi, Cassano ora \u00e8 a &#8220;zero contagi&#8221;\"}]},{\"@type\":\"WebSite\",\"@id\":\"https:\\\/\\\/archiviocassano.lavocedelpaese.info\\\/#website\",\"url\":\"https:\\\/\\\/archiviocassano.lavocedelpaese.info\\\/\",\"name\":\"Archivio CassanoWeb\",\"description\":\"La Voce del Paese - un network di idee\",\"publisher\":{\"@id\":\"https:\\\/\\\/archiviocassano.lavocedelpaese.info\\\/#organization\"},\"potentialAction\":[{\"@type\":\"SearchAction\",\"target\":{\"@type\":\"EntryPoint\",\"urlTemplate\":\"https:\\\/\\\/archiviocassano.lavocedelpaese.info\\\/?s={search_term_string}\"},\"query-input\":{\"@type\":\"PropertyValueSpecification\",\"valueRequired\":true,\"valueName\":\"search_term_string\"}}],\"inLanguage\":\"it-IT\"},{\"@type\":\"Organization\",\"@id\":\"https:\\\/\\\/archiviocassano.lavocedelpaese.info\\\/#organization\",\"name\":\"Archivio CassanoWeb\",\"url\":\"https:\\\/\\\/archiviocassano.lavocedelpaese.info\\\/\",\"logo\":{\"@type\":\"ImageObject\",\"inLanguage\":\"it-IT\",\"@id\":\"https:\\\/\\\/archiviocassano.lavocedelpaese.info\\\/#\\\/schema\\\/logo\\\/image\\\/\",\"url\":\"https:\\\/\\\/archiviocassano.lavocedelpaese.info\\\/wp-content\\\/uploads\\\/2024\\\/08\\\/logo-rosso-2.png\",\"contentUrl\":\"https:\\\/\\\/archiviocassano.lavocedelpaese.info\\\/wp-content\\\/uploads\\\/2024\\\/08\\\/logo-rosso-2.png\",\"width\":491,\"height\":432,\"caption\":\"Archivio CassanoWeb\"},\"image\":{\"@id\":\"https:\\\/\\\/archiviocassano.lavocedelpaese.info\\\/#\\\/schema\\\/logo\\\/image\\\/\"},\"sameAs\":[\"https:\\\/\\\/www.facebook.com\\\/redazione.cassanoweb\"]},{\"@type\":\"Person\",\"@id\":\"https:\\\/\\\/archiviocassano.lavocedelpaese.info\\\/#\\\/schema\\\/person\\\/df195bc79a9b4c35127cf005f92e041b\",\"name\":\"admin\",\"image\":{\"@type\":\"ImageObject\",\"inLanguage\":\"it-IT\",\"@id\":\"https:\\\/\\\/secure.gravatar.com\\\/avatar\\\/eabba89a432e8eaa1b0207cc55f7e5340b22712b1ed80677efcf63e02ff5b235?s=96&d=mm&r=g\",\"url\":\"https:\\\/\\\/secure.gravatar.com\\\/avatar\\\/eabba89a432e8eaa1b0207cc55f7e5340b22712b1ed80677efcf63e02ff5b235?s=96&d=mm&r=g\",\"contentUrl\":\"https:\\\/\\\/secure.gravatar.com\\\/avatar\\\/eabba89a432e8eaa1b0207cc55f7e5340b22712b1ed80677efcf63e02ff5b235?s=96&d=mm&r=g\",\"caption\":\"admin\"},\"sameAs\":[\"https:\\\/\\\/archiviocassano.lavocedelpaese.info\"],\"url\":\"https:\\\/\\\/archiviocassano.lavocedelpaese.info\\\/index.php\\\/author\\\/admin_0qgz1xdp\\\/\"}]}<\/script>\n<!-- \/ Yoast SEO plugin. -->","yoast_head_json":{"title":"Due dimessi e tamponi negativi, Cassano ora \u00e8 a \"zero contagi\" - Archivio CassanoWeb","robots":{"index":"index","follow":"follow","max-snippet":"max-snippet:-1","max-image-preview":"max-image-preview:large","max-video-preview":"max-video-preview:-1"},"canonical":"https:\/\/archiviocassano.lavocedelpaese.info\/index.php\/2020\/04\/19\/cassano-a-qzero-contagiq-due-pazienti-dimessi-e-tamponi-negativi-nelle-rsa\/","og_locale":"it_IT","og_type":"article","og_title":"Due dimessi e tamponi negativi, Cassano ora \u00e8 a \"zero contagi\" - Archivio CassanoWeb","og_url":"https:\/\/archiviocassano.lavocedelpaese.info\/index.php\/2020\/04\/19\/cassano-a-qzero-contagiq-due-pazienti-dimessi-e-tamponi-negativi-nelle-rsa\/","og_site_name":"Archivio CassanoWeb","article_publisher":"https:\/\/www.facebook.com\/redazione.cassanoweb","article_published_time":"2020-04-19T15:00:05+00:00","og_image":[{"url":"https:\/\/live.staticflickr.com\/65535\/49749095806_82533f174c.jpg","type":"","width":"","height":""}],"author":"admin","twitter_card":"summary_large_image","twitter_misc":{"Scritto da":"admin","Tempo di lettura stimato":"1 minuto"},"schema":{"@context":"https:\/\/schema.org","@graph":[{"@type":"Article","@id":"https:\/\/archiviocassano.lavocedelpaese.info\/index.php\/2020\/04\/19\/cassano-a-qzero-contagiq-due-pazienti-dimessi-e-tamponi-negativi-nelle-rsa\/#article","isPartOf":{"@id":"https:\/\/archiviocassano.lavocedelpaese.info\/index.php\/2020\/04\/19\/cassano-a-qzero-contagiq-due-pazienti-dimessi-e-tamponi-negativi-nelle-rsa\/"},"author":{"name":"admin","@id":"https:\/\/archiviocassano.lavocedelpaese.info\/#\/schema\/person\/df195bc79a9b4c35127cf005f92e041b"},"headline":"Due dimessi e tamponi negativi, Cassano ora \u00e8 a &#8220;zero contagi&#8221;","datePublished":"2020-04-19T15:00:05+00:00","mainEntityOfPage":{"@id":"https:\/\/archiviocassano.lavocedelpaese.info\/index.php\/2020\/04\/19\/cassano-a-qzero-contagiq-due-pazienti-dimessi-e-tamponi-negativi-nelle-rsa\/"},"wordCount":210,"commentCount":0,"publisher":{"@id":"https:\/\/archiviocassano.lavocedelpaese.info\/#organization"},"image":{"@id":"https:\/\/archiviocassano.lavocedelpaese.info\/index.php\/2020\/04\/19\/cassano-a-qzero-contagiq-due-pazienti-dimessi-e-tamponi-negativi-nelle-rsa\/#primaryimage"},"thumbnailUrl":"https:\/\/live.staticflickr.com\/65535\/49749095806_82533f174c.jpg","articleSection":["Cronaca"],"inLanguage":"it-IT","potentialAction":[{"@type":"CommentAction","name":"Comment","target":["https:\/\/archiviocassano.lavocedelpaese.info\/index.php\/2020\/04\/19\/cassano-a-qzero-contagiq-due-pazienti-dimessi-e-tamponi-negativi-nelle-rsa\/#respond"]}]},{"@type":"WebPage","@id":"https:\/\/archiviocassano.lavocedelpaese.info\/index.php\/2020\/04\/19\/cassano-a-qzero-contagiq-due-pazienti-dimessi-e-tamponi-negativi-nelle-rsa\/","url":"https:\/\/archiviocassano.lavocedelpaese.info\/index.php\/2020\/04\/19\/cassano-a-qzero-contagiq-due-pazienti-dimessi-e-tamponi-negativi-nelle-rsa\/","name":"Due dimessi e tamponi negativi, Cassano ora \u00e8 a \"zero contagi\" - Archivio CassanoWeb","isPartOf":{"@id":"https:\/\/archiviocassano.lavocedelpaese.info\/#website"},"primaryImageOfPage":{"@id":"https:\/\/archiviocassano.lavocedelpaese.info\/index.php\/2020\/04\/19\/cassano-a-qzero-contagiq-due-pazienti-dimessi-e-tamponi-negativi-nelle-rsa\/#primaryimage"},"image":{"@id":"https:\/\/archiviocassano.lavocedelpaese.info\/index.php\/2020\/04\/19\/cassano-a-qzero-contagiq-due-pazienti-dimessi-e-tamponi-negativi-nelle-rsa\/#primaryimage"},"thumbnailUrl":"https:\/\/live.staticflickr.com\/65535\/49749095806_82533f174c.jpg","datePublished":"2020-04-19T15:00:05+00:00","breadcrumb":{"@id":"https:\/\/archiviocassano.lavocedelpaese.info\/index.php\/2020\/04\/19\/cassano-a-qzero-contagiq-due-pazienti-dimessi-e-tamponi-negativi-nelle-rsa\/#breadcrumb"},"inLanguage":"it-IT","potentialAction":[{"@type":"ReadAction","target":["https:\/\/archiviocassano.lavocedelpaese.info\/index.php\/2020\/04\/19\/cassano-a-qzero-contagiq-due-pazienti-dimessi-e-tamponi-negativi-nelle-rsa\/"]}]},{"@type":"ImageObject","inLanguage":"it-IT","@id":"https:\/\/archiviocassano.lavocedelpaese.info\/index.php\/2020\/04\/19\/cassano-a-qzero-contagiq-due-pazienti-dimessi-e-tamponi-negativi-nelle-rsa\/#primaryimage","url":"https:\/\/live.staticflickr.com\/65535\/49749095806_82533f174c.jpg","contentUrl":"https:\/\/live.staticflickr.com\/65535\/49749095806_82533f174c.jpg"},{"@type":"BreadcrumbList","@id":"https:\/\/archiviocassano.lavocedelpaese.info\/index.php\/2020\/04\/19\/cassano-a-qzero-contagiq-due-pazienti-dimessi-e-tamponi-negativi-nelle-rsa\/#breadcrumb","itemListElement":[{"@type":"ListItem","position":1,"name":"Home","item":"https:\/\/archiviocassano.lavocedelpaese.info\/"},{"@type":"ListItem","position":2,"name":"Due dimessi e tamponi negativi, Cassano ora \u00e8 a &#8220;zero contagi&#8221;"}]},{"@type":"WebSite","@id":"https:\/\/archiviocassano.lavocedelpaese.info\/#website","url":"https:\/\/archiviocassano.lavocedelpaese.info\/","name":"Archivio CassanoWeb","description":"La Voce del Paese - un network di idee","publisher":{"@id":"https:\/\/archiviocassano.lavocedelpaese.info\/#organization"},"potentialAction":[{"@type":"SearchAction","target":{"@type":"EntryPoint","urlTemplate":"https:\/\/archiviocassano.lavocedelpaese.info\/?s={search_term_string}"},"query-input":{"@type":"PropertyValueSpecification","valueRequired":true,"valueName":"search_term_string"}}],"inLanguage":"it-IT"},{"@type":"Organization","@id":"https:\/\/archiviocassano.lavocedelpaese.info\/#organization","name":"Archivio CassanoWeb","url":"https:\/\/archiviocassano.lavocedelpaese.info\/","logo":{"@type":"ImageObject","inLanguage":"it-IT","@id":"https:\/\/archiviocassano.lavocedelpaese.info\/#\/schema\/logo\/image\/","url":"https:\/\/archiviocassano.lavocedelpaese.info\/wp-content\/uploads\/2024\/08\/logo-rosso-2.png","contentUrl":"https:\/\/archiviocassano.lavocedelpaese.info\/wp-content\/uploads\/2024\/08\/logo-rosso-2.png","width":491,"height":432,"caption":"Archivio CassanoWeb"},"image":{"@id":"https:\/\/archiviocassano.lavocedelpaese.info\/#\/schema\/logo\/image\/"},"sameAs":["https:\/\/www.facebook.com\/redazione.cassanoweb"]},{"@type":"Person","@id":"https:\/\/archiviocassano.lavocedelpaese.info\/#\/schema\/person\/df195bc79a9b4c35127cf005f92e041b","name":"admin","image":{"@type":"ImageObject","inLanguage":"it-IT","@id":"https:\/\/secure.gravatar.com\/avatar\/eabba89a432e8eaa1b0207cc55f7e5340b22712b1ed80677efcf63e02ff5b235?s=96&d=mm&r=g","url":"https:\/\/secure.gravatar.com\/avatar\/eabba89a432e8eaa1b0207cc55f7e5340b22712b1ed80677efcf63e02ff5b235?s=96&d=mm&r=g","contentUrl":"https:\/\/secure.gravatar.com\/avatar\/eabba89a432e8eaa1b0207cc55f7e5340b22712b1ed80677efcf63e02ff5b235?s=96&d=mm&r=g","caption":"admin"},"sameAs":["https:\/\/archiviocassano.lavocedelpaese.info"],"url":"https:\/\/archiviocassano.lavocedelpaese.info\/index.php\/author\/admin_0qgz1xdp\/"}]}},"_links":{"self":[{"href":"https:\/\/archiviocassano.lavocedelpaese.info\/index.php\/wp-json\/wp\/v2\/posts\/18431","targetHints":{"allow":["GET"]}}],"collection":[{"href":"https:\/\/archiviocassano.lavocedelpaese.info\/index.php\/wp-json\/wp\/v2\/posts"}],"about":[{"href":"https:\/\/archiviocassano.lavocedelpaese.info\/index.php\/wp-json\/wp\/v2\/types\/post"}],"author":[{"embeddable":true,"href":"https:\/\/archiviocassano.lavocedelpaese.info\/index.php\/wp-json\/wp\/v2\/users\/1"}],"replies":[{"embeddable":true,"href":"https:\/\/archiviocassano.lavocedelpaese.info\/index.php\/wp-json\/wp\/v2\/comments?post=18431"}],"version-history":[{"count":0,"href":"https:\/\/archiviocassano.lavocedelpaese.info\/index.php\/wp-json\/wp\/v2\/posts\/18431\/revisions"}],"wp:attachment":[{"href":"https:\/\/archiviocassano.lavocedelpaese.info\/index.php\/wp-json\/wp\/v2\/media?parent=18431"}],"wp:term":[{"taxonomy":"category","embeddable":true,"href":"https:\/\/archiviocassano.lavocedelpaese.info\/index.php\/wp-json\/wp\/v2\/categories?post=18431"},{"taxonomy":"post_tag","embeddable":true,"href":"https:\/\/archiviocassano.lavocedelpaese.info\/index.php\/wp-json\/wp\/v2\/tags?post=18431"}],"curies":[{"name":"wp","href":"https:\/\/api.w.org\/{rel}","templated":true}]}}