{"id":18437,"date":"2020-04-22T06:57:13","date_gmt":"2020-04-22T06:57:13","guid":{"rendered":"https:\/\/archiviocassano.lavocedelpaese.info\/index.php\/2020\/04\/22\/giornata-del-libro-e-del-diritto-dautore-un-incontro-virtuale\/"},"modified":"2020-04-22T06:57:13","modified_gmt":"2020-04-22T06:57:13","slug":"giornata-del-libro-e-del-diritto-dautore-un-incontro-virtuale","status":"publish","type":"post","link":"https:\/\/archiviocassano.lavocedelpaese.info\/index.php\/2020\/04\/22\/giornata-del-libro-e-del-diritto-dautore-un-incontro-virtuale\/","title":{"rendered":"Giornata del Libro e del Diritto d&#8217;autore, un incontro virtuale"},"content":{"rendered":"<p><a data-flickr-embed=\"true\" href=\"https:\/\/www.flickr.com\/photos\/184752021@N05\/49804647741\/in\/dateposted-public\/\" title=\"generico-aprile-2020-171497.660x368\"><img loading=\"lazy\" decoding=\"async\" src=\"https:\/\/live.staticflickr.com\/65535\/49804647741_ffb32f68de_n.jpg\" width=\"320\" height=\"150\" alt=\"generico-aprile-2020-171497.660x368\" \/><\/a><\/p>\n<p><!--more--><\/p>\n<p><p>Gioved\u00ec 23 aprile i Club per l\u2019UNESCO di Cassano delle Murge e di Bari propongo un momento di riflessione in occasione della&nbsp;Giornata Mondiale del Libro e del Diritto d\u2019Autore, che nasce sotto l\u2019egida dell\u2019UNESCO nel 1996 per promuovere la lettura, la pubblicazione dei libri e la tutela del copyright.<\/p>\n<p>Il 23 aprile \u00e8 stato scelto perch\u00e9 \u00e8 il giorno in cui sono morti nel 1616 tre scrittori considerati dei pilastri della cultura universale: Miguel de Cervantes, William Shakespeare e Garciloso de la Vega.<\/p>\n<p>Il libro e la lettura rappresentano un mezzo di approfondimento e di conoscenza, sono strumento di informazione e di apprendimento culturale, entrambi oggi indispensabili per superare le incertezze e le precariet\u00e0 legate alla paura del momento che stiamo vivendo, della globalizzazione, del cambiamento e del diverso. La lettura, che consiste anche in un piacere ineguagliabile per gli appassionati, ci consente di entrare in mondi, vite e tempi diversi e ci d\u00e0 la possibilit\u00e0 di avvicinarci a esperienze e realt\u00e0 lontane dalla nostra, accrescendo cos\u00ec la nostra conoscenza e la consapevolezza di quanto il mondo che ci circonda sia poliedrico.<\/p>\n<p>L\u2019evento, che si svolger\u00e0 tramite una diretta Facebook alle ore 16:00 sulla pagina&nbsp;<a href=\"https:\/\/www.facebook.com\/AvvocataRossanaAngiulo\" target=\"_blank\" rel=\"noopener noreferrer\">Avvocata Rossana Angiulo<\/a>, socia del Club per l\u2019UNESCO di Cassano e moderatrice dell\u2019incontro, vede la partecipazione del Presidente dell\u2019Ordine degli Avvocati di Bari, Giovanni Stefani, della prof.ssa Maria Simone, Consigliera Nazionale FICLU e Presidente Emerito del Club per l\u2019UNESCO di Cassano delle Murge che parler\u00e0 dell\u2019importanza del \u201cLibro al tempo del Coronavirus\u201d, del dott. Pietro Bello, Presidente Club per l\u2019UNESCO di Bari, che spiegher\u00e0 il significato della Giornata Mondiale del Libro e del Diritto d\u2019Autore, dall\u2019avvocata Gabriella Panaro, Consigliera dell\u2019Ordine degli Avvocati di Bari, che tratter\u00e0 il tema \u201cIl Diritto d\u2019Autore: cos\u2019\u00e8 e come tutelarlo\u201d.<\/p>\n<p>Sar\u00e0 un momento di riflessione sull\u2019importanza della cultura durante la crisi emergenziale che stiamo vivendo; la cultura come strumento per superare la sfida epocale che, il nostro paese sta attraversando, con la descrizione di alcuni progetti dedicati e la normativa di riferimento per il diritto d\u2019autore.<\/p>\n<p>&nbsp;<\/p>\n","protected":false},"excerpt":{"rendered":"","protected":false},"author":1,"featured_media":0,"comment_status":"open","ping_status":"closed","sticky":false,"template":"","format":"standard","meta":{"colormag_page_container_layout":"default_layout","colormag_page_sidebar_layout":"default_layout","footnotes":""},"categories":[11],"tags":[],"class_list":["post-18437","post","type-post","status-publish","format-standard","hentry","category-appuntamenti"],"yoast_head":"<!-- This site is optimized with the Yoast SEO plugin v27.5 - https:\/\/yoast.com\/product\/yoast-seo-wordpress\/ -->\n<title>Giornata del Libro e del Diritto d&#039;autore, un incontro virtuale - Archivio CassanoWeb<\/title>\n<meta name=\"robots\" content=\"index, follow, max-snippet:-1, max-image-preview:large, max-video-preview:-1\" \/>\n<link rel=\"canonical\" href=\"https:\/\/archiviocassano.lavocedelpaese.info\/index.php\/2020\/04\/22\/giornata-del-libro-e-del-diritto-dautore-un-incontro-virtuale\/\" \/>\n<meta property=\"og:locale\" content=\"it_IT\" \/>\n<meta property=\"og:type\" content=\"article\" \/>\n<meta property=\"og:title\" content=\"Giornata del Libro e del Diritto d&#039;autore, un incontro virtuale - Archivio CassanoWeb\" \/>\n<meta property=\"og:url\" content=\"https:\/\/archiviocassano.lavocedelpaese.info\/index.php\/2020\/04\/22\/giornata-del-libro-e-del-diritto-dautore-un-incontro-virtuale\/\" \/>\n<meta property=\"og:site_name\" content=\"Archivio CassanoWeb\" \/>\n<meta property=\"article:publisher\" content=\"https:\/\/www.facebook.com\/redazione.cassanoweb\" \/>\n<meta property=\"article:published_time\" content=\"2020-04-22T06:57:13+00:00\" \/>\n<meta property=\"og:image\" content=\"https:\/\/live.staticflickr.com\/65535\/49804647741_ffb32f68de_n.jpg\" \/>\n<meta name=\"author\" content=\"admin\" \/>\n<meta name=\"twitter:card\" content=\"summary_large_image\" \/>\n<meta name=\"twitter:label1\" content=\"Scritto da\" \/>\n\t<meta name=\"twitter:data1\" content=\"admin\" \/>\n\t<meta name=\"twitter:label2\" content=\"Tempo di lettura stimato\" \/>\n\t<meta name=\"twitter:data2\" content=\"2 minuti\" \/>\n<script type=\"application\/ld+json\" class=\"yoast-schema-graph\">{\"@context\":\"https:\\\/\\\/schema.org\",\"@graph\":[{\"@type\":\"Article\",\"@id\":\"https:\\\/\\\/archiviocassano.lavocedelpaese.info\\\/index.php\\\/2020\\\/04\\\/22\\\/giornata-del-libro-e-del-diritto-dautore-un-incontro-virtuale\\\/#article\",\"isPartOf\":{\"@id\":\"https:\\\/\\\/archiviocassano.lavocedelpaese.info\\\/index.php\\\/2020\\\/04\\\/22\\\/giornata-del-libro-e-del-diritto-dautore-un-incontro-virtuale\\\/\"},\"author\":{\"name\":\"admin\",\"@id\":\"https:\\\/\\\/archiviocassano.lavocedelpaese.info\\\/#\\\/schema\\\/person\\\/df195bc79a9b4c35127cf005f92e041b\"},\"headline\":\"Giornata del Libro e del Diritto d&#8217;autore, un incontro virtuale\",\"datePublished\":\"2020-04-22T06:57:13+00:00\",\"mainEntityOfPage\":{\"@id\":\"https:\\\/\\\/archiviocassano.lavocedelpaese.info\\\/index.php\\\/2020\\\/04\\\/22\\\/giornata-del-libro-e-del-diritto-dautore-un-incontro-virtuale\\\/\"},\"wordCount\":362,\"commentCount\":0,\"publisher\":{\"@id\":\"https:\\\/\\\/archiviocassano.lavocedelpaese.info\\\/#organization\"},\"image\":{\"@id\":\"https:\\\/\\\/archiviocassano.lavocedelpaese.info\\\/index.php\\\/2020\\\/04\\\/22\\\/giornata-del-libro-e-del-diritto-dautore-un-incontro-virtuale\\\/#primaryimage\"},\"thumbnailUrl\":\"https:\\\/\\\/live.staticflickr.com\\\/65535\\\/49804647741_ffb32f68de_n.jpg\",\"articleSection\":[\"Appuntamenti\"],\"inLanguage\":\"it-IT\",\"potentialAction\":[{\"@type\":\"CommentAction\",\"name\":\"Comment\",\"target\":[\"https:\\\/\\\/archiviocassano.lavocedelpaese.info\\\/index.php\\\/2020\\\/04\\\/22\\\/giornata-del-libro-e-del-diritto-dautore-un-incontro-virtuale\\\/#respond\"]}]},{\"@type\":\"WebPage\",\"@id\":\"https:\\\/\\\/archiviocassano.lavocedelpaese.info\\\/index.php\\\/2020\\\/04\\\/22\\\/giornata-del-libro-e-del-diritto-dautore-un-incontro-virtuale\\\/\",\"url\":\"https:\\\/\\\/archiviocassano.lavocedelpaese.info\\\/index.php\\\/2020\\\/04\\\/22\\\/giornata-del-libro-e-del-diritto-dautore-un-incontro-virtuale\\\/\",\"name\":\"Giornata del Libro e del Diritto d'autore, un incontro virtuale - Archivio CassanoWeb\",\"isPartOf\":{\"@id\":\"https:\\\/\\\/archiviocassano.lavocedelpaese.info\\\/#website\"},\"primaryImageOfPage\":{\"@id\":\"https:\\\/\\\/archiviocassano.lavocedelpaese.info\\\/index.php\\\/2020\\\/04\\\/22\\\/giornata-del-libro-e-del-diritto-dautore-un-incontro-virtuale\\\/#primaryimage\"},\"image\":{\"@id\":\"https:\\\/\\\/archiviocassano.lavocedelpaese.info\\\/index.php\\\/2020\\\/04\\\/22\\\/giornata-del-libro-e-del-diritto-dautore-un-incontro-virtuale\\\/#primaryimage\"},\"thumbnailUrl\":\"https:\\\/\\\/live.staticflickr.com\\\/65535\\\/49804647741_ffb32f68de_n.jpg\",\"datePublished\":\"2020-04-22T06:57:13+00:00\",\"breadcrumb\":{\"@id\":\"https:\\\/\\\/archiviocassano.lavocedelpaese.info\\\/index.php\\\/2020\\\/04\\\/22\\\/giornata-del-libro-e-del-diritto-dautore-un-incontro-virtuale\\\/#breadcrumb\"},\"inLanguage\":\"it-IT\",\"potentialAction\":[{\"@type\":\"ReadAction\",\"target\":[\"https:\\\/\\\/archiviocassano.lavocedelpaese.info\\\/index.php\\\/2020\\\/04\\\/22\\\/giornata-del-libro-e-del-diritto-dautore-un-incontro-virtuale\\\/\"]}]},{\"@type\":\"ImageObject\",\"inLanguage\":\"it-IT\",\"@id\":\"https:\\\/\\\/archiviocassano.lavocedelpaese.info\\\/index.php\\\/2020\\\/04\\\/22\\\/giornata-del-libro-e-del-diritto-dautore-un-incontro-virtuale\\\/#primaryimage\",\"url\":\"https:\\\/\\\/live.staticflickr.com\\\/65535\\\/49804647741_ffb32f68de_n.jpg\",\"contentUrl\":\"https:\\\/\\\/live.staticflickr.com\\\/65535\\\/49804647741_ffb32f68de_n.jpg\"},{\"@type\":\"BreadcrumbList\",\"@id\":\"https:\\\/\\\/archiviocassano.lavocedelpaese.info\\\/index.php\\\/2020\\\/04\\\/22\\\/giornata-del-libro-e-del-diritto-dautore-un-incontro-virtuale\\\/#breadcrumb\",\"itemListElement\":[{\"@type\":\"ListItem\",\"position\":1,\"name\":\"Home\",\"item\":\"https:\\\/\\\/archiviocassano.lavocedelpaese.info\\\/\"},{\"@type\":\"ListItem\",\"position\":2,\"name\":\"Giornata del Libro e del Diritto d&#8217;autore, un incontro virtuale\"}]},{\"@type\":\"WebSite\",\"@id\":\"https:\\\/\\\/archiviocassano.lavocedelpaese.info\\\/#website\",\"url\":\"https:\\\/\\\/archiviocassano.lavocedelpaese.info\\\/\",\"name\":\"Archivio CassanoWeb\",\"description\":\"La Voce del Paese - un network di idee\",\"publisher\":{\"@id\":\"https:\\\/\\\/archiviocassano.lavocedelpaese.info\\\/#organization\"},\"potentialAction\":[{\"@type\":\"SearchAction\",\"target\":{\"@type\":\"EntryPoint\",\"urlTemplate\":\"https:\\\/\\\/archiviocassano.lavocedelpaese.info\\\/?s={search_term_string}\"},\"query-input\":{\"@type\":\"PropertyValueSpecification\",\"valueRequired\":true,\"valueName\":\"search_term_string\"}}],\"inLanguage\":\"it-IT\"},{\"@type\":\"Organization\",\"@id\":\"https:\\\/\\\/archiviocassano.lavocedelpaese.info\\\/#organization\",\"name\":\"Archivio CassanoWeb\",\"url\":\"https:\\\/\\\/archiviocassano.lavocedelpaese.info\\\/\",\"logo\":{\"@type\":\"ImageObject\",\"inLanguage\":\"it-IT\",\"@id\":\"https:\\\/\\\/archiviocassano.lavocedelpaese.info\\\/#\\\/schema\\\/logo\\\/image\\\/\",\"url\":\"https:\\\/\\\/archiviocassano.lavocedelpaese.info\\\/wp-content\\\/uploads\\\/2024\\\/08\\\/logo-rosso-2.png\",\"contentUrl\":\"https:\\\/\\\/archiviocassano.lavocedelpaese.info\\\/wp-content\\\/uploads\\\/2024\\\/08\\\/logo-rosso-2.png\",\"width\":491,\"height\":432,\"caption\":\"Archivio CassanoWeb\"},\"image\":{\"@id\":\"https:\\\/\\\/archiviocassano.lavocedelpaese.info\\\/#\\\/schema\\\/logo\\\/image\\\/\"},\"sameAs\":[\"https:\\\/\\\/www.facebook.com\\\/redazione.cassanoweb\"]},{\"@type\":\"Person\",\"@id\":\"https:\\\/\\\/archiviocassano.lavocedelpaese.info\\\/#\\\/schema\\\/person\\\/df195bc79a9b4c35127cf005f92e041b\",\"name\":\"admin\",\"image\":{\"@type\":\"ImageObject\",\"inLanguage\":\"it-IT\",\"@id\":\"https:\\\/\\\/secure.gravatar.com\\\/avatar\\\/eabba89a432e8eaa1b0207cc55f7e5340b22712b1ed80677efcf63e02ff5b235?s=96&d=mm&r=g\",\"url\":\"https:\\\/\\\/secure.gravatar.com\\\/avatar\\\/eabba89a432e8eaa1b0207cc55f7e5340b22712b1ed80677efcf63e02ff5b235?s=96&d=mm&r=g\",\"contentUrl\":\"https:\\\/\\\/secure.gravatar.com\\\/avatar\\\/eabba89a432e8eaa1b0207cc55f7e5340b22712b1ed80677efcf63e02ff5b235?s=96&d=mm&r=g\",\"caption\":\"admin\"},\"sameAs\":[\"https:\\\/\\\/archiviocassano.lavocedelpaese.info\"],\"url\":\"https:\\\/\\\/archiviocassano.lavocedelpaese.info\\\/index.php\\\/author\\\/admin_0qgz1xdp\\\/\"}]}<\/script>\n<!-- \/ Yoast SEO plugin. -->","yoast_head_json":{"title":"Giornata del Libro e del Diritto d'autore, un incontro virtuale - Archivio CassanoWeb","robots":{"index":"index","follow":"follow","max-snippet":"max-snippet:-1","max-image-preview":"max-image-preview:large","max-video-preview":"max-video-preview:-1"},"canonical":"https:\/\/archiviocassano.lavocedelpaese.info\/index.php\/2020\/04\/22\/giornata-del-libro-e-del-diritto-dautore-un-incontro-virtuale\/","og_locale":"it_IT","og_type":"article","og_title":"Giornata del Libro e del Diritto d'autore, un incontro virtuale - Archivio CassanoWeb","og_url":"https:\/\/archiviocassano.lavocedelpaese.info\/index.php\/2020\/04\/22\/giornata-del-libro-e-del-diritto-dautore-un-incontro-virtuale\/","og_site_name":"Archivio CassanoWeb","article_publisher":"https:\/\/www.facebook.com\/redazione.cassanoweb","article_published_time":"2020-04-22T06:57:13+00:00","og_image":[{"url":"https:\/\/live.staticflickr.com\/65535\/49804647741_ffb32f68de_n.jpg","type":"","width":"","height":""}],"author":"admin","twitter_card":"summary_large_image","twitter_misc":{"Scritto da":"admin","Tempo di lettura stimato":"2 minuti"},"schema":{"@context":"https:\/\/schema.org","@graph":[{"@type":"Article","@id":"https:\/\/archiviocassano.lavocedelpaese.info\/index.php\/2020\/04\/22\/giornata-del-libro-e-del-diritto-dautore-un-incontro-virtuale\/#article","isPartOf":{"@id":"https:\/\/archiviocassano.lavocedelpaese.info\/index.php\/2020\/04\/22\/giornata-del-libro-e-del-diritto-dautore-un-incontro-virtuale\/"},"author":{"name":"admin","@id":"https:\/\/archiviocassano.lavocedelpaese.info\/#\/schema\/person\/df195bc79a9b4c35127cf005f92e041b"},"headline":"Giornata del Libro e del Diritto d&#8217;autore, un incontro virtuale","datePublished":"2020-04-22T06:57:13+00:00","mainEntityOfPage":{"@id":"https:\/\/archiviocassano.lavocedelpaese.info\/index.php\/2020\/04\/22\/giornata-del-libro-e-del-diritto-dautore-un-incontro-virtuale\/"},"wordCount":362,"commentCount":0,"publisher":{"@id":"https:\/\/archiviocassano.lavocedelpaese.info\/#organization"},"image":{"@id":"https:\/\/archiviocassano.lavocedelpaese.info\/index.php\/2020\/04\/22\/giornata-del-libro-e-del-diritto-dautore-un-incontro-virtuale\/#primaryimage"},"thumbnailUrl":"https:\/\/live.staticflickr.com\/65535\/49804647741_ffb32f68de_n.jpg","articleSection":["Appuntamenti"],"inLanguage":"it-IT","potentialAction":[{"@type":"CommentAction","name":"Comment","target":["https:\/\/archiviocassano.lavocedelpaese.info\/index.php\/2020\/04\/22\/giornata-del-libro-e-del-diritto-dautore-un-incontro-virtuale\/#respond"]}]},{"@type":"WebPage","@id":"https:\/\/archiviocassano.lavocedelpaese.info\/index.php\/2020\/04\/22\/giornata-del-libro-e-del-diritto-dautore-un-incontro-virtuale\/","url":"https:\/\/archiviocassano.lavocedelpaese.info\/index.php\/2020\/04\/22\/giornata-del-libro-e-del-diritto-dautore-un-incontro-virtuale\/","name":"Giornata del Libro e del Diritto d'autore, un incontro virtuale - Archivio CassanoWeb","isPartOf":{"@id":"https:\/\/archiviocassano.lavocedelpaese.info\/#website"},"primaryImageOfPage":{"@id":"https:\/\/archiviocassano.lavocedelpaese.info\/index.php\/2020\/04\/22\/giornata-del-libro-e-del-diritto-dautore-un-incontro-virtuale\/#primaryimage"},"image":{"@id":"https:\/\/archiviocassano.lavocedelpaese.info\/index.php\/2020\/04\/22\/giornata-del-libro-e-del-diritto-dautore-un-incontro-virtuale\/#primaryimage"},"thumbnailUrl":"https:\/\/live.staticflickr.com\/65535\/49804647741_ffb32f68de_n.jpg","datePublished":"2020-04-22T06:57:13+00:00","breadcrumb":{"@id":"https:\/\/archiviocassano.lavocedelpaese.info\/index.php\/2020\/04\/22\/giornata-del-libro-e-del-diritto-dautore-un-incontro-virtuale\/#breadcrumb"},"inLanguage":"it-IT","potentialAction":[{"@type":"ReadAction","target":["https:\/\/archiviocassano.lavocedelpaese.info\/index.php\/2020\/04\/22\/giornata-del-libro-e-del-diritto-dautore-un-incontro-virtuale\/"]}]},{"@type":"ImageObject","inLanguage":"it-IT","@id":"https:\/\/archiviocassano.lavocedelpaese.info\/index.php\/2020\/04\/22\/giornata-del-libro-e-del-diritto-dautore-un-incontro-virtuale\/#primaryimage","url":"https:\/\/live.staticflickr.com\/65535\/49804647741_ffb32f68de_n.jpg","contentUrl":"https:\/\/live.staticflickr.com\/65535\/49804647741_ffb32f68de_n.jpg"},{"@type":"BreadcrumbList","@id":"https:\/\/archiviocassano.lavocedelpaese.info\/index.php\/2020\/04\/22\/giornata-del-libro-e-del-diritto-dautore-un-incontro-virtuale\/#breadcrumb","itemListElement":[{"@type":"ListItem","position":1,"name":"Home","item":"https:\/\/archiviocassano.lavocedelpaese.info\/"},{"@type":"ListItem","position":2,"name":"Giornata del Libro e del Diritto d&#8217;autore, un incontro virtuale"}]},{"@type":"WebSite","@id":"https:\/\/archiviocassano.lavocedelpaese.info\/#website","url":"https:\/\/archiviocassano.lavocedelpaese.info\/","name":"Archivio CassanoWeb","description":"La Voce del Paese - un network di idee","publisher":{"@id":"https:\/\/archiviocassano.lavocedelpaese.info\/#organization"},"potentialAction":[{"@type":"SearchAction","target":{"@type":"EntryPoint","urlTemplate":"https:\/\/archiviocassano.lavocedelpaese.info\/?s={search_term_string}"},"query-input":{"@type":"PropertyValueSpecification","valueRequired":true,"valueName":"search_term_string"}}],"inLanguage":"it-IT"},{"@type":"Organization","@id":"https:\/\/archiviocassano.lavocedelpaese.info\/#organization","name":"Archivio CassanoWeb","url":"https:\/\/archiviocassano.lavocedelpaese.info\/","logo":{"@type":"ImageObject","inLanguage":"it-IT","@id":"https:\/\/archiviocassano.lavocedelpaese.info\/#\/schema\/logo\/image\/","url":"https:\/\/archiviocassano.lavocedelpaese.info\/wp-content\/uploads\/2024\/08\/logo-rosso-2.png","contentUrl":"https:\/\/archiviocassano.lavocedelpaese.info\/wp-content\/uploads\/2024\/08\/logo-rosso-2.png","width":491,"height":432,"caption":"Archivio CassanoWeb"},"image":{"@id":"https:\/\/archiviocassano.lavocedelpaese.info\/#\/schema\/logo\/image\/"},"sameAs":["https:\/\/www.facebook.com\/redazione.cassanoweb"]},{"@type":"Person","@id":"https:\/\/archiviocassano.lavocedelpaese.info\/#\/schema\/person\/df195bc79a9b4c35127cf005f92e041b","name":"admin","image":{"@type":"ImageObject","inLanguage":"it-IT","@id":"https:\/\/secure.gravatar.com\/avatar\/eabba89a432e8eaa1b0207cc55f7e5340b22712b1ed80677efcf63e02ff5b235?s=96&d=mm&r=g","url":"https:\/\/secure.gravatar.com\/avatar\/eabba89a432e8eaa1b0207cc55f7e5340b22712b1ed80677efcf63e02ff5b235?s=96&d=mm&r=g","contentUrl":"https:\/\/secure.gravatar.com\/avatar\/eabba89a432e8eaa1b0207cc55f7e5340b22712b1ed80677efcf63e02ff5b235?s=96&d=mm&r=g","caption":"admin"},"sameAs":["https:\/\/archiviocassano.lavocedelpaese.info"],"url":"https:\/\/archiviocassano.lavocedelpaese.info\/index.php\/author\/admin_0qgz1xdp\/"}]}},"_links":{"self":[{"href":"https:\/\/archiviocassano.lavocedelpaese.info\/index.php\/wp-json\/wp\/v2\/posts\/18437","targetHints":{"allow":["GET"]}}],"collection":[{"href":"https:\/\/archiviocassano.lavocedelpaese.info\/index.php\/wp-json\/wp\/v2\/posts"}],"about":[{"href":"https:\/\/archiviocassano.lavocedelpaese.info\/index.php\/wp-json\/wp\/v2\/types\/post"}],"author":[{"embeddable":true,"href":"https:\/\/archiviocassano.lavocedelpaese.info\/index.php\/wp-json\/wp\/v2\/users\/1"}],"replies":[{"embeddable":true,"href":"https:\/\/archiviocassano.lavocedelpaese.info\/index.php\/wp-json\/wp\/v2\/comments?post=18437"}],"version-history":[{"count":0,"href":"https:\/\/archiviocassano.lavocedelpaese.info\/index.php\/wp-json\/wp\/v2\/posts\/18437\/revisions"}],"wp:attachment":[{"href":"https:\/\/archiviocassano.lavocedelpaese.info\/index.php\/wp-json\/wp\/v2\/media?parent=18437"}],"wp:term":[{"taxonomy":"category","embeddable":true,"href":"https:\/\/archiviocassano.lavocedelpaese.info\/index.php\/wp-json\/wp\/v2\/categories?post=18437"},{"taxonomy":"post_tag","embeddable":true,"href":"https:\/\/archiviocassano.lavocedelpaese.info\/index.php\/wp-json\/wp\/v2\/tags?post=18437"}],"curies":[{"name":"wp","href":"https:\/\/api.w.org\/{rel}","templated":true}]}}