{"id":18546,"date":"2020-06-23T05:30:06","date_gmt":"2020-06-23T05:30:06","guid":{"rendered":"https:\/\/archiviocassano.lavocedelpaese.info\/index.php\/2020\/06\/23\/domani-raccolta-sangue-con-i-volontari-della-fratres\/"},"modified":"2020-06-23T05:30:06","modified_gmt":"2020-06-23T05:30:06","slug":"domani-raccolta-sangue-con-i-volontari-della-fratres","status":"publish","type":"post","link":"https:\/\/archiviocassano.lavocedelpaese.info\/index.php\/2020\/06\/23\/domani-raccolta-sangue-con-i-volontari-della-fratres\/","title":{"rendered":"Domani raccolta sangue con i volontari della Fratres"},"content":{"rendered":"<p><a data-flickr-embed=\"true\" href=\"https:\/\/www.flickr.com\/photos\/184752021@N05\/50034763752\/in\/dateposted-public\/\" title=\"WhatsApp Image 2020-06-22 at 19.49.30\"><img loading=\"lazy\" decoding=\"async\" src=\"https:\/\/live.staticflickr.com\/65535\/50034763752_bbf0f5e395_n.jpg\" width=\"320\" height=\"156\" alt=\"WhatsApp Image 2020-06-22 at 19.49.30\" \/><\/a><\/p>\n<p><!--more--><\/p>\n<p><p style=\"text-align: justify;\">Dopo l\u2019ottimo risultato della raccolta di sangue organizzata in coincidenza con il compleanno del compianto presidente Enzo Marsico, il nuovo direttivo del gruppo donatori di sangue Fratres \u201cSanta Maria Assunta di Cassano delle Murge\u201d chiama a raccolta nuovamente i donatori mercoled\u00ec 24 giugno per una nuova raccolta straordinaria di sangue dalle ore 8.00 in piazza Aldo Moro.<\/p>\n<p style=\"text-align: justify;\">Per rendere agevole la donazione del sangue e per evitare assembramenti \u00e8 utile prenotare al numero 3932930009. In questo modo il donatore eviter\u00e0 inutili attese.<\/p>\n<p style=\"text-align: justify;\">Donare sangue \u00e8 un gesto quanto mai importante che \u00e8 in grado di salvare la vita a chiunque. \u00c8 indolore e permette un attento monitoraggio del proprio stato di salute. Per i lavoratori donatori, donare il sangue permette di godere di una giornata di riposo.<\/p>\n<p style=\"text-align: justify;\">Al fine di consentire la donazione \u00e8 utile non assumere medicinali e recarsi presso l\u2019autoemoteca a digiuno; al termine del prezioso gesto una abbondante colazione sar\u00e0 offerta dai volontari Fratres.<\/p>\n<p>&nbsp;<\/p>\n","protected":false},"excerpt":{"rendered":"","protected":false},"author":1,"featured_media":0,"comment_status":"open","ping_status":"closed","sticky":false,"template":"","format":"standard","meta":{"colormag_page_container_layout":"default_layout","colormag_page_sidebar_layout":"default_layout","footnotes":""},"categories":[7],"tags":[],"class_list":["post-18546","post","type-post","status-publish","format-standard","hentry","category-attualita"],"yoast_head":"<!-- This site is optimized with the Yoast SEO plugin v27.5 - https:\/\/yoast.com\/product\/yoast-seo-wordpress\/ -->\n<title>Domani raccolta sangue con i volontari della Fratres - Archivio CassanoWeb<\/title>\n<meta name=\"robots\" content=\"index, follow, max-snippet:-1, max-image-preview:large, max-video-preview:-1\" \/>\n<link rel=\"canonical\" href=\"https:\/\/archiviocassano.lavocedelpaese.info\/index.php\/2020\/06\/23\/domani-raccolta-sangue-con-i-volontari-della-fratres\/\" \/>\n<meta property=\"og:locale\" content=\"it_IT\" \/>\n<meta property=\"og:type\" content=\"article\" \/>\n<meta property=\"og:title\" content=\"Domani raccolta sangue con i volontari della Fratres - Archivio CassanoWeb\" \/>\n<meta property=\"og:url\" content=\"https:\/\/archiviocassano.lavocedelpaese.info\/index.php\/2020\/06\/23\/domani-raccolta-sangue-con-i-volontari-della-fratres\/\" \/>\n<meta property=\"og:site_name\" content=\"Archivio CassanoWeb\" \/>\n<meta property=\"article:publisher\" content=\"https:\/\/www.facebook.com\/redazione.cassanoweb\" \/>\n<meta property=\"article:published_time\" content=\"2020-06-23T05:30:06+00:00\" \/>\n<meta property=\"og:image\" content=\"https:\/\/live.staticflickr.com\/65535\/50034763752_bbf0f5e395_n.jpg\" \/>\n<meta name=\"author\" content=\"admin\" \/>\n<meta name=\"twitter:card\" content=\"summary_large_image\" \/>\n<meta name=\"twitter:label1\" content=\"Scritto da\" \/>\n\t<meta name=\"twitter:data1\" content=\"admin\" \/>\n\t<meta name=\"twitter:label2\" content=\"Tempo di lettura stimato\" \/>\n\t<meta name=\"twitter:data2\" content=\"1 minuto\" \/>\n<script type=\"application\/ld+json\" class=\"yoast-schema-graph\">{\"@context\":\"https:\\\/\\\/schema.org\",\"@graph\":[{\"@type\":\"Article\",\"@id\":\"https:\\\/\\\/archiviocassano.lavocedelpaese.info\\\/index.php\\\/2020\\\/06\\\/23\\\/domani-raccolta-sangue-con-i-volontari-della-fratres\\\/#article\",\"isPartOf\":{\"@id\":\"https:\\\/\\\/archiviocassano.lavocedelpaese.info\\\/index.php\\\/2020\\\/06\\\/23\\\/domani-raccolta-sangue-con-i-volontari-della-fratres\\\/\"},\"author\":{\"name\":\"admin\",\"@id\":\"https:\\\/\\\/archiviocassano.lavocedelpaese.info\\\/#\\\/schema\\\/person\\\/df195bc79a9b4c35127cf005f92e041b\"},\"headline\":\"Domani raccolta sangue con i volontari della Fratres\",\"datePublished\":\"2020-06-23T05:30:06+00:00\",\"mainEntityOfPage\":{\"@id\":\"https:\\\/\\\/archiviocassano.lavocedelpaese.info\\\/index.php\\\/2020\\\/06\\\/23\\\/domani-raccolta-sangue-con-i-volontari-della-fratres\\\/\"},\"wordCount\":160,\"commentCount\":0,\"publisher\":{\"@id\":\"https:\\\/\\\/archiviocassano.lavocedelpaese.info\\\/#organization\"},\"image\":{\"@id\":\"https:\\\/\\\/archiviocassano.lavocedelpaese.info\\\/index.php\\\/2020\\\/06\\\/23\\\/domani-raccolta-sangue-con-i-volontari-della-fratres\\\/#primaryimage\"},\"thumbnailUrl\":\"https:\\\/\\\/live.staticflickr.com\\\/65535\\\/50034763752_bbf0f5e395_n.jpg\",\"articleSection\":[\"Attualit\u00e0\"],\"inLanguage\":\"it-IT\",\"potentialAction\":[{\"@type\":\"CommentAction\",\"name\":\"Comment\",\"target\":[\"https:\\\/\\\/archiviocassano.lavocedelpaese.info\\\/index.php\\\/2020\\\/06\\\/23\\\/domani-raccolta-sangue-con-i-volontari-della-fratres\\\/#respond\"]}]},{\"@type\":\"WebPage\",\"@id\":\"https:\\\/\\\/archiviocassano.lavocedelpaese.info\\\/index.php\\\/2020\\\/06\\\/23\\\/domani-raccolta-sangue-con-i-volontari-della-fratres\\\/\",\"url\":\"https:\\\/\\\/archiviocassano.lavocedelpaese.info\\\/index.php\\\/2020\\\/06\\\/23\\\/domani-raccolta-sangue-con-i-volontari-della-fratres\\\/\",\"name\":\"Domani raccolta sangue con i volontari della Fratres - Archivio CassanoWeb\",\"isPartOf\":{\"@id\":\"https:\\\/\\\/archiviocassano.lavocedelpaese.info\\\/#website\"},\"primaryImageOfPage\":{\"@id\":\"https:\\\/\\\/archiviocassano.lavocedelpaese.info\\\/index.php\\\/2020\\\/06\\\/23\\\/domani-raccolta-sangue-con-i-volontari-della-fratres\\\/#primaryimage\"},\"image\":{\"@id\":\"https:\\\/\\\/archiviocassano.lavocedelpaese.info\\\/index.php\\\/2020\\\/06\\\/23\\\/domani-raccolta-sangue-con-i-volontari-della-fratres\\\/#primaryimage\"},\"thumbnailUrl\":\"https:\\\/\\\/live.staticflickr.com\\\/65535\\\/50034763752_bbf0f5e395_n.jpg\",\"datePublished\":\"2020-06-23T05:30:06+00:00\",\"breadcrumb\":{\"@id\":\"https:\\\/\\\/archiviocassano.lavocedelpaese.info\\\/index.php\\\/2020\\\/06\\\/23\\\/domani-raccolta-sangue-con-i-volontari-della-fratres\\\/#breadcrumb\"},\"inLanguage\":\"it-IT\",\"potentialAction\":[{\"@type\":\"ReadAction\",\"target\":[\"https:\\\/\\\/archiviocassano.lavocedelpaese.info\\\/index.php\\\/2020\\\/06\\\/23\\\/domani-raccolta-sangue-con-i-volontari-della-fratres\\\/\"]}]},{\"@type\":\"ImageObject\",\"inLanguage\":\"it-IT\",\"@id\":\"https:\\\/\\\/archiviocassano.lavocedelpaese.info\\\/index.php\\\/2020\\\/06\\\/23\\\/domani-raccolta-sangue-con-i-volontari-della-fratres\\\/#primaryimage\",\"url\":\"https:\\\/\\\/live.staticflickr.com\\\/65535\\\/50034763752_bbf0f5e395_n.jpg\",\"contentUrl\":\"https:\\\/\\\/live.staticflickr.com\\\/65535\\\/50034763752_bbf0f5e395_n.jpg\"},{\"@type\":\"BreadcrumbList\",\"@id\":\"https:\\\/\\\/archiviocassano.lavocedelpaese.info\\\/index.php\\\/2020\\\/06\\\/23\\\/domani-raccolta-sangue-con-i-volontari-della-fratres\\\/#breadcrumb\",\"itemListElement\":[{\"@type\":\"ListItem\",\"position\":1,\"name\":\"Home\",\"item\":\"https:\\\/\\\/archiviocassano.lavocedelpaese.info\\\/\"},{\"@type\":\"ListItem\",\"position\":2,\"name\":\"Domani raccolta sangue con i volontari della Fratres\"}]},{\"@type\":\"WebSite\",\"@id\":\"https:\\\/\\\/archiviocassano.lavocedelpaese.info\\\/#website\",\"url\":\"https:\\\/\\\/archiviocassano.lavocedelpaese.info\\\/\",\"name\":\"Archivio CassanoWeb\",\"description\":\"La Voce del Paese - un network di idee\",\"publisher\":{\"@id\":\"https:\\\/\\\/archiviocassano.lavocedelpaese.info\\\/#organization\"},\"potentialAction\":[{\"@type\":\"SearchAction\",\"target\":{\"@type\":\"EntryPoint\",\"urlTemplate\":\"https:\\\/\\\/archiviocassano.lavocedelpaese.info\\\/?s={search_term_string}\"},\"query-input\":{\"@type\":\"PropertyValueSpecification\",\"valueRequired\":true,\"valueName\":\"search_term_string\"}}],\"inLanguage\":\"it-IT\"},{\"@type\":\"Organization\",\"@id\":\"https:\\\/\\\/archiviocassano.lavocedelpaese.info\\\/#organization\",\"name\":\"Archivio CassanoWeb\",\"url\":\"https:\\\/\\\/archiviocassano.lavocedelpaese.info\\\/\",\"logo\":{\"@type\":\"ImageObject\",\"inLanguage\":\"it-IT\",\"@id\":\"https:\\\/\\\/archiviocassano.lavocedelpaese.info\\\/#\\\/schema\\\/logo\\\/image\\\/\",\"url\":\"https:\\\/\\\/archiviocassano.lavocedelpaese.info\\\/wp-content\\\/uploads\\\/2024\\\/08\\\/logo-rosso-2.png\",\"contentUrl\":\"https:\\\/\\\/archiviocassano.lavocedelpaese.info\\\/wp-content\\\/uploads\\\/2024\\\/08\\\/logo-rosso-2.png\",\"width\":491,\"height\":432,\"caption\":\"Archivio CassanoWeb\"},\"image\":{\"@id\":\"https:\\\/\\\/archiviocassano.lavocedelpaese.info\\\/#\\\/schema\\\/logo\\\/image\\\/\"},\"sameAs\":[\"https:\\\/\\\/www.facebook.com\\\/redazione.cassanoweb\"]},{\"@type\":\"Person\",\"@id\":\"https:\\\/\\\/archiviocassano.lavocedelpaese.info\\\/#\\\/schema\\\/person\\\/df195bc79a9b4c35127cf005f92e041b\",\"name\":\"admin\",\"image\":{\"@type\":\"ImageObject\",\"inLanguage\":\"it-IT\",\"@id\":\"https:\\\/\\\/secure.gravatar.com\\\/avatar\\\/eabba89a432e8eaa1b0207cc55f7e5340b22712b1ed80677efcf63e02ff5b235?s=96&d=mm&r=g\",\"url\":\"https:\\\/\\\/secure.gravatar.com\\\/avatar\\\/eabba89a432e8eaa1b0207cc55f7e5340b22712b1ed80677efcf63e02ff5b235?s=96&d=mm&r=g\",\"contentUrl\":\"https:\\\/\\\/secure.gravatar.com\\\/avatar\\\/eabba89a432e8eaa1b0207cc55f7e5340b22712b1ed80677efcf63e02ff5b235?s=96&d=mm&r=g\",\"caption\":\"admin\"},\"sameAs\":[\"https:\\\/\\\/archiviocassano.lavocedelpaese.info\"],\"url\":\"https:\\\/\\\/archiviocassano.lavocedelpaese.info\\\/index.php\\\/author\\\/admin_0qgz1xdp\\\/\"}]}<\/script>\n<!-- \/ Yoast SEO plugin. -->","yoast_head_json":{"title":"Domani raccolta sangue con i volontari della Fratres - Archivio CassanoWeb","robots":{"index":"index","follow":"follow","max-snippet":"max-snippet:-1","max-image-preview":"max-image-preview:large","max-video-preview":"max-video-preview:-1"},"canonical":"https:\/\/archiviocassano.lavocedelpaese.info\/index.php\/2020\/06\/23\/domani-raccolta-sangue-con-i-volontari-della-fratres\/","og_locale":"it_IT","og_type":"article","og_title":"Domani raccolta sangue con i volontari della Fratres - Archivio CassanoWeb","og_url":"https:\/\/archiviocassano.lavocedelpaese.info\/index.php\/2020\/06\/23\/domani-raccolta-sangue-con-i-volontari-della-fratres\/","og_site_name":"Archivio CassanoWeb","article_publisher":"https:\/\/www.facebook.com\/redazione.cassanoweb","article_published_time":"2020-06-23T05:30:06+00:00","og_image":[{"url":"https:\/\/live.staticflickr.com\/65535\/50034763752_bbf0f5e395_n.jpg","type":"","width":"","height":""}],"author":"admin","twitter_card":"summary_large_image","twitter_misc":{"Scritto da":"admin","Tempo di lettura stimato":"1 minuto"},"schema":{"@context":"https:\/\/schema.org","@graph":[{"@type":"Article","@id":"https:\/\/archiviocassano.lavocedelpaese.info\/index.php\/2020\/06\/23\/domani-raccolta-sangue-con-i-volontari-della-fratres\/#article","isPartOf":{"@id":"https:\/\/archiviocassano.lavocedelpaese.info\/index.php\/2020\/06\/23\/domani-raccolta-sangue-con-i-volontari-della-fratres\/"},"author":{"name":"admin","@id":"https:\/\/archiviocassano.lavocedelpaese.info\/#\/schema\/person\/df195bc79a9b4c35127cf005f92e041b"},"headline":"Domani raccolta sangue con i volontari della Fratres","datePublished":"2020-06-23T05:30:06+00:00","mainEntityOfPage":{"@id":"https:\/\/archiviocassano.lavocedelpaese.info\/index.php\/2020\/06\/23\/domani-raccolta-sangue-con-i-volontari-della-fratres\/"},"wordCount":160,"commentCount":0,"publisher":{"@id":"https:\/\/archiviocassano.lavocedelpaese.info\/#organization"},"image":{"@id":"https:\/\/archiviocassano.lavocedelpaese.info\/index.php\/2020\/06\/23\/domani-raccolta-sangue-con-i-volontari-della-fratres\/#primaryimage"},"thumbnailUrl":"https:\/\/live.staticflickr.com\/65535\/50034763752_bbf0f5e395_n.jpg","articleSection":["Attualit\u00e0"],"inLanguage":"it-IT","potentialAction":[{"@type":"CommentAction","name":"Comment","target":["https:\/\/archiviocassano.lavocedelpaese.info\/index.php\/2020\/06\/23\/domani-raccolta-sangue-con-i-volontari-della-fratres\/#respond"]}]},{"@type":"WebPage","@id":"https:\/\/archiviocassano.lavocedelpaese.info\/index.php\/2020\/06\/23\/domani-raccolta-sangue-con-i-volontari-della-fratres\/","url":"https:\/\/archiviocassano.lavocedelpaese.info\/index.php\/2020\/06\/23\/domani-raccolta-sangue-con-i-volontari-della-fratres\/","name":"Domani raccolta sangue con i volontari della Fratres - Archivio CassanoWeb","isPartOf":{"@id":"https:\/\/archiviocassano.lavocedelpaese.info\/#website"},"primaryImageOfPage":{"@id":"https:\/\/archiviocassano.lavocedelpaese.info\/index.php\/2020\/06\/23\/domani-raccolta-sangue-con-i-volontari-della-fratres\/#primaryimage"},"image":{"@id":"https:\/\/archiviocassano.lavocedelpaese.info\/index.php\/2020\/06\/23\/domani-raccolta-sangue-con-i-volontari-della-fratres\/#primaryimage"},"thumbnailUrl":"https:\/\/live.staticflickr.com\/65535\/50034763752_bbf0f5e395_n.jpg","datePublished":"2020-06-23T05:30:06+00:00","breadcrumb":{"@id":"https:\/\/archiviocassano.lavocedelpaese.info\/index.php\/2020\/06\/23\/domani-raccolta-sangue-con-i-volontari-della-fratres\/#breadcrumb"},"inLanguage":"it-IT","potentialAction":[{"@type":"ReadAction","target":["https:\/\/archiviocassano.lavocedelpaese.info\/index.php\/2020\/06\/23\/domani-raccolta-sangue-con-i-volontari-della-fratres\/"]}]},{"@type":"ImageObject","inLanguage":"it-IT","@id":"https:\/\/archiviocassano.lavocedelpaese.info\/index.php\/2020\/06\/23\/domani-raccolta-sangue-con-i-volontari-della-fratres\/#primaryimage","url":"https:\/\/live.staticflickr.com\/65535\/50034763752_bbf0f5e395_n.jpg","contentUrl":"https:\/\/live.staticflickr.com\/65535\/50034763752_bbf0f5e395_n.jpg"},{"@type":"BreadcrumbList","@id":"https:\/\/archiviocassano.lavocedelpaese.info\/index.php\/2020\/06\/23\/domani-raccolta-sangue-con-i-volontari-della-fratres\/#breadcrumb","itemListElement":[{"@type":"ListItem","position":1,"name":"Home","item":"https:\/\/archiviocassano.lavocedelpaese.info\/"},{"@type":"ListItem","position":2,"name":"Domani raccolta sangue con i volontari della Fratres"}]},{"@type":"WebSite","@id":"https:\/\/archiviocassano.lavocedelpaese.info\/#website","url":"https:\/\/archiviocassano.lavocedelpaese.info\/","name":"Archivio CassanoWeb","description":"La Voce del Paese - un network di idee","publisher":{"@id":"https:\/\/archiviocassano.lavocedelpaese.info\/#organization"},"potentialAction":[{"@type":"SearchAction","target":{"@type":"EntryPoint","urlTemplate":"https:\/\/archiviocassano.lavocedelpaese.info\/?s={search_term_string}"},"query-input":{"@type":"PropertyValueSpecification","valueRequired":true,"valueName":"search_term_string"}}],"inLanguage":"it-IT"},{"@type":"Organization","@id":"https:\/\/archiviocassano.lavocedelpaese.info\/#organization","name":"Archivio CassanoWeb","url":"https:\/\/archiviocassano.lavocedelpaese.info\/","logo":{"@type":"ImageObject","inLanguage":"it-IT","@id":"https:\/\/archiviocassano.lavocedelpaese.info\/#\/schema\/logo\/image\/","url":"https:\/\/archiviocassano.lavocedelpaese.info\/wp-content\/uploads\/2024\/08\/logo-rosso-2.png","contentUrl":"https:\/\/archiviocassano.lavocedelpaese.info\/wp-content\/uploads\/2024\/08\/logo-rosso-2.png","width":491,"height":432,"caption":"Archivio CassanoWeb"},"image":{"@id":"https:\/\/archiviocassano.lavocedelpaese.info\/#\/schema\/logo\/image\/"},"sameAs":["https:\/\/www.facebook.com\/redazione.cassanoweb"]},{"@type":"Person","@id":"https:\/\/archiviocassano.lavocedelpaese.info\/#\/schema\/person\/df195bc79a9b4c35127cf005f92e041b","name":"admin","image":{"@type":"ImageObject","inLanguage":"it-IT","@id":"https:\/\/secure.gravatar.com\/avatar\/eabba89a432e8eaa1b0207cc55f7e5340b22712b1ed80677efcf63e02ff5b235?s=96&d=mm&r=g","url":"https:\/\/secure.gravatar.com\/avatar\/eabba89a432e8eaa1b0207cc55f7e5340b22712b1ed80677efcf63e02ff5b235?s=96&d=mm&r=g","contentUrl":"https:\/\/secure.gravatar.com\/avatar\/eabba89a432e8eaa1b0207cc55f7e5340b22712b1ed80677efcf63e02ff5b235?s=96&d=mm&r=g","caption":"admin"},"sameAs":["https:\/\/archiviocassano.lavocedelpaese.info"],"url":"https:\/\/archiviocassano.lavocedelpaese.info\/index.php\/author\/admin_0qgz1xdp\/"}]}},"_links":{"self":[{"href":"https:\/\/archiviocassano.lavocedelpaese.info\/index.php\/wp-json\/wp\/v2\/posts\/18546","targetHints":{"allow":["GET"]}}],"collection":[{"href":"https:\/\/archiviocassano.lavocedelpaese.info\/index.php\/wp-json\/wp\/v2\/posts"}],"about":[{"href":"https:\/\/archiviocassano.lavocedelpaese.info\/index.php\/wp-json\/wp\/v2\/types\/post"}],"author":[{"embeddable":true,"href":"https:\/\/archiviocassano.lavocedelpaese.info\/index.php\/wp-json\/wp\/v2\/users\/1"}],"replies":[{"embeddable":true,"href":"https:\/\/archiviocassano.lavocedelpaese.info\/index.php\/wp-json\/wp\/v2\/comments?post=18546"}],"version-history":[{"count":0,"href":"https:\/\/archiviocassano.lavocedelpaese.info\/index.php\/wp-json\/wp\/v2\/posts\/18546\/revisions"}],"wp:attachment":[{"href":"https:\/\/archiviocassano.lavocedelpaese.info\/index.php\/wp-json\/wp\/v2\/media?parent=18546"}],"wp:term":[{"taxonomy":"category","embeddable":true,"href":"https:\/\/archiviocassano.lavocedelpaese.info\/index.php\/wp-json\/wp\/v2\/categories?post=18546"},{"taxonomy":"post_tag","embeddable":true,"href":"https:\/\/archiviocassano.lavocedelpaese.info\/index.php\/wp-json\/wp\/v2\/tags?post=18546"}],"curies":[{"name":"wp","href":"https:\/\/api.w.org\/{rel}","templated":true}]}}