{"id":1864,"date":"2010-08-17T06:30:08","date_gmt":"2010-08-17T06:30:08","guid":{"rendered":"https:\/\/archiviocassano.lavocedelpaese.info\/index.php\/2010\/08\/17\/santorsola-qla-di-medio-e-librido-daluiso-stanno-creando-un-pasticcio-sul-piano-di-zonaq\/"},"modified":"2010-08-17T06:30:08","modified_gmt":"2010-08-17T06:30:08","slug":"santorsola-qla-di-medio-e-librido-daluiso-stanno-creando-un-pasticcio-sul-piano-di-zonaq","status":"publish","type":"post","link":"https:\/\/archiviocassano.lavocedelpaese.info\/index.php\/2010\/08\/17\/santorsola-qla-di-medio-e-librido-daluiso-stanno-creando-un-pasticcio-sul-piano-di-zonaq\/","title":{"rendered":"SANTORSOLA: &#8220;CHE PASTICCIO IL PIANO DI ZONA&#8221;"},"content":{"rendered":"<p><img loading=\"lazy\" decoding=\"async\" class=\" size-full wp-image-477\" alt=\"logo_nuova_idea_domani\" src=\"https:\/\/archiviocassano.lavocedelpaese.info\/wp-content\/uploads\/2009\/10\/logo_nuova_idea_domani.jpg\" width=\"320\" height=\"150\" \/> <\/p>\n<p><!--more--><\/p>\n<div style=\"text-align: justify;\"><em>Il capogruppo di &#8220;Nuova Ideadomani&#8221;, Teodoro Santorsola ha diffuso un comunicato sulla situazione del Piano Sociale di Zona all&#8217;indomani delle dichiarazioni di Emanuele Daluiso, coordinatore dell&#8217;Ufficio di Piano e del sindaco Maria Pia Di Medio.<\/em><\/div>\n<p style=\"text-align: justify;\"><em>Ecco il testo della nota.<\/em><\/p>\n<p style=\"text-align: justify;\">\u00a0<\/p>\n<p style=\"text-align: justify;\">Un vero pasticcio quello che sta producendo il duo Di Medio &#8211; Daluiso.<strong> <\/strong>Leggendo  le dichiarazioni-comunicazioni di Daluiso (consulente della Di Medio) e  il comunicato del sindaco Di Medio sul tema del PsZ, si ha netta la  sensazione che, anzich\u00e9 ricercare la soluzione, si vada verso un  calcolato e ricercato scontro istituzionale che produrr\u00e0 solo ulteriori  danni al territorio, ma benefici per pochi amici.<\/p>\n<div style=\"text-align: justify;\"><\/div>\n<div style=\"text-align: justify;\"><\/div>\n<p style=\"text-align: justify;\">Le note diramate in queste ore dai due \u201cnostri\u201d, infatti, alimentano il dubbio che si voglia veramente cercare una soluzione. Entrambi mettono in atto  il tentativo di spostare l\u2019asse della discussione, in pieno ferragosto,  facendo apparire quella di Grumo, Comune capofila, una sterile presa di  posizione che prima o poi sfocer\u00e0 in uno scontro istituzionale. La Di  Medio testualmente dice che <em>\u201c\u2026 sono costretta a fare delle scelte che pregiudicheranno senz\u2019altro i rapporti politici fra le nostre amministrazioni, \u2026&#8221;. <\/em>Da  un Sindaco responsabile e che tiene veramente a cuore le sorti dei  cittadini pi\u00f9 bisognosi, malati e in situazioni di disagio, ci si  aspetterebbe molto pi\u00f9 che una velata minaccia ad un imminente scontro  istituzionale. N\u00e9 un Sindaco che si rispetti, pu\u00f2 parlare in maniera  molto generica affermando che <em>\u201cIl<\/em><em> Comune di Cassano sta lavorando per contrastare un certo immobilismo dovuto a chiss\u00e0 cosa\u201d. <\/em>O la Di Medio dice a chiare lettere cosa intende per <em>\u201cimmobilismo dovuto a chiss\u00e0 cosa\u201d,<\/em> o \u00e8 meglio tacere in attesa di poter spiegare con chiarezza e maggior  coraggio, cosa sta effettivamente succedendo all\u2019interno del Piano!<\/p>\n<div style=\"text-align: justify;\"><\/div>\n<p style=\"text-align: justify;\">L\u2019ibrido Daluiso, poi, si concede la potest\u00e0 di \u201crichiamare\u201d i  Sindaci dei comuni membri del Piano, paventando un ipotetico e  pericoloso commissariamento. Daluiso si firma quale <em>\u201ccoordinatore di Piano\u201d<\/em>,  nomina che, in realt\u00e0, lo stesso Sindaco Di Medio ha confermato  ufficialmente non essere mai stata ratificata! Per questo motivo  definiamo il dottor Daluiso un ibrido. Egli, infatti, \u00e8 destinatario di  una nomina a coordinatore di Piano per 33 mesi, alla modica cifra di 99.000,00 euro<a href=\"http:\/\/www.nuovaideadomani.it\/index.php?option=com_content&amp;view=article&amp;id=192;ecco-la-tabella-della-vergogna&amp;catid=40;gruppo-consiliare&amp;Itemid=1\"><\/a> e per poche ore di lavoro a settimana, ma la stessa nomina non \u00e8 mai  divenuta esecutiva. Daluiso ha forse i poteri di firma nell\u2019ambito  dell\u2019ufficio di Piano?<\/p>\n<div style=\"text-align: justify;\"><\/div>\n<p style=\"text-align: justify;\">Ci consta, al contrario, che il Comune di Grumo ha manifestato le  proprie perplessit\u00e0, fra le altre cose, che la gestione economica del  Piano comporterebbe lo sforamento del patto di stabilit\u00e0. Come dare  torto a un Sindaco di comune capofila che non vuole pregiudicare i suoi  cittadini a causa dello \u201csforamento del patto\u201d?\u00a0 Perch\u00e9 precedenti  sindaci, oggi neanche pi\u00f9 consiglieri comunali, \u201csubirono\u201d, in piena  bagarre elettorale, l\u2019indicazione del dottor Daluiso e non pensarono di  fare una nomina a tempo (magari di solo qualche mese)? Che cosa avrebbe  detto oggi la Di Medio se avesse ereditato un uomo di fiducia di un  sindaco di altro comune neanche pi\u00f9 eletto? E non sarebbe, oggi, pi\u00f9  saggio ed opportuno procedere a una nuova nomina?<\/p>\n<div style=\"text-align: justify;\"><\/div>\n<p style=\"text-align: justify;\">Infine una questione di cui, ovviamente, la Di Medio e Daluiso si  guardano bene dal parlarne. E se il Sindaco di Grumo Appula nutrisse  fondati dubbi sulle modalit\u00e0 di scelta del coordinatore Daluiso? Se,  cio\u00e8, tali modalit\u00e0 non fossero rispettose delle vigenti norme in  materia? <a href=\"http:\/\/www.nuovaideadomani.it\/index.php?option=com_content&amp;view=article&amp;id=204;piano-di-zona-prima-lavida-casta&amp;catid=40;gruppo-consiliare&amp;Itemid=1\"><\/a>E se non fossero state assolutamente rispettate?<\/p>\n<div style=\"text-align: justify;\"><\/div>\n<p style=\"text-align: justify;\">\u00c8 pi\u00f9 saggio il Sindaco Di Medio che sta portando i comuni verso lo  scontro istituzionale, o il Sindaco di Grumo che sa che la nomina di  Daluiso \u00e8 illegittima?<\/p>\n<div style=\"text-align: justify;\"><\/div>\n<p style=\"text-align: justify;\">A questo devono rispondere Di Medio &amp; Co., anzich\u00e9 pensare a come  distrarre l\u2019attenzione con lo spauracchio del commissariamento che, in  una simile situazione, paradossalmente sembrerebbe la migliore  soluzione, vista la miopia di taluni o, peggio, la prepotenza di voler a  tutti i costi (in senso lato) imporre i propri soldatini nelle sedi del  potere.<\/p>\n","protected":false},"excerpt":{"rendered":"","protected":false},"author":1,"featured_media":477,"comment_status":"open","ping_status":"closed","sticky":false,"template":"","format":"standard","meta":{"colormag_page_container_layout":"default_layout","colormag_page_sidebar_layout":"default_layout","footnotes":""},"categories":[4],"tags":[],"class_list":["post-1864","post","type-post","status-publish","format-standard","has-post-thumbnail","hentry","category-politica"],"yoast_head":"<!-- This site is optimized with the Yoast SEO plugin v27.5 - https:\/\/yoast.com\/product\/yoast-seo-wordpress\/ -->\n<title>SANTORSOLA: &quot;CHE PASTICCIO IL PIANO DI ZONA&quot; - Archivio CassanoWeb<\/title>\n<meta name=\"robots\" content=\"index, follow, max-snippet:-1, max-image-preview:large, max-video-preview:-1\" \/>\n<link rel=\"canonical\" href=\"https:\/\/archiviocassano.lavocedelpaese.info\/index.php\/2010\/08\/17\/santorsola-qla-di-medio-e-librido-daluiso-stanno-creando-un-pasticcio-sul-piano-di-zonaq\/\" \/>\n<meta property=\"og:locale\" content=\"it_IT\" \/>\n<meta property=\"og:type\" content=\"article\" \/>\n<meta property=\"og:title\" content=\"SANTORSOLA: &quot;CHE PASTICCIO IL PIANO DI ZONA&quot; - Archivio CassanoWeb\" \/>\n<meta property=\"og:url\" content=\"https:\/\/archiviocassano.lavocedelpaese.info\/index.php\/2010\/08\/17\/santorsola-qla-di-medio-e-librido-daluiso-stanno-creando-un-pasticcio-sul-piano-di-zonaq\/\" \/>\n<meta property=\"og:site_name\" content=\"Archivio CassanoWeb\" \/>\n<meta property=\"article:publisher\" content=\"https:\/\/www.facebook.com\/redazione.cassanoweb\" \/>\n<meta property=\"article:published_time\" content=\"2010-08-17T06:30:08+00:00\" \/>\n<meta property=\"og:image\" content=\"https:\/\/archiviocassano.lavocedelpaese.info\/wp-content\/uploads\/2009\/10\/logo_nuova_idea_domani.jpg\" \/>\n\t<meta property=\"og:image:width\" content=\"410\" \/>\n\t<meta property=\"og:image:height\" content=\"200\" \/>\n\t<meta property=\"og:image:type\" content=\"image\/jpeg\" \/>\n<meta name=\"author\" content=\"admin\" \/>\n<meta name=\"twitter:card\" content=\"summary_large_image\" \/>\n<meta name=\"twitter:label1\" content=\"Scritto da\" \/>\n\t<meta name=\"twitter:data1\" content=\"admin\" \/>\n\t<meta name=\"twitter:label2\" content=\"Tempo di lettura stimato\" \/>\n\t<meta name=\"twitter:data2\" content=\"3 minuti\" \/>\n<script type=\"application\/ld+json\" class=\"yoast-schema-graph\">{\"@context\":\"https:\\\/\\\/schema.org\",\"@graph\":[{\"@type\":\"Article\",\"@id\":\"https:\\\/\\\/archiviocassano.lavocedelpaese.info\\\/index.php\\\/2010\\\/08\\\/17\\\/santorsola-qla-di-medio-e-librido-daluiso-stanno-creando-un-pasticcio-sul-piano-di-zonaq\\\/#article\",\"isPartOf\":{\"@id\":\"https:\\\/\\\/archiviocassano.lavocedelpaese.info\\\/index.php\\\/2010\\\/08\\\/17\\\/santorsola-qla-di-medio-e-librido-daluiso-stanno-creando-un-pasticcio-sul-piano-di-zonaq\\\/\"},\"author\":{\"name\":\"admin\",\"@id\":\"https:\\\/\\\/archiviocassano.lavocedelpaese.info\\\/#\\\/schema\\\/person\\\/df195bc79a9b4c35127cf005f92e041b\"},\"headline\":\"SANTORSOLA: &#8220;CHE PASTICCIO IL PIANO DI ZONA&#8221;\",\"datePublished\":\"2010-08-17T06:30:08+00:00\",\"mainEntityOfPage\":{\"@id\":\"https:\\\/\\\/archiviocassano.lavocedelpaese.info\\\/index.php\\\/2010\\\/08\\\/17\\\/santorsola-qla-di-medio-e-librido-daluiso-stanno-creando-un-pasticcio-sul-piano-di-zonaq\\\/\"},\"wordCount\":654,\"commentCount\":0,\"publisher\":{\"@id\":\"https:\\\/\\\/archiviocassano.lavocedelpaese.info\\\/#organization\"},\"image\":{\"@id\":\"https:\\\/\\\/archiviocassano.lavocedelpaese.info\\\/index.php\\\/2010\\\/08\\\/17\\\/santorsola-qla-di-medio-e-librido-daluiso-stanno-creando-un-pasticcio-sul-piano-di-zonaq\\\/#primaryimage\"},\"thumbnailUrl\":\"https:\\\/\\\/archiviocassano.lavocedelpaese.info\\\/wp-content\\\/uploads\\\/2009\\\/10\\\/logo_nuova_idea_domani.jpg\",\"articleSection\":[\"Politica\"],\"inLanguage\":\"it-IT\",\"potentialAction\":[{\"@type\":\"CommentAction\",\"name\":\"Comment\",\"target\":[\"https:\\\/\\\/archiviocassano.lavocedelpaese.info\\\/index.php\\\/2010\\\/08\\\/17\\\/santorsola-qla-di-medio-e-librido-daluiso-stanno-creando-un-pasticcio-sul-piano-di-zonaq\\\/#respond\"]}]},{\"@type\":\"WebPage\",\"@id\":\"https:\\\/\\\/archiviocassano.lavocedelpaese.info\\\/index.php\\\/2010\\\/08\\\/17\\\/santorsola-qla-di-medio-e-librido-daluiso-stanno-creando-un-pasticcio-sul-piano-di-zonaq\\\/\",\"url\":\"https:\\\/\\\/archiviocassano.lavocedelpaese.info\\\/index.php\\\/2010\\\/08\\\/17\\\/santorsola-qla-di-medio-e-librido-daluiso-stanno-creando-un-pasticcio-sul-piano-di-zonaq\\\/\",\"name\":\"SANTORSOLA: \\\"CHE PASTICCIO IL PIANO DI ZONA\\\" - Archivio CassanoWeb\",\"isPartOf\":{\"@id\":\"https:\\\/\\\/archiviocassano.lavocedelpaese.info\\\/#website\"},\"primaryImageOfPage\":{\"@id\":\"https:\\\/\\\/archiviocassano.lavocedelpaese.info\\\/index.php\\\/2010\\\/08\\\/17\\\/santorsola-qla-di-medio-e-librido-daluiso-stanno-creando-un-pasticcio-sul-piano-di-zonaq\\\/#primaryimage\"},\"image\":{\"@id\":\"https:\\\/\\\/archiviocassano.lavocedelpaese.info\\\/index.php\\\/2010\\\/08\\\/17\\\/santorsola-qla-di-medio-e-librido-daluiso-stanno-creando-un-pasticcio-sul-piano-di-zonaq\\\/#primaryimage\"},\"thumbnailUrl\":\"https:\\\/\\\/archiviocassano.lavocedelpaese.info\\\/wp-content\\\/uploads\\\/2009\\\/10\\\/logo_nuova_idea_domani.jpg\",\"datePublished\":\"2010-08-17T06:30:08+00:00\",\"breadcrumb\":{\"@id\":\"https:\\\/\\\/archiviocassano.lavocedelpaese.info\\\/index.php\\\/2010\\\/08\\\/17\\\/santorsola-qla-di-medio-e-librido-daluiso-stanno-creando-un-pasticcio-sul-piano-di-zonaq\\\/#breadcrumb\"},\"inLanguage\":\"it-IT\",\"potentialAction\":[{\"@type\":\"ReadAction\",\"target\":[\"https:\\\/\\\/archiviocassano.lavocedelpaese.info\\\/index.php\\\/2010\\\/08\\\/17\\\/santorsola-qla-di-medio-e-librido-daluiso-stanno-creando-un-pasticcio-sul-piano-di-zonaq\\\/\"]}]},{\"@type\":\"ImageObject\",\"inLanguage\":\"it-IT\",\"@id\":\"https:\\\/\\\/archiviocassano.lavocedelpaese.info\\\/index.php\\\/2010\\\/08\\\/17\\\/santorsola-qla-di-medio-e-librido-daluiso-stanno-creando-un-pasticcio-sul-piano-di-zonaq\\\/#primaryimage\",\"url\":\"https:\\\/\\\/archiviocassano.lavocedelpaese.info\\\/wp-content\\\/uploads\\\/2009\\\/10\\\/logo_nuova_idea_domani.jpg\",\"contentUrl\":\"https:\\\/\\\/archiviocassano.lavocedelpaese.info\\\/wp-content\\\/uploads\\\/2009\\\/10\\\/logo_nuova_idea_domani.jpg\",\"width\":410,\"height\":200,\"caption\":\"logo_nuova_idea_domani\"},{\"@type\":\"BreadcrumbList\",\"@id\":\"https:\\\/\\\/archiviocassano.lavocedelpaese.info\\\/index.php\\\/2010\\\/08\\\/17\\\/santorsola-qla-di-medio-e-librido-daluiso-stanno-creando-un-pasticcio-sul-piano-di-zonaq\\\/#breadcrumb\",\"itemListElement\":[{\"@type\":\"ListItem\",\"position\":1,\"name\":\"Home\",\"item\":\"https:\\\/\\\/archiviocassano.lavocedelpaese.info\\\/\"},{\"@type\":\"ListItem\",\"position\":2,\"name\":\"SANTORSOLA: &#8220;CHE PASTICCIO IL PIANO DI ZONA&#8221;\"}]},{\"@type\":\"WebSite\",\"@id\":\"https:\\\/\\\/archiviocassano.lavocedelpaese.info\\\/#website\",\"url\":\"https:\\\/\\\/archiviocassano.lavocedelpaese.info\\\/\",\"name\":\"Archivio CassanoWeb\",\"description\":\"La Voce del Paese - un network di idee\",\"publisher\":{\"@id\":\"https:\\\/\\\/archiviocassano.lavocedelpaese.info\\\/#organization\"},\"potentialAction\":[{\"@type\":\"SearchAction\",\"target\":{\"@type\":\"EntryPoint\",\"urlTemplate\":\"https:\\\/\\\/archiviocassano.lavocedelpaese.info\\\/?s={search_term_string}\"},\"query-input\":{\"@type\":\"PropertyValueSpecification\",\"valueRequired\":true,\"valueName\":\"search_term_string\"}}],\"inLanguage\":\"it-IT\"},{\"@type\":\"Organization\",\"@id\":\"https:\\\/\\\/archiviocassano.lavocedelpaese.info\\\/#organization\",\"name\":\"Archivio CassanoWeb\",\"url\":\"https:\\\/\\\/archiviocassano.lavocedelpaese.info\\\/\",\"logo\":{\"@type\":\"ImageObject\",\"inLanguage\":\"it-IT\",\"@id\":\"https:\\\/\\\/archiviocassano.lavocedelpaese.info\\\/#\\\/schema\\\/logo\\\/image\\\/\",\"url\":\"https:\\\/\\\/archiviocassano.lavocedelpaese.info\\\/wp-content\\\/uploads\\\/2024\\\/08\\\/logo-rosso-2.png\",\"contentUrl\":\"https:\\\/\\\/archiviocassano.lavocedelpaese.info\\\/wp-content\\\/uploads\\\/2024\\\/08\\\/logo-rosso-2.png\",\"width\":491,\"height\":432,\"caption\":\"Archivio CassanoWeb\"},\"image\":{\"@id\":\"https:\\\/\\\/archiviocassano.lavocedelpaese.info\\\/#\\\/schema\\\/logo\\\/image\\\/\"},\"sameAs\":[\"https:\\\/\\\/www.facebook.com\\\/redazione.cassanoweb\"]},{\"@type\":\"Person\",\"@id\":\"https:\\\/\\\/archiviocassano.lavocedelpaese.info\\\/#\\\/schema\\\/person\\\/df195bc79a9b4c35127cf005f92e041b\",\"name\":\"admin\",\"image\":{\"@type\":\"ImageObject\",\"inLanguage\":\"it-IT\",\"@id\":\"https:\\\/\\\/secure.gravatar.com\\\/avatar\\\/eabba89a432e8eaa1b0207cc55f7e5340b22712b1ed80677efcf63e02ff5b235?s=96&d=mm&r=g\",\"url\":\"https:\\\/\\\/secure.gravatar.com\\\/avatar\\\/eabba89a432e8eaa1b0207cc55f7e5340b22712b1ed80677efcf63e02ff5b235?s=96&d=mm&r=g\",\"contentUrl\":\"https:\\\/\\\/secure.gravatar.com\\\/avatar\\\/eabba89a432e8eaa1b0207cc55f7e5340b22712b1ed80677efcf63e02ff5b235?s=96&d=mm&r=g\",\"caption\":\"admin\"},\"sameAs\":[\"https:\\\/\\\/archiviocassano.lavocedelpaese.info\"],\"url\":\"https:\\\/\\\/archiviocassano.lavocedelpaese.info\\\/index.php\\\/author\\\/admin_0qgz1xdp\\\/\"}]}<\/script>\n<!-- \/ Yoast SEO plugin. -->","yoast_head_json":{"title":"SANTORSOLA: \"CHE PASTICCIO IL PIANO DI ZONA\" - Archivio CassanoWeb","robots":{"index":"index","follow":"follow","max-snippet":"max-snippet:-1","max-image-preview":"max-image-preview:large","max-video-preview":"max-video-preview:-1"},"canonical":"https:\/\/archiviocassano.lavocedelpaese.info\/index.php\/2010\/08\/17\/santorsola-qla-di-medio-e-librido-daluiso-stanno-creando-un-pasticcio-sul-piano-di-zonaq\/","og_locale":"it_IT","og_type":"article","og_title":"SANTORSOLA: \"CHE PASTICCIO IL PIANO DI ZONA\" - Archivio CassanoWeb","og_url":"https:\/\/archiviocassano.lavocedelpaese.info\/index.php\/2010\/08\/17\/santorsola-qla-di-medio-e-librido-daluiso-stanno-creando-un-pasticcio-sul-piano-di-zonaq\/","og_site_name":"Archivio CassanoWeb","article_publisher":"https:\/\/www.facebook.com\/redazione.cassanoweb","article_published_time":"2010-08-17T06:30:08+00:00","og_image":[{"width":410,"height":200,"url":"https:\/\/archiviocassano.lavocedelpaese.info\/wp-content\/uploads\/2009\/10\/logo_nuova_idea_domani.jpg","type":"image\/jpeg"}],"author":"admin","twitter_card":"summary_large_image","twitter_misc":{"Scritto da":"admin","Tempo di lettura stimato":"3 minuti"},"schema":{"@context":"https:\/\/schema.org","@graph":[{"@type":"Article","@id":"https:\/\/archiviocassano.lavocedelpaese.info\/index.php\/2010\/08\/17\/santorsola-qla-di-medio-e-librido-daluiso-stanno-creando-un-pasticcio-sul-piano-di-zonaq\/#article","isPartOf":{"@id":"https:\/\/archiviocassano.lavocedelpaese.info\/index.php\/2010\/08\/17\/santorsola-qla-di-medio-e-librido-daluiso-stanno-creando-un-pasticcio-sul-piano-di-zonaq\/"},"author":{"name":"admin","@id":"https:\/\/archiviocassano.lavocedelpaese.info\/#\/schema\/person\/df195bc79a9b4c35127cf005f92e041b"},"headline":"SANTORSOLA: &#8220;CHE PASTICCIO IL PIANO DI ZONA&#8221;","datePublished":"2010-08-17T06:30:08+00:00","mainEntityOfPage":{"@id":"https:\/\/archiviocassano.lavocedelpaese.info\/index.php\/2010\/08\/17\/santorsola-qla-di-medio-e-librido-daluiso-stanno-creando-un-pasticcio-sul-piano-di-zonaq\/"},"wordCount":654,"commentCount":0,"publisher":{"@id":"https:\/\/archiviocassano.lavocedelpaese.info\/#organization"},"image":{"@id":"https:\/\/archiviocassano.lavocedelpaese.info\/index.php\/2010\/08\/17\/santorsola-qla-di-medio-e-librido-daluiso-stanno-creando-un-pasticcio-sul-piano-di-zonaq\/#primaryimage"},"thumbnailUrl":"https:\/\/archiviocassano.lavocedelpaese.info\/wp-content\/uploads\/2009\/10\/logo_nuova_idea_domani.jpg","articleSection":["Politica"],"inLanguage":"it-IT","potentialAction":[{"@type":"CommentAction","name":"Comment","target":["https:\/\/archiviocassano.lavocedelpaese.info\/index.php\/2010\/08\/17\/santorsola-qla-di-medio-e-librido-daluiso-stanno-creando-un-pasticcio-sul-piano-di-zonaq\/#respond"]}]},{"@type":"WebPage","@id":"https:\/\/archiviocassano.lavocedelpaese.info\/index.php\/2010\/08\/17\/santorsola-qla-di-medio-e-librido-daluiso-stanno-creando-un-pasticcio-sul-piano-di-zonaq\/","url":"https:\/\/archiviocassano.lavocedelpaese.info\/index.php\/2010\/08\/17\/santorsola-qla-di-medio-e-librido-daluiso-stanno-creando-un-pasticcio-sul-piano-di-zonaq\/","name":"SANTORSOLA: \"CHE PASTICCIO IL PIANO DI ZONA\" - Archivio CassanoWeb","isPartOf":{"@id":"https:\/\/archiviocassano.lavocedelpaese.info\/#website"},"primaryImageOfPage":{"@id":"https:\/\/archiviocassano.lavocedelpaese.info\/index.php\/2010\/08\/17\/santorsola-qla-di-medio-e-librido-daluiso-stanno-creando-un-pasticcio-sul-piano-di-zonaq\/#primaryimage"},"image":{"@id":"https:\/\/archiviocassano.lavocedelpaese.info\/index.php\/2010\/08\/17\/santorsola-qla-di-medio-e-librido-daluiso-stanno-creando-un-pasticcio-sul-piano-di-zonaq\/#primaryimage"},"thumbnailUrl":"https:\/\/archiviocassano.lavocedelpaese.info\/wp-content\/uploads\/2009\/10\/logo_nuova_idea_domani.jpg","datePublished":"2010-08-17T06:30:08+00:00","breadcrumb":{"@id":"https:\/\/archiviocassano.lavocedelpaese.info\/index.php\/2010\/08\/17\/santorsola-qla-di-medio-e-librido-daluiso-stanno-creando-un-pasticcio-sul-piano-di-zonaq\/#breadcrumb"},"inLanguage":"it-IT","potentialAction":[{"@type":"ReadAction","target":["https:\/\/archiviocassano.lavocedelpaese.info\/index.php\/2010\/08\/17\/santorsola-qla-di-medio-e-librido-daluiso-stanno-creando-un-pasticcio-sul-piano-di-zonaq\/"]}]},{"@type":"ImageObject","inLanguage":"it-IT","@id":"https:\/\/archiviocassano.lavocedelpaese.info\/index.php\/2010\/08\/17\/santorsola-qla-di-medio-e-librido-daluiso-stanno-creando-un-pasticcio-sul-piano-di-zonaq\/#primaryimage","url":"https:\/\/archiviocassano.lavocedelpaese.info\/wp-content\/uploads\/2009\/10\/logo_nuova_idea_domani.jpg","contentUrl":"https:\/\/archiviocassano.lavocedelpaese.info\/wp-content\/uploads\/2009\/10\/logo_nuova_idea_domani.jpg","width":410,"height":200,"caption":"logo_nuova_idea_domani"},{"@type":"BreadcrumbList","@id":"https:\/\/archiviocassano.lavocedelpaese.info\/index.php\/2010\/08\/17\/santorsola-qla-di-medio-e-librido-daluiso-stanno-creando-un-pasticcio-sul-piano-di-zonaq\/#breadcrumb","itemListElement":[{"@type":"ListItem","position":1,"name":"Home","item":"https:\/\/archiviocassano.lavocedelpaese.info\/"},{"@type":"ListItem","position":2,"name":"SANTORSOLA: &#8220;CHE PASTICCIO IL PIANO DI ZONA&#8221;"}]},{"@type":"WebSite","@id":"https:\/\/archiviocassano.lavocedelpaese.info\/#website","url":"https:\/\/archiviocassano.lavocedelpaese.info\/","name":"Archivio CassanoWeb","description":"La Voce del Paese - un network di idee","publisher":{"@id":"https:\/\/archiviocassano.lavocedelpaese.info\/#organization"},"potentialAction":[{"@type":"SearchAction","target":{"@type":"EntryPoint","urlTemplate":"https:\/\/archiviocassano.lavocedelpaese.info\/?s={search_term_string}"},"query-input":{"@type":"PropertyValueSpecification","valueRequired":true,"valueName":"search_term_string"}}],"inLanguage":"it-IT"},{"@type":"Organization","@id":"https:\/\/archiviocassano.lavocedelpaese.info\/#organization","name":"Archivio CassanoWeb","url":"https:\/\/archiviocassano.lavocedelpaese.info\/","logo":{"@type":"ImageObject","inLanguage":"it-IT","@id":"https:\/\/archiviocassano.lavocedelpaese.info\/#\/schema\/logo\/image\/","url":"https:\/\/archiviocassano.lavocedelpaese.info\/wp-content\/uploads\/2024\/08\/logo-rosso-2.png","contentUrl":"https:\/\/archiviocassano.lavocedelpaese.info\/wp-content\/uploads\/2024\/08\/logo-rosso-2.png","width":491,"height":432,"caption":"Archivio CassanoWeb"},"image":{"@id":"https:\/\/archiviocassano.lavocedelpaese.info\/#\/schema\/logo\/image\/"},"sameAs":["https:\/\/www.facebook.com\/redazione.cassanoweb"]},{"@type":"Person","@id":"https:\/\/archiviocassano.lavocedelpaese.info\/#\/schema\/person\/df195bc79a9b4c35127cf005f92e041b","name":"admin","image":{"@type":"ImageObject","inLanguage":"it-IT","@id":"https:\/\/secure.gravatar.com\/avatar\/eabba89a432e8eaa1b0207cc55f7e5340b22712b1ed80677efcf63e02ff5b235?s=96&d=mm&r=g","url":"https:\/\/secure.gravatar.com\/avatar\/eabba89a432e8eaa1b0207cc55f7e5340b22712b1ed80677efcf63e02ff5b235?s=96&d=mm&r=g","contentUrl":"https:\/\/secure.gravatar.com\/avatar\/eabba89a432e8eaa1b0207cc55f7e5340b22712b1ed80677efcf63e02ff5b235?s=96&d=mm&r=g","caption":"admin"},"sameAs":["https:\/\/archiviocassano.lavocedelpaese.info"],"url":"https:\/\/archiviocassano.lavocedelpaese.info\/index.php\/author\/admin_0qgz1xdp\/"}]}},"_links":{"self":[{"href":"https:\/\/archiviocassano.lavocedelpaese.info\/index.php\/wp-json\/wp\/v2\/posts\/1864","targetHints":{"allow":["GET"]}}],"collection":[{"href":"https:\/\/archiviocassano.lavocedelpaese.info\/index.php\/wp-json\/wp\/v2\/posts"}],"about":[{"href":"https:\/\/archiviocassano.lavocedelpaese.info\/index.php\/wp-json\/wp\/v2\/types\/post"}],"author":[{"embeddable":true,"href":"https:\/\/archiviocassano.lavocedelpaese.info\/index.php\/wp-json\/wp\/v2\/users\/1"}],"replies":[{"embeddable":true,"href":"https:\/\/archiviocassano.lavocedelpaese.info\/index.php\/wp-json\/wp\/v2\/comments?post=1864"}],"version-history":[{"count":0,"href":"https:\/\/archiviocassano.lavocedelpaese.info\/index.php\/wp-json\/wp\/v2\/posts\/1864\/revisions"}],"wp:featuredmedia":[{"embeddable":true,"href":"https:\/\/archiviocassano.lavocedelpaese.info\/index.php\/wp-json\/wp\/v2\/media\/477"}],"wp:attachment":[{"href":"https:\/\/archiviocassano.lavocedelpaese.info\/index.php\/wp-json\/wp\/v2\/media?parent=1864"}],"wp:term":[{"taxonomy":"category","embeddable":true,"href":"https:\/\/archiviocassano.lavocedelpaese.info\/index.php\/wp-json\/wp\/v2\/categories?post=1864"},{"taxonomy":"post_tag","embeddable":true,"href":"https:\/\/archiviocassano.lavocedelpaese.info\/index.php\/wp-json\/wp\/v2\/tags?post=1864"}],"curies":[{"name":"wp","href":"https:\/\/api.w.org\/{rel}","templated":true}]}}