{"id":18673,"date":"2020-09-02T06:34:29","date_gmt":"2020-09-02T06:34:29","guid":{"rendered":"https:\/\/archiviocassano.lavocedelpaese.info\/index.php\/2020\/09\/02\/la-riflessione-di-un-lettore-sulla-diversita-propria-e-degli-altri\/"},"modified":"2020-09-02T06:34:29","modified_gmt":"2020-09-02T06:34:29","slug":"la-riflessione-di-un-lettore-sulla-diversita-propria-e-degli-altri","status":"publish","type":"post","link":"https:\/\/archiviocassano.lavocedelpaese.info\/index.php\/2020\/09\/02\/la-riflessione-di-un-lettore-sulla-diversita-propria-e-degli-altri\/","title":{"rendered":"La riflessione di un lettore sulla diversit\u00e0 propria e degli altri"},"content":{"rendered":"<p><a data-flickr-embed=\"true\" href=\"https:\/\/www.flickr.com\/photos\/184752021@N05\/50296896911\/in\/dateposted-public\/\" title=\"diversita?-e-uguaglianza-e1540644632285\"><img loading=\"lazy\" decoding=\"async\" src=\"https:\/\/live.staticflickr.com\/65535\/50296896911_6e847b7621_n.jpg\" width=\"320\" height=\"191\" alt=\"diversita?-e-uguaglianza-e1540644632285\" \/><\/a><\/p>\n<p><!--more--><\/p>\n<p><p>Che cos\u2019\u00e8 la diversit\u00e0?&nbsp;&nbsp;&nbsp;&nbsp;&nbsp;&nbsp;&nbsp;&nbsp;&nbsp;&nbsp;&nbsp;&nbsp;&nbsp;&nbsp;&nbsp;&nbsp;&nbsp;&nbsp;&nbsp;&nbsp;&nbsp;&nbsp;&nbsp;&nbsp;&nbsp;&nbsp;&nbsp;&nbsp;&nbsp;&nbsp;&nbsp;&nbsp;&nbsp;&nbsp;&nbsp;&nbsp;&nbsp;&nbsp;&nbsp;&nbsp;&nbsp;&nbsp;&nbsp;&nbsp;&nbsp;&nbsp;&nbsp;&nbsp;&nbsp;&nbsp;&nbsp;&nbsp;&nbsp;&nbsp;&nbsp;&nbsp;&nbsp;&nbsp;&nbsp;&nbsp;&nbsp;&nbsp;&nbsp;&nbsp;&nbsp;&nbsp;&nbsp;<\/p>\n<p>Un punto di vista? Una realt\u00e0? Oppure qualcosa che oggi,nella societ\u00e0 moderna, \u00e8 in grado di classificarci?<\/p>\n<p>Viviamo in un mondo in cui l\u2019 apparire, conta di pi\u00f9 dello stare al mondo. La discriminazione oggi giorno, bazzica le strade, irrompe nelle amicizie, irrompe nel normale,andare dei giorni.<\/p>\n<p>Ormai, la monotonia e l\u2019uguaglianza fanno della societ\u00e0, una marionetta personale, la quale viene manovrata, messa in primo piano, in un piccolo teatrino,per divertire i ciechi.<\/p>\n<p>Con l\u2019avanzare della moda, gli stili cos\u00ec come le menti,vengo sottoposti a continui cambiamenti, facendo di ci\u00f2 che non \u00e8 uguale, paura.<\/p>\n<p>L\u2019apparire,\u00e8 diventato qualcosa di necessario, a tutti, nessuno escluso. L\u2019apparire, fa appunto di noi, marionette. Pantaloni attillati, scarpe rigonfiate e magliette d\u2019ogni timbro e colore, fanno di tutto e tutti un \u201cunicum\u201d, un unico modo di pensare, un unico stile, forse, la capigliatura, ogni tanto, varia.<\/p>\n<p>Il mondo per\u00f2 non \u00e8 uguale, proprio per questo, talvolta si incappa in persone che \u201cfanno la differenza\u201d.<\/p>\n<p>La \u201cdifferenza\u201d, una paurosa canaglia, che ogni tanto, compare, d\u2019improvviso, ispirando nella mente degli osservatori un gran numero di domande,un continuo scontrarsi e retrocedere di impulsi,che a contatto con la lingua,sprigionano il loro potere, vomitando,un gran mare di scemenze.<\/p>\n<p>Tutto questo perch\u00e9?<\/p>\n<p>Perch\u00e9 l\u2019attuale societ\u00e0, cammina con i paraocchi, mostrandosi per quella che \u00e8, niente.<\/p>\n<p>Viviamo in un paese democratico,in cui si pu\u00f2 esprimere il proprio pensiero, il vestire influenza, come il nostro essere, la nostra mente, quindi il nostro pensiero. Talvolta, pu\u00f2 capitare di imbattersi,per puro caso, in persone, che, disgustate, dalla moda attuale, preferiscono cambiare alcuni particolari nel loro guardaroba, forse per distinguersi, o semplicemente per puro, gusto personale.<\/p>\n<p>L\u2019estetica ormai, \u00e8 vita dei giorni odierni, ma il divertimento, lo si incontra, nelle facce incantate, di chi nota la persona diversa, lo si incontro quando si fa a gara, per essere il primo, ad indicare quel soggetto,cadendo nel ridicolo,quando,&nbsp; aguzzando nomignoli idioti,nessuno ride,se non le \u201cbestie da macello\u201dche circondano il giullare di corte.<\/p>\n<p>E questo cosa comporta?&nbsp;Ovviamente, niente.<\/p>\n<p>Lo scherzo, il riso, sono abbondanti sulla bocca dei ciechi, i quali, marrani, muoiono ogni giorno, nella loro costante ascesa, nell\u2019 ignoranza, la quale non \u00e8 fondata, solo sulla poca considerazione,che normalmente si d\u00e0 alla lettura e ai libri, ma si fonda, sull\u2019incomprensione, sul non voler&nbsp; comprendere ci\u00f2 che ci circonda, perch\u00e9 siamo accecati, dal nostro bramare,dal nostro costante cercare, cose,infondate.<\/p>\n<p>Siamo, forse, tutti uguali, sotto un certo punto di vista, ma sotto altri punti,siamo completamente diversi. Perch\u00e9 oggi come oggi, un semplice cambio d\u2019abito pu\u00f2 notevolmente influenzare ogni singola azione che viene svolta, qualsiasi azione, semplice come anche, andare a prendere un caff\u00e8 al bar.<\/p>\n<p>Quando ci si veste e comporta in modo differente,dalle normali,fugaci, gesta di tutti i giorni si rischia di incappare nella \u201cfama\u201d, la quale comporta la costante,mutilante sensazione dell\u2019essere osservato.<\/p>\n<p>Costantemente osservato, in ogni gesto,in ogni movimento,in ogni cambio di colore o modello d\u2019abito, questo nuovamente perch\u00e9? Perch\u00e9 siamo ciechi. Perch\u00e9 ci rifiutiamo di comprendere.<\/p>\n<p>A questo punto, chi \u00e8 realmente diverso?<\/p>\n<p>&nbsp;<\/p>\n","protected":false},"excerpt":{"rendered":"","protected":false},"author":1,"featured_media":0,"comment_status":"open","ping_status":"closed","sticky":false,"template":"","format":"standard","meta":{"colormag_page_container_layout":"default_layout","colormag_page_sidebar_layout":"default_layout","footnotes":""},"categories":[9],"tags":[],"class_list":["post-18673","post","type-post","status-publish","format-standard","hentry","category-la-voce-del-paese"],"yoast_head":"<!-- This site is optimized with the Yoast SEO plugin v27.5 - https:\/\/yoast.com\/product\/yoast-seo-wordpress\/ -->\n<title>La riflessione di un lettore sulla diversit\u00e0 propria e degli altri - Archivio CassanoWeb<\/title>\n<meta name=\"robots\" content=\"index, follow, max-snippet:-1, max-image-preview:large, max-video-preview:-1\" \/>\n<link rel=\"canonical\" href=\"https:\/\/archiviocassano.lavocedelpaese.info\/index.php\/2020\/09\/02\/la-riflessione-di-un-lettore-sulla-diversita-propria-e-degli-altri\/\" \/>\n<meta property=\"og:locale\" content=\"it_IT\" \/>\n<meta property=\"og:type\" content=\"article\" \/>\n<meta property=\"og:title\" content=\"La riflessione di un lettore sulla diversit\u00e0 propria e degli altri - Archivio CassanoWeb\" \/>\n<meta property=\"og:url\" content=\"https:\/\/archiviocassano.lavocedelpaese.info\/index.php\/2020\/09\/02\/la-riflessione-di-un-lettore-sulla-diversita-propria-e-degli-altri\/\" \/>\n<meta property=\"og:site_name\" content=\"Archivio CassanoWeb\" \/>\n<meta property=\"article:publisher\" content=\"https:\/\/www.facebook.com\/redazione.cassanoweb\" \/>\n<meta property=\"article:published_time\" content=\"2020-09-02T06:34:29+00:00\" \/>\n<meta property=\"og:image\" content=\"https:\/\/live.staticflickr.com\/65535\/50296896911_6e847b7621_n.jpg\" \/>\n<meta name=\"author\" content=\"admin\" \/>\n<meta name=\"twitter:card\" content=\"summary_large_image\" \/>\n<meta name=\"twitter:label1\" content=\"Scritto da\" \/>\n\t<meta name=\"twitter:data1\" content=\"admin\" \/>\n\t<meta name=\"twitter:label2\" content=\"Tempo di lettura stimato\" \/>\n\t<meta name=\"twitter:data2\" content=\"3 minuti\" \/>\n<script type=\"application\/ld+json\" class=\"yoast-schema-graph\">{\"@context\":\"https:\\\/\\\/schema.org\",\"@graph\":[{\"@type\":\"Article\",\"@id\":\"https:\\\/\\\/archiviocassano.lavocedelpaese.info\\\/index.php\\\/2020\\\/09\\\/02\\\/la-riflessione-di-un-lettore-sulla-diversita-propria-e-degli-altri\\\/#article\",\"isPartOf\":{\"@id\":\"https:\\\/\\\/archiviocassano.lavocedelpaese.info\\\/index.php\\\/2020\\\/09\\\/02\\\/la-riflessione-di-un-lettore-sulla-diversita-propria-e-degli-altri\\\/\"},\"author\":{\"name\":\"admin\",\"@id\":\"https:\\\/\\\/archiviocassano.lavocedelpaese.info\\\/#\\\/schema\\\/person\\\/df195bc79a9b4c35127cf005f92e041b\"},\"headline\":\"La riflessione di un lettore sulla diversit\u00e0 propria e degli altri\",\"datePublished\":\"2020-09-02T06:34:29+00:00\",\"mainEntityOfPage\":{\"@id\":\"https:\\\/\\\/archiviocassano.lavocedelpaese.info\\\/index.php\\\/2020\\\/09\\\/02\\\/la-riflessione-di-un-lettore-sulla-diversita-propria-e-degli-altri\\\/\"},\"wordCount\":612,\"commentCount\":0,\"publisher\":{\"@id\":\"https:\\\/\\\/archiviocassano.lavocedelpaese.info\\\/#organization\"},\"image\":{\"@id\":\"https:\\\/\\\/archiviocassano.lavocedelpaese.info\\\/index.php\\\/2020\\\/09\\\/02\\\/la-riflessione-di-un-lettore-sulla-diversita-propria-e-degli-altri\\\/#primaryimage\"},\"thumbnailUrl\":\"https:\\\/\\\/live.staticflickr.com\\\/65535\\\/50296896911_6e847b7621_n.jpg\",\"articleSection\":[\"La voce del paese\"],\"inLanguage\":\"it-IT\",\"potentialAction\":[{\"@type\":\"CommentAction\",\"name\":\"Comment\",\"target\":[\"https:\\\/\\\/archiviocassano.lavocedelpaese.info\\\/index.php\\\/2020\\\/09\\\/02\\\/la-riflessione-di-un-lettore-sulla-diversita-propria-e-degli-altri\\\/#respond\"]}]},{\"@type\":\"WebPage\",\"@id\":\"https:\\\/\\\/archiviocassano.lavocedelpaese.info\\\/index.php\\\/2020\\\/09\\\/02\\\/la-riflessione-di-un-lettore-sulla-diversita-propria-e-degli-altri\\\/\",\"url\":\"https:\\\/\\\/archiviocassano.lavocedelpaese.info\\\/index.php\\\/2020\\\/09\\\/02\\\/la-riflessione-di-un-lettore-sulla-diversita-propria-e-degli-altri\\\/\",\"name\":\"La riflessione di un lettore sulla diversit\u00e0 propria e degli altri - Archivio CassanoWeb\",\"isPartOf\":{\"@id\":\"https:\\\/\\\/archiviocassano.lavocedelpaese.info\\\/#website\"},\"primaryImageOfPage\":{\"@id\":\"https:\\\/\\\/archiviocassano.lavocedelpaese.info\\\/index.php\\\/2020\\\/09\\\/02\\\/la-riflessione-di-un-lettore-sulla-diversita-propria-e-degli-altri\\\/#primaryimage\"},\"image\":{\"@id\":\"https:\\\/\\\/archiviocassano.lavocedelpaese.info\\\/index.php\\\/2020\\\/09\\\/02\\\/la-riflessione-di-un-lettore-sulla-diversita-propria-e-degli-altri\\\/#primaryimage\"},\"thumbnailUrl\":\"https:\\\/\\\/live.staticflickr.com\\\/65535\\\/50296896911_6e847b7621_n.jpg\",\"datePublished\":\"2020-09-02T06:34:29+00:00\",\"breadcrumb\":{\"@id\":\"https:\\\/\\\/archiviocassano.lavocedelpaese.info\\\/index.php\\\/2020\\\/09\\\/02\\\/la-riflessione-di-un-lettore-sulla-diversita-propria-e-degli-altri\\\/#breadcrumb\"},\"inLanguage\":\"it-IT\",\"potentialAction\":[{\"@type\":\"ReadAction\",\"target\":[\"https:\\\/\\\/archiviocassano.lavocedelpaese.info\\\/index.php\\\/2020\\\/09\\\/02\\\/la-riflessione-di-un-lettore-sulla-diversita-propria-e-degli-altri\\\/\"]}]},{\"@type\":\"ImageObject\",\"inLanguage\":\"it-IT\",\"@id\":\"https:\\\/\\\/archiviocassano.lavocedelpaese.info\\\/index.php\\\/2020\\\/09\\\/02\\\/la-riflessione-di-un-lettore-sulla-diversita-propria-e-degli-altri\\\/#primaryimage\",\"url\":\"https:\\\/\\\/live.staticflickr.com\\\/65535\\\/50296896911_6e847b7621_n.jpg\",\"contentUrl\":\"https:\\\/\\\/live.staticflickr.com\\\/65535\\\/50296896911_6e847b7621_n.jpg\"},{\"@type\":\"BreadcrumbList\",\"@id\":\"https:\\\/\\\/archiviocassano.lavocedelpaese.info\\\/index.php\\\/2020\\\/09\\\/02\\\/la-riflessione-di-un-lettore-sulla-diversita-propria-e-degli-altri\\\/#breadcrumb\",\"itemListElement\":[{\"@type\":\"ListItem\",\"position\":1,\"name\":\"Home\",\"item\":\"https:\\\/\\\/archiviocassano.lavocedelpaese.info\\\/\"},{\"@type\":\"ListItem\",\"position\":2,\"name\":\"La riflessione di un lettore sulla diversit\u00e0 propria e degli altri\"}]},{\"@type\":\"WebSite\",\"@id\":\"https:\\\/\\\/archiviocassano.lavocedelpaese.info\\\/#website\",\"url\":\"https:\\\/\\\/archiviocassano.lavocedelpaese.info\\\/\",\"name\":\"Archivio CassanoWeb\",\"description\":\"La Voce del Paese - un network di idee\",\"publisher\":{\"@id\":\"https:\\\/\\\/archiviocassano.lavocedelpaese.info\\\/#organization\"},\"potentialAction\":[{\"@type\":\"SearchAction\",\"target\":{\"@type\":\"EntryPoint\",\"urlTemplate\":\"https:\\\/\\\/archiviocassano.lavocedelpaese.info\\\/?s={search_term_string}\"},\"query-input\":{\"@type\":\"PropertyValueSpecification\",\"valueRequired\":true,\"valueName\":\"search_term_string\"}}],\"inLanguage\":\"it-IT\"},{\"@type\":\"Organization\",\"@id\":\"https:\\\/\\\/archiviocassano.lavocedelpaese.info\\\/#organization\",\"name\":\"Archivio CassanoWeb\",\"url\":\"https:\\\/\\\/archiviocassano.lavocedelpaese.info\\\/\",\"logo\":{\"@type\":\"ImageObject\",\"inLanguage\":\"it-IT\",\"@id\":\"https:\\\/\\\/archiviocassano.lavocedelpaese.info\\\/#\\\/schema\\\/logo\\\/image\\\/\",\"url\":\"https:\\\/\\\/archiviocassano.lavocedelpaese.info\\\/wp-content\\\/uploads\\\/2024\\\/08\\\/logo-rosso-2.png\",\"contentUrl\":\"https:\\\/\\\/archiviocassano.lavocedelpaese.info\\\/wp-content\\\/uploads\\\/2024\\\/08\\\/logo-rosso-2.png\",\"width\":491,\"height\":432,\"caption\":\"Archivio CassanoWeb\"},\"image\":{\"@id\":\"https:\\\/\\\/archiviocassano.lavocedelpaese.info\\\/#\\\/schema\\\/logo\\\/image\\\/\"},\"sameAs\":[\"https:\\\/\\\/www.facebook.com\\\/redazione.cassanoweb\"]},{\"@type\":\"Person\",\"@id\":\"https:\\\/\\\/archiviocassano.lavocedelpaese.info\\\/#\\\/schema\\\/person\\\/df195bc79a9b4c35127cf005f92e041b\",\"name\":\"admin\",\"image\":{\"@type\":\"ImageObject\",\"inLanguage\":\"it-IT\",\"@id\":\"https:\\\/\\\/secure.gravatar.com\\\/avatar\\\/eabba89a432e8eaa1b0207cc55f7e5340b22712b1ed80677efcf63e02ff5b235?s=96&d=mm&r=g\",\"url\":\"https:\\\/\\\/secure.gravatar.com\\\/avatar\\\/eabba89a432e8eaa1b0207cc55f7e5340b22712b1ed80677efcf63e02ff5b235?s=96&d=mm&r=g\",\"contentUrl\":\"https:\\\/\\\/secure.gravatar.com\\\/avatar\\\/eabba89a432e8eaa1b0207cc55f7e5340b22712b1ed80677efcf63e02ff5b235?s=96&d=mm&r=g\",\"caption\":\"admin\"},\"sameAs\":[\"https:\\\/\\\/archiviocassano.lavocedelpaese.info\"],\"url\":\"https:\\\/\\\/archiviocassano.lavocedelpaese.info\\\/index.php\\\/author\\\/admin_0qgz1xdp\\\/\"}]}<\/script>\n<!-- \/ Yoast SEO plugin. -->","yoast_head_json":{"title":"La riflessione di un lettore sulla diversit\u00e0 propria e degli altri - Archivio CassanoWeb","robots":{"index":"index","follow":"follow","max-snippet":"max-snippet:-1","max-image-preview":"max-image-preview:large","max-video-preview":"max-video-preview:-1"},"canonical":"https:\/\/archiviocassano.lavocedelpaese.info\/index.php\/2020\/09\/02\/la-riflessione-di-un-lettore-sulla-diversita-propria-e-degli-altri\/","og_locale":"it_IT","og_type":"article","og_title":"La riflessione di un lettore sulla diversit\u00e0 propria e degli altri - Archivio CassanoWeb","og_url":"https:\/\/archiviocassano.lavocedelpaese.info\/index.php\/2020\/09\/02\/la-riflessione-di-un-lettore-sulla-diversita-propria-e-degli-altri\/","og_site_name":"Archivio CassanoWeb","article_publisher":"https:\/\/www.facebook.com\/redazione.cassanoweb","article_published_time":"2020-09-02T06:34:29+00:00","og_image":[{"url":"https:\/\/live.staticflickr.com\/65535\/50296896911_6e847b7621_n.jpg","type":"","width":"","height":""}],"author":"admin","twitter_card":"summary_large_image","twitter_misc":{"Scritto da":"admin","Tempo di lettura stimato":"3 minuti"},"schema":{"@context":"https:\/\/schema.org","@graph":[{"@type":"Article","@id":"https:\/\/archiviocassano.lavocedelpaese.info\/index.php\/2020\/09\/02\/la-riflessione-di-un-lettore-sulla-diversita-propria-e-degli-altri\/#article","isPartOf":{"@id":"https:\/\/archiviocassano.lavocedelpaese.info\/index.php\/2020\/09\/02\/la-riflessione-di-un-lettore-sulla-diversita-propria-e-degli-altri\/"},"author":{"name":"admin","@id":"https:\/\/archiviocassano.lavocedelpaese.info\/#\/schema\/person\/df195bc79a9b4c35127cf005f92e041b"},"headline":"La riflessione di un lettore sulla diversit\u00e0 propria e degli altri","datePublished":"2020-09-02T06:34:29+00:00","mainEntityOfPage":{"@id":"https:\/\/archiviocassano.lavocedelpaese.info\/index.php\/2020\/09\/02\/la-riflessione-di-un-lettore-sulla-diversita-propria-e-degli-altri\/"},"wordCount":612,"commentCount":0,"publisher":{"@id":"https:\/\/archiviocassano.lavocedelpaese.info\/#organization"},"image":{"@id":"https:\/\/archiviocassano.lavocedelpaese.info\/index.php\/2020\/09\/02\/la-riflessione-di-un-lettore-sulla-diversita-propria-e-degli-altri\/#primaryimage"},"thumbnailUrl":"https:\/\/live.staticflickr.com\/65535\/50296896911_6e847b7621_n.jpg","articleSection":["La voce del paese"],"inLanguage":"it-IT","potentialAction":[{"@type":"CommentAction","name":"Comment","target":["https:\/\/archiviocassano.lavocedelpaese.info\/index.php\/2020\/09\/02\/la-riflessione-di-un-lettore-sulla-diversita-propria-e-degli-altri\/#respond"]}]},{"@type":"WebPage","@id":"https:\/\/archiviocassano.lavocedelpaese.info\/index.php\/2020\/09\/02\/la-riflessione-di-un-lettore-sulla-diversita-propria-e-degli-altri\/","url":"https:\/\/archiviocassano.lavocedelpaese.info\/index.php\/2020\/09\/02\/la-riflessione-di-un-lettore-sulla-diversita-propria-e-degli-altri\/","name":"La riflessione di un lettore sulla diversit\u00e0 propria e degli altri - Archivio CassanoWeb","isPartOf":{"@id":"https:\/\/archiviocassano.lavocedelpaese.info\/#website"},"primaryImageOfPage":{"@id":"https:\/\/archiviocassano.lavocedelpaese.info\/index.php\/2020\/09\/02\/la-riflessione-di-un-lettore-sulla-diversita-propria-e-degli-altri\/#primaryimage"},"image":{"@id":"https:\/\/archiviocassano.lavocedelpaese.info\/index.php\/2020\/09\/02\/la-riflessione-di-un-lettore-sulla-diversita-propria-e-degli-altri\/#primaryimage"},"thumbnailUrl":"https:\/\/live.staticflickr.com\/65535\/50296896911_6e847b7621_n.jpg","datePublished":"2020-09-02T06:34:29+00:00","breadcrumb":{"@id":"https:\/\/archiviocassano.lavocedelpaese.info\/index.php\/2020\/09\/02\/la-riflessione-di-un-lettore-sulla-diversita-propria-e-degli-altri\/#breadcrumb"},"inLanguage":"it-IT","potentialAction":[{"@type":"ReadAction","target":["https:\/\/archiviocassano.lavocedelpaese.info\/index.php\/2020\/09\/02\/la-riflessione-di-un-lettore-sulla-diversita-propria-e-degli-altri\/"]}]},{"@type":"ImageObject","inLanguage":"it-IT","@id":"https:\/\/archiviocassano.lavocedelpaese.info\/index.php\/2020\/09\/02\/la-riflessione-di-un-lettore-sulla-diversita-propria-e-degli-altri\/#primaryimage","url":"https:\/\/live.staticflickr.com\/65535\/50296896911_6e847b7621_n.jpg","contentUrl":"https:\/\/live.staticflickr.com\/65535\/50296896911_6e847b7621_n.jpg"},{"@type":"BreadcrumbList","@id":"https:\/\/archiviocassano.lavocedelpaese.info\/index.php\/2020\/09\/02\/la-riflessione-di-un-lettore-sulla-diversita-propria-e-degli-altri\/#breadcrumb","itemListElement":[{"@type":"ListItem","position":1,"name":"Home","item":"https:\/\/archiviocassano.lavocedelpaese.info\/"},{"@type":"ListItem","position":2,"name":"La riflessione di un lettore sulla diversit\u00e0 propria e degli altri"}]},{"@type":"WebSite","@id":"https:\/\/archiviocassano.lavocedelpaese.info\/#website","url":"https:\/\/archiviocassano.lavocedelpaese.info\/","name":"Archivio CassanoWeb","description":"La Voce del Paese - un network di idee","publisher":{"@id":"https:\/\/archiviocassano.lavocedelpaese.info\/#organization"},"potentialAction":[{"@type":"SearchAction","target":{"@type":"EntryPoint","urlTemplate":"https:\/\/archiviocassano.lavocedelpaese.info\/?s={search_term_string}"},"query-input":{"@type":"PropertyValueSpecification","valueRequired":true,"valueName":"search_term_string"}}],"inLanguage":"it-IT"},{"@type":"Organization","@id":"https:\/\/archiviocassano.lavocedelpaese.info\/#organization","name":"Archivio CassanoWeb","url":"https:\/\/archiviocassano.lavocedelpaese.info\/","logo":{"@type":"ImageObject","inLanguage":"it-IT","@id":"https:\/\/archiviocassano.lavocedelpaese.info\/#\/schema\/logo\/image\/","url":"https:\/\/archiviocassano.lavocedelpaese.info\/wp-content\/uploads\/2024\/08\/logo-rosso-2.png","contentUrl":"https:\/\/archiviocassano.lavocedelpaese.info\/wp-content\/uploads\/2024\/08\/logo-rosso-2.png","width":491,"height":432,"caption":"Archivio CassanoWeb"},"image":{"@id":"https:\/\/archiviocassano.lavocedelpaese.info\/#\/schema\/logo\/image\/"},"sameAs":["https:\/\/www.facebook.com\/redazione.cassanoweb"]},{"@type":"Person","@id":"https:\/\/archiviocassano.lavocedelpaese.info\/#\/schema\/person\/df195bc79a9b4c35127cf005f92e041b","name":"admin","image":{"@type":"ImageObject","inLanguage":"it-IT","@id":"https:\/\/secure.gravatar.com\/avatar\/eabba89a432e8eaa1b0207cc55f7e5340b22712b1ed80677efcf63e02ff5b235?s=96&d=mm&r=g","url":"https:\/\/secure.gravatar.com\/avatar\/eabba89a432e8eaa1b0207cc55f7e5340b22712b1ed80677efcf63e02ff5b235?s=96&d=mm&r=g","contentUrl":"https:\/\/secure.gravatar.com\/avatar\/eabba89a432e8eaa1b0207cc55f7e5340b22712b1ed80677efcf63e02ff5b235?s=96&d=mm&r=g","caption":"admin"},"sameAs":["https:\/\/archiviocassano.lavocedelpaese.info"],"url":"https:\/\/archiviocassano.lavocedelpaese.info\/index.php\/author\/admin_0qgz1xdp\/"}]}},"_links":{"self":[{"href":"https:\/\/archiviocassano.lavocedelpaese.info\/index.php\/wp-json\/wp\/v2\/posts\/18673","targetHints":{"allow":["GET"]}}],"collection":[{"href":"https:\/\/archiviocassano.lavocedelpaese.info\/index.php\/wp-json\/wp\/v2\/posts"}],"about":[{"href":"https:\/\/archiviocassano.lavocedelpaese.info\/index.php\/wp-json\/wp\/v2\/types\/post"}],"author":[{"embeddable":true,"href":"https:\/\/archiviocassano.lavocedelpaese.info\/index.php\/wp-json\/wp\/v2\/users\/1"}],"replies":[{"embeddable":true,"href":"https:\/\/archiviocassano.lavocedelpaese.info\/index.php\/wp-json\/wp\/v2\/comments?post=18673"}],"version-history":[{"count":0,"href":"https:\/\/archiviocassano.lavocedelpaese.info\/index.php\/wp-json\/wp\/v2\/posts\/18673\/revisions"}],"wp:attachment":[{"href":"https:\/\/archiviocassano.lavocedelpaese.info\/index.php\/wp-json\/wp\/v2\/media?parent=18673"}],"wp:term":[{"taxonomy":"category","embeddable":true,"href":"https:\/\/archiviocassano.lavocedelpaese.info\/index.php\/wp-json\/wp\/v2\/categories?post=18673"},{"taxonomy":"post_tag","embeddable":true,"href":"https:\/\/archiviocassano.lavocedelpaese.info\/index.php\/wp-json\/wp\/v2\/tags?post=18673"}],"curies":[{"name":"wp","href":"https:\/\/api.w.org\/{rel}","templated":true}]}}