{"id":18773,"date":"2020-10-15T05:33:06","date_gmt":"2020-10-15T05:33:06","guid":{"rendered":"https:\/\/archiviocassano.lavocedelpaese.info\/index.php\/2020\/10\/15\/xylella-la-coldiretti-denuncia-nuovi-contagi-di-ulivi\/"},"modified":"2020-10-15T05:33:06","modified_gmt":"2020-10-15T05:33:06","slug":"xylella-la-coldiretti-denuncia-nuovi-contagi-di-ulivi","status":"publish","type":"post","link":"https:\/\/archiviocassano.lavocedelpaese.info\/index.php\/2020\/10\/15\/xylella-la-coldiretti-denuncia-nuovi-contagi-di-ulivi\/","title":{"rendered":"Xylella, la Coldiretti denuncia nuovi contagi di ulivi"},"content":{"rendered":"<p><a data-flickr-embed=\"true\" href=\"https:\/\/www.flickr.com\/photos\/184752021@N05\/50486771907\/in\/dateposted-public\/\" title=\"IMG_4415\"><img loading=\"lazy\" decoding=\"async\" src=\"https:\/\/live.staticflickr.com\/65535\/50486771907_f455fcf01c_m.jpg\" width=\"240\" height=\"180\" alt=\"IMG_4415\" \/><\/a><\/p>\n<p><!--more--><\/p>\n<p>&nbsp;<\/p>\n<p>L\u2019epidemia si estende con altre 136 piante infette situate anche nella Piana degli Ulivi Monumentali dove \u00e8 scomparso per sempre 1\/3 degli storici esemplari, privando l\u2019Italia di un patrimonio di inestimabile valore sul piano storico, ambientale, economico ma anche occupazionale. E\u2019 l\u2019allarme lanciato dalla Coldiretti Puglia in occasione della scoperta dei nuovi focolai anche nelle campagne di Monopoli (Bari) proprio in occasione dell\u2019inizio della raccolta delle olive sugli alberi sopravvissuti alla Xylella che sta devastando la Puglia<\/p>\n<p>Una zona cuscinetto a Nord. dove la normativa prevede la rimozione anche delle piante circostanti nel raggio di 50 metri, situata nel cuore della Piana degli Ulivi, dove \u00e8 altissima la concentrazione di ulivi millenari con ben 250mila esemplari di pregio straordinario. Si stima che alcuni potrebbero addirittura avere un&#8217;et\u00e0 fino a 3.000 anni, con circonferenze che superano i 10 metri. Una ricchezza dal punto di vista storico e turistico sino ad oggi mantenuta in vita soprattutto grazie all\u2019impegno di generazioni di agricoltori, anche a prezzo di sacrifici considerevoli. La gestione di un ulivo monumentale \u00e8, infatti \u2013 rileva la Coldiretti -, molto pi\u00f9 complicata, con rese produttive notevolmente pi\u00f9 basse rispetto a una normale pianta, ma anche la necessit\u00e0 di procedere a una raccolta esclusivamente manuale e maggiori difficolt\u00e0 a livello di potatura e di trattamento.&nbsp;&nbsp;&nbsp;&nbsp;<\/p>\n<p>Un impegno che rischia ora di essere vanificato dall\u2019epidemia di Xylella che dal 2013 ad oggi ha colpito 8mila chilometri quadrati, con un danno stimabile di 1,6 miliardi euro, secondo un\u2019analisi della Coldiretti.<\/p>\n<p>\u201cSecondo lo studio e il monitoraggio dell\u2019andamento della malattia del CNR di Bari, la diffusione della malattia \u00e8 passata dagli 8mila ettari del 2013 agli 8mila chilometri quadrati dell\u2019attuale area demarcata, numeri che spaventano la Puglia ma anche il resto d\u2019Italia. La numerosit\u00e0 delle infezioni riscontrate a Fasano, Ostuni, come gi\u00e0 avvenuto a Carovigno disegnano uno scenario oscuro gi\u00e0 visto a Oria e Francavilla. Intervenire tempestivamente \u00e8 un richiamo allarmato che abbiamo ripetuto in questi anni per non mandare in fumo l\u2019enorme patrimonio olivicolo, economico e paesaggistico della Puglia\u201d, sostiene il&nbsp;presidente di Coldiretti Puglia, Savino Muraglia.<\/p>\n<p>Una vera e propria tempesta perfetta con gli agricoltori senza reddito da ormai 7 anni, milioni di ulivi secchi, frantoi svenduti a pezzi in Grecia, Marocco e Tunisia e 5mila posti di lavoro persi nella filiera dell\u2019olio extravergine di oliva, e un trend che \u2013 rileva Coldiretti \u2013&nbsp; rischia di diventare irreversibile se non si interviene con strumenti adeguati per affrontare dopo anni di tempo perduto inutilmente il \u2018disastro colposo\u2019 nel Salento e rilanciare la pi\u00f9 grande fabbrica green italiana.<\/p>\n<p>Se non esistono cure per salvare gli ulivi infetti da Xylella, unica strada \u2013 spiega la Coldiretti &#8211; \u00e8 la convivenza con il batterio attraverso la pratica dell\u2019innesto con variet\u00e0 resistenti per salvaguardare almeno gli ulivi millenari. Si tratta di una speranza confortata da alcune evidenze empiriche rilevate dopo anni di sperimentazione che hanno consentito di individuare cultivar capaci di reggere gli attacchi della malattia.<\/p>\n<p>Peraltro i problemi causati dalla Xylella si aggiungono quest\u2019anno a quelli climatici che hanno causato un calo stimato del quantitativo di olio del 22% a livello nazionale che sale addirittura al 48% proprio in Puglia dove si produce circa la met\u00e0 dell\u2019extravergine Made in Italy. Complessivamente si prevede \u2013 sottolinea la Coldiretti \u2013 una produzione nazionale di circa 287 milioni di chili rispetto ai 366 milioni di chili della campagna precedente. Un risultato che mette a rischio il futuro del settore in un anno segnato dall\u2019emergenza Covid che \u2013 conclude la Coldiretti &#8211; ha ridotto le opportunit\u00e0 di mercato in Italia e all\u2019estero e aumentato i costi delle imprese per garantire la sicurezza dei lavoratori.<\/p>\n<p>Con l\u201982% degli italiani che con l\u2019emergenza coronavirus sugli scaffali cerca prodotti Made in Italy per sostenere l\u2019economia ed il lavoro del territorio, il consiglio \u00e8 quello di diffidare dei prezzi troppo bassi, guardare con pi\u00f9 attenzione le etichette e acquistare extravergini a denominazione di origine Dop e Igp, quelli in cui \u00e8 esplicitamente indicato che sono stati ottenuti al 100 per 100 da olive italiane o di acquistare direttamente dai produttori olivicoli, nei frantoi o nei mercati di Campagna Amica dove \u2013 ricorda la Coldiretti \u2013 \u00e8 possibile assaggiare l\u2019olio EVO prima di comprarlo e riconoscerne le caratteristiche positive.<\/p>\n<p>&nbsp;<\/p>\n<p>&nbsp;<\/p>\n","protected":false},"excerpt":{"rendered":"","protected":false},"author":1,"featured_media":0,"comment_status":"open","ping_status":"closed","sticky":false,"template":"","format":"standard","meta":{"colormag_page_container_layout":"default_layout","colormag_page_sidebar_layout":"default_layout","footnotes":""},"categories":[7],"tags":[],"class_list":["post-18773","post","type-post","status-publish","format-standard","hentry","category-attualita"],"yoast_head":"<!-- This site is optimized with the Yoast SEO plugin v27.5 - https:\/\/yoast.com\/product\/yoast-seo-wordpress\/ -->\n<title>Xylella, la Coldiretti denuncia nuovi contagi di ulivi - Archivio CassanoWeb<\/title>\n<meta name=\"robots\" content=\"index, follow, max-snippet:-1, max-image-preview:large, max-video-preview:-1\" \/>\n<link rel=\"canonical\" href=\"https:\/\/archiviocassano.lavocedelpaese.info\/index.php\/2020\/10\/15\/xylella-la-coldiretti-denuncia-nuovi-contagi-di-ulivi\/\" \/>\n<meta property=\"og:locale\" content=\"it_IT\" \/>\n<meta property=\"og:type\" content=\"article\" \/>\n<meta property=\"og:title\" content=\"Xylella, la Coldiretti denuncia nuovi contagi di ulivi - Archivio CassanoWeb\" \/>\n<meta property=\"og:url\" content=\"https:\/\/archiviocassano.lavocedelpaese.info\/index.php\/2020\/10\/15\/xylella-la-coldiretti-denuncia-nuovi-contagi-di-ulivi\/\" \/>\n<meta property=\"og:site_name\" content=\"Archivio CassanoWeb\" \/>\n<meta property=\"article:publisher\" content=\"https:\/\/www.facebook.com\/redazione.cassanoweb\" \/>\n<meta property=\"article:published_time\" content=\"2020-10-15T05:33:06+00:00\" \/>\n<meta property=\"og:image\" content=\"https:\/\/live.staticflickr.com\/65535\/50486771907_f455fcf01c_m.jpg\" \/>\n<meta name=\"author\" content=\"admin\" \/>\n<meta name=\"twitter:card\" content=\"summary_large_image\" \/>\n<meta name=\"twitter:label1\" content=\"Scritto da\" \/>\n\t<meta name=\"twitter:data1\" content=\"admin\" \/>\n\t<meta name=\"twitter:label2\" content=\"Tempo di lettura stimato\" \/>\n\t<meta name=\"twitter:data2\" content=\"4 minuti\" \/>\n<script type=\"application\/ld+json\" class=\"yoast-schema-graph\">{\"@context\":\"https:\\\/\\\/schema.org\",\"@graph\":[{\"@type\":\"Article\",\"@id\":\"https:\\\/\\\/archiviocassano.lavocedelpaese.info\\\/index.php\\\/2020\\\/10\\\/15\\\/xylella-la-coldiretti-denuncia-nuovi-contagi-di-ulivi\\\/#article\",\"isPartOf\":{\"@id\":\"https:\\\/\\\/archiviocassano.lavocedelpaese.info\\\/index.php\\\/2020\\\/10\\\/15\\\/xylella-la-coldiretti-denuncia-nuovi-contagi-di-ulivi\\\/\"},\"author\":{\"name\":\"admin\",\"@id\":\"https:\\\/\\\/archiviocassano.lavocedelpaese.info\\\/#\\\/schema\\\/person\\\/df195bc79a9b4c35127cf005f92e041b\"},\"headline\":\"Xylella, la Coldiretti denuncia nuovi contagi di ulivi\",\"datePublished\":\"2020-10-15T05:33:06+00:00\",\"mainEntityOfPage\":{\"@id\":\"https:\\\/\\\/archiviocassano.lavocedelpaese.info\\\/index.php\\\/2020\\\/10\\\/15\\\/xylella-la-coldiretti-denuncia-nuovi-contagi-di-ulivi\\\/\"},\"wordCount\":709,\"commentCount\":0,\"publisher\":{\"@id\":\"https:\\\/\\\/archiviocassano.lavocedelpaese.info\\\/#organization\"},\"image\":{\"@id\":\"https:\\\/\\\/archiviocassano.lavocedelpaese.info\\\/index.php\\\/2020\\\/10\\\/15\\\/xylella-la-coldiretti-denuncia-nuovi-contagi-di-ulivi\\\/#primaryimage\"},\"thumbnailUrl\":\"https:\\\/\\\/live.staticflickr.com\\\/65535\\\/50486771907_f455fcf01c_m.jpg\",\"articleSection\":[\"Attualit\u00e0\"],\"inLanguage\":\"it-IT\",\"potentialAction\":[{\"@type\":\"CommentAction\",\"name\":\"Comment\",\"target\":[\"https:\\\/\\\/archiviocassano.lavocedelpaese.info\\\/index.php\\\/2020\\\/10\\\/15\\\/xylella-la-coldiretti-denuncia-nuovi-contagi-di-ulivi\\\/#respond\"]}]},{\"@type\":\"WebPage\",\"@id\":\"https:\\\/\\\/archiviocassano.lavocedelpaese.info\\\/index.php\\\/2020\\\/10\\\/15\\\/xylella-la-coldiretti-denuncia-nuovi-contagi-di-ulivi\\\/\",\"url\":\"https:\\\/\\\/archiviocassano.lavocedelpaese.info\\\/index.php\\\/2020\\\/10\\\/15\\\/xylella-la-coldiretti-denuncia-nuovi-contagi-di-ulivi\\\/\",\"name\":\"Xylella, la Coldiretti denuncia nuovi contagi di ulivi - Archivio CassanoWeb\",\"isPartOf\":{\"@id\":\"https:\\\/\\\/archiviocassano.lavocedelpaese.info\\\/#website\"},\"primaryImageOfPage\":{\"@id\":\"https:\\\/\\\/archiviocassano.lavocedelpaese.info\\\/index.php\\\/2020\\\/10\\\/15\\\/xylella-la-coldiretti-denuncia-nuovi-contagi-di-ulivi\\\/#primaryimage\"},\"image\":{\"@id\":\"https:\\\/\\\/archiviocassano.lavocedelpaese.info\\\/index.php\\\/2020\\\/10\\\/15\\\/xylella-la-coldiretti-denuncia-nuovi-contagi-di-ulivi\\\/#primaryimage\"},\"thumbnailUrl\":\"https:\\\/\\\/live.staticflickr.com\\\/65535\\\/50486771907_f455fcf01c_m.jpg\",\"datePublished\":\"2020-10-15T05:33:06+00:00\",\"breadcrumb\":{\"@id\":\"https:\\\/\\\/archiviocassano.lavocedelpaese.info\\\/index.php\\\/2020\\\/10\\\/15\\\/xylella-la-coldiretti-denuncia-nuovi-contagi-di-ulivi\\\/#breadcrumb\"},\"inLanguage\":\"it-IT\",\"potentialAction\":[{\"@type\":\"ReadAction\",\"target\":[\"https:\\\/\\\/archiviocassano.lavocedelpaese.info\\\/index.php\\\/2020\\\/10\\\/15\\\/xylella-la-coldiretti-denuncia-nuovi-contagi-di-ulivi\\\/\"]}]},{\"@type\":\"ImageObject\",\"inLanguage\":\"it-IT\",\"@id\":\"https:\\\/\\\/archiviocassano.lavocedelpaese.info\\\/index.php\\\/2020\\\/10\\\/15\\\/xylella-la-coldiretti-denuncia-nuovi-contagi-di-ulivi\\\/#primaryimage\",\"url\":\"https:\\\/\\\/live.staticflickr.com\\\/65535\\\/50486771907_f455fcf01c_m.jpg\",\"contentUrl\":\"https:\\\/\\\/live.staticflickr.com\\\/65535\\\/50486771907_f455fcf01c_m.jpg\"},{\"@type\":\"BreadcrumbList\",\"@id\":\"https:\\\/\\\/archiviocassano.lavocedelpaese.info\\\/index.php\\\/2020\\\/10\\\/15\\\/xylella-la-coldiretti-denuncia-nuovi-contagi-di-ulivi\\\/#breadcrumb\",\"itemListElement\":[{\"@type\":\"ListItem\",\"position\":1,\"name\":\"Home\",\"item\":\"https:\\\/\\\/archiviocassano.lavocedelpaese.info\\\/\"},{\"@type\":\"ListItem\",\"position\":2,\"name\":\"Xylella, la Coldiretti denuncia nuovi contagi di ulivi\"}]},{\"@type\":\"WebSite\",\"@id\":\"https:\\\/\\\/archiviocassano.lavocedelpaese.info\\\/#website\",\"url\":\"https:\\\/\\\/archiviocassano.lavocedelpaese.info\\\/\",\"name\":\"Archivio CassanoWeb\",\"description\":\"La Voce del Paese - un network di idee\",\"publisher\":{\"@id\":\"https:\\\/\\\/archiviocassano.lavocedelpaese.info\\\/#organization\"},\"potentialAction\":[{\"@type\":\"SearchAction\",\"target\":{\"@type\":\"EntryPoint\",\"urlTemplate\":\"https:\\\/\\\/archiviocassano.lavocedelpaese.info\\\/?s={search_term_string}\"},\"query-input\":{\"@type\":\"PropertyValueSpecification\",\"valueRequired\":true,\"valueName\":\"search_term_string\"}}],\"inLanguage\":\"it-IT\"},{\"@type\":\"Organization\",\"@id\":\"https:\\\/\\\/archiviocassano.lavocedelpaese.info\\\/#organization\",\"name\":\"Archivio CassanoWeb\",\"url\":\"https:\\\/\\\/archiviocassano.lavocedelpaese.info\\\/\",\"logo\":{\"@type\":\"ImageObject\",\"inLanguage\":\"it-IT\",\"@id\":\"https:\\\/\\\/archiviocassano.lavocedelpaese.info\\\/#\\\/schema\\\/logo\\\/image\\\/\",\"url\":\"https:\\\/\\\/archiviocassano.lavocedelpaese.info\\\/wp-content\\\/uploads\\\/2024\\\/08\\\/logo-rosso-2.png\",\"contentUrl\":\"https:\\\/\\\/archiviocassano.lavocedelpaese.info\\\/wp-content\\\/uploads\\\/2024\\\/08\\\/logo-rosso-2.png\",\"width\":491,\"height\":432,\"caption\":\"Archivio CassanoWeb\"},\"image\":{\"@id\":\"https:\\\/\\\/archiviocassano.lavocedelpaese.info\\\/#\\\/schema\\\/logo\\\/image\\\/\"},\"sameAs\":[\"https:\\\/\\\/www.facebook.com\\\/redazione.cassanoweb\"]},{\"@type\":\"Person\",\"@id\":\"https:\\\/\\\/archiviocassano.lavocedelpaese.info\\\/#\\\/schema\\\/person\\\/df195bc79a9b4c35127cf005f92e041b\",\"name\":\"admin\",\"image\":{\"@type\":\"ImageObject\",\"inLanguage\":\"it-IT\",\"@id\":\"https:\\\/\\\/secure.gravatar.com\\\/avatar\\\/eabba89a432e8eaa1b0207cc55f7e5340b22712b1ed80677efcf63e02ff5b235?s=96&d=mm&r=g\",\"url\":\"https:\\\/\\\/secure.gravatar.com\\\/avatar\\\/eabba89a432e8eaa1b0207cc55f7e5340b22712b1ed80677efcf63e02ff5b235?s=96&d=mm&r=g\",\"contentUrl\":\"https:\\\/\\\/secure.gravatar.com\\\/avatar\\\/eabba89a432e8eaa1b0207cc55f7e5340b22712b1ed80677efcf63e02ff5b235?s=96&d=mm&r=g\",\"caption\":\"admin\"},\"sameAs\":[\"https:\\\/\\\/archiviocassano.lavocedelpaese.info\"],\"url\":\"https:\\\/\\\/archiviocassano.lavocedelpaese.info\\\/index.php\\\/author\\\/admin_0qgz1xdp\\\/\"}]}<\/script>\n<!-- \/ Yoast SEO plugin. -->","yoast_head_json":{"title":"Xylella, la Coldiretti denuncia nuovi contagi di ulivi - Archivio CassanoWeb","robots":{"index":"index","follow":"follow","max-snippet":"max-snippet:-1","max-image-preview":"max-image-preview:large","max-video-preview":"max-video-preview:-1"},"canonical":"https:\/\/archiviocassano.lavocedelpaese.info\/index.php\/2020\/10\/15\/xylella-la-coldiretti-denuncia-nuovi-contagi-di-ulivi\/","og_locale":"it_IT","og_type":"article","og_title":"Xylella, la Coldiretti denuncia nuovi contagi di ulivi - Archivio CassanoWeb","og_url":"https:\/\/archiviocassano.lavocedelpaese.info\/index.php\/2020\/10\/15\/xylella-la-coldiretti-denuncia-nuovi-contagi-di-ulivi\/","og_site_name":"Archivio CassanoWeb","article_publisher":"https:\/\/www.facebook.com\/redazione.cassanoweb","article_published_time":"2020-10-15T05:33:06+00:00","og_image":[{"url":"https:\/\/live.staticflickr.com\/65535\/50486771907_f455fcf01c_m.jpg","type":"","width":"","height":""}],"author":"admin","twitter_card":"summary_large_image","twitter_misc":{"Scritto da":"admin","Tempo di lettura stimato":"4 minuti"},"schema":{"@context":"https:\/\/schema.org","@graph":[{"@type":"Article","@id":"https:\/\/archiviocassano.lavocedelpaese.info\/index.php\/2020\/10\/15\/xylella-la-coldiretti-denuncia-nuovi-contagi-di-ulivi\/#article","isPartOf":{"@id":"https:\/\/archiviocassano.lavocedelpaese.info\/index.php\/2020\/10\/15\/xylella-la-coldiretti-denuncia-nuovi-contagi-di-ulivi\/"},"author":{"name":"admin","@id":"https:\/\/archiviocassano.lavocedelpaese.info\/#\/schema\/person\/df195bc79a9b4c35127cf005f92e041b"},"headline":"Xylella, la Coldiretti denuncia nuovi contagi di ulivi","datePublished":"2020-10-15T05:33:06+00:00","mainEntityOfPage":{"@id":"https:\/\/archiviocassano.lavocedelpaese.info\/index.php\/2020\/10\/15\/xylella-la-coldiretti-denuncia-nuovi-contagi-di-ulivi\/"},"wordCount":709,"commentCount":0,"publisher":{"@id":"https:\/\/archiviocassano.lavocedelpaese.info\/#organization"},"image":{"@id":"https:\/\/archiviocassano.lavocedelpaese.info\/index.php\/2020\/10\/15\/xylella-la-coldiretti-denuncia-nuovi-contagi-di-ulivi\/#primaryimage"},"thumbnailUrl":"https:\/\/live.staticflickr.com\/65535\/50486771907_f455fcf01c_m.jpg","articleSection":["Attualit\u00e0"],"inLanguage":"it-IT","potentialAction":[{"@type":"CommentAction","name":"Comment","target":["https:\/\/archiviocassano.lavocedelpaese.info\/index.php\/2020\/10\/15\/xylella-la-coldiretti-denuncia-nuovi-contagi-di-ulivi\/#respond"]}]},{"@type":"WebPage","@id":"https:\/\/archiviocassano.lavocedelpaese.info\/index.php\/2020\/10\/15\/xylella-la-coldiretti-denuncia-nuovi-contagi-di-ulivi\/","url":"https:\/\/archiviocassano.lavocedelpaese.info\/index.php\/2020\/10\/15\/xylella-la-coldiretti-denuncia-nuovi-contagi-di-ulivi\/","name":"Xylella, la Coldiretti denuncia nuovi contagi di ulivi - Archivio CassanoWeb","isPartOf":{"@id":"https:\/\/archiviocassano.lavocedelpaese.info\/#website"},"primaryImageOfPage":{"@id":"https:\/\/archiviocassano.lavocedelpaese.info\/index.php\/2020\/10\/15\/xylella-la-coldiretti-denuncia-nuovi-contagi-di-ulivi\/#primaryimage"},"image":{"@id":"https:\/\/archiviocassano.lavocedelpaese.info\/index.php\/2020\/10\/15\/xylella-la-coldiretti-denuncia-nuovi-contagi-di-ulivi\/#primaryimage"},"thumbnailUrl":"https:\/\/live.staticflickr.com\/65535\/50486771907_f455fcf01c_m.jpg","datePublished":"2020-10-15T05:33:06+00:00","breadcrumb":{"@id":"https:\/\/archiviocassano.lavocedelpaese.info\/index.php\/2020\/10\/15\/xylella-la-coldiretti-denuncia-nuovi-contagi-di-ulivi\/#breadcrumb"},"inLanguage":"it-IT","potentialAction":[{"@type":"ReadAction","target":["https:\/\/archiviocassano.lavocedelpaese.info\/index.php\/2020\/10\/15\/xylella-la-coldiretti-denuncia-nuovi-contagi-di-ulivi\/"]}]},{"@type":"ImageObject","inLanguage":"it-IT","@id":"https:\/\/archiviocassano.lavocedelpaese.info\/index.php\/2020\/10\/15\/xylella-la-coldiretti-denuncia-nuovi-contagi-di-ulivi\/#primaryimage","url":"https:\/\/live.staticflickr.com\/65535\/50486771907_f455fcf01c_m.jpg","contentUrl":"https:\/\/live.staticflickr.com\/65535\/50486771907_f455fcf01c_m.jpg"},{"@type":"BreadcrumbList","@id":"https:\/\/archiviocassano.lavocedelpaese.info\/index.php\/2020\/10\/15\/xylella-la-coldiretti-denuncia-nuovi-contagi-di-ulivi\/#breadcrumb","itemListElement":[{"@type":"ListItem","position":1,"name":"Home","item":"https:\/\/archiviocassano.lavocedelpaese.info\/"},{"@type":"ListItem","position":2,"name":"Xylella, la Coldiretti denuncia nuovi contagi di ulivi"}]},{"@type":"WebSite","@id":"https:\/\/archiviocassano.lavocedelpaese.info\/#website","url":"https:\/\/archiviocassano.lavocedelpaese.info\/","name":"Archivio CassanoWeb","description":"La Voce del Paese - un network di idee","publisher":{"@id":"https:\/\/archiviocassano.lavocedelpaese.info\/#organization"},"potentialAction":[{"@type":"SearchAction","target":{"@type":"EntryPoint","urlTemplate":"https:\/\/archiviocassano.lavocedelpaese.info\/?s={search_term_string}"},"query-input":{"@type":"PropertyValueSpecification","valueRequired":true,"valueName":"search_term_string"}}],"inLanguage":"it-IT"},{"@type":"Organization","@id":"https:\/\/archiviocassano.lavocedelpaese.info\/#organization","name":"Archivio CassanoWeb","url":"https:\/\/archiviocassano.lavocedelpaese.info\/","logo":{"@type":"ImageObject","inLanguage":"it-IT","@id":"https:\/\/archiviocassano.lavocedelpaese.info\/#\/schema\/logo\/image\/","url":"https:\/\/archiviocassano.lavocedelpaese.info\/wp-content\/uploads\/2024\/08\/logo-rosso-2.png","contentUrl":"https:\/\/archiviocassano.lavocedelpaese.info\/wp-content\/uploads\/2024\/08\/logo-rosso-2.png","width":491,"height":432,"caption":"Archivio CassanoWeb"},"image":{"@id":"https:\/\/archiviocassano.lavocedelpaese.info\/#\/schema\/logo\/image\/"},"sameAs":["https:\/\/www.facebook.com\/redazione.cassanoweb"]},{"@type":"Person","@id":"https:\/\/archiviocassano.lavocedelpaese.info\/#\/schema\/person\/df195bc79a9b4c35127cf005f92e041b","name":"admin","image":{"@type":"ImageObject","inLanguage":"it-IT","@id":"https:\/\/secure.gravatar.com\/avatar\/eabba89a432e8eaa1b0207cc55f7e5340b22712b1ed80677efcf63e02ff5b235?s=96&d=mm&r=g","url":"https:\/\/secure.gravatar.com\/avatar\/eabba89a432e8eaa1b0207cc55f7e5340b22712b1ed80677efcf63e02ff5b235?s=96&d=mm&r=g","contentUrl":"https:\/\/secure.gravatar.com\/avatar\/eabba89a432e8eaa1b0207cc55f7e5340b22712b1ed80677efcf63e02ff5b235?s=96&d=mm&r=g","caption":"admin"},"sameAs":["https:\/\/archiviocassano.lavocedelpaese.info"],"url":"https:\/\/archiviocassano.lavocedelpaese.info\/index.php\/author\/admin_0qgz1xdp\/"}]}},"_links":{"self":[{"href":"https:\/\/archiviocassano.lavocedelpaese.info\/index.php\/wp-json\/wp\/v2\/posts\/18773","targetHints":{"allow":["GET"]}}],"collection":[{"href":"https:\/\/archiviocassano.lavocedelpaese.info\/index.php\/wp-json\/wp\/v2\/posts"}],"about":[{"href":"https:\/\/archiviocassano.lavocedelpaese.info\/index.php\/wp-json\/wp\/v2\/types\/post"}],"author":[{"embeddable":true,"href":"https:\/\/archiviocassano.lavocedelpaese.info\/index.php\/wp-json\/wp\/v2\/users\/1"}],"replies":[{"embeddable":true,"href":"https:\/\/archiviocassano.lavocedelpaese.info\/index.php\/wp-json\/wp\/v2\/comments?post=18773"}],"version-history":[{"count":0,"href":"https:\/\/archiviocassano.lavocedelpaese.info\/index.php\/wp-json\/wp\/v2\/posts\/18773\/revisions"}],"wp:attachment":[{"href":"https:\/\/archiviocassano.lavocedelpaese.info\/index.php\/wp-json\/wp\/v2\/media?parent=18773"}],"wp:term":[{"taxonomy":"category","embeddable":true,"href":"https:\/\/archiviocassano.lavocedelpaese.info\/index.php\/wp-json\/wp\/v2\/categories?post=18773"},{"taxonomy":"post_tag","embeddable":true,"href":"https:\/\/archiviocassano.lavocedelpaese.info\/index.php\/wp-json\/wp\/v2\/tags?post=18773"}],"curies":[{"name":"wp","href":"https:\/\/api.w.org\/{rel}","templated":true}]}}