{"id":18774,"date":"2020-10-15T05:35:57","date_gmt":"2020-10-15T05:35:57","guid":{"rendered":"https:\/\/archiviocassano.lavocedelpaese.info\/index.php\/2020\/10\/15\/e-cominciata-la-raccolta-delle-olive-in-puglia-ottima-qualita-ma-poco-raccolto\/"},"modified":"2020-10-15T05:35:57","modified_gmt":"2020-10-15T05:35:57","slug":"e-cominciata-la-raccolta-delle-olive-in-puglia-ottima-qualita-ma-poco-raccolto","status":"publish","type":"post","link":"https:\/\/archiviocassano.lavocedelpaese.info\/index.php\/2020\/10\/15\/e-cominciata-la-raccolta-delle-olive-in-puglia-ottima-qualita-ma-poco-raccolto\/","title":{"rendered":"E&#8217; cominciata la raccolta delle olive: scarse ma di qualit\u00e0"},"content":{"rendered":"<p style=\"text-align: justify;\"><a data-flickr-embed=\"true\" href=\"https:\/\/www.flickr.com\/photos\/184752021@N05\/50485929963\/in\/dateposted-public\/\" title=\"IMG_4426\"><img loading=\"lazy\" decoding=\"async\" src=\"https:\/\/live.staticflickr.com\/65535\/50485929963_8e3c02f306.jpg\" width=\"320\" height=\"200\" alt=\"IMG_4426\" \/><\/a><\/p>\n<p><!--more--><\/p>\n<p>&nbsp;<\/p>\n<p>Al via ufficialmente la campagna olivicola in Puglia, caratterizzata dalla produzione di olive di qualit\u00e0 eccellente ma dimezzata del 48% a causa del clima pazzo, dal maltempo alla siccit\u00e0, senza dimenticare gli effetti della Xylella che ha di fatto devastato gran parte degli uliveti del Salento.<\/p>\n<p>E\u2019 quanto emerge da un\u2019analisi di Coldiretti Puglia e Unaprol, in occasione del via alla raccolta delle olive in Puglia nella Piana degli Ulivi Monumentali, a Monopoli nell\u2019azienda agricola Barnaba dove \u00e8 stato presentato il rapporto \u201cL\u2019olio pugliese al tempo del Coronavirus\u201d, con l\u2019arrivo del primo olio nuovo Made in Puglia del 2020, particolarmente atteso in un anno segnato dall\u2019emergenza coronavirus che ha sconvolto produzione e mercati. &nbsp;<\/p>\n<p>\u201cIl settore oleario \u00e8 forse quello che ha resistito meglio all\u2019emergenza sanitaria, con un calo solo del 2% delle esportazioni di olio extravergine pugliese all\u2019estero nei primi 6 mesi del 2020, quando la domanda estera di olio imbottigliato \u00e8 arrivata soprattutto dagli Usa (+28) e dalla Francia (+42%)\u201d, ha affermato il&nbsp;<strong>presidente di Coldiretti Puglia, Savino Muraglia,&nbsp;<\/strong>presentando le previsioni della campagna olearia 2020\/2021 con<strong>&nbsp;il direttore regionale, Pietro Piccioni e il nuovo Assessore regionale all\u2019Agricoltura, Donato Pentassuglia.<\/strong><\/p>\n<p>Anche se bisogner\u00e0 fare i conti con il clima, si stima \u2013 sottolinea Coldiretti Puglia \u2013 una produzione &nbsp;di circa 101mila tonnellate rispetto alle 194mila tonnellate dell\u2019annata precedente, in una regione dove si concentra oltre il 50% della produzione olearia nazionale. &nbsp;<\/p>\n<p>\u201cLa sensibile flessione quantitativa della produzione \u00e8 accompagnata da ottima qualit\u00e0 e ci\u00f2 deve portare \u2013 ha insistito il presidente Muraglia &#8211; ad un recupero dei prezzi che l\u2019anno scorso sono stati spesso deludenti. A livello regionale e nazionale vanno programmate e realizzate campagne quinquennali di comunicazione, strutturali e adeguatamente finanziate, che promuovano in maniera strategica e coordinata il prodotto simbolo della Puglia che \u00e8 l\u2019olio extravergine. Il settore ha bisogno di liquidit\u00e0 e sostegno senza burocrazia\u201d, aggiunge Muraglia.<\/p>\n<p>Nella culla della produzione olivicola e olearia delle province di Bari e BAT la siccit\u00e0 e il maltempo \u2013 stima Coldiretti Puglia &#8211; hanno ridotto le produzioni rispetto all\u2019anno scorso del 30% nella zona costiera di Barletta, Trani, Bisceglie e il calo del 60% nella zona interna di Andria, Palo del Colle, Bitetto, con qualit\u00e0 alte.<\/p>\n<p>Qualit\u00e0 straordinaria in termini di qualit\u00e0 \u2013 aggiunge Coldiretti &#8211; ma con un calo della produzione del 50% in provincia di Foggia, dove le olive risultano decisamente pi\u00f9 grandi rispetto alla media e sono giunte a maturazione in leggero anticipo rispetto al consueto.<\/p>\n<p>Si profila una ottima annata in provincia di Brindisi con un aumento del 40% della produzione di olive \u2013 insiste Coldiretti Puglia &#8211; nonostante l&#8217;avanzamento verso nord della Xylella, con piante positive e sintomatiche, che in alcune zone della parte sud della provincia sono gi\u00e0 particolarmente evidenti.<\/p>\n<p>La provincia di Taranto risente in alcun aree degli effetti della violenta grandinata del 4 luglio, mentre nei restanti comprensori la qualit\u00e0 \u00e8 buona e la produzione non ha subito variazioni rispetto allo scorso anno.<\/p>\n<p>A causa della Xylella fastidiosa sono andate perse 3 olive su 4 in provincia di Lecce con il crollo del 75% della produzione di olio di oliva anche nell\u2019annata 2020. E\u2019 il risultato dell\u2019analisi elaborata da Coldiretti Puglia che fotografa uno scenario a tinte fosche, dove il crollo produttivo ha subito un crollo incontrovertibile dal 2015 ad oggi. Agricoltori senza reddito da ormai 7 anni, milioni di ulivi secchi, frantoi svenduti a pezzi in Grecia, Marocco e Tunisia, 5mila posti di lavoro persi nella filiera dell\u2019olio extravergine di oliva, con un trend che rischia di diventare irreversibile \u2013 denuncia Coldiretti Puglia \u2013 se non si interviene con strumenti adeguati per affrontare dopo anni di tempo perduto inutilmente il \u2018disastro colposo\u2019 nel Salento e rilanciare la pi\u00f9 grande fabbrica green italiana.<\/p>\n<p>\u201cDiffondere la cultura dell\u2019olio extravergine di oliva fra i consumatori e supportare la crescita continua della filiera dell\u2019olio \u00e8 il nostro obiettivo \u2013 aggiunge il presidente Muraglia \u2013 perch\u00e9 i consumatori sono affamati di informazioni e conoscenza sul mondo dell\u2019olio. In Puglia aziende agricole e frantoi hanno saputo cogliere gli spunti positivi offerti dal mondo del vino, abile nell\u2019attivit\u00e0 di marketing e di grande promozione delle etichette pugliesi a livello nazionale e internazionale. Da qui stanno nascendo sale di degustazione all\u2019interno delle aziende olivicole e dei frantoi, il packaging sta divenendo sempre pi\u00f9 ammiccante, sta salendo il livello qualitativo degli oli\u201d, tiene a precisare il presidente Muraglia.<\/p>\n<p>\u201cE\u2019 un percorso virtuoso che va alimentato e implementato ed \u00e8 per centrare l\u2019obiettivo &#8211; necessariamente corale &#8211; della promozione dell\u2019olio che \u00e8 nata la Evoo School Italia \u2013 ha spiegato il presidente Muraglia &#8211; la scuola dell\u2019olio promossa da Unaprol, Coldiretti e Campagna Amica a Roma in via Nazionale, dotata di una sala panel per l\u2019analisi sensoriale degli oli conforme alle linee guida del C.O.I., aule corsi, sale riunioni e tutte le attrezzature tecniche e logistiche necessarie allo svolgimento delle attivit\u00e0 formative, per poter diffondere la conoscenza dell\u2019olio, formare professionisti del settore, supportare lo sviluppo delle aziende olivicole e dialogare con le istituzioni e con i consumatori, un nuovo centro di riferimento per tutti gli operatori della filiera olivicola\u201d.<\/p>\n<p>A questo scopo l\u2019Ismea \u00e8 impegnata in una campagna di comunicazione, promossa dal Ministero delle Politiche agricole e che vedr\u00e0 proprio negli ultimi mesi dell\u2019anno \u2013 conclude Coldiretti Puglia &#8211; un grande dispiegamento di azioni e risorse per valorizzare presso il grande pubblico questo prodotto simbolo del Made in Italy.<\/p>\n<p>&nbsp;<\/p>\n<p>&nbsp;<\/p>\n","protected":false},"excerpt":{"rendered":"","protected":false},"author":1,"featured_media":0,"comment_status":"open","ping_status":"closed","sticky":false,"template":"","format":"standard","meta":{"colormag_page_container_layout":"default_layout","colormag_page_sidebar_layout":"default_layout","footnotes":""},"categories":[13],"tags":[],"class_list":["post-18774","post","type-post","status-publish","format-standard","hentry","category-economia"],"yoast_head":"<!-- This site is optimized with the Yoast SEO plugin v27.5 - https:\/\/yoast.com\/product\/yoast-seo-wordpress\/ -->\n<title>E&#039; cominciata la raccolta delle olive: scarse ma di qualit\u00e0 - Archivio CassanoWeb<\/title>\n<meta name=\"robots\" content=\"index, follow, max-snippet:-1, max-image-preview:large, max-video-preview:-1\" \/>\n<link rel=\"canonical\" href=\"https:\/\/archiviocassano.lavocedelpaese.info\/index.php\/2020\/10\/15\/e-cominciata-la-raccolta-delle-olive-in-puglia-ottima-qualita-ma-poco-raccolto\/\" \/>\n<meta property=\"og:locale\" content=\"it_IT\" \/>\n<meta property=\"og:type\" content=\"article\" \/>\n<meta property=\"og:title\" content=\"E&#039; cominciata la raccolta delle olive: scarse ma di qualit\u00e0 - Archivio CassanoWeb\" \/>\n<meta property=\"og:url\" content=\"https:\/\/archiviocassano.lavocedelpaese.info\/index.php\/2020\/10\/15\/e-cominciata-la-raccolta-delle-olive-in-puglia-ottima-qualita-ma-poco-raccolto\/\" \/>\n<meta property=\"og:site_name\" content=\"Archivio CassanoWeb\" \/>\n<meta property=\"article:publisher\" content=\"https:\/\/www.facebook.com\/redazione.cassanoweb\" \/>\n<meta property=\"article:published_time\" content=\"2020-10-15T05:35:57+00:00\" \/>\n<meta property=\"og:image\" content=\"https:\/\/live.staticflickr.com\/65535\/50485929963_8e3c02f306.jpg\" \/>\n<meta name=\"author\" content=\"admin\" \/>\n<meta name=\"twitter:card\" content=\"summary_large_image\" \/>\n<meta name=\"twitter:label1\" content=\"Scritto da\" \/>\n\t<meta name=\"twitter:data1\" content=\"admin\" \/>\n\t<meta name=\"twitter:label2\" content=\"Tempo di lettura stimato\" \/>\n\t<meta name=\"twitter:data2\" content=\"4 minuti\" \/>\n<script type=\"application\/ld+json\" class=\"yoast-schema-graph\">{\"@context\":\"https:\\\/\\\/schema.org\",\"@graph\":[{\"@type\":\"Article\",\"@id\":\"https:\\\/\\\/archiviocassano.lavocedelpaese.info\\\/index.php\\\/2020\\\/10\\\/15\\\/e-cominciata-la-raccolta-delle-olive-in-puglia-ottima-qualita-ma-poco-raccolto\\\/#article\",\"isPartOf\":{\"@id\":\"https:\\\/\\\/archiviocassano.lavocedelpaese.info\\\/index.php\\\/2020\\\/10\\\/15\\\/e-cominciata-la-raccolta-delle-olive-in-puglia-ottima-qualita-ma-poco-raccolto\\\/\"},\"author\":{\"name\":\"admin\",\"@id\":\"https:\\\/\\\/archiviocassano.lavocedelpaese.info\\\/#\\\/schema\\\/person\\\/df195bc79a9b4c35127cf005f92e041b\"},\"headline\":\"E&#8217; cominciata la raccolta delle olive: scarse ma di qualit\u00e0\",\"datePublished\":\"2020-10-15T05:35:57+00:00\",\"mainEntityOfPage\":{\"@id\":\"https:\\\/\\\/archiviocassano.lavocedelpaese.info\\\/index.php\\\/2020\\\/10\\\/15\\\/e-cominciata-la-raccolta-delle-olive-in-puglia-ottima-qualita-ma-poco-raccolto\\\/\"},\"wordCount\":906,\"commentCount\":0,\"publisher\":{\"@id\":\"https:\\\/\\\/archiviocassano.lavocedelpaese.info\\\/#organization\"},\"image\":{\"@id\":\"https:\\\/\\\/archiviocassano.lavocedelpaese.info\\\/index.php\\\/2020\\\/10\\\/15\\\/e-cominciata-la-raccolta-delle-olive-in-puglia-ottima-qualita-ma-poco-raccolto\\\/#primaryimage\"},\"thumbnailUrl\":\"https:\\\/\\\/live.staticflickr.com\\\/65535\\\/50485929963_8e3c02f306.jpg\",\"articleSection\":[\"Economia\"],\"inLanguage\":\"it-IT\",\"potentialAction\":[{\"@type\":\"CommentAction\",\"name\":\"Comment\",\"target\":[\"https:\\\/\\\/archiviocassano.lavocedelpaese.info\\\/index.php\\\/2020\\\/10\\\/15\\\/e-cominciata-la-raccolta-delle-olive-in-puglia-ottima-qualita-ma-poco-raccolto\\\/#respond\"]}]},{\"@type\":\"WebPage\",\"@id\":\"https:\\\/\\\/archiviocassano.lavocedelpaese.info\\\/index.php\\\/2020\\\/10\\\/15\\\/e-cominciata-la-raccolta-delle-olive-in-puglia-ottima-qualita-ma-poco-raccolto\\\/\",\"url\":\"https:\\\/\\\/archiviocassano.lavocedelpaese.info\\\/index.php\\\/2020\\\/10\\\/15\\\/e-cominciata-la-raccolta-delle-olive-in-puglia-ottima-qualita-ma-poco-raccolto\\\/\",\"name\":\"E' cominciata la raccolta delle olive: scarse ma di qualit\u00e0 - Archivio CassanoWeb\",\"isPartOf\":{\"@id\":\"https:\\\/\\\/archiviocassano.lavocedelpaese.info\\\/#website\"},\"primaryImageOfPage\":{\"@id\":\"https:\\\/\\\/archiviocassano.lavocedelpaese.info\\\/index.php\\\/2020\\\/10\\\/15\\\/e-cominciata-la-raccolta-delle-olive-in-puglia-ottima-qualita-ma-poco-raccolto\\\/#primaryimage\"},\"image\":{\"@id\":\"https:\\\/\\\/archiviocassano.lavocedelpaese.info\\\/index.php\\\/2020\\\/10\\\/15\\\/e-cominciata-la-raccolta-delle-olive-in-puglia-ottima-qualita-ma-poco-raccolto\\\/#primaryimage\"},\"thumbnailUrl\":\"https:\\\/\\\/live.staticflickr.com\\\/65535\\\/50485929963_8e3c02f306.jpg\",\"datePublished\":\"2020-10-15T05:35:57+00:00\",\"breadcrumb\":{\"@id\":\"https:\\\/\\\/archiviocassano.lavocedelpaese.info\\\/index.php\\\/2020\\\/10\\\/15\\\/e-cominciata-la-raccolta-delle-olive-in-puglia-ottima-qualita-ma-poco-raccolto\\\/#breadcrumb\"},\"inLanguage\":\"it-IT\",\"potentialAction\":[{\"@type\":\"ReadAction\",\"target\":[\"https:\\\/\\\/archiviocassano.lavocedelpaese.info\\\/index.php\\\/2020\\\/10\\\/15\\\/e-cominciata-la-raccolta-delle-olive-in-puglia-ottima-qualita-ma-poco-raccolto\\\/\"]}]},{\"@type\":\"ImageObject\",\"inLanguage\":\"it-IT\",\"@id\":\"https:\\\/\\\/archiviocassano.lavocedelpaese.info\\\/index.php\\\/2020\\\/10\\\/15\\\/e-cominciata-la-raccolta-delle-olive-in-puglia-ottima-qualita-ma-poco-raccolto\\\/#primaryimage\",\"url\":\"https:\\\/\\\/live.staticflickr.com\\\/65535\\\/50485929963_8e3c02f306.jpg\",\"contentUrl\":\"https:\\\/\\\/live.staticflickr.com\\\/65535\\\/50485929963_8e3c02f306.jpg\"},{\"@type\":\"BreadcrumbList\",\"@id\":\"https:\\\/\\\/archiviocassano.lavocedelpaese.info\\\/index.php\\\/2020\\\/10\\\/15\\\/e-cominciata-la-raccolta-delle-olive-in-puglia-ottima-qualita-ma-poco-raccolto\\\/#breadcrumb\",\"itemListElement\":[{\"@type\":\"ListItem\",\"position\":1,\"name\":\"Home\",\"item\":\"https:\\\/\\\/archiviocassano.lavocedelpaese.info\\\/\"},{\"@type\":\"ListItem\",\"position\":2,\"name\":\"E&#8217; cominciata la raccolta delle olive: scarse ma di qualit\u00e0\"}]},{\"@type\":\"WebSite\",\"@id\":\"https:\\\/\\\/archiviocassano.lavocedelpaese.info\\\/#website\",\"url\":\"https:\\\/\\\/archiviocassano.lavocedelpaese.info\\\/\",\"name\":\"Archivio CassanoWeb\",\"description\":\"La Voce del Paese - un network di idee\",\"publisher\":{\"@id\":\"https:\\\/\\\/archiviocassano.lavocedelpaese.info\\\/#organization\"},\"potentialAction\":[{\"@type\":\"SearchAction\",\"target\":{\"@type\":\"EntryPoint\",\"urlTemplate\":\"https:\\\/\\\/archiviocassano.lavocedelpaese.info\\\/?s={search_term_string}\"},\"query-input\":{\"@type\":\"PropertyValueSpecification\",\"valueRequired\":true,\"valueName\":\"search_term_string\"}}],\"inLanguage\":\"it-IT\"},{\"@type\":\"Organization\",\"@id\":\"https:\\\/\\\/archiviocassano.lavocedelpaese.info\\\/#organization\",\"name\":\"Archivio CassanoWeb\",\"url\":\"https:\\\/\\\/archiviocassano.lavocedelpaese.info\\\/\",\"logo\":{\"@type\":\"ImageObject\",\"inLanguage\":\"it-IT\",\"@id\":\"https:\\\/\\\/archiviocassano.lavocedelpaese.info\\\/#\\\/schema\\\/logo\\\/image\\\/\",\"url\":\"https:\\\/\\\/archiviocassano.lavocedelpaese.info\\\/wp-content\\\/uploads\\\/2024\\\/08\\\/logo-rosso-2.png\",\"contentUrl\":\"https:\\\/\\\/archiviocassano.lavocedelpaese.info\\\/wp-content\\\/uploads\\\/2024\\\/08\\\/logo-rosso-2.png\",\"width\":491,\"height\":432,\"caption\":\"Archivio CassanoWeb\"},\"image\":{\"@id\":\"https:\\\/\\\/archiviocassano.lavocedelpaese.info\\\/#\\\/schema\\\/logo\\\/image\\\/\"},\"sameAs\":[\"https:\\\/\\\/www.facebook.com\\\/redazione.cassanoweb\"]},{\"@type\":\"Person\",\"@id\":\"https:\\\/\\\/archiviocassano.lavocedelpaese.info\\\/#\\\/schema\\\/person\\\/df195bc79a9b4c35127cf005f92e041b\",\"name\":\"admin\",\"image\":{\"@type\":\"ImageObject\",\"inLanguage\":\"it-IT\",\"@id\":\"https:\\\/\\\/secure.gravatar.com\\\/avatar\\\/eabba89a432e8eaa1b0207cc55f7e5340b22712b1ed80677efcf63e02ff5b235?s=96&d=mm&r=g\",\"url\":\"https:\\\/\\\/secure.gravatar.com\\\/avatar\\\/eabba89a432e8eaa1b0207cc55f7e5340b22712b1ed80677efcf63e02ff5b235?s=96&d=mm&r=g\",\"contentUrl\":\"https:\\\/\\\/secure.gravatar.com\\\/avatar\\\/eabba89a432e8eaa1b0207cc55f7e5340b22712b1ed80677efcf63e02ff5b235?s=96&d=mm&r=g\",\"caption\":\"admin\"},\"sameAs\":[\"https:\\\/\\\/archiviocassano.lavocedelpaese.info\"],\"url\":\"https:\\\/\\\/archiviocassano.lavocedelpaese.info\\\/index.php\\\/author\\\/admin_0qgz1xdp\\\/\"}]}<\/script>\n<!-- \/ Yoast SEO plugin. -->","yoast_head_json":{"title":"E' cominciata la raccolta delle olive: scarse ma di qualit\u00e0 - Archivio CassanoWeb","robots":{"index":"index","follow":"follow","max-snippet":"max-snippet:-1","max-image-preview":"max-image-preview:large","max-video-preview":"max-video-preview:-1"},"canonical":"https:\/\/archiviocassano.lavocedelpaese.info\/index.php\/2020\/10\/15\/e-cominciata-la-raccolta-delle-olive-in-puglia-ottima-qualita-ma-poco-raccolto\/","og_locale":"it_IT","og_type":"article","og_title":"E' cominciata la raccolta delle olive: scarse ma di qualit\u00e0 - Archivio CassanoWeb","og_url":"https:\/\/archiviocassano.lavocedelpaese.info\/index.php\/2020\/10\/15\/e-cominciata-la-raccolta-delle-olive-in-puglia-ottima-qualita-ma-poco-raccolto\/","og_site_name":"Archivio CassanoWeb","article_publisher":"https:\/\/www.facebook.com\/redazione.cassanoweb","article_published_time":"2020-10-15T05:35:57+00:00","og_image":[{"url":"https:\/\/live.staticflickr.com\/65535\/50485929963_8e3c02f306.jpg","type":"","width":"","height":""}],"author":"admin","twitter_card":"summary_large_image","twitter_misc":{"Scritto da":"admin","Tempo di lettura stimato":"4 minuti"},"schema":{"@context":"https:\/\/schema.org","@graph":[{"@type":"Article","@id":"https:\/\/archiviocassano.lavocedelpaese.info\/index.php\/2020\/10\/15\/e-cominciata-la-raccolta-delle-olive-in-puglia-ottima-qualita-ma-poco-raccolto\/#article","isPartOf":{"@id":"https:\/\/archiviocassano.lavocedelpaese.info\/index.php\/2020\/10\/15\/e-cominciata-la-raccolta-delle-olive-in-puglia-ottima-qualita-ma-poco-raccolto\/"},"author":{"name":"admin","@id":"https:\/\/archiviocassano.lavocedelpaese.info\/#\/schema\/person\/df195bc79a9b4c35127cf005f92e041b"},"headline":"E&#8217; cominciata la raccolta delle olive: scarse ma di qualit\u00e0","datePublished":"2020-10-15T05:35:57+00:00","mainEntityOfPage":{"@id":"https:\/\/archiviocassano.lavocedelpaese.info\/index.php\/2020\/10\/15\/e-cominciata-la-raccolta-delle-olive-in-puglia-ottima-qualita-ma-poco-raccolto\/"},"wordCount":906,"commentCount":0,"publisher":{"@id":"https:\/\/archiviocassano.lavocedelpaese.info\/#organization"},"image":{"@id":"https:\/\/archiviocassano.lavocedelpaese.info\/index.php\/2020\/10\/15\/e-cominciata-la-raccolta-delle-olive-in-puglia-ottima-qualita-ma-poco-raccolto\/#primaryimage"},"thumbnailUrl":"https:\/\/live.staticflickr.com\/65535\/50485929963_8e3c02f306.jpg","articleSection":["Economia"],"inLanguage":"it-IT","potentialAction":[{"@type":"CommentAction","name":"Comment","target":["https:\/\/archiviocassano.lavocedelpaese.info\/index.php\/2020\/10\/15\/e-cominciata-la-raccolta-delle-olive-in-puglia-ottima-qualita-ma-poco-raccolto\/#respond"]}]},{"@type":"WebPage","@id":"https:\/\/archiviocassano.lavocedelpaese.info\/index.php\/2020\/10\/15\/e-cominciata-la-raccolta-delle-olive-in-puglia-ottima-qualita-ma-poco-raccolto\/","url":"https:\/\/archiviocassano.lavocedelpaese.info\/index.php\/2020\/10\/15\/e-cominciata-la-raccolta-delle-olive-in-puglia-ottima-qualita-ma-poco-raccolto\/","name":"E' cominciata la raccolta delle olive: scarse ma di qualit\u00e0 - Archivio CassanoWeb","isPartOf":{"@id":"https:\/\/archiviocassano.lavocedelpaese.info\/#website"},"primaryImageOfPage":{"@id":"https:\/\/archiviocassano.lavocedelpaese.info\/index.php\/2020\/10\/15\/e-cominciata-la-raccolta-delle-olive-in-puglia-ottima-qualita-ma-poco-raccolto\/#primaryimage"},"image":{"@id":"https:\/\/archiviocassano.lavocedelpaese.info\/index.php\/2020\/10\/15\/e-cominciata-la-raccolta-delle-olive-in-puglia-ottima-qualita-ma-poco-raccolto\/#primaryimage"},"thumbnailUrl":"https:\/\/live.staticflickr.com\/65535\/50485929963_8e3c02f306.jpg","datePublished":"2020-10-15T05:35:57+00:00","breadcrumb":{"@id":"https:\/\/archiviocassano.lavocedelpaese.info\/index.php\/2020\/10\/15\/e-cominciata-la-raccolta-delle-olive-in-puglia-ottima-qualita-ma-poco-raccolto\/#breadcrumb"},"inLanguage":"it-IT","potentialAction":[{"@type":"ReadAction","target":["https:\/\/archiviocassano.lavocedelpaese.info\/index.php\/2020\/10\/15\/e-cominciata-la-raccolta-delle-olive-in-puglia-ottima-qualita-ma-poco-raccolto\/"]}]},{"@type":"ImageObject","inLanguage":"it-IT","@id":"https:\/\/archiviocassano.lavocedelpaese.info\/index.php\/2020\/10\/15\/e-cominciata-la-raccolta-delle-olive-in-puglia-ottima-qualita-ma-poco-raccolto\/#primaryimage","url":"https:\/\/live.staticflickr.com\/65535\/50485929963_8e3c02f306.jpg","contentUrl":"https:\/\/live.staticflickr.com\/65535\/50485929963_8e3c02f306.jpg"},{"@type":"BreadcrumbList","@id":"https:\/\/archiviocassano.lavocedelpaese.info\/index.php\/2020\/10\/15\/e-cominciata-la-raccolta-delle-olive-in-puglia-ottima-qualita-ma-poco-raccolto\/#breadcrumb","itemListElement":[{"@type":"ListItem","position":1,"name":"Home","item":"https:\/\/archiviocassano.lavocedelpaese.info\/"},{"@type":"ListItem","position":2,"name":"E&#8217; cominciata la raccolta delle olive: scarse ma di qualit\u00e0"}]},{"@type":"WebSite","@id":"https:\/\/archiviocassano.lavocedelpaese.info\/#website","url":"https:\/\/archiviocassano.lavocedelpaese.info\/","name":"Archivio CassanoWeb","description":"La Voce del Paese - un network di idee","publisher":{"@id":"https:\/\/archiviocassano.lavocedelpaese.info\/#organization"},"potentialAction":[{"@type":"SearchAction","target":{"@type":"EntryPoint","urlTemplate":"https:\/\/archiviocassano.lavocedelpaese.info\/?s={search_term_string}"},"query-input":{"@type":"PropertyValueSpecification","valueRequired":true,"valueName":"search_term_string"}}],"inLanguage":"it-IT"},{"@type":"Organization","@id":"https:\/\/archiviocassano.lavocedelpaese.info\/#organization","name":"Archivio CassanoWeb","url":"https:\/\/archiviocassano.lavocedelpaese.info\/","logo":{"@type":"ImageObject","inLanguage":"it-IT","@id":"https:\/\/archiviocassano.lavocedelpaese.info\/#\/schema\/logo\/image\/","url":"https:\/\/archiviocassano.lavocedelpaese.info\/wp-content\/uploads\/2024\/08\/logo-rosso-2.png","contentUrl":"https:\/\/archiviocassano.lavocedelpaese.info\/wp-content\/uploads\/2024\/08\/logo-rosso-2.png","width":491,"height":432,"caption":"Archivio CassanoWeb"},"image":{"@id":"https:\/\/archiviocassano.lavocedelpaese.info\/#\/schema\/logo\/image\/"},"sameAs":["https:\/\/www.facebook.com\/redazione.cassanoweb"]},{"@type":"Person","@id":"https:\/\/archiviocassano.lavocedelpaese.info\/#\/schema\/person\/df195bc79a9b4c35127cf005f92e041b","name":"admin","image":{"@type":"ImageObject","inLanguage":"it-IT","@id":"https:\/\/secure.gravatar.com\/avatar\/eabba89a432e8eaa1b0207cc55f7e5340b22712b1ed80677efcf63e02ff5b235?s=96&d=mm&r=g","url":"https:\/\/secure.gravatar.com\/avatar\/eabba89a432e8eaa1b0207cc55f7e5340b22712b1ed80677efcf63e02ff5b235?s=96&d=mm&r=g","contentUrl":"https:\/\/secure.gravatar.com\/avatar\/eabba89a432e8eaa1b0207cc55f7e5340b22712b1ed80677efcf63e02ff5b235?s=96&d=mm&r=g","caption":"admin"},"sameAs":["https:\/\/archiviocassano.lavocedelpaese.info"],"url":"https:\/\/archiviocassano.lavocedelpaese.info\/index.php\/author\/admin_0qgz1xdp\/"}]}},"_links":{"self":[{"href":"https:\/\/archiviocassano.lavocedelpaese.info\/index.php\/wp-json\/wp\/v2\/posts\/18774","targetHints":{"allow":["GET"]}}],"collection":[{"href":"https:\/\/archiviocassano.lavocedelpaese.info\/index.php\/wp-json\/wp\/v2\/posts"}],"about":[{"href":"https:\/\/archiviocassano.lavocedelpaese.info\/index.php\/wp-json\/wp\/v2\/types\/post"}],"author":[{"embeddable":true,"href":"https:\/\/archiviocassano.lavocedelpaese.info\/index.php\/wp-json\/wp\/v2\/users\/1"}],"replies":[{"embeddable":true,"href":"https:\/\/archiviocassano.lavocedelpaese.info\/index.php\/wp-json\/wp\/v2\/comments?post=18774"}],"version-history":[{"count":0,"href":"https:\/\/archiviocassano.lavocedelpaese.info\/index.php\/wp-json\/wp\/v2\/posts\/18774\/revisions"}],"wp:attachment":[{"href":"https:\/\/archiviocassano.lavocedelpaese.info\/index.php\/wp-json\/wp\/v2\/media?parent=18774"}],"wp:term":[{"taxonomy":"category","embeddable":true,"href":"https:\/\/archiviocassano.lavocedelpaese.info\/index.php\/wp-json\/wp\/v2\/categories?post=18774"},{"taxonomy":"post_tag","embeddable":true,"href":"https:\/\/archiviocassano.lavocedelpaese.info\/index.php\/wp-json\/wp\/v2\/tags?post=18774"}],"curies":[{"name":"wp","href":"https:\/\/api.w.org\/{rel}","templated":true}]}}