{"id":18796,"date":"2020-10-26T14:33:16","date_gmt":"2020-10-26T14:33:16","guid":{"rendered":"https:\/\/archiviocassano.lavocedelpaese.info\/index.php\/2020\/10\/26\/covid-19-da-domani-il-qdrive-inq-alla-zona-artigianale-di-cassano-per-effettuare-il-tampone\/"},"modified":"2020-10-26T14:33:16","modified_gmt":"2020-10-26T14:33:16","slug":"covid-19-da-domani-il-qdrive-inq-alla-zona-artigianale-di-cassano-per-effettuare-il-tampone","status":"publish","type":"post","link":"https:\/\/archiviocassano.lavocedelpaese.info\/index.php\/2020\/10\/26\/covid-19-da-domani-il-qdrive-inq-alla-zona-artigianale-di-cassano-per-effettuare-il-tampone\/","title":{"rendered":"Covid-19, &#8220;drive-in&#8221; alla Zona Artigianale per il tampone"},"content":{"rendered":"<p style=\"text-align: justify;\"><a data-flickr-embed=\"true\" href=\"https:\/\/www.flickr.com\/photos\/184752021@N05\/50532236803\/in\/dateposted-public\/\" title=\"timthumb\"><img loading=\"lazy\" decoding=\"async\" src=\"https:\/\/live.staticflickr.com\/65535\/50532236803_2d726e7493.jpg\" width=\"320\" height=\"150\" alt=\"timthumb\" \/><\/a><\/p>\n<p><!--more--><\/p>\n<p>Comincer\u00e0 domani, <strong>marted\u00ec 27 ottobre, alle ore 8.30<\/strong> a Cassano delle Murge l&#8217;attivit\u00e0 del &#8220;drive-in&#8221; temporaneo a cura del Dipartimento Prevenzione della Asl Bari per l&#8217;effettuazione dei tamponi miranti a scoprire il Covid-19 nei pazienti segnalati alla Asl dai Medici di famiglia.<\/p>\n<p>Iniziativa voluta con forza dalla Sindaca Maria Pia Di Medio che dopo numerose richieste alla Asl \u00e8 riuscita finalmente a spuntarla e ad avere a Cassano un luogo dove poter effettuare i tamponi senza spostarsi in altre cittadine limitrofe.<\/p>\n<p>Il sito prescelto \u00e8 un capannone industriale, gi\u00e0 sede di una palestra, <strong>messo gratuitamente a disposizione del Comune di Cassano dalle sorelle Antonella e Maria Pia D&#8217;Ambrosio<\/strong>:<\/p>\n<p>&#8211; ingresso da via Tot\u00f2<\/p>\n<p>&#8211; uscita da via F.lli De Filippo.<\/p>\n<p>Le persone che dovranno effettuare il tampone si recheranno in auto e senza scendere dal mezzo, attraverso il finestrino abbassato, potranno sottoporsi al prelievo da parte del personale tecnico della Asl.<\/p>\n<p>Ovviamente occorrer\u00e0 essere muniti di Tessera sanitaria e &#8211; come gi\u00e0 detto &#8211; bisogner\u00e0 essere stati segnalati dal proprio Medico di Famiglia in caso di sospetto contagio o in presenza di sintomi quali febbre oltre i 37,5\u00b0C, perdita di gusto e olfatto, tosse persistente, ecc.<\/p>\n<p>La Asl poi provveder\u00e0, in tempi brevi, a fornire il risultato del tampone dunque la negativit\u00e0 o positivit\u00e0 al Covid-19.<\/p>\n<p>&nbsp;<\/p>\n","protected":false},"excerpt":{"rendered":"","protected":false},"author":1,"featured_media":0,"comment_status":"open","ping_status":"closed","sticky":false,"template":"","format":"standard","meta":{"colormag_page_container_layout":"default_layout","colormag_page_sidebar_layout":"default_layout","footnotes":""},"categories":[7],"tags":[],"class_list":["post-18796","post","type-post","status-publish","format-standard","hentry","category-attualita"],"yoast_head":"<!-- This site is optimized with the Yoast SEO plugin v27.5 - https:\/\/yoast.com\/product\/yoast-seo-wordpress\/ -->\n<title>Covid-19, &quot;drive-in&quot; alla Zona Artigianale per il tampone - Archivio CassanoWeb<\/title>\n<meta name=\"robots\" content=\"index, follow, max-snippet:-1, max-image-preview:large, max-video-preview:-1\" \/>\n<link rel=\"canonical\" href=\"https:\/\/archiviocassano.lavocedelpaese.info\/index.php\/2020\/10\/26\/covid-19-da-domani-il-qdrive-inq-alla-zona-artigianale-di-cassano-per-effettuare-il-tampone\/\" \/>\n<meta property=\"og:locale\" content=\"it_IT\" \/>\n<meta property=\"og:type\" content=\"article\" \/>\n<meta property=\"og:title\" content=\"Covid-19, &quot;drive-in&quot; alla Zona Artigianale per il tampone - Archivio CassanoWeb\" \/>\n<meta property=\"og:url\" content=\"https:\/\/archiviocassano.lavocedelpaese.info\/index.php\/2020\/10\/26\/covid-19-da-domani-il-qdrive-inq-alla-zona-artigianale-di-cassano-per-effettuare-il-tampone\/\" \/>\n<meta property=\"og:site_name\" content=\"Archivio CassanoWeb\" \/>\n<meta property=\"article:publisher\" content=\"https:\/\/www.facebook.com\/redazione.cassanoweb\" \/>\n<meta property=\"article:published_time\" content=\"2020-10-26T14:33:16+00:00\" \/>\n<meta property=\"og:image\" content=\"https:\/\/live.staticflickr.com\/65535\/50532236803_2d726e7493.jpg\" \/>\n<meta name=\"author\" content=\"admin\" \/>\n<meta name=\"twitter:card\" content=\"summary_large_image\" \/>\n<meta name=\"twitter:label1\" content=\"Scritto da\" \/>\n\t<meta name=\"twitter:data1\" content=\"admin\" \/>\n\t<meta name=\"twitter:label2\" content=\"Tempo di lettura stimato\" \/>\n\t<meta name=\"twitter:data2\" content=\"1 minuto\" \/>\n<script type=\"application\/ld+json\" class=\"yoast-schema-graph\">{\"@context\":\"https:\\\/\\\/schema.org\",\"@graph\":[{\"@type\":\"Article\",\"@id\":\"https:\\\/\\\/archiviocassano.lavocedelpaese.info\\\/index.php\\\/2020\\\/10\\\/26\\\/covid-19-da-domani-il-qdrive-inq-alla-zona-artigianale-di-cassano-per-effettuare-il-tampone\\\/#article\",\"isPartOf\":{\"@id\":\"https:\\\/\\\/archiviocassano.lavocedelpaese.info\\\/index.php\\\/2020\\\/10\\\/26\\\/covid-19-da-domani-il-qdrive-inq-alla-zona-artigianale-di-cassano-per-effettuare-il-tampone\\\/\"},\"author\":{\"name\":\"admin\",\"@id\":\"https:\\\/\\\/archiviocassano.lavocedelpaese.info\\\/#\\\/schema\\\/person\\\/df195bc79a9b4c35127cf005f92e041b\"},\"headline\":\"Covid-19, &#8220;drive-in&#8221; alla Zona Artigianale per il tampone\",\"datePublished\":\"2020-10-26T14:33:16+00:00\",\"mainEntityOfPage\":{\"@id\":\"https:\\\/\\\/archiviocassano.lavocedelpaese.info\\\/index.php\\\/2020\\\/10\\\/26\\\/covid-19-da-domani-il-qdrive-inq-alla-zona-artigianale-di-cassano-per-effettuare-il-tampone\\\/\"},\"wordCount\":225,\"commentCount\":0,\"publisher\":{\"@id\":\"https:\\\/\\\/archiviocassano.lavocedelpaese.info\\\/#organization\"},\"image\":{\"@id\":\"https:\\\/\\\/archiviocassano.lavocedelpaese.info\\\/index.php\\\/2020\\\/10\\\/26\\\/covid-19-da-domani-il-qdrive-inq-alla-zona-artigianale-di-cassano-per-effettuare-il-tampone\\\/#primaryimage\"},\"thumbnailUrl\":\"https:\\\/\\\/live.staticflickr.com\\\/65535\\\/50532236803_2d726e7493.jpg\",\"articleSection\":[\"Attualit\u00e0\"],\"inLanguage\":\"it-IT\",\"potentialAction\":[{\"@type\":\"CommentAction\",\"name\":\"Comment\",\"target\":[\"https:\\\/\\\/archiviocassano.lavocedelpaese.info\\\/index.php\\\/2020\\\/10\\\/26\\\/covid-19-da-domani-il-qdrive-inq-alla-zona-artigianale-di-cassano-per-effettuare-il-tampone\\\/#respond\"]}]},{\"@type\":\"WebPage\",\"@id\":\"https:\\\/\\\/archiviocassano.lavocedelpaese.info\\\/index.php\\\/2020\\\/10\\\/26\\\/covid-19-da-domani-il-qdrive-inq-alla-zona-artigianale-di-cassano-per-effettuare-il-tampone\\\/\",\"url\":\"https:\\\/\\\/archiviocassano.lavocedelpaese.info\\\/index.php\\\/2020\\\/10\\\/26\\\/covid-19-da-domani-il-qdrive-inq-alla-zona-artigianale-di-cassano-per-effettuare-il-tampone\\\/\",\"name\":\"Covid-19, \\\"drive-in\\\" alla Zona Artigianale per il tampone - Archivio CassanoWeb\",\"isPartOf\":{\"@id\":\"https:\\\/\\\/archiviocassano.lavocedelpaese.info\\\/#website\"},\"primaryImageOfPage\":{\"@id\":\"https:\\\/\\\/archiviocassano.lavocedelpaese.info\\\/index.php\\\/2020\\\/10\\\/26\\\/covid-19-da-domani-il-qdrive-inq-alla-zona-artigianale-di-cassano-per-effettuare-il-tampone\\\/#primaryimage\"},\"image\":{\"@id\":\"https:\\\/\\\/archiviocassano.lavocedelpaese.info\\\/index.php\\\/2020\\\/10\\\/26\\\/covid-19-da-domani-il-qdrive-inq-alla-zona-artigianale-di-cassano-per-effettuare-il-tampone\\\/#primaryimage\"},\"thumbnailUrl\":\"https:\\\/\\\/live.staticflickr.com\\\/65535\\\/50532236803_2d726e7493.jpg\",\"datePublished\":\"2020-10-26T14:33:16+00:00\",\"breadcrumb\":{\"@id\":\"https:\\\/\\\/archiviocassano.lavocedelpaese.info\\\/index.php\\\/2020\\\/10\\\/26\\\/covid-19-da-domani-il-qdrive-inq-alla-zona-artigianale-di-cassano-per-effettuare-il-tampone\\\/#breadcrumb\"},\"inLanguage\":\"it-IT\",\"potentialAction\":[{\"@type\":\"ReadAction\",\"target\":[\"https:\\\/\\\/archiviocassano.lavocedelpaese.info\\\/index.php\\\/2020\\\/10\\\/26\\\/covid-19-da-domani-il-qdrive-inq-alla-zona-artigianale-di-cassano-per-effettuare-il-tampone\\\/\"]}]},{\"@type\":\"ImageObject\",\"inLanguage\":\"it-IT\",\"@id\":\"https:\\\/\\\/archiviocassano.lavocedelpaese.info\\\/index.php\\\/2020\\\/10\\\/26\\\/covid-19-da-domani-il-qdrive-inq-alla-zona-artigianale-di-cassano-per-effettuare-il-tampone\\\/#primaryimage\",\"url\":\"https:\\\/\\\/live.staticflickr.com\\\/65535\\\/50532236803_2d726e7493.jpg\",\"contentUrl\":\"https:\\\/\\\/live.staticflickr.com\\\/65535\\\/50532236803_2d726e7493.jpg\"},{\"@type\":\"BreadcrumbList\",\"@id\":\"https:\\\/\\\/archiviocassano.lavocedelpaese.info\\\/index.php\\\/2020\\\/10\\\/26\\\/covid-19-da-domani-il-qdrive-inq-alla-zona-artigianale-di-cassano-per-effettuare-il-tampone\\\/#breadcrumb\",\"itemListElement\":[{\"@type\":\"ListItem\",\"position\":1,\"name\":\"Home\",\"item\":\"https:\\\/\\\/archiviocassano.lavocedelpaese.info\\\/\"},{\"@type\":\"ListItem\",\"position\":2,\"name\":\"Covid-19, &#8220;drive-in&#8221; alla Zona Artigianale per il tampone\"}]},{\"@type\":\"WebSite\",\"@id\":\"https:\\\/\\\/archiviocassano.lavocedelpaese.info\\\/#website\",\"url\":\"https:\\\/\\\/archiviocassano.lavocedelpaese.info\\\/\",\"name\":\"Archivio CassanoWeb\",\"description\":\"La Voce del Paese - un network di idee\",\"publisher\":{\"@id\":\"https:\\\/\\\/archiviocassano.lavocedelpaese.info\\\/#organization\"},\"potentialAction\":[{\"@type\":\"SearchAction\",\"target\":{\"@type\":\"EntryPoint\",\"urlTemplate\":\"https:\\\/\\\/archiviocassano.lavocedelpaese.info\\\/?s={search_term_string}\"},\"query-input\":{\"@type\":\"PropertyValueSpecification\",\"valueRequired\":true,\"valueName\":\"search_term_string\"}}],\"inLanguage\":\"it-IT\"},{\"@type\":\"Organization\",\"@id\":\"https:\\\/\\\/archiviocassano.lavocedelpaese.info\\\/#organization\",\"name\":\"Archivio CassanoWeb\",\"url\":\"https:\\\/\\\/archiviocassano.lavocedelpaese.info\\\/\",\"logo\":{\"@type\":\"ImageObject\",\"inLanguage\":\"it-IT\",\"@id\":\"https:\\\/\\\/archiviocassano.lavocedelpaese.info\\\/#\\\/schema\\\/logo\\\/image\\\/\",\"url\":\"https:\\\/\\\/archiviocassano.lavocedelpaese.info\\\/wp-content\\\/uploads\\\/2024\\\/08\\\/logo-rosso-2.png\",\"contentUrl\":\"https:\\\/\\\/archiviocassano.lavocedelpaese.info\\\/wp-content\\\/uploads\\\/2024\\\/08\\\/logo-rosso-2.png\",\"width\":491,\"height\":432,\"caption\":\"Archivio CassanoWeb\"},\"image\":{\"@id\":\"https:\\\/\\\/archiviocassano.lavocedelpaese.info\\\/#\\\/schema\\\/logo\\\/image\\\/\"},\"sameAs\":[\"https:\\\/\\\/www.facebook.com\\\/redazione.cassanoweb\"]},{\"@type\":\"Person\",\"@id\":\"https:\\\/\\\/archiviocassano.lavocedelpaese.info\\\/#\\\/schema\\\/person\\\/df195bc79a9b4c35127cf005f92e041b\",\"name\":\"admin\",\"image\":{\"@type\":\"ImageObject\",\"inLanguage\":\"it-IT\",\"@id\":\"https:\\\/\\\/secure.gravatar.com\\\/avatar\\\/eabba89a432e8eaa1b0207cc55f7e5340b22712b1ed80677efcf63e02ff5b235?s=96&d=mm&r=g\",\"url\":\"https:\\\/\\\/secure.gravatar.com\\\/avatar\\\/eabba89a432e8eaa1b0207cc55f7e5340b22712b1ed80677efcf63e02ff5b235?s=96&d=mm&r=g\",\"contentUrl\":\"https:\\\/\\\/secure.gravatar.com\\\/avatar\\\/eabba89a432e8eaa1b0207cc55f7e5340b22712b1ed80677efcf63e02ff5b235?s=96&d=mm&r=g\",\"caption\":\"admin\"},\"sameAs\":[\"https:\\\/\\\/archiviocassano.lavocedelpaese.info\"],\"url\":\"https:\\\/\\\/archiviocassano.lavocedelpaese.info\\\/index.php\\\/author\\\/admin_0qgz1xdp\\\/\"}]}<\/script>\n<!-- \/ Yoast SEO plugin. -->","yoast_head_json":{"title":"Covid-19, \"drive-in\" alla Zona Artigianale per il tampone - Archivio CassanoWeb","robots":{"index":"index","follow":"follow","max-snippet":"max-snippet:-1","max-image-preview":"max-image-preview:large","max-video-preview":"max-video-preview:-1"},"canonical":"https:\/\/archiviocassano.lavocedelpaese.info\/index.php\/2020\/10\/26\/covid-19-da-domani-il-qdrive-inq-alla-zona-artigianale-di-cassano-per-effettuare-il-tampone\/","og_locale":"it_IT","og_type":"article","og_title":"Covid-19, \"drive-in\" alla Zona Artigianale per il tampone - Archivio CassanoWeb","og_url":"https:\/\/archiviocassano.lavocedelpaese.info\/index.php\/2020\/10\/26\/covid-19-da-domani-il-qdrive-inq-alla-zona-artigianale-di-cassano-per-effettuare-il-tampone\/","og_site_name":"Archivio CassanoWeb","article_publisher":"https:\/\/www.facebook.com\/redazione.cassanoweb","article_published_time":"2020-10-26T14:33:16+00:00","og_image":[{"url":"https:\/\/live.staticflickr.com\/65535\/50532236803_2d726e7493.jpg","type":"","width":"","height":""}],"author":"admin","twitter_card":"summary_large_image","twitter_misc":{"Scritto da":"admin","Tempo di lettura stimato":"1 minuto"},"schema":{"@context":"https:\/\/schema.org","@graph":[{"@type":"Article","@id":"https:\/\/archiviocassano.lavocedelpaese.info\/index.php\/2020\/10\/26\/covid-19-da-domani-il-qdrive-inq-alla-zona-artigianale-di-cassano-per-effettuare-il-tampone\/#article","isPartOf":{"@id":"https:\/\/archiviocassano.lavocedelpaese.info\/index.php\/2020\/10\/26\/covid-19-da-domani-il-qdrive-inq-alla-zona-artigianale-di-cassano-per-effettuare-il-tampone\/"},"author":{"name":"admin","@id":"https:\/\/archiviocassano.lavocedelpaese.info\/#\/schema\/person\/df195bc79a9b4c35127cf005f92e041b"},"headline":"Covid-19, &#8220;drive-in&#8221; alla Zona Artigianale per il tampone","datePublished":"2020-10-26T14:33:16+00:00","mainEntityOfPage":{"@id":"https:\/\/archiviocassano.lavocedelpaese.info\/index.php\/2020\/10\/26\/covid-19-da-domani-il-qdrive-inq-alla-zona-artigianale-di-cassano-per-effettuare-il-tampone\/"},"wordCount":225,"commentCount":0,"publisher":{"@id":"https:\/\/archiviocassano.lavocedelpaese.info\/#organization"},"image":{"@id":"https:\/\/archiviocassano.lavocedelpaese.info\/index.php\/2020\/10\/26\/covid-19-da-domani-il-qdrive-inq-alla-zona-artigianale-di-cassano-per-effettuare-il-tampone\/#primaryimage"},"thumbnailUrl":"https:\/\/live.staticflickr.com\/65535\/50532236803_2d726e7493.jpg","articleSection":["Attualit\u00e0"],"inLanguage":"it-IT","potentialAction":[{"@type":"CommentAction","name":"Comment","target":["https:\/\/archiviocassano.lavocedelpaese.info\/index.php\/2020\/10\/26\/covid-19-da-domani-il-qdrive-inq-alla-zona-artigianale-di-cassano-per-effettuare-il-tampone\/#respond"]}]},{"@type":"WebPage","@id":"https:\/\/archiviocassano.lavocedelpaese.info\/index.php\/2020\/10\/26\/covid-19-da-domani-il-qdrive-inq-alla-zona-artigianale-di-cassano-per-effettuare-il-tampone\/","url":"https:\/\/archiviocassano.lavocedelpaese.info\/index.php\/2020\/10\/26\/covid-19-da-domani-il-qdrive-inq-alla-zona-artigianale-di-cassano-per-effettuare-il-tampone\/","name":"Covid-19, \"drive-in\" alla Zona Artigianale per il tampone - Archivio CassanoWeb","isPartOf":{"@id":"https:\/\/archiviocassano.lavocedelpaese.info\/#website"},"primaryImageOfPage":{"@id":"https:\/\/archiviocassano.lavocedelpaese.info\/index.php\/2020\/10\/26\/covid-19-da-domani-il-qdrive-inq-alla-zona-artigianale-di-cassano-per-effettuare-il-tampone\/#primaryimage"},"image":{"@id":"https:\/\/archiviocassano.lavocedelpaese.info\/index.php\/2020\/10\/26\/covid-19-da-domani-il-qdrive-inq-alla-zona-artigianale-di-cassano-per-effettuare-il-tampone\/#primaryimage"},"thumbnailUrl":"https:\/\/live.staticflickr.com\/65535\/50532236803_2d726e7493.jpg","datePublished":"2020-10-26T14:33:16+00:00","breadcrumb":{"@id":"https:\/\/archiviocassano.lavocedelpaese.info\/index.php\/2020\/10\/26\/covid-19-da-domani-il-qdrive-inq-alla-zona-artigianale-di-cassano-per-effettuare-il-tampone\/#breadcrumb"},"inLanguage":"it-IT","potentialAction":[{"@type":"ReadAction","target":["https:\/\/archiviocassano.lavocedelpaese.info\/index.php\/2020\/10\/26\/covid-19-da-domani-il-qdrive-inq-alla-zona-artigianale-di-cassano-per-effettuare-il-tampone\/"]}]},{"@type":"ImageObject","inLanguage":"it-IT","@id":"https:\/\/archiviocassano.lavocedelpaese.info\/index.php\/2020\/10\/26\/covid-19-da-domani-il-qdrive-inq-alla-zona-artigianale-di-cassano-per-effettuare-il-tampone\/#primaryimage","url":"https:\/\/live.staticflickr.com\/65535\/50532236803_2d726e7493.jpg","contentUrl":"https:\/\/live.staticflickr.com\/65535\/50532236803_2d726e7493.jpg"},{"@type":"BreadcrumbList","@id":"https:\/\/archiviocassano.lavocedelpaese.info\/index.php\/2020\/10\/26\/covid-19-da-domani-il-qdrive-inq-alla-zona-artigianale-di-cassano-per-effettuare-il-tampone\/#breadcrumb","itemListElement":[{"@type":"ListItem","position":1,"name":"Home","item":"https:\/\/archiviocassano.lavocedelpaese.info\/"},{"@type":"ListItem","position":2,"name":"Covid-19, &#8220;drive-in&#8221; alla Zona Artigianale per il tampone"}]},{"@type":"WebSite","@id":"https:\/\/archiviocassano.lavocedelpaese.info\/#website","url":"https:\/\/archiviocassano.lavocedelpaese.info\/","name":"Archivio CassanoWeb","description":"La Voce del Paese - un network di idee","publisher":{"@id":"https:\/\/archiviocassano.lavocedelpaese.info\/#organization"},"potentialAction":[{"@type":"SearchAction","target":{"@type":"EntryPoint","urlTemplate":"https:\/\/archiviocassano.lavocedelpaese.info\/?s={search_term_string}"},"query-input":{"@type":"PropertyValueSpecification","valueRequired":true,"valueName":"search_term_string"}}],"inLanguage":"it-IT"},{"@type":"Organization","@id":"https:\/\/archiviocassano.lavocedelpaese.info\/#organization","name":"Archivio CassanoWeb","url":"https:\/\/archiviocassano.lavocedelpaese.info\/","logo":{"@type":"ImageObject","inLanguage":"it-IT","@id":"https:\/\/archiviocassano.lavocedelpaese.info\/#\/schema\/logo\/image\/","url":"https:\/\/archiviocassano.lavocedelpaese.info\/wp-content\/uploads\/2024\/08\/logo-rosso-2.png","contentUrl":"https:\/\/archiviocassano.lavocedelpaese.info\/wp-content\/uploads\/2024\/08\/logo-rosso-2.png","width":491,"height":432,"caption":"Archivio CassanoWeb"},"image":{"@id":"https:\/\/archiviocassano.lavocedelpaese.info\/#\/schema\/logo\/image\/"},"sameAs":["https:\/\/www.facebook.com\/redazione.cassanoweb"]},{"@type":"Person","@id":"https:\/\/archiviocassano.lavocedelpaese.info\/#\/schema\/person\/df195bc79a9b4c35127cf005f92e041b","name":"admin","image":{"@type":"ImageObject","inLanguage":"it-IT","@id":"https:\/\/secure.gravatar.com\/avatar\/eabba89a432e8eaa1b0207cc55f7e5340b22712b1ed80677efcf63e02ff5b235?s=96&d=mm&r=g","url":"https:\/\/secure.gravatar.com\/avatar\/eabba89a432e8eaa1b0207cc55f7e5340b22712b1ed80677efcf63e02ff5b235?s=96&d=mm&r=g","contentUrl":"https:\/\/secure.gravatar.com\/avatar\/eabba89a432e8eaa1b0207cc55f7e5340b22712b1ed80677efcf63e02ff5b235?s=96&d=mm&r=g","caption":"admin"},"sameAs":["https:\/\/archiviocassano.lavocedelpaese.info"],"url":"https:\/\/archiviocassano.lavocedelpaese.info\/index.php\/author\/admin_0qgz1xdp\/"}]}},"_links":{"self":[{"href":"https:\/\/archiviocassano.lavocedelpaese.info\/index.php\/wp-json\/wp\/v2\/posts\/18796","targetHints":{"allow":["GET"]}}],"collection":[{"href":"https:\/\/archiviocassano.lavocedelpaese.info\/index.php\/wp-json\/wp\/v2\/posts"}],"about":[{"href":"https:\/\/archiviocassano.lavocedelpaese.info\/index.php\/wp-json\/wp\/v2\/types\/post"}],"author":[{"embeddable":true,"href":"https:\/\/archiviocassano.lavocedelpaese.info\/index.php\/wp-json\/wp\/v2\/users\/1"}],"replies":[{"embeddable":true,"href":"https:\/\/archiviocassano.lavocedelpaese.info\/index.php\/wp-json\/wp\/v2\/comments?post=18796"}],"version-history":[{"count":0,"href":"https:\/\/archiviocassano.lavocedelpaese.info\/index.php\/wp-json\/wp\/v2\/posts\/18796\/revisions"}],"wp:attachment":[{"href":"https:\/\/archiviocassano.lavocedelpaese.info\/index.php\/wp-json\/wp\/v2\/media?parent=18796"}],"wp:term":[{"taxonomy":"category","embeddable":true,"href":"https:\/\/archiviocassano.lavocedelpaese.info\/index.php\/wp-json\/wp\/v2\/categories?post=18796"},{"taxonomy":"post_tag","embeddable":true,"href":"https:\/\/archiviocassano.lavocedelpaese.info\/index.php\/wp-json\/wp\/v2\/tags?post=18796"}],"curies":[{"name":"wp","href":"https:\/\/api.w.org\/{rel}","templated":true}]}}