{"id":18811,"date":"2020-11-03T06:23:12","date_gmt":"2020-11-03T06:23:12","guid":{"rendered":"https:\/\/archiviocassano.lavocedelpaese.info\/index.php\/2020\/11\/03\/il-prof-berrino-ospite-a-cassano-del-qcammino-materanoq\/"},"modified":"2020-11-03T06:23:12","modified_gmt":"2020-11-03T06:23:12","slug":"il-prof-berrino-ospite-a-cassano-del-qcammino-materanoq","status":"publish","type":"post","link":"https:\/\/archiviocassano.lavocedelpaese.info\/index.php\/2020\/11\/03\/il-prof-berrino-ospite-a-cassano-del-qcammino-materanoq\/","title":{"rendered":"Il prof. Berrino ospite a Cassano del &#8220;Cammino Materano&#8221;"},"content":{"rendered":"<p><a data-flickr-embed=\"true\" href=\"https:\/\/www.flickr.com\/photos\/184752021@N05\/50562141196\/in\/dateposted-public\/\" title=\"WhatsApp Image 2020-11-02 at 15.06.06 (1)\"><img loading=\"lazy\" decoding=\"async\" src=\"https:\/\/live.staticflickr.com\/65535\/50562141196_649e66b43f_n.jpg\" width=\"320\" height=\"177\" alt=\"WhatsApp Image 2020-11-02 at 15.06.06 (1)\" \/><\/a><\/p>\n<p><!--more--><\/p>\n<p>Ospite d\u2019eccezione, ieri a Cassano delle Murge, lungo il \u201cCammino Materano\u201d: fra i diversi gruppi di camminanti c\u2019era anche <a href=\"https:\/\/it.wikipedia.org\/wiki\/Franco_Berrino\" target=\"_blank\" rel=\"noopener\">il noto prof. <strong>Franco Berrino<\/strong>, <\/a>tra i pi\u00f9 celebri epidemiologi dei tumori, autore di molte pubblicazioni di livello internazionale e presidente dell&#8217;associazione&nbsp;<i>La Grande Via<\/i>&nbsp;per la promozione della longevit\u00e0 in salute attraverso il cibo, l&#8217;esercizio fisico e la vita spirituale, ospitato quale esperto in diverse trasmissioni in Tv.<\/p>\n<p style=\"text-align: justify;\">Il prof. Berrino, assieme ad un gruppo di amici, ha voluto percorrere a piedi tutto l\u2019itinerario che da Bari, attraverso le Murge, arriva fino a Matera ed in serata \u00e8 stato ospite del referente di tappa per il nostro paese Paolo Racano.<\/p>\n<p style=\"text-align: justify;\">\u201c<i>In questi giorni sono passati da Cassano dodici viandanti divisi in 3 gruppi<\/i> \u2013 racconta <strong>Paolo Racano<\/strong> &#8211; <i>Un viandante in particolare ha attirato la mia attenzione. Anziano,&nbsp; piccolo, ossuto, fisico da chi ha gi\u00e0 divorato molti \u201cpassi\u201d. Due occhi spiritati, pozzi inequivocabili di curiosit\u00e0 e sapere. Continuando ad arrovellarmi sul perch\u00e8 quel viso mi sembrasse conosciuto, come faccio sempre, ho parlato, ho raccontato di Cassano, della sua storia, del suo territorio, delle sue tradizioni, della sua gente e dei suoi perch\u00e8, anche gli ultimi ingiustificabili.&nbsp; Gli ho parlato perfino di santo Euligio, dei ramai degli \u201camici\u201d briganti e di tanto altro colore e calore.&nbsp;<\/i><i>Ho visto a tratti quegli occhi gi\u00e0 vispi illuminarsi di scintille di divertimento, di cordialit\u00e0 e dalla curiosit\u00e0 che dava origine a nuove domande\u201d.<\/i><\/p>\n<p style=\"text-align: justify;\"><i>\u201cAlla ripartenza \u2013 <\/i>spiega ancora il referente di tappa &#8211; <i>ho salutato con particolare emozione quel piccolo grande omino dagli occhi \u201cpreziosi\u201d <\/i>nei quali Paolo Racano ha riconosciuto quelli dell\u2019eminente medico parmense, noto in tutto il mondo per i suoi studi sul rapporto fra benessere psico-fisico e insorgenza dei tumori ovvero una vita piena di attivit\u00e0 fisica, cibo sano, aria salubre \u00e8 una formidabile barriera contro il cancro e un piccolo contributo in questo senso anche il \u201cCammino Materano\u201d pu\u00f2 darlo.<\/p>\n<p>&nbsp;<\/p>\n<p>&nbsp;<\/p>\n","protected":false},"excerpt":{"rendered":"","protected":false},"author":1,"featured_media":0,"comment_status":"open","ping_status":"closed","sticky":false,"template":"","format":"standard","meta":{"colormag_page_container_layout":"default_layout","colormag_page_sidebar_layout":"default_layout","footnotes":""},"categories":[7],"tags":[],"class_list":["post-18811","post","type-post","status-publish","format-standard","hentry","category-attualita"],"yoast_head":"<!-- This site is optimized with the Yoast SEO plugin v27.5 - https:\/\/yoast.com\/product\/yoast-seo-wordpress\/ -->\n<title>Il prof. Berrino ospite a Cassano del &quot;Cammino Materano&quot; - Archivio CassanoWeb<\/title>\n<meta name=\"robots\" content=\"index, follow, max-snippet:-1, max-image-preview:large, max-video-preview:-1\" \/>\n<link rel=\"canonical\" href=\"https:\/\/archiviocassano.lavocedelpaese.info\/index.php\/2020\/11\/03\/il-prof-berrino-ospite-a-cassano-del-qcammino-materanoq\/\" \/>\n<meta property=\"og:locale\" content=\"it_IT\" \/>\n<meta property=\"og:type\" content=\"article\" \/>\n<meta property=\"og:title\" content=\"Il prof. Berrino ospite a Cassano del &quot;Cammino Materano&quot; - Archivio CassanoWeb\" \/>\n<meta property=\"og:url\" content=\"https:\/\/archiviocassano.lavocedelpaese.info\/index.php\/2020\/11\/03\/il-prof-berrino-ospite-a-cassano-del-qcammino-materanoq\/\" \/>\n<meta property=\"og:site_name\" content=\"Archivio CassanoWeb\" \/>\n<meta property=\"article:publisher\" content=\"https:\/\/www.facebook.com\/redazione.cassanoweb\" \/>\n<meta property=\"article:published_time\" content=\"2020-11-03T06:23:12+00:00\" \/>\n<meta property=\"og:image\" content=\"https:\/\/live.staticflickr.com\/65535\/50562141196_649e66b43f_n.jpg\" \/>\n<meta name=\"author\" content=\"admin\" \/>\n<meta name=\"twitter:card\" content=\"summary_large_image\" \/>\n<meta name=\"twitter:label1\" content=\"Scritto da\" \/>\n\t<meta name=\"twitter:data1\" content=\"admin\" \/>\n\t<meta name=\"twitter:label2\" content=\"Tempo di lettura stimato\" \/>\n\t<meta name=\"twitter:data2\" content=\"2 minuti\" \/>\n<script type=\"application\/ld+json\" class=\"yoast-schema-graph\">{\"@context\":\"https:\\\/\\\/schema.org\",\"@graph\":[{\"@type\":\"Article\",\"@id\":\"https:\\\/\\\/archiviocassano.lavocedelpaese.info\\\/index.php\\\/2020\\\/11\\\/03\\\/il-prof-berrino-ospite-a-cassano-del-qcammino-materanoq\\\/#article\",\"isPartOf\":{\"@id\":\"https:\\\/\\\/archiviocassano.lavocedelpaese.info\\\/index.php\\\/2020\\\/11\\\/03\\\/il-prof-berrino-ospite-a-cassano-del-qcammino-materanoq\\\/\"},\"author\":{\"name\":\"admin\",\"@id\":\"https:\\\/\\\/archiviocassano.lavocedelpaese.info\\\/#\\\/schema\\\/person\\\/df195bc79a9b4c35127cf005f92e041b\"},\"headline\":\"Il prof. Berrino ospite a Cassano del &#8220;Cammino Materano&#8221;\",\"datePublished\":\"2020-11-03T06:23:12+00:00\",\"mainEntityOfPage\":{\"@id\":\"https:\\\/\\\/archiviocassano.lavocedelpaese.info\\\/index.php\\\/2020\\\/11\\\/03\\\/il-prof-berrino-ospite-a-cassano-del-qcammino-materanoq\\\/\"},\"wordCount\":337,\"commentCount\":0,\"publisher\":{\"@id\":\"https:\\\/\\\/archiviocassano.lavocedelpaese.info\\\/#organization\"},\"image\":{\"@id\":\"https:\\\/\\\/archiviocassano.lavocedelpaese.info\\\/index.php\\\/2020\\\/11\\\/03\\\/il-prof-berrino-ospite-a-cassano-del-qcammino-materanoq\\\/#primaryimage\"},\"thumbnailUrl\":\"https:\\\/\\\/live.staticflickr.com\\\/65535\\\/50562141196_649e66b43f_n.jpg\",\"articleSection\":[\"Attualit\u00e0\"],\"inLanguage\":\"it-IT\",\"potentialAction\":[{\"@type\":\"CommentAction\",\"name\":\"Comment\",\"target\":[\"https:\\\/\\\/archiviocassano.lavocedelpaese.info\\\/index.php\\\/2020\\\/11\\\/03\\\/il-prof-berrino-ospite-a-cassano-del-qcammino-materanoq\\\/#respond\"]}]},{\"@type\":\"WebPage\",\"@id\":\"https:\\\/\\\/archiviocassano.lavocedelpaese.info\\\/index.php\\\/2020\\\/11\\\/03\\\/il-prof-berrino-ospite-a-cassano-del-qcammino-materanoq\\\/\",\"url\":\"https:\\\/\\\/archiviocassano.lavocedelpaese.info\\\/index.php\\\/2020\\\/11\\\/03\\\/il-prof-berrino-ospite-a-cassano-del-qcammino-materanoq\\\/\",\"name\":\"Il prof. Berrino ospite a Cassano del \\\"Cammino Materano\\\" - Archivio CassanoWeb\",\"isPartOf\":{\"@id\":\"https:\\\/\\\/archiviocassano.lavocedelpaese.info\\\/#website\"},\"primaryImageOfPage\":{\"@id\":\"https:\\\/\\\/archiviocassano.lavocedelpaese.info\\\/index.php\\\/2020\\\/11\\\/03\\\/il-prof-berrino-ospite-a-cassano-del-qcammino-materanoq\\\/#primaryimage\"},\"image\":{\"@id\":\"https:\\\/\\\/archiviocassano.lavocedelpaese.info\\\/index.php\\\/2020\\\/11\\\/03\\\/il-prof-berrino-ospite-a-cassano-del-qcammino-materanoq\\\/#primaryimage\"},\"thumbnailUrl\":\"https:\\\/\\\/live.staticflickr.com\\\/65535\\\/50562141196_649e66b43f_n.jpg\",\"datePublished\":\"2020-11-03T06:23:12+00:00\",\"breadcrumb\":{\"@id\":\"https:\\\/\\\/archiviocassano.lavocedelpaese.info\\\/index.php\\\/2020\\\/11\\\/03\\\/il-prof-berrino-ospite-a-cassano-del-qcammino-materanoq\\\/#breadcrumb\"},\"inLanguage\":\"it-IT\",\"potentialAction\":[{\"@type\":\"ReadAction\",\"target\":[\"https:\\\/\\\/archiviocassano.lavocedelpaese.info\\\/index.php\\\/2020\\\/11\\\/03\\\/il-prof-berrino-ospite-a-cassano-del-qcammino-materanoq\\\/\"]}]},{\"@type\":\"ImageObject\",\"inLanguage\":\"it-IT\",\"@id\":\"https:\\\/\\\/archiviocassano.lavocedelpaese.info\\\/index.php\\\/2020\\\/11\\\/03\\\/il-prof-berrino-ospite-a-cassano-del-qcammino-materanoq\\\/#primaryimage\",\"url\":\"https:\\\/\\\/live.staticflickr.com\\\/65535\\\/50562141196_649e66b43f_n.jpg\",\"contentUrl\":\"https:\\\/\\\/live.staticflickr.com\\\/65535\\\/50562141196_649e66b43f_n.jpg\"},{\"@type\":\"BreadcrumbList\",\"@id\":\"https:\\\/\\\/archiviocassano.lavocedelpaese.info\\\/index.php\\\/2020\\\/11\\\/03\\\/il-prof-berrino-ospite-a-cassano-del-qcammino-materanoq\\\/#breadcrumb\",\"itemListElement\":[{\"@type\":\"ListItem\",\"position\":1,\"name\":\"Home\",\"item\":\"https:\\\/\\\/archiviocassano.lavocedelpaese.info\\\/\"},{\"@type\":\"ListItem\",\"position\":2,\"name\":\"Il prof. Berrino ospite a Cassano del &#8220;Cammino Materano&#8221;\"}]},{\"@type\":\"WebSite\",\"@id\":\"https:\\\/\\\/archiviocassano.lavocedelpaese.info\\\/#website\",\"url\":\"https:\\\/\\\/archiviocassano.lavocedelpaese.info\\\/\",\"name\":\"Archivio CassanoWeb\",\"description\":\"La Voce del Paese - un network di idee\",\"publisher\":{\"@id\":\"https:\\\/\\\/archiviocassano.lavocedelpaese.info\\\/#organization\"},\"potentialAction\":[{\"@type\":\"SearchAction\",\"target\":{\"@type\":\"EntryPoint\",\"urlTemplate\":\"https:\\\/\\\/archiviocassano.lavocedelpaese.info\\\/?s={search_term_string}\"},\"query-input\":{\"@type\":\"PropertyValueSpecification\",\"valueRequired\":true,\"valueName\":\"search_term_string\"}}],\"inLanguage\":\"it-IT\"},{\"@type\":\"Organization\",\"@id\":\"https:\\\/\\\/archiviocassano.lavocedelpaese.info\\\/#organization\",\"name\":\"Archivio CassanoWeb\",\"url\":\"https:\\\/\\\/archiviocassano.lavocedelpaese.info\\\/\",\"logo\":{\"@type\":\"ImageObject\",\"inLanguage\":\"it-IT\",\"@id\":\"https:\\\/\\\/archiviocassano.lavocedelpaese.info\\\/#\\\/schema\\\/logo\\\/image\\\/\",\"url\":\"https:\\\/\\\/archiviocassano.lavocedelpaese.info\\\/wp-content\\\/uploads\\\/2024\\\/08\\\/logo-rosso-2.png\",\"contentUrl\":\"https:\\\/\\\/archiviocassano.lavocedelpaese.info\\\/wp-content\\\/uploads\\\/2024\\\/08\\\/logo-rosso-2.png\",\"width\":491,\"height\":432,\"caption\":\"Archivio CassanoWeb\"},\"image\":{\"@id\":\"https:\\\/\\\/archiviocassano.lavocedelpaese.info\\\/#\\\/schema\\\/logo\\\/image\\\/\"},\"sameAs\":[\"https:\\\/\\\/www.facebook.com\\\/redazione.cassanoweb\"]},{\"@type\":\"Person\",\"@id\":\"https:\\\/\\\/archiviocassano.lavocedelpaese.info\\\/#\\\/schema\\\/person\\\/df195bc79a9b4c35127cf005f92e041b\",\"name\":\"admin\",\"image\":{\"@type\":\"ImageObject\",\"inLanguage\":\"it-IT\",\"@id\":\"https:\\\/\\\/secure.gravatar.com\\\/avatar\\\/eabba89a432e8eaa1b0207cc55f7e5340b22712b1ed80677efcf63e02ff5b235?s=96&d=mm&r=g\",\"url\":\"https:\\\/\\\/secure.gravatar.com\\\/avatar\\\/eabba89a432e8eaa1b0207cc55f7e5340b22712b1ed80677efcf63e02ff5b235?s=96&d=mm&r=g\",\"contentUrl\":\"https:\\\/\\\/secure.gravatar.com\\\/avatar\\\/eabba89a432e8eaa1b0207cc55f7e5340b22712b1ed80677efcf63e02ff5b235?s=96&d=mm&r=g\",\"caption\":\"admin\"},\"sameAs\":[\"https:\\\/\\\/archiviocassano.lavocedelpaese.info\"],\"url\":\"https:\\\/\\\/archiviocassano.lavocedelpaese.info\\\/index.php\\\/author\\\/admin_0qgz1xdp\\\/\"}]}<\/script>\n<!-- \/ Yoast SEO plugin. -->","yoast_head_json":{"title":"Il prof. Berrino ospite a Cassano del \"Cammino Materano\" - Archivio CassanoWeb","robots":{"index":"index","follow":"follow","max-snippet":"max-snippet:-1","max-image-preview":"max-image-preview:large","max-video-preview":"max-video-preview:-1"},"canonical":"https:\/\/archiviocassano.lavocedelpaese.info\/index.php\/2020\/11\/03\/il-prof-berrino-ospite-a-cassano-del-qcammino-materanoq\/","og_locale":"it_IT","og_type":"article","og_title":"Il prof. Berrino ospite a Cassano del \"Cammino Materano\" - Archivio CassanoWeb","og_url":"https:\/\/archiviocassano.lavocedelpaese.info\/index.php\/2020\/11\/03\/il-prof-berrino-ospite-a-cassano-del-qcammino-materanoq\/","og_site_name":"Archivio CassanoWeb","article_publisher":"https:\/\/www.facebook.com\/redazione.cassanoweb","article_published_time":"2020-11-03T06:23:12+00:00","og_image":[{"url":"https:\/\/live.staticflickr.com\/65535\/50562141196_649e66b43f_n.jpg","type":"","width":"","height":""}],"author":"admin","twitter_card":"summary_large_image","twitter_misc":{"Scritto da":"admin","Tempo di lettura stimato":"2 minuti"},"schema":{"@context":"https:\/\/schema.org","@graph":[{"@type":"Article","@id":"https:\/\/archiviocassano.lavocedelpaese.info\/index.php\/2020\/11\/03\/il-prof-berrino-ospite-a-cassano-del-qcammino-materanoq\/#article","isPartOf":{"@id":"https:\/\/archiviocassano.lavocedelpaese.info\/index.php\/2020\/11\/03\/il-prof-berrino-ospite-a-cassano-del-qcammino-materanoq\/"},"author":{"name":"admin","@id":"https:\/\/archiviocassano.lavocedelpaese.info\/#\/schema\/person\/df195bc79a9b4c35127cf005f92e041b"},"headline":"Il prof. Berrino ospite a Cassano del &#8220;Cammino Materano&#8221;","datePublished":"2020-11-03T06:23:12+00:00","mainEntityOfPage":{"@id":"https:\/\/archiviocassano.lavocedelpaese.info\/index.php\/2020\/11\/03\/il-prof-berrino-ospite-a-cassano-del-qcammino-materanoq\/"},"wordCount":337,"commentCount":0,"publisher":{"@id":"https:\/\/archiviocassano.lavocedelpaese.info\/#organization"},"image":{"@id":"https:\/\/archiviocassano.lavocedelpaese.info\/index.php\/2020\/11\/03\/il-prof-berrino-ospite-a-cassano-del-qcammino-materanoq\/#primaryimage"},"thumbnailUrl":"https:\/\/live.staticflickr.com\/65535\/50562141196_649e66b43f_n.jpg","articleSection":["Attualit\u00e0"],"inLanguage":"it-IT","potentialAction":[{"@type":"CommentAction","name":"Comment","target":["https:\/\/archiviocassano.lavocedelpaese.info\/index.php\/2020\/11\/03\/il-prof-berrino-ospite-a-cassano-del-qcammino-materanoq\/#respond"]}]},{"@type":"WebPage","@id":"https:\/\/archiviocassano.lavocedelpaese.info\/index.php\/2020\/11\/03\/il-prof-berrino-ospite-a-cassano-del-qcammino-materanoq\/","url":"https:\/\/archiviocassano.lavocedelpaese.info\/index.php\/2020\/11\/03\/il-prof-berrino-ospite-a-cassano-del-qcammino-materanoq\/","name":"Il prof. Berrino ospite a Cassano del \"Cammino Materano\" - Archivio CassanoWeb","isPartOf":{"@id":"https:\/\/archiviocassano.lavocedelpaese.info\/#website"},"primaryImageOfPage":{"@id":"https:\/\/archiviocassano.lavocedelpaese.info\/index.php\/2020\/11\/03\/il-prof-berrino-ospite-a-cassano-del-qcammino-materanoq\/#primaryimage"},"image":{"@id":"https:\/\/archiviocassano.lavocedelpaese.info\/index.php\/2020\/11\/03\/il-prof-berrino-ospite-a-cassano-del-qcammino-materanoq\/#primaryimage"},"thumbnailUrl":"https:\/\/live.staticflickr.com\/65535\/50562141196_649e66b43f_n.jpg","datePublished":"2020-11-03T06:23:12+00:00","breadcrumb":{"@id":"https:\/\/archiviocassano.lavocedelpaese.info\/index.php\/2020\/11\/03\/il-prof-berrino-ospite-a-cassano-del-qcammino-materanoq\/#breadcrumb"},"inLanguage":"it-IT","potentialAction":[{"@type":"ReadAction","target":["https:\/\/archiviocassano.lavocedelpaese.info\/index.php\/2020\/11\/03\/il-prof-berrino-ospite-a-cassano-del-qcammino-materanoq\/"]}]},{"@type":"ImageObject","inLanguage":"it-IT","@id":"https:\/\/archiviocassano.lavocedelpaese.info\/index.php\/2020\/11\/03\/il-prof-berrino-ospite-a-cassano-del-qcammino-materanoq\/#primaryimage","url":"https:\/\/live.staticflickr.com\/65535\/50562141196_649e66b43f_n.jpg","contentUrl":"https:\/\/live.staticflickr.com\/65535\/50562141196_649e66b43f_n.jpg"},{"@type":"BreadcrumbList","@id":"https:\/\/archiviocassano.lavocedelpaese.info\/index.php\/2020\/11\/03\/il-prof-berrino-ospite-a-cassano-del-qcammino-materanoq\/#breadcrumb","itemListElement":[{"@type":"ListItem","position":1,"name":"Home","item":"https:\/\/archiviocassano.lavocedelpaese.info\/"},{"@type":"ListItem","position":2,"name":"Il prof. Berrino ospite a Cassano del &#8220;Cammino Materano&#8221;"}]},{"@type":"WebSite","@id":"https:\/\/archiviocassano.lavocedelpaese.info\/#website","url":"https:\/\/archiviocassano.lavocedelpaese.info\/","name":"Archivio CassanoWeb","description":"La Voce del Paese - un network di idee","publisher":{"@id":"https:\/\/archiviocassano.lavocedelpaese.info\/#organization"},"potentialAction":[{"@type":"SearchAction","target":{"@type":"EntryPoint","urlTemplate":"https:\/\/archiviocassano.lavocedelpaese.info\/?s={search_term_string}"},"query-input":{"@type":"PropertyValueSpecification","valueRequired":true,"valueName":"search_term_string"}}],"inLanguage":"it-IT"},{"@type":"Organization","@id":"https:\/\/archiviocassano.lavocedelpaese.info\/#organization","name":"Archivio CassanoWeb","url":"https:\/\/archiviocassano.lavocedelpaese.info\/","logo":{"@type":"ImageObject","inLanguage":"it-IT","@id":"https:\/\/archiviocassano.lavocedelpaese.info\/#\/schema\/logo\/image\/","url":"https:\/\/archiviocassano.lavocedelpaese.info\/wp-content\/uploads\/2024\/08\/logo-rosso-2.png","contentUrl":"https:\/\/archiviocassano.lavocedelpaese.info\/wp-content\/uploads\/2024\/08\/logo-rosso-2.png","width":491,"height":432,"caption":"Archivio CassanoWeb"},"image":{"@id":"https:\/\/archiviocassano.lavocedelpaese.info\/#\/schema\/logo\/image\/"},"sameAs":["https:\/\/www.facebook.com\/redazione.cassanoweb"]},{"@type":"Person","@id":"https:\/\/archiviocassano.lavocedelpaese.info\/#\/schema\/person\/df195bc79a9b4c35127cf005f92e041b","name":"admin","image":{"@type":"ImageObject","inLanguage":"it-IT","@id":"https:\/\/secure.gravatar.com\/avatar\/eabba89a432e8eaa1b0207cc55f7e5340b22712b1ed80677efcf63e02ff5b235?s=96&d=mm&r=g","url":"https:\/\/secure.gravatar.com\/avatar\/eabba89a432e8eaa1b0207cc55f7e5340b22712b1ed80677efcf63e02ff5b235?s=96&d=mm&r=g","contentUrl":"https:\/\/secure.gravatar.com\/avatar\/eabba89a432e8eaa1b0207cc55f7e5340b22712b1ed80677efcf63e02ff5b235?s=96&d=mm&r=g","caption":"admin"},"sameAs":["https:\/\/archiviocassano.lavocedelpaese.info"],"url":"https:\/\/archiviocassano.lavocedelpaese.info\/index.php\/author\/admin_0qgz1xdp\/"}]}},"_links":{"self":[{"href":"https:\/\/archiviocassano.lavocedelpaese.info\/index.php\/wp-json\/wp\/v2\/posts\/18811","targetHints":{"allow":["GET"]}}],"collection":[{"href":"https:\/\/archiviocassano.lavocedelpaese.info\/index.php\/wp-json\/wp\/v2\/posts"}],"about":[{"href":"https:\/\/archiviocassano.lavocedelpaese.info\/index.php\/wp-json\/wp\/v2\/types\/post"}],"author":[{"embeddable":true,"href":"https:\/\/archiviocassano.lavocedelpaese.info\/index.php\/wp-json\/wp\/v2\/users\/1"}],"replies":[{"embeddable":true,"href":"https:\/\/archiviocassano.lavocedelpaese.info\/index.php\/wp-json\/wp\/v2\/comments?post=18811"}],"version-history":[{"count":0,"href":"https:\/\/archiviocassano.lavocedelpaese.info\/index.php\/wp-json\/wp\/v2\/posts\/18811\/revisions"}],"wp:attachment":[{"href":"https:\/\/archiviocassano.lavocedelpaese.info\/index.php\/wp-json\/wp\/v2\/media?parent=18811"}],"wp:term":[{"taxonomy":"category","embeddable":true,"href":"https:\/\/archiviocassano.lavocedelpaese.info\/index.php\/wp-json\/wp\/v2\/categories?post=18811"},{"taxonomy":"post_tag","embeddable":true,"href":"https:\/\/archiviocassano.lavocedelpaese.info\/index.php\/wp-json\/wp\/v2\/tags?post=18811"}],"curies":[{"name":"wp","href":"https:\/\/api.w.org\/{rel}","templated":true}]}}