{"id":18912,"date":"2020-12-29T09:38:47","date_gmt":"2020-12-29T09:38:47","guid":{"rendered":"https:\/\/archiviocassano.lavocedelpaese.info\/index.php\/2020\/12\/29\/bando-affitti-2021-ecco-come-partecipare-e-la-scadenza\/"},"modified":"2020-12-29T09:38:47","modified_gmt":"2020-12-29T09:38:47","slug":"bando-affitti-2021-ecco-come-partecipare-e-la-scadenza","status":"publish","type":"post","link":"https:\/\/archiviocassano.lavocedelpaese.info\/index.php\/2020\/12\/29\/bando-affitti-2021-ecco-come-partecipare-e-la-scadenza\/","title":{"rendered":"Bando Affitti 2021: ecco come partecipare e la scadenza"},"content":{"rendered":"<p style=\"text-align: justify;\"><a data-flickr-embed=\"true\" href=\"https:\/\/www.flickr.com\/photos\/184752021@N05\/49098761031\/in\/dateposted-public\/\" title=\"affittare-casa\"><img loading=\"lazy\" decoding=\"async\" src=\"https:\/\/live.staticflickr.com\/65535\/49098761031_5d582e2be5_w.jpg\" width=\"320\" height=\"150\" alt=\"affittare-casa\" \/><\/a><\/p>\n<p><!--more--><\/p>\n<p>In esecuzione della Deliberazione di Giunta Regionale n. 1724 del 22\/10\/2020 sono aperti i termini per la partecipazione al Bando Pubblico di concorso al fine dell\u2019assegnazione di contributi integrativi per il sostegno all\u2019accesso alle abitazioni in locazione ai sensi dell\u2019art. 11 della legge 9.12.1998 n. 431 relativi all\u2019anno 2018.<\/p>\n<p>Le domande di partecipazione devono essere compilate su appositi moduli in dotazione presso l\u2019ufficio protocollo del Comune di Cassano delle Murge sito in P.zza A. Moro dal Luned\u00ec al Venerd\u00ec dalle ore 9,00 alle ore 12,00 ed il Gioved\u00ec dalle ore 16,00 alle ore 18,00.<\/p>\n<p>La domanda contiene un questionario \u2013 sotto forma di autocertificazione \u2013 formulato con riferimento ai requisiti di ammissibilit\u00e0 al concorso e alle condizioni soggettive il cui possesso d\u00e0 diritto al contributo relativo.<\/p>\n<p><strong>Le domande di partecipazione devono essere presentate<\/strong> presso l\u2019Ufficio Protocollo del Comune di Cassano delle Murge oppure spedite a mezzo Raccomandata al Sindaco e comunque pervenute all\u2019Ufficio Protocollo <strong>entro le ore 12.00 dell&#8217;11 gennaio 2021.<\/strong><\/p>\n<p>Di seguito i requisiti di ammissione:<\/p>\n<ol>\n<li>&nbsp;&nbsp;&nbsp;&nbsp;&nbsp; REDDITO COMPLESSIVO del nucleo famigliare conseguito nel 2019 non superiore all&#8217;importo di Euro 13.338,26;<\/li>\n<li>&nbsp;&nbsp;&nbsp;&nbsp;&nbsp; REDDITO COMPLESSIVO del nucleo famigliare conseguito nel 2019 non superiore all&#8217;importo di Euro 15.250,00;<\/li>\n<li>&nbsp;&nbsp;&nbsp;&nbsp;&nbsp; Cittadinanza italiana;<\/li>\n<li>&nbsp;&nbsp;&nbsp;&nbsp; Cittadinanza in uno Stato appartenente all&#8217;Unione Europea purch\u00e9 in possesso di Attestazione anagrafica di cittadino dell\u2019Unione, ai sensi del D.Lgs. n.30 del 06\/02\/2007;<\/li>\n<li>&nbsp;&nbsp;&nbsp;&nbsp;&nbsp; Cittadinanza in uno Stato non appartenente all&#8217;Unione Europea purch\u00e9 in possesso di titolo di soggiorno in corso di valido dal 2019 ad oggi;<\/li>\n<li>&nbsp;&nbsp;&nbsp;&nbsp;&nbsp;&nbsp; Residenza nel Comune di Cassano delle Murge nell\u2019immobile, condotto in locazione come abitazione principale, per il quale si richiede il contributo;<\/li>\n<li>&nbsp;&nbsp;&nbsp;&nbsp;&nbsp; Contratto di locazione ad uso abitativo nel corso dell\u2019anno 2018, regolarmente registrato, per un immobile che non rientri nelle categorie catastali A1,A8,A9 e che, per quanto attiene alla superficie utile, non superi 95 mq., fatta eccezione per gli alloggi occupati da nuclei familiari numerosi (6 persone ed oltre) oppure presenza nel nucleo famigliare di ultrasessantacinquenne o di disabile (con disabilit\u00e0 superiore al 74%) oppure con n.2 figli maggiorenni disoccupati o studenti oppure n.3 figli minorenni a carico o nucleo famigliare monogenitoriale o separato\/divorziato (residente in Puglia da almeno 5 anni, con disponibilit\u00e0 reddituale, determinata da pronuncia del Giudice, inferiore al doppio dell\u2019importo di assegno sociale e con assegnazione della casa e assegno di mantenimento al coniuge, con figli minori o non autosufficienti a carico; viene invece escluso se \u00e8 stato condannato con sentenza passata in giudicato per reati contro la persona)<\/li>\n<li>&nbsp;&nbsp;&nbsp;&nbsp;&nbsp; L\u2019abitazione condotta in locazione non trovasi in zona di pregio ovvero, trovasi in zona di pregio ma \u00e8 in cattive condizioni, gli infissi non sono in buono stato-manca o non funziona il riscaldamento-manca o non funziona l\u2019autoclave-manca l\u2019ascensore se l\u2019appartamento \u00e8 dal terzo piano in su;<\/li>\n<li>&nbsp;&nbsp;&nbsp;&nbsp;&nbsp;&nbsp;&nbsp; Il Richiedente non abbia vincoli di parentela e affinit\u00e0 entro il secondo grado (figlio\/a-padre-fratello-sorella-nonno-nipote (figlio di figlio\/a) del richiedente o della moglie) o di matrimonio con il locatario;<\/li>\n<li>&nbsp;&nbsp;&nbsp;&nbsp;&nbsp;&nbsp;&nbsp; Nessun componente del Nucleo famigliare relativamente all\u2019anno 2018 abbia titolarit\u00e0 dell\u2019assegnazione in propriet\u00e0 immediata o futura, di alloggio realizzato con contributi pubblici, ovvero con finanziamenti agevolati, in qualunque forma concessi dallo Stato o da Enti pubblici, sempre che l\u2019alloggio non sia perito o inutilizzabile (alloggi ex IACP, case parcheggio, etc.);<\/li>\n<li>&nbsp;&nbsp;&nbsp;&nbsp;&nbsp; Nessun componente del Nucleo famigliare sia titolare di diritti di propriet\u00e0, usufrutto, uso o abitazione, in tutto il territorio nazionale, su un alloggio\/i o parte di essi, adeguato alle esigenze del nucleo famigliare medesimo cos\u00ec come definito all\u2019art.3 comma 1 lettera c della L.R. n.10\/2014, fatto salvo il caso in cui l\u2019alloggio sia accatastato come inagibile oppure esista un provvedimento del Sindaco che dichiari l\u2019inagibilit\u00e0 ovvero l\u2019inabitabilit\u00e0 dell\u2019alloggio, oppure nel caso la titolarit\u00e0 sia relativa alla \u201cnuda propriet\u00e0\u201d.<\/li>\n<li>&nbsp;&nbsp;&nbsp;&nbsp;&nbsp;&nbsp;&nbsp; Di non aver richiesto, in sede di Dichiarazione dei Redditi prodotti nel 2018, la detrazione dei redditi d\u2019imposta prevista per gli inquilini di immobili adibiti ad abitazione principale con contratto stipulato ai sensi della legge 431\/98.<\/li>\n<\/ol>\n<p>&nbsp;<\/p>\n<p>&nbsp;<\/p>\n<p>&nbsp;<\/p>\n","protected":false},"excerpt":{"rendered":"","protected":false},"author":1,"featured_media":0,"comment_status":"open","ping_status":"closed","sticky":false,"template":"","format":"standard","meta":{"colormag_page_container_layout":"default_layout","colormag_page_sidebar_layout":"default_layout","footnotes":""},"categories":[7],"tags":[],"class_list":["post-18912","post","type-post","status-publish","format-standard","hentry","category-attualita"],"yoast_head":"<!-- This site is optimized with the Yoast SEO plugin v27.5 - https:\/\/yoast.com\/product\/yoast-seo-wordpress\/ -->\n<title>Bando Affitti 2021: ecco come partecipare e la scadenza - Archivio CassanoWeb<\/title>\n<meta name=\"robots\" content=\"index, follow, max-snippet:-1, max-image-preview:large, max-video-preview:-1\" \/>\n<link rel=\"canonical\" href=\"https:\/\/archiviocassano.lavocedelpaese.info\/index.php\/2020\/12\/29\/bando-affitti-2021-ecco-come-partecipare-e-la-scadenza\/\" \/>\n<meta property=\"og:locale\" content=\"it_IT\" \/>\n<meta property=\"og:type\" content=\"article\" \/>\n<meta property=\"og:title\" content=\"Bando Affitti 2021: ecco come partecipare e la scadenza - Archivio CassanoWeb\" \/>\n<meta property=\"og:url\" content=\"https:\/\/archiviocassano.lavocedelpaese.info\/index.php\/2020\/12\/29\/bando-affitti-2021-ecco-come-partecipare-e-la-scadenza\/\" \/>\n<meta property=\"og:site_name\" content=\"Archivio CassanoWeb\" \/>\n<meta property=\"article:publisher\" content=\"https:\/\/www.facebook.com\/redazione.cassanoweb\" \/>\n<meta property=\"article:published_time\" content=\"2020-12-29T09:38:47+00:00\" \/>\n<meta property=\"og:image\" content=\"https:\/\/live.staticflickr.com\/65535\/49098761031_5d582e2be5_w.jpg\" \/>\n<meta name=\"author\" content=\"admin\" \/>\n<meta name=\"twitter:card\" content=\"summary_large_image\" \/>\n<meta name=\"twitter:label1\" content=\"Scritto da\" \/>\n\t<meta name=\"twitter:data1\" content=\"admin\" \/>\n\t<meta name=\"twitter:label2\" content=\"Tempo di lettura stimato\" \/>\n\t<meta name=\"twitter:data2\" content=\"4 minuti\" \/>\n<script type=\"application\/ld+json\" class=\"yoast-schema-graph\">{\"@context\":\"https:\\\/\\\/schema.org\",\"@graph\":[{\"@type\":\"Article\",\"@id\":\"https:\\\/\\\/archiviocassano.lavocedelpaese.info\\\/index.php\\\/2020\\\/12\\\/29\\\/bando-affitti-2021-ecco-come-partecipare-e-la-scadenza\\\/#article\",\"isPartOf\":{\"@id\":\"https:\\\/\\\/archiviocassano.lavocedelpaese.info\\\/index.php\\\/2020\\\/12\\\/29\\\/bando-affitti-2021-ecco-come-partecipare-e-la-scadenza\\\/\"},\"author\":{\"name\":\"admin\",\"@id\":\"https:\\\/\\\/archiviocassano.lavocedelpaese.info\\\/#\\\/schema\\\/person\\\/df195bc79a9b4c35127cf005f92e041b\"},\"headline\":\"Bando Affitti 2021: ecco come partecipare e la scadenza\",\"datePublished\":\"2020-12-29T09:38:47+00:00\",\"mainEntityOfPage\":{\"@id\":\"https:\\\/\\\/archiviocassano.lavocedelpaese.info\\\/index.php\\\/2020\\\/12\\\/29\\\/bando-affitti-2021-ecco-come-partecipare-e-la-scadenza\\\/\"},\"wordCount\":725,\"commentCount\":0,\"publisher\":{\"@id\":\"https:\\\/\\\/archiviocassano.lavocedelpaese.info\\\/#organization\"},\"image\":{\"@id\":\"https:\\\/\\\/archiviocassano.lavocedelpaese.info\\\/index.php\\\/2020\\\/12\\\/29\\\/bando-affitti-2021-ecco-come-partecipare-e-la-scadenza\\\/#primaryimage\"},\"thumbnailUrl\":\"https:\\\/\\\/live.staticflickr.com\\\/65535\\\/49098761031_5d582e2be5_w.jpg\",\"articleSection\":[\"Attualit\u00e0\"],\"inLanguage\":\"it-IT\",\"potentialAction\":[{\"@type\":\"CommentAction\",\"name\":\"Comment\",\"target\":[\"https:\\\/\\\/archiviocassano.lavocedelpaese.info\\\/index.php\\\/2020\\\/12\\\/29\\\/bando-affitti-2021-ecco-come-partecipare-e-la-scadenza\\\/#respond\"]}]},{\"@type\":\"WebPage\",\"@id\":\"https:\\\/\\\/archiviocassano.lavocedelpaese.info\\\/index.php\\\/2020\\\/12\\\/29\\\/bando-affitti-2021-ecco-come-partecipare-e-la-scadenza\\\/\",\"url\":\"https:\\\/\\\/archiviocassano.lavocedelpaese.info\\\/index.php\\\/2020\\\/12\\\/29\\\/bando-affitti-2021-ecco-come-partecipare-e-la-scadenza\\\/\",\"name\":\"Bando Affitti 2021: ecco come partecipare e la scadenza - Archivio CassanoWeb\",\"isPartOf\":{\"@id\":\"https:\\\/\\\/archiviocassano.lavocedelpaese.info\\\/#website\"},\"primaryImageOfPage\":{\"@id\":\"https:\\\/\\\/archiviocassano.lavocedelpaese.info\\\/index.php\\\/2020\\\/12\\\/29\\\/bando-affitti-2021-ecco-come-partecipare-e-la-scadenza\\\/#primaryimage\"},\"image\":{\"@id\":\"https:\\\/\\\/archiviocassano.lavocedelpaese.info\\\/index.php\\\/2020\\\/12\\\/29\\\/bando-affitti-2021-ecco-come-partecipare-e-la-scadenza\\\/#primaryimage\"},\"thumbnailUrl\":\"https:\\\/\\\/live.staticflickr.com\\\/65535\\\/49098761031_5d582e2be5_w.jpg\",\"datePublished\":\"2020-12-29T09:38:47+00:00\",\"breadcrumb\":{\"@id\":\"https:\\\/\\\/archiviocassano.lavocedelpaese.info\\\/index.php\\\/2020\\\/12\\\/29\\\/bando-affitti-2021-ecco-come-partecipare-e-la-scadenza\\\/#breadcrumb\"},\"inLanguage\":\"it-IT\",\"potentialAction\":[{\"@type\":\"ReadAction\",\"target\":[\"https:\\\/\\\/archiviocassano.lavocedelpaese.info\\\/index.php\\\/2020\\\/12\\\/29\\\/bando-affitti-2021-ecco-come-partecipare-e-la-scadenza\\\/\"]}]},{\"@type\":\"ImageObject\",\"inLanguage\":\"it-IT\",\"@id\":\"https:\\\/\\\/archiviocassano.lavocedelpaese.info\\\/index.php\\\/2020\\\/12\\\/29\\\/bando-affitti-2021-ecco-come-partecipare-e-la-scadenza\\\/#primaryimage\",\"url\":\"https:\\\/\\\/live.staticflickr.com\\\/65535\\\/49098761031_5d582e2be5_w.jpg\",\"contentUrl\":\"https:\\\/\\\/live.staticflickr.com\\\/65535\\\/49098761031_5d582e2be5_w.jpg\"},{\"@type\":\"BreadcrumbList\",\"@id\":\"https:\\\/\\\/archiviocassano.lavocedelpaese.info\\\/index.php\\\/2020\\\/12\\\/29\\\/bando-affitti-2021-ecco-come-partecipare-e-la-scadenza\\\/#breadcrumb\",\"itemListElement\":[{\"@type\":\"ListItem\",\"position\":1,\"name\":\"Home\",\"item\":\"https:\\\/\\\/archiviocassano.lavocedelpaese.info\\\/\"},{\"@type\":\"ListItem\",\"position\":2,\"name\":\"Bando Affitti 2021: ecco come partecipare e la scadenza\"}]},{\"@type\":\"WebSite\",\"@id\":\"https:\\\/\\\/archiviocassano.lavocedelpaese.info\\\/#website\",\"url\":\"https:\\\/\\\/archiviocassano.lavocedelpaese.info\\\/\",\"name\":\"Archivio CassanoWeb\",\"description\":\"La Voce del Paese - un network di idee\",\"publisher\":{\"@id\":\"https:\\\/\\\/archiviocassano.lavocedelpaese.info\\\/#organization\"},\"potentialAction\":[{\"@type\":\"SearchAction\",\"target\":{\"@type\":\"EntryPoint\",\"urlTemplate\":\"https:\\\/\\\/archiviocassano.lavocedelpaese.info\\\/?s={search_term_string}\"},\"query-input\":{\"@type\":\"PropertyValueSpecification\",\"valueRequired\":true,\"valueName\":\"search_term_string\"}}],\"inLanguage\":\"it-IT\"},{\"@type\":\"Organization\",\"@id\":\"https:\\\/\\\/archiviocassano.lavocedelpaese.info\\\/#organization\",\"name\":\"Archivio CassanoWeb\",\"url\":\"https:\\\/\\\/archiviocassano.lavocedelpaese.info\\\/\",\"logo\":{\"@type\":\"ImageObject\",\"inLanguage\":\"it-IT\",\"@id\":\"https:\\\/\\\/archiviocassano.lavocedelpaese.info\\\/#\\\/schema\\\/logo\\\/image\\\/\",\"url\":\"https:\\\/\\\/archiviocassano.lavocedelpaese.info\\\/wp-content\\\/uploads\\\/2024\\\/08\\\/logo-rosso-2.png\",\"contentUrl\":\"https:\\\/\\\/archiviocassano.lavocedelpaese.info\\\/wp-content\\\/uploads\\\/2024\\\/08\\\/logo-rosso-2.png\",\"width\":491,\"height\":432,\"caption\":\"Archivio CassanoWeb\"},\"image\":{\"@id\":\"https:\\\/\\\/archiviocassano.lavocedelpaese.info\\\/#\\\/schema\\\/logo\\\/image\\\/\"},\"sameAs\":[\"https:\\\/\\\/www.facebook.com\\\/redazione.cassanoweb\"]},{\"@type\":\"Person\",\"@id\":\"https:\\\/\\\/archiviocassano.lavocedelpaese.info\\\/#\\\/schema\\\/person\\\/df195bc79a9b4c35127cf005f92e041b\",\"name\":\"admin\",\"image\":{\"@type\":\"ImageObject\",\"inLanguage\":\"it-IT\",\"@id\":\"https:\\\/\\\/secure.gravatar.com\\\/avatar\\\/eabba89a432e8eaa1b0207cc55f7e5340b22712b1ed80677efcf63e02ff5b235?s=96&d=mm&r=g\",\"url\":\"https:\\\/\\\/secure.gravatar.com\\\/avatar\\\/eabba89a432e8eaa1b0207cc55f7e5340b22712b1ed80677efcf63e02ff5b235?s=96&d=mm&r=g\",\"contentUrl\":\"https:\\\/\\\/secure.gravatar.com\\\/avatar\\\/eabba89a432e8eaa1b0207cc55f7e5340b22712b1ed80677efcf63e02ff5b235?s=96&d=mm&r=g\",\"caption\":\"admin\"},\"sameAs\":[\"https:\\\/\\\/archiviocassano.lavocedelpaese.info\"],\"url\":\"https:\\\/\\\/archiviocassano.lavocedelpaese.info\\\/index.php\\\/author\\\/admin_0qgz1xdp\\\/\"}]}<\/script>\n<!-- \/ Yoast SEO plugin. -->","yoast_head_json":{"title":"Bando Affitti 2021: ecco come partecipare e la scadenza - Archivio CassanoWeb","robots":{"index":"index","follow":"follow","max-snippet":"max-snippet:-1","max-image-preview":"max-image-preview:large","max-video-preview":"max-video-preview:-1"},"canonical":"https:\/\/archiviocassano.lavocedelpaese.info\/index.php\/2020\/12\/29\/bando-affitti-2021-ecco-come-partecipare-e-la-scadenza\/","og_locale":"it_IT","og_type":"article","og_title":"Bando Affitti 2021: ecco come partecipare e la scadenza - Archivio CassanoWeb","og_url":"https:\/\/archiviocassano.lavocedelpaese.info\/index.php\/2020\/12\/29\/bando-affitti-2021-ecco-come-partecipare-e-la-scadenza\/","og_site_name":"Archivio CassanoWeb","article_publisher":"https:\/\/www.facebook.com\/redazione.cassanoweb","article_published_time":"2020-12-29T09:38:47+00:00","og_image":[{"url":"https:\/\/live.staticflickr.com\/65535\/49098761031_5d582e2be5_w.jpg","type":"","width":"","height":""}],"author":"admin","twitter_card":"summary_large_image","twitter_misc":{"Scritto da":"admin","Tempo di lettura stimato":"4 minuti"},"schema":{"@context":"https:\/\/schema.org","@graph":[{"@type":"Article","@id":"https:\/\/archiviocassano.lavocedelpaese.info\/index.php\/2020\/12\/29\/bando-affitti-2021-ecco-come-partecipare-e-la-scadenza\/#article","isPartOf":{"@id":"https:\/\/archiviocassano.lavocedelpaese.info\/index.php\/2020\/12\/29\/bando-affitti-2021-ecco-come-partecipare-e-la-scadenza\/"},"author":{"name":"admin","@id":"https:\/\/archiviocassano.lavocedelpaese.info\/#\/schema\/person\/df195bc79a9b4c35127cf005f92e041b"},"headline":"Bando Affitti 2021: ecco come partecipare e la scadenza","datePublished":"2020-12-29T09:38:47+00:00","mainEntityOfPage":{"@id":"https:\/\/archiviocassano.lavocedelpaese.info\/index.php\/2020\/12\/29\/bando-affitti-2021-ecco-come-partecipare-e-la-scadenza\/"},"wordCount":725,"commentCount":0,"publisher":{"@id":"https:\/\/archiviocassano.lavocedelpaese.info\/#organization"},"image":{"@id":"https:\/\/archiviocassano.lavocedelpaese.info\/index.php\/2020\/12\/29\/bando-affitti-2021-ecco-come-partecipare-e-la-scadenza\/#primaryimage"},"thumbnailUrl":"https:\/\/live.staticflickr.com\/65535\/49098761031_5d582e2be5_w.jpg","articleSection":["Attualit\u00e0"],"inLanguage":"it-IT","potentialAction":[{"@type":"CommentAction","name":"Comment","target":["https:\/\/archiviocassano.lavocedelpaese.info\/index.php\/2020\/12\/29\/bando-affitti-2021-ecco-come-partecipare-e-la-scadenza\/#respond"]}]},{"@type":"WebPage","@id":"https:\/\/archiviocassano.lavocedelpaese.info\/index.php\/2020\/12\/29\/bando-affitti-2021-ecco-come-partecipare-e-la-scadenza\/","url":"https:\/\/archiviocassano.lavocedelpaese.info\/index.php\/2020\/12\/29\/bando-affitti-2021-ecco-come-partecipare-e-la-scadenza\/","name":"Bando Affitti 2021: ecco come partecipare e la scadenza - Archivio CassanoWeb","isPartOf":{"@id":"https:\/\/archiviocassano.lavocedelpaese.info\/#website"},"primaryImageOfPage":{"@id":"https:\/\/archiviocassano.lavocedelpaese.info\/index.php\/2020\/12\/29\/bando-affitti-2021-ecco-come-partecipare-e-la-scadenza\/#primaryimage"},"image":{"@id":"https:\/\/archiviocassano.lavocedelpaese.info\/index.php\/2020\/12\/29\/bando-affitti-2021-ecco-come-partecipare-e-la-scadenza\/#primaryimage"},"thumbnailUrl":"https:\/\/live.staticflickr.com\/65535\/49098761031_5d582e2be5_w.jpg","datePublished":"2020-12-29T09:38:47+00:00","breadcrumb":{"@id":"https:\/\/archiviocassano.lavocedelpaese.info\/index.php\/2020\/12\/29\/bando-affitti-2021-ecco-come-partecipare-e-la-scadenza\/#breadcrumb"},"inLanguage":"it-IT","potentialAction":[{"@type":"ReadAction","target":["https:\/\/archiviocassano.lavocedelpaese.info\/index.php\/2020\/12\/29\/bando-affitti-2021-ecco-come-partecipare-e-la-scadenza\/"]}]},{"@type":"ImageObject","inLanguage":"it-IT","@id":"https:\/\/archiviocassano.lavocedelpaese.info\/index.php\/2020\/12\/29\/bando-affitti-2021-ecco-come-partecipare-e-la-scadenza\/#primaryimage","url":"https:\/\/live.staticflickr.com\/65535\/49098761031_5d582e2be5_w.jpg","contentUrl":"https:\/\/live.staticflickr.com\/65535\/49098761031_5d582e2be5_w.jpg"},{"@type":"BreadcrumbList","@id":"https:\/\/archiviocassano.lavocedelpaese.info\/index.php\/2020\/12\/29\/bando-affitti-2021-ecco-come-partecipare-e-la-scadenza\/#breadcrumb","itemListElement":[{"@type":"ListItem","position":1,"name":"Home","item":"https:\/\/archiviocassano.lavocedelpaese.info\/"},{"@type":"ListItem","position":2,"name":"Bando Affitti 2021: ecco come partecipare e la scadenza"}]},{"@type":"WebSite","@id":"https:\/\/archiviocassano.lavocedelpaese.info\/#website","url":"https:\/\/archiviocassano.lavocedelpaese.info\/","name":"Archivio CassanoWeb","description":"La Voce del Paese - un network di idee","publisher":{"@id":"https:\/\/archiviocassano.lavocedelpaese.info\/#organization"},"potentialAction":[{"@type":"SearchAction","target":{"@type":"EntryPoint","urlTemplate":"https:\/\/archiviocassano.lavocedelpaese.info\/?s={search_term_string}"},"query-input":{"@type":"PropertyValueSpecification","valueRequired":true,"valueName":"search_term_string"}}],"inLanguage":"it-IT"},{"@type":"Organization","@id":"https:\/\/archiviocassano.lavocedelpaese.info\/#organization","name":"Archivio CassanoWeb","url":"https:\/\/archiviocassano.lavocedelpaese.info\/","logo":{"@type":"ImageObject","inLanguage":"it-IT","@id":"https:\/\/archiviocassano.lavocedelpaese.info\/#\/schema\/logo\/image\/","url":"https:\/\/archiviocassano.lavocedelpaese.info\/wp-content\/uploads\/2024\/08\/logo-rosso-2.png","contentUrl":"https:\/\/archiviocassano.lavocedelpaese.info\/wp-content\/uploads\/2024\/08\/logo-rosso-2.png","width":491,"height":432,"caption":"Archivio CassanoWeb"},"image":{"@id":"https:\/\/archiviocassano.lavocedelpaese.info\/#\/schema\/logo\/image\/"},"sameAs":["https:\/\/www.facebook.com\/redazione.cassanoweb"]},{"@type":"Person","@id":"https:\/\/archiviocassano.lavocedelpaese.info\/#\/schema\/person\/df195bc79a9b4c35127cf005f92e041b","name":"admin","image":{"@type":"ImageObject","inLanguage":"it-IT","@id":"https:\/\/secure.gravatar.com\/avatar\/eabba89a432e8eaa1b0207cc55f7e5340b22712b1ed80677efcf63e02ff5b235?s=96&d=mm&r=g","url":"https:\/\/secure.gravatar.com\/avatar\/eabba89a432e8eaa1b0207cc55f7e5340b22712b1ed80677efcf63e02ff5b235?s=96&d=mm&r=g","contentUrl":"https:\/\/secure.gravatar.com\/avatar\/eabba89a432e8eaa1b0207cc55f7e5340b22712b1ed80677efcf63e02ff5b235?s=96&d=mm&r=g","caption":"admin"},"sameAs":["https:\/\/archiviocassano.lavocedelpaese.info"],"url":"https:\/\/archiviocassano.lavocedelpaese.info\/index.php\/author\/admin_0qgz1xdp\/"}]}},"_links":{"self":[{"href":"https:\/\/archiviocassano.lavocedelpaese.info\/index.php\/wp-json\/wp\/v2\/posts\/18912","targetHints":{"allow":["GET"]}}],"collection":[{"href":"https:\/\/archiviocassano.lavocedelpaese.info\/index.php\/wp-json\/wp\/v2\/posts"}],"about":[{"href":"https:\/\/archiviocassano.lavocedelpaese.info\/index.php\/wp-json\/wp\/v2\/types\/post"}],"author":[{"embeddable":true,"href":"https:\/\/archiviocassano.lavocedelpaese.info\/index.php\/wp-json\/wp\/v2\/users\/1"}],"replies":[{"embeddable":true,"href":"https:\/\/archiviocassano.lavocedelpaese.info\/index.php\/wp-json\/wp\/v2\/comments?post=18912"}],"version-history":[{"count":0,"href":"https:\/\/archiviocassano.lavocedelpaese.info\/index.php\/wp-json\/wp\/v2\/posts\/18912\/revisions"}],"wp:attachment":[{"href":"https:\/\/archiviocassano.lavocedelpaese.info\/index.php\/wp-json\/wp\/v2\/media?parent=18912"}],"wp:term":[{"taxonomy":"category","embeddable":true,"href":"https:\/\/archiviocassano.lavocedelpaese.info\/index.php\/wp-json\/wp\/v2\/categories?post=18912"},{"taxonomy":"post_tag","embeddable":true,"href":"https:\/\/archiviocassano.lavocedelpaese.info\/index.php\/wp-json\/wp\/v2\/tags?post=18912"}],"curies":[{"name":"wp","href":"https:\/\/api.w.org\/{rel}","templated":true}]}}