{"id":18970,"date":"2021-01-26T07:13:10","date_gmt":"2021-01-26T07:13:10","guid":{"rendered":"https:\/\/archiviocassano.lavocedelpaese.info\/index.php\/2021\/01\/26\/atletico-in-campo-per-il-recupero-con-il-futsal-coba\/"},"modified":"2021-01-26T07:13:10","modified_gmt":"2021-01-26T07:13:10","slug":"atletico-in-campo-per-il-recupero-con-il-futsal-coba","status":"publish","type":"post","link":"https:\/\/archiviocassano.lavocedelpaese.info\/index.php\/2021\/01\/26\/atletico-in-campo-per-il-recupero-con-il-futsal-coba\/","title":{"rendered":"Atletico in campo per il recupero con il Futsal Cob\u00e0"},"content":{"rendered":"<p><a data-flickr-embed=\"true\" href=\"https:\/\/www.flickr.com\/photos\/184752021@N05\/50742852986\/in\/dateposted-public\/\" title=\"DSC_8235\"><img loading=\"lazy\" decoding=\"async\" src=\"https:\/\/live.staticflickr.com\/65535\/50742852986_c260022e96_n.jpg\" width=\"320\" height=\"150\" alt=\"DSC_8235\" \/><\/a><\/p>\n<p><!--more--><\/p>\n<p style=\"text-align: justify;\">Non c\u2019\u00e8 tempo per le recriminazioni. Dopo il rocambolesco pareggio di sabato sul campo della Tombesi C5 Ortona, l\u2019Atletico Cassano si appresta a tornare in campo gi\u00e0 oggi marted\u00ec 26 gennaio, per il recupero dell\u20198\u00aa giornata del Girone C di Serie A2: al PalAngelillo arriva il Futsal Cob\u00e0.<\/p>\n<p style=\"text-align: justify;\">\u00c8 la prima partita di un tour de force che vedr\u00e0 i \u201cpellicani\u201d impegnati in una serie di recuperi, oltre alle gare previste dal calendario.<\/p>\n<p style=\"text-align: justify;\">Imperativo \u00e8, dunque, mettere da parte la delusione per il pareggio di sabato scorso e tuffarsi subito, con la massima concentrazione e voglia, nel prosieguo del campionato prendendo quanto di buono fatto nella prima gara del 2021, come afferma <strong>capitan Nicola Cutrignelli<\/strong>: \u00ab<em>dobbiamo ripartire dalla partita contro la Tombesi: su un campo cos\u00ec difficile abbiamo \u201ccomandato\u201d per 37 minuti.&nbsp;C\u2019\u00e8 tanta amarezza per il pareggio subito all\u2019ultimo secondo, che a molti pu\u00f2 sembrare quasi scandaloso. Noi, per\u00f2, sappiamo quello che abbiamo fatto in campo ed \u00e8 da l\u00ec che dobbiamo ripartire. Dobbiamo lavorare su quanto di buono fatto. Se affrontiamo le partite sempre con quell\u2019atteggiamento, penso che difficilmente lasceremo altri punti per strada\u00bb. <\/em><\/p>\n<p style=\"text-align: justify;\">Punti che all\u2019Atletico Cassano cominciano a servire per allontanarsi dalle zone calde della classifica: gli uomini di mister Chiereghin occupano, infatti, la terzultima posizione con 4 punti raccolti in sei partite finora disputate. Pochi per una squadra che nelle passate stagioni \u00e8 stata tra le protagoniste assolute della Serie A2: \u00ab<em>abbiamo voglia di smuovere la classifica<\/em> &#8211; continua Cutrignelli &#8211; <em>perch\u00e9 essere terzultimi non \u00e8 bello. Abbiamo un sacco di partite da recuperare e ora comincia un ciclo intenso. Vogliamo che si torni a parlare di noi in maniera positiva. Dobbiamo stringere i denti e lavorare per raggiungere gli obiettivi\u00bb.<\/em><\/p>\n<p style=\"text-align: justify;\">Il primo degli obiettivi \u00e8 quello di riscattarsi in una gara non semplice.<\/p>\n<p style=\"text-align: justify;\">Il Futsal Cob\u00e0, con 8 punti in cinque partite, in classifica \u00e8 appena sopra ai \u201cpellicani\u201d ma \u00e8 una delle corazzate del Girone C che avr\u00e0 sicuramente voglia di riscatto dopo il pareggio di sabato in caso del Buldog Lucrezia.<\/p>\n<p style=\"text-align: justify;\">Capitan Cutrignelli non sottovaluta l\u2019avversario (\u00ab<em>vorranno sicuramente cominciare anche loro a far punti in classifica\u00bb<\/em>), ma sa da dove deve ripartire l\u2019Atletico Cassano: <em>\u00ababbiamo fame di vittorie e di punti. \u00c8 vero, abbiamo poco tempo per recuperare le forze fisiche, ma dobbiamo avere lo stesso atteggiamento che abbiamo avuto sabato. Dobbiamo stringere i denti e portare la vittoria a casa\u00bb.<\/em><\/p>\n<p style=\"text-align: justify;\">La partita si giocher\u00e0 a porte chiuse, al PalAngelillo con calcio d\u2019inizio alle ore 18:00 e <strong>verr\u00e0 trasmessa in live streaming sulla pagina Facebook dell\u2019Atletico Cassano a cura di Puglia5.<\/strong><\/p>\n<p style=\"text-align: justify;\">La direzione di gara \u00e8 affidata ai signori Giovanni Vitolo Ferraioli (1\u00b0 arbitro) e Rosario Angelo Faiella (2\u00b0 arbitro), entrambi della sezione di Castellammare di Stabia, e Donato Lamanuzzi di Molfetta (cronometrista).<\/p>\n","protected":false},"excerpt":{"rendered":"","protected":false},"author":1,"featured_media":0,"comment_status":"open","ping_status":"closed","sticky":false,"template":"","format":"standard","meta":{"colormag_page_container_layout":"default_layout","colormag_page_sidebar_layout":"default_layout","footnotes":""},"categories":[5],"tags":[],"class_list":["post-18970","post","type-post","status-publish","format-standard","hentry","category-sport"],"yoast_head":"<!-- This site is optimized with the Yoast SEO plugin v27.5 - https:\/\/yoast.com\/product\/yoast-seo-wordpress\/ -->\n<title>Atletico in campo per il recupero con il Futsal Cob\u00e0 - Archivio CassanoWeb<\/title>\n<meta name=\"robots\" content=\"index, follow, max-snippet:-1, max-image-preview:large, max-video-preview:-1\" \/>\n<link rel=\"canonical\" href=\"https:\/\/archiviocassano.lavocedelpaese.info\/index.php\/2021\/01\/26\/atletico-in-campo-per-il-recupero-con-il-futsal-coba\/\" \/>\n<meta property=\"og:locale\" content=\"it_IT\" \/>\n<meta property=\"og:type\" content=\"article\" \/>\n<meta property=\"og:title\" content=\"Atletico in campo per il recupero con il Futsal Cob\u00e0 - Archivio CassanoWeb\" \/>\n<meta property=\"og:url\" content=\"https:\/\/archiviocassano.lavocedelpaese.info\/index.php\/2021\/01\/26\/atletico-in-campo-per-il-recupero-con-il-futsal-coba\/\" \/>\n<meta property=\"og:site_name\" content=\"Archivio CassanoWeb\" \/>\n<meta property=\"article:publisher\" content=\"https:\/\/www.facebook.com\/redazione.cassanoweb\" \/>\n<meta property=\"article:published_time\" content=\"2021-01-26T07:13:10+00:00\" \/>\n<meta property=\"og:image\" content=\"https:\/\/live.staticflickr.com\/65535\/50742852986_c260022e96_n.jpg\" \/>\n<meta name=\"author\" content=\"admin\" \/>\n<meta name=\"twitter:card\" content=\"summary_large_image\" \/>\n<meta name=\"twitter:label1\" content=\"Scritto da\" \/>\n\t<meta name=\"twitter:data1\" content=\"admin\" \/>\n\t<meta name=\"twitter:label2\" content=\"Tempo di lettura stimato\" \/>\n\t<meta name=\"twitter:data2\" content=\"2 minuti\" \/>\n<script type=\"application\/ld+json\" class=\"yoast-schema-graph\">{\"@context\":\"https:\\\/\\\/schema.org\",\"@graph\":[{\"@type\":\"Article\",\"@id\":\"https:\\\/\\\/archiviocassano.lavocedelpaese.info\\\/index.php\\\/2021\\\/01\\\/26\\\/atletico-in-campo-per-il-recupero-con-il-futsal-coba\\\/#article\",\"isPartOf\":{\"@id\":\"https:\\\/\\\/archiviocassano.lavocedelpaese.info\\\/index.php\\\/2021\\\/01\\\/26\\\/atletico-in-campo-per-il-recupero-con-il-futsal-coba\\\/\"},\"author\":{\"name\":\"admin\",\"@id\":\"https:\\\/\\\/archiviocassano.lavocedelpaese.info\\\/#\\\/schema\\\/person\\\/df195bc79a9b4c35127cf005f92e041b\"},\"headline\":\"Atletico in campo per il recupero con il Futsal Cob\u00e0\",\"datePublished\":\"2021-01-26T07:13:10+00:00\",\"mainEntityOfPage\":{\"@id\":\"https:\\\/\\\/archiviocassano.lavocedelpaese.info\\\/index.php\\\/2021\\\/01\\\/26\\\/atletico-in-campo-per-il-recupero-con-il-futsal-coba\\\/\"},\"wordCount\":462,\"commentCount\":0,\"publisher\":{\"@id\":\"https:\\\/\\\/archiviocassano.lavocedelpaese.info\\\/#organization\"},\"image\":{\"@id\":\"https:\\\/\\\/archiviocassano.lavocedelpaese.info\\\/index.php\\\/2021\\\/01\\\/26\\\/atletico-in-campo-per-il-recupero-con-il-futsal-coba\\\/#primaryimage\"},\"thumbnailUrl\":\"https:\\\/\\\/live.staticflickr.com\\\/65535\\\/50742852986_c260022e96_n.jpg\",\"articleSection\":[\"Sport\"],\"inLanguage\":\"it-IT\",\"potentialAction\":[{\"@type\":\"CommentAction\",\"name\":\"Comment\",\"target\":[\"https:\\\/\\\/archiviocassano.lavocedelpaese.info\\\/index.php\\\/2021\\\/01\\\/26\\\/atletico-in-campo-per-il-recupero-con-il-futsal-coba\\\/#respond\"]}]},{\"@type\":\"WebPage\",\"@id\":\"https:\\\/\\\/archiviocassano.lavocedelpaese.info\\\/index.php\\\/2021\\\/01\\\/26\\\/atletico-in-campo-per-il-recupero-con-il-futsal-coba\\\/\",\"url\":\"https:\\\/\\\/archiviocassano.lavocedelpaese.info\\\/index.php\\\/2021\\\/01\\\/26\\\/atletico-in-campo-per-il-recupero-con-il-futsal-coba\\\/\",\"name\":\"Atletico in campo per il recupero con il Futsal Cob\u00e0 - Archivio CassanoWeb\",\"isPartOf\":{\"@id\":\"https:\\\/\\\/archiviocassano.lavocedelpaese.info\\\/#website\"},\"primaryImageOfPage\":{\"@id\":\"https:\\\/\\\/archiviocassano.lavocedelpaese.info\\\/index.php\\\/2021\\\/01\\\/26\\\/atletico-in-campo-per-il-recupero-con-il-futsal-coba\\\/#primaryimage\"},\"image\":{\"@id\":\"https:\\\/\\\/archiviocassano.lavocedelpaese.info\\\/index.php\\\/2021\\\/01\\\/26\\\/atletico-in-campo-per-il-recupero-con-il-futsal-coba\\\/#primaryimage\"},\"thumbnailUrl\":\"https:\\\/\\\/live.staticflickr.com\\\/65535\\\/50742852986_c260022e96_n.jpg\",\"datePublished\":\"2021-01-26T07:13:10+00:00\",\"breadcrumb\":{\"@id\":\"https:\\\/\\\/archiviocassano.lavocedelpaese.info\\\/index.php\\\/2021\\\/01\\\/26\\\/atletico-in-campo-per-il-recupero-con-il-futsal-coba\\\/#breadcrumb\"},\"inLanguage\":\"it-IT\",\"potentialAction\":[{\"@type\":\"ReadAction\",\"target\":[\"https:\\\/\\\/archiviocassano.lavocedelpaese.info\\\/index.php\\\/2021\\\/01\\\/26\\\/atletico-in-campo-per-il-recupero-con-il-futsal-coba\\\/\"]}]},{\"@type\":\"ImageObject\",\"inLanguage\":\"it-IT\",\"@id\":\"https:\\\/\\\/archiviocassano.lavocedelpaese.info\\\/index.php\\\/2021\\\/01\\\/26\\\/atletico-in-campo-per-il-recupero-con-il-futsal-coba\\\/#primaryimage\",\"url\":\"https:\\\/\\\/live.staticflickr.com\\\/65535\\\/50742852986_c260022e96_n.jpg\",\"contentUrl\":\"https:\\\/\\\/live.staticflickr.com\\\/65535\\\/50742852986_c260022e96_n.jpg\"},{\"@type\":\"BreadcrumbList\",\"@id\":\"https:\\\/\\\/archiviocassano.lavocedelpaese.info\\\/index.php\\\/2021\\\/01\\\/26\\\/atletico-in-campo-per-il-recupero-con-il-futsal-coba\\\/#breadcrumb\",\"itemListElement\":[{\"@type\":\"ListItem\",\"position\":1,\"name\":\"Home\",\"item\":\"https:\\\/\\\/archiviocassano.lavocedelpaese.info\\\/\"},{\"@type\":\"ListItem\",\"position\":2,\"name\":\"Atletico in campo per il recupero con il Futsal Cob\u00e0\"}]},{\"@type\":\"WebSite\",\"@id\":\"https:\\\/\\\/archiviocassano.lavocedelpaese.info\\\/#website\",\"url\":\"https:\\\/\\\/archiviocassano.lavocedelpaese.info\\\/\",\"name\":\"Archivio CassanoWeb\",\"description\":\"La Voce del Paese - un network di idee\",\"publisher\":{\"@id\":\"https:\\\/\\\/archiviocassano.lavocedelpaese.info\\\/#organization\"},\"potentialAction\":[{\"@type\":\"SearchAction\",\"target\":{\"@type\":\"EntryPoint\",\"urlTemplate\":\"https:\\\/\\\/archiviocassano.lavocedelpaese.info\\\/?s={search_term_string}\"},\"query-input\":{\"@type\":\"PropertyValueSpecification\",\"valueRequired\":true,\"valueName\":\"search_term_string\"}}],\"inLanguage\":\"it-IT\"},{\"@type\":\"Organization\",\"@id\":\"https:\\\/\\\/archiviocassano.lavocedelpaese.info\\\/#organization\",\"name\":\"Archivio CassanoWeb\",\"url\":\"https:\\\/\\\/archiviocassano.lavocedelpaese.info\\\/\",\"logo\":{\"@type\":\"ImageObject\",\"inLanguage\":\"it-IT\",\"@id\":\"https:\\\/\\\/archiviocassano.lavocedelpaese.info\\\/#\\\/schema\\\/logo\\\/image\\\/\",\"url\":\"https:\\\/\\\/archiviocassano.lavocedelpaese.info\\\/wp-content\\\/uploads\\\/2024\\\/08\\\/logo-rosso-2.png\",\"contentUrl\":\"https:\\\/\\\/archiviocassano.lavocedelpaese.info\\\/wp-content\\\/uploads\\\/2024\\\/08\\\/logo-rosso-2.png\",\"width\":491,\"height\":432,\"caption\":\"Archivio CassanoWeb\"},\"image\":{\"@id\":\"https:\\\/\\\/archiviocassano.lavocedelpaese.info\\\/#\\\/schema\\\/logo\\\/image\\\/\"},\"sameAs\":[\"https:\\\/\\\/www.facebook.com\\\/redazione.cassanoweb\"]},{\"@type\":\"Person\",\"@id\":\"https:\\\/\\\/archiviocassano.lavocedelpaese.info\\\/#\\\/schema\\\/person\\\/df195bc79a9b4c35127cf005f92e041b\",\"name\":\"admin\",\"image\":{\"@type\":\"ImageObject\",\"inLanguage\":\"it-IT\",\"@id\":\"https:\\\/\\\/secure.gravatar.com\\\/avatar\\\/eabba89a432e8eaa1b0207cc55f7e5340b22712b1ed80677efcf63e02ff5b235?s=96&d=mm&r=g\",\"url\":\"https:\\\/\\\/secure.gravatar.com\\\/avatar\\\/eabba89a432e8eaa1b0207cc55f7e5340b22712b1ed80677efcf63e02ff5b235?s=96&d=mm&r=g\",\"contentUrl\":\"https:\\\/\\\/secure.gravatar.com\\\/avatar\\\/eabba89a432e8eaa1b0207cc55f7e5340b22712b1ed80677efcf63e02ff5b235?s=96&d=mm&r=g\",\"caption\":\"admin\"},\"sameAs\":[\"https:\\\/\\\/archiviocassano.lavocedelpaese.info\"],\"url\":\"https:\\\/\\\/archiviocassano.lavocedelpaese.info\\\/index.php\\\/author\\\/admin_0qgz1xdp\\\/\"}]}<\/script>\n<!-- \/ Yoast SEO plugin. -->","yoast_head_json":{"title":"Atletico in campo per il recupero con il Futsal Cob\u00e0 - Archivio CassanoWeb","robots":{"index":"index","follow":"follow","max-snippet":"max-snippet:-1","max-image-preview":"max-image-preview:large","max-video-preview":"max-video-preview:-1"},"canonical":"https:\/\/archiviocassano.lavocedelpaese.info\/index.php\/2021\/01\/26\/atletico-in-campo-per-il-recupero-con-il-futsal-coba\/","og_locale":"it_IT","og_type":"article","og_title":"Atletico in campo per il recupero con il Futsal Cob\u00e0 - Archivio CassanoWeb","og_url":"https:\/\/archiviocassano.lavocedelpaese.info\/index.php\/2021\/01\/26\/atletico-in-campo-per-il-recupero-con-il-futsal-coba\/","og_site_name":"Archivio CassanoWeb","article_publisher":"https:\/\/www.facebook.com\/redazione.cassanoweb","article_published_time":"2021-01-26T07:13:10+00:00","og_image":[{"url":"https:\/\/live.staticflickr.com\/65535\/50742852986_c260022e96_n.jpg","type":"","width":"","height":""}],"author":"admin","twitter_card":"summary_large_image","twitter_misc":{"Scritto da":"admin","Tempo di lettura stimato":"2 minuti"},"schema":{"@context":"https:\/\/schema.org","@graph":[{"@type":"Article","@id":"https:\/\/archiviocassano.lavocedelpaese.info\/index.php\/2021\/01\/26\/atletico-in-campo-per-il-recupero-con-il-futsal-coba\/#article","isPartOf":{"@id":"https:\/\/archiviocassano.lavocedelpaese.info\/index.php\/2021\/01\/26\/atletico-in-campo-per-il-recupero-con-il-futsal-coba\/"},"author":{"name":"admin","@id":"https:\/\/archiviocassano.lavocedelpaese.info\/#\/schema\/person\/df195bc79a9b4c35127cf005f92e041b"},"headline":"Atletico in campo per il recupero con il Futsal Cob\u00e0","datePublished":"2021-01-26T07:13:10+00:00","mainEntityOfPage":{"@id":"https:\/\/archiviocassano.lavocedelpaese.info\/index.php\/2021\/01\/26\/atletico-in-campo-per-il-recupero-con-il-futsal-coba\/"},"wordCount":462,"commentCount":0,"publisher":{"@id":"https:\/\/archiviocassano.lavocedelpaese.info\/#organization"},"image":{"@id":"https:\/\/archiviocassano.lavocedelpaese.info\/index.php\/2021\/01\/26\/atletico-in-campo-per-il-recupero-con-il-futsal-coba\/#primaryimage"},"thumbnailUrl":"https:\/\/live.staticflickr.com\/65535\/50742852986_c260022e96_n.jpg","articleSection":["Sport"],"inLanguage":"it-IT","potentialAction":[{"@type":"CommentAction","name":"Comment","target":["https:\/\/archiviocassano.lavocedelpaese.info\/index.php\/2021\/01\/26\/atletico-in-campo-per-il-recupero-con-il-futsal-coba\/#respond"]}]},{"@type":"WebPage","@id":"https:\/\/archiviocassano.lavocedelpaese.info\/index.php\/2021\/01\/26\/atletico-in-campo-per-il-recupero-con-il-futsal-coba\/","url":"https:\/\/archiviocassano.lavocedelpaese.info\/index.php\/2021\/01\/26\/atletico-in-campo-per-il-recupero-con-il-futsal-coba\/","name":"Atletico in campo per il recupero con il Futsal Cob\u00e0 - Archivio CassanoWeb","isPartOf":{"@id":"https:\/\/archiviocassano.lavocedelpaese.info\/#website"},"primaryImageOfPage":{"@id":"https:\/\/archiviocassano.lavocedelpaese.info\/index.php\/2021\/01\/26\/atletico-in-campo-per-il-recupero-con-il-futsal-coba\/#primaryimage"},"image":{"@id":"https:\/\/archiviocassano.lavocedelpaese.info\/index.php\/2021\/01\/26\/atletico-in-campo-per-il-recupero-con-il-futsal-coba\/#primaryimage"},"thumbnailUrl":"https:\/\/live.staticflickr.com\/65535\/50742852986_c260022e96_n.jpg","datePublished":"2021-01-26T07:13:10+00:00","breadcrumb":{"@id":"https:\/\/archiviocassano.lavocedelpaese.info\/index.php\/2021\/01\/26\/atletico-in-campo-per-il-recupero-con-il-futsal-coba\/#breadcrumb"},"inLanguage":"it-IT","potentialAction":[{"@type":"ReadAction","target":["https:\/\/archiviocassano.lavocedelpaese.info\/index.php\/2021\/01\/26\/atletico-in-campo-per-il-recupero-con-il-futsal-coba\/"]}]},{"@type":"ImageObject","inLanguage":"it-IT","@id":"https:\/\/archiviocassano.lavocedelpaese.info\/index.php\/2021\/01\/26\/atletico-in-campo-per-il-recupero-con-il-futsal-coba\/#primaryimage","url":"https:\/\/live.staticflickr.com\/65535\/50742852986_c260022e96_n.jpg","contentUrl":"https:\/\/live.staticflickr.com\/65535\/50742852986_c260022e96_n.jpg"},{"@type":"BreadcrumbList","@id":"https:\/\/archiviocassano.lavocedelpaese.info\/index.php\/2021\/01\/26\/atletico-in-campo-per-il-recupero-con-il-futsal-coba\/#breadcrumb","itemListElement":[{"@type":"ListItem","position":1,"name":"Home","item":"https:\/\/archiviocassano.lavocedelpaese.info\/"},{"@type":"ListItem","position":2,"name":"Atletico in campo per il recupero con il Futsal Cob\u00e0"}]},{"@type":"WebSite","@id":"https:\/\/archiviocassano.lavocedelpaese.info\/#website","url":"https:\/\/archiviocassano.lavocedelpaese.info\/","name":"Archivio CassanoWeb","description":"La Voce del Paese - un network di idee","publisher":{"@id":"https:\/\/archiviocassano.lavocedelpaese.info\/#organization"},"potentialAction":[{"@type":"SearchAction","target":{"@type":"EntryPoint","urlTemplate":"https:\/\/archiviocassano.lavocedelpaese.info\/?s={search_term_string}"},"query-input":{"@type":"PropertyValueSpecification","valueRequired":true,"valueName":"search_term_string"}}],"inLanguage":"it-IT"},{"@type":"Organization","@id":"https:\/\/archiviocassano.lavocedelpaese.info\/#organization","name":"Archivio CassanoWeb","url":"https:\/\/archiviocassano.lavocedelpaese.info\/","logo":{"@type":"ImageObject","inLanguage":"it-IT","@id":"https:\/\/archiviocassano.lavocedelpaese.info\/#\/schema\/logo\/image\/","url":"https:\/\/archiviocassano.lavocedelpaese.info\/wp-content\/uploads\/2024\/08\/logo-rosso-2.png","contentUrl":"https:\/\/archiviocassano.lavocedelpaese.info\/wp-content\/uploads\/2024\/08\/logo-rosso-2.png","width":491,"height":432,"caption":"Archivio CassanoWeb"},"image":{"@id":"https:\/\/archiviocassano.lavocedelpaese.info\/#\/schema\/logo\/image\/"},"sameAs":["https:\/\/www.facebook.com\/redazione.cassanoweb"]},{"@type":"Person","@id":"https:\/\/archiviocassano.lavocedelpaese.info\/#\/schema\/person\/df195bc79a9b4c35127cf005f92e041b","name":"admin","image":{"@type":"ImageObject","inLanguage":"it-IT","@id":"https:\/\/secure.gravatar.com\/avatar\/eabba89a432e8eaa1b0207cc55f7e5340b22712b1ed80677efcf63e02ff5b235?s=96&d=mm&r=g","url":"https:\/\/secure.gravatar.com\/avatar\/eabba89a432e8eaa1b0207cc55f7e5340b22712b1ed80677efcf63e02ff5b235?s=96&d=mm&r=g","contentUrl":"https:\/\/secure.gravatar.com\/avatar\/eabba89a432e8eaa1b0207cc55f7e5340b22712b1ed80677efcf63e02ff5b235?s=96&d=mm&r=g","caption":"admin"},"sameAs":["https:\/\/archiviocassano.lavocedelpaese.info"],"url":"https:\/\/archiviocassano.lavocedelpaese.info\/index.php\/author\/admin_0qgz1xdp\/"}]}},"_links":{"self":[{"href":"https:\/\/archiviocassano.lavocedelpaese.info\/index.php\/wp-json\/wp\/v2\/posts\/18970","targetHints":{"allow":["GET"]}}],"collection":[{"href":"https:\/\/archiviocassano.lavocedelpaese.info\/index.php\/wp-json\/wp\/v2\/posts"}],"about":[{"href":"https:\/\/archiviocassano.lavocedelpaese.info\/index.php\/wp-json\/wp\/v2\/types\/post"}],"author":[{"embeddable":true,"href":"https:\/\/archiviocassano.lavocedelpaese.info\/index.php\/wp-json\/wp\/v2\/users\/1"}],"replies":[{"embeddable":true,"href":"https:\/\/archiviocassano.lavocedelpaese.info\/index.php\/wp-json\/wp\/v2\/comments?post=18970"}],"version-history":[{"count":0,"href":"https:\/\/archiviocassano.lavocedelpaese.info\/index.php\/wp-json\/wp\/v2\/posts\/18970\/revisions"}],"wp:attachment":[{"href":"https:\/\/archiviocassano.lavocedelpaese.info\/index.php\/wp-json\/wp\/v2\/media?parent=18970"}],"wp:term":[{"taxonomy":"category","embeddable":true,"href":"https:\/\/archiviocassano.lavocedelpaese.info\/index.php\/wp-json\/wp\/v2\/categories?post=18970"},{"taxonomy":"post_tag","embeddable":true,"href":"https:\/\/archiviocassano.lavocedelpaese.info\/index.php\/wp-json\/wp\/v2\/tags?post=18970"}],"curies":[{"name":"wp","href":"https:\/\/api.w.org\/{rel}","templated":true}]}}