{"id":18971,"date":"2021-01-26T07:33:00","date_gmt":"2021-01-26T07:33:00","guid":{"rendered":"https:\/\/archiviocassano.lavocedelpaese.info\/index.php\/2021\/01\/26\/dopo-i-fatti-di-palermo-e-forse-bari-interviene-abbaticchio-qla-colpa-e-di-tutti\/"},"modified":"2021-01-26T07:33:00","modified_gmt":"2021-01-26T07:33:00","slug":"dopo-i-fatti-di-palermo-e-forse-bari-interviene-abbaticchio-qla-colpa-e-di-tutti","status":"publish","type":"post","link":"https:\/\/archiviocassano.lavocedelpaese.info\/index.php\/2021\/01\/26\/dopo-i-fatti-di-palermo-e-forse-bari-interviene-abbaticchio-qla-colpa-e-di-tutti\/","title":{"rendered":"Minori e social, Abbaticchio: &#8220;la colpa \u00e8 di tutti!\u201d"},"content":{"rendered":"<p style=\"text-align: justify;\"><a data-flickr-embed=\"true\" href=\"https:\/\/www.flickr.com\/photos\/184752021@N05\/50876893166\/in\/dateposted-public\/\" title=\"ludovico-abbaticchio\"><img loading=\"lazy\" decoding=\"async\" src=\"https:\/\/live.staticflickr.com\/65535\/50876893166_ab1014cafe.jpg\" width=\"320\" height=\"150\" alt=\"ludovico-abbaticchio\" \/><\/a><\/p>\n<p><!--more--><\/p>\n<p style=\"text-align: justify;\">&nbsp;\u201c<em>Non ha pi\u00f9 senso dare colpe ai social, ai genitori, alla scuola, agli amici del cuore che, attraverso l\u2019utilizzo di questi strumenti, a volte educativi e spesso diseducativi, intrappolano o fanno crescere la conoscenza di una generazione che in realt\u00e0 \u00e8 sempre pi\u00f9 lontana dal mondo cosiddetto \u201csano\u201d degli adulti.&nbsp;<br \/><\/em><\/p>\n<p style=\"text-align: justify;\"><em>Vedremo, come sempre, illustri psicologi e sociologi televisivi, o scrittori di libri del momento, dare i loro pareri e le loro soluzioni su una generazione adolescenziale ormai persa e senza valori, su famiglie ormai disperate, su insegnanti incapaci e demotivati.<br \/><\/em><\/p>\n<p style=\"text-align: justify;\"><em>Certo, i social nascondono trappole, insidie, pericoli, dalla crescita del bullismo, pornografia, ludopatia e altro, fino alla competizione, gioco che pu\u00f2 portare anche alla morte una bambina di 10 anni.&nbsp;<br \/><\/em><\/p>\n<p style=\"text-align: justify;\"><em>Parlare di pi\u00f9 con loro, giocare, rispettarli come persone che possono anche scegliere \u00e8 cosa utile. Ma il tempo per loro noi adulti lo abbiamo?&nbsp;<br \/>Glielo dedichiamo?<br \/><\/em><\/p>\n<p style=\"text-align: justify;\"><em>Quando una bambina di dieci anni si stringe una cintura al collo non \u00e8 colpa di TikTok o similari, non \u00e8 colpa della famiglia, dei social, della scuola, degli amici: non \u00e8 colpa di nessuno e, se lo \u00e8, \u00e8 colpa di tutti.<br \/><\/em><\/p>\n<p style=\"text-align: justify;\"><em>I social non sono il male, anzi, proprio in questo periodo di pandemia, per molti sono stati una salvezza, un modo per darsi forza a vicenda, per tenere vivi i contatti, per lavorare, per studiare, per non sentirsi soli.&nbsp;<br \/><\/em><\/p>\n<p style=\"text-align: justify;\"><em>L\u2019assenza di amore e di attenzione verso i giovani, prima della famiglia e poi delle istituzioni, \u00e8 cosa inaccettabile!<br \/><\/em><\/p>\n<p style=\"text-align: justify;\"><em>Fa male non essere visti, non essere ascoltati, non avere nessuno vicino che ti chiede come stai, sentire intorno a s\u00e9 il vuoto o il silenzio. Vogliamo dirlo una volta per tutte che i bambini passano troppo tempo da soli?<br \/><\/em><\/p>\n<p style=\"text-align: justify;\"><em>TikTok, e simili social network, devono essere oscurati o fortemente limitati e controllati se in un sistema democratico non hanno capacit\u00e0 di autocontrollo, vogliamo parlare della identit\u00e0 digitale ad esempio?&nbsp;<br \/><\/em><\/p>\n<p style=\"text-align: justify;\"><em>Ma non basta, bisogna affiancare i ragazzi, stare con loro e ascoltarli sul serio quando rispondono alle nostre domande. Insieme a comportamenti educativi da rigenerare, \u00e8 necessario rafforzare il servizio e la funzione della Polizia Postale.<br \/><\/em><\/p>\n<p style=\"text-align: justify;\"><em>Spesso gli adulti ritengono che l\u2019adolescente debba imparare da solo, in parte giustamente, ma non \u00e8 proprio cos\u00ec.<br \/><\/em><\/p>\n<p style=\"text-align: justify;\"><em>L\u2019adulto insegna loro a vivere il quotidiano con messaggi verbali e non verbali, deve insegnare la bellezza del sogno, della fantasia, immaginare insieme a loro i progetti che nelle loro menti realizzano e consolidano.&nbsp;<br \/><\/em><\/p>\n<p style=\"text-align: justify;\"><em>Gli adulti devono ritornare anche al loro passato di adolescenti e rivivere la bellezza del coraggio giovanile, attraverso la speranza di un futuro pi\u00f9 bello e pi\u00f9 sereno.&nbsp;<br \/><\/em><\/p>\n<p style=\"text-align: justify;\"><em>I nuovi sistemi di comunicazione fanno parte della loro e della nostra vita, impariamo a governarli con intelligenza, creiamo nuovi metodi scolastici di informazione attraverso l\u2019educazione civica alla salute e all\u2019uso del digitale<\/em>\u201d.&nbsp;<\/p>\n<p>&nbsp;<\/p>\n<p style=\"text-align: right;\"><strong>&nbsp;<\/strong><\/p>\n<p style=\"text-align: right;\"><strong><strong>Ludovico Abbaticchio<\/strong><\/strong><\/p>\n<p style=\"text-align: right;\"><strong>Garante regionale dei minori e degli adolescenti<\/strong><\/p>\n","protected":false},"excerpt":{"rendered":"","protected":false},"author":1,"featured_media":0,"comment_status":"open","ping_status":"closed","sticky":false,"template":"","format":"standard","meta":{"colormag_page_container_layout":"default_layout","colormag_page_sidebar_layout":"default_layout","footnotes":""},"categories":[6],"tags":[],"class_list":["post-18971","post","type-post","status-publish","format-standard","hentry","category-cultura"],"yoast_head":"<!-- This site is optimized with the Yoast SEO plugin v27.5 - https:\/\/yoast.com\/product\/yoast-seo-wordpress\/ -->\n<title>Minori e social, Abbaticchio: &quot;la colpa \u00e8 di tutti!\u201d - Archivio CassanoWeb<\/title>\n<meta name=\"robots\" content=\"index, follow, max-snippet:-1, max-image-preview:large, max-video-preview:-1\" \/>\n<link rel=\"canonical\" href=\"https:\/\/archiviocassano.lavocedelpaese.info\/index.php\/2021\/01\/26\/dopo-i-fatti-di-palermo-e-forse-bari-interviene-abbaticchio-qla-colpa-e-di-tutti\/\" \/>\n<meta property=\"og:locale\" content=\"it_IT\" \/>\n<meta property=\"og:type\" content=\"article\" \/>\n<meta property=\"og:title\" content=\"Minori e social, Abbaticchio: &quot;la colpa \u00e8 di tutti!\u201d - Archivio CassanoWeb\" \/>\n<meta property=\"og:url\" content=\"https:\/\/archiviocassano.lavocedelpaese.info\/index.php\/2021\/01\/26\/dopo-i-fatti-di-palermo-e-forse-bari-interviene-abbaticchio-qla-colpa-e-di-tutti\/\" \/>\n<meta property=\"og:site_name\" content=\"Archivio CassanoWeb\" \/>\n<meta property=\"article:publisher\" content=\"https:\/\/www.facebook.com\/redazione.cassanoweb\" \/>\n<meta property=\"article:published_time\" content=\"2021-01-26T07:33:00+00:00\" \/>\n<meta property=\"og:image\" content=\"https:\/\/live.staticflickr.com\/65535\/50876893166_ab1014cafe.jpg\" \/>\n<meta name=\"author\" content=\"admin\" \/>\n<meta name=\"twitter:card\" content=\"summary_large_image\" \/>\n<meta name=\"twitter:label1\" content=\"Scritto da\" \/>\n\t<meta name=\"twitter:data1\" content=\"admin\" \/>\n\t<meta name=\"twitter:label2\" content=\"Tempo di lettura stimato\" \/>\n\t<meta name=\"twitter:data2\" content=\"2 minuti\" \/>\n<script type=\"application\/ld+json\" class=\"yoast-schema-graph\">{\"@context\":\"https:\\\/\\\/schema.org\",\"@graph\":[{\"@type\":\"Article\",\"@id\":\"https:\\\/\\\/archiviocassano.lavocedelpaese.info\\\/index.php\\\/2021\\\/01\\\/26\\\/dopo-i-fatti-di-palermo-e-forse-bari-interviene-abbaticchio-qla-colpa-e-di-tutti\\\/#article\",\"isPartOf\":{\"@id\":\"https:\\\/\\\/archiviocassano.lavocedelpaese.info\\\/index.php\\\/2021\\\/01\\\/26\\\/dopo-i-fatti-di-palermo-e-forse-bari-interviene-abbaticchio-qla-colpa-e-di-tutti\\\/\"},\"author\":{\"name\":\"admin\",\"@id\":\"https:\\\/\\\/archiviocassano.lavocedelpaese.info\\\/#\\\/schema\\\/person\\\/df195bc79a9b4c35127cf005f92e041b\"},\"headline\":\"Minori e social, Abbaticchio: &#8220;la colpa \u00e8 di tutti!\u201d\",\"datePublished\":\"2021-01-26T07:33:00+00:00\",\"mainEntityOfPage\":{\"@id\":\"https:\\\/\\\/archiviocassano.lavocedelpaese.info\\\/index.php\\\/2021\\\/01\\\/26\\\/dopo-i-fatti-di-palermo-e-forse-bari-interviene-abbaticchio-qla-colpa-e-di-tutti\\\/\"},\"wordCount\":490,\"commentCount\":0,\"publisher\":{\"@id\":\"https:\\\/\\\/archiviocassano.lavocedelpaese.info\\\/#organization\"},\"image\":{\"@id\":\"https:\\\/\\\/archiviocassano.lavocedelpaese.info\\\/index.php\\\/2021\\\/01\\\/26\\\/dopo-i-fatti-di-palermo-e-forse-bari-interviene-abbaticchio-qla-colpa-e-di-tutti\\\/#primaryimage\"},\"thumbnailUrl\":\"https:\\\/\\\/live.staticflickr.com\\\/65535\\\/50876893166_ab1014cafe.jpg\",\"articleSection\":[\"Cultura\"],\"inLanguage\":\"it-IT\",\"potentialAction\":[{\"@type\":\"CommentAction\",\"name\":\"Comment\",\"target\":[\"https:\\\/\\\/archiviocassano.lavocedelpaese.info\\\/index.php\\\/2021\\\/01\\\/26\\\/dopo-i-fatti-di-palermo-e-forse-bari-interviene-abbaticchio-qla-colpa-e-di-tutti\\\/#respond\"]}]},{\"@type\":\"WebPage\",\"@id\":\"https:\\\/\\\/archiviocassano.lavocedelpaese.info\\\/index.php\\\/2021\\\/01\\\/26\\\/dopo-i-fatti-di-palermo-e-forse-bari-interviene-abbaticchio-qla-colpa-e-di-tutti\\\/\",\"url\":\"https:\\\/\\\/archiviocassano.lavocedelpaese.info\\\/index.php\\\/2021\\\/01\\\/26\\\/dopo-i-fatti-di-palermo-e-forse-bari-interviene-abbaticchio-qla-colpa-e-di-tutti\\\/\",\"name\":\"Minori e social, Abbaticchio: \\\"la colpa \u00e8 di tutti!\u201d - Archivio CassanoWeb\",\"isPartOf\":{\"@id\":\"https:\\\/\\\/archiviocassano.lavocedelpaese.info\\\/#website\"},\"primaryImageOfPage\":{\"@id\":\"https:\\\/\\\/archiviocassano.lavocedelpaese.info\\\/index.php\\\/2021\\\/01\\\/26\\\/dopo-i-fatti-di-palermo-e-forse-bari-interviene-abbaticchio-qla-colpa-e-di-tutti\\\/#primaryimage\"},\"image\":{\"@id\":\"https:\\\/\\\/archiviocassano.lavocedelpaese.info\\\/index.php\\\/2021\\\/01\\\/26\\\/dopo-i-fatti-di-palermo-e-forse-bari-interviene-abbaticchio-qla-colpa-e-di-tutti\\\/#primaryimage\"},\"thumbnailUrl\":\"https:\\\/\\\/live.staticflickr.com\\\/65535\\\/50876893166_ab1014cafe.jpg\",\"datePublished\":\"2021-01-26T07:33:00+00:00\",\"breadcrumb\":{\"@id\":\"https:\\\/\\\/archiviocassano.lavocedelpaese.info\\\/index.php\\\/2021\\\/01\\\/26\\\/dopo-i-fatti-di-palermo-e-forse-bari-interviene-abbaticchio-qla-colpa-e-di-tutti\\\/#breadcrumb\"},\"inLanguage\":\"it-IT\",\"potentialAction\":[{\"@type\":\"ReadAction\",\"target\":[\"https:\\\/\\\/archiviocassano.lavocedelpaese.info\\\/index.php\\\/2021\\\/01\\\/26\\\/dopo-i-fatti-di-palermo-e-forse-bari-interviene-abbaticchio-qla-colpa-e-di-tutti\\\/\"]}]},{\"@type\":\"ImageObject\",\"inLanguage\":\"it-IT\",\"@id\":\"https:\\\/\\\/archiviocassano.lavocedelpaese.info\\\/index.php\\\/2021\\\/01\\\/26\\\/dopo-i-fatti-di-palermo-e-forse-bari-interviene-abbaticchio-qla-colpa-e-di-tutti\\\/#primaryimage\",\"url\":\"https:\\\/\\\/live.staticflickr.com\\\/65535\\\/50876893166_ab1014cafe.jpg\",\"contentUrl\":\"https:\\\/\\\/live.staticflickr.com\\\/65535\\\/50876893166_ab1014cafe.jpg\"},{\"@type\":\"BreadcrumbList\",\"@id\":\"https:\\\/\\\/archiviocassano.lavocedelpaese.info\\\/index.php\\\/2021\\\/01\\\/26\\\/dopo-i-fatti-di-palermo-e-forse-bari-interviene-abbaticchio-qla-colpa-e-di-tutti\\\/#breadcrumb\",\"itemListElement\":[{\"@type\":\"ListItem\",\"position\":1,\"name\":\"Home\",\"item\":\"https:\\\/\\\/archiviocassano.lavocedelpaese.info\\\/\"},{\"@type\":\"ListItem\",\"position\":2,\"name\":\"Minori e social, Abbaticchio: &#8220;la colpa \u00e8 di tutti!\u201d\"}]},{\"@type\":\"WebSite\",\"@id\":\"https:\\\/\\\/archiviocassano.lavocedelpaese.info\\\/#website\",\"url\":\"https:\\\/\\\/archiviocassano.lavocedelpaese.info\\\/\",\"name\":\"Archivio CassanoWeb\",\"description\":\"La Voce del Paese - un network di idee\",\"publisher\":{\"@id\":\"https:\\\/\\\/archiviocassano.lavocedelpaese.info\\\/#organization\"},\"potentialAction\":[{\"@type\":\"SearchAction\",\"target\":{\"@type\":\"EntryPoint\",\"urlTemplate\":\"https:\\\/\\\/archiviocassano.lavocedelpaese.info\\\/?s={search_term_string}\"},\"query-input\":{\"@type\":\"PropertyValueSpecification\",\"valueRequired\":true,\"valueName\":\"search_term_string\"}}],\"inLanguage\":\"it-IT\"},{\"@type\":\"Organization\",\"@id\":\"https:\\\/\\\/archiviocassano.lavocedelpaese.info\\\/#organization\",\"name\":\"Archivio CassanoWeb\",\"url\":\"https:\\\/\\\/archiviocassano.lavocedelpaese.info\\\/\",\"logo\":{\"@type\":\"ImageObject\",\"inLanguage\":\"it-IT\",\"@id\":\"https:\\\/\\\/archiviocassano.lavocedelpaese.info\\\/#\\\/schema\\\/logo\\\/image\\\/\",\"url\":\"https:\\\/\\\/archiviocassano.lavocedelpaese.info\\\/wp-content\\\/uploads\\\/2024\\\/08\\\/logo-rosso-2.png\",\"contentUrl\":\"https:\\\/\\\/archiviocassano.lavocedelpaese.info\\\/wp-content\\\/uploads\\\/2024\\\/08\\\/logo-rosso-2.png\",\"width\":491,\"height\":432,\"caption\":\"Archivio CassanoWeb\"},\"image\":{\"@id\":\"https:\\\/\\\/archiviocassano.lavocedelpaese.info\\\/#\\\/schema\\\/logo\\\/image\\\/\"},\"sameAs\":[\"https:\\\/\\\/www.facebook.com\\\/redazione.cassanoweb\"]},{\"@type\":\"Person\",\"@id\":\"https:\\\/\\\/archiviocassano.lavocedelpaese.info\\\/#\\\/schema\\\/person\\\/df195bc79a9b4c35127cf005f92e041b\",\"name\":\"admin\",\"image\":{\"@type\":\"ImageObject\",\"inLanguage\":\"it-IT\",\"@id\":\"https:\\\/\\\/secure.gravatar.com\\\/avatar\\\/eabba89a432e8eaa1b0207cc55f7e5340b22712b1ed80677efcf63e02ff5b235?s=96&d=mm&r=g\",\"url\":\"https:\\\/\\\/secure.gravatar.com\\\/avatar\\\/eabba89a432e8eaa1b0207cc55f7e5340b22712b1ed80677efcf63e02ff5b235?s=96&d=mm&r=g\",\"contentUrl\":\"https:\\\/\\\/secure.gravatar.com\\\/avatar\\\/eabba89a432e8eaa1b0207cc55f7e5340b22712b1ed80677efcf63e02ff5b235?s=96&d=mm&r=g\",\"caption\":\"admin\"},\"sameAs\":[\"https:\\\/\\\/archiviocassano.lavocedelpaese.info\"],\"url\":\"https:\\\/\\\/archiviocassano.lavocedelpaese.info\\\/index.php\\\/author\\\/admin_0qgz1xdp\\\/\"}]}<\/script>\n<!-- \/ Yoast SEO plugin. -->","yoast_head_json":{"title":"Minori e social, Abbaticchio: \"la colpa \u00e8 di tutti!\u201d - Archivio CassanoWeb","robots":{"index":"index","follow":"follow","max-snippet":"max-snippet:-1","max-image-preview":"max-image-preview:large","max-video-preview":"max-video-preview:-1"},"canonical":"https:\/\/archiviocassano.lavocedelpaese.info\/index.php\/2021\/01\/26\/dopo-i-fatti-di-palermo-e-forse-bari-interviene-abbaticchio-qla-colpa-e-di-tutti\/","og_locale":"it_IT","og_type":"article","og_title":"Minori e social, Abbaticchio: \"la colpa \u00e8 di tutti!\u201d - Archivio CassanoWeb","og_url":"https:\/\/archiviocassano.lavocedelpaese.info\/index.php\/2021\/01\/26\/dopo-i-fatti-di-palermo-e-forse-bari-interviene-abbaticchio-qla-colpa-e-di-tutti\/","og_site_name":"Archivio CassanoWeb","article_publisher":"https:\/\/www.facebook.com\/redazione.cassanoweb","article_published_time":"2021-01-26T07:33:00+00:00","og_image":[{"url":"https:\/\/live.staticflickr.com\/65535\/50876893166_ab1014cafe.jpg","type":"","width":"","height":""}],"author":"admin","twitter_card":"summary_large_image","twitter_misc":{"Scritto da":"admin","Tempo di lettura stimato":"2 minuti"},"schema":{"@context":"https:\/\/schema.org","@graph":[{"@type":"Article","@id":"https:\/\/archiviocassano.lavocedelpaese.info\/index.php\/2021\/01\/26\/dopo-i-fatti-di-palermo-e-forse-bari-interviene-abbaticchio-qla-colpa-e-di-tutti\/#article","isPartOf":{"@id":"https:\/\/archiviocassano.lavocedelpaese.info\/index.php\/2021\/01\/26\/dopo-i-fatti-di-palermo-e-forse-bari-interviene-abbaticchio-qla-colpa-e-di-tutti\/"},"author":{"name":"admin","@id":"https:\/\/archiviocassano.lavocedelpaese.info\/#\/schema\/person\/df195bc79a9b4c35127cf005f92e041b"},"headline":"Minori e social, Abbaticchio: &#8220;la colpa \u00e8 di tutti!\u201d","datePublished":"2021-01-26T07:33:00+00:00","mainEntityOfPage":{"@id":"https:\/\/archiviocassano.lavocedelpaese.info\/index.php\/2021\/01\/26\/dopo-i-fatti-di-palermo-e-forse-bari-interviene-abbaticchio-qla-colpa-e-di-tutti\/"},"wordCount":490,"commentCount":0,"publisher":{"@id":"https:\/\/archiviocassano.lavocedelpaese.info\/#organization"},"image":{"@id":"https:\/\/archiviocassano.lavocedelpaese.info\/index.php\/2021\/01\/26\/dopo-i-fatti-di-palermo-e-forse-bari-interviene-abbaticchio-qla-colpa-e-di-tutti\/#primaryimage"},"thumbnailUrl":"https:\/\/live.staticflickr.com\/65535\/50876893166_ab1014cafe.jpg","articleSection":["Cultura"],"inLanguage":"it-IT","potentialAction":[{"@type":"CommentAction","name":"Comment","target":["https:\/\/archiviocassano.lavocedelpaese.info\/index.php\/2021\/01\/26\/dopo-i-fatti-di-palermo-e-forse-bari-interviene-abbaticchio-qla-colpa-e-di-tutti\/#respond"]}]},{"@type":"WebPage","@id":"https:\/\/archiviocassano.lavocedelpaese.info\/index.php\/2021\/01\/26\/dopo-i-fatti-di-palermo-e-forse-bari-interviene-abbaticchio-qla-colpa-e-di-tutti\/","url":"https:\/\/archiviocassano.lavocedelpaese.info\/index.php\/2021\/01\/26\/dopo-i-fatti-di-palermo-e-forse-bari-interviene-abbaticchio-qla-colpa-e-di-tutti\/","name":"Minori e social, Abbaticchio: \"la colpa \u00e8 di tutti!\u201d - Archivio CassanoWeb","isPartOf":{"@id":"https:\/\/archiviocassano.lavocedelpaese.info\/#website"},"primaryImageOfPage":{"@id":"https:\/\/archiviocassano.lavocedelpaese.info\/index.php\/2021\/01\/26\/dopo-i-fatti-di-palermo-e-forse-bari-interviene-abbaticchio-qla-colpa-e-di-tutti\/#primaryimage"},"image":{"@id":"https:\/\/archiviocassano.lavocedelpaese.info\/index.php\/2021\/01\/26\/dopo-i-fatti-di-palermo-e-forse-bari-interviene-abbaticchio-qla-colpa-e-di-tutti\/#primaryimage"},"thumbnailUrl":"https:\/\/live.staticflickr.com\/65535\/50876893166_ab1014cafe.jpg","datePublished":"2021-01-26T07:33:00+00:00","breadcrumb":{"@id":"https:\/\/archiviocassano.lavocedelpaese.info\/index.php\/2021\/01\/26\/dopo-i-fatti-di-palermo-e-forse-bari-interviene-abbaticchio-qla-colpa-e-di-tutti\/#breadcrumb"},"inLanguage":"it-IT","potentialAction":[{"@type":"ReadAction","target":["https:\/\/archiviocassano.lavocedelpaese.info\/index.php\/2021\/01\/26\/dopo-i-fatti-di-palermo-e-forse-bari-interviene-abbaticchio-qla-colpa-e-di-tutti\/"]}]},{"@type":"ImageObject","inLanguage":"it-IT","@id":"https:\/\/archiviocassano.lavocedelpaese.info\/index.php\/2021\/01\/26\/dopo-i-fatti-di-palermo-e-forse-bari-interviene-abbaticchio-qla-colpa-e-di-tutti\/#primaryimage","url":"https:\/\/live.staticflickr.com\/65535\/50876893166_ab1014cafe.jpg","contentUrl":"https:\/\/live.staticflickr.com\/65535\/50876893166_ab1014cafe.jpg"},{"@type":"BreadcrumbList","@id":"https:\/\/archiviocassano.lavocedelpaese.info\/index.php\/2021\/01\/26\/dopo-i-fatti-di-palermo-e-forse-bari-interviene-abbaticchio-qla-colpa-e-di-tutti\/#breadcrumb","itemListElement":[{"@type":"ListItem","position":1,"name":"Home","item":"https:\/\/archiviocassano.lavocedelpaese.info\/"},{"@type":"ListItem","position":2,"name":"Minori e social, Abbaticchio: &#8220;la colpa \u00e8 di tutti!\u201d"}]},{"@type":"WebSite","@id":"https:\/\/archiviocassano.lavocedelpaese.info\/#website","url":"https:\/\/archiviocassano.lavocedelpaese.info\/","name":"Archivio CassanoWeb","description":"La Voce del Paese - un network di idee","publisher":{"@id":"https:\/\/archiviocassano.lavocedelpaese.info\/#organization"},"potentialAction":[{"@type":"SearchAction","target":{"@type":"EntryPoint","urlTemplate":"https:\/\/archiviocassano.lavocedelpaese.info\/?s={search_term_string}"},"query-input":{"@type":"PropertyValueSpecification","valueRequired":true,"valueName":"search_term_string"}}],"inLanguage":"it-IT"},{"@type":"Organization","@id":"https:\/\/archiviocassano.lavocedelpaese.info\/#organization","name":"Archivio CassanoWeb","url":"https:\/\/archiviocassano.lavocedelpaese.info\/","logo":{"@type":"ImageObject","inLanguage":"it-IT","@id":"https:\/\/archiviocassano.lavocedelpaese.info\/#\/schema\/logo\/image\/","url":"https:\/\/archiviocassano.lavocedelpaese.info\/wp-content\/uploads\/2024\/08\/logo-rosso-2.png","contentUrl":"https:\/\/archiviocassano.lavocedelpaese.info\/wp-content\/uploads\/2024\/08\/logo-rosso-2.png","width":491,"height":432,"caption":"Archivio CassanoWeb"},"image":{"@id":"https:\/\/archiviocassano.lavocedelpaese.info\/#\/schema\/logo\/image\/"},"sameAs":["https:\/\/www.facebook.com\/redazione.cassanoweb"]},{"@type":"Person","@id":"https:\/\/archiviocassano.lavocedelpaese.info\/#\/schema\/person\/df195bc79a9b4c35127cf005f92e041b","name":"admin","image":{"@type":"ImageObject","inLanguage":"it-IT","@id":"https:\/\/secure.gravatar.com\/avatar\/eabba89a432e8eaa1b0207cc55f7e5340b22712b1ed80677efcf63e02ff5b235?s=96&d=mm&r=g","url":"https:\/\/secure.gravatar.com\/avatar\/eabba89a432e8eaa1b0207cc55f7e5340b22712b1ed80677efcf63e02ff5b235?s=96&d=mm&r=g","contentUrl":"https:\/\/secure.gravatar.com\/avatar\/eabba89a432e8eaa1b0207cc55f7e5340b22712b1ed80677efcf63e02ff5b235?s=96&d=mm&r=g","caption":"admin"},"sameAs":["https:\/\/archiviocassano.lavocedelpaese.info"],"url":"https:\/\/archiviocassano.lavocedelpaese.info\/index.php\/author\/admin_0qgz1xdp\/"}]}},"_links":{"self":[{"href":"https:\/\/archiviocassano.lavocedelpaese.info\/index.php\/wp-json\/wp\/v2\/posts\/18971","targetHints":{"allow":["GET"]}}],"collection":[{"href":"https:\/\/archiviocassano.lavocedelpaese.info\/index.php\/wp-json\/wp\/v2\/posts"}],"about":[{"href":"https:\/\/archiviocassano.lavocedelpaese.info\/index.php\/wp-json\/wp\/v2\/types\/post"}],"author":[{"embeddable":true,"href":"https:\/\/archiviocassano.lavocedelpaese.info\/index.php\/wp-json\/wp\/v2\/users\/1"}],"replies":[{"embeddable":true,"href":"https:\/\/archiviocassano.lavocedelpaese.info\/index.php\/wp-json\/wp\/v2\/comments?post=18971"}],"version-history":[{"count":0,"href":"https:\/\/archiviocassano.lavocedelpaese.info\/index.php\/wp-json\/wp\/v2\/posts\/18971\/revisions"}],"wp:attachment":[{"href":"https:\/\/archiviocassano.lavocedelpaese.info\/index.php\/wp-json\/wp\/v2\/media?parent=18971"}],"wp:term":[{"taxonomy":"category","embeddable":true,"href":"https:\/\/archiviocassano.lavocedelpaese.info\/index.php\/wp-json\/wp\/v2\/categories?post=18971"},{"taxonomy":"post_tag","embeddable":true,"href":"https:\/\/archiviocassano.lavocedelpaese.info\/index.php\/wp-json\/wp\/v2\/tags?post=18971"}],"curies":[{"name":"wp","href":"https:\/\/api.w.org\/{rel}","templated":true}]}}