{"id":18974,"date":"2021-01-26T15:36:20","date_gmt":"2021-01-26T15:36:20","guid":{"rendered":"https:\/\/archiviocassano.lavocedelpaese.info\/index.php\/2021\/01\/26\/giorno-della-memoria-la-b-rovesciataq-in-streaming\/"},"modified":"2021-01-26T15:36:20","modified_gmt":"2021-01-26T15:36:20","slug":"giorno-della-memoria-la-b-rovesciataq-in-streaming","status":"publish","type":"post","link":"https:\/\/archiviocassano.lavocedelpaese.info\/index.php\/2021\/01\/26\/giorno-della-memoria-la-b-rovesciataq-in-streaming\/","title":{"rendered":"Giorno della Memoria: \u201cLa B rovesciata&#8221; in streaming"},"content":{"rendered":"<p><a data-flickr-embed=\"true\" href=\"https:\/\/www.flickr.com\/photos\/184752021@N05\/50878123622\/in\/dateposted-public\/\" title=\"file-10067-media\"><img loading=\"lazy\" decoding=\"async\" src=\"https:\/\/live.staticflickr.com\/65535\/50878123622_4ca5cb2187_n.jpg\" width=\"320\" height=\"150\" alt=\"file-10067-media\" \/><\/a><\/p>\n<p><!--more--><\/p>\n<p align=\"center\" style=\"text-align: justify;\"><b style=\"text-align: justify;\"><br \/>Mercoled\u00ec 27 gennaio<\/b><span style=\"text-align: justify;\">, in occasione del <\/span><b style=\"text-align: justify;\">Giorno della Memoria<\/b><span style=\"text-align: justify;\">, sar\u00e0 trasmesso <\/span><i style=\"text-align: justify;\">in streaming<\/i><span style=\"text-align: justify;\">, alle <\/span><b style=\"text-align: justify;\">ore 20.00<\/b><span style=\"text-align: justify;\">, sulla pagina facebook della Citt\u00e0 metropolitana (<\/span><a href=\"https:\/\/www.facebook.com\/cittametropolitanabari\" style=\"text-align: justify;\">https:\/\/www.facebook.com\/cittametropolitanabari<\/a><span style=\"text-align: justify;\">\/live\/), lo spettacolo \u201c<\/span><b style=\"text-align: justify;\">La B rovesciata<\/b><span style=\"text-align: justify;\">. <\/span><strong style=\"text-align: justify;\">Il Testamento dell\u2019universo concentrazionario\u201d di Francesco Lotoro, <\/strong><strong style=\"text-align: justify;\"><span style=\"font-weight: normal;\">pianista barlettano che si esibir\u00e0 sul<\/span><\/strong><span style=\"text-align: justify;\"> palco del Teatroteam di Bari con <\/span><b style=\"text-align: justify;\">l\u2019Orchestra sinfonica della Citt\u00e0 metropolitana<\/b><strong style=\"text-align: justify;\">.<\/strong><\/p>\n<p style=\"margin: 0cm 0cm 0.0001pt; text-align: justify;\"><strong><span style=\"font-weight: normal;\">Lotoro \u00e8 impegnato da oltre 30 anni nel <\/span><\/strong>recupero, studio, revisione, archiviazione, di migliaia di opere di musica composta all\u2019interno dei campi di concentramento preservandone la memoria e regalandola all&#8217;umanit\u00e0. Il concerto, diretto dallo stesso Lotoro, vedr\u00e0 anche la partecipazione del soprano, <strong>Anna Maria Stella Pansini<\/strong><b>, <\/b>del <strong><span style=\"font-weight: normal;\">tenore Nicola Sette, <\/span><\/strong><strong><span style=\"font-weight: normal;\">del baritono e voce recitante Angelo De Leonardis<\/span><\/strong><b> <\/b>e della <strong><span style=\"font-weight: normal;\">voce di Paolo Candido.<\/span><\/strong><\/p>\n<p style=\"margin: 0cm 0cm 0.0001pt; text-align: justify;\"><strong>&nbsp;<\/strong><\/p>\n<p class=\"Default\" style=\"text-align: justify;\"><span style=\"color: windowtext;\">Lo spettacolo prevede l\u2019esecuzione di <span style=\"background: white none repeat scroll 0% 0%;\">una piccola antologia di un <b>patrimonio musicale che oggi conta 8.000 partiture<\/b> recuperate e archiviate presso la <b>Fondazione Istituto di Letteratura Musicale Concentrazionaria di Barletta<\/b> scritte da <b>prigionieri politici polacchi<\/b> (Kropinski, Kulisiewicz, Leszczy?ski, Lempart G?skowa) <b>ebrei deceduti nei lager<\/b> (Berniker, Ros\u00e9) o sopravvissuti (Bogaty Lustman, Jack Garfein) sino a musiche <b>scritte da internati militari italiani<\/b> (Coppola), <b>militari britannici e statunitensi<\/b> (Berry, Lilly jr.) e il <b>compositore e avvocato Richard B\u00f6hm<\/b>, esponente della Chiesa Veterocattolica austriaca che, in qualit\u00e0 di alto funzionario della Polizia di Vienna, si oppose all&#8217;arresto di cittadini ebrei da parte delle SS e pertanto fu arrestato dopo l&#8217;Anschluss e internato a Dachau. Un repertorio enorme e sorprendente nonostante le condizioni disumane in cui ha preso forma, tra il 1933 e il 1945.&nbsp; Cori, marce, tanghi, ninna nanne, musiche da cabaret e inni religiosi che scortavano i prigionieri ai lavori forzati o fin dentro ai forni crematori.&nbsp; <strong><span style=\"color: windowtext; background: white none repeat scroll 0% 0%; font-weight: normal;\"><\/span><\/strong><\/span><\/span><\/p>\n<p style=\"text-align: justify;\">\u201c<i>Abbiamo voluto avviare questa collaborazione con Francesco Lotoro, custode della musica concentrazionaria, perch\u00e9 vogliamo sostenere la sua missione storica e artistica<\/i><span style=\"color: black; background: white none repeat scroll 0% 0%;\"> \u2013 afferma <b>Francesca Pietroforte<\/b>, consigliere metropolitano delegata alla&nbsp;Cultura, Ico, Biblioteca e Museo. <i>Un lavoro di trent&#8217;anni alla ricerca di spartiti musicali che sarebbero andati persi, merita attenzione perch\u00e9 \u00e8 capace di farci riflettere sulla tragedia della nostra storia. Abbiamo il dovere di ricordare e anche la musica pu\u00f2 avere un ruolo importante in questo, suonare quegli spartiti vuol dire ridare giustizia ai compositori chiusi nei lager e lasciarne traccia per un futuro migliore\u201d.<\/i><i><span style=\"font-size: 11pt;\"><\/span><\/i><\/span><\/p>\n<p style=\"margin: 0cm 0cm 0.0001pt; text-align: justify;\"><strong>&nbsp;<\/strong><\/p>\n<p style=\"margin: 0cm 0cm 0.0001pt; text-align: justify;\"><i><span style=\"color: black; background: white none repeat scroll 0% 0%;\">\u201cDirigere l&#8217;Orchestra della Citt\u00e0 Metropolitana di Bari \u2013 <\/span><\/i><span style=\"color: black; background: white none repeat scroll 0% 0%;\">afferma <b>Lotoro<\/b><i> &#8211; \u00e8 un grande onore, una medaglia. In giovent\u00f9 ho visto e sentito decine di volte questa orchestra diretta da mostri sacri come Marvulli e altri oggi, invece, tocca a me. Ringrazio la Citt\u00e0 Metropolitana con la consigliera Francesca Pietroforte ed il maestro Marco Renzi per la fiducia e aggiungo che le prove di questo concerto hanno creato un&#8217;atmosfera bellissima tra noi musicisti. In fondo siamo noi gli eredi di questa letteratura musicale creata nei pi\u00f9 drammatici contesti della Seconda Guerra Mondiale da musicisti immensamente pi\u00f9 sfortunati di noi. Essi non avrebbero desiderato altro che sentire la loro musica eseguita, \u00e8 arrivato il momento di ricambiare la loro fiducia nel genere umano\u201d.<\/i><\/span><\/p>\n<p class=\"Default\" style=\"text-align: justify;\"><span style=\"background: white none repeat scroll 0% 0%;\">&nbsp;<\/span><\/p>\n<p style=\"text-align: justify;\"><b><span style=\"color: black; background: white none repeat scroll 0% 0%;\">SCHEDA SPETTACOLO: \u201cLa B rovesciata\u201d<\/span><\/b><\/p>\n<p style=\"text-align: justify; background: white none repeat scroll 0% 0%;\"><span style=\"color: black;\"><br \/> L\u2019universo concentrazionario esordisce con un errore nel giugno 1940 ossia la &#8220;B&#8221; di &#8220;Arbeit macht frei&#8221; che il fabbro prigioniero polacco Jan Liwacz mont\u00f2 al rovescio all&#8217;ingresso di Auschwitz I Stammlager; una consonante capovolta si trasform\u00f2 in lettera prioritaria di richiesta d&#8217;aiuto all&#8217;Umanit\u00e0.<br \/> La persecuzione, deportazione e uccisione di musicisti dall&#8217;ascesa del nazionalsocialismo per ragioni pseudo-razziali, politiche o correlate alla Seconda Guerra Mondiale \u00e8 un evento epocale per la civilt\u00e0 occidentale; in pochi anni scomparvero compositori, direttori d&#8217;orchestra, uomini di teatro.<br \/> Nel momento pi\u00f9 tragico della Storia, l&#8217;Umanit\u00e0 avvi\u00f2 i meccanismi pi\u00f9 evoluti della conservazione scatenando una esplosione di creativit\u00e0, un testamento che l&#8217;universo concentrazionario scrisse nei Campi segnando un punto apicale dell&#8217;ingegno.<\/span><\/p>\n<p style=\"text-align: justify; background: white none repeat scroll 0% 0%;\"><span style=\"color: black;\">Non \u00e8 stato possibile salvare la vita di numerosi musicisti deportati, ma abbiamo salvato la loro musica e ci\u00f2 equivale a salvargli la vita nel suo significato universale, metastorico e metafisico.<br \/> Questa musica non ha bisogno di veicoli storici come Guerra, deportazioni, Shoah, Porrajmos; il compositore creava a prescindere dal contesto circostante, con lucidit\u00e0 mentale e tecnica. Privazioni o perdita di libert\u00e0 o disagio fisico non rappresentavano un ostacolo bens\u00ec uno stimolo.<br \/> Oggi restituiamo vita e dignit\u00e0 a migliaia di musicisti e alla loro musica scritta su quaderni, carta igienica, sacchi di juta, carta per alimenti, fondi di gamella o tramandata a memoria mentre erano ancora sui treni; riportare in auge questa musica non \u00e8 una libera scelta ma una ineludibile missione.<\/span><\/p>\n","protected":false},"excerpt":{"rendered":"","protected":false},"author":1,"featured_media":0,"comment_status":"open","ping_status":"closed","sticky":false,"template":"","format":"standard","meta":{"colormag_page_container_layout":"default_layout","colormag_page_sidebar_layout":"default_layout","footnotes":""},"categories":[6],"tags":[],"class_list":["post-18974","post","type-post","status-publish","format-standard","hentry","category-cultura"],"yoast_head":"<!-- This site is optimized with the Yoast SEO plugin v27.5 - https:\/\/yoast.com\/product\/yoast-seo-wordpress\/ -->\n<title>Giorno della Memoria: \u201cLa B rovesciata&quot; in streaming - Archivio CassanoWeb<\/title>\n<meta name=\"robots\" content=\"index, follow, max-snippet:-1, max-image-preview:large, max-video-preview:-1\" \/>\n<link rel=\"canonical\" href=\"https:\/\/archiviocassano.lavocedelpaese.info\/index.php\/2021\/01\/26\/giorno-della-memoria-la-b-rovesciataq-in-streaming\/\" \/>\n<meta property=\"og:locale\" content=\"it_IT\" \/>\n<meta property=\"og:type\" content=\"article\" \/>\n<meta property=\"og:title\" content=\"Giorno della Memoria: \u201cLa B rovesciata&quot; in streaming - Archivio CassanoWeb\" \/>\n<meta property=\"og:url\" content=\"https:\/\/archiviocassano.lavocedelpaese.info\/index.php\/2021\/01\/26\/giorno-della-memoria-la-b-rovesciataq-in-streaming\/\" \/>\n<meta property=\"og:site_name\" content=\"Archivio CassanoWeb\" \/>\n<meta property=\"article:publisher\" content=\"https:\/\/www.facebook.com\/redazione.cassanoweb\" \/>\n<meta property=\"article:published_time\" content=\"2021-01-26T15:36:20+00:00\" \/>\n<meta property=\"og:image\" content=\"https:\/\/live.staticflickr.com\/65535\/50878123622_4ca5cb2187_n.jpg\" \/>\n<meta name=\"author\" content=\"admin\" \/>\n<meta name=\"twitter:card\" content=\"summary_large_image\" \/>\n<meta name=\"twitter:label1\" content=\"Scritto da\" \/>\n\t<meta name=\"twitter:data1\" content=\"admin\" \/>\n\t<meta name=\"twitter:label2\" content=\"Tempo di lettura stimato\" \/>\n\t<meta name=\"twitter:data2\" content=\"4 minuti\" \/>\n<script type=\"application\/ld+json\" class=\"yoast-schema-graph\">{\"@context\":\"https:\\\/\\\/schema.org\",\"@graph\":[{\"@type\":\"Article\",\"@id\":\"https:\\\/\\\/archiviocassano.lavocedelpaese.info\\\/index.php\\\/2021\\\/01\\\/26\\\/giorno-della-memoria-la-b-rovesciataq-in-streaming\\\/#article\",\"isPartOf\":{\"@id\":\"https:\\\/\\\/archiviocassano.lavocedelpaese.info\\\/index.php\\\/2021\\\/01\\\/26\\\/giorno-della-memoria-la-b-rovesciataq-in-streaming\\\/\"},\"author\":{\"name\":\"admin\",\"@id\":\"https:\\\/\\\/archiviocassano.lavocedelpaese.info\\\/#\\\/schema\\\/person\\\/df195bc79a9b4c35127cf005f92e041b\"},\"headline\":\"Giorno della Memoria: \u201cLa B rovesciata&#8221; in streaming\",\"datePublished\":\"2021-01-26T15:36:20+00:00\",\"mainEntityOfPage\":{\"@id\":\"https:\\\/\\\/archiviocassano.lavocedelpaese.info\\\/index.php\\\/2021\\\/01\\\/26\\\/giorno-della-memoria-la-b-rovesciataq-in-streaming\\\/\"},\"wordCount\":752,\"commentCount\":0,\"publisher\":{\"@id\":\"https:\\\/\\\/archiviocassano.lavocedelpaese.info\\\/#organization\"},\"image\":{\"@id\":\"https:\\\/\\\/archiviocassano.lavocedelpaese.info\\\/index.php\\\/2021\\\/01\\\/26\\\/giorno-della-memoria-la-b-rovesciataq-in-streaming\\\/#primaryimage\"},\"thumbnailUrl\":\"https:\\\/\\\/live.staticflickr.com\\\/65535\\\/50878123622_4ca5cb2187_n.jpg\",\"articleSection\":[\"Cultura\"],\"inLanguage\":\"it-IT\",\"potentialAction\":[{\"@type\":\"CommentAction\",\"name\":\"Comment\",\"target\":[\"https:\\\/\\\/archiviocassano.lavocedelpaese.info\\\/index.php\\\/2021\\\/01\\\/26\\\/giorno-della-memoria-la-b-rovesciataq-in-streaming\\\/#respond\"]}]},{\"@type\":\"WebPage\",\"@id\":\"https:\\\/\\\/archiviocassano.lavocedelpaese.info\\\/index.php\\\/2021\\\/01\\\/26\\\/giorno-della-memoria-la-b-rovesciataq-in-streaming\\\/\",\"url\":\"https:\\\/\\\/archiviocassano.lavocedelpaese.info\\\/index.php\\\/2021\\\/01\\\/26\\\/giorno-della-memoria-la-b-rovesciataq-in-streaming\\\/\",\"name\":\"Giorno della Memoria: \u201cLa B rovesciata\\\" in streaming - Archivio CassanoWeb\",\"isPartOf\":{\"@id\":\"https:\\\/\\\/archiviocassano.lavocedelpaese.info\\\/#website\"},\"primaryImageOfPage\":{\"@id\":\"https:\\\/\\\/archiviocassano.lavocedelpaese.info\\\/index.php\\\/2021\\\/01\\\/26\\\/giorno-della-memoria-la-b-rovesciataq-in-streaming\\\/#primaryimage\"},\"image\":{\"@id\":\"https:\\\/\\\/archiviocassano.lavocedelpaese.info\\\/index.php\\\/2021\\\/01\\\/26\\\/giorno-della-memoria-la-b-rovesciataq-in-streaming\\\/#primaryimage\"},\"thumbnailUrl\":\"https:\\\/\\\/live.staticflickr.com\\\/65535\\\/50878123622_4ca5cb2187_n.jpg\",\"datePublished\":\"2021-01-26T15:36:20+00:00\",\"breadcrumb\":{\"@id\":\"https:\\\/\\\/archiviocassano.lavocedelpaese.info\\\/index.php\\\/2021\\\/01\\\/26\\\/giorno-della-memoria-la-b-rovesciataq-in-streaming\\\/#breadcrumb\"},\"inLanguage\":\"it-IT\",\"potentialAction\":[{\"@type\":\"ReadAction\",\"target\":[\"https:\\\/\\\/archiviocassano.lavocedelpaese.info\\\/index.php\\\/2021\\\/01\\\/26\\\/giorno-della-memoria-la-b-rovesciataq-in-streaming\\\/\"]}]},{\"@type\":\"ImageObject\",\"inLanguage\":\"it-IT\",\"@id\":\"https:\\\/\\\/archiviocassano.lavocedelpaese.info\\\/index.php\\\/2021\\\/01\\\/26\\\/giorno-della-memoria-la-b-rovesciataq-in-streaming\\\/#primaryimage\",\"url\":\"https:\\\/\\\/live.staticflickr.com\\\/65535\\\/50878123622_4ca5cb2187_n.jpg\",\"contentUrl\":\"https:\\\/\\\/live.staticflickr.com\\\/65535\\\/50878123622_4ca5cb2187_n.jpg\"},{\"@type\":\"BreadcrumbList\",\"@id\":\"https:\\\/\\\/archiviocassano.lavocedelpaese.info\\\/index.php\\\/2021\\\/01\\\/26\\\/giorno-della-memoria-la-b-rovesciataq-in-streaming\\\/#breadcrumb\",\"itemListElement\":[{\"@type\":\"ListItem\",\"position\":1,\"name\":\"Home\",\"item\":\"https:\\\/\\\/archiviocassano.lavocedelpaese.info\\\/\"},{\"@type\":\"ListItem\",\"position\":2,\"name\":\"Giorno della Memoria: \u201cLa B rovesciata&#8221; in streaming\"}]},{\"@type\":\"WebSite\",\"@id\":\"https:\\\/\\\/archiviocassano.lavocedelpaese.info\\\/#website\",\"url\":\"https:\\\/\\\/archiviocassano.lavocedelpaese.info\\\/\",\"name\":\"Archivio CassanoWeb\",\"description\":\"La Voce del Paese - un network di idee\",\"publisher\":{\"@id\":\"https:\\\/\\\/archiviocassano.lavocedelpaese.info\\\/#organization\"},\"potentialAction\":[{\"@type\":\"SearchAction\",\"target\":{\"@type\":\"EntryPoint\",\"urlTemplate\":\"https:\\\/\\\/archiviocassano.lavocedelpaese.info\\\/?s={search_term_string}\"},\"query-input\":{\"@type\":\"PropertyValueSpecification\",\"valueRequired\":true,\"valueName\":\"search_term_string\"}}],\"inLanguage\":\"it-IT\"},{\"@type\":\"Organization\",\"@id\":\"https:\\\/\\\/archiviocassano.lavocedelpaese.info\\\/#organization\",\"name\":\"Archivio CassanoWeb\",\"url\":\"https:\\\/\\\/archiviocassano.lavocedelpaese.info\\\/\",\"logo\":{\"@type\":\"ImageObject\",\"inLanguage\":\"it-IT\",\"@id\":\"https:\\\/\\\/archiviocassano.lavocedelpaese.info\\\/#\\\/schema\\\/logo\\\/image\\\/\",\"url\":\"https:\\\/\\\/archiviocassano.lavocedelpaese.info\\\/wp-content\\\/uploads\\\/2024\\\/08\\\/logo-rosso-2.png\",\"contentUrl\":\"https:\\\/\\\/archiviocassano.lavocedelpaese.info\\\/wp-content\\\/uploads\\\/2024\\\/08\\\/logo-rosso-2.png\",\"width\":491,\"height\":432,\"caption\":\"Archivio CassanoWeb\"},\"image\":{\"@id\":\"https:\\\/\\\/archiviocassano.lavocedelpaese.info\\\/#\\\/schema\\\/logo\\\/image\\\/\"},\"sameAs\":[\"https:\\\/\\\/www.facebook.com\\\/redazione.cassanoweb\"]},{\"@type\":\"Person\",\"@id\":\"https:\\\/\\\/archiviocassano.lavocedelpaese.info\\\/#\\\/schema\\\/person\\\/df195bc79a9b4c35127cf005f92e041b\",\"name\":\"admin\",\"image\":{\"@type\":\"ImageObject\",\"inLanguage\":\"it-IT\",\"@id\":\"https:\\\/\\\/secure.gravatar.com\\\/avatar\\\/eabba89a432e8eaa1b0207cc55f7e5340b22712b1ed80677efcf63e02ff5b235?s=96&d=mm&r=g\",\"url\":\"https:\\\/\\\/secure.gravatar.com\\\/avatar\\\/eabba89a432e8eaa1b0207cc55f7e5340b22712b1ed80677efcf63e02ff5b235?s=96&d=mm&r=g\",\"contentUrl\":\"https:\\\/\\\/secure.gravatar.com\\\/avatar\\\/eabba89a432e8eaa1b0207cc55f7e5340b22712b1ed80677efcf63e02ff5b235?s=96&d=mm&r=g\",\"caption\":\"admin\"},\"sameAs\":[\"https:\\\/\\\/archiviocassano.lavocedelpaese.info\"],\"url\":\"https:\\\/\\\/archiviocassano.lavocedelpaese.info\\\/index.php\\\/author\\\/admin_0qgz1xdp\\\/\"}]}<\/script>\n<!-- \/ Yoast SEO plugin. -->","yoast_head_json":{"title":"Giorno della Memoria: \u201cLa B rovesciata\" in streaming - Archivio CassanoWeb","robots":{"index":"index","follow":"follow","max-snippet":"max-snippet:-1","max-image-preview":"max-image-preview:large","max-video-preview":"max-video-preview:-1"},"canonical":"https:\/\/archiviocassano.lavocedelpaese.info\/index.php\/2021\/01\/26\/giorno-della-memoria-la-b-rovesciataq-in-streaming\/","og_locale":"it_IT","og_type":"article","og_title":"Giorno della Memoria: \u201cLa B rovesciata\" in streaming - Archivio CassanoWeb","og_url":"https:\/\/archiviocassano.lavocedelpaese.info\/index.php\/2021\/01\/26\/giorno-della-memoria-la-b-rovesciataq-in-streaming\/","og_site_name":"Archivio CassanoWeb","article_publisher":"https:\/\/www.facebook.com\/redazione.cassanoweb","article_published_time":"2021-01-26T15:36:20+00:00","og_image":[{"url":"https:\/\/live.staticflickr.com\/65535\/50878123622_4ca5cb2187_n.jpg","type":"","width":"","height":""}],"author":"admin","twitter_card":"summary_large_image","twitter_misc":{"Scritto da":"admin","Tempo di lettura stimato":"4 minuti"},"schema":{"@context":"https:\/\/schema.org","@graph":[{"@type":"Article","@id":"https:\/\/archiviocassano.lavocedelpaese.info\/index.php\/2021\/01\/26\/giorno-della-memoria-la-b-rovesciataq-in-streaming\/#article","isPartOf":{"@id":"https:\/\/archiviocassano.lavocedelpaese.info\/index.php\/2021\/01\/26\/giorno-della-memoria-la-b-rovesciataq-in-streaming\/"},"author":{"name":"admin","@id":"https:\/\/archiviocassano.lavocedelpaese.info\/#\/schema\/person\/df195bc79a9b4c35127cf005f92e041b"},"headline":"Giorno della Memoria: \u201cLa B rovesciata&#8221; in streaming","datePublished":"2021-01-26T15:36:20+00:00","mainEntityOfPage":{"@id":"https:\/\/archiviocassano.lavocedelpaese.info\/index.php\/2021\/01\/26\/giorno-della-memoria-la-b-rovesciataq-in-streaming\/"},"wordCount":752,"commentCount":0,"publisher":{"@id":"https:\/\/archiviocassano.lavocedelpaese.info\/#organization"},"image":{"@id":"https:\/\/archiviocassano.lavocedelpaese.info\/index.php\/2021\/01\/26\/giorno-della-memoria-la-b-rovesciataq-in-streaming\/#primaryimage"},"thumbnailUrl":"https:\/\/live.staticflickr.com\/65535\/50878123622_4ca5cb2187_n.jpg","articleSection":["Cultura"],"inLanguage":"it-IT","potentialAction":[{"@type":"CommentAction","name":"Comment","target":["https:\/\/archiviocassano.lavocedelpaese.info\/index.php\/2021\/01\/26\/giorno-della-memoria-la-b-rovesciataq-in-streaming\/#respond"]}]},{"@type":"WebPage","@id":"https:\/\/archiviocassano.lavocedelpaese.info\/index.php\/2021\/01\/26\/giorno-della-memoria-la-b-rovesciataq-in-streaming\/","url":"https:\/\/archiviocassano.lavocedelpaese.info\/index.php\/2021\/01\/26\/giorno-della-memoria-la-b-rovesciataq-in-streaming\/","name":"Giorno della Memoria: \u201cLa B rovesciata\" in streaming - Archivio CassanoWeb","isPartOf":{"@id":"https:\/\/archiviocassano.lavocedelpaese.info\/#website"},"primaryImageOfPage":{"@id":"https:\/\/archiviocassano.lavocedelpaese.info\/index.php\/2021\/01\/26\/giorno-della-memoria-la-b-rovesciataq-in-streaming\/#primaryimage"},"image":{"@id":"https:\/\/archiviocassano.lavocedelpaese.info\/index.php\/2021\/01\/26\/giorno-della-memoria-la-b-rovesciataq-in-streaming\/#primaryimage"},"thumbnailUrl":"https:\/\/live.staticflickr.com\/65535\/50878123622_4ca5cb2187_n.jpg","datePublished":"2021-01-26T15:36:20+00:00","breadcrumb":{"@id":"https:\/\/archiviocassano.lavocedelpaese.info\/index.php\/2021\/01\/26\/giorno-della-memoria-la-b-rovesciataq-in-streaming\/#breadcrumb"},"inLanguage":"it-IT","potentialAction":[{"@type":"ReadAction","target":["https:\/\/archiviocassano.lavocedelpaese.info\/index.php\/2021\/01\/26\/giorno-della-memoria-la-b-rovesciataq-in-streaming\/"]}]},{"@type":"ImageObject","inLanguage":"it-IT","@id":"https:\/\/archiviocassano.lavocedelpaese.info\/index.php\/2021\/01\/26\/giorno-della-memoria-la-b-rovesciataq-in-streaming\/#primaryimage","url":"https:\/\/live.staticflickr.com\/65535\/50878123622_4ca5cb2187_n.jpg","contentUrl":"https:\/\/live.staticflickr.com\/65535\/50878123622_4ca5cb2187_n.jpg"},{"@type":"BreadcrumbList","@id":"https:\/\/archiviocassano.lavocedelpaese.info\/index.php\/2021\/01\/26\/giorno-della-memoria-la-b-rovesciataq-in-streaming\/#breadcrumb","itemListElement":[{"@type":"ListItem","position":1,"name":"Home","item":"https:\/\/archiviocassano.lavocedelpaese.info\/"},{"@type":"ListItem","position":2,"name":"Giorno della Memoria: \u201cLa B rovesciata&#8221; in streaming"}]},{"@type":"WebSite","@id":"https:\/\/archiviocassano.lavocedelpaese.info\/#website","url":"https:\/\/archiviocassano.lavocedelpaese.info\/","name":"Archivio CassanoWeb","description":"La Voce del Paese - un network di idee","publisher":{"@id":"https:\/\/archiviocassano.lavocedelpaese.info\/#organization"},"potentialAction":[{"@type":"SearchAction","target":{"@type":"EntryPoint","urlTemplate":"https:\/\/archiviocassano.lavocedelpaese.info\/?s={search_term_string}"},"query-input":{"@type":"PropertyValueSpecification","valueRequired":true,"valueName":"search_term_string"}}],"inLanguage":"it-IT"},{"@type":"Organization","@id":"https:\/\/archiviocassano.lavocedelpaese.info\/#organization","name":"Archivio CassanoWeb","url":"https:\/\/archiviocassano.lavocedelpaese.info\/","logo":{"@type":"ImageObject","inLanguage":"it-IT","@id":"https:\/\/archiviocassano.lavocedelpaese.info\/#\/schema\/logo\/image\/","url":"https:\/\/archiviocassano.lavocedelpaese.info\/wp-content\/uploads\/2024\/08\/logo-rosso-2.png","contentUrl":"https:\/\/archiviocassano.lavocedelpaese.info\/wp-content\/uploads\/2024\/08\/logo-rosso-2.png","width":491,"height":432,"caption":"Archivio CassanoWeb"},"image":{"@id":"https:\/\/archiviocassano.lavocedelpaese.info\/#\/schema\/logo\/image\/"},"sameAs":["https:\/\/www.facebook.com\/redazione.cassanoweb"]},{"@type":"Person","@id":"https:\/\/archiviocassano.lavocedelpaese.info\/#\/schema\/person\/df195bc79a9b4c35127cf005f92e041b","name":"admin","image":{"@type":"ImageObject","inLanguage":"it-IT","@id":"https:\/\/secure.gravatar.com\/avatar\/eabba89a432e8eaa1b0207cc55f7e5340b22712b1ed80677efcf63e02ff5b235?s=96&d=mm&r=g","url":"https:\/\/secure.gravatar.com\/avatar\/eabba89a432e8eaa1b0207cc55f7e5340b22712b1ed80677efcf63e02ff5b235?s=96&d=mm&r=g","contentUrl":"https:\/\/secure.gravatar.com\/avatar\/eabba89a432e8eaa1b0207cc55f7e5340b22712b1ed80677efcf63e02ff5b235?s=96&d=mm&r=g","caption":"admin"},"sameAs":["https:\/\/archiviocassano.lavocedelpaese.info"],"url":"https:\/\/archiviocassano.lavocedelpaese.info\/index.php\/author\/admin_0qgz1xdp\/"}]}},"_links":{"self":[{"href":"https:\/\/archiviocassano.lavocedelpaese.info\/index.php\/wp-json\/wp\/v2\/posts\/18974","targetHints":{"allow":["GET"]}}],"collection":[{"href":"https:\/\/archiviocassano.lavocedelpaese.info\/index.php\/wp-json\/wp\/v2\/posts"}],"about":[{"href":"https:\/\/archiviocassano.lavocedelpaese.info\/index.php\/wp-json\/wp\/v2\/types\/post"}],"author":[{"embeddable":true,"href":"https:\/\/archiviocassano.lavocedelpaese.info\/index.php\/wp-json\/wp\/v2\/users\/1"}],"replies":[{"embeddable":true,"href":"https:\/\/archiviocassano.lavocedelpaese.info\/index.php\/wp-json\/wp\/v2\/comments?post=18974"}],"version-history":[{"count":0,"href":"https:\/\/archiviocassano.lavocedelpaese.info\/index.php\/wp-json\/wp\/v2\/posts\/18974\/revisions"}],"wp:attachment":[{"href":"https:\/\/archiviocassano.lavocedelpaese.info\/index.php\/wp-json\/wp\/v2\/media?parent=18974"}],"wp:term":[{"taxonomy":"category","embeddable":true,"href":"https:\/\/archiviocassano.lavocedelpaese.info\/index.php\/wp-json\/wp\/v2\/categories?post=18974"},{"taxonomy":"post_tag","embeddable":true,"href":"https:\/\/archiviocassano.lavocedelpaese.info\/index.php\/wp-json\/wp\/v2\/tags?post=18974"}],"curies":[{"name":"wp","href":"https:\/\/api.w.org\/{rel}","templated":true}]}}