{"id":19008,"date":"2021-02-09T17:09:08","date_gmt":"2021-02-09T17:09:08","guid":{"rendered":"https:\/\/archiviocassano.lavocedelpaese.info\/index.php\/2021\/02\/09\/500-gol-per-alemao-glaeser-e-vittoria-per-latletico\/"},"modified":"2021-02-09T17:09:08","modified_gmt":"2021-02-09T17:09:08","slug":"500-gol-per-alemao-glaeser-e-vittoria-per-latletico","status":"publish","type":"post","link":"https:\/\/archiviocassano.lavocedelpaese.info\/index.php\/2021\/02\/09\/500-gol-per-alemao-glaeser-e-vittoria-per-latletico\/","title":{"rendered":"500 gol per Alemao Glaeser e vittoria per l&#8217;Atletico"},"content":{"rendered":"<p><img loading=\"lazy\" decoding=\"async\" class=\" size-full wp-image-19007\" src=\"https:\/\/archiviocassano.lavocedelpaese.info\/wp-content\/uploads\/2021\/02\/glaeser.jpg\" width=\"320\" height=\"150\" alt=\"glaeser\" style=\"margin-right: 2px; margin-left: 2px;\" \/><\/p>\n<p><!--more--><\/p>\n<p>&nbsp;<\/p>\n<p style=\"text-align: justify;\">Primo successo esterno della stagione per l\u2019Atletico Cassano che, al termine di una partita giocata impeccabilmente, si \u00e8 imposto per 3-1 sul CLN CUS Molise, seconda forza del Girone C di Serie A2.<\/p>\n<p style=\"text-align: justify;\">Al PalaUniMol di Campobasso, alla sesta partita in diciotto giorni, i \u201cpellicani\u201d hanno tenuto il campo senza mai rischiare troppo: chiuso in vantaggio per 1-0 il primo tempo, gli uomini di mister Chiereghin hanno raddoppiato a met\u00e0 della ripresa per poi subire il ritorno dei padroni di casa ma Alem\u00e3o Glaeser, implacabile, ha chiuso definitivamente i giochi mettendo a segno il suo gol numero 500 in partite ufficiali in Italia (120 dei quali con i colori dell\u2019Atletico Cassano).<\/p>\n<p align=\"center\"><strong>LA PARTITA<\/strong><\/p>\n<p align=\"center\"><strong>&nbsp;<\/strong><\/p>\n<p>Mister Chiereghin ritrova Dibenedetto in porta. Con lui Perri, Caio, Moraes e Alem\u00e3o Glaeser a comporre lo <i>starting five<\/i>.<\/p>\n<p>L\u2019avvio di gara \u00e8 di marca biancoceleste con Moraes che imbuca per Alem\u00e3o Glaeser che, appena dentro l\u2019area di rigore, calcia fuori. Il CLN CUS Molise prova a rispondere con Turek, impreciso in contropiede. Ma l\u2019Atletico Cassano \u00e8 pi\u00f9 determinato e costruisce con Caio che cerca il solito Alem\u00e3o Glaeser in area di rigore: palla deviata in corner. Sugli sviluppi Perri fulmina Roman con un destro dalla distanza e porta in vantaggio i \u201cpellicani\u201d.<\/p>\n<p>Paschoal ci prova da lontano, facile per Dibenedetto che poi nega il gol anche a Debetio lanciato in banda sinistra. Nel mezzo \u00e8 D\u2019Ambrosio che impegna Ramon su assist di Caio. Poi \u00e8 solo Atletico Cassano: Cutrignelli mette in area per Lana, anticipato al momento del tiro; Perri mette alla prova i riflessi di Ramon sugli sviluppi di un calcio d\u2019angolo battuto da Lorusso; un ispiratissimo Cutrignelli colpisce la traversa, chiama alla parata Ramon e lancia Alem\u00e3o Glaeser in area di rigore, Debetio chiude. Nel finale sempre il capitano ci prova anche di sinistra da fuori area senza fortuna.<\/p>\n<p>In avvio di ripresa \u00e8 il CLN CUS Molise a spingersi in avanti, ma l\u2019Atletico Cassano si difende bene e quando i padroni di casa arrivano al tiro trovano sempre un Dibenedetto pronto a respingere i tentativi di De Lisio, Debetio, Turek e Paschoal. I \u201cpellicani\u201d non stanno a guardare e ci provano con una bella azione partita da Caio, tacco di Alem\u00e3o Glaeser che libera Cutrignelli che per\u00f2 non riesce a inquadrare lo specchio della porta. Il capitano insiste e fa tutto da solo in banda sinistra vincendo il duello in velocit\u00e0 con l\u2019avversario e calciando in porta, Roman non trattiene il pallone che finisce in rete e vale il raddoppio per l\u2019Atletico Cassano. I molisani provano a tornare in partita con Di Stefano, Turek e Di Lisio ma Dibenedetto \u00e8 una saracinesca.<\/p>\n<p>Il gol del 2-1 arriva, per\u00f2, al quarto d\u2019ora con il CLN CUS Molise che gioca con il portiere di movimento e Paschoal, con un tiro da fuori, beffa Dibenedetto. A rimettere la partita sui giusti binari ci pensa Alem\u00e3o Glaeser un minuto dopo: il suo gol numero 500 in carriera, 120 con la maglia dell\u2019Atletico Cassano, vale il 3-1 per i \u201cpellicani\u201d.<\/p>\n<p style=\"text-align: justify;\">Una vittoria meritatissima per gli uomini di mister Chiereghin che hanno affrontato l\u2019ennesima gara di questo avvio di 2021 con il piglio giusto, dimenticando la stanchezza e le gambe pesanti e raccogliendo 3 punti d\u2019oro che lanciano l\u2019Atletico Cassano a 14 punti in classifica, ad una lunghezza dall\u2019ultima posizione utile per i play off.<\/p>\n<p style=\"text-align: justify;\">Ma non c\u2019\u00e8 tempo per festeggiare, bisogna tornare subito a lavorare perch\u00e9 sabato prossimo, al PalaLivatino, i \u201cpellicani\u201d saranno ospiti del Futsal Capurso che ha dimostrato pochi giorni fa di essere squadra ostica. Servir\u00e0 tanta concentrazione e determinazione, perch\u00e9 l\u2019Atletico Cassano sta riuscendo ad invertire la rotta di questo campionato. E a questo punto crederci \u00e8 un obbligo.<\/p>\n<p align=\"center\"><strong>ALEM\u00c3O GLAESER<\/strong><\/p>\n<p>\u00c8 arrivato a Cassano delle Murge nella stagione 2016-2017, esordio dei \u201cpellicani\u201d nei campionati nazionali con la Serie B. Da allora \u00e8 stato un punto fermo del roster biancoceleste: al suo arrivo portava in dote 380 gol segnati in partite ufficiali in Italia.<\/p>\n<p>Il resto \u00e8 storia scritta con i colori biancocelesti cuciti sulla pelle: prima il traguardo dei 400 gol in Italia, poi i 100 con la maglia dell\u2019Atletico Cassano e ora, a met\u00e0 della sua quinta stagione cassanese, Alem\u00e3o Glaeser entra di diritto nella storia del futsal cassanese e nazionale: con quello segnato al CLN CUS Molise l\u2019italo-brasiliano taglia il traguardo delle 500 marcature in partite ufficiali in Italia, 120 con l\u2019Atletico Cassano.<\/p>\n<p>Con l\u2019umilt\u00e0 che lo contraddistingue, il primo pensiero di Alem\u00e3o Glaeser \u00e8 per i propri compagni: \u00ab<i>faccio fatica a trattenere le lacrime<\/i> &#8211; afferma il numero 27 dell\u2019Atletico Cassano &#8211; <i>ma in questo momento c\u2019\u00e8 un sentimento che sovrasta tutti gli altri ed \u00e8 la gratitudine soprattutto per i miei compagni di squadra, sia dell\u2019Atletico Cassano, sia delle altre squadre per cui ho giocato in Italia: il merito \u00e8 davvero tutto loro, e la mia non \u00e8 ipocrisia<\/i>\u00bb.<\/p>\n<p>E ora c\u2019\u00e8 da guardare avanti, ci sono traguardi importanti ancora a portata di mano in questa stagione, e soprattutto una carriera che \u00e8 ancora lunga per Alem\u00e3o Glaeser: \u00ab<i>dopo i 400 gol in Italia, traguardo che ho raggiunto sempre con l\u2019Atletico Cassano, sembrava impossibile arrivare a 500. Ma niente \u00e8 impossibile se la passione e la dedizione sono infinite e quindi non poniamoci limiti, sia personali, sia di squadra<\/i>\u00bb.<\/p>\n<p align=\"center\"><strong>&nbsp;<\/strong><\/p>\n<p align=\"center\"><strong>CLN CUS MOLISE \u2013 ATLETICO CASSANO 1-3 (p.t. 0-1)<\/strong><\/p>\n<p><strong>CLN CUS MOLISE<\/strong>: Roman, Di Stefano, Debetio, Paschoal, Turek; Pietrarca, Lombardi, Valletta, Triglia, Di Lisio, Barichello, Badodi. <strong>Allenatore<\/strong>: Marco Sanginario<\/p>\n<p><strong>ATLETICO CASSANO<\/strong>: Dibenedetto, Perri, Caio, Moraes, Alem\u00e3o Glaeser; Muca, Rella, Lorusso, Lana, Cutrignelli, D\u2019Ambrosio, Pellecchia. <strong>Allenatore<\/strong>: Roberto Chiereghin<\/p>\n<p><strong>ARBITRI<\/strong>: Luca Moscone di L\u2019Aquila e Fabio Maria Malandra di Avezzano<\/p>\n<p><strong>CRONO<\/strong>: Fabio Capaldi di Isernia<\/p>\n<p><strong>MARCATORI<\/strong>: 3\u201958\u2019\u2019 pt Perri (AC) &#8211; 8\u201945\u2019\u2019 st Cutrignelli (AC) &#8211; 14\u201947\u2019\u2019 st Paschoal (CCM) &#8211; 15\u201957\u2019\u2019 st Alem\u00e3o Glaeser (AC)<\/p>\n<p><strong>AMMONITI<\/strong>: 8\u201952\u2019\u2019 st Di Stefano (CCM) per simulazione &#8211; 19\u201902\u2019\u2019 st Debetio (CCM) per gioco scorretto<\/p>\n<p><strong><i>&nbsp;<\/i><\/strong><\/p>\n<p>&nbsp;<\/p>\n<p>&nbsp;<\/p>\n","protected":false},"excerpt":{"rendered":"","protected":false},"author":1,"featured_media":19007,"comment_status":"open","ping_status":"closed","sticky":false,"template":"","format":"standard","meta":{"colormag_page_container_layout":"default_layout","colormag_page_sidebar_layout":"default_layout","footnotes":""},"categories":[5],"tags":[],"class_list":["post-19008","post","type-post","status-publish","format-standard","has-post-thumbnail","hentry","category-sport"],"yoast_head":"<!-- This site is optimized with the Yoast SEO plugin v27.5 - https:\/\/yoast.com\/product\/yoast-seo-wordpress\/ -->\n<title>500 gol per Alemao Glaeser e vittoria per l&#039;Atletico - Archivio CassanoWeb<\/title>\n<meta name=\"robots\" content=\"index, follow, max-snippet:-1, max-image-preview:large, max-video-preview:-1\" \/>\n<link rel=\"canonical\" href=\"https:\/\/archiviocassano.lavocedelpaese.info\/index.php\/2021\/02\/09\/500-gol-per-alemao-glaeser-e-vittoria-per-latletico\/\" \/>\n<meta property=\"og:locale\" content=\"it_IT\" \/>\n<meta property=\"og:type\" content=\"article\" \/>\n<meta property=\"og:title\" content=\"500 gol per Alemao Glaeser e vittoria per l&#039;Atletico - Archivio CassanoWeb\" \/>\n<meta property=\"og:url\" content=\"https:\/\/archiviocassano.lavocedelpaese.info\/index.php\/2021\/02\/09\/500-gol-per-alemao-glaeser-e-vittoria-per-latletico\/\" \/>\n<meta property=\"og:site_name\" content=\"Archivio CassanoWeb\" \/>\n<meta property=\"article:publisher\" content=\"https:\/\/www.facebook.com\/redazione.cassanoweb\" \/>\n<meta property=\"article:published_time\" content=\"2021-02-09T17:09:08+00:00\" \/>\n<meta property=\"og:image\" content=\"https:\/\/archiviocassano.lavocedelpaese.info\/wp-content\/uploads\/2021\/02\/glaeser.jpg\" \/>\n\t<meta property=\"og:image:width\" content=\"1440\" \/>\n\t<meta property=\"og:image:height\" content=\"923\" \/>\n\t<meta property=\"og:image:type\" content=\"image\/jpeg\" \/>\n<meta name=\"author\" content=\"admin\" \/>\n<meta name=\"twitter:card\" content=\"summary_large_image\" \/>\n<meta name=\"twitter:label1\" content=\"Scritto da\" \/>\n\t<meta name=\"twitter:data1\" content=\"admin\" \/>\n\t<meta name=\"twitter:label2\" content=\"Tempo di lettura stimato\" \/>\n\t<meta name=\"twitter:data2\" content=\"5 minuti\" \/>\n<script type=\"application\/ld+json\" class=\"yoast-schema-graph\">{\"@context\":\"https:\\\/\\\/schema.org\",\"@graph\":[{\"@type\":\"Article\",\"@id\":\"https:\\\/\\\/archiviocassano.lavocedelpaese.info\\\/index.php\\\/2021\\\/02\\\/09\\\/500-gol-per-alemao-glaeser-e-vittoria-per-latletico\\\/#article\",\"isPartOf\":{\"@id\":\"https:\\\/\\\/archiviocassano.lavocedelpaese.info\\\/index.php\\\/2021\\\/02\\\/09\\\/500-gol-per-alemao-glaeser-e-vittoria-per-latletico\\\/\"},\"author\":{\"name\":\"admin\",\"@id\":\"https:\\\/\\\/archiviocassano.lavocedelpaese.info\\\/#\\\/schema\\\/person\\\/df195bc79a9b4c35127cf005f92e041b\"},\"headline\":\"500 gol per Alemao Glaeser e vittoria per l&#8217;Atletico\",\"datePublished\":\"2021-02-09T17:09:08+00:00\",\"mainEntityOfPage\":{\"@id\":\"https:\\\/\\\/archiviocassano.lavocedelpaese.info\\\/index.php\\\/2021\\\/02\\\/09\\\/500-gol-per-alemao-glaeser-e-vittoria-per-latletico\\\/\"},\"wordCount\":995,\"commentCount\":0,\"publisher\":{\"@id\":\"https:\\\/\\\/archiviocassano.lavocedelpaese.info\\\/#organization\"},\"image\":{\"@id\":\"https:\\\/\\\/archiviocassano.lavocedelpaese.info\\\/index.php\\\/2021\\\/02\\\/09\\\/500-gol-per-alemao-glaeser-e-vittoria-per-latletico\\\/#primaryimage\"},\"thumbnailUrl\":\"https:\\\/\\\/archiviocassano.lavocedelpaese.info\\\/wp-content\\\/uploads\\\/2021\\\/02\\\/glaeser.jpg\",\"articleSection\":[\"Sport\"],\"inLanguage\":\"it-IT\",\"potentialAction\":[{\"@type\":\"CommentAction\",\"name\":\"Comment\",\"target\":[\"https:\\\/\\\/archiviocassano.lavocedelpaese.info\\\/index.php\\\/2021\\\/02\\\/09\\\/500-gol-per-alemao-glaeser-e-vittoria-per-latletico\\\/#respond\"]}]},{\"@type\":\"WebPage\",\"@id\":\"https:\\\/\\\/archiviocassano.lavocedelpaese.info\\\/index.php\\\/2021\\\/02\\\/09\\\/500-gol-per-alemao-glaeser-e-vittoria-per-latletico\\\/\",\"url\":\"https:\\\/\\\/archiviocassano.lavocedelpaese.info\\\/index.php\\\/2021\\\/02\\\/09\\\/500-gol-per-alemao-glaeser-e-vittoria-per-latletico\\\/\",\"name\":\"500 gol per Alemao Glaeser e vittoria per l'Atletico - Archivio CassanoWeb\",\"isPartOf\":{\"@id\":\"https:\\\/\\\/archiviocassano.lavocedelpaese.info\\\/#website\"},\"primaryImageOfPage\":{\"@id\":\"https:\\\/\\\/archiviocassano.lavocedelpaese.info\\\/index.php\\\/2021\\\/02\\\/09\\\/500-gol-per-alemao-glaeser-e-vittoria-per-latletico\\\/#primaryimage\"},\"image\":{\"@id\":\"https:\\\/\\\/archiviocassano.lavocedelpaese.info\\\/index.php\\\/2021\\\/02\\\/09\\\/500-gol-per-alemao-glaeser-e-vittoria-per-latletico\\\/#primaryimage\"},\"thumbnailUrl\":\"https:\\\/\\\/archiviocassano.lavocedelpaese.info\\\/wp-content\\\/uploads\\\/2021\\\/02\\\/glaeser.jpg\",\"datePublished\":\"2021-02-09T17:09:08+00:00\",\"breadcrumb\":{\"@id\":\"https:\\\/\\\/archiviocassano.lavocedelpaese.info\\\/index.php\\\/2021\\\/02\\\/09\\\/500-gol-per-alemao-glaeser-e-vittoria-per-latletico\\\/#breadcrumb\"},\"inLanguage\":\"it-IT\",\"potentialAction\":[{\"@type\":\"ReadAction\",\"target\":[\"https:\\\/\\\/archiviocassano.lavocedelpaese.info\\\/index.php\\\/2021\\\/02\\\/09\\\/500-gol-per-alemao-glaeser-e-vittoria-per-latletico\\\/\"]}]},{\"@type\":\"ImageObject\",\"inLanguage\":\"it-IT\",\"@id\":\"https:\\\/\\\/archiviocassano.lavocedelpaese.info\\\/index.php\\\/2021\\\/02\\\/09\\\/500-gol-per-alemao-glaeser-e-vittoria-per-latletico\\\/#primaryimage\",\"url\":\"https:\\\/\\\/archiviocassano.lavocedelpaese.info\\\/wp-content\\\/uploads\\\/2021\\\/02\\\/glaeser.jpg\",\"contentUrl\":\"https:\\\/\\\/archiviocassano.lavocedelpaese.info\\\/wp-content\\\/uploads\\\/2021\\\/02\\\/glaeser.jpg\",\"width\":1440,\"height\":923,\"caption\":\"glaeser\"},{\"@type\":\"BreadcrumbList\",\"@id\":\"https:\\\/\\\/archiviocassano.lavocedelpaese.info\\\/index.php\\\/2021\\\/02\\\/09\\\/500-gol-per-alemao-glaeser-e-vittoria-per-latletico\\\/#breadcrumb\",\"itemListElement\":[{\"@type\":\"ListItem\",\"position\":1,\"name\":\"Home\",\"item\":\"https:\\\/\\\/archiviocassano.lavocedelpaese.info\\\/\"},{\"@type\":\"ListItem\",\"position\":2,\"name\":\"500 gol per Alemao Glaeser e vittoria per l&#8217;Atletico\"}]},{\"@type\":\"WebSite\",\"@id\":\"https:\\\/\\\/archiviocassano.lavocedelpaese.info\\\/#website\",\"url\":\"https:\\\/\\\/archiviocassano.lavocedelpaese.info\\\/\",\"name\":\"Archivio CassanoWeb\",\"description\":\"La Voce del Paese - un network di idee\",\"publisher\":{\"@id\":\"https:\\\/\\\/archiviocassano.lavocedelpaese.info\\\/#organization\"},\"potentialAction\":[{\"@type\":\"SearchAction\",\"target\":{\"@type\":\"EntryPoint\",\"urlTemplate\":\"https:\\\/\\\/archiviocassano.lavocedelpaese.info\\\/?s={search_term_string}\"},\"query-input\":{\"@type\":\"PropertyValueSpecification\",\"valueRequired\":true,\"valueName\":\"search_term_string\"}}],\"inLanguage\":\"it-IT\"},{\"@type\":\"Organization\",\"@id\":\"https:\\\/\\\/archiviocassano.lavocedelpaese.info\\\/#organization\",\"name\":\"Archivio CassanoWeb\",\"url\":\"https:\\\/\\\/archiviocassano.lavocedelpaese.info\\\/\",\"logo\":{\"@type\":\"ImageObject\",\"inLanguage\":\"it-IT\",\"@id\":\"https:\\\/\\\/archiviocassano.lavocedelpaese.info\\\/#\\\/schema\\\/logo\\\/image\\\/\",\"url\":\"https:\\\/\\\/archiviocassano.lavocedelpaese.info\\\/wp-content\\\/uploads\\\/2024\\\/08\\\/logo-rosso-2.png\",\"contentUrl\":\"https:\\\/\\\/archiviocassano.lavocedelpaese.info\\\/wp-content\\\/uploads\\\/2024\\\/08\\\/logo-rosso-2.png\",\"width\":491,\"height\":432,\"caption\":\"Archivio CassanoWeb\"},\"image\":{\"@id\":\"https:\\\/\\\/archiviocassano.lavocedelpaese.info\\\/#\\\/schema\\\/logo\\\/image\\\/\"},\"sameAs\":[\"https:\\\/\\\/www.facebook.com\\\/redazione.cassanoweb\"]},{\"@type\":\"Person\",\"@id\":\"https:\\\/\\\/archiviocassano.lavocedelpaese.info\\\/#\\\/schema\\\/person\\\/df195bc79a9b4c35127cf005f92e041b\",\"name\":\"admin\",\"image\":{\"@type\":\"ImageObject\",\"inLanguage\":\"it-IT\",\"@id\":\"https:\\\/\\\/secure.gravatar.com\\\/avatar\\\/eabba89a432e8eaa1b0207cc55f7e5340b22712b1ed80677efcf63e02ff5b235?s=96&d=mm&r=g\",\"url\":\"https:\\\/\\\/secure.gravatar.com\\\/avatar\\\/eabba89a432e8eaa1b0207cc55f7e5340b22712b1ed80677efcf63e02ff5b235?s=96&d=mm&r=g\",\"contentUrl\":\"https:\\\/\\\/secure.gravatar.com\\\/avatar\\\/eabba89a432e8eaa1b0207cc55f7e5340b22712b1ed80677efcf63e02ff5b235?s=96&d=mm&r=g\",\"caption\":\"admin\"},\"sameAs\":[\"https:\\\/\\\/archiviocassano.lavocedelpaese.info\"],\"url\":\"https:\\\/\\\/archiviocassano.lavocedelpaese.info\\\/index.php\\\/author\\\/admin_0qgz1xdp\\\/\"}]}<\/script>\n<!-- \/ Yoast SEO plugin. -->","yoast_head_json":{"title":"500 gol per Alemao Glaeser e vittoria per l'Atletico - Archivio CassanoWeb","robots":{"index":"index","follow":"follow","max-snippet":"max-snippet:-1","max-image-preview":"max-image-preview:large","max-video-preview":"max-video-preview:-1"},"canonical":"https:\/\/archiviocassano.lavocedelpaese.info\/index.php\/2021\/02\/09\/500-gol-per-alemao-glaeser-e-vittoria-per-latletico\/","og_locale":"it_IT","og_type":"article","og_title":"500 gol per Alemao Glaeser e vittoria per l'Atletico - Archivio CassanoWeb","og_url":"https:\/\/archiviocassano.lavocedelpaese.info\/index.php\/2021\/02\/09\/500-gol-per-alemao-glaeser-e-vittoria-per-latletico\/","og_site_name":"Archivio CassanoWeb","article_publisher":"https:\/\/www.facebook.com\/redazione.cassanoweb","article_published_time":"2021-02-09T17:09:08+00:00","og_image":[{"width":1440,"height":923,"url":"https:\/\/archiviocassano.lavocedelpaese.info\/wp-content\/uploads\/2021\/02\/glaeser.jpg","type":"image\/jpeg"}],"author":"admin","twitter_card":"summary_large_image","twitter_misc":{"Scritto da":"admin","Tempo di lettura stimato":"5 minuti"},"schema":{"@context":"https:\/\/schema.org","@graph":[{"@type":"Article","@id":"https:\/\/archiviocassano.lavocedelpaese.info\/index.php\/2021\/02\/09\/500-gol-per-alemao-glaeser-e-vittoria-per-latletico\/#article","isPartOf":{"@id":"https:\/\/archiviocassano.lavocedelpaese.info\/index.php\/2021\/02\/09\/500-gol-per-alemao-glaeser-e-vittoria-per-latletico\/"},"author":{"name":"admin","@id":"https:\/\/archiviocassano.lavocedelpaese.info\/#\/schema\/person\/df195bc79a9b4c35127cf005f92e041b"},"headline":"500 gol per Alemao Glaeser e vittoria per l&#8217;Atletico","datePublished":"2021-02-09T17:09:08+00:00","mainEntityOfPage":{"@id":"https:\/\/archiviocassano.lavocedelpaese.info\/index.php\/2021\/02\/09\/500-gol-per-alemao-glaeser-e-vittoria-per-latletico\/"},"wordCount":995,"commentCount":0,"publisher":{"@id":"https:\/\/archiviocassano.lavocedelpaese.info\/#organization"},"image":{"@id":"https:\/\/archiviocassano.lavocedelpaese.info\/index.php\/2021\/02\/09\/500-gol-per-alemao-glaeser-e-vittoria-per-latletico\/#primaryimage"},"thumbnailUrl":"https:\/\/archiviocassano.lavocedelpaese.info\/wp-content\/uploads\/2021\/02\/glaeser.jpg","articleSection":["Sport"],"inLanguage":"it-IT","potentialAction":[{"@type":"CommentAction","name":"Comment","target":["https:\/\/archiviocassano.lavocedelpaese.info\/index.php\/2021\/02\/09\/500-gol-per-alemao-glaeser-e-vittoria-per-latletico\/#respond"]}]},{"@type":"WebPage","@id":"https:\/\/archiviocassano.lavocedelpaese.info\/index.php\/2021\/02\/09\/500-gol-per-alemao-glaeser-e-vittoria-per-latletico\/","url":"https:\/\/archiviocassano.lavocedelpaese.info\/index.php\/2021\/02\/09\/500-gol-per-alemao-glaeser-e-vittoria-per-latletico\/","name":"500 gol per Alemao Glaeser e vittoria per l'Atletico - Archivio CassanoWeb","isPartOf":{"@id":"https:\/\/archiviocassano.lavocedelpaese.info\/#website"},"primaryImageOfPage":{"@id":"https:\/\/archiviocassano.lavocedelpaese.info\/index.php\/2021\/02\/09\/500-gol-per-alemao-glaeser-e-vittoria-per-latletico\/#primaryimage"},"image":{"@id":"https:\/\/archiviocassano.lavocedelpaese.info\/index.php\/2021\/02\/09\/500-gol-per-alemao-glaeser-e-vittoria-per-latletico\/#primaryimage"},"thumbnailUrl":"https:\/\/archiviocassano.lavocedelpaese.info\/wp-content\/uploads\/2021\/02\/glaeser.jpg","datePublished":"2021-02-09T17:09:08+00:00","breadcrumb":{"@id":"https:\/\/archiviocassano.lavocedelpaese.info\/index.php\/2021\/02\/09\/500-gol-per-alemao-glaeser-e-vittoria-per-latletico\/#breadcrumb"},"inLanguage":"it-IT","potentialAction":[{"@type":"ReadAction","target":["https:\/\/archiviocassano.lavocedelpaese.info\/index.php\/2021\/02\/09\/500-gol-per-alemao-glaeser-e-vittoria-per-latletico\/"]}]},{"@type":"ImageObject","inLanguage":"it-IT","@id":"https:\/\/archiviocassano.lavocedelpaese.info\/index.php\/2021\/02\/09\/500-gol-per-alemao-glaeser-e-vittoria-per-latletico\/#primaryimage","url":"https:\/\/archiviocassano.lavocedelpaese.info\/wp-content\/uploads\/2021\/02\/glaeser.jpg","contentUrl":"https:\/\/archiviocassano.lavocedelpaese.info\/wp-content\/uploads\/2021\/02\/glaeser.jpg","width":1440,"height":923,"caption":"glaeser"},{"@type":"BreadcrumbList","@id":"https:\/\/archiviocassano.lavocedelpaese.info\/index.php\/2021\/02\/09\/500-gol-per-alemao-glaeser-e-vittoria-per-latletico\/#breadcrumb","itemListElement":[{"@type":"ListItem","position":1,"name":"Home","item":"https:\/\/archiviocassano.lavocedelpaese.info\/"},{"@type":"ListItem","position":2,"name":"500 gol per Alemao Glaeser e vittoria per l&#8217;Atletico"}]},{"@type":"WebSite","@id":"https:\/\/archiviocassano.lavocedelpaese.info\/#website","url":"https:\/\/archiviocassano.lavocedelpaese.info\/","name":"Archivio CassanoWeb","description":"La Voce del Paese - un network di idee","publisher":{"@id":"https:\/\/archiviocassano.lavocedelpaese.info\/#organization"},"potentialAction":[{"@type":"SearchAction","target":{"@type":"EntryPoint","urlTemplate":"https:\/\/archiviocassano.lavocedelpaese.info\/?s={search_term_string}"},"query-input":{"@type":"PropertyValueSpecification","valueRequired":true,"valueName":"search_term_string"}}],"inLanguage":"it-IT"},{"@type":"Organization","@id":"https:\/\/archiviocassano.lavocedelpaese.info\/#organization","name":"Archivio CassanoWeb","url":"https:\/\/archiviocassano.lavocedelpaese.info\/","logo":{"@type":"ImageObject","inLanguage":"it-IT","@id":"https:\/\/archiviocassano.lavocedelpaese.info\/#\/schema\/logo\/image\/","url":"https:\/\/archiviocassano.lavocedelpaese.info\/wp-content\/uploads\/2024\/08\/logo-rosso-2.png","contentUrl":"https:\/\/archiviocassano.lavocedelpaese.info\/wp-content\/uploads\/2024\/08\/logo-rosso-2.png","width":491,"height":432,"caption":"Archivio CassanoWeb"},"image":{"@id":"https:\/\/archiviocassano.lavocedelpaese.info\/#\/schema\/logo\/image\/"},"sameAs":["https:\/\/www.facebook.com\/redazione.cassanoweb"]},{"@type":"Person","@id":"https:\/\/archiviocassano.lavocedelpaese.info\/#\/schema\/person\/df195bc79a9b4c35127cf005f92e041b","name":"admin","image":{"@type":"ImageObject","inLanguage":"it-IT","@id":"https:\/\/secure.gravatar.com\/avatar\/eabba89a432e8eaa1b0207cc55f7e5340b22712b1ed80677efcf63e02ff5b235?s=96&d=mm&r=g","url":"https:\/\/secure.gravatar.com\/avatar\/eabba89a432e8eaa1b0207cc55f7e5340b22712b1ed80677efcf63e02ff5b235?s=96&d=mm&r=g","contentUrl":"https:\/\/secure.gravatar.com\/avatar\/eabba89a432e8eaa1b0207cc55f7e5340b22712b1ed80677efcf63e02ff5b235?s=96&d=mm&r=g","caption":"admin"},"sameAs":["https:\/\/archiviocassano.lavocedelpaese.info"],"url":"https:\/\/archiviocassano.lavocedelpaese.info\/index.php\/author\/admin_0qgz1xdp\/"}]}},"_links":{"self":[{"href":"https:\/\/archiviocassano.lavocedelpaese.info\/index.php\/wp-json\/wp\/v2\/posts\/19008","targetHints":{"allow":["GET"]}}],"collection":[{"href":"https:\/\/archiviocassano.lavocedelpaese.info\/index.php\/wp-json\/wp\/v2\/posts"}],"about":[{"href":"https:\/\/archiviocassano.lavocedelpaese.info\/index.php\/wp-json\/wp\/v2\/types\/post"}],"author":[{"embeddable":true,"href":"https:\/\/archiviocassano.lavocedelpaese.info\/index.php\/wp-json\/wp\/v2\/users\/1"}],"replies":[{"embeddable":true,"href":"https:\/\/archiviocassano.lavocedelpaese.info\/index.php\/wp-json\/wp\/v2\/comments?post=19008"}],"version-history":[{"count":0,"href":"https:\/\/archiviocassano.lavocedelpaese.info\/index.php\/wp-json\/wp\/v2\/posts\/19008\/revisions"}],"wp:featuredmedia":[{"embeddable":true,"href":"https:\/\/archiviocassano.lavocedelpaese.info\/index.php\/wp-json\/wp\/v2\/media\/19007"}],"wp:attachment":[{"href":"https:\/\/archiviocassano.lavocedelpaese.info\/index.php\/wp-json\/wp\/v2\/media?parent=19008"}],"wp:term":[{"taxonomy":"category","embeddable":true,"href":"https:\/\/archiviocassano.lavocedelpaese.info\/index.php\/wp-json\/wp\/v2\/categories?post=19008"},{"taxonomy":"post_tag","embeddable":true,"href":"https:\/\/archiviocassano.lavocedelpaese.info\/index.php\/wp-json\/wp\/v2\/tags?post=19008"}],"curies":[{"name":"wp","href":"https:\/\/api.w.org\/{rel}","templated":true}]}}