{"id":19179,"date":"2021-04-13T14:56:34","date_gmt":"2021-04-13T14:56:34","guid":{"rendered":"https:\/\/archiviocassano.lavocedelpaese.info\/index.php\/2021\/04\/13\/giustino-alle-minoranze-ce-chi-specula-sulle-paure-e-chilavora-il-vicesindaco-annuncia-larrivo-della-autorizzazione-per-il-centro-comunale-vaccinazioni\/"},"modified":"2021-04-13T14:56:34","modified_gmt":"2021-04-13T14:56:34","slug":"giustino-alle-minoranze-ce-chi-specula-sulle-paure-e-chilavora-il-vicesindaco-annuncia-larrivo-della-autorizzazione-per-il-centro-comunale-vaccinazioni","status":"publish","type":"post","link":"https:\/\/archiviocassano.lavocedelpaese.info\/index.php\/2021\/04\/13\/giustino-alle-minoranze-ce-chi-specula-sulle-paure-e-chilavora-il-vicesindaco-annuncia-larrivo-della-autorizzazione-per-il-centro-comunale-vaccinazioni\/","title":{"rendered":"Giustino: autorizzato il Centro Comunale Vaccinazioni"},"content":{"rendered":"<p style=\"text-align: justify;\"><a data-flickr-embed=\"true\" href=\"https:\/\/www.flickr.com\/photos\/184752021@N05\/49024706838\/in\/dateposted\/\" title=\"WhatsApp Image 2019-11-06 at 18.06.38 (1)\"><img loading=\"lazy\" decoding=\"async\" src=\"https:\/\/live.staticflickr.com\/65535\/49024706838_cd1b721cfe_z.jpg\" width=\"320\" height=\"150\" alt=\"WhatsApp Image 2019-11-06 at 18.06.38 (1)\" \/><\/a><\/p>\n<p><!--more--><\/p>\n<p style=\"text-align: justify;\">Anche Cassano ha ottenuto dalla Asl l&#8217;autorizzazione della Asl ad allestire il Centro Comunale Vaccinazioni: lo dice in una nota i<strong>l vice-sindaco del Comune di Cassano delle Murge Angelo Giustino.<\/strong><\/p>\n<p style=\"text-align: justify;\"><a href=\"attualita\/30394-covid-19-in-allestimento-il-ccv-a-cassano-poi-dovra-essere-autorizzato-dalla-asl-di-medio-medici-di-base-pronti-a-vaccinare-contagi-stazionari-nelle-ultime-24ore.html\" target=\"_blank\" rel=\"noopener\">Come anticipato da questo giornale, <\/a>infatti, presso la palestra dell&#8217;Istituto &#8220;Leonardo da Vinci&#8221; \u00e8 stato allestito il CCV per vaccinare contro il Covid-19 innanzitutto gli anziani e le persone fragili che ancora non sono riusciti a riceverlo quindi tutte le altre fasce della popolazione e ad operarre saranno i Medici di Base e i Pediatri di libera scelta di Cassano.<\/p>\n<div>\n<div dir=\"auto\">\n<div data-ad-comet-preview=\"message\" data-ad-preview=\"message\">\n<div dir=\"auto\" style=\"text-align: justify;\">&nbsp;Si attende ora la consegna dei vaccini: questa mattina sono stati consegnati a tutti i Medici di famiglia di Cassano che provvederanno a inocularli presso le persone fragili e anziane che ne hanno fatto richiesta a domicilio, avendo problemi a deambulare.<\/div>\n<div dir=\"auto\" style=\"text-align: justify;\">&nbsp;<\/div>\n<div dir=\"auto\" style=\"text-align: justify;\">Ma Giustino non perde l&#8217;occasione di lanciare una stilettata politica alle opposizioni che <a href=\"attualita\/30399-le-minoranze-protestano-qcassanesi-senza-un-centro-vaccinale-q.html\" target=\"_blank\" rel=\"noopener\">proprio oggi in una nota avevano criticato l&#8217;operato del&#8217;Amministrazione Di Medio<\/a>&nbsp;su questo tema.<\/div>\n<div dir=\"auto\" style=\"text-align: justify;\">&nbsp;<\/div>\n<div dir=\"auto\" style=\"text-align: justify;\"><em>&#8220;Lo sciacallaggio politico, di suo, ha sempre poco di edificante, ma quando questo ha per oggetto la pandemia, rivela la vera essenza di chi lo pone in essere&#8221;, <\/em>scrive Giustino.<\/div>\n<div dir=\"auto\"><em>&nbsp;<\/em><\/div>\n<div dir=\"auto\">Che aggiunge:<em> &#8220;Salire sul pulpito e lanciare accuse con il solo fine di acquisire visibilit\u00e0, se ad oggetto ha il COVID, mostra il totale disinteresse per il bene comune.&nbsp;Delegittimare le Istituzioni, in questa fase, dimostra lo scarso senso di responsabilit\u00e0 nei confronti dei Medici, Infermieri, Operatori sanitari, spesso volontari, che quotidianamente salvano vite mettendo a repentaglio la loro.<\/em><\/div>\n<div dir=\"auto\"><em>&nbsp;<\/em><\/div>\n<div dir=\"auto\"><em>La polemica STRUMENTALE su questo argomento OFFENDE i tanti nostri concittadini che piangono, soffrono e muoiono.&nbsp;Ma la sensibilit\u00e0, si sa, \u00e8 cosa soggettiva.<\/em><\/div>\n<div dir=\"auto\"><em>&nbsp;<\/em><\/div>\n<div dir=\"auto\"><em>A Cassano mentre un Partito, fuori dal Consiglio Comunale, manifesta disponibilit\u00e0 a collaborare, le opposizioni consigliari (per due quinti costituite da OPERATORI SANITARI), si limitano \u2013 ERRANDO- ad ammirare il giardino del vicino.<\/em><\/div>\n<div dir=\"auto\"><em>&nbsp;<\/em><\/div>\n<div dir=\"auto\"><em>Una cosa \u00e8 il senso di squadra, altro \u00e8 il senso di responsabilit\u00e0 nei confronti di una popolazione spaventata, stremata dalle limitazioni alla libert\u00e0 e dal senso di angoscia dovuto dalle difficolt\u00e0 economiche del periodo.&nbsp;Gi\u00e0, la politica \u00e8 cosa seria quando viene esercitata per il bene collettivo, non anche quando la si esercita per la vanesia ricerca di visibilit\u00e0.<\/em><\/div>\n<div dir=\"auto\"><em>&nbsp;<\/em><\/div>\n<div dir=\"auto\"><em>Ora aspettiamo i vaccini!&#8221;<\/em>, conclude il vice-sindaco.&nbsp;<\/div>\n<div dir=\"auto\">&nbsp;<\/div>\n<div dir=\"auto\">&nbsp;<\/div>\n<div dir=\"auto\"><em>Di seguito, la lettera con cui la Asl comunica al Comune l&#8217;autorizzazione ad effettuare le vaccinazioni a Cassano.<\/em><\/div>\n<div dir=\"auto\">&nbsp;<\/div>\n<\/div>\n<\/div>\n<div>\n<div>\n<div><a href=\"https:\/\/www.facebook.com\/photo\/?fbid=4105199636165049&amp;set=a.1647756078576096&amp;__cft__[0]=AZWBKiHr4lp6riStVLV913ZcGyG2D_6bX6dDmVhQubgmOC1ztr3gKxluKQsZh1g6y6vV3V9f8Ci__t9hy1NxRzDuw0Gz2I7D6RIu2W6aVgJovEyvMOe4NyATsbwcE5G2Yms&amp;__tn__=EH-R\" role=\"link\" tabindex=\"0\"><\/p>\n<div>\n<div>\n<div>\n<div><img loading=\"lazy\" decoding=\"async\" height=\"1193\" width=\"843\" alt=\"Nessuna descrizione della foto disponibile.\" referrerpolicy=\"origin-when-cross-origin\" src=\"https:\/\/scontent.fmxp6-1.fna.fbcdn.net\/v\/t1.6435-9\/p843x403\/174113536_4105199639498382_2737925269870769046_n.jpg?_nc_cat=105&amp;ccb=1-3&amp;_nc_sid=730e14&amp;_nc_ohc=z6_Mr_xEefEAX-0DDOk&amp;_nc_ht=scontent.fmxp6-1.fna&amp;tp=6&amp;oh=7aeee1b0867af48f2916ced8e5585751&amp;oe=609A33E8\" \/><\/div>\n<\/div>\n<\/div>\n<\/div>\n<div>&nbsp;<\/div>\n<div data-visualcompletion=\"ignore\">&nbsp;<\/div>\n<p><\/a><\/div>\n<\/div>\n<div>&nbsp;<\/div>\n<\/div>\n<\/div>\n<div>\n<div>\n<div><a href=\"https:\/\/www.facebook.com\/coronavirus_info\/?page_source=faxit&amp;hoisted_module_type=covid_vaccine_development&amp;__cft__[0]=AZWBKiHr4lp6riStVLV913ZcGyG2D_6bX6dDmVhQubgmOC1ztr3gKxluKQsZh1g6y6vV3V9f8Ci__t9hy1NxRzDuw0Gz2I7D6RIu2W6aVgJovEyvMOe4NyATsbwcE5G2Yms&amp;__tn__=*W-R\" role=\"link\" tabindex=\"0\"><\/p>\n<div>\n<div>\n<div>\n<div>&nbsp;<\/div>\n<\/div>\n<div>\n<div>\n<div>Visita il Centro informazioni sul COVID-19 per risorse sui vaccini.<\/div>\n<div>Ottieni informazioni sui vaccini<\/div>\n<\/div>\n<\/div>\n<div>\n<div>\n<div aria-label=\"Rimuovi\" role=\"button\" tabindex=\"0\"><i><\/i><\/p>\n<div data-visualcompletion=\"ignore\">&nbsp;<\/div>\n<\/div>\n<\/div>\n<\/div>\n<\/div>\n<\/div>\n<div data-visualcompletion=\"ignore\">&nbsp;<\/div>\n<p><\/a><\/div>\n<\/div>\n<\/div>\n<div>\n<div data-visualcompletion=\"ignore-dynamic\">\n<div>\n<div>\n<div>\n<div>\n<div>\n<div>\n<div aria-label=\"Mi piace: 1 persona\" role=\"button\" tabindex=\"0\">&nbsp;<\/div>\n<div>\n<div role=\"button\" tabindex=\"0\">11<\/p>\n<p>&nbsp;<\/p>\n<\/div>\n<\/div>\n<\/div>\n<div>&nbsp;<\/div>\n<\/div>\n<\/div>\n<\/div>\n<\/div>\n<\/div>\n<\/div>\n<\/div>\n<p>&nbsp;<\/p>\n","protected":false},"excerpt":{"rendered":"","protected":false},"author":1,"featured_media":0,"comment_status":"open","ping_status":"closed","sticky":false,"template":"","format":"standard","meta":{"colormag_page_container_layout":"default_layout","colormag_page_sidebar_layout":"default_layout","footnotes":""},"categories":[7],"tags":[],"class_list":["post-19179","post","type-post","status-publish","format-standard","hentry","category-attualita"],"yoast_head":"<!-- This site is optimized with the Yoast SEO plugin v27.5 - https:\/\/yoast.com\/product\/yoast-seo-wordpress\/ -->\n<title>Giustino: autorizzato il Centro Comunale Vaccinazioni - Archivio CassanoWeb<\/title>\n<meta name=\"robots\" content=\"index, follow, max-snippet:-1, max-image-preview:large, max-video-preview:-1\" \/>\n<link rel=\"canonical\" href=\"https:\/\/archiviocassano.lavocedelpaese.info\/index.php\/2021\/04\/13\/giustino-alle-minoranze-ce-chi-specula-sulle-paure-e-chilavora-il-vicesindaco-annuncia-larrivo-della-autorizzazione-per-il-centro-comunale-vaccinazioni\/\" \/>\n<meta property=\"og:locale\" content=\"it_IT\" \/>\n<meta property=\"og:type\" content=\"article\" \/>\n<meta property=\"og:title\" content=\"Giustino: autorizzato il Centro Comunale Vaccinazioni - Archivio CassanoWeb\" \/>\n<meta property=\"og:url\" content=\"https:\/\/archiviocassano.lavocedelpaese.info\/index.php\/2021\/04\/13\/giustino-alle-minoranze-ce-chi-specula-sulle-paure-e-chilavora-il-vicesindaco-annuncia-larrivo-della-autorizzazione-per-il-centro-comunale-vaccinazioni\/\" \/>\n<meta property=\"og:site_name\" content=\"Archivio CassanoWeb\" \/>\n<meta property=\"article:publisher\" content=\"https:\/\/www.facebook.com\/redazione.cassanoweb\" \/>\n<meta property=\"article:published_time\" content=\"2021-04-13T14:56:34+00:00\" \/>\n<meta property=\"og:image\" content=\"https:\/\/live.staticflickr.com\/65535\/49024706838_cd1b721cfe_z.jpg\" \/>\n<meta name=\"author\" content=\"admin\" \/>\n<meta name=\"twitter:card\" content=\"summary_large_image\" \/>\n<meta name=\"twitter:label1\" content=\"Scritto da\" \/>\n\t<meta name=\"twitter:data1\" content=\"admin\" \/>\n\t<meta name=\"twitter:label2\" content=\"Tempo di lettura stimato\" \/>\n\t<meta name=\"twitter:data2\" content=\"2 minuti\" \/>\n<script type=\"application\/ld+json\" class=\"yoast-schema-graph\">{\"@context\":\"https:\\\/\\\/schema.org\",\"@graph\":[{\"@type\":\"Article\",\"@id\":\"https:\\\/\\\/archiviocassano.lavocedelpaese.info\\\/index.php\\\/2021\\\/04\\\/13\\\/giustino-alle-minoranze-ce-chi-specula-sulle-paure-e-chilavora-il-vicesindaco-annuncia-larrivo-della-autorizzazione-per-il-centro-comunale-vaccinazioni\\\/#article\",\"isPartOf\":{\"@id\":\"https:\\\/\\\/archiviocassano.lavocedelpaese.info\\\/index.php\\\/2021\\\/04\\\/13\\\/giustino-alle-minoranze-ce-chi-specula-sulle-paure-e-chilavora-il-vicesindaco-annuncia-larrivo-della-autorizzazione-per-il-centro-comunale-vaccinazioni\\\/\"},\"author\":{\"name\":\"admin\",\"@id\":\"https:\\\/\\\/archiviocassano.lavocedelpaese.info\\\/#\\\/schema\\\/person\\\/df195bc79a9b4c35127cf005f92e041b\"},\"headline\":\"Giustino: autorizzato il Centro Comunale Vaccinazioni\",\"datePublished\":\"2021-04-13T14:56:34+00:00\",\"mainEntityOfPage\":{\"@id\":\"https:\\\/\\\/archiviocassano.lavocedelpaese.info\\\/index.php\\\/2021\\\/04\\\/13\\\/giustino-alle-minoranze-ce-chi-specula-sulle-paure-e-chilavora-il-vicesindaco-annuncia-larrivo-della-autorizzazione-per-il-centro-comunale-vaccinazioni\\\/\"},\"wordCount\":435,\"commentCount\":0,\"publisher\":{\"@id\":\"https:\\\/\\\/archiviocassano.lavocedelpaese.info\\\/#organization\"},\"image\":{\"@id\":\"https:\\\/\\\/archiviocassano.lavocedelpaese.info\\\/index.php\\\/2021\\\/04\\\/13\\\/giustino-alle-minoranze-ce-chi-specula-sulle-paure-e-chilavora-il-vicesindaco-annuncia-larrivo-della-autorizzazione-per-il-centro-comunale-vaccinazioni\\\/#primaryimage\"},\"thumbnailUrl\":\"https:\\\/\\\/live.staticflickr.com\\\/65535\\\/49024706838_cd1b721cfe_z.jpg\",\"articleSection\":[\"Attualit\u00e0\"],\"inLanguage\":\"it-IT\",\"potentialAction\":[{\"@type\":\"CommentAction\",\"name\":\"Comment\",\"target\":[\"https:\\\/\\\/archiviocassano.lavocedelpaese.info\\\/index.php\\\/2021\\\/04\\\/13\\\/giustino-alle-minoranze-ce-chi-specula-sulle-paure-e-chilavora-il-vicesindaco-annuncia-larrivo-della-autorizzazione-per-il-centro-comunale-vaccinazioni\\\/#respond\"]}]},{\"@type\":\"WebPage\",\"@id\":\"https:\\\/\\\/archiviocassano.lavocedelpaese.info\\\/index.php\\\/2021\\\/04\\\/13\\\/giustino-alle-minoranze-ce-chi-specula-sulle-paure-e-chilavora-il-vicesindaco-annuncia-larrivo-della-autorizzazione-per-il-centro-comunale-vaccinazioni\\\/\",\"url\":\"https:\\\/\\\/archiviocassano.lavocedelpaese.info\\\/index.php\\\/2021\\\/04\\\/13\\\/giustino-alle-minoranze-ce-chi-specula-sulle-paure-e-chilavora-il-vicesindaco-annuncia-larrivo-della-autorizzazione-per-il-centro-comunale-vaccinazioni\\\/\",\"name\":\"Giustino: autorizzato il Centro Comunale Vaccinazioni - Archivio CassanoWeb\",\"isPartOf\":{\"@id\":\"https:\\\/\\\/archiviocassano.lavocedelpaese.info\\\/#website\"},\"primaryImageOfPage\":{\"@id\":\"https:\\\/\\\/archiviocassano.lavocedelpaese.info\\\/index.php\\\/2021\\\/04\\\/13\\\/giustino-alle-minoranze-ce-chi-specula-sulle-paure-e-chilavora-il-vicesindaco-annuncia-larrivo-della-autorizzazione-per-il-centro-comunale-vaccinazioni\\\/#primaryimage\"},\"image\":{\"@id\":\"https:\\\/\\\/archiviocassano.lavocedelpaese.info\\\/index.php\\\/2021\\\/04\\\/13\\\/giustino-alle-minoranze-ce-chi-specula-sulle-paure-e-chilavora-il-vicesindaco-annuncia-larrivo-della-autorizzazione-per-il-centro-comunale-vaccinazioni\\\/#primaryimage\"},\"thumbnailUrl\":\"https:\\\/\\\/live.staticflickr.com\\\/65535\\\/49024706838_cd1b721cfe_z.jpg\",\"datePublished\":\"2021-04-13T14:56:34+00:00\",\"breadcrumb\":{\"@id\":\"https:\\\/\\\/archiviocassano.lavocedelpaese.info\\\/index.php\\\/2021\\\/04\\\/13\\\/giustino-alle-minoranze-ce-chi-specula-sulle-paure-e-chilavora-il-vicesindaco-annuncia-larrivo-della-autorizzazione-per-il-centro-comunale-vaccinazioni\\\/#breadcrumb\"},\"inLanguage\":\"it-IT\",\"potentialAction\":[{\"@type\":\"ReadAction\",\"target\":[\"https:\\\/\\\/archiviocassano.lavocedelpaese.info\\\/index.php\\\/2021\\\/04\\\/13\\\/giustino-alle-minoranze-ce-chi-specula-sulle-paure-e-chilavora-il-vicesindaco-annuncia-larrivo-della-autorizzazione-per-il-centro-comunale-vaccinazioni\\\/\"]}]},{\"@type\":\"ImageObject\",\"inLanguage\":\"it-IT\",\"@id\":\"https:\\\/\\\/archiviocassano.lavocedelpaese.info\\\/index.php\\\/2021\\\/04\\\/13\\\/giustino-alle-minoranze-ce-chi-specula-sulle-paure-e-chilavora-il-vicesindaco-annuncia-larrivo-della-autorizzazione-per-il-centro-comunale-vaccinazioni\\\/#primaryimage\",\"url\":\"https:\\\/\\\/live.staticflickr.com\\\/65535\\\/49024706838_cd1b721cfe_z.jpg\",\"contentUrl\":\"https:\\\/\\\/live.staticflickr.com\\\/65535\\\/49024706838_cd1b721cfe_z.jpg\"},{\"@type\":\"BreadcrumbList\",\"@id\":\"https:\\\/\\\/archiviocassano.lavocedelpaese.info\\\/index.php\\\/2021\\\/04\\\/13\\\/giustino-alle-minoranze-ce-chi-specula-sulle-paure-e-chilavora-il-vicesindaco-annuncia-larrivo-della-autorizzazione-per-il-centro-comunale-vaccinazioni\\\/#breadcrumb\",\"itemListElement\":[{\"@type\":\"ListItem\",\"position\":1,\"name\":\"Home\",\"item\":\"https:\\\/\\\/archiviocassano.lavocedelpaese.info\\\/\"},{\"@type\":\"ListItem\",\"position\":2,\"name\":\"Giustino: autorizzato il Centro Comunale Vaccinazioni\"}]},{\"@type\":\"WebSite\",\"@id\":\"https:\\\/\\\/archiviocassano.lavocedelpaese.info\\\/#website\",\"url\":\"https:\\\/\\\/archiviocassano.lavocedelpaese.info\\\/\",\"name\":\"Archivio CassanoWeb\",\"description\":\"La Voce del Paese - un network di idee\",\"publisher\":{\"@id\":\"https:\\\/\\\/archiviocassano.lavocedelpaese.info\\\/#organization\"},\"potentialAction\":[{\"@type\":\"SearchAction\",\"target\":{\"@type\":\"EntryPoint\",\"urlTemplate\":\"https:\\\/\\\/archiviocassano.lavocedelpaese.info\\\/?s={search_term_string}\"},\"query-input\":{\"@type\":\"PropertyValueSpecification\",\"valueRequired\":true,\"valueName\":\"search_term_string\"}}],\"inLanguage\":\"it-IT\"},{\"@type\":\"Organization\",\"@id\":\"https:\\\/\\\/archiviocassano.lavocedelpaese.info\\\/#organization\",\"name\":\"Archivio CassanoWeb\",\"url\":\"https:\\\/\\\/archiviocassano.lavocedelpaese.info\\\/\",\"logo\":{\"@type\":\"ImageObject\",\"inLanguage\":\"it-IT\",\"@id\":\"https:\\\/\\\/archiviocassano.lavocedelpaese.info\\\/#\\\/schema\\\/logo\\\/image\\\/\",\"url\":\"https:\\\/\\\/archiviocassano.lavocedelpaese.info\\\/wp-content\\\/uploads\\\/2024\\\/08\\\/logo-rosso-2.png\",\"contentUrl\":\"https:\\\/\\\/archiviocassano.lavocedelpaese.info\\\/wp-content\\\/uploads\\\/2024\\\/08\\\/logo-rosso-2.png\",\"width\":491,\"height\":432,\"caption\":\"Archivio CassanoWeb\"},\"image\":{\"@id\":\"https:\\\/\\\/archiviocassano.lavocedelpaese.info\\\/#\\\/schema\\\/logo\\\/image\\\/\"},\"sameAs\":[\"https:\\\/\\\/www.facebook.com\\\/redazione.cassanoweb\"]},{\"@type\":\"Person\",\"@id\":\"https:\\\/\\\/archiviocassano.lavocedelpaese.info\\\/#\\\/schema\\\/person\\\/df195bc79a9b4c35127cf005f92e041b\",\"name\":\"admin\",\"image\":{\"@type\":\"ImageObject\",\"inLanguage\":\"it-IT\",\"@id\":\"https:\\\/\\\/secure.gravatar.com\\\/avatar\\\/eabba89a432e8eaa1b0207cc55f7e5340b22712b1ed80677efcf63e02ff5b235?s=96&d=mm&r=g\",\"url\":\"https:\\\/\\\/secure.gravatar.com\\\/avatar\\\/eabba89a432e8eaa1b0207cc55f7e5340b22712b1ed80677efcf63e02ff5b235?s=96&d=mm&r=g\",\"contentUrl\":\"https:\\\/\\\/secure.gravatar.com\\\/avatar\\\/eabba89a432e8eaa1b0207cc55f7e5340b22712b1ed80677efcf63e02ff5b235?s=96&d=mm&r=g\",\"caption\":\"admin\"},\"sameAs\":[\"https:\\\/\\\/archiviocassano.lavocedelpaese.info\"],\"url\":\"https:\\\/\\\/archiviocassano.lavocedelpaese.info\\\/index.php\\\/author\\\/admin_0qgz1xdp\\\/\"}]}<\/script>\n<!-- \/ Yoast SEO plugin. -->","yoast_head_json":{"title":"Giustino: autorizzato il Centro Comunale Vaccinazioni - Archivio CassanoWeb","robots":{"index":"index","follow":"follow","max-snippet":"max-snippet:-1","max-image-preview":"max-image-preview:large","max-video-preview":"max-video-preview:-1"},"canonical":"https:\/\/archiviocassano.lavocedelpaese.info\/index.php\/2021\/04\/13\/giustino-alle-minoranze-ce-chi-specula-sulle-paure-e-chilavora-il-vicesindaco-annuncia-larrivo-della-autorizzazione-per-il-centro-comunale-vaccinazioni\/","og_locale":"it_IT","og_type":"article","og_title":"Giustino: autorizzato il Centro Comunale Vaccinazioni - Archivio CassanoWeb","og_url":"https:\/\/archiviocassano.lavocedelpaese.info\/index.php\/2021\/04\/13\/giustino-alle-minoranze-ce-chi-specula-sulle-paure-e-chilavora-il-vicesindaco-annuncia-larrivo-della-autorizzazione-per-il-centro-comunale-vaccinazioni\/","og_site_name":"Archivio CassanoWeb","article_publisher":"https:\/\/www.facebook.com\/redazione.cassanoweb","article_published_time":"2021-04-13T14:56:34+00:00","og_image":[{"url":"https:\/\/live.staticflickr.com\/65535\/49024706838_cd1b721cfe_z.jpg","type":"","width":"","height":""}],"author":"admin","twitter_card":"summary_large_image","twitter_misc":{"Scritto da":"admin","Tempo di lettura stimato":"2 minuti"},"schema":{"@context":"https:\/\/schema.org","@graph":[{"@type":"Article","@id":"https:\/\/archiviocassano.lavocedelpaese.info\/index.php\/2021\/04\/13\/giustino-alle-minoranze-ce-chi-specula-sulle-paure-e-chilavora-il-vicesindaco-annuncia-larrivo-della-autorizzazione-per-il-centro-comunale-vaccinazioni\/#article","isPartOf":{"@id":"https:\/\/archiviocassano.lavocedelpaese.info\/index.php\/2021\/04\/13\/giustino-alle-minoranze-ce-chi-specula-sulle-paure-e-chilavora-il-vicesindaco-annuncia-larrivo-della-autorizzazione-per-il-centro-comunale-vaccinazioni\/"},"author":{"name":"admin","@id":"https:\/\/archiviocassano.lavocedelpaese.info\/#\/schema\/person\/df195bc79a9b4c35127cf005f92e041b"},"headline":"Giustino: autorizzato il Centro Comunale Vaccinazioni","datePublished":"2021-04-13T14:56:34+00:00","mainEntityOfPage":{"@id":"https:\/\/archiviocassano.lavocedelpaese.info\/index.php\/2021\/04\/13\/giustino-alle-minoranze-ce-chi-specula-sulle-paure-e-chilavora-il-vicesindaco-annuncia-larrivo-della-autorizzazione-per-il-centro-comunale-vaccinazioni\/"},"wordCount":435,"commentCount":0,"publisher":{"@id":"https:\/\/archiviocassano.lavocedelpaese.info\/#organization"},"image":{"@id":"https:\/\/archiviocassano.lavocedelpaese.info\/index.php\/2021\/04\/13\/giustino-alle-minoranze-ce-chi-specula-sulle-paure-e-chilavora-il-vicesindaco-annuncia-larrivo-della-autorizzazione-per-il-centro-comunale-vaccinazioni\/#primaryimage"},"thumbnailUrl":"https:\/\/live.staticflickr.com\/65535\/49024706838_cd1b721cfe_z.jpg","articleSection":["Attualit\u00e0"],"inLanguage":"it-IT","potentialAction":[{"@type":"CommentAction","name":"Comment","target":["https:\/\/archiviocassano.lavocedelpaese.info\/index.php\/2021\/04\/13\/giustino-alle-minoranze-ce-chi-specula-sulle-paure-e-chilavora-il-vicesindaco-annuncia-larrivo-della-autorizzazione-per-il-centro-comunale-vaccinazioni\/#respond"]}]},{"@type":"WebPage","@id":"https:\/\/archiviocassano.lavocedelpaese.info\/index.php\/2021\/04\/13\/giustino-alle-minoranze-ce-chi-specula-sulle-paure-e-chilavora-il-vicesindaco-annuncia-larrivo-della-autorizzazione-per-il-centro-comunale-vaccinazioni\/","url":"https:\/\/archiviocassano.lavocedelpaese.info\/index.php\/2021\/04\/13\/giustino-alle-minoranze-ce-chi-specula-sulle-paure-e-chilavora-il-vicesindaco-annuncia-larrivo-della-autorizzazione-per-il-centro-comunale-vaccinazioni\/","name":"Giustino: autorizzato il Centro Comunale Vaccinazioni - Archivio CassanoWeb","isPartOf":{"@id":"https:\/\/archiviocassano.lavocedelpaese.info\/#website"},"primaryImageOfPage":{"@id":"https:\/\/archiviocassano.lavocedelpaese.info\/index.php\/2021\/04\/13\/giustino-alle-minoranze-ce-chi-specula-sulle-paure-e-chilavora-il-vicesindaco-annuncia-larrivo-della-autorizzazione-per-il-centro-comunale-vaccinazioni\/#primaryimage"},"image":{"@id":"https:\/\/archiviocassano.lavocedelpaese.info\/index.php\/2021\/04\/13\/giustino-alle-minoranze-ce-chi-specula-sulle-paure-e-chilavora-il-vicesindaco-annuncia-larrivo-della-autorizzazione-per-il-centro-comunale-vaccinazioni\/#primaryimage"},"thumbnailUrl":"https:\/\/live.staticflickr.com\/65535\/49024706838_cd1b721cfe_z.jpg","datePublished":"2021-04-13T14:56:34+00:00","breadcrumb":{"@id":"https:\/\/archiviocassano.lavocedelpaese.info\/index.php\/2021\/04\/13\/giustino-alle-minoranze-ce-chi-specula-sulle-paure-e-chilavora-il-vicesindaco-annuncia-larrivo-della-autorizzazione-per-il-centro-comunale-vaccinazioni\/#breadcrumb"},"inLanguage":"it-IT","potentialAction":[{"@type":"ReadAction","target":["https:\/\/archiviocassano.lavocedelpaese.info\/index.php\/2021\/04\/13\/giustino-alle-minoranze-ce-chi-specula-sulle-paure-e-chilavora-il-vicesindaco-annuncia-larrivo-della-autorizzazione-per-il-centro-comunale-vaccinazioni\/"]}]},{"@type":"ImageObject","inLanguage":"it-IT","@id":"https:\/\/archiviocassano.lavocedelpaese.info\/index.php\/2021\/04\/13\/giustino-alle-minoranze-ce-chi-specula-sulle-paure-e-chilavora-il-vicesindaco-annuncia-larrivo-della-autorizzazione-per-il-centro-comunale-vaccinazioni\/#primaryimage","url":"https:\/\/live.staticflickr.com\/65535\/49024706838_cd1b721cfe_z.jpg","contentUrl":"https:\/\/live.staticflickr.com\/65535\/49024706838_cd1b721cfe_z.jpg"},{"@type":"BreadcrumbList","@id":"https:\/\/archiviocassano.lavocedelpaese.info\/index.php\/2021\/04\/13\/giustino-alle-minoranze-ce-chi-specula-sulle-paure-e-chilavora-il-vicesindaco-annuncia-larrivo-della-autorizzazione-per-il-centro-comunale-vaccinazioni\/#breadcrumb","itemListElement":[{"@type":"ListItem","position":1,"name":"Home","item":"https:\/\/archiviocassano.lavocedelpaese.info\/"},{"@type":"ListItem","position":2,"name":"Giustino: autorizzato il Centro Comunale Vaccinazioni"}]},{"@type":"WebSite","@id":"https:\/\/archiviocassano.lavocedelpaese.info\/#website","url":"https:\/\/archiviocassano.lavocedelpaese.info\/","name":"Archivio CassanoWeb","description":"La Voce del Paese - un network di idee","publisher":{"@id":"https:\/\/archiviocassano.lavocedelpaese.info\/#organization"},"potentialAction":[{"@type":"SearchAction","target":{"@type":"EntryPoint","urlTemplate":"https:\/\/archiviocassano.lavocedelpaese.info\/?s={search_term_string}"},"query-input":{"@type":"PropertyValueSpecification","valueRequired":true,"valueName":"search_term_string"}}],"inLanguage":"it-IT"},{"@type":"Organization","@id":"https:\/\/archiviocassano.lavocedelpaese.info\/#organization","name":"Archivio CassanoWeb","url":"https:\/\/archiviocassano.lavocedelpaese.info\/","logo":{"@type":"ImageObject","inLanguage":"it-IT","@id":"https:\/\/archiviocassano.lavocedelpaese.info\/#\/schema\/logo\/image\/","url":"https:\/\/archiviocassano.lavocedelpaese.info\/wp-content\/uploads\/2024\/08\/logo-rosso-2.png","contentUrl":"https:\/\/archiviocassano.lavocedelpaese.info\/wp-content\/uploads\/2024\/08\/logo-rosso-2.png","width":491,"height":432,"caption":"Archivio CassanoWeb"},"image":{"@id":"https:\/\/archiviocassano.lavocedelpaese.info\/#\/schema\/logo\/image\/"},"sameAs":["https:\/\/www.facebook.com\/redazione.cassanoweb"]},{"@type":"Person","@id":"https:\/\/archiviocassano.lavocedelpaese.info\/#\/schema\/person\/df195bc79a9b4c35127cf005f92e041b","name":"admin","image":{"@type":"ImageObject","inLanguage":"it-IT","@id":"https:\/\/secure.gravatar.com\/avatar\/eabba89a432e8eaa1b0207cc55f7e5340b22712b1ed80677efcf63e02ff5b235?s=96&d=mm&r=g","url":"https:\/\/secure.gravatar.com\/avatar\/eabba89a432e8eaa1b0207cc55f7e5340b22712b1ed80677efcf63e02ff5b235?s=96&d=mm&r=g","contentUrl":"https:\/\/secure.gravatar.com\/avatar\/eabba89a432e8eaa1b0207cc55f7e5340b22712b1ed80677efcf63e02ff5b235?s=96&d=mm&r=g","caption":"admin"},"sameAs":["https:\/\/archiviocassano.lavocedelpaese.info"],"url":"https:\/\/archiviocassano.lavocedelpaese.info\/index.php\/author\/admin_0qgz1xdp\/"}]}},"_links":{"self":[{"href":"https:\/\/archiviocassano.lavocedelpaese.info\/index.php\/wp-json\/wp\/v2\/posts\/19179","targetHints":{"allow":["GET"]}}],"collection":[{"href":"https:\/\/archiviocassano.lavocedelpaese.info\/index.php\/wp-json\/wp\/v2\/posts"}],"about":[{"href":"https:\/\/archiviocassano.lavocedelpaese.info\/index.php\/wp-json\/wp\/v2\/types\/post"}],"author":[{"embeddable":true,"href":"https:\/\/archiviocassano.lavocedelpaese.info\/index.php\/wp-json\/wp\/v2\/users\/1"}],"replies":[{"embeddable":true,"href":"https:\/\/archiviocassano.lavocedelpaese.info\/index.php\/wp-json\/wp\/v2\/comments?post=19179"}],"version-history":[{"count":0,"href":"https:\/\/archiviocassano.lavocedelpaese.info\/index.php\/wp-json\/wp\/v2\/posts\/19179\/revisions"}],"wp:attachment":[{"href":"https:\/\/archiviocassano.lavocedelpaese.info\/index.php\/wp-json\/wp\/v2\/media?parent=19179"}],"wp:term":[{"taxonomy":"category","embeddable":true,"href":"https:\/\/archiviocassano.lavocedelpaese.info\/index.php\/wp-json\/wp\/v2\/categories?post=19179"},{"taxonomy":"post_tag","embeddable":true,"href":"https:\/\/archiviocassano.lavocedelpaese.info\/index.php\/wp-json\/wp\/v2\/tags?post=19179"}],"curies":[{"name":"wp","href":"https:\/\/api.w.org\/{rel}","templated":true}]}}