{"id":19189,"date":"2021-04-21T07:08:28","date_gmt":"2021-04-21T07:08:28","guid":{"rendered":"https:\/\/archiviocassano.lavocedelpaese.info\/index.php\/2021\/04\/21\/via-mercadante-bonificata-dai-rifiuti-ma-e-una-gioia-che-dura-poco\/"},"modified":"2021-04-21T07:08:28","modified_gmt":"2021-04-21T07:08:28","slug":"via-mercadante-bonificata-dai-rifiuti-ma-e-una-gioia-che-dura-poco","status":"publish","type":"post","link":"https:\/\/archiviocassano.lavocedelpaese.info\/index.php\/2021\/04\/21\/via-mercadante-bonificata-dai-rifiuti-ma-e-una-gioia-che-dura-poco\/","title":{"rendered":"Via Mercadante bonificata dai rifiuti. Una gioia che dura poco"},"content":{"rendered":"<p style=\"text-align: justify;\"><a data-flickr-embed=\"true\" href=\"https:\/\/www.flickr.com\/photos\/91470992@N02\/51129850605\/in\/dateposted\/\" title=\"IMG_20210416_090434\"><img loading=\"lazy\" decoding=\"async\" src=\"https:\/\/live.staticflickr.com\/65535\/51129850605_ee600e261d_z.jpg\" width=\"320\" height=\"150\" alt=\"IMG_20210416_090434\" \/><\/a><\/p>\n<p><!--more--><\/p>\n<p>&nbsp;<em>Da un nostro lettore, riceviamo e volentieri pubblichiamo.<\/em><\/p>\n<p>&nbsp;<\/p>\n<p>Certo non mancano occasioni per addebitare all\u2019Amministrazione Comunale negligenze o inefficienze nella somministrazione di determinati servizi alla collettivit\u00e0 (che contribuisce a coprirne i costi con il versamento di tasse e imposte).<\/p>\n<p>Chi scrive ha segnalato pi\u00f9 volte dalle pagine di questa egregia testata, situazioni di mancanza di \u201cattenzione\u201d da parte del governo cittadino.<\/p>\n<p>In questa circostanza invece, intendo sottolineare l\u2019intervento meritorio di bonifica di alcune zone della periferia cassanese di cui offro qualche immagine.<\/p>\n<p>Un\u2019azione meritoria a cura di Amministrazione e gestore del servizio di Igiene Urbana che ha interessato, tra le altre, le zone adiacenti via Mercadante (come ad esempio l\u2019area nei pressi dell\u2019ingresso dell\u2019ex Camping).<\/p>\n<p>La gioia per l\u2019intervento di pulizia svolto \u00e8 durata per\u00f2 solo un paio di giorni visto che i luoghi delle foto pubblicate, oggi sono state gi\u00e0 prese d\u2019assalto dagli scaricatori di sporcizia di professione, balordi senza valori, che hanno gi\u00e0 depositato sacchi neri pieni, con ogni probabilit\u00e0, delle loro pi\u00f9 intime miserie umane. Commettere tali reati dovrebbe, a mio avviso, meritare condanne ben pi\u00f9 gravi di quelle gi\u00e0 previste, trattandosi di attentati all\u2019integrit\u00e0 dell\u2019ambiente che ci ospita.<\/p>\n<p>Mi permetto di suggerire a Sindaco, Assessori ed Amministratori tutti di fare di pi\u00f9: avviare un progetto di formazione di Ispettori Ambientali; promuovere giornate di sensibilit\u00e0 e pulizia di rioni e contrade; installare pi\u00f9 telecamere in diversi punti, dentro e fuori citt\u00e0 e sanzionare duramente gli sporcaccioni. &nbsp;<\/p>\n<p>Insomma, dichiarare Tolleranza Zero verso i professionisti dell\u2019incivilt\u00e0 che ignorano una delle primarie regole di vita: rispettare l\u2019ambiente che ci ospita, i nostri simili e tutti gli esseri viventi. Certo, difficile ritenere che questi siano concetti che possono albergare in animi gi\u00e0 colmi di immondizia comportamentale, ma \u00e8 obbligo di ogni buon padre di famiglia&nbsp; fare&nbsp; tutti gli sforzi possibili per \u201ceducare\u201d alla convivenza civile.<\/p>\n<p>Ogni sforzo, persino quelli che, si \u00e8 convinti, non produrranno nulla.<\/p>\n<p>&nbsp;<\/p>\n<p><em>&nbsp;<\/em><\/p>\n<p><em>&nbsp;<\/em><\/p>\n<p style=\"text-align: center;\"><a data-flickr-embed=\"true\" href=\"https:\/\/www.flickr.com\/photos\/91470992@N02\/51128773402\/in\/photostream\/\" title=\"IMG_20210416_090406\"><img loading=\"lazy\" decoding=\"async\" src=\"https:\/\/live.staticflickr.com\/65535\/51128773402_5edd485052_z.jpg\" width=\"479\" height=\"640\" alt=\"IMG_20210416_090406\" \/><\/a><\/p>\n","protected":false},"excerpt":{"rendered":"","protected":false},"author":1,"featured_media":0,"comment_status":"open","ping_status":"closed","sticky":false,"template":"","format":"standard","meta":{"colormag_page_container_layout":"default_layout","colormag_page_sidebar_layout":"default_layout","footnotes":""},"categories":[9],"tags":[],"class_list":["post-19189","post","type-post","status-publish","format-standard","hentry","category-la-voce-del-paese"],"yoast_head":"<!-- This site is optimized with the Yoast SEO plugin v27.5 - https:\/\/yoast.com\/product\/yoast-seo-wordpress\/ -->\n<title>Via Mercadante bonificata dai rifiuti. Una gioia che dura poco - Archivio CassanoWeb<\/title>\n<meta name=\"robots\" content=\"index, follow, max-snippet:-1, max-image-preview:large, max-video-preview:-1\" \/>\n<link rel=\"canonical\" href=\"https:\/\/archiviocassano.lavocedelpaese.info\/index.php\/2021\/04\/21\/via-mercadante-bonificata-dai-rifiuti-ma-e-una-gioia-che-dura-poco\/\" \/>\n<meta property=\"og:locale\" content=\"it_IT\" \/>\n<meta property=\"og:type\" content=\"article\" \/>\n<meta property=\"og:title\" content=\"Via Mercadante bonificata dai rifiuti. Una gioia che dura poco - Archivio CassanoWeb\" \/>\n<meta property=\"og:url\" content=\"https:\/\/archiviocassano.lavocedelpaese.info\/index.php\/2021\/04\/21\/via-mercadante-bonificata-dai-rifiuti-ma-e-una-gioia-che-dura-poco\/\" \/>\n<meta property=\"og:site_name\" content=\"Archivio CassanoWeb\" \/>\n<meta property=\"article:publisher\" content=\"https:\/\/www.facebook.com\/redazione.cassanoweb\" \/>\n<meta property=\"article:published_time\" content=\"2021-04-21T07:08:28+00:00\" \/>\n<meta property=\"og:image\" content=\"https:\/\/live.staticflickr.com\/65535\/51129850605_ee600e261d_z.jpg\" \/>\n<meta name=\"author\" content=\"admin\" \/>\n<meta name=\"twitter:card\" content=\"summary_large_image\" \/>\n<meta name=\"twitter:label1\" content=\"Scritto da\" \/>\n\t<meta name=\"twitter:data1\" content=\"admin\" \/>\n\t<meta name=\"twitter:label2\" content=\"Tempo di lettura stimato\" \/>\n\t<meta name=\"twitter:data2\" content=\"2 minuti\" \/>\n<script type=\"application\/ld+json\" class=\"yoast-schema-graph\">{\"@context\":\"https:\\\/\\\/schema.org\",\"@graph\":[{\"@type\":\"Article\",\"@id\":\"https:\\\/\\\/archiviocassano.lavocedelpaese.info\\\/index.php\\\/2021\\\/04\\\/21\\\/via-mercadante-bonificata-dai-rifiuti-ma-e-una-gioia-che-dura-poco\\\/#article\",\"isPartOf\":{\"@id\":\"https:\\\/\\\/archiviocassano.lavocedelpaese.info\\\/index.php\\\/2021\\\/04\\\/21\\\/via-mercadante-bonificata-dai-rifiuti-ma-e-una-gioia-che-dura-poco\\\/\"},\"author\":{\"name\":\"admin\",\"@id\":\"https:\\\/\\\/archiviocassano.lavocedelpaese.info\\\/#\\\/schema\\\/person\\\/df195bc79a9b4c35127cf005f92e041b\"},\"headline\":\"Via Mercadante bonificata dai rifiuti. Una gioia che dura poco\",\"datePublished\":\"2021-04-21T07:08:28+00:00\",\"mainEntityOfPage\":{\"@id\":\"https:\\\/\\\/archiviocassano.lavocedelpaese.info\\\/index.php\\\/2021\\\/04\\\/21\\\/via-mercadante-bonificata-dai-rifiuti-ma-e-una-gioia-che-dura-poco\\\/\"},\"wordCount\":342,\"commentCount\":0,\"publisher\":{\"@id\":\"https:\\\/\\\/archiviocassano.lavocedelpaese.info\\\/#organization\"},\"image\":{\"@id\":\"https:\\\/\\\/archiviocassano.lavocedelpaese.info\\\/index.php\\\/2021\\\/04\\\/21\\\/via-mercadante-bonificata-dai-rifiuti-ma-e-una-gioia-che-dura-poco\\\/#primaryimage\"},\"thumbnailUrl\":\"https:\\\/\\\/live.staticflickr.com\\\/65535\\\/51129850605_ee600e261d_z.jpg\",\"articleSection\":[\"La voce del paese\"],\"inLanguage\":\"it-IT\",\"potentialAction\":[{\"@type\":\"CommentAction\",\"name\":\"Comment\",\"target\":[\"https:\\\/\\\/archiviocassano.lavocedelpaese.info\\\/index.php\\\/2021\\\/04\\\/21\\\/via-mercadante-bonificata-dai-rifiuti-ma-e-una-gioia-che-dura-poco\\\/#respond\"]}]},{\"@type\":\"WebPage\",\"@id\":\"https:\\\/\\\/archiviocassano.lavocedelpaese.info\\\/index.php\\\/2021\\\/04\\\/21\\\/via-mercadante-bonificata-dai-rifiuti-ma-e-una-gioia-che-dura-poco\\\/\",\"url\":\"https:\\\/\\\/archiviocassano.lavocedelpaese.info\\\/index.php\\\/2021\\\/04\\\/21\\\/via-mercadante-bonificata-dai-rifiuti-ma-e-una-gioia-che-dura-poco\\\/\",\"name\":\"Via Mercadante bonificata dai rifiuti. Una gioia che dura poco - Archivio CassanoWeb\",\"isPartOf\":{\"@id\":\"https:\\\/\\\/archiviocassano.lavocedelpaese.info\\\/#website\"},\"primaryImageOfPage\":{\"@id\":\"https:\\\/\\\/archiviocassano.lavocedelpaese.info\\\/index.php\\\/2021\\\/04\\\/21\\\/via-mercadante-bonificata-dai-rifiuti-ma-e-una-gioia-che-dura-poco\\\/#primaryimage\"},\"image\":{\"@id\":\"https:\\\/\\\/archiviocassano.lavocedelpaese.info\\\/index.php\\\/2021\\\/04\\\/21\\\/via-mercadante-bonificata-dai-rifiuti-ma-e-una-gioia-che-dura-poco\\\/#primaryimage\"},\"thumbnailUrl\":\"https:\\\/\\\/live.staticflickr.com\\\/65535\\\/51129850605_ee600e261d_z.jpg\",\"datePublished\":\"2021-04-21T07:08:28+00:00\",\"breadcrumb\":{\"@id\":\"https:\\\/\\\/archiviocassano.lavocedelpaese.info\\\/index.php\\\/2021\\\/04\\\/21\\\/via-mercadante-bonificata-dai-rifiuti-ma-e-una-gioia-che-dura-poco\\\/#breadcrumb\"},\"inLanguage\":\"it-IT\",\"potentialAction\":[{\"@type\":\"ReadAction\",\"target\":[\"https:\\\/\\\/archiviocassano.lavocedelpaese.info\\\/index.php\\\/2021\\\/04\\\/21\\\/via-mercadante-bonificata-dai-rifiuti-ma-e-una-gioia-che-dura-poco\\\/\"]}]},{\"@type\":\"ImageObject\",\"inLanguage\":\"it-IT\",\"@id\":\"https:\\\/\\\/archiviocassano.lavocedelpaese.info\\\/index.php\\\/2021\\\/04\\\/21\\\/via-mercadante-bonificata-dai-rifiuti-ma-e-una-gioia-che-dura-poco\\\/#primaryimage\",\"url\":\"https:\\\/\\\/live.staticflickr.com\\\/65535\\\/51129850605_ee600e261d_z.jpg\",\"contentUrl\":\"https:\\\/\\\/live.staticflickr.com\\\/65535\\\/51129850605_ee600e261d_z.jpg\"},{\"@type\":\"BreadcrumbList\",\"@id\":\"https:\\\/\\\/archiviocassano.lavocedelpaese.info\\\/index.php\\\/2021\\\/04\\\/21\\\/via-mercadante-bonificata-dai-rifiuti-ma-e-una-gioia-che-dura-poco\\\/#breadcrumb\",\"itemListElement\":[{\"@type\":\"ListItem\",\"position\":1,\"name\":\"Home\",\"item\":\"https:\\\/\\\/archiviocassano.lavocedelpaese.info\\\/\"},{\"@type\":\"ListItem\",\"position\":2,\"name\":\"Via Mercadante bonificata dai rifiuti. Una gioia che dura poco\"}]},{\"@type\":\"WebSite\",\"@id\":\"https:\\\/\\\/archiviocassano.lavocedelpaese.info\\\/#website\",\"url\":\"https:\\\/\\\/archiviocassano.lavocedelpaese.info\\\/\",\"name\":\"Archivio CassanoWeb\",\"description\":\"La Voce del Paese - un network di idee\",\"publisher\":{\"@id\":\"https:\\\/\\\/archiviocassano.lavocedelpaese.info\\\/#organization\"},\"potentialAction\":[{\"@type\":\"SearchAction\",\"target\":{\"@type\":\"EntryPoint\",\"urlTemplate\":\"https:\\\/\\\/archiviocassano.lavocedelpaese.info\\\/?s={search_term_string}\"},\"query-input\":{\"@type\":\"PropertyValueSpecification\",\"valueRequired\":true,\"valueName\":\"search_term_string\"}}],\"inLanguage\":\"it-IT\"},{\"@type\":\"Organization\",\"@id\":\"https:\\\/\\\/archiviocassano.lavocedelpaese.info\\\/#organization\",\"name\":\"Archivio CassanoWeb\",\"url\":\"https:\\\/\\\/archiviocassano.lavocedelpaese.info\\\/\",\"logo\":{\"@type\":\"ImageObject\",\"inLanguage\":\"it-IT\",\"@id\":\"https:\\\/\\\/archiviocassano.lavocedelpaese.info\\\/#\\\/schema\\\/logo\\\/image\\\/\",\"url\":\"https:\\\/\\\/archiviocassano.lavocedelpaese.info\\\/wp-content\\\/uploads\\\/2024\\\/08\\\/logo-rosso-2.png\",\"contentUrl\":\"https:\\\/\\\/archiviocassano.lavocedelpaese.info\\\/wp-content\\\/uploads\\\/2024\\\/08\\\/logo-rosso-2.png\",\"width\":491,\"height\":432,\"caption\":\"Archivio CassanoWeb\"},\"image\":{\"@id\":\"https:\\\/\\\/archiviocassano.lavocedelpaese.info\\\/#\\\/schema\\\/logo\\\/image\\\/\"},\"sameAs\":[\"https:\\\/\\\/www.facebook.com\\\/redazione.cassanoweb\"]},{\"@type\":\"Person\",\"@id\":\"https:\\\/\\\/archiviocassano.lavocedelpaese.info\\\/#\\\/schema\\\/person\\\/df195bc79a9b4c35127cf005f92e041b\",\"name\":\"admin\",\"image\":{\"@type\":\"ImageObject\",\"inLanguage\":\"it-IT\",\"@id\":\"https:\\\/\\\/secure.gravatar.com\\\/avatar\\\/eabba89a432e8eaa1b0207cc55f7e5340b22712b1ed80677efcf63e02ff5b235?s=96&d=mm&r=g\",\"url\":\"https:\\\/\\\/secure.gravatar.com\\\/avatar\\\/eabba89a432e8eaa1b0207cc55f7e5340b22712b1ed80677efcf63e02ff5b235?s=96&d=mm&r=g\",\"contentUrl\":\"https:\\\/\\\/secure.gravatar.com\\\/avatar\\\/eabba89a432e8eaa1b0207cc55f7e5340b22712b1ed80677efcf63e02ff5b235?s=96&d=mm&r=g\",\"caption\":\"admin\"},\"sameAs\":[\"https:\\\/\\\/archiviocassano.lavocedelpaese.info\"],\"url\":\"https:\\\/\\\/archiviocassano.lavocedelpaese.info\\\/index.php\\\/author\\\/admin_0qgz1xdp\\\/\"}]}<\/script>\n<!-- \/ Yoast SEO plugin. -->","yoast_head_json":{"title":"Via Mercadante bonificata dai rifiuti. Una gioia che dura poco - Archivio CassanoWeb","robots":{"index":"index","follow":"follow","max-snippet":"max-snippet:-1","max-image-preview":"max-image-preview:large","max-video-preview":"max-video-preview:-1"},"canonical":"https:\/\/archiviocassano.lavocedelpaese.info\/index.php\/2021\/04\/21\/via-mercadante-bonificata-dai-rifiuti-ma-e-una-gioia-che-dura-poco\/","og_locale":"it_IT","og_type":"article","og_title":"Via Mercadante bonificata dai rifiuti. Una gioia che dura poco - Archivio CassanoWeb","og_url":"https:\/\/archiviocassano.lavocedelpaese.info\/index.php\/2021\/04\/21\/via-mercadante-bonificata-dai-rifiuti-ma-e-una-gioia-che-dura-poco\/","og_site_name":"Archivio CassanoWeb","article_publisher":"https:\/\/www.facebook.com\/redazione.cassanoweb","article_published_time":"2021-04-21T07:08:28+00:00","og_image":[{"url":"https:\/\/live.staticflickr.com\/65535\/51129850605_ee600e261d_z.jpg","type":"","width":"","height":""}],"author":"admin","twitter_card":"summary_large_image","twitter_misc":{"Scritto da":"admin","Tempo di lettura stimato":"2 minuti"},"schema":{"@context":"https:\/\/schema.org","@graph":[{"@type":"Article","@id":"https:\/\/archiviocassano.lavocedelpaese.info\/index.php\/2021\/04\/21\/via-mercadante-bonificata-dai-rifiuti-ma-e-una-gioia-che-dura-poco\/#article","isPartOf":{"@id":"https:\/\/archiviocassano.lavocedelpaese.info\/index.php\/2021\/04\/21\/via-mercadante-bonificata-dai-rifiuti-ma-e-una-gioia-che-dura-poco\/"},"author":{"name":"admin","@id":"https:\/\/archiviocassano.lavocedelpaese.info\/#\/schema\/person\/df195bc79a9b4c35127cf005f92e041b"},"headline":"Via Mercadante bonificata dai rifiuti. Una gioia che dura poco","datePublished":"2021-04-21T07:08:28+00:00","mainEntityOfPage":{"@id":"https:\/\/archiviocassano.lavocedelpaese.info\/index.php\/2021\/04\/21\/via-mercadante-bonificata-dai-rifiuti-ma-e-una-gioia-che-dura-poco\/"},"wordCount":342,"commentCount":0,"publisher":{"@id":"https:\/\/archiviocassano.lavocedelpaese.info\/#organization"},"image":{"@id":"https:\/\/archiviocassano.lavocedelpaese.info\/index.php\/2021\/04\/21\/via-mercadante-bonificata-dai-rifiuti-ma-e-una-gioia-che-dura-poco\/#primaryimage"},"thumbnailUrl":"https:\/\/live.staticflickr.com\/65535\/51129850605_ee600e261d_z.jpg","articleSection":["La voce del paese"],"inLanguage":"it-IT","potentialAction":[{"@type":"CommentAction","name":"Comment","target":["https:\/\/archiviocassano.lavocedelpaese.info\/index.php\/2021\/04\/21\/via-mercadante-bonificata-dai-rifiuti-ma-e-una-gioia-che-dura-poco\/#respond"]}]},{"@type":"WebPage","@id":"https:\/\/archiviocassano.lavocedelpaese.info\/index.php\/2021\/04\/21\/via-mercadante-bonificata-dai-rifiuti-ma-e-una-gioia-che-dura-poco\/","url":"https:\/\/archiviocassano.lavocedelpaese.info\/index.php\/2021\/04\/21\/via-mercadante-bonificata-dai-rifiuti-ma-e-una-gioia-che-dura-poco\/","name":"Via Mercadante bonificata dai rifiuti. Una gioia che dura poco - Archivio CassanoWeb","isPartOf":{"@id":"https:\/\/archiviocassano.lavocedelpaese.info\/#website"},"primaryImageOfPage":{"@id":"https:\/\/archiviocassano.lavocedelpaese.info\/index.php\/2021\/04\/21\/via-mercadante-bonificata-dai-rifiuti-ma-e-una-gioia-che-dura-poco\/#primaryimage"},"image":{"@id":"https:\/\/archiviocassano.lavocedelpaese.info\/index.php\/2021\/04\/21\/via-mercadante-bonificata-dai-rifiuti-ma-e-una-gioia-che-dura-poco\/#primaryimage"},"thumbnailUrl":"https:\/\/live.staticflickr.com\/65535\/51129850605_ee600e261d_z.jpg","datePublished":"2021-04-21T07:08:28+00:00","breadcrumb":{"@id":"https:\/\/archiviocassano.lavocedelpaese.info\/index.php\/2021\/04\/21\/via-mercadante-bonificata-dai-rifiuti-ma-e-una-gioia-che-dura-poco\/#breadcrumb"},"inLanguage":"it-IT","potentialAction":[{"@type":"ReadAction","target":["https:\/\/archiviocassano.lavocedelpaese.info\/index.php\/2021\/04\/21\/via-mercadante-bonificata-dai-rifiuti-ma-e-una-gioia-che-dura-poco\/"]}]},{"@type":"ImageObject","inLanguage":"it-IT","@id":"https:\/\/archiviocassano.lavocedelpaese.info\/index.php\/2021\/04\/21\/via-mercadante-bonificata-dai-rifiuti-ma-e-una-gioia-che-dura-poco\/#primaryimage","url":"https:\/\/live.staticflickr.com\/65535\/51129850605_ee600e261d_z.jpg","contentUrl":"https:\/\/live.staticflickr.com\/65535\/51129850605_ee600e261d_z.jpg"},{"@type":"BreadcrumbList","@id":"https:\/\/archiviocassano.lavocedelpaese.info\/index.php\/2021\/04\/21\/via-mercadante-bonificata-dai-rifiuti-ma-e-una-gioia-che-dura-poco\/#breadcrumb","itemListElement":[{"@type":"ListItem","position":1,"name":"Home","item":"https:\/\/archiviocassano.lavocedelpaese.info\/"},{"@type":"ListItem","position":2,"name":"Via Mercadante bonificata dai rifiuti. Una gioia che dura poco"}]},{"@type":"WebSite","@id":"https:\/\/archiviocassano.lavocedelpaese.info\/#website","url":"https:\/\/archiviocassano.lavocedelpaese.info\/","name":"Archivio CassanoWeb","description":"La Voce del Paese - un network di idee","publisher":{"@id":"https:\/\/archiviocassano.lavocedelpaese.info\/#organization"},"potentialAction":[{"@type":"SearchAction","target":{"@type":"EntryPoint","urlTemplate":"https:\/\/archiviocassano.lavocedelpaese.info\/?s={search_term_string}"},"query-input":{"@type":"PropertyValueSpecification","valueRequired":true,"valueName":"search_term_string"}}],"inLanguage":"it-IT"},{"@type":"Organization","@id":"https:\/\/archiviocassano.lavocedelpaese.info\/#organization","name":"Archivio CassanoWeb","url":"https:\/\/archiviocassano.lavocedelpaese.info\/","logo":{"@type":"ImageObject","inLanguage":"it-IT","@id":"https:\/\/archiviocassano.lavocedelpaese.info\/#\/schema\/logo\/image\/","url":"https:\/\/archiviocassano.lavocedelpaese.info\/wp-content\/uploads\/2024\/08\/logo-rosso-2.png","contentUrl":"https:\/\/archiviocassano.lavocedelpaese.info\/wp-content\/uploads\/2024\/08\/logo-rosso-2.png","width":491,"height":432,"caption":"Archivio CassanoWeb"},"image":{"@id":"https:\/\/archiviocassano.lavocedelpaese.info\/#\/schema\/logo\/image\/"},"sameAs":["https:\/\/www.facebook.com\/redazione.cassanoweb"]},{"@type":"Person","@id":"https:\/\/archiviocassano.lavocedelpaese.info\/#\/schema\/person\/df195bc79a9b4c35127cf005f92e041b","name":"admin","image":{"@type":"ImageObject","inLanguage":"it-IT","@id":"https:\/\/secure.gravatar.com\/avatar\/eabba89a432e8eaa1b0207cc55f7e5340b22712b1ed80677efcf63e02ff5b235?s=96&d=mm&r=g","url":"https:\/\/secure.gravatar.com\/avatar\/eabba89a432e8eaa1b0207cc55f7e5340b22712b1ed80677efcf63e02ff5b235?s=96&d=mm&r=g","contentUrl":"https:\/\/secure.gravatar.com\/avatar\/eabba89a432e8eaa1b0207cc55f7e5340b22712b1ed80677efcf63e02ff5b235?s=96&d=mm&r=g","caption":"admin"},"sameAs":["https:\/\/archiviocassano.lavocedelpaese.info"],"url":"https:\/\/archiviocassano.lavocedelpaese.info\/index.php\/author\/admin_0qgz1xdp\/"}]}},"_links":{"self":[{"href":"https:\/\/archiviocassano.lavocedelpaese.info\/index.php\/wp-json\/wp\/v2\/posts\/19189","targetHints":{"allow":["GET"]}}],"collection":[{"href":"https:\/\/archiviocassano.lavocedelpaese.info\/index.php\/wp-json\/wp\/v2\/posts"}],"about":[{"href":"https:\/\/archiviocassano.lavocedelpaese.info\/index.php\/wp-json\/wp\/v2\/types\/post"}],"author":[{"embeddable":true,"href":"https:\/\/archiviocassano.lavocedelpaese.info\/index.php\/wp-json\/wp\/v2\/users\/1"}],"replies":[{"embeddable":true,"href":"https:\/\/archiviocassano.lavocedelpaese.info\/index.php\/wp-json\/wp\/v2\/comments?post=19189"}],"version-history":[{"count":0,"href":"https:\/\/archiviocassano.lavocedelpaese.info\/index.php\/wp-json\/wp\/v2\/posts\/19189\/revisions"}],"wp:attachment":[{"href":"https:\/\/archiviocassano.lavocedelpaese.info\/index.php\/wp-json\/wp\/v2\/media?parent=19189"}],"wp:term":[{"taxonomy":"category","embeddable":true,"href":"https:\/\/archiviocassano.lavocedelpaese.info\/index.php\/wp-json\/wp\/v2\/categories?post=19189"},{"taxonomy":"post_tag","embeddable":true,"href":"https:\/\/archiviocassano.lavocedelpaese.info\/index.php\/wp-json\/wp\/v2\/tags?post=19189"}],"curies":[{"name":"wp","href":"https:\/\/api.w.org\/{rel}","templated":true}]}}