{"id":19220,"date":"2021-05-12T17:47:21","date_gmt":"2021-05-12T17:47:21","guid":{"rendered":"https:\/\/archiviocassano.lavocedelpaese.info\/index.php\/2021\/05\/12\/l-15-maggio-riaprono-le-vie-del-cammino-materano\/"},"modified":"2021-05-12T17:47:21","modified_gmt":"2021-05-12T17:47:21","slug":"l-15-maggio-riaprono-le-vie-del-cammino-materano","status":"publish","type":"post","link":"https:\/\/archiviocassano.lavocedelpaese.info\/index.php\/2021\/05\/12\/l-15-maggio-riaprono-le-vie-del-cammino-materano\/","title":{"rendered":"ll 15 maggio riaprono le Vie del Cammino Materano"},"content":{"rendered":"<p><a data-flickr-embed=\"true\" href=\"https:\/\/www.flickr.com\/photos\/91470992@N02\/51173929322\/in\/dateposted\/\" title=\"CREDENZIALE\"><img loading=\"lazy\" decoding=\"async\" src=\"https:\/\/live.staticflickr.com\/65535\/51173929322_18c574d560_n.jpg\" width=\"320\" height=\"150\" alt=\"CREDENZIALE\" \/><\/a><\/p>\n<p><!--more--><\/p>\n<p>Sabato 15 maggio riaprono ufficialmente la Via Peuceta e la Via Ellenica del Cammino Materano: lo annuncia con una nota l&#8217;Associazione che ha creato e anima i Cammini di cui anche Cassano delle Murge \u00e8 parte integrante nel percorso che da Bari raggiunge Matera (e viceversa).<\/p>\n<p>Queste le maggiori novit\u00e0 del 2021:<\/p>\n<p><em>Via Peuceta&nbsp;<\/em>(Bari &lt;&gt; Matera):<\/p>\n<li>la Via \u00e8 diventata bidirezionale, di conseguenza sar\u00e0 possibile percorrerla anche da Matera a Bari. Riteniamo che questa sia una scelta molto importante per la crescita futura del CM, mirata, non solo ad aumentare le opzioni dei viandanti che vogliono riconnettersi con la&nbsp;<em>Via Ellenica<\/em>, ma anche ad inserire i nostri cammini nel pi\u00f9 ampio sistema dei cammini italiani, giacch\u00e9 Bari \u00e8 punto di transito anche della&nbsp;<em>Via Francigena<\/em>;<\/li>\n<li>i pellegrini che arriveranno a&nbsp;Bari&nbsp;potranno ricevere un&nbsp;nuovo testimonium, tutto dedicato a San Nicola di Myra, che sar\u00e0 consegnato dal nuovo comitato di comunit\u00e0 del capoluogo pugliese;&nbsp;<\/li>\n<li>nuovi cartelli di benvenuto&nbsp;a Modugno, in localit\u00e0 Balsignano, e ad Altamura;<\/li>\n<li>a Modugno, grazie alla nuova collaborazione con l&#8217;Amministrazione Comunale,&nbsp;il complesso di Balsignano sar\u00e0 prossimamente aperto&nbsp;ogni mattina per permettere ai pellegrini di visitare l&#8217;area archeologica ed apporre il&nbsp;<em>sigillum<\/em>;&nbsp;<\/li>\n<li>&nbsp;nella tappa Bari &lt;&gt; Bitetto,&nbsp;\u00e8 stata realizzata una&nbsp;nuova area di sosta&nbsp;a met\u00e0 percorso, interamente immersa nella natura;&nbsp;<\/li>\n<li>\u00e8 stato&nbsp;modificato l&#8217;ingresso ad Altamura, per permettere ai pellegrini di evitare la trafficata Via Santeramo e giungere nel centro storico in modo pi\u00f9 breve e comodo, passando per il Museo Archeologico, il Museo dell&#8217;Uomo di Altamura e l&#8217;antico Ospitale dei pellegrini;&nbsp;<\/li>\n<li>da quest&#8217;anno vi sar\u00e0 la possibilit\u00e0, per chi lo ritenga opportuno, di&nbsp;dividere&nbsp;in due la tappa Gravina &lt;&gt; Picciano, prenotando un transfert (a pagamento) a met\u00e0 percorso nel punto di raccolta in localit\u00e0 Terra Rossa, a circa met\u00e0 del Bosco Difesa Grande. I dettagli saranno presentati nella pagina dedicata alla tappa del nuovo portale;<\/li>\n<li>sula tappa Picciano &lt;&gt; Matera \u00e8 stato inserito un&nbsp;punto sosta&nbsp;attraverso una piccola modifica del percorso, che da la possibilit\u00e0 di rifornirsi a una piccola stazione di servizio per l&#8217;acqua ed eventuali altre bevande;&nbsp;<\/li>\n<li>il 18 maggio Il&nbsp;Corriere della Sera e Gazzetta dello Sport pubblicheranno uno speciale&nbsp;sulla Via Peuceta nel quale ci saranno approfondimenti sulla storia e il territorio interessati dal Cammino.\n<\/li>\n<p><em>Via Ellenica<\/em>&nbsp;(Brindisi &lt;&gt; Matera)<\/p>\n<li>si conferma la possibilit\u00e0 di dividere il percorso in&nbsp;due segmenti di una settimana, con possibilit\u00e0 di ricevere lo&nbsp;<em>Xenium<\/em>&nbsp;di met\u00e0 percorso; il primo si svolge interamente nella&nbsp;<em>Valle d&#8217;Itria<\/em>, il secondo nella&nbsp;<em>Terra delle Gravine.&nbsp;<\/em>Entrambi i segmenti sono bidirezionali;<\/li>\n<li>nuovi cartelli di benvenuto&nbsp;a Martina Franca e Laterza: altri sono in produzione per Locorotondo, Castellaneta e Ginosa;&nbsp;<\/li>\n<li>modificato l&#8217;ingresso a Montescaglioso, che rende pi\u00f9 agevole il raggiungimento della citt\u00e0 lucana;&nbsp;<\/li>\n<li>nuove strutture ricettive&nbsp;nella miniguida scaricabile gratuitamente del sito;&nbsp;<\/li>\n<li>a Brindisi possibilit\u00e0 di ricevere il testimonium, la credenziale e gli eventuali gadget presso il complesso delle Scuole Pie, sede del comitato di comunit\u00e0 della citt\u00e0 adriatica;&nbsp;<\/li>\n<li>\u00e8 in stesura la guida ufficiale del cammino con il nostro partner editoriale Terre di Mezzo. Vi aggiorneremo quanto prima sulle date di uscita, che si presume siano da ipotizzare per la prossima primavera.<\/li>\n<p>&nbsp;<\/p>\n<p>&nbsp;<\/p>\n","protected":false},"excerpt":{"rendered":"","protected":false},"author":1,"featured_media":0,"comment_status":"open","ping_status":"closed","sticky":false,"template":"","format":"standard","meta":{"colormag_page_container_layout":"default_layout","colormag_page_sidebar_layout":"default_layout","footnotes":""},"categories":[6],"tags":[],"class_list":["post-19220","post","type-post","status-publish","format-standard","hentry","category-cultura"],"yoast_head":"<!-- This site is optimized with the Yoast SEO plugin v27.5 - https:\/\/yoast.com\/product\/yoast-seo-wordpress\/ -->\n<title>ll 15 maggio riaprono le Vie del Cammino Materano - Archivio CassanoWeb<\/title>\n<meta name=\"robots\" content=\"index, follow, max-snippet:-1, max-image-preview:large, max-video-preview:-1\" \/>\n<link rel=\"canonical\" href=\"https:\/\/archiviocassano.lavocedelpaese.info\/index.php\/2021\/05\/12\/l-15-maggio-riaprono-le-vie-del-cammino-materano\/\" \/>\n<meta property=\"og:locale\" content=\"it_IT\" \/>\n<meta property=\"og:type\" content=\"article\" \/>\n<meta property=\"og:title\" content=\"ll 15 maggio riaprono le Vie del Cammino Materano - Archivio CassanoWeb\" \/>\n<meta property=\"og:url\" content=\"https:\/\/archiviocassano.lavocedelpaese.info\/index.php\/2021\/05\/12\/l-15-maggio-riaprono-le-vie-del-cammino-materano\/\" \/>\n<meta property=\"og:site_name\" content=\"Archivio CassanoWeb\" \/>\n<meta property=\"article:publisher\" content=\"https:\/\/www.facebook.com\/redazione.cassanoweb\" \/>\n<meta property=\"article:published_time\" content=\"2021-05-12T17:47:21+00:00\" \/>\n<meta property=\"og:image\" content=\"https:\/\/live.staticflickr.com\/65535\/51173929322_18c574d560_n.jpg\" \/>\n<meta name=\"author\" content=\"admin\" \/>\n<meta name=\"twitter:card\" content=\"summary_large_image\" \/>\n<meta name=\"twitter:label1\" content=\"Scritto da\" \/>\n\t<meta name=\"twitter:data1\" content=\"admin\" \/>\n\t<meta name=\"twitter:label2\" content=\"Tempo di lettura stimato\" \/>\n\t<meta name=\"twitter:data2\" content=\"3 minuti\" \/>\n<script type=\"application\/ld+json\" class=\"yoast-schema-graph\">{\"@context\":\"https:\\\/\\\/schema.org\",\"@graph\":[{\"@type\":\"Article\",\"@id\":\"https:\\\/\\\/archiviocassano.lavocedelpaese.info\\\/index.php\\\/2021\\\/05\\\/12\\\/l-15-maggio-riaprono-le-vie-del-cammino-materano\\\/#article\",\"isPartOf\":{\"@id\":\"https:\\\/\\\/archiviocassano.lavocedelpaese.info\\\/index.php\\\/2021\\\/05\\\/12\\\/l-15-maggio-riaprono-le-vie-del-cammino-materano\\\/\"},\"author\":{\"name\":\"admin\",\"@id\":\"https:\\\/\\\/archiviocassano.lavocedelpaese.info\\\/#\\\/schema\\\/person\\\/df195bc79a9b4c35127cf005f92e041b\"},\"headline\":\"ll 15 maggio riaprono le Vie del Cammino Materano\",\"datePublished\":\"2021-05-12T17:47:21+00:00\",\"mainEntityOfPage\":{\"@id\":\"https:\\\/\\\/archiviocassano.lavocedelpaese.info\\\/index.php\\\/2021\\\/05\\\/12\\\/l-15-maggio-riaprono-le-vie-del-cammino-materano\\\/\"},\"wordCount\":581,\"commentCount\":0,\"publisher\":{\"@id\":\"https:\\\/\\\/archiviocassano.lavocedelpaese.info\\\/#organization\"},\"image\":{\"@id\":\"https:\\\/\\\/archiviocassano.lavocedelpaese.info\\\/index.php\\\/2021\\\/05\\\/12\\\/l-15-maggio-riaprono-le-vie-del-cammino-materano\\\/#primaryimage\"},\"thumbnailUrl\":\"https:\\\/\\\/live.staticflickr.com\\\/65535\\\/51173929322_18c574d560_n.jpg\",\"articleSection\":[\"Cultura\"],\"inLanguage\":\"it-IT\",\"potentialAction\":[{\"@type\":\"CommentAction\",\"name\":\"Comment\",\"target\":[\"https:\\\/\\\/archiviocassano.lavocedelpaese.info\\\/index.php\\\/2021\\\/05\\\/12\\\/l-15-maggio-riaprono-le-vie-del-cammino-materano\\\/#respond\"]}]},{\"@type\":\"WebPage\",\"@id\":\"https:\\\/\\\/archiviocassano.lavocedelpaese.info\\\/index.php\\\/2021\\\/05\\\/12\\\/l-15-maggio-riaprono-le-vie-del-cammino-materano\\\/\",\"url\":\"https:\\\/\\\/archiviocassano.lavocedelpaese.info\\\/index.php\\\/2021\\\/05\\\/12\\\/l-15-maggio-riaprono-le-vie-del-cammino-materano\\\/\",\"name\":\"ll 15 maggio riaprono le Vie del Cammino Materano - Archivio CassanoWeb\",\"isPartOf\":{\"@id\":\"https:\\\/\\\/archiviocassano.lavocedelpaese.info\\\/#website\"},\"primaryImageOfPage\":{\"@id\":\"https:\\\/\\\/archiviocassano.lavocedelpaese.info\\\/index.php\\\/2021\\\/05\\\/12\\\/l-15-maggio-riaprono-le-vie-del-cammino-materano\\\/#primaryimage\"},\"image\":{\"@id\":\"https:\\\/\\\/archiviocassano.lavocedelpaese.info\\\/index.php\\\/2021\\\/05\\\/12\\\/l-15-maggio-riaprono-le-vie-del-cammino-materano\\\/#primaryimage\"},\"thumbnailUrl\":\"https:\\\/\\\/live.staticflickr.com\\\/65535\\\/51173929322_18c574d560_n.jpg\",\"datePublished\":\"2021-05-12T17:47:21+00:00\",\"breadcrumb\":{\"@id\":\"https:\\\/\\\/archiviocassano.lavocedelpaese.info\\\/index.php\\\/2021\\\/05\\\/12\\\/l-15-maggio-riaprono-le-vie-del-cammino-materano\\\/#breadcrumb\"},\"inLanguage\":\"it-IT\",\"potentialAction\":[{\"@type\":\"ReadAction\",\"target\":[\"https:\\\/\\\/archiviocassano.lavocedelpaese.info\\\/index.php\\\/2021\\\/05\\\/12\\\/l-15-maggio-riaprono-le-vie-del-cammino-materano\\\/\"]}]},{\"@type\":\"ImageObject\",\"inLanguage\":\"it-IT\",\"@id\":\"https:\\\/\\\/archiviocassano.lavocedelpaese.info\\\/index.php\\\/2021\\\/05\\\/12\\\/l-15-maggio-riaprono-le-vie-del-cammino-materano\\\/#primaryimage\",\"url\":\"https:\\\/\\\/live.staticflickr.com\\\/65535\\\/51173929322_18c574d560_n.jpg\",\"contentUrl\":\"https:\\\/\\\/live.staticflickr.com\\\/65535\\\/51173929322_18c574d560_n.jpg\"},{\"@type\":\"BreadcrumbList\",\"@id\":\"https:\\\/\\\/archiviocassano.lavocedelpaese.info\\\/index.php\\\/2021\\\/05\\\/12\\\/l-15-maggio-riaprono-le-vie-del-cammino-materano\\\/#breadcrumb\",\"itemListElement\":[{\"@type\":\"ListItem\",\"position\":1,\"name\":\"Home\",\"item\":\"https:\\\/\\\/archiviocassano.lavocedelpaese.info\\\/\"},{\"@type\":\"ListItem\",\"position\":2,\"name\":\"ll 15 maggio riaprono le Vie del Cammino Materano\"}]},{\"@type\":\"WebSite\",\"@id\":\"https:\\\/\\\/archiviocassano.lavocedelpaese.info\\\/#website\",\"url\":\"https:\\\/\\\/archiviocassano.lavocedelpaese.info\\\/\",\"name\":\"Archivio CassanoWeb\",\"description\":\"La Voce del Paese - un network di idee\",\"publisher\":{\"@id\":\"https:\\\/\\\/archiviocassano.lavocedelpaese.info\\\/#organization\"},\"potentialAction\":[{\"@type\":\"SearchAction\",\"target\":{\"@type\":\"EntryPoint\",\"urlTemplate\":\"https:\\\/\\\/archiviocassano.lavocedelpaese.info\\\/?s={search_term_string}\"},\"query-input\":{\"@type\":\"PropertyValueSpecification\",\"valueRequired\":true,\"valueName\":\"search_term_string\"}}],\"inLanguage\":\"it-IT\"},{\"@type\":\"Organization\",\"@id\":\"https:\\\/\\\/archiviocassano.lavocedelpaese.info\\\/#organization\",\"name\":\"Archivio CassanoWeb\",\"url\":\"https:\\\/\\\/archiviocassano.lavocedelpaese.info\\\/\",\"logo\":{\"@type\":\"ImageObject\",\"inLanguage\":\"it-IT\",\"@id\":\"https:\\\/\\\/archiviocassano.lavocedelpaese.info\\\/#\\\/schema\\\/logo\\\/image\\\/\",\"url\":\"https:\\\/\\\/archiviocassano.lavocedelpaese.info\\\/wp-content\\\/uploads\\\/2024\\\/08\\\/logo-rosso-2.png\",\"contentUrl\":\"https:\\\/\\\/archiviocassano.lavocedelpaese.info\\\/wp-content\\\/uploads\\\/2024\\\/08\\\/logo-rosso-2.png\",\"width\":491,\"height\":432,\"caption\":\"Archivio CassanoWeb\"},\"image\":{\"@id\":\"https:\\\/\\\/archiviocassano.lavocedelpaese.info\\\/#\\\/schema\\\/logo\\\/image\\\/\"},\"sameAs\":[\"https:\\\/\\\/www.facebook.com\\\/redazione.cassanoweb\"]},{\"@type\":\"Person\",\"@id\":\"https:\\\/\\\/archiviocassano.lavocedelpaese.info\\\/#\\\/schema\\\/person\\\/df195bc79a9b4c35127cf005f92e041b\",\"name\":\"admin\",\"image\":{\"@type\":\"ImageObject\",\"inLanguage\":\"it-IT\",\"@id\":\"https:\\\/\\\/secure.gravatar.com\\\/avatar\\\/eabba89a432e8eaa1b0207cc55f7e5340b22712b1ed80677efcf63e02ff5b235?s=96&d=mm&r=g\",\"url\":\"https:\\\/\\\/secure.gravatar.com\\\/avatar\\\/eabba89a432e8eaa1b0207cc55f7e5340b22712b1ed80677efcf63e02ff5b235?s=96&d=mm&r=g\",\"contentUrl\":\"https:\\\/\\\/secure.gravatar.com\\\/avatar\\\/eabba89a432e8eaa1b0207cc55f7e5340b22712b1ed80677efcf63e02ff5b235?s=96&d=mm&r=g\",\"caption\":\"admin\"},\"sameAs\":[\"https:\\\/\\\/archiviocassano.lavocedelpaese.info\"],\"url\":\"https:\\\/\\\/archiviocassano.lavocedelpaese.info\\\/index.php\\\/author\\\/admin_0qgz1xdp\\\/\"}]}<\/script>\n<!-- \/ Yoast SEO plugin. -->","yoast_head_json":{"title":"ll 15 maggio riaprono le Vie del Cammino Materano - Archivio CassanoWeb","robots":{"index":"index","follow":"follow","max-snippet":"max-snippet:-1","max-image-preview":"max-image-preview:large","max-video-preview":"max-video-preview:-1"},"canonical":"https:\/\/archiviocassano.lavocedelpaese.info\/index.php\/2021\/05\/12\/l-15-maggio-riaprono-le-vie-del-cammino-materano\/","og_locale":"it_IT","og_type":"article","og_title":"ll 15 maggio riaprono le Vie del Cammino Materano - Archivio CassanoWeb","og_url":"https:\/\/archiviocassano.lavocedelpaese.info\/index.php\/2021\/05\/12\/l-15-maggio-riaprono-le-vie-del-cammino-materano\/","og_site_name":"Archivio CassanoWeb","article_publisher":"https:\/\/www.facebook.com\/redazione.cassanoweb","article_published_time":"2021-05-12T17:47:21+00:00","og_image":[{"url":"https:\/\/live.staticflickr.com\/65535\/51173929322_18c574d560_n.jpg","type":"","width":"","height":""}],"author":"admin","twitter_card":"summary_large_image","twitter_misc":{"Scritto da":"admin","Tempo di lettura stimato":"3 minuti"},"schema":{"@context":"https:\/\/schema.org","@graph":[{"@type":"Article","@id":"https:\/\/archiviocassano.lavocedelpaese.info\/index.php\/2021\/05\/12\/l-15-maggio-riaprono-le-vie-del-cammino-materano\/#article","isPartOf":{"@id":"https:\/\/archiviocassano.lavocedelpaese.info\/index.php\/2021\/05\/12\/l-15-maggio-riaprono-le-vie-del-cammino-materano\/"},"author":{"name":"admin","@id":"https:\/\/archiviocassano.lavocedelpaese.info\/#\/schema\/person\/df195bc79a9b4c35127cf005f92e041b"},"headline":"ll 15 maggio riaprono le Vie del Cammino Materano","datePublished":"2021-05-12T17:47:21+00:00","mainEntityOfPage":{"@id":"https:\/\/archiviocassano.lavocedelpaese.info\/index.php\/2021\/05\/12\/l-15-maggio-riaprono-le-vie-del-cammino-materano\/"},"wordCount":581,"commentCount":0,"publisher":{"@id":"https:\/\/archiviocassano.lavocedelpaese.info\/#organization"},"image":{"@id":"https:\/\/archiviocassano.lavocedelpaese.info\/index.php\/2021\/05\/12\/l-15-maggio-riaprono-le-vie-del-cammino-materano\/#primaryimage"},"thumbnailUrl":"https:\/\/live.staticflickr.com\/65535\/51173929322_18c574d560_n.jpg","articleSection":["Cultura"],"inLanguage":"it-IT","potentialAction":[{"@type":"CommentAction","name":"Comment","target":["https:\/\/archiviocassano.lavocedelpaese.info\/index.php\/2021\/05\/12\/l-15-maggio-riaprono-le-vie-del-cammino-materano\/#respond"]}]},{"@type":"WebPage","@id":"https:\/\/archiviocassano.lavocedelpaese.info\/index.php\/2021\/05\/12\/l-15-maggio-riaprono-le-vie-del-cammino-materano\/","url":"https:\/\/archiviocassano.lavocedelpaese.info\/index.php\/2021\/05\/12\/l-15-maggio-riaprono-le-vie-del-cammino-materano\/","name":"ll 15 maggio riaprono le Vie del Cammino Materano - Archivio CassanoWeb","isPartOf":{"@id":"https:\/\/archiviocassano.lavocedelpaese.info\/#website"},"primaryImageOfPage":{"@id":"https:\/\/archiviocassano.lavocedelpaese.info\/index.php\/2021\/05\/12\/l-15-maggio-riaprono-le-vie-del-cammino-materano\/#primaryimage"},"image":{"@id":"https:\/\/archiviocassano.lavocedelpaese.info\/index.php\/2021\/05\/12\/l-15-maggio-riaprono-le-vie-del-cammino-materano\/#primaryimage"},"thumbnailUrl":"https:\/\/live.staticflickr.com\/65535\/51173929322_18c574d560_n.jpg","datePublished":"2021-05-12T17:47:21+00:00","breadcrumb":{"@id":"https:\/\/archiviocassano.lavocedelpaese.info\/index.php\/2021\/05\/12\/l-15-maggio-riaprono-le-vie-del-cammino-materano\/#breadcrumb"},"inLanguage":"it-IT","potentialAction":[{"@type":"ReadAction","target":["https:\/\/archiviocassano.lavocedelpaese.info\/index.php\/2021\/05\/12\/l-15-maggio-riaprono-le-vie-del-cammino-materano\/"]}]},{"@type":"ImageObject","inLanguage":"it-IT","@id":"https:\/\/archiviocassano.lavocedelpaese.info\/index.php\/2021\/05\/12\/l-15-maggio-riaprono-le-vie-del-cammino-materano\/#primaryimage","url":"https:\/\/live.staticflickr.com\/65535\/51173929322_18c574d560_n.jpg","contentUrl":"https:\/\/live.staticflickr.com\/65535\/51173929322_18c574d560_n.jpg"},{"@type":"BreadcrumbList","@id":"https:\/\/archiviocassano.lavocedelpaese.info\/index.php\/2021\/05\/12\/l-15-maggio-riaprono-le-vie-del-cammino-materano\/#breadcrumb","itemListElement":[{"@type":"ListItem","position":1,"name":"Home","item":"https:\/\/archiviocassano.lavocedelpaese.info\/"},{"@type":"ListItem","position":2,"name":"ll 15 maggio riaprono le Vie del Cammino Materano"}]},{"@type":"WebSite","@id":"https:\/\/archiviocassano.lavocedelpaese.info\/#website","url":"https:\/\/archiviocassano.lavocedelpaese.info\/","name":"Archivio CassanoWeb","description":"La Voce del Paese - un network di idee","publisher":{"@id":"https:\/\/archiviocassano.lavocedelpaese.info\/#organization"},"potentialAction":[{"@type":"SearchAction","target":{"@type":"EntryPoint","urlTemplate":"https:\/\/archiviocassano.lavocedelpaese.info\/?s={search_term_string}"},"query-input":{"@type":"PropertyValueSpecification","valueRequired":true,"valueName":"search_term_string"}}],"inLanguage":"it-IT"},{"@type":"Organization","@id":"https:\/\/archiviocassano.lavocedelpaese.info\/#organization","name":"Archivio CassanoWeb","url":"https:\/\/archiviocassano.lavocedelpaese.info\/","logo":{"@type":"ImageObject","inLanguage":"it-IT","@id":"https:\/\/archiviocassano.lavocedelpaese.info\/#\/schema\/logo\/image\/","url":"https:\/\/archiviocassano.lavocedelpaese.info\/wp-content\/uploads\/2024\/08\/logo-rosso-2.png","contentUrl":"https:\/\/archiviocassano.lavocedelpaese.info\/wp-content\/uploads\/2024\/08\/logo-rosso-2.png","width":491,"height":432,"caption":"Archivio CassanoWeb"},"image":{"@id":"https:\/\/archiviocassano.lavocedelpaese.info\/#\/schema\/logo\/image\/"},"sameAs":["https:\/\/www.facebook.com\/redazione.cassanoweb"]},{"@type":"Person","@id":"https:\/\/archiviocassano.lavocedelpaese.info\/#\/schema\/person\/df195bc79a9b4c35127cf005f92e041b","name":"admin","image":{"@type":"ImageObject","inLanguage":"it-IT","@id":"https:\/\/secure.gravatar.com\/avatar\/eabba89a432e8eaa1b0207cc55f7e5340b22712b1ed80677efcf63e02ff5b235?s=96&d=mm&r=g","url":"https:\/\/secure.gravatar.com\/avatar\/eabba89a432e8eaa1b0207cc55f7e5340b22712b1ed80677efcf63e02ff5b235?s=96&d=mm&r=g","contentUrl":"https:\/\/secure.gravatar.com\/avatar\/eabba89a432e8eaa1b0207cc55f7e5340b22712b1ed80677efcf63e02ff5b235?s=96&d=mm&r=g","caption":"admin"},"sameAs":["https:\/\/archiviocassano.lavocedelpaese.info"],"url":"https:\/\/archiviocassano.lavocedelpaese.info\/index.php\/author\/admin_0qgz1xdp\/"}]}},"_links":{"self":[{"href":"https:\/\/archiviocassano.lavocedelpaese.info\/index.php\/wp-json\/wp\/v2\/posts\/19220","targetHints":{"allow":["GET"]}}],"collection":[{"href":"https:\/\/archiviocassano.lavocedelpaese.info\/index.php\/wp-json\/wp\/v2\/posts"}],"about":[{"href":"https:\/\/archiviocassano.lavocedelpaese.info\/index.php\/wp-json\/wp\/v2\/types\/post"}],"author":[{"embeddable":true,"href":"https:\/\/archiviocassano.lavocedelpaese.info\/index.php\/wp-json\/wp\/v2\/users\/1"}],"replies":[{"embeddable":true,"href":"https:\/\/archiviocassano.lavocedelpaese.info\/index.php\/wp-json\/wp\/v2\/comments?post=19220"}],"version-history":[{"count":0,"href":"https:\/\/archiviocassano.lavocedelpaese.info\/index.php\/wp-json\/wp\/v2\/posts\/19220\/revisions"}],"wp:attachment":[{"href":"https:\/\/archiviocassano.lavocedelpaese.info\/index.php\/wp-json\/wp\/v2\/media?parent=19220"}],"wp:term":[{"taxonomy":"category","embeddable":true,"href":"https:\/\/archiviocassano.lavocedelpaese.info\/index.php\/wp-json\/wp\/v2\/categories?post=19220"},{"taxonomy":"post_tag","embeddable":true,"href":"https:\/\/archiviocassano.lavocedelpaese.info\/index.php\/wp-json\/wp\/v2\/tags?post=19220"}],"curies":[{"name":"wp","href":"https:\/\/api.w.org\/{rel}","templated":true}]}}