{"id":19238,"date":"2021-05-24T05:48:02","date_gmt":"2021-05-24T05:48:02","guid":{"rendered":"https:\/\/archiviocassano.lavocedelpaese.info\/index.php\/2021\/05\/24\/centro-storico-incontro-fra-movimento-e-polizia-locale\/"},"modified":"2021-05-24T05:48:02","modified_gmt":"2021-05-24T05:48:02","slug":"centro-storico-incontro-fra-movimento-e-polizia-locale","status":"publish","type":"post","link":"https:\/\/archiviocassano.lavocedelpaese.info\/index.php\/2021\/05\/24\/centro-storico-incontro-fra-movimento-e-polizia-locale\/","title":{"rendered":"Centro storico, incontro fra Movimento e Polizia Locale"},"content":{"rendered":"<p><a data-flickr-embed=\"true\" href=\"https:\/\/www.flickr.com\/photos\/91470992@N02\/51091557010\/in\/dateposted\/\" title=\"polizia locale\"><img loading=\"lazy\" decoding=\"async\" src=\"https:\/\/live.staticflickr.com\/65535\/51091557010_ae7e961023_n.jpg\" width=\"320\" height=\"150\" alt=\"polizia locale\" \/><\/a><\/p>\n<p><!--more--><\/p>\n<p><div dir=\"auto\">Due settimane fa una nostra delegazione si \u00e8 presentata al nuovo comandante della Polizia Locale, il dr. Nicola Dentamaro.<\/div>\n<div dir=\"auto\">&nbsp;<\/div>\n<div dir=\"auto\">Abbiamo conosciuto un uomo determinato e pieno di energia. Una bella e lunga discussione sul nostro centro storico in cui sono emerse&nbsp; tantissime criticit\u00e0.&nbsp;<\/div>\n<div dir=\"auto\">&nbsp;<\/div>\n<div dir=\"auto\">Conveniamo sulla bellezza e sulle potenzialit\u00e0 di Cassano Vecchia e soprattutto sul declino di questi ultimi 10 anni.&nbsp;<\/div>\n<div dir=\"auto\">&nbsp;<\/div>\n<div dir=\"auto\">Sul piatto tanti progetti, dalla pulizia ( in questi giorni abbiamo finalmente visto gli addetti alle prese con la pulizia di routine in tutto il centro storico e non solo in alcuni punti chiave) agli edifici in stato di abbandono, dal fitto di case o stanze al limite della decenza alla linea politica adottata.<\/div>\n<div dir=\"auto\">&nbsp;<\/div>\n<div dir=\"auto\">Ma i punti su cui costruire il nuovo progetto per il centro storico e da cui ripartire con urgenza sono due :<\/div>\n<div dir=\"auto\">&#8211; piano parcheggi<\/div>\n<div dir=\"auto\">&#8211; sicurezza<\/div>\n<div dir=\"auto\">&nbsp;<\/div>\n<div dir=\"auto\">Il piano parcheggi \u00e8 un progetto fondamentale poich\u00e9 da molti anni ormai con il progressivo aumento delle automobili, il centro storico di Cassano delle Murge \u00e8 soffocato dal \u201cparcheggio selvaggio\u201d, dovuto all\u2019assenza di strutture necessarie per la sosta sia momentanea che duratura.<\/div>\n<div dir=\"auto\">&nbsp;<\/div>\n<div dir=\"auto\">Purtroppo la conformazione del centro storico di Cassano delle Murge presenta pochi spazi da destinare alla formazione di aree di sosta. L\u2019esigenza scaturisce dall\u2019impossibilit\u00e0 di dare adeguati spazi per il posteggio delle autovetture dei residenti del centro storico e dei non residenti ( prettamente nelle vicinanze degli esercizi commerciali ), evitando cos\u00ec di dover parcheggiare spesso e volentieri in zone di divieto, in doppia fila, su marciapiedi, ostacolando quindi sia pedoni che autovetture.<\/div>\n<div dir=\"auto\">&nbsp;<\/div>\n<div dir=\"auto\">Noi residenti del centro storico purtroppo stiamo subendo in prima persona la mancanza di un preciso piano parcheggi con stalli per la sosta esclusivi per chi abita nel centro storico, puntualmente ogni giorno troviamo contravvenzioni sulle nostre autovetture magari per non aver esposto il disco orario di sabato mattina oppure per non aver spostato la vettura dallo stallo dopo una sola ora.<\/div>\n<div dir=\"auto\">&nbsp;<\/div>\n<div dir=\"auto\">Capiamo che i vigili stanno soltanto facendo il loro lavoro e lo rispettiamo&nbsp; ma non possiamo continuare in eterno, abbiamo protocollato diverse volte con diverse amministrazioni una bozza per il nuovo piano parcheggi e nell&#8217;attesa che questa amministrazione riesca ad adottare seri provvedimenti di natura politica, chiediamo un piccolo compromesso.&nbsp;<\/div>\n<div dir=\"auto\">&nbsp;<\/div>\n<div dir=\"auto\">Come movimento siamo disposti a stampare dei tagliandi da esporre sul cruscotto delle nostre macchine (ovviamente ad uso solo ed esclusivo degli abitanti del centro storico) per riconoscere la vettura di un residente ed evitare le continue sanzioni.<\/div>\n<div dir=\"auto\">&nbsp;<\/div>\n<div dir=\"auto\">Nella speranza di vedere accolta la nostra proposta.<\/div>\n<div dir=\"auto\">&nbsp;<\/div>\n<div dir=\"auto\">&nbsp;<\/div>\n<div dir=\"auto\" style=\"text-align: right;\"><em>Oreste Iavazzo<\/em><\/div>\n<div dir=\"auto\" style=\"text-align: right;\"><em>Per il Movimento dei Residenti del Centro Storico di Cassano delle Murge<\/em><\/div>\n<p>&nbsp;<\/p>\n","protected":false},"excerpt":{"rendered":"","protected":false},"author":1,"featured_media":0,"comment_status":"open","ping_status":"closed","sticky":false,"template":"","format":"standard","meta":{"colormag_page_container_layout":"default_layout","colormag_page_sidebar_layout":"default_layout","footnotes":""},"categories":[7],"tags":[],"class_list":["post-19238","post","type-post","status-publish","format-standard","hentry","category-attualita"],"yoast_head":"<!-- This site is optimized with the Yoast SEO plugin v27.5 - https:\/\/yoast.com\/product\/yoast-seo-wordpress\/ -->\n<title>Centro storico, incontro fra Movimento e Polizia Locale - Archivio CassanoWeb<\/title>\n<meta name=\"robots\" content=\"index, follow, max-snippet:-1, max-image-preview:large, max-video-preview:-1\" \/>\n<link rel=\"canonical\" href=\"https:\/\/archiviocassano.lavocedelpaese.info\/index.php\/2021\/05\/24\/centro-storico-incontro-fra-movimento-e-polizia-locale\/\" \/>\n<meta property=\"og:locale\" content=\"it_IT\" \/>\n<meta property=\"og:type\" content=\"article\" \/>\n<meta property=\"og:title\" content=\"Centro storico, incontro fra Movimento e Polizia Locale - Archivio CassanoWeb\" \/>\n<meta property=\"og:url\" content=\"https:\/\/archiviocassano.lavocedelpaese.info\/index.php\/2021\/05\/24\/centro-storico-incontro-fra-movimento-e-polizia-locale\/\" \/>\n<meta property=\"og:site_name\" content=\"Archivio CassanoWeb\" \/>\n<meta property=\"article:publisher\" content=\"https:\/\/www.facebook.com\/redazione.cassanoweb\" \/>\n<meta property=\"article:published_time\" content=\"2021-05-24T05:48:02+00:00\" \/>\n<meta property=\"og:image\" content=\"https:\/\/live.staticflickr.com\/65535\/51091557010_ae7e961023_n.jpg\" \/>\n<meta name=\"author\" content=\"admin\" \/>\n<meta name=\"twitter:card\" content=\"summary_large_image\" \/>\n<meta name=\"twitter:label1\" content=\"Scritto da\" \/>\n\t<meta name=\"twitter:data1\" content=\"admin\" \/>\n\t<meta name=\"twitter:label2\" content=\"Tempo di lettura stimato\" \/>\n\t<meta name=\"twitter:data2\" content=\"2 minuti\" \/>\n<script type=\"application\/ld+json\" class=\"yoast-schema-graph\">{\"@context\":\"https:\\\/\\\/schema.org\",\"@graph\":[{\"@type\":\"Article\",\"@id\":\"https:\\\/\\\/archiviocassano.lavocedelpaese.info\\\/index.php\\\/2021\\\/05\\\/24\\\/centro-storico-incontro-fra-movimento-e-polizia-locale\\\/#article\",\"isPartOf\":{\"@id\":\"https:\\\/\\\/archiviocassano.lavocedelpaese.info\\\/index.php\\\/2021\\\/05\\\/24\\\/centro-storico-incontro-fra-movimento-e-polizia-locale\\\/\"},\"author\":{\"name\":\"admin\",\"@id\":\"https:\\\/\\\/archiviocassano.lavocedelpaese.info\\\/#\\\/schema\\\/person\\\/df195bc79a9b4c35127cf005f92e041b\"},\"headline\":\"Centro storico, incontro fra Movimento e Polizia Locale\",\"datePublished\":\"2021-05-24T05:48:02+00:00\",\"mainEntityOfPage\":{\"@id\":\"https:\\\/\\\/archiviocassano.lavocedelpaese.info\\\/index.php\\\/2021\\\/05\\\/24\\\/centro-storico-incontro-fra-movimento-e-polizia-locale\\\/\"},\"wordCount\":451,\"commentCount\":0,\"publisher\":{\"@id\":\"https:\\\/\\\/archiviocassano.lavocedelpaese.info\\\/#organization\"},\"image\":{\"@id\":\"https:\\\/\\\/archiviocassano.lavocedelpaese.info\\\/index.php\\\/2021\\\/05\\\/24\\\/centro-storico-incontro-fra-movimento-e-polizia-locale\\\/#primaryimage\"},\"thumbnailUrl\":\"https:\\\/\\\/live.staticflickr.com\\\/65535\\\/51091557010_ae7e961023_n.jpg\",\"articleSection\":[\"Attualit\u00e0\"],\"inLanguage\":\"it-IT\",\"potentialAction\":[{\"@type\":\"CommentAction\",\"name\":\"Comment\",\"target\":[\"https:\\\/\\\/archiviocassano.lavocedelpaese.info\\\/index.php\\\/2021\\\/05\\\/24\\\/centro-storico-incontro-fra-movimento-e-polizia-locale\\\/#respond\"]}]},{\"@type\":\"WebPage\",\"@id\":\"https:\\\/\\\/archiviocassano.lavocedelpaese.info\\\/index.php\\\/2021\\\/05\\\/24\\\/centro-storico-incontro-fra-movimento-e-polizia-locale\\\/\",\"url\":\"https:\\\/\\\/archiviocassano.lavocedelpaese.info\\\/index.php\\\/2021\\\/05\\\/24\\\/centro-storico-incontro-fra-movimento-e-polizia-locale\\\/\",\"name\":\"Centro storico, incontro fra Movimento e Polizia Locale - Archivio CassanoWeb\",\"isPartOf\":{\"@id\":\"https:\\\/\\\/archiviocassano.lavocedelpaese.info\\\/#website\"},\"primaryImageOfPage\":{\"@id\":\"https:\\\/\\\/archiviocassano.lavocedelpaese.info\\\/index.php\\\/2021\\\/05\\\/24\\\/centro-storico-incontro-fra-movimento-e-polizia-locale\\\/#primaryimage\"},\"image\":{\"@id\":\"https:\\\/\\\/archiviocassano.lavocedelpaese.info\\\/index.php\\\/2021\\\/05\\\/24\\\/centro-storico-incontro-fra-movimento-e-polizia-locale\\\/#primaryimage\"},\"thumbnailUrl\":\"https:\\\/\\\/live.staticflickr.com\\\/65535\\\/51091557010_ae7e961023_n.jpg\",\"datePublished\":\"2021-05-24T05:48:02+00:00\",\"breadcrumb\":{\"@id\":\"https:\\\/\\\/archiviocassano.lavocedelpaese.info\\\/index.php\\\/2021\\\/05\\\/24\\\/centro-storico-incontro-fra-movimento-e-polizia-locale\\\/#breadcrumb\"},\"inLanguage\":\"it-IT\",\"potentialAction\":[{\"@type\":\"ReadAction\",\"target\":[\"https:\\\/\\\/archiviocassano.lavocedelpaese.info\\\/index.php\\\/2021\\\/05\\\/24\\\/centro-storico-incontro-fra-movimento-e-polizia-locale\\\/\"]}]},{\"@type\":\"ImageObject\",\"inLanguage\":\"it-IT\",\"@id\":\"https:\\\/\\\/archiviocassano.lavocedelpaese.info\\\/index.php\\\/2021\\\/05\\\/24\\\/centro-storico-incontro-fra-movimento-e-polizia-locale\\\/#primaryimage\",\"url\":\"https:\\\/\\\/live.staticflickr.com\\\/65535\\\/51091557010_ae7e961023_n.jpg\",\"contentUrl\":\"https:\\\/\\\/live.staticflickr.com\\\/65535\\\/51091557010_ae7e961023_n.jpg\"},{\"@type\":\"BreadcrumbList\",\"@id\":\"https:\\\/\\\/archiviocassano.lavocedelpaese.info\\\/index.php\\\/2021\\\/05\\\/24\\\/centro-storico-incontro-fra-movimento-e-polizia-locale\\\/#breadcrumb\",\"itemListElement\":[{\"@type\":\"ListItem\",\"position\":1,\"name\":\"Home\",\"item\":\"https:\\\/\\\/archiviocassano.lavocedelpaese.info\\\/\"},{\"@type\":\"ListItem\",\"position\":2,\"name\":\"Centro storico, incontro fra Movimento e Polizia Locale\"}]},{\"@type\":\"WebSite\",\"@id\":\"https:\\\/\\\/archiviocassano.lavocedelpaese.info\\\/#website\",\"url\":\"https:\\\/\\\/archiviocassano.lavocedelpaese.info\\\/\",\"name\":\"Archivio CassanoWeb\",\"description\":\"La Voce del Paese - un network di idee\",\"publisher\":{\"@id\":\"https:\\\/\\\/archiviocassano.lavocedelpaese.info\\\/#organization\"},\"potentialAction\":[{\"@type\":\"SearchAction\",\"target\":{\"@type\":\"EntryPoint\",\"urlTemplate\":\"https:\\\/\\\/archiviocassano.lavocedelpaese.info\\\/?s={search_term_string}\"},\"query-input\":{\"@type\":\"PropertyValueSpecification\",\"valueRequired\":true,\"valueName\":\"search_term_string\"}}],\"inLanguage\":\"it-IT\"},{\"@type\":\"Organization\",\"@id\":\"https:\\\/\\\/archiviocassano.lavocedelpaese.info\\\/#organization\",\"name\":\"Archivio CassanoWeb\",\"url\":\"https:\\\/\\\/archiviocassano.lavocedelpaese.info\\\/\",\"logo\":{\"@type\":\"ImageObject\",\"inLanguage\":\"it-IT\",\"@id\":\"https:\\\/\\\/archiviocassano.lavocedelpaese.info\\\/#\\\/schema\\\/logo\\\/image\\\/\",\"url\":\"https:\\\/\\\/archiviocassano.lavocedelpaese.info\\\/wp-content\\\/uploads\\\/2024\\\/08\\\/logo-rosso-2.png\",\"contentUrl\":\"https:\\\/\\\/archiviocassano.lavocedelpaese.info\\\/wp-content\\\/uploads\\\/2024\\\/08\\\/logo-rosso-2.png\",\"width\":491,\"height\":432,\"caption\":\"Archivio CassanoWeb\"},\"image\":{\"@id\":\"https:\\\/\\\/archiviocassano.lavocedelpaese.info\\\/#\\\/schema\\\/logo\\\/image\\\/\"},\"sameAs\":[\"https:\\\/\\\/www.facebook.com\\\/redazione.cassanoweb\"]},{\"@type\":\"Person\",\"@id\":\"https:\\\/\\\/archiviocassano.lavocedelpaese.info\\\/#\\\/schema\\\/person\\\/df195bc79a9b4c35127cf005f92e041b\",\"name\":\"admin\",\"image\":{\"@type\":\"ImageObject\",\"inLanguage\":\"it-IT\",\"@id\":\"https:\\\/\\\/secure.gravatar.com\\\/avatar\\\/eabba89a432e8eaa1b0207cc55f7e5340b22712b1ed80677efcf63e02ff5b235?s=96&d=mm&r=g\",\"url\":\"https:\\\/\\\/secure.gravatar.com\\\/avatar\\\/eabba89a432e8eaa1b0207cc55f7e5340b22712b1ed80677efcf63e02ff5b235?s=96&d=mm&r=g\",\"contentUrl\":\"https:\\\/\\\/secure.gravatar.com\\\/avatar\\\/eabba89a432e8eaa1b0207cc55f7e5340b22712b1ed80677efcf63e02ff5b235?s=96&d=mm&r=g\",\"caption\":\"admin\"},\"sameAs\":[\"https:\\\/\\\/archiviocassano.lavocedelpaese.info\"],\"url\":\"https:\\\/\\\/archiviocassano.lavocedelpaese.info\\\/index.php\\\/author\\\/admin_0qgz1xdp\\\/\"}]}<\/script>\n<!-- \/ Yoast SEO plugin. -->","yoast_head_json":{"title":"Centro storico, incontro fra Movimento e Polizia Locale - Archivio CassanoWeb","robots":{"index":"index","follow":"follow","max-snippet":"max-snippet:-1","max-image-preview":"max-image-preview:large","max-video-preview":"max-video-preview:-1"},"canonical":"https:\/\/archiviocassano.lavocedelpaese.info\/index.php\/2021\/05\/24\/centro-storico-incontro-fra-movimento-e-polizia-locale\/","og_locale":"it_IT","og_type":"article","og_title":"Centro storico, incontro fra Movimento e Polizia Locale - Archivio CassanoWeb","og_url":"https:\/\/archiviocassano.lavocedelpaese.info\/index.php\/2021\/05\/24\/centro-storico-incontro-fra-movimento-e-polizia-locale\/","og_site_name":"Archivio CassanoWeb","article_publisher":"https:\/\/www.facebook.com\/redazione.cassanoweb","article_published_time":"2021-05-24T05:48:02+00:00","og_image":[{"url":"https:\/\/live.staticflickr.com\/65535\/51091557010_ae7e961023_n.jpg","type":"","width":"","height":""}],"author":"admin","twitter_card":"summary_large_image","twitter_misc":{"Scritto da":"admin","Tempo di lettura stimato":"2 minuti"},"schema":{"@context":"https:\/\/schema.org","@graph":[{"@type":"Article","@id":"https:\/\/archiviocassano.lavocedelpaese.info\/index.php\/2021\/05\/24\/centro-storico-incontro-fra-movimento-e-polizia-locale\/#article","isPartOf":{"@id":"https:\/\/archiviocassano.lavocedelpaese.info\/index.php\/2021\/05\/24\/centro-storico-incontro-fra-movimento-e-polizia-locale\/"},"author":{"name":"admin","@id":"https:\/\/archiviocassano.lavocedelpaese.info\/#\/schema\/person\/df195bc79a9b4c35127cf005f92e041b"},"headline":"Centro storico, incontro fra Movimento e Polizia Locale","datePublished":"2021-05-24T05:48:02+00:00","mainEntityOfPage":{"@id":"https:\/\/archiviocassano.lavocedelpaese.info\/index.php\/2021\/05\/24\/centro-storico-incontro-fra-movimento-e-polizia-locale\/"},"wordCount":451,"commentCount":0,"publisher":{"@id":"https:\/\/archiviocassano.lavocedelpaese.info\/#organization"},"image":{"@id":"https:\/\/archiviocassano.lavocedelpaese.info\/index.php\/2021\/05\/24\/centro-storico-incontro-fra-movimento-e-polizia-locale\/#primaryimage"},"thumbnailUrl":"https:\/\/live.staticflickr.com\/65535\/51091557010_ae7e961023_n.jpg","articleSection":["Attualit\u00e0"],"inLanguage":"it-IT","potentialAction":[{"@type":"CommentAction","name":"Comment","target":["https:\/\/archiviocassano.lavocedelpaese.info\/index.php\/2021\/05\/24\/centro-storico-incontro-fra-movimento-e-polizia-locale\/#respond"]}]},{"@type":"WebPage","@id":"https:\/\/archiviocassano.lavocedelpaese.info\/index.php\/2021\/05\/24\/centro-storico-incontro-fra-movimento-e-polizia-locale\/","url":"https:\/\/archiviocassano.lavocedelpaese.info\/index.php\/2021\/05\/24\/centro-storico-incontro-fra-movimento-e-polizia-locale\/","name":"Centro storico, incontro fra Movimento e Polizia Locale - Archivio CassanoWeb","isPartOf":{"@id":"https:\/\/archiviocassano.lavocedelpaese.info\/#website"},"primaryImageOfPage":{"@id":"https:\/\/archiviocassano.lavocedelpaese.info\/index.php\/2021\/05\/24\/centro-storico-incontro-fra-movimento-e-polizia-locale\/#primaryimage"},"image":{"@id":"https:\/\/archiviocassano.lavocedelpaese.info\/index.php\/2021\/05\/24\/centro-storico-incontro-fra-movimento-e-polizia-locale\/#primaryimage"},"thumbnailUrl":"https:\/\/live.staticflickr.com\/65535\/51091557010_ae7e961023_n.jpg","datePublished":"2021-05-24T05:48:02+00:00","breadcrumb":{"@id":"https:\/\/archiviocassano.lavocedelpaese.info\/index.php\/2021\/05\/24\/centro-storico-incontro-fra-movimento-e-polizia-locale\/#breadcrumb"},"inLanguage":"it-IT","potentialAction":[{"@type":"ReadAction","target":["https:\/\/archiviocassano.lavocedelpaese.info\/index.php\/2021\/05\/24\/centro-storico-incontro-fra-movimento-e-polizia-locale\/"]}]},{"@type":"ImageObject","inLanguage":"it-IT","@id":"https:\/\/archiviocassano.lavocedelpaese.info\/index.php\/2021\/05\/24\/centro-storico-incontro-fra-movimento-e-polizia-locale\/#primaryimage","url":"https:\/\/live.staticflickr.com\/65535\/51091557010_ae7e961023_n.jpg","contentUrl":"https:\/\/live.staticflickr.com\/65535\/51091557010_ae7e961023_n.jpg"},{"@type":"BreadcrumbList","@id":"https:\/\/archiviocassano.lavocedelpaese.info\/index.php\/2021\/05\/24\/centro-storico-incontro-fra-movimento-e-polizia-locale\/#breadcrumb","itemListElement":[{"@type":"ListItem","position":1,"name":"Home","item":"https:\/\/archiviocassano.lavocedelpaese.info\/"},{"@type":"ListItem","position":2,"name":"Centro storico, incontro fra Movimento e Polizia Locale"}]},{"@type":"WebSite","@id":"https:\/\/archiviocassano.lavocedelpaese.info\/#website","url":"https:\/\/archiviocassano.lavocedelpaese.info\/","name":"Archivio CassanoWeb","description":"La Voce del Paese - un network di idee","publisher":{"@id":"https:\/\/archiviocassano.lavocedelpaese.info\/#organization"},"potentialAction":[{"@type":"SearchAction","target":{"@type":"EntryPoint","urlTemplate":"https:\/\/archiviocassano.lavocedelpaese.info\/?s={search_term_string}"},"query-input":{"@type":"PropertyValueSpecification","valueRequired":true,"valueName":"search_term_string"}}],"inLanguage":"it-IT"},{"@type":"Organization","@id":"https:\/\/archiviocassano.lavocedelpaese.info\/#organization","name":"Archivio CassanoWeb","url":"https:\/\/archiviocassano.lavocedelpaese.info\/","logo":{"@type":"ImageObject","inLanguage":"it-IT","@id":"https:\/\/archiviocassano.lavocedelpaese.info\/#\/schema\/logo\/image\/","url":"https:\/\/archiviocassano.lavocedelpaese.info\/wp-content\/uploads\/2024\/08\/logo-rosso-2.png","contentUrl":"https:\/\/archiviocassano.lavocedelpaese.info\/wp-content\/uploads\/2024\/08\/logo-rosso-2.png","width":491,"height":432,"caption":"Archivio CassanoWeb"},"image":{"@id":"https:\/\/archiviocassano.lavocedelpaese.info\/#\/schema\/logo\/image\/"},"sameAs":["https:\/\/www.facebook.com\/redazione.cassanoweb"]},{"@type":"Person","@id":"https:\/\/archiviocassano.lavocedelpaese.info\/#\/schema\/person\/df195bc79a9b4c35127cf005f92e041b","name":"admin","image":{"@type":"ImageObject","inLanguage":"it-IT","@id":"https:\/\/secure.gravatar.com\/avatar\/eabba89a432e8eaa1b0207cc55f7e5340b22712b1ed80677efcf63e02ff5b235?s=96&d=mm&r=g","url":"https:\/\/secure.gravatar.com\/avatar\/eabba89a432e8eaa1b0207cc55f7e5340b22712b1ed80677efcf63e02ff5b235?s=96&d=mm&r=g","contentUrl":"https:\/\/secure.gravatar.com\/avatar\/eabba89a432e8eaa1b0207cc55f7e5340b22712b1ed80677efcf63e02ff5b235?s=96&d=mm&r=g","caption":"admin"},"sameAs":["https:\/\/archiviocassano.lavocedelpaese.info"],"url":"https:\/\/archiviocassano.lavocedelpaese.info\/index.php\/author\/admin_0qgz1xdp\/"}]}},"_links":{"self":[{"href":"https:\/\/archiviocassano.lavocedelpaese.info\/index.php\/wp-json\/wp\/v2\/posts\/19238","targetHints":{"allow":["GET"]}}],"collection":[{"href":"https:\/\/archiviocassano.lavocedelpaese.info\/index.php\/wp-json\/wp\/v2\/posts"}],"about":[{"href":"https:\/\/archiviocassano.lavocedelpaese.info\/index.php\/wp-json\/wp\/v2\/types\/post"}],"author":[{"embeddable":true,"href":"https:\/\/archiviocassano.lavocedelpaese.info\/index.php\/wp-json\/wp\/v2\/users\/1"}],"replies":[{"embeddable":true,"href":"https:\/\/archiviocassano.lavocedelpaese.info\/index.php\/wp-json\/wp\/v2\/comments?post=19238"}],"version-history":[{"count":0,"href":"https:\/\/archiviocassano.lavocedelpaese.info\/index.php\/wp-json\/wp\/v2\/posts\/19238\/revisions"}],"wp:attachment":[{"href":"https:\/\/archiviocassano.lavocedelpaese.info\/index.php\/wp-json\/wp\/v2\/media?parent=19238"}],"wp:term":[{"taxonomy":"category","embeddable":true,"href":"https:\/\/archiviocassano.lavocedelpaese.info\/index.php\/wp-json\/wp\/v2\/categories?post=19238"},{"taxonomy":"post_tag","embeddable":true,"href":"https:\/\/archiviocassano.lavocedelpaese.info\/index.php\/wp-json\/wp\/v2\/tags?post=19238"}],"curies":[{"name":"wp","href":"https:\/\/api.w.org\/{rel}","templated":true}]}}