{"id":19261,"date":"2021-06-10T10:03:24","date_gmt":"2021-06-10T10:03:24","guid":{"rendered":"https:\/\/archiviocassano.lavocedelpaese.info\/index.php\/2021\/06\/10\/protocollo-di-intesa-tra-gal-e-distretto-agroecologico\/"},"modified":"2021-06-10T10:03:24","modified_gmt":"2021-06-10T10:03:24","slug":"protocollo-di-intesa-tra-gal-e-distretto-agroecologico","status":"publish","type":"post","link":"https:\/\/archiviocassano.lavocedelpaese.info\/index.php\/2021\/06\/10\/protocollo-di-intesa-tra-gal-e-distretto-agroecologico\/","title":{"rendered":"Protocollo di intesa tra Gal e distretto agroecologico"},"content":{"rendered":"<p style=\"text-align: center;\"><a data-flickr-embed=\"true\" href=\"https:\/\/www.flickr.com\/photos\/91470992@N02\/51238469974\/in\/dateposted\/\" title=\"logo\"><img loading=\"lazy\" decoding=\"async\" src=\"https:\/\/live.staticflickr.com\/65535\/51238469974_94c4f65a8c_m.jpg\" width=\"320\" height=\"150\" alt=\"logo\" \/><\/a><\/p>\n<p><!--more--><\/p>\n<p><p>&nbsp;<\/p>\n<p style=\"text-align: justify;\">Venerd\u00ec 11 giugno 2021 alle ore 18 ad Altamura, tra i due GAL (gruppi di Azione Locale materano e murgiano) va ben oltre la semplice firma di un protocollo di intesa, che \u00e8 comunque importante per lo sviluppo locale e la creazione del distretto agro ecologico, poich\u00e8 servir\u00e0 a dare stimolo all\u2019 agroecologia basata su processi territoriali utili a fornire soluzioni contestualizzate ai problemi locali. L\u2019agroecologia consente ai produttori e alle comunita? di essere agenti chiave del cambiamento trasformando i sistemi alimentari e agricoli in modo integrato.<\/p>\n<p style=\"text-align: justify;\">Il progetto \u00e8 molto ambizioso perch\u00e9 il Distretto verr\u00e0 realizzato all\u2019interno di un territorio, tra Basilicata e Puglia, che si estende per 250.000 ha e rappresenta un\u2019area di straordinaria valenza agro-ambientale e territoriale che necessita di un importante intervento di valorizzazione. Ogni partner avr\u00e0 il compito di: incrementare la sostenibilit\u00e0 dei sistemi agricoli attraverso la costruzione di strategie di gestione agroecologica; definire i protocolli di gestione con impronta agroecologica nel bio-distretto dell\u2019alta murgia, con la valutazione della sostenibilit\u00e0 economica dei sistemi colturali a confronto e la valutazione dei sistemi paesaggistici ed ambientali, anche in regime biologico.<\/p>\n<p style=\"text-align: justify;\">Il Distretto punta alla creazione di sinergie basate sulla sostenibilit\u00e0 e sulla partecipazione. L\u2019obiettivo \u00e8 quello di definire un nuovo modello di gestione territoriale agroecologico che punti alla transizione ecologica attraverso il coinvolgimento democratico e collaborativo non solo del mondo delle imprese agricole ed agroalimentari, ma anche della societ\u00e0 civile.<\/p>\n<p style=\"text-align: justify;\">Il Distretto coinvolge i comuni pugliesi di Altamura, Spinazzola, Gravina in Puglia, Minervino Murge, Poggiorsini, <strong>Cassano delle Murge<\/strong>, Santeramo in Colle, Ginosa e Laterza e i comuni lucani di: Matera, Montescaglioso, Bernalda-Metaponto, Pomarico, Miglionico, Grottole, Tricarico, Irsina,Grassano,Tolve, Cancellara, Pietragalla, Genzano di Lucania, Banzi, Palazzo San Gervasio, Acerenza, Oppido Lucano.<\/p>\n<p style=\"text-align: justify;\">L\u2019incontro di presentazione del brand del Distretto, con la firma del protocollo interregionale, si svolger\u00e0 venerd\u00ec 11 giugno 2021, alle ore 19, presso la sala Tommaso Fiore del Monastero del Soccorso in Altamura.<\/p>\n<p style=\"text-align: justify;\">Il progetto \u00e8 condiviso gi\u00e0 da: diverse imprese agricole ed agroalimentari; associazioni di consumatori e di categoria; universit\u00e0; operatori turistici; associazioni sociali, culturali ed ambientali; mondo della formazione, della ricerca e dell\u2019informazione.<\/p>\n<p style=\"text-align: justify;\">I due GAL s\u2019impegnano:<br \/>\u2013 a creare un fronte unico Appulo Lucano finalizzato ad affermare la propria vocazione agroalimentare, rurale e sostenibile;<br \/>\u2013 a sviluppare azioni di promozione turistica con una rete di consorzi e distretti;<br \/>\u2013 a trasformarsi in agenzie di sviluppo locale;<br \/>\u2013 a scongiurare la possibilit\u00e0 di ulteriori impianti di stoccaggio nucleare o altro che non sia coerente con la missione dei GAL.<\/p>\n<p>&nbsp;<\/p>\n","protected":false},"excerpt":{"rendered":"","protected":false},"author":1,"featured_media":0,"comment_status":"open","ping_status":"closed","sticky":false,"template":"","format":"standard","meta":{"colormag_page_container_layout":"default_layout","colormag_page_sidebar_layout":"default_layout","footnotes":""},"categories":[13],"tags":[],"class_list":["post-19261","post","type-post","status-publish","format-standard","hentry","category-economia"],"yoast_head":"<!-- This site is optimized with the Yoast SEO plugin v27.4 - https:\/\/yoast.com\/product\/yoast-seo-wordpress\/ -->\n<title>Protocollo di intesa tra Gal e distretto agroecologico - Archivio CassanoWeb<\/title>\n<meta name=\"robots\" content=\"index, follow, max-snippet:-1, max-image-preview:large, max-video-preview:-1\" \/>\n<link rel=\"canonical\" href=\"https:\/\/archiviocassano.lavocedelpaese.info\/index.php\/2021\/06\/10\/protocollo-di-intesa-tra-gal-e-distretto-agroecologico\/\" \/>\n<meta property=\"og:locale\" content=\"it_IT\" \/>\n<meta property=\"og:type\" content=\"article\" \/>\n<meta property=\"og:title\" content=\"Protocollo di intesa tra Gal e distretto agroecologico - Archivio CassanoWeb\" \/>\n<meta property=\"og:url\" content=\"https:\/\/archiviocassano.lavocedelpaese.info\/index.php\/2021\/06\/10\/protocollo-di-intesa-tra-gal-e-distretto-agroecologico\/\" \/>\n<meta property=\"og:site_name\" content=\"Archivio CassanoWeb\" \/>\n<meta property=\"article:publisher\" content=\"https:\/\/www.facebook.com\/redazione.cassanoweb\" \/>\n<meta property=\"article:published_time\" content=\"2021-06-10T10:03:24+00:00\" \/>\n<meta property=\"og:image\" content=\"https:\/\/live.staticflickr.com\/65535\/51238469974_94c4f65a8c_m.jpg\" \/>\n<meta name=\"author\" content=\"admin\" \/>\n<meta name=\"twitter:card\" content=\"summary_large_image\" \/>\n<meta name=\"twitter:label1\" content=\"Scritto da\" \/>\n\t<meta name=\"twitter:data1\" content=\"admin\" \/>\n\t<meta name=\"twitter:label2\" content=\"Tempo di lettura stimato\" \/>\n\t<meta name=\"twitter:data2\" content=\"2 minuti\" \/>\n<script type=\"application\/ld+json\" class=\"yoast-schema-graph\">{\"@context\":\"https:\\\/\\\/schema.org\",\"@graph\":[{\"@type\":\"Article\",\"@id\":\"https:\\\/\\\/archiviocassano.lavocedelpaese.info\\\/index.php\\\/2021\\\/06\\\/10\\\/protocollo-di-intesa-tra-gal-e-distretto-agroecologico\\\/#article\",\"isPartOf\":{\"@id\":\"https:\\\/\\\/archiviocassano.lavocedelpaese.info\\\/index.php\\\/2021\\\/06\\\/10\\\/protocollo-di-intesa-tra-gal-e-distretto-agroecologico\\\/\"},\"author\":{\"name\":\"admin\",\"@id\":\"https:\\\/\\\/archiviocassano.lavocedelpaese.info\\\/#\\\/schema\\\/person\\\/df195bc79a9b4c35127cf005f92e041b\"},\"headline\":\"Protocollo di intesa tra Gal e distretto agroecologico\",\"datePublished\":\"2021-06-10T10:03:24+00:00\",\"mainEntityOfPage\":{\"@id\":\"https:\\\/\\\/archiviocassano.lavocedelpaese.info\\\/index.php\\\/2021\\\/06\\\/10\\\/protocollo-di-intesa-tra-gal-e-distretto-agroecologico\\\/\"},\"wordCount\":418,\"commentCount\":0,\"publisher\":{\"@id\":\"https:\\\/\\\/archiviocassano.lavocedelpaese.info\\\/#organization\"},\"image\":{\"@id\":\"https:\\\/\\\/archiviocassano.lavocedelpaese.info\\\/index.php\\\/2021\\\/06\\\/10\\\/protocollo-di-intesa-tra-gal-e-distretto-agroecologico\\\/#primaryimage\"},\"thumbnailUrl\":\"https:\\\/\\\/live.staticflickr.com\\\/65535\\\/51238469974_94c4f65a8c_m.jpg\",\"articleSection\":[\"Economia\"],\"inLanguage\":\"it-IT\",\"potentialAction\":[{\"@type\":\"CommentAction\",\"name\":\"Comment\",\"target\":[\"https:\\\/\\\/archiviocassano.lavocedelpaese.info\\\/index.php\\\/2021\\\/06\\\/10\\\/protocollo-di-intesa-tra-gal-e-distretto-agroecologico\\\/#respond\"]}]},{\"@type\":\"WebPage\",\"@id\":\"https:\\\/\\\/archiviocassano.lavocedelpaese.info\\\/index.php\\\/2021\\\/06\\\/10\\\/protocollo-di-intesa-tra-gal-e-distretto-agroecologico\\\/\",\"url\":\"https:\\\/\\\/archiviocassano.lavocedelpaese.info\\\/index.php\\\/2021\\\/06\\\/10\\\/protocollo-di-intesa-tra-gal-e-distretto-agroecologico\\\/\",\"name\":\"Protocollo di intesa tra Gal e distretto agroecologico - Archivio CassanoWeb\",\"isPartOf\":{\"@id\":\"https:\\\/\\\/archiviocassano.lavocedelpaese.info\\\/#website\"},\"primaryImageOfPage\":{\"@id\":\"https:\\\/\\\/archiviocassano.lavocedelpaese.info\\\/index.php\\\/2021\\\/06\\\/10\\\/protocollo-di-intesa-tra-gal-e-distretto-agroecologico\\\/#primaryimage\"},\"image\":{\"@id\":\"https:\\\/\\\/archiviocassano.lavocedelpaese.info\\\/index.php\\\/2021\\\/06\\\/10\\\/protocollo-di-intesa-tra-gal-e-distretto-agroecologico\\\/#primaryimage\"},\"thumbnailUrl\":\"https:\\\/\\\/live.staticflickr.com\\\/65535\\\/51238469974_94c4f65a8c_m.jpg\",\"datePublished\":\"2021-06-10T10:03:24+00:00\",\"breadcrumb\":{\"@id\":\"https:\\\/\\\/archiviocassano.lavocedelpaese.info\\\/index.php\\\/2021\\\/06\\\/10\\\/protocollo-di-intesa-tra-gal-e-distretto-agroecologico\\\/#breadcrumb\"},\"inLanguage\":\"it-IT\",\"potentialAction\":[{\"@type\":\"ReadAction\",\"target\":[\"https:\\\/\\\/archiviocassano.lavocedelpaese.info\\\/index.php\\\/2021\\\/06\\\/10\\\/protocollo-di-intesa-tra-gal-e-distretto-agroecologico\\\/\"]}]},{\"@type\":\"ImageObject\",\"inLanguage\":\"it-IT\",\"@id\":\"https:\\\/\\\/archiviocassano.lavocedelpaese.info\\\/index.php\\\/2021\\\/06\\\/10\\\/protocollo-di-intesa-tra-gal-e-distretto-agroecologico\\\/#primaryimage\",\"url\":\"https:\\\/\\\/live.staticflickr.com\\\/65535\\\/51238469974_94c4f65a8c_m.jpg\",\"contentUrl\":\"https:\\\/\\\/live.staticflickr.com\\\/65535\\\/51238469974_94c4f65a8c_m.jpg\"},{\"@type\":\"BreadcrumbList\",\"@id\":\"https:\\\/\\\/archiviocassano.lavocedelpaese.info\\\/index.php\\\/2021\\\/06\\\/10\\\/protocollo-di-intesa-tra-gal-e-distretto-agroecologico\\\/#breadcrumb\",\"itemListElement\":[{\"@type\":\"ListItem\",\"position\":1,\"name\":\"Home\",\"item\":\"https:\\\/\\\/archiviocassano.lavocedelpaese.info\\\/\"},{\"@type\":\"ListItem\",\"position\":2,\"name\":\"Protocollo di intesa tra Gal e distretto agroecologico\"}]},{\"@type\":\"WebSite\",\"@id\":\"https:\\\/\\\/archiviocassano.lavocedelpaese.info\\\/#website\",\"url\":\"https:\\\/\\\/archiviocassano.lavocedelpaese.info\\\/\",\"name\":\"Archivio CassanoWeb\",\"description\":\"La Voce del Paese - un network di idee\",\"publisher\":{\"@id\":\"https:\\\/\\\/archiviocassano.lavocedelpaese.info\\\/#organization\"},\"potentialAction\":[{\"@type\":\"SearchAction\",\"target\":{\"@type\":\"EntryPoint\",\"urlTemplate\":\"https:\\\/\\\/archiviocassano.lavocedelpaese.info\\\/?s={search_term_string}\"},\"query-input\":{\"@type\":\"PropertyValueSpecification\",\"valueRequired\":true,\"valueName\":\"search_term_string\"}}],\"inLanguage\":\"it-IT\"},{\"@type\":\"Organization\",\"@id\":\"https:\\\/\\\/archiviocassano.lavocedelpaese.info\\\/#organization\",\"name\":\"Archivio CassanoWeb\",\"url\":\"https:\\\/\\\/archiviocassano.lavocedelpaese.info\\\/\",\"logo\":{\"@type\":\"ImageObject\",\"inLanguage\":\"it-IT\",\"@id\":\"https:\\\/\\\/archiviocassano.lavocedelpaese.info\\\/#\\\/schema\\\/logo\\\/image\\\/\",\"url\":\"https:\\\/\\\/archiviocassano.lavocedelpaese.info\\\/wp-content\\\/uploads\\\/2024\\\/08\\\/logo-rosso-2.png\",\"contentUrl\":\"https:\\\/\\\/archiviocassano.lavocedelpaese.info\\\/wp-content\\\/uploads\\\/2024\\\/08\\\/logo-rosso-2.png\",\"width\":491,\"height\":432,\"caption\":\"Archivio CassanoWeb\"},\"image\":{\"@id\":\"https:\\\/\\\/archiviocassano.lavocedelpaese.info\\\/#\\\/schema\\\/logo\\\/image\\\/\"},\"sameAs\":[\"https:\\\/\\\/www.facebook.com\\\/redazione.cassanoweb\"]},{\"@type\":\"Person\",\"@id\":\"https:\\\/\\\/archiviocassano.lavocedelpaese.info\\\/#\\\/schema\\\/person\\\/df195bc79a9b4c35127cf005f92e041b\",\"name\":\"admin\",\"image\":{\"@type\":\"ImageObject\",\"inLanguage\":\"it-IT\",\"@id\":\"https:\\\/\\\/secure.gravatar.com\\\/avatar\\\/eabba89a432e8eaa1b0207cc55f7e5340b22712b1ed80677efcf63e02ff5b235?s=96&d=mm&r=g\",\"url\":\"https:\\\/\\\/secure.gravatar.com\\\/avatar\\\/eabba89a432e8eaa1b0207cc55f7e5340b22712b1ed80677efcf63e02ff5b235?s=96&d=mm&r=g\",\"contentUrl\":\"https:\\\/\\\/secure.gravatar.com\\\/avatar\\\/eabba89a432e8eaa1b0207cc55f7e5340b22712b1ed80677efcf63e02ff5b235?s=96&d=mm&r=g\",\"caption\":\"admin\"},\"sameAs\":[\"https:\\\/\\\/archiviocassano.lavocedelpaese.info\"],\"url\":\"https:\\\/\\\/archiviocassano.lavocedelpaese.info\\\/index.php\\\/author\\\/admin_0qgz1xdp\\\/\"}]}<\/script>\n<!-- \/ Yoast SEO plugin. -->","yoast_head_json":{"title":"Protocollo di intesa tra Gal e distretto agroecologico - Archivio CassanoWeb","robots":{"index":"index","follow":"follow","max-snippet":"max-snippet:-1","max-image-preview":"max-image-preview:large","max-video-preview":"max-video-preview:-1"},"canonical":"https:\/\/archiviocassano.lavocedelpaese.info\/index.php\/2021\/06\/10\/protocollo-di-intesa-tra-gal-e-distretto-agroecologico\/","og_locale":"it_IT","og_type":"article","og_title":"Protocollo di intesa tra Gal e distretto agroecologico - Archivio CassanoWeb","og_url":"https:\/\/archiviocassano.lavocedelpaese.info\/index.php\/2021\/06\/10\/protocollo-di-intesa-tra-gal-e-distretto-agroecologico\/","og_site_name":"Archivio CassanoWeb","article_publisher":"https:\/\/www.facebook.com\/redazione.cassanoweb","article_published_time":"2021-06-10T10:03:24+00:00","og_image":[{"url":"https:\/\/live.staticflickr.com\/65535\/51238469974_94c4f65a8c_m.jpg","type":"","width":"","height":""}],"author":"admin","twitter_card":"summary_large_image","twitter_misc":{"Scritto da":"admin","Tempo di lettura stimato":"2 minuti"},"schema":{"@context":"https:\/\/schema.org","@graph":[{"@type":"Article","@id":"https:\/\/archiviocassano.lavocedelpaese.info\/index.php\/2021\/06\/10\/protocollo-di-intesa-tra-gal-e-distretto-agroecologico\/#article","isPartOf":{"@id":"https:\/\/archiviocassano.lavocedelpaese.info\/index.php\/2021\/06\/10\/protocollo-di-intesa-tra-gal-e-distretto-agroecologico\/"},"author":{"name":"admin","@id":"https:\/\/archiviocassano.lavocedelpaese.info\/#\/schema\/person\/df195bc79a9b4c35127cf005f92e041b"},"headline":"Protocollo di intesa tra Gal e distretto agroecologico","datePublished":"2021-06-10T10:03:24+00:00","mainEntityOfPage":{"@id":"https:\/\/archiviocassano.lavocedelpaese.info\/index.php\/2021\/06\/10\/protocollo-di-intesa-tra-gal-e-distretto-agroecologico\/"},"wordCount":418,"commentCount":0,"publisher":{"@id":"https:\/\/archiviocassano.lavocedelpaese.info\/#organization"},"image":{"@id":"https:\/\/archiviocassano.lavocedelpaese.info\/index.php\/2021\/06\/10\/protocollo-di-intesa-tra-gal-e-distretto-agroecologico\/#primaryimage"},"thumbnailUrl":"https:\/\/live.staticflickr.com\/65535\/51238469974_94c4f65a8c_m.jpg","articleSection":["Economia"],"inLanguage":"it-IT","potentialAction":[{"@type":"CommentAction","name":"Comment","target":["https:\/\/archiviocassano.lavocedelpaese.info\/index.php\/2021\/06\/10\/protocollo-di-intesa-tra-gal-e-distretto-agroecologico\/#respond"]}]},{"@type":"WebPage","@id":"https:\/\/archiviocassano.lavocedelpaese.info\/index.php\/2021\/06\/10\/protocollo-di-intesa-tra-gal-e-distretto-agroecologico\/","url":"https:\/\/archiviocassano.lavocedelpaese.info\/index.php\/2021\/06\/10\/protocollo-di-intesa-tra-gal-e-distretto-agroecologico\/","name":"Protocollo di intesa tra Gal e distretto agroecologico - Archivio CassanoWeb","isPartOf":{"@id":"https:\/\/archiviocassano.lavocedelpaese.info\/#website"},"primaryImageOfPage":{"@id":"https:\/\/archiviocassano.lavocedelpaese.info\/index.php\/2021\/06\/10\/protocollo-di-intesa-tra-gal-e-distretto-agroecologico\/#primaryimage"},"image":{"@id":"https:\/\/archiviocassano.lavocedelpaese.info\/index.php\/2021\/06\/10\/protocollo-di-intesa-tra-gal-e-distretto-agroecologico\/#primaryimage"},"thumbnailUrl":"https:\/\/live.staticflickr.com\/65535\/51238469974_94c4f65a8c_m.jpg","datePublished":"2021-06-10T10:03:24+00:00","breadcrumb":{"@id":"https:\/\/archiviocassano.lavocedelpaese.info\/index.php\/2021\/06\/10\/protocollo-di-intesa-tra-gal-e-distretto-agroecologico\/#breadcrumb"},"inLanguage":"it-IT","potentialAction":[{"@type":"ReadAction","target":["https:\/\/archiviocassano.lavocedelpaese.info\/index.php\/2021\/06\/10\/protocollo-di-intesa-tra-gal-e-distretto-agroecologico\/"]}]},{"@type":"ImageObject","inLanguage":"it-IT","@id":"https:\/\/archiviocassano.lavocedelpaese.info\/index.php\/2021\/06\/10\/protocollo-di-intesa-tra-gal-e-distretto-agroecologico\/#primaryimage","url":"https:\/\/live.staticflickr.com\/65535\/51238469974_94c4f65a8c_m.jpg","contentUrl":"https:\/\/live.staticflickr.com\/65535\/51238469974_94c4f65a8c_m.jpg"},{"@type":"BreadcrumbList","@id":"https:\/\/archiviocassano.lavocedelpaese.info\/index.php\/2021\/06\/10\/protocollo-di-intesa-tra-gal-e-distretto-agroecologico\/#breadcrumb","itemListElement":[{"@type":"ListItem","position":1,"name":"Home","item":"https:\/\/archiviocassano.lavocedelpaese.info\/"},{"@type":"ListItem","position":2,"name":"Protocollo di intesa tra Gal e distretto agroecologico"}]},{"@type":"WebSite","@id":"https:\/\/archiviocassano.lavocedelpaese.info\/#website","url":"https:\/\/archiviocassano.lavocedelpaese.info\/","name":"Archivio CassanoWeb","description":"La Voce del Paese - un network di idee","publisher":{"@id":"https:\/\/archiviocassano.lavocedelpaese.info\/#organization"},"potentialAction":[{"@type":"SearchAction","target":{"@type":"EntryPoint","urlTemplate":"https:\/\/archiviocassano.lavocedelpaese.info\/?s={search_term_string}"},"query-input":{"@type":"PropertyValueSpecification","valueRequired":true,"valueName":"search_term_string"}}],"inLanguage":"it-IT"},{"@type":"Organization","@id":"https:\/\/archiviocassano.lavocedelpaese.info\/#organization","name":"Archivio CassanoWeb","url":"https:\/\/archiviocassano.lavocedelpaese.info\/","logo":{"@type":"ImageObject","inLanguage":"it-IT","@id":"https:\/\/archiviocassano.lavocedelpaese.info\/#\/schema\/logo\/image\/","url":"https:\/\/archiviocassano.lavocedelpaese.info\/wp-content\/uploads\/2024\/08\/logo-rosso-2.png","contentUrl":"https:\/\/archiviocassano.lavocedelpaese.info\/wp-content\/uploads\/2024\/08\/logo-rosso-2.png","width":491,"height":432,"caption":"Archivio CassanoWeb"},"image":{"@id":"https:\/\/archiviocassano.lavocedelpaese.info\/#\/schema\/logo\/image\/"},"sameAs":["https:\/\/www.facebook.com\/redazione.cassanoweb"]},{"@type":"Person","@id":"https:\/\/archiviocassano.lavocedelpaese.info\/#\/schema\/person\/df195bc79a9b4c35127cf005f92e041b","name":"admin","image":{"@type":"ImageObject","inLanguage":"it-IT","@id":"https:\/\/secure.gravatar.com\/avatar\/eabba89a432e8eaa1b0207cc55f7e5340b22712b1ed80677efcf63e02ff5b235?s=96&d=mm&r=g","url":"https:\/\/secure.gravatar.com\/avatar\/eabba89a432e8eaa1b0207cc55f7e5340b22712b1ed80677efcf63e02ff5b235?s=96&d=mm&r=g","contentUrl":"https:\/\/secure.gravatar.com\/avatar\/eabba89a432e8eaa1b0207cc55f7e5340b22712b1ed80677efcf63e02ff5b235?s=96&d=mm&r=g","caption":"admin"},"sameAs":["https:\/\/archiviocassano.lavocedelpaese.info"],"url":"https:\/\/archiviocassano.lavocedelpaese.info\/index.php\/author\/admin_0qgz1xdp\/"}]}},"_links":{"self":[{"href":"https:\/\/archiviocassano.lavocedelpaese.info\/index.php\/wp-json\/wp\/v2\/posts\/19261","targetHints":{"allow":["GET"]}}],"collection":[{"href":"https:\/\/archiviocassano.lavocedelpaese.info\/index.php\/wp-json\/wp\/v2\/posts"}],"about":[{"href":"https:\/\/archiviocassano.lavocedelpaese.info\/index.php\/wp-json\/wp\/v2\/types\/post"}],"author":[{"embeddable":true,"href":"https:\/\/archiviocassano.lavocedelpaese.info\/index.php\/wp-json\/wp\/v2\/users\/1"}],"replies":[{"embeddable":true,"href":"https:\/\/archiviocassano.lavocedelpaese.info\/index.php\/wp-json\/wp\/v2\/comments?post=19261"}],"version-history":[{"count":0,"href":"https:\/\/archiviocassano.lavocedelpaese.info\/index.php\/wp-json\/wp\/v2\/posts\/19261\/revisions"}],"wp:attachment":[{"href":"https:\/\/archiviocassano.lavocedelpaese.info\/index.php\/wp-json\/wp\/v2\/media?parent=19261"}],"wp:term":[{"taxonomy":"category","embeddable":true,"href":"https:\/\/archiviocassano.lavocedelpaese.info\/index.php\/wp-json\/wp\/v2\/categories?post=19261"},{"taxonomy":"post_tag","embeddable":true,"href":"https:\/\/archiviocassano.lavocedelpaese.info\/index.php\/wp-json\/wp\/v2\/tags?post=19261"}],"curies":[{"name":"wp","href":"https:\/\/api.w.org\/{rel}","templated":true}]}}