{"id":19273,"date":"2021-06-17T08:25:49","date_gmt":"2021-06-17T08:25:49","guid":{"rendered":"https:\/\/archiviocassano.lavocedelpaese.info\/index.php\/2021\/06\/17\/covid-19-salgono-a-6-i-qpositiviq-a-cassano-nessuno-fra-questi-risulta-vaccinato\/"},"modified":"2021-06-17T08:25:49","modified_gmt":"2021-06-17T08:25:49","slug":"covid-19-salgono-a-6-i-qpositiviq-a-cassano-nessuno-fra-questi-risulta-vaccinato","status":"publish","type":"post","link":"https:\/\/archiviocassano.lavocedelpaese.info\/index.php\/2021\/06\/17\/covid-19-salgono-a-6-i-qpositiviq-a-cassano-nessuno-fra-questi-risulta-vaccinato\/","title":{"rendered":"Covid-19: salgono a 6 i &#8220;positivi&#8221; a Cassano"},"content":{"rendered":"<p style=\"text-align: justify;\"><a data-flickr-embed=\"true\" href=\"https:\/\/www.flickr.com\/photos\/91470992@N02\/51066035533\/in\/dateposted\/\" title=\"50527193743_75ff72018c_z\"><img loading=\"lazy\" decoding=\"async\" src=\"https:\/\/live.staticflickr.com\/65535\/51066035533_a5caced8dc_n.jpg\" width=\"320\" height=\"150\" alt=\"50527193743_75ff72018c_z\" \/><\/a><\/p>\n<p><!--more--><\/p>\n<p style=\"text-align: justify;\">Sono saliti a sei, secondo la rilevazione di ieri da parte della Asl Bari, i \u201cpositivi\u201d al Covid-19 residenti a Cassano delle Murge. Cui si devono aggiungere altre 23 persone in isolamento fiduciario ovvero in attesa di effettuare il tampone o del suo esito.<\/p>\n<p style=\"text-align: justify;\">Secondo quanto risulta a questo giornale, nessuna delle sei persone positive \u00e8 stata vaccinata, neppure con una dose e ci\u00f2 spiegherebbe in parte il diffondersi del contagio, seppure in modo contenuto e senza gravi conseguenze dato che i \u201cpositivi\u201d sono comunque a casa e pare non presentino sintomi preoccupanti.<\/p>\n<p style=\"text-align: justify;\">La domanda sul perch\u00e9 queste persone non siano state ancora vaccinate, per\u00f2, resta senza risposta. In alcuni casi si tratta di soggetti molto giovani (19 e 27 anni) che non sono stati al momento chiamati dal sistema di organizzazione vaccinale, anche se probabilmente sono prenotate per i prossimi giorni.<\/p>\n<p style=\"text-align: justify;\">Per gli altri \u201cpositivi\u201d \u2013 dai 40 ai 70 anni fra cui due \u201cbadanti\u201d di persone anziane \u2013 \u00e8 probabile che si tratti di scelte volontarie ovvero non vaccinarsi per i motivi pi\u00f9 disparati. Ma qui siamo sul campo delle ipotesi.<\/p>\n<p style=\"text-align: justify;\">Certo \u00e8 che Cassano \u00e8 stato libero dal virus per poco pi\u00f9 di 48 ore e il fatto che i tre-quarti della popolazione vaccinabile abbia avuto almeno una dose di vaccina lasciava supporre che il \u201ccovid-free\u201d potesse diventare un fatto acclarato.<\/p>\n<p style=\"text-align: justify;\">Purtroppo cos\u00ec non \u00e8.<\/p>\n<p style=\"text-align: justify;\">Occorre, dunque, ancora mantenere solide le indicazioni di prudenza e prevenzione: distanziamento personale, uso della mascherina nei luoghi al chiuso e negli spazi affollati, igienizzazione delle mani.<\/p>\n<p style=\"text-align: justify;\">&nbsp;<\/p>\n<p style=\"text-align: center;\"><strong>AGGIORNAMENTO DELLE ORE 14.30 del 17\/6\/2021<\/strong><\/p>\n<p style=\"text-align: justify;\">Il dato aggiornato, su report della Asl Bari, \u00e8 di 4 persone in isolamento. Confermati, inoltre, i 6 &#8220;positivi&#8221;.&nbsp;<\/p>\n","protected":false},"excerpt":{"rendered":"","protected":false},"author":1,"featured_media":0,"comment_status":"open","ping_status":"closed","sticky":false,"template":"","format":"standard","meta":{"colormag_page_container_layout":"default_layout","colormag_page_sidebar_layout":"default_layout","footnotes":""},"categories":[8],"tags":[],"class_list":["post-19273","post","type-post","status-publish","format-standard","hentry","category-cronaca"],"yoast_head":"<!-- This site is optimized with the Yoast SEO plugin v27.5 - https:\/\/yoast.com\/product\/yoast-seo-wordpress\/ -->\n<title>Covid-19: salgono a 6 i &quot;positivi&quot; a Cassano - Archivio CassanoWeb<\/title>\n<meta name=\"robots\" content=\"index, follow, max-snippet:-1, max-image-preview:large, max-video-preview:-1\" \/>\n<link rel=\"canonical\" href=\"https:\/\/archiviocassano.lavocedelpaese.info\/index.php\/2021\/06\/17\/covid-19-salgono-a-6-i-qpositiviq-a-cassano-nessuno-fra-questi-risulta-vaccinato\/\" \/>\n<meta property=\"og:locale\" content=\"it_IT\" \/>\n<meta property=\"og:type\" content=\"article\" \/>\n<meta property=\"og:title\" content=\"Covid-19: salgono a 6 i &quot;positivi&quot; a Cassano - Archivio CassanoWeb\" \/>\n<meta property=\"og:url\" content=\"https:\/\/archiviocassano.lavocedelpaese.info\/index.php\/2021\/06\/17\/covid-19-salgono-a-6-i-qpositiviq-a-cassano-nessuno-fra-questi-risulta-vaccinato\/\" \/>\n<meta property=\"og:site_name\" content=\"Archivio CassanoWeb\" \/>\n<meta property=\"article:publisher\" content=\"https:\/\/www.facebook.com\/redazione.cassanoweb\" \/>\n<meta property=\"article:published_time\" content=\"2021-06-17T08:25:49+00:00\" \/>\n<meta property=\"og:image\" content=\"https:\/\/live.staticflickr.com\/65535\/51066035533_a5caced8dc_n.jpg\" \/>\n<meta name=\"author\" content=\"admin\" \/>\n<meta name=\"twitter:card\" content=\"summary_large_image\" \/>\n<meta name=\"twitter:label1\" content=\"Scritto da\" \/>\n\t<meta name=\"twitter:data1\" content=\"admin\" \/>\n\t<meta name=\"twitter:label2\" content=\"Tempo di lettura stimato\" \/>\n\t<meta name=\"twitter:data2\" content=\"1 minuto\" \/>\n<script type=\"application\/ld+json\" class=\"yoast-schema-graph\">{\"@context\":\"https:\\\/\\\/schema.org\",\"@graph\":[{\"@type\":\"Article\",\"@id\":\"https:\\\/\\\/archiviocassano.lavocedelpaese.info\\\/index.php\\\/2021\\\/06\\\/17\\\/covid-19-salgono-a-6-i-qpositiviq-a-cassano-nessuno-fra-questi-risulta-vaccinato\\\/#article\",\"isPartOf\":{\"@id\":\"https:\\\/\\\/archiviocassano.lavocedelpaese.info\\\/index.php\\\/2021\\\/06\\\/17\\\/covid-19-salgono-a-6-i-qpositiviq-a-cassano-nessuno-fra-questi-risulta-vaccinato\\\/\"},\"author\":{\"name\":\"admin\",\"@id\":\"https:\\\/\\\/archiviocassano.lavocedelpaese.info\\\/#\\\/schema\\\/person\\\/df195bc79a9b4c35127cf005f92e041b\"},\"headline\":\"Covid-19: salgono a 6 i &#8220;positivi&#8221; a Cassano\",\"datePublished\":\"2021-06-17T08:25:49+00:00\",\"mainEntityOfPage\":{\"@id\":\"https:\\\/\\\/archiviocassano.lavocedelpaese.info\\\/index.php\\\/2021\\\/06\\\/17\\\/covid-19-salgono-a-6-i-qpositiviq-a-cassano-nessuno-fra-questi-risulta-vaccinato\\\/\"},\"wordCount\":271,\"commentCount\":0,\"publisher\":{\"@id\":\"https:\\\/\\\/archiviocassano.lavocedelpaese.info\\\/#organization\"},\"image\":{\"@id\":\"https:\\\/\\\/archiviocassano.lavocedelpaese.info\\\/index.php\\\/2021\\\/06\\\/17\\\/covid-19-salgono-a-6-i-qpositiviq-a-cassano-nessuno-fra-questi-risulta-vaccinato\\\/#primaryimage\"},\"thumbnailUrl\":\"https:\\\/\\\/live.staticflickr.com\\\/65535\\\/51066035533_a5caced8dc_n.jpg\",\"articleSection\":[\"Cronaca\"],\"inLanguage\":\"it-IT\",\"potentialAction\":[{\"@type\":\"CommentAction\",\"name\":\"Comment\",\"target\":[\"https:\\\/\\\/archiviocassano.lavocedelpaese.info\\\/index.php\\\/2021\\\/06\\\/17\\\/covid-19-salgono-a-6-i-qpositiviq-a-cassano-nessuno-fra-questi-risulta-vaccinato\\\/#respond\"]}]},{\"@type\":\"WebPage\",\"@id\":\"https:\\\/\\\/archiviocassano.lavocedelpaese.info\\\/index.php\\\/2021\\\/06\\\/17\\\/covid-19-salgono-a-6-i-qpositiviq-a-cassano-nessuno-fra-questi-risulta-vaccinato\\\/\",\"url\":\"https:\\\/\\\/archiviocassano.lavocedelpaese.info\\\/index.php\\\/2021\\\/06\\\/17\\\/covid-19-salgono-a-6-i-qpositiviq-a-cassano-nessuno-fra-questi-risulta-vaccinato\\\/\",\"name\":\"Covid-19: salgono a 6 i \\\"positivi\\\" a Cassano - Archivio CassanoWeb\",\"isPartOf\":{\"@id\":\"https:\\\/\\\/archiviocassano.lavocedelpaese.info\\\/#website\"},\"primaryImageOfPage\":{\"@id\":\"https:\\\/\\\/archiviocassano.lavocedelpaese.info\\\/index.php\\\/2021\\\/06\\\/17\\\/covid-19-salgono-a-6-i-qpositiviq-a-cassano-nessuno-fra-questi-risulta-vaccinato\\\/#primaryimage\"},\"image\":{\"@id\":\"https:\\\/\\\/archiviocassano.lavocedelpaese.info\\\/index.php\\\/2021\\\/06\\\/17\\\/covid-19-salgono-a-6-i-qpositiviq-a-cassano-nessuno-fra-questi-risulta-vaccinato\\\/#primaryimage\"},\"thumbnailUrl\":\"https:\\\/\\\/live.staticflickr.com\\\/65535\\\/51066035533_a5caced8dc_n.jpg\",\"datePublished\":\"2021-06-17T08:25:49+00:00\",\"breadcrumb\":{\"@id\":\"https:\\\/\\\/archiviocassano.lavocedelpaese.info\\\/index.php\\\/2021\\\/06\\\/17\\\/covid-19-salgono-a-6-i-qpositiviq-a-cassano-nessuno-fra-questi-risulta-vaccinato\\\/#breadcrumb\"},\"inLanguage\":\"it-IT\",\"potentialAction\":[{\"@type\":\"ReadAction\",\"target\":[\"https:\\\/\\\/archiviocassano.lavocedelpaese.info\\\/index.php\\\/2021\\\/06\\\/17\\\/covid-19-salgono-a-6-i-qpositiviq-a-cassano-nessuno-fra-questi-risulta-vaccinato\\\/\"]}]},{\"@type\":\"ImageObject\",\"inLanguage\":\"it-IT\",\"@id\":\"https:\\\/\\\/archiviocassano.lavocedelpaese.info\\\/index.php\\\/2021\\\/06\\\/17\\\/covid-19-salgono-a-6-i-qpositiviq-a-cassano-nessuno-fra-questi-risulta-vaccinato\\\/#primaryimage\",\"url\":\"https:\\\/\\\/live.staticflickr.com\\\/65535\\\/51066035533_a5caced8dc_n.jpg\",\"contentUrl\":\"https:\\\/\\\/live.staticflickr.com\\\/65535\\\/51066035533_a5caced8dc_n.jpg\"},{\"@type\":\"BreadcrumbList\",\"@id\":\"https:\\\/\\\/archiviocassano.lavocedelpaese.info\\\/index.php\\\/2021\\\/06\\\/17\\\/covid-19-salgono-a-6-i-qpositiviq-a-cassano-nessuno-fra-questi-risulta-vaccinato\\\/#breadcrumb\",\"itemListElement\":[{\"@type\":\"ListItem\",\"position\":1,\"name\":\"Home\",\"item\":\"https:\\\/\\\/archiviocassano.lavocedelpaese.info\\\/\"},{\"@type\":\"ListItem\",\"position\":2,\"name\":\"Covid-19: salgono a 6 i &#8220;positivi&#8221; a Cassano\"}]},{\"@type\":\"WebSite\",\"@id\":\"https:\\\/\\\/archiviocassano.lavocedelpaese.info\\\/#website\",\"url\":\"https:\\\/\\\/archiviocassano.lavocedelpaese.info\\\/\",\"name\":\"Archivio CassanoWeb\",\"description\":\"La Voce del Paese - un network di idee\",\"publisher\":{\"@id\":\"https:\\\/\\\/archiviocassano.lavocedelpaese.info\\\/#organization\"},\"potentialAction\":[{\"@type\":\"SearchAction\",\"target\":{\"@type\":\"EntryPoint\",\"urlTemplate\":\"https:\\\/\\\/archiviocassano.lavocedelpaese.info\\\/?s={search_term_string}\"},\"query-input\":{\"@type\":\"PropertyValueSpecification\",\"valueRequired\":true,\"valueName\":\"search_term_string\"}}],\"inLanguage\":\"it-IT\"},{\"@type\":\"Organization\",\"@id\":\"https:\\\/\\\/archiviocassano.lavocedelpaese.info\\\/#organization\",\"name\":\"Archivio CassanoWeb\",\"url\":\"https:\\\/\\\/archiviocassano.lavocedelpaese.info\\\/\",\"logo\":{\"@type\":\"ImageObject\",\"inLanguage\":\"it-IT\",\"@id\":\"https:\\\/\\\/archiviocassano.lavocedelpaese.info\\\/#\\\/schema\\\/logo\\\/image\\\/\",\"url\":\"https:\\\/\\\/archiviocassano.lavocedelpaese.info\\\/wp-content\\\/uploads\\\/2024\\\/08\\\/logo-rosso-2.png\",\"contentUrl\":\"https:\\\/\\\/archiviocassano.lavocedelpaese.info\\\/wp-content\\\/uploads\\\/2024\\\/08\\\/logo-rosso-2.png\",\"width\":491,\"height\":432,\"caption\":\"Archivio CassanoWeb\"},\"image\":{\"@id\":\"https:\\\/\\\/archiviocassano.lavocedelpaese.info\\\/#\\\/schema\\\/logo\\\/image\\\/\"},\"sameAs\":[\"https:\\\/\\\/www.facebook.com\\\/redazione.cassanoweb\"]},{\"@type\":\"Person\",\"@id\":\"https:\\\/\\\/archiviocassano.lavocedelpaese.info\\\/#\\\/schema\\\/person\\\/df195bc79a9b4c35127cf005f92e041b\",\"name\":\"admin\",\"image\":{\"@type\":\"ImageObject\",\"inLanguage\":\"it-IT\",\"@id\":\"https:\\\/\\\/secure.gravatar.com\\\/avatar\\\/eabba89a432e8eaa1b0207cc55f7e5340b22712b1ed80677efcf63e02ff5b235?s=96&d=mm&r=g\",\"url\":\"https:\\\/\\\/secure.gravatar.com\\\/avatar\\\/eabba89a432e8eaa1b0207cc55f7e5340b22712b1ed80677efcf63e02ff5b235?s=96&d=mm&r=g\",\"contentUrl\":\"https:\\\/\\\/secure.gravatar.com\\\/avatar\\\/eabba89a432e8eaa1b0207cc55f7e5340b22712b1ed80677efcf63e02ff5b235?s=96&d=mm&r=g\",\"caption\":\"admin\"},\"sameAs\":[\"https:\\\/\\\/archiviocassano.lavocedelpaese.info\"],\"url\":\"https:\\\/\\\/archiviocassano.lavocedelpaese.info\\\/index.php\\\/author\\\/admin_0qgz1xdp\\\/\"}]}<\/script>\n<!-- \/ Yoast SEO plugin. -->","yoast_head_json":{"title":"Covid-19: salgono a 6 i \"positivi\" a Cassano - Archivio CassanoWeb","robots":{"index":"index","follow":"follow","max-snippet":"max-snippet:-1","max-image-preview":"max-image-preview:large","max-video-preview":"max-video-preview:-1"},"canonical":"https:\/\/archiviocassano.lavocedelpaese.info\/index.php\/2021\/06\/17\/covid-19-salgono-a-6-i-qpositiviq-a-cassano-nessuno-fra-questi-risulta-vaccinato\/","og_locale":"it_IT","og_type":"article","og_title":"Covid-19: salgono a 6 i \"positivi\" a Cassano - Archivio CassanoWeb","og_url":"https:\/\/archiviocassano.lavocedelpaese.info\/index.php\/2021\/06\/17\/covid-19-salgono-a-6-i-qpositiviq-a-cassano-nessuno-fra-questi-risulta-vaccinato\/","og_site_name":"Archivio CassanoWeb","article_publisher":"https:\/\/www.facebook.com\/redazione.cassanoweb","article_published_time":"2021-06-17T08:25:49+00:00","og_image":[{"url":"https:\/\/live.staticflickr.com\/65535\/51066035533_a5caced8dc_n.jpg","type":"","width":"","height":""}],"author":"admin","twitter_card":"summary_large_image","twitter_misc":{"Scritto da":"admin","Tempo di lettura stimato":"1 minuto"},"schema":{"@context":"https:\/\/schema.org","@graph":[{"@type":"Article","@id":"https:\/\/archiviocassano.lavocedelpaese.info\/index.php\/2021\/06\/17\/covid-19-salgono-a-6-i-qpositiviq-a-cassano-nessuno-fra-questi-risulta-vaccinato\/#article","isPartOf":{"@id":"https:\/\/archiviocassano.lavocedelpaese.info\/index.php\/2021\/06\/17\/covid-19-salgono-a-6-i-qpositiviq-a-cassano-nessuno-fra-questi-risulta-vaccinato\/"},"author":{"name":"admin","@id":"https:\/\/archiviocassano.lavocedelpaese.info\/#\/schema\/person\/df195bc79a9b4c35127cf005f92e041b"},"headline":"Covid-19: salgono a 6 i &#8220;positivi&#8221; a Cassano","datePublished":"2021-06-17T08:25:49+00:00","mainEntityOfPage":{"@id":"https:\/\/archiviocassano.lavocedelpaese.info\/index.php\/2021\/06\/17\/covid-19-salgono-a-6-i-qpositiviq-a-cassano-nessuno-fra-questi-risulta-vaccinato\/"},"wordCount":271,"commentCount":0,"publisher":{"@id":"https:\/\/archiviocassano.lavocedelpaese.info\/#organization"},"image":{"@id":"https:\/\/archiviocassano.lavocedelpaese.info\/index.php\/2021\/06\/17\/covid-19-salgono-a-6-i-qpositiviq-a-cassano-nessuno-fra-questi-risulta-vaccinato\/#primaryimage"},"thumbnailUrl":"https:\/\/live.staticflickr.com\/65535\/51066035533_a5caced8dc_n.jpg","articleSection":["Cronaca"],"inLanguage":"it-IT","potentialAction":[{"@type":"CommentAction","name":"Comment","target":["https:\/\/archiviocassano.lavocedelpaese.info\/index.php\/2021\/06\/17\/covid-19-salgono-a-6-i-qpositiviq-a-cassano-nessuno-fra-questi-risulta-vaccinato\/#respond"]}]},{"@type":"WebPage","@id":"https:\/\/archiviocassano.lavocedelpaese.info\/index.php\/2021\/06\/17\/covid-19-salgono-a-6-i-qpositiviq-a-cassano-nessuno-fra-questi-risulta-vaccinato\/","url":"https:\/\/archiviocassano.lavocedelpaese.info\/index.php\/2021\/06\/17\/covid-19-salgono-a-6-i-qpositiviq-a-cassano-nessuno-fra-questi-risulta-vaccinato\/","name":"Covid-19: salgono a 6 i \"positivi\" a Cassano - Archivio CassanoWeb","isPartOf":{"@id":"https:\/\/archiviocassano.lavocedelpaese.info\/#website"},"primaryImageOfPage":{"@id":"https:\/\/archiviocassano.lavocedelpaese.info\/index.php\/2021\/06\/17\/covid-19-salgono-a-6-i-qpositiviq-a-cassano-nessuno-fra-questi-risulta-vaccinato\/#primaryimage"},"image":{"@id":"https:\/\/archiviocassano.lavocedelpaese.info\/index.php\/2021\/06\/17\/covid-19-salgono-a-6-i-qpositiviq-a-cassano-nessuno-fra-questi-risulta-vaccinato\/#primaryimage"},"thumbnailUrl":"https:\/\/live.staticflickr.com\/65535\/51066035533_a5caced8dc_n.jpg","datePublished":"2021-06-17T08:25:49+00:00","breadcrumb":{"@id":"https:\/\/archiviocassano.lavocedelpaese.info\/index.php\/2021\/06\/17\/covid-19-salgono-a-6-i-qpositiviq-a-cassano-nessuno-fra-questi-risulta-vaccinato\/#breadcrumb"},"inLanguage":"it-IT","potentialAction":[{"@type":"ReadAction","target":["https:\/\/archiviocassano.lavocedelpaese.info\/index.php\/2021\/06\/17\/covid-19-salgono-a-6-i-qpositiviq-a-cassano-nessuno-fra-questi-risulta-vaccinato\/"]}]},{"@type":"ImageObject","inLanguage":"it-IT","@id":"https:\/\/archiviocassano.lavocedelpaese.info\/index.php\/2021\/06\/17\/covid-19-salgono-a-6-i-qpositiviq-a-cassano-nessuno-fra-questi-risulta-vaccinato\/#primaryimage","url":"https:\/\/live.staticflickr.com\/65535\/51066035533_a5caced8dc_n.jpg","contentUrl":"https:\/\/live.staticflickr.com\/65535\/51066035533_a5caced8dc_n.jpg"},{"@type":"BreadcrumbList","@id":"https:\/\/archiviocassano.lavocedelpaese.info\/index.php\/2021\/06\/17\/covid-19-salgono-a-6-i-qpositiviq-a-cassano-nessuno-fra-questi-risulta-vaccinato\/#breadcrumb","itemListElement":[{"@type":"ListItem","position":1,"name":"Home","item":"https:\/\/archiviocassano.lavocedelpaese.info\/"},{"@type":"ListItem","position":2,"name":"Covid-19: salgono a 6 i &#8220;positivi&#8221; a Cassano"}]},{"@type":"WebSite","@id":"https:\/\/archiviocassano.lavocedelpaese.info\/#website","url":"https:\/\/archiviocassano.lavocedelpaese.info\/","name":"Archivio CassanoWeb","description":"La Voce del Paese - un network di idee","publisher":{"@id":"https:\/\/archiviocassano.lavocedelpaese.info\/#organization"},"potentialAction":[{"@type":"SearchAction","target":{"@type":"EntryPoint","urlTemplate":"https:\/\/archiviocassano.lavocedelpaese.info\/?s={search_term_string}"},"query-input":{"@type":"PropertyValueSpecification","valueRequired":true,"valueName":"search_term_string"}}],"inLanguage":"it-IT"},{"@type":"Organization","@id":"https:\/\/archiviocassano.lavocedelpaese.info\/#organization","name":"Archivio CassanoWeb","url":"https:\/\/archiviocassano.lavocedelpaese.info\/","logo":{"@type":"ImageObject","inLanguage":"it-IT","@id":"https:\/\/archiviocassano.lavocedelpaese.info\/#\/schema\/logo\/image\/","url":"https:\/\/archiviocassano.lavocedelpaese.info\/wp-content\/uploads\/2024\/08\/logo-rosso-2.png","contentUrl":"https:\/\/archiviocassano.lavocedelpaese.info\/wp-content\/uploads\/2024\/08\/logo-rosso-2.png","width":491,"height":432,"caption":"Archivio CassanoWeb"},"image":{"@id":"https:\/\/archiviocassano.lavocedelpaese.info\/#\/schema\/logo\/image\/"},"sameAs":["https:\/\/www.facebook.com\/redazione.cassanoweb"]},{"@type":"Person","@id":"https:\/\/archiviocassano.lavocedelpaese.info\/#\/schema\/person\/df195bc79a9b4c35127cf005f92e041b","name":"admin","image":{"@type":"ImageObject","inLanguage":"it-IT","@id":"https:\/\/secure.gravatar.com\/avatar\/eabba89a432e8eaa1b0207cc55f7e5340b22712b1ed80677efcf63e02ff5b235?s=96&d=mm&r=g","url":"https:\/\/secure.gravatar.com\/avatar\/eabba89a432e8eaa1b0207cc55f7e5340b22712b1ed80677efcf63e02ff5b235?s=96&d=mm&r=g","contentUrl":"https:\/\/secure.gravatar.com\/avatar\/eabba89a432e8eaa1b0207cc55f7e5340b22712b1ed80677efcf63e02ff5b235?s=96&d=mm&r=g","caption":"admin"},"sameAs":["https:\/\/archiviocassano.lavocedelpaese.info"],"url":"https:\/\/archiviocassano.lavocedelpaese.info\/index.php\/author\/admin_0qgz1xdp\/"}]}},"_links":{"self":[{"href":"https:\/\/archiviocassano.lavocedelpaese.info\/index.php\/wp-json\/wp\/v2\/posts\/19273","targetHints":{"allow":["GET"]}}],"collection":[{"href":"https:\/\/archiviocassano.lavocedelpaese.info\/index.php\/wp-json\/wp\/v2\/posts"}],"about":[{"href":"https:\/\/archiviocassano.lavocedelpaese.info\/index.php\/wp-json\/wp\/v2\/types\/post"}],"author":[{"embeddable":true,"href":"https:\/\/archiviocassano.lavocedelpaese.info\/index.php\/wp-json\/wp\/v2\/users\/1"}],"replies":[{"embeddable":true,"href":"https:\/\/archiviocassano.lavocedelpaese.info\/index.php\/wp-json\/wp\/v2\/comments?post=19273"}],"version-history":[{"count":0,"href":"https:\/\/archiviocassano.lavocedelpaese.info\/index.php\/wp-json\/wp\/v2\/posts\/19273\/revisions"}],"wp:attachment":[{"href":"https:\/\/archiviocassano.lavocedelpaese.info\/index.php\/wp-json\/wp\/v2\/media?parent=19273"}],"wp:term":[{"taxonomy":"category","embeddable":true,"href":"https:\/\/archiviocassano.lavocedelpaese.info\/index.php\/wp-json\/wp\/v2\/categories?post=19273"},{"taxonomy":"post_tag","embeddable":true,"href":"https:\/\/archiviocassano.lavocedelpaese.info\/index.php\/wp-json\/wp\/v2\/tags?post=19273"}],"curies":[{"name":"wp","href":"https:\/\/api.w.org\/{rel}","templated":true}]}}