{"id":19274,"date":"2021-06-17T12:51:46","date_gmt":"2021-06-17T12:51:46","guid":{"rendered":"https:\/\/archiviocassano.lavocedelpaese.info\/index.php\/2021\/06\/17\/cassano-subisce-un-altro-qscippoq-il-centro-per-i-disturbi-alimentari-si-fara-ad-altamura\/"},"modified":"2021-06-17T12:51:46","modified_gmt":"2021-06-17T12:51:46","slug":"cassano-subisce-un-altro-qscippoq-il-centro-per-i-disturbi-alimentari-si-fara-ad-altamura","status":"publish","type":"post","link":"https:\/\/archiviocassano.lavocedelpaese.info\/index.php\/2021\/06\/17\/cassano-subisce-un-altro-qscippoq-il-centro-per-i-disturbi-alimentari-si-fara-ad-altamura\/","title":{"rendered":"Il Centro per i disturbi alimentari si far\u00e0 ad Altamura!"},"content":{"rendered":"<p style=\"text-align: justify;\"><a data-flickr-embed=\"true\" href=\"https:\/\/www.flickr.com\/photos\/91470992@N02\/51253957310\/in\/dateposted\/\" title=\"3500029_635410_768x300\"><img loading=\"lazy\" decoding=\"async\" src=\"https:\/\/live.staticflickr.com\/65535\/51253957310_937f297f53.jpg\" width=\"320\" height=\"150\" alt=\"3500029_635410_768x300\" \/><\/a><\/p>\n<p><!--more--><\/p>\n<p>Non si far\u00e0 a Cassano, presso l\u2019ex Centro Medico della Fondazione \u201cS. Maugeri\u201d, ma sorger\u00e0 ad Altamura il primo dei sei centri specializzati in disturbi alimentari previsti in Puglia dal Sistema Sanitario Regionale.<\/p>\n<p style=\"text-align: justify;\">Lo si rileva da una dichiarazione di Vincenzo Gesualdo, Presidente dell\u2019Ordine Psicologi Regione Puglia che dopo un lungo confronto con la Asl Bari ha annunciato la decisione del Direttore Generale della Azienda Sanitaria, Vito Montanaro.<\/p>\n<p style=\"text-align: justify;\"><em>\u201cPsicologi e psichiatri lavoreranno in team con i medici di medicina generale e pediatri per sostenere questa fascia di popolazione che al momento non trova una risposta sufficiente a garantire un livello adeguato di sostegno nei centri esistenti. I costi di mobilit\u00e0 passiva sono altissimi e l\u2019assistenza completamente assente\u201d,<\/em> spiega la nota di Gesualdo che aggiunge: \u201c<em>Il covid ha fatto aumentare in maniera esponenziale gli episodi di disagio di vario tipo nei soggetti pi\u00f9 fragili: dall&#8217;autolesionismo, a vecchie e nuove dipendenze quali possono essere quelle da social, problematiche patologiche relazionali. I disturbi alimentari rientrano tra le patologie inizialmente pi\u00f9 subdole poich\u00e9 rientrano in un quadro clinico pi\u00f9 complesso che richiede un approccio multidisciplinare, non saltano subito all&#8217;occhio e di conseguenza si ha pi\u00f9 difficolt\u00e0 nell\u2019intervenire tempestivamente. E\u2019 importante essere al fianco di chi non fa il primo passo, sapere che ci sono strutture assolutamente in grado di aiutare in maniera efficace e discreta\u201d.<\/em><\/p>\n<p style=\"text-align: justify;\">Il Centro, dunque, con una gestione mista tra pubblico e privato, sar\u00e0 specializzato nella cura di disturbi alimentari, non solo bulimia e anoressia e sorger\u00e0 ad Altamura, probabilmente nel vecchio ospedale di via Regina Margherita.<\/p>\n<p style=\"text-align: justify;\">Un altro scippo, l\u2019ennesimo a cui Cassano guarda con totale impotenza: quando, <a href=\"politica\/27264-chiusa-la-campagna-elettorale-con-le-qbombeq-finali-dei-comizi.html\" target=\"_blank\" rel=\"noopener\">durante la campagna elettorale per le amministrative 2017<\/a>, era gi\u00e0 un fatto accertato lo spostamento della ex Fondazione dalla collina del \u201cCircito\u201d a Bari, nei pressi di Santa Fara, diverse forze politiche che ambivano a vincere le elezioni proponevano utilizzi alternativi a quella struttura e fra questi proprio un Centro per i disturbi alimentari (e non solo), previsto dal Piano Sanitario Regionale e mai avviato.<\/p>\n<p style=\"text-align: justify;\">Una idea che sembrava essere vincente e fattibile, <a href=\"attualita\/29516-lex-centro-medico-curera-i-qdisturbi-alimentariq-forse.html\" target=\"_blank\" rel=\"noopener\">su cui fino al febbraio scorso c&#8217;\u00e8 stato un confronto, evidentemente finito nel nulla.<\/a><\/p>\n<p style=\"text-align: justify;\">Ora la scelta della Asl di snobbare ancora una volta Cassano, il suo territorio e le sue enormi potenzialit\u00e0 in termini di infrastrutturazione sanitaria.<\/p>\n<p style=\"text-align: justify;\">Che ci vede per l\u2019ennesima volta perdenti!<\/p>\n<p>&nbsp;<\/p>\n","protected":false},"excerpt":{"rendered":"","protected":false},"author":1,"featured_media":0,"comment_status":"open","ping_status":"closed","sticky":false,"template":"","format":"standard","meta":{"colormag_page_container_layout":"default_layout","colormag_page_sidebar_layout":"default_layout","footnotes":""},"categories":[7],"tags":[],"class_list":["post-19274","post","type-post","status-publish","format-standard","hentry","category-attualita"],"yoast_head":"<!-- This site is optimized with the Yoast SEO plugin v27.5 - https:\/\/yoast.com\/product\/yoast-seo-wordpress\/ -->\n<title>Il Centro per i disturbi alimentari si far\u00e0 ad Altamura! - Archivio CassanoWeb<\/title>\n<meta name=\"robots\" content=\"index, follow, max-snippet:-1, max-image-preview:large, max-video-preview:-1\" \/>\n<link rel=\"canonical\" href=\"https:\/\/archiviocassano.lavocedelpaese.info\/index.php\/2021\/06\/17\/cassano-subisce-un-altro-qscippoq-il-centro-per-i-disturbi-alimentari-si-fara-ad-altamura\/\" \/>\n<meta property=\"og:locale\" content=\"it_IT\" \/>\n<meta property=\"og:type\" content=\"article\" \/>\n<meta property=\"og:title\" content=\"Il Centro per i disturbi alimentari si far\u00e0 ad Altamura! - Archivio CassanoWeb\" \/>\n<meta property=\"og:url\" content=\"https:\/\/archiviocassano.lavocedelpaese.info\/index.php\/2021\/06\/17\/cassano-subisce-un-altro-qscippoq-il-centro-per-i-disturbi-alimentari-si-fara-ad-altamura\/\" \/>\n<meta property=\"og:site_name\" content=\"Archivio CassanoWeb\" \/>\n<meta property=\"article:publisher\" content=\"https:\/\/www.facebook.com\/redazione.cassanoweb\" \/>\n<meta property=\"article:published_time\" content=\"2021-06-17T12:51:46+00:00\" \/>\n<meta property=\"og:image\" content=\"https:\/\/live.staticflickr.com\/65535\/51253957310_937f297f53.jpg\" \/>\n<meta name=\"author\" content=\"admin\" \/>\n<meta name=\"twitter:card\" content=\"summary_large_image\" \/>\n<meta name=\"twitter:label1\" content=\"Scritto da\" \/>\n\t<meta name=\"twitter:data1\" content=\"admin\" \/>\n\t<meta name=\"twitter:label2\" content=\"Tempo di lettura stimato\" \/>\n\t<meta name=\"twitter:data2\" content=\"2 minuti\" \/>\n<script type=\"application\/ld+json\" class=\"yoast-schema-graph\">{\"@context\":\"https:\\\/\\\/schema.org\",\"@graph\":[{\"@type\":\"Article\",\"@id\":\"https:\\\/\\\/archiviocassano.lavocedelpaese.info\\\/index.php\\\/2021\\\/06\\\/17\\\/cassano-subisce-un-altro-qscippoq-il-centro-per-i-disturbi-alimentari-si-fara-ad-altamura\\\/#article\",\"isPartOf\":{\"@id\":\"https:\\\/\\\/archiviocassano.lavocedelpaese.info\\\/index.php\\\/2021\\\/06\\\/17\\\/cassano-subisce-un-altro-qscippoq-il-centro-per-i-disturbi-alimentari-si-fara-ad-altamura\\\/\"},\"author\":{\"name\":\"admin\",\"@id\":\"https:\\\/\\\/archiviocassano.lavocedelpaese.info\\\/#\\\/schema\\\/person\\\/df195bc79a9b4c35127cf005f92e041b\"},\"headline\":\"Il Centro per i disturbi alimentari si far\u00e0 ad Altamura!\",\"datePublished\":\"2021-06-17T12:51:46+00:00\",\"mainEntityOfPage\":{\"@id\":\"https:\\\/\\\/archiviocassano.lavocedelpaese.info\\\/index.php\\\/2021\\\/06\\\/17\\\/cassano-subisce-un-altro-qscippoq-il-centro-per-i-disturbi-alimentari-si-fara-ad-altamura\\\/\"},\"wordCount\":404,\"commentCount\":0,\"publisher\":{\"@id\":\"https:\\\/\\\/archiviocassano.lavocedelpaese.info\\\/#organization\"},\"image\":{\"@id\":\"https:\\\/\\\/archiviocassano.lavocedelpaese.info\\\/index.php\\\/2021\\\/06\\\/17\\\/cassano-subisce-un-altro-qscippoq-il-centro-per-i-disturbi-alimentari-si-fara-ad-altamura\\\/#primaryimage\"},\"thumbnailUrl\":\"https:\\\/\\\/live.staticflickr.com\\\/65535\\\/51253957310_937f297f53.jpg\",\"articleSection\":[\"Attualit\u00e0\"],\"inLanguage\":\"it-IT\",\"potentialAction\":[{\"@type\":\"CommentAction\",\"name\":\"Comment\",\"target\":[\"https:\\\/\\\/archiviocassano.lavocedelpaese.info\\\/index.php\\\/2021\\\/06\\\/17\\\/cassano-subisce-un-altro-qscippoq-il-centro-per-i-disturbi-alimentari-si-fara-ad-altamura\\\/#respond\"]}]},{\"@type\":\"WebPage\",\"@id\":\"https:\\\/\\\/archiviocassano.lavocedelpaese.info\\\/index.php\\\/2021\\\/06\\\/17\\\/cassano-subisce-un-altro-qscippoq-il-centro-per-i-disturbi-alimentari-si-fara-ad-altamura\\\/\",\"url\":\"https:\\\/\\\/archiviocassano.lavocedelpaese.info\\\/index.php\\\/2021\\\/06\\\/17\\\/cassano-subisce-un-altro-qscippoq-il-centro-per-i-disturbi-alimentari-si-fara-ad-altamura\\\/\",\"name\":\"Il Centro per i disturbi alimentari si far\u00e0 ad Altamura! - Archivio CassanoWeb\",\"isPartOf\":{\"@id\":\"https:\\\/\\\/archiviocassano.lavocedelpaese.info\\\/#website\"},\"primaryImageOfPage\":{\"@id\":\"https:\\\/\\\/archiviocassano.lavocedelpaese.info\\\/index.php\\\/2021\\\/06\\\/17\\\/cassano-subisce-un-altro-qscippoq-il-centro-per-i-disturbi-alimentari-si-fara-ad-altamura\\\/#primaryimage\"},\"image\":{\"@id\":\"https:\\\/\\\/archiviocassano.lavocedelpaese.info\\\/index.php\\\/2021\\\/06\\\/17\\\/cassano-subisce-un-altro-qscippoq-il-centro-per-i-disturbi-alimentari-si-fara-ad-altamura\\\/#primaryimage\"},\"thumbnailUrl\":\"https:\\\/\\\/live.staticflickr.com\\\/65535\\\/51253957310_937f297f53.jpg\",\"datePublished\":\"2021-06-17T12:51:46+00:00\",\"breadcrumb\":{\"@id\":\"https:\\\/\\\/archiviocassano.lavocedelpaese.info\\\/index.php\\\/2021\\\/06\\\/17\\\/cassano-subisce-un-altro-qscippoq-il-centro-per-i-disturbi-alimentari-si-fara-ad-altamura\\\/#breadcrumb\"},\"inLanguage\":\"it-IT\",\"potentialAction\":[{\"@type\":\"ReadAction\",\"target\":[\"https:\\\/\\\/archiviocassano.lavocedelpaese.info\\\/index.php\\\/2021\\\/06\\\/17\\\/cassano-subisce-un-altro-qscippoq-il-centro-per-i-disturbi-alimentari-si-fara-ad-altamura\\\/\"]}]},{\"@type\":\"ImageObject\",\"inLanguage\":\"it-IT\",\"@id\":\"https:\\\/\\\/archiviocassano.lavocedelpaese.info\\\/index.php\\\/2021\\\/06\\\/17\\\/cassano-subisce-un-altro-qscippoq-il-centro-per-i-disturbi-alimentari-si-fara-ad-altamura\\\/#primaryimage\",\"url\":\"https:\\\/\\\/live.staticflickr.com\\\/65535\\\/51253957310_937f297f53.jpg\",\"contentUrl\":\"https:\\\/\\\/live.staticflickr.com\\\/65535\\\/51253957310_937f297f53.jpg\"},{\"@type\":\"BreadcrumbList\",\"@id\":\"https:\\\/\\\/archiviocassano.lavocedelpaese.info\\\/index.php\\\/2021\\\/06\\\/17\\\/cassano-subisce-un-altro-qscippoq-il-centro-per-i-disturbi-alimentari-si-fara-ad-altamura\\\/#breadcrumb\",\"itemListElement\":[{\"@type\":\"ListItem\",\"position\":1,\"name\":\"Home\",\"item\":\"https:\\\/\\\/archiviocassano.lavocedelpaese.info\\\/\"},{\"@type\":\"ListItem\",\"position\":2,\"name\":\"Il Centro per i disturbi alimentari si far\u00e0 ad Altamura!\"}]},{\"@type\":\"WebSite\",\"@id\":\"https:\\\/\\\/archiviocassano.lavocedelpaese.info\\\/#website\",\"url\":\"https:\\\/\\\/archiviocassano.lavocedelpaese.info\\\/\",\"name\":\"Archivio CassanoWeb\",\"description\":\"La Voce del Paese - un network di idee\",\"publisher\":{\"@id\":\"https:\\\/\\\/archiviocassano.lavocedelpaese.info\\\/#organization\"},\"potentialAction\":[{\"@type\":\"SearchAction\",\"target\":{\"@type\":\"EntryPoint\",\"urlTemplate\":\"https:\\\/\\\/archiviocassano.lavocedelpaese.info\\\/?s={search_term_string}\"},\"query-input\":{\"@type\":\"PropertyValueSpecification\",\"valueRequired\":true,\"valueName\":\"search_term_string\"}}],\"inLanguage\":\"it-IT\"},{\"@type\":\"Organization\",\"@id\":\"https:\\\/\\\/archiviocassano.lavocedelpaese.info\\\/#organization\",\"name\":\"Archivio CassanoWeb\",\"url\":\"https:\\\/\\\/archiviocassano.lavocedelpaese.info\\\/\",\"logo\":{\"@type\":\"ImageObject\",\"inLanguage\":\"it-IT\",\"@id\":\"https:\\\/\\\/archiviocassano.lavocedelpaese.info\\\/#\\\/schema\\\/logo\\\/image\\\/\",\"url\":\"https:\\\/\\\/archiviocassano.lavocedelpaese.info\\\/wp-content\\\/uploads\\\/2024\\\/08\\\/logo-rosso-2.png\",\"contentUrl\":\"https:\\\/\\\/archiviocassano.lavocedelpaese.info\\\/wp-content\\\/uploads\\\/2024\\\/08\\\/logo-rosso-2.png\",\"width\":491,\"height\":432,\"caption\":\"Archivio CassanoWeb\"},\"image\":{\"@id\":\"https:\\\/\\\/archiviocassano.lavocedelpaese.info\\\/#\\\/schema\\\/logo\\\/image\\\/\"},\"sameAs\":[\"https:\\\/\\\/www.facebook.com\\\/redazione.cassanoweb\"]},{\"@type\":\"Person\",\"@id\":\"https:\\\/\\\/archiviocassano.lavocedelpaese.info\\\/#\\\/schema\\\/person\\\/df195bc79a9b4c35127cf005f92e041b\",\"name\":\"admin\",\"image\":{\"@type\":\"ImageObject\",\"inLanguage\":\"it-IT\",\"@id\":\"https:\\\/\\\/secure.gravatar.com\\\/avatar\\\/eabba89a432e8eaa1b0207cc55f7e5340b22712b1ed80677efcf63e02ff5b235?s=96&d=mm&r=g\",\"url\":\"https:\\\/\\\/secure.gravatar.com\\\/avatar\\\/eabba89a432e8eaa1b0207cc55f7e5340b22712b1ed80677efcf63e02ff5b235?s=96&d=mm&r=g\",\"contentUrl\":\"https:\\\/\\\/secure.gravatar.com\\\/avatar\\\/eabba89a432e8eaa1b0207cc55f7e5340b22712b1ed80677efcf63e02ff5b235?s=96&d=mm&r=g\",\"caption\":\"admin\"},\"sameAs\":[\"https:\\\/\\\/archiviocassano.lavocedelpaese.info\"],\"url\":\"https:\\\/\\\/archiviocassano.lavocedelpaese.info\\\/index.php\\\/author\\\/admin_0qgz1xdp\\\/\"}]}<\/script>\n<!-- \/ Yoast SEO plugin. -->","yoast_head_json":{"title":"Il Centro per i disturbi alimentari si far\u00e0 ad Altamura! - Archivio CassanoWeb","robots":{"index":"index","follow":"follow","max-snippet":"max-snippet:-1","max-image-preview":"max-image-preview:large","max-video-preview":"max-video-preview:-1"},"canonical":"https:\/\/archiviocassano.lavocedelpaese.info\/index.php\/2021\/06\/17\/cassano-subisce-un-altro-qscippoq-il-centro-per-i-disturbi-alimentari-si-fara-ad-altamura\/","og_locale":"it_IT","og_type":"article","og_title":"Il Centro per i disturbi alimentari si far\u00e0 ad Altamura! - Archivio CassanoWeb","og_url":"https:\/\/archiviocassano.lavocedelpaese.info\/index.php\/2021\/06\/17\/cassano-subisce-un-altro-qscippoq-il-centro-per-i-disturbi-alimentari-si-fara-ad-altamura\/","og_site_name":"Archivio CassanoWeb","article_publisher":"https:\/\/www.facebook.com\/redazione.cassanoweb","article_published_time":"2021-06-17T12:51:46+00:00","og_image":[{"url":"https:\/\/live.staticflickr.com\/65535\/51253957310_937f297f53.jpg","type":"","width":"","height":""}],"author":"admin","twitter_card":"summary_large_image","twitter_misc":{"Scritto da":"admin","Tempo di lettura stimato":"2 minuti"},"schema":{"@context":"https:\/\/schema.org","@graph":[{"@type":"Article","@id":"https:\/\/archiviocassano.lavocedelpaese.info\/index.php\/2021\/06\/17\/cassano-subisce-un-altro-qscippoq-il-centro-per-i-disturbi-alimentari-si-fara-ad-altamura\/#article","isPartOf":{"@id":"https:\/\/archiviocassano.lavocedelpaese.info\/index.php\/2021\/06\/17\/cassano-subisce-un-altro-qscippoq-il-centro-per-i-disturbi-alimentari-si-fara-ad-altamura\/"},"author":{"name":"admin","@id":"https:\/\/archiviocassano.lavocedelpaese.info\/#\/schema\/person\/df195bc79a9b4c35127cf005f92e041b"},"headline":"Il Centro per i disturbi alimentari si far\u00e0 ad Altamura!","datePublished":"2021-06-17T12:51:46+00:00","mainEntityOfPage":{"@id":"https:\/\/archiviocassano.lavocedelpaese.info\/index.php\/2021\/06\/17\/cassano-subisce-un-altro-qscippoq-il-centro-per-i-disturbi-alimentari-si-fara-ad-altamura\/"},"wordCount":404,"commentCount":0,"publisher":{"@id":"https:\/\/archiviocassano.lavocedelpaese.info\/#organization"},"image":{"@id":"https:\/\/archiviocassano.lavocedelpaese.info\/index.php\/2021\/06\/17\/cassano-subisce-un-altro-qscippoq-il-centro-per-i-disturbi-alimentari-si-fara-ad-altamura\/#primaryimage"},"thumbnailUrl":"https:\/\/live.staticflickr.com\/65535\/51253957310_937f297f53.jpg","articleSection":["Attualit\u00e0"],"inLanguage":"it-IT","potentialAction":[{"@type":"CommentAction","name":"Comment","target":["https:\/\/archiviocassano.lavocedelpaese.info\/index.php\/2021\/06\/17\/cassano-subisce-un-altro-qscippoq-il-centro-per-i-disturbi-alimentari-si-fara-ad-altamura\/#respond"]}]},{"@type":"WebPage","@id":"https:\/\/archiviocassano.lavocedelpaese.info\/index.php\/2021\/06\/17\/cassano-subisce-un-altro-qscippoq-il-centro-per-i-disturbi-alimentari-si-fara-ad-altamura\/","url":"https:\/\/archiviocassano.lavocedelpaese.info\/index.php\/2021\/06\/17\/cassano-subisce-un-altro-qscippoq-il-centro-per-i-disturbi-alimentari-si-fara-ad-altamura\/","name":"Il Centro per i disturbi alimentari si far\u00e0 ad Altamura! - Archivio CassanoWeb","isPartOf":{"@id":"https:\/\/archiviocassano.lavocedelpaese.info\/#website"},"primaryImageOfPage":{"@id":"https:\/\/archiviocassano.lavocedelpaese.info\/index.php\/2021\/06\/17\/cassano-subisce-un-altro-qscippoq-il-centro-per-i-disturbi-alimentari-si-fara-ad-altamura\/#primaryimage"},"image":{"@id":"https:\/\/archiviocassano.lavocedelpaese.info\/index.php\/2021\/06\/17\/cassano-subisce-un-altro-qscippoq-il-centro-per-i-disturbi-alimentari-si-fara-ad-altamura\/#primaryimage"},"thumbnailUrl":"https:\/\/live.staticflickr.com\/65535\/51253957310_937f297f53.jpg","datePublished":"2021-06-17T12:51:46+00:00","breadcrumb":{"@id":"https:\/\/archiviocassano.lavocedelpaese.info\/index.php\/2021\/06\/17\/cassano-subisce-un-altro-qscippoq-il-centro-per-i-disturbi-alimentari-si-fara-ad-altamura\/#breadcrumb"},"inLanguage":"it-IT","potentialAction":[{"@type":"ReadAction","target":["https:\/\/archiviocassano.lavocedelpaese.info\/index.php\/2021\/06\/17\/cassano-subisce-un-altro-qscippoq-il-centro-per-i-disturbi-alimentari-si-fara-ad-altamura\/"]}]},{"@type":"ImageObject","inLanguage":"it-IT","@id":"https:\/\/archiviocassano.lavocedelpaese.info\/index.php\/2021\/06\/17\/cassano-subisce-un-altro-qscippoq-il-centro-per-i-disturbi-alimentari-si-fara-ad-altamura\/#primaryimage","url":"https:\/\/live.staticflickr.com\/65535\/51253957310_937f297f53.jpg","contentUrl":"https:\/\/live.staticflickr.com\/65535\/51253957310_937f297f53.jpg"},{"@type":"BreadcrumbList","@id":"https:\/\/archiviocassano.lavocedelpaese.info\/index.php\/2021\/06\/17\/cassano-subisce-un-altro-qscippoq-il-centro-per-i-disturbi-alimentari-si-fara-ad-altamura\/#breadcrumb","itemListElement":[{"@type":"ListItem","position":1,"name":"Home","item":"https:\/\/archiviocassano.lavocedelpaese.info\/"},{"@type":"ListItem","position":2,"name":"Il Centro per i disturbi alimentari si far\u00e0 ad Altamura!"}]},{"@type":"WebSite","@id":"https:\/\/archiviocassano.lavocedelpaese.info\/#website","url":"https:\/\/archiviocassano.lavocedelpaese.info\/","name":"Archivio CassanoWeb","description":"La Voce del Paese - un network di idee","publisher":{"@id":"https:\/\/archiviocassano.lavocedelpaese.info\/#organization"},"potentialAction":[{"@type":"SearchAction","target":{"@type":"EntryPoint","urlTemplate":"https:\/\/archiviocassano.lavocedelpaese.info\/?s={search_term_string}"},"query-input":{"@type":"PropertyValueSpecification","valueRequired":true,"valueName":"search_term_string"}}],"inLanguage":"it-IT"},{"@type":"Organization","@id":"https:\/\/archiviocassano.lavocedelpaese.info\/#organization","name":"Archivio CassanoWeb","url":"https:\/\/archiviocassano.lavocedelpaese.info\/","logo":{"@type":"ImageObject","inLanguage":"it-IT","@id":"https:\/\/archiviocassano.lavocedelpaese.info\/#\/schema\/logo\/image\/","url":"https:\/\/archiviocassano.lavocedelpaese.info\/wp-content\/uploads\/2024\/08\/logo-rosso-2.png","contentUrl":"https:\/\/archiviocassano.lavocedelpaese.info\/wp-content\/uploads\/2024\/08\/logo-rosso-2.png","width":491,"height":432,"caption":"Archivio CassanoWeb"},"image":{"@id":"https:\/\/archiviocassano.lavocedelpaese.info\/#\/schema\/logo\/image\/"},"sameAs":["https:\/\/www.facebook.com\/redazione.cassanoweb"]},{"@type":"Person","@id":"https:\/\/archiviocassano.lavocedelpaese.info\/#\/schema\/person\/df195bc79a9b4c35127cf005f92e041b","name":"admin","image":{"@type":"ImageObject","inLanguage":"it-IT","@id":"https:\/\/secure.gravatar.com\/avatar\/eabba89a432e8eaa1b0207cc55f7e5340b22712b1ed80677efcf63e02ff5b235?s=96&d=mm&r=g","url":"https:\/\/secure.gravatar.com\/avatar\/eabba89a432e8eaa1b0207cc55f7e5340b22712b1ed80677efcf63e02ff5b235?s=96&d=mm&r=g","contentUrl":"https:\/\/secure.gravatar.com\/avatar\/eabba89a432e8eaa1b0207cc55f7e5340b22712b1ed80677efcf63e02ff5b235?s=96&d=mm&r=g","caption":"admin"},"sameAs":["https:\/\/archiviocassano.lavocedelpaese.info"],"url":"https:\/\/archiviocassano.lavocedelpaese.info\/index.php\/author\/admin_0qgz1xdp\/"}]}},"_links":{"self":[{"href":"https:\/\/archiviocassano.lavocedelpaese.info\/index.php\/wp-json\/wp\/v2\/posts\/19274","targetHints":{"allow":["GET"]}}],"collection":[{"href":"https:\/\/archiviocassano.lavocedelpaese.info\/index.php\/wp-json\/wp\/v2\/posts"}],"about":[{"href":"https:\/\/archiviocassano.lavocedelpaese.info\/index.php\/wp-json\/wp\/v2\/types\/post"}],"author":[{"embeddable":true,"href":"https:\/\/archiviocassano.lavocedelpaese.info\/index.php\/wp-json\/wp\/v2\/users\/1"}],"replies":[{"embeddable":true,"href":"https:\/\/archiviocassano.lavocedelpaese.info\/index.php\/wp-json\/wp\/v2\/comments?post=19274"}],"version-history":[{"count":0,"href":"https:\/\/archiviocassano.lavocedelpaese.info\/index.php\/wp-json\/wp\/v2\/posts\/19274\/revisions"}],"wp:attachment":[{"href":"https:\/\/archiviocassano.lavocedelpaese.info\/index.php\/wp-json\/wp\/v2\/media?parent=19274"}],"wp:term":[{"taxonomy":"category","embeddable":true,"href":"https:\/\/archiviocassano.lavocedelpaese.info\/index.php\/wp-json\/wp\/v2\/categories?post=19274"},{"taxonomy":"post_tag","embeddable":true,"href":"https:\/\/archiviocassano.lavocedelpaese.info\/index.php\/wp-json\/wp\/v2\/tags?post=19274"}],"curies":[{"name":"wp","href":"https:\/\/api.w.org\/{rel}","templated":true}]}}