{"id":19276,"date":"2021-06-18T06:55:42","date_gmt":"2021-06-18T06:55:42","guid":{"rendered":"https:\/\/archiviocassano.lavocedelpaese.info\/index.php\/2021\/06\/18\/riparte-oggi-la-qcarovana-della-prevenzioneq-della-qsusan-g-komen-italiaq\/"},"modified":"2021-06-18T06:55:42","modified_gmt":"2021-06-18T06:55:42","slug":"riparte-oggi-la-qcarovana-della-prevenzioneq-della-qsusan-g-komen-italiaq","status":"publish","type":"post","link":"https:\/\/archiviocassano.lavocedelpaese.info\/index.php\/2021\/06\/18\/riparte-oggi-la-qcarovana-della-prevenzioneq-della-qsusan-g-komen-italiaq\/","title":{"rendered":"Riparte la &#8220;Carovana della Prevenzione&#8221; della &#8220;Susan G.K.&#8221;"},"content":{"rendered":"<p style=\"text-align: justify;\"><a data-flickr-embed=\"true\" href=\"https:\/\/www.flickr.com\/photos\/91470992@N02\/51253809692\/in\/dateposted\/\" title=\"5048958_2870e8_767x1091\"><img loading=\"lazy\" decoding=\"async\" src=\"https:\/\/live.staticflickr.com\/65535\/51253809692_ba5c8a9098_z.jpg\" width=\"320\" height=\"150\" alt=\"5048958_2870e8_767x1091\" \/><\/a><\/p>\n<p><!--more--><\/p>\n<p style=\"text-align: justify;\">La Carovana della Prevenzione di Komen Italia che si terr\u00e0 in Puglia riparte da Bari-Enziteto (18 giugno) come buon auspicio per il futuro lavoro di attenzione diagnostica alle donne.<\/p>\n<p style=\"text-align: justify;\">Nella seconda tappa sar\u00e0 raggiunto il comune di Putignano il giorno 19 giugno. Komen Italia associazione in prima linea per la lotta ai tumori del seno sar\u00e0 a Bari-Enziteto presso la parrocchia di San Nicola Catino e a Putignano in Piazza Aldo Moro dalle 9.00 alle 16.30 per offrire esami diagnostici gratuiti di senologia, ginecologia e consulenze di nutrizione e shiatsu rivolte a donne in difficolt\u00e0 socio-economica al di fuori della fascia di et\u00e0 prevista dallo screening regionale.<\/p>\n<p style=\"text-align: justify;\">La Carovana della Prevenzione \u00e8 il Programma Nazionale Itinerante di Promozione della Salute Femminile di Komen Italia che offre ad un pubblico sempre pi\u00f9 ampio attivit\u00e0 gratuite di sensibilizzazione e prevenzione delle principali patologie oncologiche di genere. In particolare, la Carovana si rivolge a donne che vivono in condizioni di disagio sociale ed economico e che per questo dedicano meno attenzione alla propria salute. La tutela della salute femminile ha importanti ricadute sul benessere della collettivit\u00e0, per il ruolo fondamentale della donna in ambito familiare, lavorativo e sociale. Grazie a Unit\u00e0 Mobili ad alta tecnologia, la Carovana percorre l\u2019Italia offrendo gratuitamente alle donne numerose attivit\u00e0 di promozione della salute femminile: esami per la diagnosi precoce dei tumori del seno e del collo dell\u2019utero, consulenze specialistiche di prevenzione secondaria di altre patologie femminili, laboratori pratici e sessioni educative di promozione dell\u2019attivit\u00e0 fisica, del benessere e della corretta alimentazione.<\/p>\n<p style=\"text-align: justify;\">\u201c<em>Il 2021 ci vede in prima linea per contrastare i ritardi che la pandemia ha causato sugli esami diagnostici<\/em>&nbsp;&#8211;&nbsp;dichiara <strong>Linda Catucci, presidente Comitato Regionale Puglia di Komen Italia<\/strong> &#8211;<em>. Nell\u2019ultimo anno infatti oltre 2 milioni di donne non hanno potuto svolgere i regolari controlli e moltissime riceveranno una diagnosi in uno stadio pi\u00f9 avanzato e pi\u00f9 difficile da curare. \u00c8 un\u2019emergenza nell\u2019emergenza che possiamo contrastare solo grazie al sostegno dei partner e dei donatori di Komen Italia e all\u2019impegno dei medici e volontari. Si ricomincia da Enziteto che nel passato marzo 2018 ha rappresentato la prima tappa inaugurale per l\u2019arrivo della Carovana in Puglia e che noi consideriamo essere il punto di ripartenza per una rinascita ed un ritorno alla nostra tanto sperata normale quotidianit\u00e0<\/em>.\u201d<\/p>\n<p style=\"text-align: justify;\">&#8220;<em>La carovana della prevenzione rappresenta un progetto di elevato valore sociale, un vero inno alla prevenzione. Questa iniziativa rivolta ad alcune fasce della popolazione di et\u00e0 fuori screening regionale, anche in un periodo cos\u00ec difficile, testimonia la continua missione della Komen nei programmi di sensibilizzazione alla prevenzione senologica e ginecologica. Ringrazio a nome della Presidente e del Comitato clinico scientifico tutti i colleghi medici che hanno reso possibile tale iniziativa, nel pieno rispetto delle norme anticontagio<\/em>&#8220;, queste le dichiarazioni del Prof. Marco Moschetta, membro del Comitato clinico scientifico della Susan G. Komen Puglia e Coordinatore dell\u2019equipe medica della giornata di Carovana a BariEnziteto e Putignano, Responsabile U.O.S.D. Radiodiagnostica ad indirizzo senologico.<\/p>\n<p style=\"text-align: justify;\">\u201c<em>Anche quest\u2019anno la Breast Unit ASL Bari del P.O. San Paolo affiancher\u00e0 la Susan G. Komen Italia nel progetto realizzatosi con la Carovana della Prevenzione di Komen Italia. Sosteniamo questa finalit\u00e0 consentendo alle donne in difficolt\u00e0 di accedere ad esami diagnostici fondamentali nella diagnosi precoce del tumore mammario, facilitandone in tal modo i risultati clinici e terapeutici. Cogliendo l\u2019importanza di tali progetti della Komen Italia finalizzati all\u2019informazione per la prevenzione, supportiamo questa iniziativa con la partecipazione di medici della nostra Breast Unit che a titolo volontario e gratuito presteranno la loro opera. Ringrazio la Presidentessa della Susan G. Komen Italia Comitato Regionale Puglia e tutti i volontari che vi parteciperanno<\/em>.\u201d Queste le dichiarazioni del Dott. Olindo Custodero, membro del Comitato clinico scientifico della Susan G. Komen Puglia e Responsabile Unit\u00e0 Operativa Dipartimentale di Chirurgia Senologica, Presidio Ospedaliero San Paolo \u2013 Bari, Asl Bari.<\/p>\n<p style=\"text-align: justify;\">\u201c<em>L\u2019Istituto Tumori \u2018Giovanni Paolo II\u2019 di Bari \u00e8 ben lieto di \u2018prestare\u2019, anche solo per un giorno, medici volontari alla causa della \u2018Carovana della Prevenzione\u2019. Come negli anni passati, saremo in piazza, al fianco di Komen Italia, con le competenze dei nostri medici per viste ed esami senologici gratuiti per tutte. L\u2019obiettivo non \u00e8 solo fare prevenzione e screening in contesti diversi da quelli ospedalieri ma anche e soprattutto fare informazione: alcuni tipi di tumore femminili, in particolare i tumori al seno, un tempo etichettati come \u2018incurabili\u2019, oggi non solo sono curabili ma anche guaribili, con percentuali tanto pi\u00f9 elevate quanto pi\u00f9 precoce \u00e8 la diagnosi<\/em>\u201d, dichiarazione di Alessandro Delle Donne, Commissario straordinario dell&#8217;Istituto Tumori &#8216;Giovanni Paolo II&#8217; di Bari.<\/p>\n<p style=\"text-align: justify;\">La tappa a Bari-Enziteto \u00e8 svolta con la collaborazione della Parrocchia San Nicola Catino e con il contributo di Procter&amp;Gamble che con il programma d\u2019Impresa \u201cP&amp;G per l\u2019Italia\u201d sostiene la Carovana della Prevenzione, portandola nelle periferie di 9 citt\u00e0 italiane, per prendersi cura della salute delle donne.<\/p>\n<p style=\"text-align: justify;\">La tappa a Putignano \u00e8 svolta con il Patrocinio del Comune di Putignano, con il contributo della Fondazione Johnson &amp; Johnson e in collaborazione con l\u2019associazione Pink is Hope.<\/p>\n<p style=\"text-align: justify;\">Tutte le tappe sono svolte nel pieno rispetto delle vigenti normative di contrasto alla diffusione del Covid19. Bari-Enziteto e Putignano danno il via ad un lungo Tour che vede la Puglia protagonista nell\u2019azione di sensibilizzazione nella campagna di Prevenzione per il tumore alla mammella, andando cos\u00ec a supportare le unit\u00e0 ospedaliere locali e territoriali che da sempre ci aiutano in questo grande progetto di solidariet\u00e0 sociale. Qui di seguito le prossime tappe: &#8211; 20 giugno Taranto &#8211; 21 giugno Lecce &#8211; 22 giugno Brindisi &#8211; 23 giugno Manfredonia<\/p>\n<p>&nbsp;<\/p>\n<p>&nbsp;<\/p>\n","protected":false},"excerpt":{"rendered":"","protected":false},"author":1,"featured_media":0,"comment_status":"open","ping_status":"closed","sticky":false,"template":"","format":"standard","meta":{"colormag_page_container_layout":"default_layout","colormag_page_sidebar_layout":"default_layout","footnotes":""},"categories":[7],"tags":[],"class_list":["post-19276","post","type-post","status-publish","format-standard","hentry","category-attualita"],"yoast_head":"<!-- This site is optimized with the Yoast SEO plugin v27.5 - https:\/\/yoast.com\/product\/yoast-seo-wordpress\/ -->\n<title>Riparte la &quot;Carovana della Prevenzione&quot; della &quot;Susan G.K.&quot; - Archivio CassanoWeb<\/title>\n<meta name=\"robots\" content=\"index, follow, max-snippet:-1, max-image-preview:large, max-video-preview:-1\" \/>\n<link rel=\"canonical\" href=\"https:\/\/archiviocassano.lavocedelpaese.info\/index.php\/2021\/06\/18\/riparte-oggi-la-qcarovana-della-prevenzioneq-della-qsusan-g-komen-italiaq\/\" \/>\n<meta property=\"og:locale\" content=\"it_IT\" \/>\n<meta property=\"og:type\" content=\"article\" \/>\n<meta property=\"og:title\" content=\"Riparte la &quot;Carovana della Prevenzione&quot; della &quot;Susan G.K.&quot; - Archivio CassanoWeb\" \/>\n<meta property=\"og:url\" content=\"https:\/\/archiviocassano.lavocedelpaese.info\/index.php\/2021\/06\/18\/riparte-oggi-la-qcarovana-della-prevenzioneq-della-qsusan-g-komen-italiaq\/\" \/>\n<meta property=\"og:site_name\" content=\"Archivio CassanoWeb\" \/>\n<meta property=\"article:publisher\" content=\"https:\/\/www.facebook.com\/redazione.cassanoweb\" \/>\n<meta property=\"article:published_time\" content=\"2021-06-18T06:55:42+00:00\" \/>\n<meta property=\"og:image\" content=\"https:\/\/live.staticflickr.com\/65535\/51253809692_ba5c8a9098_z.jpg\" \/>\n<meta name=\"author\" content=\"admin\" \/>\n<meta name=\"twitter:card\" content=\"summary_large_image\" \/>\n<meta name=\"twitter:label1\" content=\"Scritto da\" \/>\n\t<meta name=\"twitter:data1\" content=\"admin\" \/>\n\t<meta name=\"twitter:label2\" content=\"Tempo di lettura stimato\" \/>\n\t<meta name=\"twitter:data2\" content=\"5 minuti\" \/>\n<script type=\"application\/ld+json\" class=\"yoast-schema-graph\">{\"@context\":\"https:\\\/\\\/schema.org\",\"@graph\":[{\"@type\":\"Article\",\"@id\":\"https:\\\/\\\/archiviocassano.lavocedelpaese.info\\\/index.php\\\/2021\\\/06\\\/18\\\/riparte-oggi-la-qcarovana-della-prevenzioneq-della-qsusan-g-komen-italiaq\\\/#article\",\"isPartOf\":{\"@id\":\"https:\\\/\\\/archiviocassano.lavocedelpaese.info\\\/index.php\\\/2021\\\/06\\\/18\\\/riparte-oggi-la-qcarovana-della-prevenzioneq-della-qsusan-g-komen-italiaq\\\/\"},\"author\":{\"name\":\"admin\",\"@id\":\"https:\\\/\\\/archiviocassano.lavocedelpaese.info\\\/#\\\/schema\\\/person\\\/df195bc79a9b4c35127cf005f92e041b\"},\"headline\":\"Riparte la &#8220;Carovana della Prevenzione&#8221; della &#8220;Susan G.K.&#8221;\",\"datePublished\":\"2021-06-18T06:55:42+00:00\",\"mainEntityOfPage\":{\"@id\":\"https:\\\/\\\/archiviocassano.lavocedelpaese.info\\\/index.php\\\/2021\\\/06\\\/18\\\/riparte-oggi-la-qcarovana-della-prevenzioneq-della-qsusan-g-komen-italiaq\\\/\"},\"wordCount\":939,\"commentCount\":0,\"publisher\":{\"@id\":\"https:\\\/\\\/archiviocassano.lavocedelpaese.info\\\/#organization\"},\"image\":{\"@id\":\"https:\\\/\\\/archiviocassano.lavocedelpaese.info\\\/index.php\\\/2021\\\/06\\\/18\\\/riparte-oggi-la-qcarovana-della-prevenzioneq-della-qsusan-g-komen-italiaq\\\/#primaryimage\"},\"thumbnailUrl\":\"https:\\\/\\\/live.staticflickr.com\\\/65535\\\/51253809692_ba5c8a9098_z.jpg\",\"articleSection\":[\"Attualit\u00e0\"],\"inLanguage\":\"it-IT\",\"potentialAction\":[{\"@type\":\"CommentAction\",\"name\":\"Comment\",\"target\":[\"https:\\\/\\\/archiviocassano.lavocedelpaese.info\\\/index.php\\\/2021\\\/06\\\/18\\\/riparte-oggi-la-qcarovana-della-prevenzioneq-della-qsusan-g-komen-italiaq\\\/#respond\"]}]},{\"@type\":\"WebPage\",\"@id\":\"https:\\\/\\\/archiviocassano.lavocedelpaese.info\\\/index.php\\\/2021\\\/06\\\/18\\\/riparte-oggi-la-qcarovana-della-prevenzioneq-della-qsusan-g-komen-italiaq\\\/\",\"url\":\"https:\\\/\\\/archiviocassano.lavocedelpaese.info\\\/index.php\\\/2021\\\/06\\\/18\\\/riparte-oggi-la-qcarovana-della-prevenzioneq-della-qsusan-g-komen-italiaq\\\/\",\"name\":\"Riparte la \\\"Carovana della Prevenzione\\\" della \\\"Susan G.K.\\\" - Archivio CassanoWeb\",\"isPartOf\":{\"@id\":\"https:\\\/\\\/archiviocassano.lavocedelpaese.info\\\/#website\"},\"primaryImageOfPage\":{\"@id\":\"https:\\\/\\\/archiviocassano.lavocedelpaese.info\\\/index.php\\\/2021\\\/06\\\/18\\\/riparte-oggi-la-qcarovana-della-prevenzioneq-della-qsusan-g-komen-italiaq\\\/#primaryimage\"},\"image\":{\"@id\":\"https:\\\/\\\/archiviocassano.lavocedelpaese.info\\\/index.php\\\/2021\\\/06\\\/18\\\/riparte-oggi-la-qcarovana-della-prevenzioneq-della-qsusan-g-komen-italiaq\\\/#primaryimage\"},\"thumbnailUrl\":\"https:\\\/\\\/live.staticflickr.com\\\/65535\\\/51253809692_ba5c8a9098_z.jpg\",\"datePublished\":\"2021-06-18T06:55:42+00:00\",\"breadcrumb\":{\"@id\":\"https:\\\/\\\/archiviocassano.lavocedelpaese.info\\\/index.php\\\/2021\\\/06\\\/18\\\/riparte-oggi-la-qcarovana-della-prevenzioneq-della-qsusan-g-komen-italiaq\\\/#breadcrumb\"},\"inLanguage\":\"it-IT\",\"potentialAction\":[{\"@type\":\"ReadAction\",\"target\":[\"https:\\\/\\\/archiviocassano.lavocedelpaese.info\\\/index.php\\\/2021\\\/06\\\/18\\\/riparte-oggi-la-qcarovana-della-prevenzioneq-della-qsusan-g-komen-italiaq\\\/\"]}]},{\"@type\":\"ImageObject\",\"inLanguage\":\"it-IT\",\"@id\":\"https:\\\/\\\/archiviocassano.lavocedelpaese.info\\\/index.php\\\/2021\\\/06\\\/18\\\/riparte-oggi-la-qcarovana-della-prevenzioneq-della-qsusan-g-komen-italiaq\\\/#primaryimage\",\"url\":\"https:\\\/\\\/live.staticflickr.com\\\/65535\\\/51253809692_ba5c8a9098_z.jpg\",\"contentUrl\":\"https:\\\/\\\/live.staticflickr.com\\\/65535\\\/51253809692_ba5c8a9098_z.jpg\"},{\"@type\":\"BreadcrumbList\",\"@id\":\"https:\\\/\\\/archiviocassano.lavocedelpaese.info\\\/index.php\\\/2021\\\/06\\\/18\\\/riparte-oggi-la-qcarovana-della-prevenzioneq-della-qsusan-g-komen-italiaq\\\/#breadcrumb\",\"itemListElement\":[{\"@type\":\"ListItem\",\"position\":1,\"name\":\"Home\",\"item\":\"https:\\\/\\\/archiviocassano.lavocedelpaese.info\\\/\"},{\"@type\":\"ListItem\",\"position\":2,\"name\":\"Riparte la &#8220;Carovana della Prevenzione&#8221; della &#8220;Susan G.K.&#8221;\"}]},{\"@type\":\"WebSite\",\"@id\":\"https:\\\/\\\/archiviocassano.lavocedelpaese.info\\\/#website\",\"url\":\"https:\\\/\\\/archiviocassano.lavocedelpaese.info\\\/\",\"name\":\"Archivio CassanoWeb\",\"description\":\"La Voce del Paese - un network di idee\",\"publisher\":{\"@id\":\"https:\\\/\\\/archiviocassano.lavocedelpaese.info\\\/#organization\"},\"potentialAction\":[{\"@type\":\"SearchAction\",\"target\":{\"@type\":\"EntryPoint\",\"urlTemplate\":\"https:\\\/\\\/archiviocassano.lavocedelpaese.info\\\/?s={search_term_string}\"},\"query-input\":{\"@type\":\"PropertyValueSpecification\",\"valueRequired\":true,\"valueName\":\"search_term_string\"}}],\"inLanguage\":\"it-IT\"},{\"@type\":\"Organization\",\"@id\":\"https:\\\/\\\/archiviocassano.lavocedelpaese.info\\\/#organization\",\"name\":\"Archivio CassanoWeb\",\"url\":\"https:\\\/\\\/archiviocassano.lavocedelpaese.info\\\/\",\"logo\":{\"@type\":\"ImageObject\",\"inLanguage\":\"it-IT\",\"@id\":\"https:\\\/\\\/archiviocassano.lavocedelpaese.info\\\/#\\\/schema\\\/logo\\\/image\\\/\",\"url\":\"https:\\\/\\\/archiviocassano.lavocedelpaese.info\\\/wp-content\\\/uploads\\\/2024\\\/08\\\/logo-rosso-2.png\",\"contentUrl\":\"https:\\\/\\\/archiviocassano.lavocedelpaese.info\\\/wp-content\\\/uploads\\\/2024\\\/08\\\/logo-rosso-2.png\",\"width\":491,\"height\":432,\"caption\":\"Archivio CassanoWeb\"},\"image\":{\"@id\":\"https:\\\/\\\/archiviocassano.lavocedelpaese.info\\\/#\\\/schema\\\/logo\\\/image\\\/\"},\"sameAs\":[\"https:\\\/\\\/www.facebook.com\\\/redazione.cassanoweb\"]},{\"@type\":\"Person\",\"@id\":\"https:\\\/\\\/archiviocassano.lavocedelpaese.info\\\/#\\\/schema\\\/person\\\/df195bc79a9b4c35127cf005f92e041b\",\"name\":\"admin\",\"image\":{\"@type\":\"ImageObject\",\"inLanguage\":\"it-IT\",\"@id\":\"https:\\\/\\\/secure.gravatar.com\\\/avatar\\\/eabba89a432e8eaa1b0207cc55f7e5340b22712b1ed80677efcf63e02ff5b235?s=96&d=mm&r=g\",\"url\":\"https:\\\/\\\/secure.gravatar.com\\\/avatar\\\/eabba89a432e8eaa1b0207cc55f7e5340b22712b1ed80677efcf63e02ff5b235?s=96&d=mm&r=g\",\"contentUrl\":\"https:\\\/\\\/secure.gravatar.com\\\/avatar\\\/eabba89a432e8eaa1b0207cc55f7e5340b22712b1ed80677efcf63e02ff5b235?s=96&d=mm&r=g\",\"caption\":\"admin\"},\"sameAs\":[\"https:\\\/\\\/archiviocassano.lavocedelpaese.info\"],\"url\":\"https:\\\/\\\/archiviocassano.lavocedelpaese.info\\\/index.php\\\/author\\\/admin_0qgz1xdp\\\/\"}]}<\/script>\n<!-- \/ Yoast SEO plugin. -->","yoast_head_json":{"title":"Riparte la \"Carovana della Prevenzione\" della \"Susan G.K.\" - Archivio CassanoWeb","robots":{"index":"index","follow":"follow","max-snippet":"max-snippet:-1","max-image-preview":"max-image-preview:large","max-video-preview":"max-video-preview:-1"},"canonical":"https:\/\/archiviocassano.lavocedelpaese.info\/index.php\/2021\/06\/18\/riparte-oggi-la-qcarovana-della-prevenzioneq-della-qsusan-g-komen-italiaq\/","og_locale":"it_IT","og_type":"article","og_title":"Riparte la \"Carovana della Prevenzione\" della \"Susan G.K.\" - Archivio CassanoWeb","og_url":"https:\/\/archiviocassano.lavocedelpaese.info\/index.php\/2021\/06\/18\/riparte-oggi-la-qcarovana-della-prevenzioneq-della-qsusan-g-komen-italiaq\/","og_site_name":"Archivio CassanoWeb","article_publisher":"https:\/\/www.facebook.com\/redazione.cassanoweb","article_published_time":"2021-06-18T06:55:42+00:00","og_image":[{"url":"https:\/\/live.staticflickr.com\/65535\/51253809692_ba5c8a9098_z.jpg","type":"","width":"","height":""}],"author":"admin","twitter_card":"summary_large_image","twitter_misc":{"Scritto da":"admin","Tempo di lettura stimato":"5 minuti"},"schema":{"@context":"https:\/\/schema.org","@graph":[{"@type":"Article","@id":"https:\/\/archiviocassano.lavocedelpaese.info\/index.php\/2021\/06\/18\/riparte-oggi-la-qcarovana-della-prevenzioneq-della-qsusan-g-komen-italiaq\/#article","isPartOf":{"@id":"https:\/\/archiviocassano.lavocedelpaese.info\/index.php\/2021\/06\/18\/riparte-oggi-la-qcarovana-della-prevenzioneq-della-qsusan-g-komen-italiaq\/"},"author":{"name":"admin","@id":"https:\/\/archiviocassano.lavocedelpaese.info\/#\/schema\/person\/df195bc79a9b4c35127cf005f92e041b"},"headline":"Riparte la &#8220;Carovana della Prevenzione&#8221; della &#8220;Susan G.K.&#8221;","datePublished":"2021-06-18T06:55:42+00:00","mainEntityOfPage":{"@id":"https:\/\/archiviocassano.lavocedelpaese.info\/index.php\/2021\/06\/18\/riparte-oggi-la-qcarovana-della-prevenzioneq-della-qsusan-g-komen-italiaq\/"},"wordCount":939,"commentCount":0,"publisher":{"@id":"https:\/\/archiviocassano.lavocedelpaese.info\/#organization"},"image":{"@id":"https:\/\/archiviocassano.lavocedelpaese.info\/index.php\/2021\/06\/18\/riparte-oggi-la-qcarovana-della-prevenzioneq-della-qsusan-g-komen-italiaq\/#primaryimage"},"thumbnailUrl":"https:\/\/live.staticflickr.com\/65535\/51253809692_ba5c8a9098_z.jpg","articleSection":["Attualit\u00e0"],"inLanguage":"it-IT","potentialAction":[{"@type":"CommentAction","name":"Comment","target":["https:\/\/archiviocassano.lavocedelpaese.info\/index.php\/2021\/06\/18\/riparte-oggi-la-qcarovana-della-prevenzioneq-della-qsusan-g-komen-italiaq\/#respond"]}]},{"@type":"WebPage","@id":"https:\/\/archiviocassano.lavocedelpaese.info\/index.php\/2021\/06\/18\/riparte-oggi-la-qcarovana-della-prevenzioneq-della-qsusan-g-komen-italiaq\/","url":"https:\/\/archiviocassano.lavocedelpaese.info\/index.php\/2021\/06\/18\/riparte-oggi-la-qcarovana-della-prevenzioneq-della-qsusan-g-komen-italiaq\/","name":"Riparte la \"Carovana della Prevenzione\" della \"Susan G.K.\" - Archivio CassanoWeb","isPartOf":{"@id":"https:\/\/archiviocassano.lavocedelpaese.info\/#website"},"primaryImageOfPage":{"@id":"https:\/\/archiviocassano.lavocedelpaese.info\/index.php\/2021\/06\/18\/riparte-oggi-la-qcarovana-della-prevenzioneq-della-qsusan-g-komen-italiaq\/#primaryimage"},"image":{"@id":"https:\/\/archiviocassano.lavocedelpaese.info\/index.php\/2021\/06\/18\/riparte-oggi-la-qcarovana-della-prevenzioneq-della-qsusan-g-komen-italiaq\/#primaryimage"},"thumbnailUrl":"https:\/\/live.staticflickr.com\/65535\/51253809692_ba5c8a9098_z.jpg","datePublished":"2021-06-18T06:55:42+00:00","breadcrumb":{"@id":"https:\/\/archiviocassano.lavocedelpaese.info\/index.php\/2021\/06\/18\/riparte-oggi-la-qcarovana-della-prevenzioneq-della-qsusan-g-komen-italiaq\/#breadcrumb"},"inLanguage":"it-IT","potentialAction":[{"@type":"ReadAction","target":["https:\/\/archiviocassano.lavocedelpaese.info\/index.php\/2021\/06\/18\/riparte-oggi-la-qcarovana-della-prevenzioneq-della-qsusan-g-komen-italiaq\/"]}]},{"@type":"ImageObject","inLanguage":"it-IT","@id":"https:\/\/archiviocassano.lavocedelpaese.info\/index.php\/2021\/06\/18\/riparte-oggi-la-qcarovana-della-prevenzioneq-della-qsusan-g-komen-italiaq\/#primaryimage","url":"https:\/\/live.staticflickr.com\/65535\/51253809692_ba5c8a9098_z.jpg","contentUrl":"https:\/\/live.staticflickr.com\/65535\/51253809692_ba5c8a9098_z.jpg"},{"@type":"BreadcrumbList","@id":"https:\/\/archiviocassano.lavocedelpaese.info\/index.php\/2021\/06\/18\/riparte-oggi-la-qcarovana-della-prevenzioneq-della-qsusan-g-komen-italiaq\/#breadcrumb","itemListElement":[{"@type":"ListItem","position":1,"name":"Home","item":"https:\/\/archiviocassano.lavocedelpaese.info\/"},{"@type":"ListItem","position":2,"name":"Riparte la &#8220;Carovana della Prevenzione&#8221; della &#8220;Susan G.K.&#8221;"}]},{"@type":"WebSite","@id":"https:\/\/archiviocassano.lavocedelpaese.info\/#website","url":"https:\/\/archiviocassano.lavocedelpaese.info\/","name":"Archivio CassanoWeb","description":"La Voce del Paese - un network di idee","publisher":{"@id":"https:\/\/archiviocassano.lavocedelpaese.info\/#organization"},"potentialAction":[{"@type":"SearchAction","target":{"@type":"EntryPoint","urlTemplate":"https:\/\/archiviocassano.lavocedelpaese.info\/?s={search_term_string}"},"query-input":{"@type":"PropertyValueSpecification","valueRequired":true,"valueName":"search_term_string"}}],"inLanguage":"it-IT"},{"@type":"Organization","@id":"https:\/\/archiviocassano.lavocedelpaese.info\/#organization","name":"Archivio CassanoWeb","url":"https:\/\/archiviocassano.lavocedelpaese.info\/","logo":{"@type":"ImageObject","inLanguage":"it-IT","@id":"https:\/\/archiviocassano.lavocedelpaese.info\/#\/schema\/logo\/image\/","url":"https:\/\/archiviocassano.lavocedelpaese.info\/wp-content\/uploads\/2024\/08\/logo-rosso-2.png","contentUrl":"https:\/\/archiviocassano.lavocedelpaese.info\/wp-content\/uploads\/2024\/08\/logo-rosso-2.png","width":491,"height":432,"caption":"Archivio CassanoWeb"},"image":{"@id":"https:\/\/archiviocassano.lavocedelpaese.info\/#\/schema\/logo\/image\/"},"sameAs":["https:\/\/www.facebook.com\/redazione.cassanoweb"]},{"@type":"Person","@id":"https:\/\/archiviocassano.lavocedelpaese.info\/#\/schema\/person\/df195bc79a9b4c35127cf005f92e041b","name":"admin","image":{"@type":"ImageObject","inLanguage":"it-IT","@id":"https:\/\/secure.gravatar.com\/avatar\/eabba89a432e8eaa1b0207cc55f7e5340b22712b1ed80677efcf63e02ff5b235?s=96&d=mm&r=g","url":"https:\/\/secure.gravatar.com\/avatar\/eabba89a432e8eaa1b0207cc55f7e5340b22712b1ed80677efcf63e02ff5b235?s=96&d=mm&r=g","contentUrl":"https:\/\/secure.gravatar.com\/avatar\/eabba89a432e8eaa1b0207cc55f7e5340b22712b1ed80677efcf63e02ff5b235?s=96&d=mm&r=g","caption":"admin"},"sameAs":["https:\/\/archiviocassano.lavocedelpaese.info"],"url":"https:\/\/archiviocassano.lavocedelpaese.info\/index.php\/author\/admin_0qgz1xdp\/"}]}},"_links":{"self":[{"href":"https:\/\/archiviocassano.lavocedelpaese.info\/index.php\/wp-json\/wp\/v2\/posts\/19276","targetHints":{"allow":["GET"]}}],"collection":[{"href":"https:\/\/archiviocassano.lavocedelpaese.info\/index.php\/wp-json\/wp\/v2\/posts"}],"about":[{"href":"https:\/\/archiviocassano.lavocedelpaese.info\/index.php\/wp-json\/wp\/v2\/types\/post"}],"author":[{"embeddable":true,"href":"https:\/\/archiviocassano.lavocedelpaese.info\/index.php\/wp-json\/wp\/v2\/users\/1"}],"replies":[{"embeddable":true,"href":"https:\/\/archiviocassano.lavocedelpaese.info\/index.php\/wp-json\/wp\/v2\/comments?post=19276"}],"version-history":[{"count":0,"href":"https:\/\/archiviocassano.lavocedelpaese.info\/index.php\/wp-json\/wp\/v2\/posts\/19276\/revisions"}],"wp:attachment":[{"href":"https:\/\/archiviocassano.lavocedelpaese.info\/index.php\/wp-json\/wp\/v2\/media?parent=19276"}],"wp:term":[{"taxonomy":"category","embeddable":true,"href":"https:\/\/archiviocassano.lavocedelpaese.info\/index.php\/wp-json\/wp\/v2\/categories?post=19276"},{"taxonomy":"post_tag","embeddable":true,"href":"https:\/\/archiviocassano.lavocedelpaese.info\/index.php\/wp-json\/wp\/v2\/tags?post=19276"}],"curies":[{"name":"wp","href":"https:\/\/api.w.org\/{rel}","templated":true}]}}