{"id":19296,"date":"2021-07-05T16:25:10","date_gmt":"2021-07-05T16:25:10","guid":{"rendered":"https:\/\/archiviocassano.lavocedelpaese.info\/index.php\/2021\/07\/05\/drammatica-situazione-al-piano-di-zona-a-rischio-i-servizi-essenziali-di-assistenza\/"},"modified":"2021-07-05T16:25:10","modified_gmt":"2021-07-05T16:25:10","slug":"drammatica-situazione-al-piano-di-zona-a-rischio-i-servizi-essenziali-di-assistenza","status":"publish","type":"post","link":"https:\/\/archiviocassano.lavocedelpaese.info\/index.php\/2021\/07\/05\/drammatica-situazione-al-piano-di-zona-a-rischio-i-servizi-essenziali-di-assistenza\/","title":{"rendered":"Drammatica situazione al Piano di Zona"},"content":{"rendered":"<p style=\"text-align: center;\"><a data-flickr-embed=\"true\" href=\"https:\/\/www.flickr.com\/photos\/184752021@N05\/49247798928\/in\/photostream\/\" title=\"Ambito Territoriale 5 Asl\"><img loading=\"lazy\" decoding=\"async\" src=\"https:\/\/live.staticflickr.com\/65535\/49247798928_a2f1fc50c2.jpg\" width=\"320\" height=\"150\" alt=\"Ambito Territoriale 5 Asl\" \/><\/a><\/p>\n<p><!--more--><\/p>\n<p>&nbsp;<\/p>\n<p style=\"text-align: justify;\">Sempre pi\u00f9 caotica la situazione al Piano Sociale di Zona, l\u2019insieme dei Comuni \u2013 fra cui quello di Cassano delle Murge \u2013 che garantisce i servizi assistenziali e sociali al territorio. Un caos che rischia di travolgere le fasce pi\u00f9 deboli, indifese e bisognose della popolazione del PUA n. 5.<\/p>\n<p style=\"text-align: justify;\">Il Comune di Grumo Appula, che funge da capofila, non riesce a sbrogliare la matassa delle assunzioni delle Assistenti sociali chiamate \u201ca contratto\u201d utilizzando il cosiddetto \u201cfondo povert\u00e0\u201d i cui effetti si sono conclusi il 30 giugno scorso. Queste operatrici, infatti, sono essenziali per garantire ai singoli Comuni la continuit\u00e0 nella predisposizione dell\u2019erogazione dei servizi di contrasto alla povert\u00e0 perch\u00e9 il personale addetto \u00e8 assolutamente sottodimensionato rispetto alle necessit\u00e0 e dunque le Assistenti sociali riuscivano in parte a colmare quelle lacune.<\/p>\n<p style=\"text-align: justify;\">A Cassano, ad esempio, c\u2019\u00e8 una sola Assistente sociale coadiuvata da un impiegata che deve sopperire ad una serie infinita di incombenze, dentro e fuori dal Comune e spesso l\u2019erogazione dei servizi, la presentazione di progetti, il reperimento di risorse che potrebbero essere utili alla collettivit\u00e0, arranca proprio per la carenza di personale.<\/p>\n<p style=\"text-align: justify;\">La situazione sembrava essersi sbloccata nei giorni scorsi, con la proroga dei contratti delle Assistenti sociali ma \u2013 almeno per il nostro Comune \u2013 cos\u00ec non \u00e8 stato perch\u00e9 l\u2019Ufficio di Piano pare abbia obiettato sulla corretta modalit\u00e0 della applicazione del contratto: l\u2019Amministrazione comunale grumese, gi\u00e0 in dissesto finanziario acclarato dall\u2019ottobre 2020, teme che le Assistenti sociali possano ricadere nella spesa per il personale del Comune capofila, che non potrebbe sopportarla e chiede alle singole Amministrazione di farsene carico loro. Un tira-e-molla che nei giorni scorsi ha coinvolto anche i sindacati, allarmati sia per la mancanza di chiarezza nelle disposizioni dei Comuni che per il futuro del Piano di Zona n. 5, mai brillato per trasparenza ed efficienza ma oggi ancor di pi\u00f9 a rischio nell\u2019erogare i servizi.<\/p>\n<p style=\"text-align: justify;\">Di fronte, invece, ci sono intere fette di popolazione che ha estremo bisogno, piegata anche dall\u2019emergenza Covid-19 cui a stento si \u00e8 riusciti a far fronte, tamponando qui e l\u00e0 le emergenze.<\/p>\n<p style=\"text-align: justify;\">Una situazione, per\u00f2, non pi\u00f9 sostenibile.<\/p>\n<p style=\"text-align: justify;\">Si pensi, ad esempio, ai servizi a favore delle donne vittime di violenza. L\u2019avv. Raffaelle Casamassima, Presidente di \u201cNo more-difesa donna\u201d, l\u2019associazione cassanese che sul nostro territorio si occupa del primo ascolto nei casi di maltrattamento e violenza sulle donne, \u00e8 molto preoccupata: \u201cSi rischia, se si continua cos\u00ec, che le strutture che offrivano assistenza e tutela non&nbsp; possano pi\u00f9 garantire i servizi minimi dato che il PUA non&nbsp; eroga pi\u00f9 i fondi necessari al mantenimento di questa rete di assistenza\u201d, nonostante, aggiungiamo noi, i casi di violenza domestica siano aumentati durante i periodi di \u201cchiusura totale\u201d dovuta alla pandemia\u201d<\/p>\n<p style=\"text-align: justify;\">Ma rischiano anche tanti altri servizi a favore dei minori, dell\u2019assistenza agli anziani, per i pi\u00f9 bisognosi.<\/p>\n<p style=\"text-align: justify;\">Una burocrazia che ancora una volta sembra essere non pi\u00f9 al servizio del cittadino e dei suoi bisogni ma a perpetuare, fine a se stessa, posizioni di rendita e di potere.<\/p>\n<p>&nbsp;<\/p>\n<p>&nbsp;<\/p>\n","protected":false},"excerpt":{"rendered":"","protected":false},"author":1,"featured_media":0,"comment_status":"open","ping_status":"closed","sticky":false,"template":"","format":"standard","meta":{"colormag_page_container_layout":"default_layout","colormag_page_sidebar_layout":"default_layout","footnotes":""},"categories":[7],"tags":[],"class_list":["post-19296","post","type-post","status-publish","format-standard","hentry","category-attualita"],"yoast_head":"<!-- This site is optimized with the Yoast SEO plugin v27.5 - https:\/\/yoast.com\/product\/yoast-seo-wordpress\/ -->\n<title>Drammatica situazione al Piano di Zona - Archivio CassanoWeb<\/title>\n<meta name=\"robots\" content=\"index, follow, max-snippet:-1, max-image-preview:large, max-video-preview:-1\" \/>\n<link rel=\"canonical\" href=\"https:\/\/archiviocassano.lavocedelpaese.info\/index.php\/2021\/07\/05\/drammatica-situazione-al-piano-di-zona-a-rischio-i-servizi-essenziali-di-assistenza\/\" \/>\n<meta property=\"og:locale\" content=\"it_IT\" \/>\n<meta property=\"og:type\" content=\"article\" \/>\n<meta property=\"og:title\" content=\"Drammatica situazione al Piano di Zona - Archivio CassanoWeb\" \/>\n<meta property=\"og:url\" content=\"https:\/\/archiviocassano.lavocedelpaese.info\/index.php\/2021\/07\/05\/drammatica-situazione-al-piano-di-zona-a-rischio-i-servizi-essenziali-di-assistenza\/\" \/>\n<meta property=\"og:site_name\" content=\"Archivio CassanoWeb\" \/>\n<meta property=\"article:publisher\" content=\"https:\/\/www.facebook.com\/redazione.cassanoweb\" \/>\n<meta property=\"article:published_time\" content=\"2021-07-05T16:25:10+00:00\" \/>\n<meta property=\"og:image\" content=\"https:\/\/live.staticflickr.com\/65535\/49247798928_a2f1fc50c2.jpg\" \/>\n<meta name=\"author\" content=\"admin\" \/>\n<meta name=\"twitter:card\" content=\"summary_large_image\" \/>\n<meta name=\"twitter:label1\" content=\"Scritto da\" \/>\n\t<meta name=\"twitter:data1\" content=\"admin\" \/>\n\t<meta name=\"twitter:label2\" content=\"Tempo di lettura stimato\" \/>\n\t<meta name=\"twitter:data2\" content=\"3 minuti\" \/>\n<script type=\"application\/ld+json\" class=\"yoast-schema-graph\">{\"@context\":\"https:\\\/\\\/schema.org\",\"@graph\":[{\"@type\":\"Article\",\"@id\":\"https:\\\/\\\/archiviocassano.lavocedelpaese.info\\\/index.php\\\/2021\\\/07\\\/05\\\/drammatica-situazione-al-piano-di-zona-a-rischio-i-servizi-essenziali-di-assistenza\\\/#article\",\"isPartOf\":{\"@id\":\"https:\\\/\\\/archiviocassano.lavocedelpaese.info\\\/index.php\\\/2021\\\/07\\\/05\\\/drammatica-situazione-al-piano-di-zona-a-rischio-i-servizi-essenziali-di-assistenza\\\/\"},\"author\":{\"name\":\"admin\",\"@id\":\"https:\\\/\\\/archiviocassano.lavocedelpaese.info\\\/#\\\/schema\\\/person\\\/df195bc79a9b4c35127cf005f92e041b\"},\"headline\":\"Drammatica situazione al Piano di Zona\",\"datePublished\":\"2021-07-05T16:25:10+00:00\",\"mainEntityOfPage\":{\"@id\":\"https:\\\/\\\/archiviocassano.lavocedelpaese.info\\\/index.php\\\/2021\\\/07\\\/05\\\/drammatica-situazione-al-piano-di-zona-a-rischio-i-servizi-essenziali-di-assistenza\\\/\"},\"wordCount\":508,\"commentCount\":0,\"publisher\":{\"@id\":\"https:\\\/\\\/archiviocassano.lavocedelpaese.info\\\/#organization\"},\"image\":{\"@id\":\"https:\\\/\\\/archiviocassano.lavocedelpaese.info\\\/index.php\\\/2021\\\/07\\\/05\\\/drammatica-situazione-al-piano-di-zona-a-rischio-i-servizi-essenziali-di-assistenza\\\/#primaryimage\"},\"thumbnailUrl\":\"https:\\\/\\\/live.staticflickr.com\\\/65535\\\/49247798928_a2f1fc50c2.jpg\",\"articleSection\":[\"Attualit\u00e0\"],\"inLanguage\":\"it-IT\",\"potentialAction\":[{\"@type\":\"CommentAction\",\"name\":\"Comment\",\"target\":[\"https:\\\/\\\/archiviocassano.lavocedelpaese.info\\\/index.php\\\/2021\\\/07\\\/05\\\/drammatica-situazione-al-piano-di-zona-a-rischio-i-servizi-essenziali-di-assistenza\\\/#respond\"]}]},{\"@type\":\"WebPage\",\"@id\":\"https:\\\/\\\/archiviocassano.lavocedelpaese.info\\\/index.php\\\/2021\\\/07\\\/05\\\/drammatica-situazione-al-piano-di-zona-a-rischio-i-servizi-essenziali-di-assistenza\\\/\",\"url\":\"https:\\\/\\\/archiviocassano.lavocedelpaese.info\\\/index.php\\\/2021\\\/07\\\/05\\\/drammatica-situazione-al-piano-di-zona-a-rischio-i-servizi-essenziali-di-assistenza\\\/\",\"name\":\"Drammatica situazione al Piano di Zona - Archivio CassanoWeb\",\"isPartOf\":{\"@id\":\"https:\\\/\\\/archiviocassano.lavocedelpaese.info\\\/#website\"},\"primaryImageOfPage\":{\"@id\":\"https:\\\/\\\/archiviocassano.lavocedelpaese.info\\\/index.php\\\/2021\\\/07\\\/05\\\/drammatica-situazione-al-piano-di-zona-a-rischio-i-servizi-essenziali-di-assistenza\\\/#primaryimage\"},\"image\":{\"@id\":\"https:\\\/\\\/archiviocassano.lavocedelpaese.info\\\/index.php\\\/2021\\\/07\\\/05\\\/drammatica-situazione-al-piano-di-zona-a-rischio-i-servizi-essenziali-di-assistenza\\\/#primaryimage\"},\"thumbnailUrl\":\"https:\\\/\\\/live.staticflickr.com\\\/65535\\\/49247798928_a2f1fc50c2.jpg\",\"datePublished\":\"2021-07-05T16:25:10+00:00\",\"breadcrumb\":{\"@id\":\"https:\\\/\\\/archiviocassano.lavocedelpaese.info\\\/index.php\\\/2021\\\/07\\\/05\\\/drammatica-situazione-al-piano-di-zona-a-rischio-i-servizi-essenziali-di-assistenza\\\/#breadcrumb\"},\"inLanguage\":\"it-IT\",\"potentialAction\":[{\"@type\":\"ReadAction\",\"target\":[\"https:\\\/\\\/archiviocassano.lavocedelpaese.info\\\/index.php\\\/2021\\\/07\\\/05\\\/drammatica-situazione-al-piano-di-zona-a-rischio-i-servizi-essenziali-di-assistenza\\\/\"]}]},{\"@type\":\"ImageObject\",\"inLanguage\":\"it-IT\",\"@id\":\"https:\\\/\\\/archiviocassano.lavocedelpaese.info\\\/index.php\\\/2021\\\/07\\\/05\\\/drammatica-situazione-al-piano-di-zona-a-rischio-i-servizi-essenziali-di-assistenza\\\/#primaryimage\",\"url\":\"https:\\\/\\\/live.staticflickr.com\\\/65535\\\/49247798928_a2f1fc50c2.jpg\",\"contentUrl\":\"https:\\\/\\\/live.staticflickr.com\\\/65535\\\/49247798928_a2f1fc50c2.jpg\"},{\"@type\":\"BreadcrumbList\",\"@id\":\"https:\\\/\\\/archiviocassano.lavocedelpaese.info\\\/index.php\\\/2021\\\/07\\\/05\\\/drammatica-situazione-al-piano-di-zona-a-rischio-i-servizi-essenziali-di-assistenza\\\/#breadcrumb\",\"itemListElement\":[{\"@type\":\"ListItem\",\"position\":1,\"name\":\"Home\",\"item\":\"https:\\\/\\\/archiviocassano.lavocedelpaese.info\\\/\"},{\"@type\":\"ListItem\",\"position\":2,\"name\":\"Drammatica situazione al Piano di Zona\"}]},{\"@type\":\"WebSite\",\"@id\":\"https:\\\/\\\/archiviocassano.lavocedelpaese.info\\\/#website\",\"url\":\"https:\\\/\\\/archiviocassano.lavocedelpaese.info\\\/\",\"name\":\"Archivio CassanoWeb\",\"description\":\"La Voce del Paese - un network di idee\",\"publisher\":{\"@id\":\"https:\\\/\\\/archiviocassano.lavocedelpaese.info\\\/#organization\"},\"potentialAction\":[{\"@type\":\"SearchAction\",\"target\":{\"@type\":\"EntryPoint\",\"urlTemplate\":\"https:\\\/\\\/archiviocassano.lavocedelpaese.info\\\/?s={search_term_string}\"},\"query-input\":{\"@type\":\"PropertyValueSpecification\",\"valueRequired\":true,\"valueName\":\"search_term_string\"}}],\"inLanguage\":\"it-IT\"},{\"@type\":\"Organization\",\"@id\":\"https:\\\/\\\/archiviocassano.lavocedelpaese.info\\\/#organization\",\"name\":\"Archivio CassanoWeb\",\"url\":\"https:\\\/\\\/archiviocassano.lavocedelpaese.info\\\/\",\"logo\":{\"@type\":\"ImageObject\",\"inLanguage\":\"it-IT\",\"@id\":\"https:\\\/\\\/archiviocassano.lavocedelpaese.info\\\/#\\\/schema\\\/logo\\\/image\\\/\",\"url\":\"https:\\\/\\\/archiviocassano.lavocedelpaese.info\\\/wp-content\\\/uploads\\\/2024\\\/08\\\/logo-rosso-2.png\",\"contentUrl\":\"https:\\\/\\\/archiviocassano.lavocedelpaese.info\\\/wp-content\\\/uploads\\\/2024\\\/08\\\/logo-rosso-2.png\",\"width\":491,\"height\":432,\"caption\":\"Archivio CassanoWeb\"},\"image\":{\"@id\":\"https:\\\/\\\/archiviocassano.lavocedelpaese.info\\\/#\\\/schema\\\/logo\\\/image\\\/\"},\"sameAs\":[\"https:\\\/\\\/www.facebook.com\\\/redazione.cassanoweb\"]},{\"@type\":\"Person\",\"@id\":\"https:\\\/\\\/archiviocassano.lavocedelpaese.info\\\/#\\\/schema\\\/person\\\/df195bc79a9b4c35127cf005f92e041b\",\"name\":\"admin\",\"image\":{\"@type\":\"ImageObject\",\"inLanguage\":\"it-IT\",\"@id\":\"https:\\\/\\\/secure.gravatar.com\\\/avatar\\\/eabba89a432e8eaa1b0207cc55f7e5340b22712b1ed80677efcf63e02ff5b235?s=96&d=mm&r=g\",\"url\":\"https:\\\/\\\/secure.gravatar.com\\\/avatar\\\/eabba89a432e8eaa1b0207cc55f7e5340b22712b1ed80677efcf63e02ff5b235?s=96&d=mm&r=g\",\"contentUrl\":\"https:\\\/\\\/secure.gravatar.com\\\/avatar\\\/eabba89a432e8eaa1b0207cc55f7e5340b22712b1ed80677efcf63e02ff5b235?s=96&d=mm&r=g\",\"caption\":\"admin\"},\"sameAs\":[\"https:\\\/\\\/archiviocassano.lavocedelpaese.info\"],\"url\":\"https:\\\/\\\/archiviocassano.lavocedelpaese.info\\\/index.php\\\/author\\\/admin_0qgz1xdp\\\/\"}]}<\/script>\n<!-- \/ Yoast SEO plugin. -->","yoast_head_json":{"title":"Drammatica situazione al Piano di Zona - Archivio CassanoWeb","robots":{"index":"index","follow":"follow","max-snippet":"max-snippet:-1","max-image-preview":"max-image-preview:large","max-video-preview":"max-video-preview:-1"},"canonical":"https:\/\/archiviocassano.lavocedelpaese.info\/index.php\/2021\/07\/05\/drammatica-situazione-al-piano-di-zona-a-rischio-i-servizi-essenziali-di-assistenza\/","og_locale":"it_IT","og_type":"article","og_title":"Drammatica situazione al Piano di Zona - Archivio CassanoWeb","og_url":"https:\/\/archiviocassano.lavocedelpaese.info\/index.php\/2021\/07\/05\/drammatica-situazione-al-piano-di-zona-a-rischio-i-servizi-essenziali-di-assistenza\/","og_site_name":"Archivio CassanoWeb","article_publisher":"https:\/\/www.facebook.com\/redazione.cassanoweb","article_published_time":"2021-07-05T16:25:10+00:00","og_image":[{"url":"https:\/\/live.staticflickr.com\/65535\/49247798928_a2f1fc50c2.jpg","type":"","width":"","height":""}],"author":"admin","twitter_card":"summary_large_image","twitter_misc":{"Scritto da":"admin","Tempo di lettura stimato":"3 minuti"},"schema":{"@context":"https:\/\/schema.org","@graph":[{"@type":"Article","@id":"https:\/\/archiviocassano.lavocedelpaese.info\/index.php\/2021\/07\/05\/drammatica-situazione-al-piano-di-zona-a-rischio-i-servizi-essenziali-di-assistenza\/#article","isPartOf":{"@id":"https:\/\/archiviocassano.lavocedelpaese.info\/index.php\/2021\/07\/05\/drammatica-situazione-al-piano-di-zona-a-rischio-i-servizi-essenziali-di-assistenza\/"},"author":{"name":"admin","@id":"https:\/\/archiviocassano.lavocedelpaese.info\/#\/schema\/person\/df195bc79a9b4c35127cf005f92e041b"},"headline":"Drammatica situazione al Piano di Zona","datePublished":"2021-07-05T16:25:10+00:00","mainEntityOfPage":{"@id":"https:\/\/archiviocassano.lavocedelpaese.info\/index.php\/2021\/07\/05\/drammatica-situazione-al-piano-di-zona-a-rischio-i-servizi-essenziali-di-assistenza\/"},"wordCount":508,"commentCount":0,"publisher":{"@id":"https:\/\/archiviocassano.lavocedelpaese.info\/#organization"},"image":{"@id":"https:\/\/archiviocassano.lavocedelpaese.info\/index.php\/2021\/07\/05\/drammatica-situazione-al-piano-di-zona-a-rischio-i-servizi-essenziali-di-assistenza\/#primaryimage"},"thumbnailUrl":"https:\/\/live.staticflickr.com\/65535\/49247798928_a2f1fc50c2.jpg","articleSection":["Attualit\u00e0"],"inLanguage":"it-IT","potentialAction":[{"@type":"CommentAction","name":"Comment","target":["https:\/\/archiviocassano.lavocedelpaese.info\/index.php\/2021\/07\/05\/drammatica-situazione-al-piano-di-zona-a-rischio-i-servizi-essenziali-di-assistenza\/#respond"]}]},{"@type":"WebPage","@id":"https:\/\/archiviocassano.lavocedelpaese.info\/index.php\/2021\/07\/05\/drammatica-situazione-al-piano-di-zona-a-rischio-i-servizi-essenziali-di-assistenza\/","url":"https:\/\/archiviocassano.lavocedelpaese.info\/index.php\/2021\/07\/05\/drammatica-situazione-al-piano-di-zona-a-rischio-i-servizi-essenziali-di-assistenza\/","name":"Drammatica situazione al Piano di Zona - Archivio CassanoWeb","isPartOf":{"@id":"https:\/\/archiviocassano.lavocedelpaese.info\/#website"},"primaryImageOfPage":{"@id":"https:\/\/archiviocassano.lavocedelpaese.info\/index.php\/2021\/07\/05\/drammatica-situazione-al-piano-di-zona-a-rischio-i-servizi-essenziali-di-assistenza\/#primaryimage"},"image":{"@id":"https:\/\/archiviocassano.lavocedelpaese.info\/index.php\/2021\/07\/05\/drammatica-situazione-al-piano-di-zona-a-rischio-i-servizi-essenziali-di-assistenza\/#primaryimage"},"thumbnailUrl":"https:\/\/live.staticflickr.com\/65535\/49247798928_a2f1fc50c2.jpg","datePublished":"2021-07-05T16:25:10+00:00","breadcrumb":{"@id":"https:\/\/archiviocassano.lavocedelpaese.info\/index.php\/2021\/07\/05\/drammatica-situazione-al-piano-di-zona-a-rischio-i-servizi-essenziali-di-assistenza\/#breadcrumb"},"inLanguage":"it-IT","potentialAction":[{"@type":"ReadAction","target":["https:\/\/archiviocassano.lavocedelpaese.info\/index.php\/2021\/07\/05\/drammatica-situazione-al-piano-di-zona-a-rischio-i-servizi-essenziali-di-assistenza\/"]}]},{"@type":"ImageObject","inLanguage":"it-IT","@id":"https:\/\/archiviocassano.lavocedelpaese.info\/index.php\/2021\/07\/05\/drammatica-situazione-al-piano-di-zona-a-rischio-i-servizi-essenziali-di-assistenza\/#primaryimage","url":"https:\/\/live.staticflickr.com\/65535\/49247798928_a2f1fc50c2.jpg","contentUrl":"https:\/\/live.staticflickr.com\/65535\/49247798928_a2f1fc50c2.jpg"},{"@type":"BreadcrumbList","@id":"https:\/\/archiviocassano.lavocedelpaese.info\/index.php\/2021\/07\/05\/drammatica-situazione-al-piano-di-zona-a-rischio-i-servizi-essenziali-di-assistenza\/#breadcrumb","itemListElement":[{"@type":"ListItem","position":1,"name":"Home","item":"https:\/\/archiviocassano.lavocedelpaese.info\/"},{"@type":"ListItem","position":2,"name":"Drammatica situazione al Piano di Zona"}]},{"@type":"WebSite","@id":"https:\/\/archiviocassano.lavocedelpaese.info\/#website","url":"https:\/\/archiviocassano.lavocedelpaese.info\/","name":"Archivio CassanoWeb","description":"La Voce del Paese - un network di idee","publisher":{"@id":"https:\/\/archiviocassano.lavocedelpaese.info\/#organization"},"potentialAction":[{"@type":"SearchAction","target":{"@type":"EntryPoint","urlTemplate":"https:\/\/archiviocassano.lavocedelpaese.info\/?s={search_term_string}"},"query-input":{"@type":"PropertyValueSpecification","valueRequired":true,"valueName":"search_term_string"}}],"inLanguage":"it-IT"},{"@type":"Organization","@id":"https:\/\/archiviocassano.lavocedelpaese.info\/#organization","name":"Archivio CassanoWeb","url":"https:\/\/archiviocassano.lavocedelpaese.info\/","logo":{"@type":"ImageObject","inLanguage":"it-IT","@id":"https:\/\/archiviocassano.lavocedelpaese.info\/#\/schema\/logo\/image\/","url":"https:\/\/archiviocassano.lavocedelpaese.info\/wp-content\/uploads\/2024\/08\/logo-rosso-2.png","contentUrl":"https:\/\/archiviocassano.lavocedelpaese.info\/wp-content\/uploads\/2024\/08\/logo-rosso-2.png","width":491,"height":432,"caption":"Archivio CassanoWeb"},"image":{"@id":"https:\/\/archiviocassano.lavocedelpaese.info\/#\/schema\/logo\/image\/"},"sameAs":["https:\/\/www.facebook.com\/redazione.cassanoweb"]},{"@type":"Person","@id":"https:\/\/archiviocassano.lavocedelpaese.info\/#\/schema\/person\/df195bc79a9b4c35127cf005f92e041b","name":"admin","image":{"@type":"ImageObject","inLanguage":"it-IT","@id":"https:\/\/secure.gravatar.com\/avatar\/eabba89a432e8eaa1b0207cc55f7e5340b22712b1ed80677efcf63e02ff5b235?s=96&d=mm&r=g","url":"https:\/\/secure.gravatar.com\/avatar\/eabba89a432e8eaa1b0207cc55f7e5340b22712b1ed80677efcf63e02ff5b235?s=96&d=mm&r=g","contentUrl":"https:\/\/secure.gravatar.com\/avatar\/eabba89a432e8eaa1b0207cc55f7e5340b22712b1ed80677efcf63e02ff5b235?s=96&d=mm&r=g","caption":"admin"},"sameAs":["https:\/\/archiviocassano.lavocedelpaese.info"],"url":"https:\/\/archiviocassano.lavocedelpaese.info\/index.php\/author\/admin_0qgz1xdp\/"}]}},"_links":{"self":[{"href":"https:\/\/archiviocassano.lavocedelpaese.info\/index.php\/wp-json\/wp\/v2\/posts\/19296","targetHints":{"allow":["GET"]}}],"collection":[{"href":"https:\/\/archiviocassano.lavocedelpaese.info\/index.php\/wp-json\/wp\/v2\/posts"}],"about":[{"href":"https:\/\/archiviocassano.lavocedelpaese.info\/index.php\/wp-json\/wp\/v2\/types\/post"}],"author":[{"embeddable":true,"href":"https:\/\/archiviocassano.lavocedelpaese.info\/index.php\/wp-json\/wp\/v2\/users\/1"}],"replies":[{"embeddable":true,"href":"https:\/\/archiviocassano.lavocedelpaese.info\/index.php\/wp-json\/wp\/v2\/comments?post=19296"}],"version-history":[{"count":0,"href":"https:\/\/archiviocassano.lavocedelpaese.info\/index.php\/wp-json\/wp\/v2\/posts\/19296\/revisions"}],"wp:attachment":[{"href":"https:\/\/archiviocassano.lavocedelpaese.info\/index.php\/wp-json\/wp\/v2\/media?parent=19296"}],"wp:term":[{"taxonomy":"category","embeddable":true,"href":"https:\/\/archiviocassano.lavocedelpaese.info\/index.php\/wp-json\/wp\/v2\/categories?post=19296"},{"taxonomy":"post_tag","embeddable":true,"href":"https:\/\/archiviocassano.lavocedelpaese.info\/index.php\/wp-json\/wp\/v2\/tags?post=19296"}],"curies":[{"name":"wp","href":"https:\/\/api.w.org\/{rel}","templated":true}]}}