{"id":19507,"date":"2021-11-21T08:47:13","date_gmt":"2021-11-21T08:47:13","guid":{"rendered":"https:\/\/archiviocassano.lavocedelpaese.info\/index.php\/2021\/11\/21\/giornata-degli-alberi-iniziative-anche-a-cassano\/"},"modified":"2021-11-21T08:47:13","modified_gmt":"2021-11-21T08:47:13","slug":"giornata-degli-alberi-iniziative-anche-a-cassano","status":"publish","type":"post","link":"https:\/\/archiviocassano.lavocedelpaese.info\/index.php\/2021\/11\/21\/giornata-degli-alberi-iniziative-anche-a-cassano\/","title":{"rendered":"Giornata degli Alberi: iniziative anche a Cassano"},"content":{"rendered":"<p><a data-flickr-embed=\"true\" href=\"https:\/\/www.flickr.com\/photos\/91470992@N02\/51693583027\/in\/dateposted\/\" title=\"festa albero 2021\"><img loading=\"lazy\" decoding=\"async\" src=\"https:\/\/live.staticflickr.com\/65535\/51693583027_f195cb23f8_n.jpg\" width=\"320\" height=\"150\" alt=\"festa albero 2021\" \/><\/a><\/p>\n<p><!--more--><\/p>\n<p>\u201cE\u2019 giusto che ci sia una festa per gli alberi: ci danno la vita con l\u2019ossigeno che producono. E\u2019 come la festa della mamma o del pap\u00e0&#8230;..una cosa bella che potremmo fare \u00e8 imparare i nomi di ogni albero: saperlo riconoscere dalle foglie, dal tronco, da come si dividono i rami&#8230;.conoscere un essere vivente (perch\u00e8 l\u2019albero E\u2019 UN ESSERE VIVENTE) significa amarlo e rispettarlo\u201d: lo scrive in una nota la Sindaca di Cassano delle Murge Maria Pia Di Medio in occasione della Giornata dell\u2019Albero che si festeggia in tutta Italia quest\u2019oggi.<\/p>\n<p style=\"text-align: justify;\">\u201cIl riscaldamento globale sta minando anche gli alberi, i loro ritmi biologici di gemmazione e produzione dei frutti, la riduzione del numero delle api sta mettendo a repentaglio la riproduzione della vegetazione per mancanza di impollinazione&#8230;..DOBBIAMO PIANTARE ALBERI. A Cassano ne abbiamo piantati 1.200 e stanno crescendo, ne abbiamo messi a dimora 6 nell\u2019area destinata allo sgambamento cani in via Martiri della Repubblica (tra poco sar\u00e0 completata), ne avevamo ripiantati altri in Piazzale Tampoia ma qualche idiota ne ha bruciato le radici con prodotti chimici&#8230;. ne abbiamo ordinati altri perch\u00e8 li ripianteremo. Cos\u00ec come siamo in attesa del nuovo albero che sostituir\u00e0 il gelso centenario che abbiamo dovuto sradicare per rischio di schianto (nei pressi della Croce di via Santeramo, NdR) e del completamento dei lavori per la nuova Piazza Galilei per poter ripiantare nuovi alberi pi\u00f9 sicuri dei precedenti.\u201d, spiega la Sindaca.<\/p>\n<p style=\"text-align: justify;\">\u201cNella prossima settimana \u2013 spiega la Di Medio &#8211; forniremo le piantine ai nuovi nati del 2021 (avviseremo&nbsp; appena disponibili). La festa dell\u2019albero dura tutto l\u2019anno&#8230;tutta una vita. PIANTIAMO ALBERI\u201d.<\/p>\n<p style=\"text-align: justify;\">Domani, proprio in occasione della Festa dell\u2019Albero, i Carabinieri Forestali della Stazione di Cassano delle Murge in collaborazione con l\u2019Istituto Comprensivo \u201cPerotti-Ruffo\u201d hanno organizzato, nel plesso di via Gramsci e in quello di via Convento, una iniziativa dedicata ai pi\u00f9 piccoli con spiegazioni, illustrazioni e la piantumazione di alcuni alberi.<\/p><\/p>\n","protected":false},"excerpt":{"rendered":"","protected":false},"author":1,"featured_media":0,"comment_status":"open","ping_status":"closed","sticky":false,"template":"","format":"standard","meta":{"colormag_page_container_layout":"default_layout","colormag_page_sidebar_layout":"default_layout","footnotes":""},"categories":[7],"tags":[],"class_list":["post-19507","post","type-post","status-publish","format-standard","hentry","category-attualita"],"yoast_head":"<!-- This site is optimized with the Yoast SEO plugin v27.5 - https:\/\/yoast.com\/product\/yoast-seo-wordpress\/ -->\n<title>Giornata degli Alberi: iniziative anche a Cassano - Archivio CassanoWeb<\/title>\n<meta name=\"robots\" content=\"index, follow, max-snippet:-1, max-image-preview:large, max-video-preview:-1\" \/>\n<link rel=\"canonical\" href=\"https:\/\/archiviocassano.lavocedelpaese.info\/index.php\/2021\/11\/21\/giornata-degli-alberi-iniziative-anche-a-cassano\/\" \/>\n<meta property=\"og:locale\" content=\"it_IT\" \/>\n<meta property=\"og:type\" content=\"article\" \/>\n<meta property=\"og:title\" content=\"Giornata degli Alberi: iniziative anche a Cassano - Archivio CassanoWeb\" \/>\n<meta property=\"og:url\" content=\"https:\/\/archiviocassano.lavocedelpaese.info\/index.php\/2021\/11\/21\/giornata-degli-alberi-iniziative-anche-a-cassano\/\" \/>\n<meta property=\"og:site_name\" content=\"Archivio CassanoWeb\" \/>\n<meta property=\"article:publisher\" content=\"https:\/\/www.facebook.com\/redazione.cassanoweb\" \/>\n<meta property=\"article:published_time\" content=\"2021-11-21T08:47:13+00:00\" \/>\n<meta property=\"og:image\" content=\"https:\/\/live.staticflickr.com\/65535\/51693583027_f195cb23f8_n.jpg\" \/>\n<meta name=\"author\" content=\"admin\" \/>\n<meta name=\"twitter:card\" content=\"summary_large_image\" \/>\n<meta name=\"twitter:label1\" content=\"Scritto da\" \/>\n\t<meta name=\"twitter:data1\" content=\"admin\" \/>\n\t<meta name=\"twitter:label2\" content=\"Tempo di lettura stimato\" \/>\n\t<meta name=\"twitter:data2\" content=\"2 minuti\" \/>\n<script type=\"application\/ld+json\" class=\"yoast-schema-graph\">{\"@context\":\"https:\\\/\\\/schema.org\",\"@graph\":[{\"@type\":\"Article\",\"@id\":\"https:\\\/\\\/archiviocassano.lavocedelpaese.info\\\/index.php\\\/2021\\\/11\\\/21\\\/giornata-degli-alberi-iniziative-anche-a-cassano\\\/#article\",\"isPartOf\":{\"@id\":\"https:\\\/\\\/archiviocassano.lavocedelpaese.info\\\/index.php\\\/2021\\\/11\\\/21\\\/giornata-degli-alberi-iniziative-anche-a-cassano\\\/\"},\"author\":{\"name\":\"admin\",\"@id\":\"https:\\\/\\\/archiviocassano.lavocedelpaese.info\\\/#\\\/schema\\\/person\\\/df195bc79a9b4c35127cf005f92e041b\"},\"headline\":\"Giornata degli Alberi: iniziative anche a Cassano\",\"datePublished\":\"2021-11-21T08:47:13+00:00\",\"mainEntityOfPage\":{\"@id\":\"https:\\\/\\\/archiviocassano.lavocedelpaese.info\\\/index.php\\\/2021\\\/11\\\/21\\\/giornata-degli-alberi-iniziative-anche-a-cassano\\\/\"},\"wordCount\":330,\"commentCount\":0,\"publisher\":{\"@id\":\"https:\\\/\\\/archiviocassano.lavocedelpaese.info\\\/#organization\"},\"image\":{\"@id\":\"https:\\\/\\\/archiviocassano.lavocedelpaese.info\\\/index.php\\\/2021\\\/11\\\/21\\\/giornata-degli-alberi-iniziative-anche-a-cassano\\\/#primaryimage\"},\"thumbnailUrl\":\"https:\\\/\\\/live.staticflickr.com\\\/65535\\\/51693583027_f195cb23f8_n.jpg\",\"articleSection\":[\"Attualit\u00e0\"],\"inLanguage\":\"it-IT\",\"potentialAction\":[{\"@type\":\"CommentAction\",\"name\":\"Comment\",\"target\":[\"https:\\\/\\\/archiviocassano.lavocedelpaese.info\\\/index.php\\\/2021\\\/11\\\/21\\\/giornata-degli-alberi-iniziative-anche-a-cassano\\\/#respond\"]}]},{\"@type\":\"WebPage\",\"@id\":\"https:\\\/\\\/archiviocassano.lavocedelpaese.info\\\/index.php\\\/2021\\\/11\\\/21\\\/giornata-degli-alberi-iniziative-anche-a-cassano\\\/\",\"url\":\"https:\\\/\\\/archiviocassano.lavocedelpaese.info\\\/index.php\\\/2021\\\/11\\\/21\\\/giornata-degli-alberi-iniziative-anche-a-cassano\\\/\",\"name\":\"Giornata degli Alberi: iniziative anche a Cassano - Archivio CassanoWeb\",\"isPartOf\":{\"@id\":\"https:\\\/\\\/archiviocassano.lavocedelpaese.info\\\/#website\"},\"primaryImageOfPage\":{\"@id\":\"https:\\\/\\\/archiviocassano.lavocedelpaese.info\\\/index.php\\\/2021\\\/11\\\/21\\\/giornata-degli-alberi-iniziative-anche-a-cassano\\\/#primaryimage\"},\"image\":{\"@id\":\"https:\\\/\\\/archiviocassano.lavocedelpaese.info\\\/index.php\\\/2021\\\/11\\\/21\\\/giornata-degli-alberi-iniziative-anche-a-cassano\\\/#primaryimage\"},\"thumbnailUrl\":\"https:\\\/\\\/live.staticflickr.com\\\/65535\\\/51693583027_f195cb23f8_n.jpg\",\"datePublished\":\"2021-11-21T08:47:13+00:00\",\"breadcrumb\":{\"@id\":\"https:\\\/\\\/archiviocassano.lavocedelpaese.info\\\/index.php\\\/2021\\\/11\\\/21\\\/giornata-degli-alberi-iniziative-anche-a-cassano\\\/#breadcrumb\"},\"inLanguage\":\"it-IT\",\"potentialAction\":[{\"@type\":\"ReadAction\",\"target\":[\"https:\\\/\\\/archiviocassano.lavocedelpaese.info\\\/index.php\\\/2021\\\/11\\\/21\\\/giornata-degli-alberi-iniziative-anche-a-cassano\\\/\"]}]},{\"@type\":\"ImageObject\",\"inLanguage\":\"it-IT\",\"@id\":\"https:\\\/\\\/archiviocassano.lavocedelpaese.info\\\/index.php\\\/2021\\\/11\\\/21\\\/giornata-degli-alberi-iniziative-anche-a-cassano\\\/#primaryimage\",\"url\":\"https:\\\/\\\/live.staticflickr.com\\\/65535\\\/51693583027_f195cb23f8_n.jpg\",\"contentUrl\":\"https:\\\/\\\/live.staticflickr.com\\\/65535\\\/51693583027_f195cb23f8_n.jpg\"},{\"@type\":\"BreadcrumbList\",\"@id\":\"https:\\\/\\\/archiviocassano.lavocedelpaese.info\\\/index.php\\\/2021\\\/11\\\/21\\\/giornata-degli-alberi-iniziative-anche-a-cassano\\\/#breadcrumb\",\"itemListElement\":[{\"@type\":\"ListItem\",\"position\":1,\"name\":\"Home\",\"item\":\"https:\\\/\\\/archiviocassano.lavocedelpaese.info\\\/\"},{\"@type\":\"ListItem\",\"position\":2,\"name\":\"Giornata degli Alberi: iniziative anche a Cassano\"}]},{\"@type\":\"WebSite\",\"@id\":\"https:\\\/\\\/archiviocassano.lavocedelpaese.info\\\/#website\",\"url\":\"https:\\\/\\\/archiviocassano.lavocedelpaese.info\\\/\",\"name\":\"Archivio CassanoWeb\",\"description\":\"La Voce del Paese - un network di idee\",\"publisher\":{\"@id\":\"https:\\\/\\\/archiviocassano.lavocedelpaese.info\\\/#organization\"},\"potentialAction\":[{\"@type\":\"SearchAction\",\"target\":{\"@type\":\"EntryPoint\",\"urlTemplate\":\"https:\\\/\\\/archiviocassano.lavocedelpaese.info\\\/?s={search_term_string}\"},\"query-input\":{\"@type\":\"PropertyValueSpecification\",\"valueRequired\":true,\"valueName\":\"search_term_string\"}}],\"inLanguage\":\"it-IT\"},{\"@type\":\"Organization\",\"@id\":\"https:\\\/\\\/archiviocassano.lavocedelpaese.info\\\/#organization\",\"name\":\"Archivio CassanoWeb\",\"url\":\"https:\\\/\\\/archiviocassano.lavocedelpaese.info\\\/\",\"logo\":{\"@type\":\"ImageObject\",\"inLanguage\":\"it-IT\",\"@id\":\"https:\\\/\\\/archiviocassano.lavocedelpaese.info\\\/#\\\/schema\\\/logo\\\/image\\\/\",\"url\":\"https:\\\/\\\/archiviocassano.lavocedelpaese.info\\\/wp-content\\\/uploads\\\/2024\\\/08\\\/logo-rosso-2.png\",\"contentUrl\":\"https:\\\/\\\/archiviocassano.lavocedelpaese.info\\\/wp-content\\\/uploads\\\/2024\\\/08\\\/logo-rosso-2.png\",\"width\":491,\"height\":432,\"caption\":\"Archivio CassanoWeb\"},\"image\":{\"@id\":\"https:\\\/\\\/archiviocassano.lavocedelpaese.info\\\/#\\\/schema\\\/logo\\\/image\\\/\"},\"sameAs\":[\"https:\\\/\\\/www.facebook.com\\\/redazione.cassanoweb\"]},{\"@type\":\"Person\",\"@id\":\"https:\\\/\\\/archiviocassano.lavocedelpaese.info\\\/#\\\/schema\\\/person\\\/df195bc79a9b4c35127cf005f92e041b\",\"name\":\"admin\",\"image\":{\"@type\":\"ImageObject\",\"inLanguage\":\"it-IT\",\"@id\":\"https:\\\/\\\/secure.gravatar.com\\\/avatar\\\/eabba89a432e8eaa1b0207cc55f7e5340b22712b1ed80677efcf63e02ff5b235?s=96&d=mm&r=g\",\"url\":\"https:\\\/\\\/secure.gravatar.com\\\/avatar\\\/eabba89a432e8eaa1b0207cc55f7e5340b22712b1ed80677efcf63e02ff5b235?s=96&d=mm&r=g\",\"contentUrl\":\"https:\\\/\\\/secure.gravatar.com\\\/avatar\\\/eabba89a432e8eaa1b0207cc55f7e5340b22712b1ed80677efcf63e02ff5b235?s=96&d=mm&r=g\",\"caption\":\"admin\"},\"sameAs\":[\"https:\\\/\\\/archiviocassano.lavocedelpaese.info\"],\"url\":\"https:\\\/\\\/archiviocassano.lavocedelpaese.info\\\/index.php\\\/author\\\/admin_0qgz1xdp\\\/\"}]}<\/script>\n<!-- \/ Yoast SEO plugin. -->","yoast_head_json":{"title":"Giornata degli Alberi: iniziative anche a Cassano - Archivio CassanoWeb","robots":{"index":"index","follow":"follow","max-snippet":"max-snippet:-1","max-image-preview":"max-image-preview:large","max-video-preview":"max-video-preview:-1"},"canonical":"https:\/\/archiviocassano.lavocedelpaese.info\/index.php\/2021\/11\/21\/giornata-degli-alberi-iniziative-anche-a-cassano\/","og_locale":"it_IT","og_type":"article","og_title":"Giornata degli Alberi: iniziative anche a Cassano - Archivio CassanoWeb","og_url":"https:\/\/archiviocassano.lavocedelpaese.info\/index.php\/2021\/11\/21\/giornata-degli-alberi-iniziative-anche-a-cassano\/","og_site_name":"Archivio CassanoWeb","article_publisher":"https:\/\/www.facebook.com\/redazione.cassanoweb","article_published_time":"2021-11-21T08:47:13+00:00","og_image":[{"url":"https:\/\/live.staticflickr.com\/65535\/51693583027_f195cb23f8_n.jpg","type":"","width":"","height":""}],"author":"admin","twitter_card":"summary_large_image","twitter_misc":{"Scritto da":"admin","Tempo di lettura stimato":"2 minuti"},"schema":{"@context":"https:\/\/schema.org","@graph":[{"@type":"Article","@id":"https:\/\/archiviocassano.lavocedelpaese.info\/index.php\/2021\/11\/21\/giornata-degli-alberi-iniziative-anche-a-cassano\/#article","isPartOf":{"@id":"https:\/\/archiviocassano.lavocedelpaese.info\/index.php\/2021\/11\/21\/giornata-degli-alberi-iniziative-anche-a-cassano\/"},"author":{"name":"admin","@id":"https:\/\/archiviocassano.lavocedelpaese.info\/#\/schema\/person\/df195bc79a9b4c35127cf005f92e041b"},"headline":"Giornata degli Alberi: iniziative anche a Cassano","datePublished":"2021-11-21T08:47:13+00:00","mainEntityOfPage":{"@id":"https:\/\/archiviocassano.lavocedelpaese.info\/index.php\/2021\/11\/21\/giornata-degli-alberi-iniziative-anche-a-cassano\/"},"wordCount":330,"commentCount":0,"publisher":{"@id":"https:\/\/archiviocassano.lavocedelpaese.info\/#organization"},"image":{"@id":"https:\/\/archiviocassano.lavocedelpaese.info\/index.php\/2021\/11\/21\/giornata-degli-alberi-iniziative-anche-a-cassano\/#primaryimage"},"thumbnailUrl":"https:\/\/live.staticflickr.com\/65535\/51693583027_f195cb23f8_n.jpg","articleSection":["Attualit\u00e0"],"inLanguage":"it-IT","potentialAction":[{"@type":"CommentAction","name":"Comment","target":["https:\/\/archiviocassano.lavocedelpaese.info\/index.php\/2021\/11\/21\/giornata-degli-alberi-iniziative-anche-a-cassano\/#respond"]}]},{"@type":"WebPage","@id":"https:\/\/archiviocassano.lavocedelpaese.info\/index.php\/2021\/11\/21\/giornata-degli-alberi-iniziative-anche-a-cassano\/","url":"https:\/\/archiviocassano.lavocedelpaese.info\/index.php\/2021\/11\/21\/giornata-degli-alberi-iniziative-anche-a-cassano\/","name":"Giornata degli Alberi: iniziative anche a Cassano - Archivio CassanoWeb","isPartOf":{"@id":"https:\/\/archiviocassano.lavocedelpaese.info\/#website"},"primaryImageOfPage":{"@id":"https:\/\/archiviocassano.lavocedelpaese.info\/index.php\/2021\/11\/21\/giornata-degli-alberi-iniziative-anche-a-cassano\/#primaryimage"},"image":{"@id":"https:\/\/archiviocassano.lavocedelpaese.info\/index.php\/2021\/11\/21\/giornata-degli-alberi-iniziative-anche-a-cassano\/#primaryimage"},"thumbnailUrl":"https:\/\/live.staticflickr.com\/65535\/51693583027_f195cb23f8_n.jpg","datePublished":"2021-11-21T08:47:13+00:00","breadcrumb":{"@id":"https:\/\/archiviocassano.lavocedelpaese.info\/index.php\/2021\/11\/21\/giornata-degli-alberi-iniziative-anche-a-cassano\/#breadcrumb"},"inLanguage":"it-IT","potentialAction":[{"@type":"ReadAction","target":["https:\/\/archiviocassano.lavocedelpaese.info\/index.php\/2021\/11\/21\/giornata-degli-alberi-iniziative-anche-a-cassano\/"]}]},{"@type":"ImageObject","inLanguage":"it-IT","@id":"https:\/\/archiviocassano.lavocedelpaese.info\/index.php\/2021\/11\/21\/giornata-degli-alberi-iniziative-anche-a-cassano\/#primaryimage","url":"https:\/\/live.staticflickr.com\/65535\/51693583027_f195cb23f8_n.jpg","contentUrl":"https:\/\/live.staticflickr.com\/65535\/51693583027_f195cb23f8_n.jpg"},{"@type":"BreadcrumbList","@id":"https:\/\/archiviocassano.lavocedelpaese.info\/index.php\/2021\/11\/21\/giornata-degli-alberi-iniziative-anche-a-cassano\/#breadcrumb","itemListElement":[{"@type":"ListItem","position":1,"name":"Home","item":"https:\/\/archiviocassano.lavocedelpaese.info\/"},{"@type":"ListItem","position":2,"name":"Giornata degli Alberi: iniziative anche a Cassano"}]},{"@type":"WebSite","@id":"https:\/\/archiviocassano.lavocedelpaese.info\/#website","url":"https:\/\/archiviocassano.lavocedelpaese.info\/","name":"Archivio CassanoWeb","description":"La Voce del Paese - un network di idee","publisher":{"@id":"https:\/\/archiviocassano.lavocedelpaese.info\/#organization"},"potentialAction":[{"@type":"SearchAction","target":{"@type":"EntryPoint","urlTemplate":"https:\/\/archiviocassano.lavocedelpaese.info\/?s={search_term_string}"},"query-input":{"@type":"PropertyValueSpecification","valueRequired":true,"valueName":"search_term_string"}}],"inLanguage":"it-IT"},{"@type":"Organization","@id":"https:\/\/archiviocassano.lavocedelpaese.info\/#organization","name":"Archivio CassanoWeb","url":"https:\/\/archiviocassano.lavocedelpaese.info\/","logo":{"@type":"ImageObject","inLanguage":"it-IT","@id":"https:\/\/archiviocassano.lavocedelpaese.info\/#\/schema\/logo\/image\/","url":"https:\/\/archiviocassano.lavocedelpaese.info\/wp-content\/uploads\/2024\/08\/logo-rosso-2.png","contentUrl":"https:\/\/archiviocassano.lavocedelpaese.info\/wp-content\/uploads\/2024\/08\/logo-rosso-2.png","width":491,"height":432,"caption":"Archivio CassanoWeb"},"image":{"@id":"https:\/\/archiviocassano.lavocedelpaese.info\/#\/schema\/logo\/image\/"},"sameAs":["https:\/\/www.facebook.com\/redazione.cassanoweb"]},{"@type":"Person","@id":"https:\/\/archiviocassano.lavocedelpaese.info\/#\/schema\/person\/df195bc79a9b4c35127cf005f92e041b","name":"admin","image":{"@type":"ImageObject","inLanguage":"it-IT","@id":"https:\/\/secure.gravatar.com\/avatar\/eabba89a432e8eaa1b0207cc55f7e5340b22712b1ed80677efcf63e02ff5b235?s=96&d=mm&r=g","url":"https:\/\/secure.gravatar.com\/avatar\/eabba89a432e8eaa1b0207cc55f7e5340b22712b1ed80677efcf63e02ff5b235?s=96&d=mm&r=g","contentUrl":"https:\/\/secure.gravatar.com\/avatar\/eabba89a432e8eaa1b0207cc55f7e5340b22712b1ed80677efcf63e02ff5b235?s=96&d=mm&r=g","caption":"admin"},"sameAs":["https:\/\/archiviocassano.lavocedelpaese.info"],"url":"https:\/\/archiviocassano.lavocedelpaese.info\/index.php\/author\/admin_0qgz1xdp\/"}]}},"_links":{"self":[{"href":"https:\/\/archiviocassano.lavocedelpaese.info\/index.php\/wp-json\/wp\/v2\/posts\/19507","targetHints":{"allow":["GET"]}}],"collection":[{"href":"https:\/\/archiviocassano.lavocedelpaese.info\/index.php\/wp-json\/wp\/v2\/posts"}],"about":[{"href":"https:\/\/archiviocassano.lavocedelpaese.info\/index.php\/wp-json\/wp\/v2\/types\/post"}],"author":[{"embeddable":true,"href":"https:\/\/archiviocassano.lavocedelpaese.info\/index.php\/wp-json\/wp\/v2\/users\/1"}],"replies":[{"embeddable":true,"href":"https:\/\/archiviocassano.lavocedelpaese.info\/index.php\/wp-json\/wp\/v2\/comments?post=19507"}],"version-history":[{"count":0,"href":"https:\/\/archiviocassano.lavocedelpaese.info\/index.php\/wp-json\/wp\/v2\/posts\/19507\/revisions"}],"wp:attachment":[{"href":"https:\/\/archiviocassano.lavocedelpaese.info\/index.php\/wp-json\/wp\/v2\/media?parent=19507"}],"wp:term":[{"taxonomy":"category","embeddable":true,"href":"https:\/\/archiviocassano.lavocedelpaese.info\/index.php\/wp-json\/wp\/v2\/categories?post=19507"},{"taxonomy":"post_tag","embeddable":true,"href":"https:\/\/archiviocassano.lavocedelpaese.info\/index.php\/wp-json\/wp\/v2\/tags?post=19507"}],"curies":[{"name":"wp","href":"https:\/\/api.w.org\/{rel}","templated":true}]}}