{"id":1952,"date":"2010-09-08T22:23:35","date_gmt":"2010-09-08T22:23:35","guid":{"rendered":"https:\/\/archiviocassano.lavocedelpaese.info\/index.php\/2010\/09\/08\/cassa-integrazione-al-frangi-parlano-i-sindacati\/"},"modified":"2010-09-08T22:23:35","modified_gmt":"2010-09-08T22:23:35","slug":"cassa-integrazione-al-frangi-parlano-i-sindacati","status":"publish","type":"post","link":"https:\/\/archiviocassano.lavocedelpaese.info\/index.php\/2010\/09\/08\/cassa-integrazione-al-frangi-parlano-i-sindacati\/","title":{"rendered":"CASSA INTEGRAZIONE AL \u201cFRANGI\u201d: PARLANO I SINDACATI"},"content":{"rendered":"<p><img loading=\"lazy\" decoding=\"async\" class=\" size-full wp-image-222\" alt=\"regione-puglia\" src=\"https:\/\/archiviocassano.lavocedelpaese.info\/wp-content\/uploads\/2009\/08\/regione-puglia.jpg\" width=\"320\" height=\"150\" srcset=\"https:\/\/archiviocassano.lavocedelpaese.info\/wp-content\/uploads\/2009\/08\/regione-puglia.jpg 640w, https:\/\/archiviocassano.lavocedelpaese.info\/wp-content\/uploads\/2009\/08\/regione-puglia-300x141.jpg 300w\" sizes=\"auto, (max-width: 320px) 100vw, 320px\" \/><\/p>\n<p><!--more--><\/p>\n<p>La Sanit\u00e0 Privata pugliese sta vivendo in questi mesi momenti difficili che destabilizzano lavoratori e pazienti. Il Piano di Rientro ha portato la Regione Puglia a tagliare nel settore della Sanit\u00e0.<\/p>\n<p>I sindacati sono ora sul piede di guerra per difendere i posti di lavoro nel settore della Sanit\u00e0 privata minacciati da casse integrazioni e licenziamenti. Sono 536 i dipendenti delle societ\u00e0 Riabilia e Gruppo Caccuri (cliniche Aurea Salus per 297 dipendenti, ed Elia Domus per 339 dipendenti) stanno per avviare le procedure di cassa integrazione in\u00a0 deroga fino a dicembre, mentre \u00e8 previsto il licenziamento per altri 33 dipendenti dell\u2019Istituto Sant\u2019Agostino.<\/p>\n<p>Dall\u2019incontro con alcuni dipendenti della nostra citt\u00e0, con un sindacalista del Centro di Riabilitazione Frangi Elia domus apprendiamo che Luned\u00ec 6 Settembre \u00e8 avvenuto un incontro presso la sede centrale di Mirabilia a Santo Spirito.<\/p>\n<p>\u201c<em>Abbiamo pensato<\/em>\u2013 ci riferiscono &#8211; <em>di organizzare un sit in dei dipendenti aderenti a tutti i sindacati alla Presidenza della Regione Puglia per far sentire la nostra voce, ci sentiamo abbandonati, \u00e8 illogico ci\u00f2 che sta accadendo. Riteniamo che la cassa integrazione altro non sia che l\u2019anticamera del licenziamento. Ci opporremo a questa scelta scellerata<\/em>\u201d.<\/p>\n<p>Luned\u00ec sera intorno alle ore 18,30 Francesco Squicciarini, Sindaco di Acquaviva delle Fonti ha ascoltato le loro richieste, manifestando la volont\u00e0 di impegnarsi per aprire un tavolo di dialogo con i rappresentanti regionali nell\u2019interesse della comunit\u00e0.<\/p>\n<p>Apprendiamo ora che Venerd\u00ec \u00e8 stato fissato un incontro con il Presidente Vendola, l\u2019Ass. regionale alla Sanit\u00e0 Tomaso Fiore e con il dott. Nicola Pansini, direttore generale ASL Bari.<\/p>\n<p>Da quattro anni il budget che la Regione Puglia ha fissato \u00e8 pari a 28 milioni e\u00a0 692 mila euro, affidati l\u2019anno scorso a quattro centri di riabilitazione privati: Riabilia, Gruppo Caccuri (Area saluss e Elia domus, Sant\u2019Agostino e Padre Pio). \u201c<em>Se una Regione non ha i soldi- <\/em>affermano<em>&#8211; non va ad aprire un&#8217;altra clinica riabilitativa, <\/em>una situazione causata quest\u2019anno dal nuovo accreditamento di una societ\u00e0 di riabilitazione la &#8220;Giovanni Paolo II&#8221; di Putignano\u201d.<\/p>\n<p>Chiediamo chiarimenti al riguardo. Che cosa \u00e8 accaduto?<\/p>\n<p>\u201c<em>Quest\u2019anno lo stesso importo \u00e8 stato destinato a cinque aziende. Per i sindacati il nuovo accredito avrebbe dovuto comportare da parte della Regione un finanziamento apposito<\/em>\u201d.<\/p>\n<p>La polemica si infiamma. Non \u00e8 possibile neanche accettare ha detto Nicola Brescia segretario nazionale USPPI (Unione Sindacati Professionisti Pubblico Privato Impiego) che l\u2019assessore alla Sanit\u00e0 Tommaso Fiore attribuisca le colpe ai badget esauriti dalle societ\u00e0 riabilitative.<\/p>\n<p>\u201cTogliere ai poveri per dare ad altri poveri\u201d.<\/p>\n<p>Una cosa certa \u00e8 che non \u00e8 possibile distribuire sempre meno risorse garantendo la domanda dei pazienti che dopo un\u2019operazione chirurgica o per problemi neurologici necessitano di cure mediche e pi\u00f9 lunghe degenze.<\/p>\n","protected":false},"excerpt":{"rendered":"","protected":false},"author":1,"featured_media":222,"comment_status":"open","ping_status":"closed","sticky":false,"template":"","format":"standard","meta":{"colormag_page_container_layout":"default_layout","colormag_page_sidebar_layout":"default_layout","footnotes":""},"categories":[7],"tags":[],"class_list":["post-1952","post","type-post","status-publish","format-standard","has-post-thumbnail","hentry","category-attualita"],"yoast_head":"<!-- This site is optimized with the Yoast SEO plugin v27.5 - https:\/\/yoast.com\/product\/yoast-seo-wordpress\/ -->\n<title>CASSA INTEGRAZIONE AL \u201cFRANGI\u201d: PARLANO I SINDACATI - Archivio CassanoWeb<\/title>\n<meta name=\"robots\" content=\"index, follow, max-snippet:-1, max-image-preview:large, max-video-preview:-1\" \/>\n<link rel=\"canonical\" href=\"https:\/\/archiviocassano.lavocedelpaese.info\/index.php\/2010\/09\/08\/cassa-integrazione-al-frangi-parlano-i-sindacati\/\" \/>\n<meta property=\"og:locale\" content=\"it_IT\" \/>\n<meta property=\"og:type\" content=\"article\" \/>\n<meta property=\"og:title\" content=\"CASSA INTEGRAZIONE AL \u201cFRANGI\u201d: PARLANO I SINDACATI - Archivio CassanoWeb\" \/>\n<meta property=\"og:url\" content=\"https:\/\/archiviocassano.lavocedelpaese.info\/index.php\/2010\/09\/08\/cassa-integrazione-al-frangi-parlano-i-sindacati\/\" \/>\n<meta property=\"og:site_name\" content=\"Archivio CassanoWeb\" \/>\n<meta property=\"article:publisher\" content=\"https:\/\/www.facebook.com\/redazione.cassanoweb\" \/>\n<meta property=\"article:published_time\" content=\"2010-09-08T22:23:35+00:00\" \/>\n<meta property=\"og:image\" content=\"https:\/\/archiviocassano.lavocedelpaese.info\/wp-content\/uploads\/2009\/08\/regione-puglia.jpg\" \/>\n\t<meta property=\"og:image:width\" content=\"640\" \/>\n\t<meta property=\"og:image:height\" content=\"300\" \/>\n\t<meta property=\"og:image:type\" content=\"image\/jpeg\" \/>\n<meta name=\"author\" content=\"admin\" \/>\n<meta name=\"twitter:card\" content=\"summary_large_image\" \/>\n<meta name=\"twitter:label1\" content=\"Scritto da\" \/>\n\t<meta name=\"twitter:data1\" content=\"admin\" \/>\n\t<meta name=\"twitter:label2\" content=\"Tempo di lettura stimato\" \/>\n\t<meta name=\"twitter:data2\" content=\"2 minuti\" \/>\n<script type=\"application\/ld+json\" class=\"yoast-schema-graph\">{\"@context\":\"https:\\\/\\\/schema.org\",\"@graph\":[{\"@type\":\"Article\",\"@id\":\"https:\\\/\\\/archiviocassano.lavocedelpaese.info\\\/index.php\\\/2010\\\/09\\\/08\\\/cassa-integrazione-al-frangi-parlano-i-sindacati\\\/#article\",\"isPartOf\":{\"@id\":\"https:\\\/\\\/archiviocassano.lavocedelpaese.info\\\/index.php\\\/2010\\\/09\\\/08\\\/cassa-integrazione-al-frangi-parlano-i-sindacati\\\/\"},\"author\":{\"name\":\"admin\",\"@id\":\"https:\\\/\\\/archiviocassano.lavocedelpaese.info\\\/#\\\/schema\\\/person\\\/df195bc79a9b4c35127cf005f92e041b\"},\"headline\":\"CASSA INTEGRAZIONE AL \u201cFRANGI\u201d: PARLANO I SINDACATI\",\"datePublished\":\"2010-09-08T22:23:35+00:00\",\"mainEntityOfPage\":{\"@id\":\"https:\\\/\\\/archiviocassano.lavocedelpaese.info\\\/index.php\\\/2010\\\/09\\\/08\\\/cassa-integrazione-al-frangi-parlano-i-sindacati\\\/\"},\"wordCount\":445,\"commentCount\":0,\"publisher\":{\"@id\":\"https:\\\/\\\/archiviocassano.lavocedelpaese.info\\\/#organization\"},\"image\":{\"@id\":\"https:\\\/\\\/archiviocassano.lavocedelpaese.info\\\/index.php\\\/2010\\\/09\\\/08\\\/cassa-integrazione-al-frangi-parlano-i-sindacati\\\/#primaryimage\"},\"thumbnailUrl\":\"https:\\\/\\\/archiviocassano.lavocedelpaese.info\\\/wp-content\\\/uploads\\\/2009\\\/08\\\/regione-puglia.jpg\",\"articleSection\":[\"Attualit\u00e0\"],\"inLanguage\":\"it-IT\",\"potentialAction\":[{\"@type\":\"CommentAction\",\"name\":\"Comment\",\"target\":[\"https:\\\/\\\/archiviocassano.lavocedelpaese.info\\\/index.php\\\/2010\\\/09\\\/08\\\/cassa-integrazione-al-frangi-parlano-i-sindacati\\\/#respond\"]}]},{\"@type\":\"WebPage\",\"@id\":\"https:\\\/\\\/archiviocassano.lavocedelpaese.info\\\/index.php\\\/2010\\\/09\\\/08\\\/cassa-integrazione-al-frangi-parlano-i-sindacati\\\/\",\"url\":\"https:\\\/\\\/archiviocassano.lavocedelpaese.info\\\/index.php\\\/2010\\\/09\\\/08\\\/cassa-integrazione-al-frangi-parlano-i-sindacati\\\/\",\"name\":\"CASSA INTEGRAZIONE AL \u201cFRANGI\u201d: PARLANO I SINDACATI - Archivio CassanoWeb\",\"isPartOf\":{\"@id\":\"https:\\\/\\\/archiviocassano.lavocedelpaese.info\\\/#website\"},\"primaryImageOfPage\":{\"@id\":\"https:\\\/\\\/archiviocassano.lavocedelpaese.info\\\/index.php\\\/2010\\\/09\\\/08\\\/cassa-integrazione-al-frangi-parlano-i-sindacati\\\/#primaryimage\"},\"image\":{\"@id\":\"https:\\\/\\\/archiviocassano.lavocedelpaese.info\\\/index.php\\\/2010\\\/09\\\/08\\\/cassa-integrazione-al-frangi-parlano-i-sindacati\\\/#primaryimage\"},\"thumbnailUrl\":\"https:\\\/\\\/archiviocassano.lavocedelpaese.info\\\/wp-content\\\/uploads\\\/2009\\\/08\\\/regione-puglia.jpg\",\"datePublished\":\"2010-09-08T22:23:35+00:00\",\"breadcrumb\":{\"@id\":\"https:\\\/\\\/archiviocassano.lavocedelpaese.info\\\/index.php\\\/2010\\\/09\\\/08\\\/cassa-integrazione-al-frangi-parlano-i-sindacati\\\/#breadcrumb\"},\"inLanguage\":\"it-IT\",\"potentialAction\":[{\"@type\":\"ReadAction\",\"target\":[\"https:\\\/\\\/archiviocassano.lavocedelpaese.info\\\/index.php\\\/2010\\\/09\\\/08\\\/cassa-integrazione-al-frangi-parlano-i-sindacati\\\/\"]}]},{\"@type\":\"ImageObject\",\"inLanguage\":\"it-IT\",\"@id\":\"https:\\\/\\\/archiviocassano.lavocedelpaese.info\\\/index.php\\\/2010\\\/09\\\/08\\\/cassa-integrazione-al-frangi-parlano-i-sindacati\\\/#primaryimage\",\"url\":\"https:\\\/\\\/archiviocassano.lavocedelpaese.info\\\/wp-content\\\/uploads\\\/2009\\\/08\\\/regione-puglia.jpg\",\"contentUrl\":\"https:\\\/\\\/archiviocassano.lavocedelpaese.info\\\/wp-content\\\/uploads\\\/2009\\\/08\\\/regione-puglia.jpg\",\"width\":640,\"height\":300,\"caption\":\"regione-puglia\"},{\"@type\":\"BreadcrumbList\",\"@id\":\"https:\\\/\\\/archiviocassano.lavocedelpaese.info\\\/index.php\\\/2010\\\/09\\\/08\\\/cassa-integrazione-al-frangi-parlano-i-sindacati\\\/#breadcrumb\",\"itemListElement\":[{\"@type\":\"ListItem\",\"position\":1,\"name\":\"Home\",\"item\":\"https:\\\/\\\/archiviocassano.lavocedelpaese.info\\\/\"},{\"@type\":\"ListItem\",\"position\":2,\"name\":\"CASSA INTEGRAZIONE AL \u201cFRANGI\u201d: PARLANO I SINDACATI\"}]},{\"@type\":\"WebSite\",\"@id\":\"https:\\\/\\\/archiviocassano.lavocedelpaese.info\\\/#website\",\"url\":\"https:\\\/\\\/archiviocassano.lavocedelpaese.info\\\/\",\"name\":\"Archivio CassanoWeb\",\"description\":\"La Voce del Paese - un network di idee\",\"publisher\":{\"@id\":\"https:\\\/\\\/archiviocassano.lavocedelpaese.info\\\/#organization\"},\"potentialAction\":[{\"@type\":\"SearchAction\",\"target\":{\"@type\":\"EntryPoint\",\"urlTemplate\":\"https:\\\/\\\/archiviocassano.lavocedelpaese.info\\\/?s={search_term_string}\"},\"query-input\":{\"@type\":\"PropertyValueSpecification\",\"valueRequired\":true,\"valueName\":\"search_term_string\"}}],\"inLanguage\":\"it-IT\"},{\"@type\":\"Organization\",\"@id\":\"https:\\\/\\\/archiviocassano.lavocedelpaese.info\\\/#organization\",\"name\":\"Archivio CassanoWeb\",\"url\":\"https:\\\/\\\/archiviocassano.lavocedelpaese.info\\\/\",\"logo\":{\"@type\":\"ImageObject\",\"inLanguage\":\"it-IT\",\"@id\":\"https:\\\/\\\/archiviocassano.lavocedelpaese.info\\\/#\\\/schema\\\/logo\\\/image\\\/\",\"url\":\"https:\\\/\\\/archiviocassano.lavocedelpaese.info\\\/wp-content\\\/uploads\\\/2024\\\/08\\\/logo-rosso-2.png\",\"contentUrl\":\"https:\\\/\\\/archiviocassano.lavocedelpaese.info\\\/wp-content\\\/uploads\\\/2024\\\/08\\\/logo-rosso-2.png\",\"width\":491,\"height\":432,\"caption\":\"Archivio CassanoWeb\"},\"image\":{\"@id\":\"https:\\\/\\\/archiviocassano.lavocedelpaese.info\\\/#\\\/schema\\\/logo\\\/image\\\/\"},\"sameAs\":[\"https:\\\/\\\/www.facebook.com\\\/redazione.cassanoweb\"]},{\"@type\":\"Person\",\"@id\":\"https:\\\/\\\/archiviocassano.lavocedelpaese.info\\\/#\\\/schema\\\/person\\\/df195bc79a9b4c35127cf005f92e041b\",\"name\":\"admin\",\"image\":{\"@type\":\"ImageObject\",\"inLanguage\":\"it-IT\",\"@id\":\"https:\\\/\\\/secure.gravatar.com\\\/avatar\\\/eabba89a432e8eaa1b0207cc55f7e5340b22712b1ed80677efcf63e02ff5b235?s=96&d=mm&r=g\",\"url\":\"https:\\\/\\\/secure.gravatar.com\\\/avatar\\\/eabba89a432e8eaa1b0207cc55f7e5340b22712b1ed80677efcf63e02ff5b235?s=96&d=mm&r=g\",\"contentUrl\":\"https:\\\/\\\/secure.gravatar.com\\\/avatar\\\/eabba89a432e8eaa1b0207cc55f7e5340b22712b1ed80677efcf63e02ff5b235?s=96&d=mm&r=g\",\"caption\":\"admin\"},\"sameAs\":[\"https:\\\/\\\/archiviocassano.lavocedelpaese.info\"],\"url\":\"https:\\\/\\\/archiviocassano.lavocedelpaese.info\\\/index.php\\\/author\\\/admin_0qgz1xdp\\\/\"}]}<\/script>\n<!-- \/ Yoast SEO plugin. -->","yoast_head_json":{"title":"CASSA INTEGRAZIONE AL \u201cFRANGI\u201d: PARLANO I SINDACATI - Archivio CassanoWeb","robots":{"index":"index","follow":"follow","max-snippet":"max-snippet:-1","max-image-preview":"max-image-preview:large","max-video-preview":"max-video-preview:-1"},"canonical":"https:\/\/archiviocassano.lavocedelpaese.info\/index.php\/2010\/09\/08\/cassa-integrazione-al-frangi-parlano-i-sindacati\/","og_locale":"it_IT","og_type":"article","og_title":"CASSA INTEGRAZIONE AL \u201cFRANGI\u201d: PARLANO I SINDACATI - Archivio CassanoWeb","og_url":"https:\/\/archiviocassano.lavocedelpaese.info\/index.php\/2010\/09\/08\/cassa-integrazione-al-frangi-parlano-i-sindacati\/","og_site_name":"Archivio CassanoWeb","article_publisher":"https:\/\/www.facebook.com\/redazione.cassanoweb","article_published_time":"2010-09-08T22:23:35+00:00","og_image":[{"width":640,"height":300,"url":"https:\/\/archiviocassano.lavocedelpaese.info\/wp-content\/uploads\/2009\/08\/regione-puglia.jpg","type":"image\/jpeg"}],"author":"admin","twitter_card":"summary_large_image","twitter_misc":{"Scritto da":"admin","Tempo di lettura stimato":"2 minuti"},"schema":{"@context":"https:\/\/schema.org","@graph":[{"@type":"Article","@id":"https:\/\/archiviocassano.lavocedelpaese.info\/index.php\/2010\/09\/08\/cassa-integrazione-al-frangi-parlano-i-sindacati\/#article","isPartOf":{"@id":"https:\/\/archiviocassano.lavocedelpaese.info\/index.php\/2010\/09\/08\/cassa-integrazione-al-frangi-parlano-i-sindacati\/"},"author":{"name":"admin","@id":"https:\/\/archiviocassano.lavocedelpaese.info\/#\/schema\/person\/df195bc79a9b4c35127cf005f92e041b"},"headline":"CASSA INTEGRAZIONE AL \u201cFRANGI\u201d: PARLANO I SINDACATI","datePublished":"2010-09-08T22:23:35+00:00","mainEntityOfPage":{"@id":"https:\/\/archiviocassano.lavocedelpaese.info\/index.php\/2010\/09\/08\/cassa-integrazione-al-frangi-parlano-i-sindacati\/"},"wordCount":445,"commentCount":0,"publisher":{"@id":"https:\/\/archiviocassano.lavocedelpaese.info\/#organization"},"image":{"@id":"https:\/\/archiviocassano.lavocedelpaese.info\/index.php\/2010\/09\/08\/cassa-integrazione-al-frangi-parlano-i-sindacati\/#primaryimage"},"thumbnailUrl":"https:\/\/archiviocassano.lavocedelpaese.info\/wp-content\/uploads\/2009\/08\/regione-puglia.jpg","articleSection":["Attualit\u00e0"],"inLanguage":"it-IT","potentialAction":[{"@type":"CommentAction","name":"Comment","target":["https:\/\/archiviocassano.lavocedelpaese.info\/index.php\/2010\/09\/08\/cassa-integrazione-al-frangi-parlano-i-sindacati\/#respond"]}]},{"@type":"WebPage","@id":"https:\/\/archiviocassano.lavocedelpaese.info\/index.php\/2010\/09\/08\/cassa-integrazione-al-frangi-parlano-i-sindacati\/","url":"https:\/\/archiviocassano.lavocedelpaese.info\/index.php\/2010\/09\/08\/cassa-integrazione-al-frangi-parlano-i-sindacati\/","name":"CASSA INTEGRAZIONE AL \u201cFRANGI\u201d: PARLANO I SINDACATI - Archivio CassanoWeb","isPartOf":{"@id":"https:\/\/archiviocassano.lavocedelpaese.info\/#website"},"primaryImageOfPage":{"@id":"https:\/\/archiviocassano.lavocedelpaese.info\/index.php\/2010\/09\/08\/cassa-integrazione-al-frangi-parlano-i-sindacati\/#primaryimage"},"image":{"@id":"https:\/\/archiviocassano.lavocedelpaese.info\/index.php\/2010\/09\/08\/cassa-integrazione-al-frangi-parlano-i-sindacati\/#primaryimage"},"thumbnailUrl":"https:\/\/archiviocassano.lavocedelpaese.info\/wp-content\/uploads\/2009\/08\/regione-puglia.jpg","datePublished":"2010-09-08T22:23:35+00:00","breadcrumb":{"@id":"https:\/\/archiviocassano.lavocedelpaese.info\/index.php\/2010\/09\/08\/cassa-integrazione-al-frangi-parlano-i-sindacati\/#breadcrumb"},"inLanguage":"it-IT","potentialAction":[{"@type":"ReadAction","target":["https:\/\/archiviocassano.lavocedelpaese.info\/index.php\/2010\/09\/08\/cassa-integrazione-al-frangi-parlano-i-sindacati\/"]}]},{"@type":"ImageObject","inLanguage":"it-IT","@id":"https:\/\/archiviocassano.lavocedelpaese.info\/index.php\/2010\/09\/08\/cassa-integrazione-al-frangi-parlano-i-sindacati\/#primaryimage","url":"https:\/\/archiviocassano.lavocedelpaese.info\/wp-content\/uploads\/2009\/08\/regione-puglia.jpg","contentUrl":"https:\/\/archiviocassano.lavocedelpaese.info\/wp-content\/uploads\/2009\/08\/regione-puglia.jpg","width":640,"height":300,"caption":"regione-puglia"},{"@type":"BreadcrumbList","@id":"https:\/\/archiviocassano.lavocedelpaese.info\/index.php\/2010\/09\/08\/cassa-integrazione-al-frangi-parlano-i-sindacati\/#breadcrumb","itemListElement":[{"@type":"ListItem","position":1,"name":"Home","item":"https:\/\/archiviocassano.lavocedelpaese.info\/"},{"@type":"ListItem","position":2,"name":"CASSA INTEGRAZIONE AL \u201cFRANGI\u201d: PARLANO I SINDACATI"}]},{"@type":"WebSite","@id":"https:\/\/archiviocassano.lavocedelpaese.info\/#website","url":"https:\/\/archiviocassano.lavocedelpaese.info\/","name":"Archivio CassanoWeb","description":"La Voce del Paese - un network di idee","publisher":{"@id":"https:\/\/archiviocassano.lavocedelpaese.info\/#organization"},"potentialAction":[{"@type":"SearchAction","target":{"@type":"EntryPoint","urlTemplate":"https:\/\/archiviocassano.lavocedelpaese.info\/?s={search_term_string}"},"query-input":{"@type":"PropertyValueSpecification","valueRequired":true,"valueName":"search_term_string"}}],"inLanguage":"it-IT"},{"@type":"Organization","@id":"https:\/\/archiviocassano.lavocedelpaese.info\/#organization","name":"Archivio CassanoWeb","url":"https:\/\/archiviocassano.lavocedelpaese.info\/","logo":{"@type":"ImageObject","inLanguage":"it-IT","@id":"https:\/\/archiviocassano.lavocedelpaese.info\/#\/schema\/logo\/image\/","url":"https:\/\/archiviocassano.lavocedelpaese.info\/wp-content\/uploads\/2024\/08\/logo-rosso-2.png","contentUrl":"https:\/\/archiviocassano.lavocedelpaese.info\/wp-content\/uploads\/2024\/08\/logo-rosso-2.png","width":491,"height":432,"caption":"Archivio CassanoWeb"},"image":{"@id":"https:\/\/archiviocassano.lavocedelpaese.info\/#\/schema\/logo\/image\/"},"sameAs":["https:\/\/www.facebook.com\/redazione.cassanoweb"]},{"@type":"Person","@id":"https:\/\/archiviocassano.lavocedelpaese.info\/#\/schema\/person\/df195bc79a9b4c35127cf005f92e041b","name":"admin","image":{"@type":"ImageObject","inLanguage":"it-IT","@id":"https:\/\/secure.gravatar.com\/avatar\/eabba89a432e8eaa1b0207cc55f7e5340b22712b1ed80677efcf63e02ff5b235?s=96&d=mm&r=g","url":"https:\/\/secure.gravatar.com\/avatar\/eabba89a432e8eaa1b0207cc55f7e5340b22712b1ed80677efcf63e02ff5b235?s=96&d=mm&r=g","contentUrl":"https:\/\/secure.gravatar.com\/avatar\/eabba89a432e8eaa1b0207cc55f7e5340b22712b1ed80677efcf63e02ff5b235?s=96&d=mm&r=g","caption":"admin"},"sameAs":["https:\/\/archiviocassano.lavocedelpaese.info"],"url":"https:\/\/archiviocassano.lavocedelpaese.info\/index.php\/author\/admin_0qgz1xdp\/"}]}},"_links":{"self":[{"href":"https:\/\/archiviocassano.lavocedelpaese.info\/index.php\/wp-json\/wp\/v2\/posts\/1952","targetHints":{"allow":["GET"]}}],"collection":[{"href":"https:\/\/archiviocassano.lavocedelpaese.info\/index.php\/wp-json\/wp\/v2\/posts"}],"about":[{"href":"https:\/\/archiviocassano.lavocedelpaese.info\/index.php\/wp-json\/wp\/v2\/types\/post"}],"author":[{"embeddable":true,"href":"https:\/\/archiviocassano.lavocedelpaese.info\/index.php\/wp-json\/wp\/v2\/users\/1"}],"replies":[{"embeddable":true,"href":"https:\/\/archiviocassano.lavocedelpaese.info\/index.php\/wp-json\/wp\/v2\/comments?post=1952"}],"version-history":[{"count":0,"href":"https:\/\/archiviocassano.lavocedelpaese.info\/index.php\/wp-json\/wp\/v2\/posts\/1952\/revisions"}],"wp:featuredmedia":[{"embeddable":true,"href":"https:\/\/archiviocassano.lavocedelpaese.info\/index.php\/wp-json\/wp\/v2\/media\/222"}],"wp:attachment":[{"href":"https:\/\/archiviocassano.lavocedelpaese.info\/index.php\/wp-json\/wp\/v2\/media?parent=1952"}],"wp:term":[{"taxonomy":"category","embeddable":true,"href":"https:\/\/archiviocassano.lavocedelpaese.info\/index.php\/wp-json\/wp\/v2\/categories?post=1952"},{"taxonomy":"post_tag","embeddable":true,"href":"https:\/\/archiviocassano.lavocedelpaese.info\/index.php\/wp-json\/wp\/v2\/tags?post=1952"}],"curies":[{"name":"wp","href":"https:\/\/api.w.org\/{rel}","templated":true}]}}