{"id":19538,"date":"2021-12-07T07:26:17","date_gmt":"2021-12-07T07:26:17","guid":{"rendered":"https:\/\/archiviocassano.lavocedelpaese.info\/index.php\/2021\/12\/07\/uno-sguardo-al-futuro-a-cococo-doppio-appuntamento\/"},"modified":"2021-12-07T07:26:17","modified_gmt":"2021-12-07T07:26:17","slug":"uno-sguardo-al-futuro-a-cococo-doppio-appuntamento","status":"publish","type":"post","link":"https:\/\/archiviocassano.lavocedelpaese.info\/index.php\/2021\/12\/07\/uno-sguardo-al-futuro-a-cococo-doppio-appuntamento\/","title":{"rendered":"Uno sguardo al futuro: a Co.Co.Co. doppio appuntamento"},"content":{"rendered":"<p style=\"text-align: justify;\"><a data-flickr-embed=\"true\" href=\"https:\/\/www.flickr.com\/photos\/184752021@N05\/49011345236\/in\/dateposted\/\" title=\"cococo\"><img loading=\"lazy\" decoding=\"async\" src=\"https:\/\/live.staticflickr.com\/65535\/49011345236_610da29bf2_n.jpg\" width=\"320\" height=\"240\" alt=\"cococo\" \/><\/a><\/p>\n<p><!--more--><\/p>\n<p>&nbsp;Le opportunit\u00e0 per il futuro, le scelte che si rivelano decisive per la crescita delle nuove generazioni e la consapevolezza di prendere la strada giusta per il futuro proprio e delle realt\u00e0 che si vivono.<\/p>\n<p>Questi i temi al centro del doppio appuntamento con la formazione a Co.Co.Co. che, <strong>sabato 11 dicembre,<\/strong> dedica due incontri di formazione e informazione a grandi e piccini.<\/p>\n<p>Alle 10:00, presso lo spazio di coworking in via Edmondo de Amicis 20\/D, si terr\u00e0 il terzo incontro del ciclo \u201cTOP: Talenti e OPportunit\u00e0\u201d dedicato alle opportunit\u00e0 messe in campo dalla regione Puglia per supportare i giovani (e meno giovani) ad intraprendere la propria iniziativa di impresa qui al Sud.<\/p>\n<p>Dopo aver analizzato in ogni dettaglio i bandi NIDI e Resto al Sud (l\u20198 ottobre) e ON &#8211; Oltre nuove imprese a tasso zero e SELFIEmployment (il 20 novembre), il dottore commercialista Nunzio Locorriere porr\u00e0 sotto la lente d\u2019ingrandimento la misura Cultura Crea 2.0, incentivo di Invitalia (Agenzia nazionale per lo sviluppo) che finanzia la nascita e la crescita di imprese e iniziative no profit nel settore turistico-culturale.<\/p>\n<p>La partecipazione all\u2019incontro \u00e8 libera e gratuita su prenotazione.<\/p>\n<p>Alle 17:00, un secondo appuntamento interamente dedicato ai ragazzi della scuola secondaria di primo grado e alle loro famiglie, per porre le basi del futuro formativo delle nuove generazioni.<\/p>\n<p>La psicologa Rosalba Mercurio (laureata in psicologia clinica con specializzazione in psicologia dell\u2019orientamento), da molti anni impegnata nell\u2019ambito dell\u2019orientamento per ragazzi e adulti, faciliter\u00e0 una riflessione per aiutare in una delle scelte pi\u00f9 importanti per la crescita di una persona, quella della scuola superiore da frequentare. Parlarne e confrontarsi pu\u00f2 aiutare perch\u00e9 la capacit\u00e0 di scegliere \u00e8 una competenza su cui lavorare a qualsiasi et\u00e0 e che si affina lungo tutto il corso della vita.<\/p>\n<p>Per la partecipazione \u00e8 richiesta la prenotazione e un contributo di 5,00 \u20ac a famiglia.<\/p>\n<p>Entrambi gli appuntamenti si terranno nel rispetto delle normative anti-covid: \u00e8 richiesto il green pass e l\u2019uso della mascherina durante tutta la durata degli incontri.<\/p>\n<p>Per info e prenotazioni: <a href=\"mailto:cococo.wip@gmail.com\">cococo.wip@gmail.com<\/a> 0806190112 3791780164<\/p>\n","protected":false},"excerpt":{"rendered":"","protected":false},"author":1,"featured_media":0,"comment_status":"open","ping_status":"closed","sticky":false,"template":"","format":"standard","meta":{"colormag_page_container_layout":"default_layout","colormag_page_sidebar_layout":"default_layout","footnotes":""},"categories":[11],"tags":[],"class_list":["post-19538","post","type-post","status-publish","format-standard","hentry","category-appuntamenti"],"yoast_head":"<!-- This site is optimized with the Yoast SEO plugin v27.5 - https:\/\/yoast.com\/product\/yoast-seo-wordpress\/ -->\n<title>Uno sguardo al futuro: a Co.Co.Co. doppio appuntamento - Archivio CassanoWeb<\/title>\n<meta name=\"robots\" content=\"index, follow, max-snippet:-1, max-image-preview:large, max-video-preview:-1\" \/>\n<link rel=\"canonical\" href=\"https:\/\/archiviocassano.lavocedelpaese.info\/index.php\/2021\/12\/07\/uno-sguardo-al-futuro-a-cococo-doppio-appuntamento\/\" \/>\n<meta property=\"og:locale\" content=\"it_IT\" \/>\n<meta property=\"og:type\" content=\"article\" \/>\n<meta property=\"og:title\" content=\"Uno sguardo al futuro: a Co.Co.Co. doppio appuntamento - Archivio CassanoWeb\" \/>\n<meta property=\"og:url\" content=\"https:\/\/archiviocassano.lavocedelpaese.info\/index.php\/2021\/12\/07\/uno-sguardo-al-futuro-a-cococo-doppio-appuntamento\/\" \/>\n<meta property=\"og:site_name\" content=\"Archivio CassanoWeb\" \/>\n<meta property=\"article:publisher\" content=\"https:\/\/www.facebook.com\/redazione.cassanoweb\" \/>\n<meta property=\"article:published_time\" content=\"2021-12-07T07:26:17+00:00\" \/>\n<meta property=\"og:image\" content=\"https:\/\/live.staticflickr.com\/65535\/49011345236_610da29bf2_n.jpg\" \/>\n<meta name=\"author\" content=\"admin\" \/>\n<meta name=\"twitter:card\" content=\"summary_large_image\" \/>\n<meta name=\"twitter:label1\" content=\"Scritto da\" \/>\n\t<meta name=\"twitter:data1\" content=\"admin\" \/>\n\t<meta name=\"twitter:label2\" content=\"Tempo di lettura stimato\" \/>\n\t<meta name=\"twitter:data2\" content=\"2 minuti\" \/>\n<script type=\"application\/ld+json\" class=\"yoast-schema-graph\">{\"@context\":\"https:\\\/\\\/schema.org\",\"@graph\":[{\"@type\":\"Article\",\"@id\":\"https:\\\/\\\/archiviocassano.lavocedelpaese.info\\\/index.php\\\/2021\\\/12\\\/07\\\/uno-sguardo-al-futuro-a-cococo-doppio-appuntamento\\\/#article\",\"isPartOf\":{\"@id\":\"https:\\\/\\\/archiviocassano.lavocedelpaese.info\\\/index.php\\\/2021\\\/12\\\/07\\\/uno-sguardo-al-futuro-a-cococo-doppio-appuntamento\\\/\"},\"author\":{\"name\":\"admin\",\"@id\":\"https:\\\/\\\/archiviocassano.lavocedelpaese.info\\\/#\\\/schema\\\/person\\\/df195bc79a9b4c35127cf005f92e041b\"},\"headline\":\"Uno sguardo al futuro: a Co.Co.Co. doppio appuntamento\",\"datePublished\":\"2021-12-07T07:26:17+00:00\",\"mainEntityOfPage\":{\"@id\":\"https:\\\/\\\/archiviocassano.lavocedelpaese.info\\\/index.php\\\/2021\\\/12\\\/07\\\/uno-sguardo-al-futuro-a-cococo-doppio-appuntamento\\\/\"},\"wordCount\":350,\"commentCount\":0,\"publisher\":{\"@id\":\"https:\\\/\\\/archiviocassano.lavocedelpaese.info\\\/#organization\"},\"image\":{\"@id\":\"https:\\\/\\\/archiviocassano.lavocedelpaese.info\\\/index.php\\\/2021\\\/12\\\/07\\\/uno-sguardo-al-futuro-a-cococo-doppio-appuntamento\\\/#primaryimage\"},\"thumbnailUrl\":\"https:\\\/\\\/live.staticflickr.com\\\/65535\\\/49011345236_610da29bf2_n.jpg\",\"articleSection\":[\"Appuntamenti\"],\"inLanguage\":\"it-IT\",\"potentialAction\":[{\"@type\":\"CommentAction\",\"name\":\"Comment\",\"target\":[\"https:\\\/\\\/archiviocassano.lavocedelpaese.info\\\/index.php\\\/2021\\\/12\\\/07\\\/uno-sguardo-al-futuro-a-cococo-doppio-appuntamento\\\/#respond\"]}]},{\"@type\":\"WebPage\",\"@id\":\"https:\\\/\\\/archiviocassano.lavocedelpaese.info\\\/index.php\\\/2021\\\/12\\\/07\\\/uno-sguardo-al-futuro-a-cococo-doppio-appuntamento\\\/\",\"url\":\"https:\\\/\\\/archiviocassano.lavocedelpaese.info\\\/index.php\\\/2021\\\/12\\\/07\\\/uno-sguardo-al-futuro-a-cococo-doppio-appuntamento\\\/\",\"name\":\"Uno sguardo al futuro: a Co.Co.Co. doppio appuntamento - Archivio CassanoWeb\",\"isPartOf\":{\"@id\":\"https:\\\/\\\/archiviocassano.lavocedelpaese.info\\\/#website\"},\"primaryImageOfPage\":{\"@id\":\"https:\\\/\\\/archiviocassano.lavocedelpaese.info\\\/index.php\\\/2021\\\/12\\\/07\\\/uno-sguardo-al-futuro-a-cococo-doppio-appuntamento\\\/#primaryimage\"},\"image\":{\"@id\":\"https:\\\/\\\/archiviocassano.lavocedelpaese.info\\\/index.php\\\/2021\\\/12\\\/07\\\/uno-sguardo-al-futuro-a-cococo-doppio-appuntamento\\\/#primaryimage\"},\"thumbnailUrl\":\"https:\\\/\\\/live.staticflickr.com\\\/65535\\\/49011345236_610da29bf2_n.jpg\",\"datePublished\":\"2021-12-07T07:26:17+00:00\",\"breadcrumb\":{\"@id\":\"https:\\\/\\\/archiviocassano.lavocedelpaese.info\\\/index.php\\\/2021\\\/12\\\/07\\\/uno-sguardo-al-futuro-a-cococo-doppio-appuntamento\\\/#breadcrumb\"},\"inLanguage\":\"it-IT\",\"potentialAction\":[{\"@type\":\"ReadAction\",\"target\":[\"https:\\\/\\\/archiviocassano.lavocedelpaese.info\\\/index.php\\\/2021\\\/12\\\/07\\\/uno-sguardo-al-futuro-a-cococo-doppio-appuntamento\\\/\"]}]},{\"@type\":\"ImageObject\",\"inLanguage\":\"it-IT\",\"@id\":\"https:\\\/\\\/archiviocassano.lavocedelpaese.info\\\/index.php\\\/2021\\\/12\\\/07\\\/uno-sguardo-al-futuro-a-cococo-doppio-appuntamento\\\/#primaryimage\",\"url\":\"https:\\\/\\\/live.staticflickr.com\\\/65535\\\/49011345236_610da29bf2_n.jpg\",\"contentUrl\":\"https:\\\/\\\/live.staticflickr.com\\\/65535\\\/49011345236_610da29bf2_n.jpg\"},{\"@type\":\"BreadcrumbList\",\"@id\":\"https:\\\/\\\/archiviocassano.lavocedelpaese.info\\\/index.php\\\/2021\\\/12\\\/07\\\/uno-sguardo-al-futuro-a-cococo-doppio-appuntamento\\\/#breadcrumb\",\"itemListElement\":[{\"@type\":\"ListItem\",\"position\":1,\"name\":\"Home\",\"item\":\"https:\\\/\\\/archiviocassano.lavocedelpaese.info\\\/\"},{\"@type\":\"ListItem\",\"position\":2,\"name\":\"Uno sguardo al futuro: a Co.Co.Co. doppio appuntamento\"}]},{\"@type\":\"WebSite\",\"@id\":\"https:\\\/\\\/archiviocassano.lavocedelpaese.info\\\/#website\",\"url\":\"https:\\\/\\\/archiviocassano.lavocedelpaese.info\\\/\",\"name\":\"Archivio CassanoWeb\",\"description\":\"La Voce del Paese - un network di idee\",\"publisher\":{\"@id\":\"https:\\\/\\\/archiviocassano.lavocedelpaese.info\\\/#organization\"},\"potentialAction\":[{\"@type\":\"SearchAction\",\"target\":{\"@type\":\"EntryPoint\",\"urlTemplate\":\"https:\\\/\\\/archiviocassano.lavocedelpaese.info\\\/?s={search_term_string}\"},\"query-input\":{\"@type\":\"PropertyValueSpecification\",\"valueRequired\":true,\"valueName\":\"search_term_string\"}}],\"inLanguage\":\"it-IT\"},{\"@type\":\"Organization\",\"@id\":\"https:\\\/\\\/archiviocassano.lavocedelpaese.info\\\/#organization\",\"name\":\"Archivio CassanoWeb\",\"url\":\"https:\\\/\\\/archiviocassano.lavocedelpaese.info\\\/\",\"logo\":{\"@type\":\"ImageObject\",\"inLanguage\":\"it-IT\",\"@id\":\"https:\\\/\\\/archiviocassano.lavocedelpaese.info\\\/#\\\/schema\\\/logo\\\/image\\\/\",\"url\":\"https:\\\/\\\/archiviocassano.lavocedelpaese.info\\\/wp-content\\\/uploads\\\/2024\\\/08\\\/logo-rosso-2.png\",\"contentUrl\":\"https:\\\/\\\/archiviocassano.lavocedelpaese.info\\\/wp-content\\\/uploads\\\/2024\\\/08\\\/logo-rosso-2.png\",\"width\":491,\"height\":432,\"caption\":\"Archivio CassanoWeb\"},\"image\":{\"@id\":\"https:\\\/\\\/archiviocassano.lavocedelpaese.info\\\/#\\\/schema\\\/logo\\\/image\\\/\"},\"sameAs\":[\"https:\\\/\\\/www.facebook.com\\\/redazione.cassanoweb\"]},{\"@type\":\"Person\",\"@id\":\"https:\\\/\\\/archiviocassano.lavocedelpaese.info\\\/#\\\/schema\\\/person\\\/df195bc79a9b4c35127cf005f92e041b\",\"name\":\"admin\",\"image\":{\"@type\":\"ImageObject\",\"inLanguage\":\"it-IT\",\"@id\":\"https:\\\/\\\/secure.gravatar.com\\\/avatar\\\/eabba89a432e8eaa1b0207cc55f7e5340b22712b1ed80677efcf63e02ff5b235?s=96&d=mm&r=g\",\"url\":\"https:\\\/\\\/secure.gravatar.com\\\/avatar\\\/eabba89a432e8eaa1b0207cc55f7e5340b22712b1ed80677efcf63e02ff5b235?s=96&d=mm&r=g\",\"contentUrl\":\"https:\\\/\\\/secure.gravatar.com\\\/avatar\\\/eabba89a432e8eaa1b0207cc55f7e5340b22712b1ed80677efcf63e02ff5b235?s=96&d=mm&r=g\",\"caption\":\"admin\"},\"sameAs\":[\"https:\\\/\\\/archiviocassano.lavocedelpaese.info\"],\"url\":\"https:\\\/\\\/archiviocassano.lavocedelpaese.info\\\/index.php\\\/author\\\/admin_0qgz1xdp\\\/\"}]}<\/script>\n<!-- \/ Yoast SEO plugin. -->","yoast_head_json":{"title":"Uno sguardo al futuro: a Co.Co.Co. doppio appuntamento - Archivio CassanoWeb","robots":{"index":"index","follow":"follow","max-snippet":"max-snippet:-1","max-image-preview":"max-image-preview:large","max-video-preview":"max-video-preview:-1"},"canonical":"https:\/\/archiviocassano.lavocedelpaese.info\/index.php\/2021\/12\/07\/uno-sguardo-al-futuro-a-cococo-doppio-appuntamento\/","og_locale":"it_IT","og_type":"article","og_title":"Uno sguardo al futuro: a Co.Co.Co. doppio appuntamento - Archivio CassanoWeb","og_url":"https:\/\/archiviocassano.lavocedelpaese.info\/index.php\/2021\/12\/07\/uno-sguardo-al-futuro-a-cococo-doppio-appuntamento\/","og_site_name":"Archivio CassanoWeb","article_publisher":"https:\/\/www.facebook.com\/redazione.cassanoweb","article_published_time":"2021-12-07T07:26:17+00:00","og_image":[{"url":"https:\/\/live.staticflickr.com\/65535\/49011345236_610da29bf2_n.jpg","type":"","width":"","height":""}],"author":"admin","twitter_card":"summary_large_image","twitter_misc":{"Scritto da":"admin","Tempo di lettura stimato":"2 minuti"},"schema":{"@context":"https:\/\/schema.org","@graph":[{"@type":"Article","@id":"https:\/\/archiviocassano.lavocedelpaese.info\/index.php\/2021\/12\/07\/uno-sguardo-al-futuro-a-cococo-doppio-appuntamento\/#article","isPartOf":{"@id":"https:\/\/archiviocassano.lavocedelpaese.info\/index.php\/2021\/12\/07\/uno-sguardo-al-futuro-a-cococo-doppio-appuntamento\/"},"author":{"name":"admin","@id":"https:\/\/archiviocassano.lavocedelpaese.info\/#\/schema\/person\/df195bc79a9b4c35127cf005f92e041b"},"headline":"Uno sguardo al futuro: a Co.Co.Co. doppio appuntamento","datePublished":"2021-12-07T07:26:17+00:00","mainEntityOfPage":{"@id":"https:\/\/archiviocassano.lavocedelpaese.info\/index.php\/2021\/12\/07\/uno-sguardo-al-futuro-a-cococo-doppio-appuntamento\/"},"wordCount":350,"commentCount":0,"publisher":{"@id":"https:\/\/archiviocassano.lavocedelpaese.info\/#organization"},"image":{"@id":"https:\/\/archiviocassano.lavocedelpaese.info\/index.php\/2021\/12\/07\/uno-sguardo-al-futuro-a-cococo-doppio-appuntamento\/#primaryimage"},"thumbnailUrl":"https:\/\/live.staticflickr.com\/65535\/49011345236_610da29bf2_n.jpg","articleSection":["Appuntamenti"],"inLanguage":"it-IT","potentialAction":[{"@type":"CommentAction","name":"Comment","target":["https:\/\/archiviocassano.lavocedelpaese.info\/index.php\/2021\/12\/07\/uno-sguardo-al-futuro-a-cococo-doppio-appuntamento\/#respond"]}]},{"@type":"WebPage","@id":"https:\/\/archiviocassano.lavocedelpaese.info\/index.php\/2021\/12\/07\/uno-sguardo-al-futuro-a-cococo-doppio-appuntamento\/","url":"https:\/\/archiviocassano.lavocedelpaese.info\/index.php\/2021\/12\/07\/uno-sguardo-al-futuro-a-cococo-doppio-appuntamento\/","name":"Uno sguardo al futuro: a Co.Co.Co. doppio appuntamento - Archivio CassanoWeb","isPartOf":{"@id":"https:\/\/archiviocassano.lavocedelpaese.info\/#website"},"primaryImageOfPage":{"@id":"https:\/\/archiviocassano.lavocedelpaese.info\/index.php\/2021\/12\/07\/uno-sguardo-al-futuro-a-cococo-doppio-appuntamento\/#primaryimage"},"image":{"@id":"https:\/\/archiviocassano.lavocedelpaese.info\/index.php\/2021\/12\/07\/uno-sguardo-al-futuro-a-cococo-doppio-appuntamento\/#primaryimage"},"thumbnailUrl":"https:\/\/live.staticflickr.com\/65535\/49011345236_610da29bf2_n.jpg","datePublished":"2021-12-07T07:26:17+00:00","breadcrumb":{"@id":"https:\/\/archiviocassano.lavocedelpaese.info\/index.php\/2021\/12\/07\/uno-sguardo-al-futuro-a-cococo-doppio-appuntamento\/#breadcrumb"},"inLanguage":"it-IT","potentialAction":[{"@type":"ReadAction","target":["https:\/\/archiviocassano.lavocedelpaese.info\/index.php\/2021\/12\/07\/uno-sguardo-al-futuro-a-cococo-doppio-appuntamento\/"]}]},{"@type":"ImageObject","inLanguage":"it-IT","@id":"https:\/\/archiviocassano.lavocedelpaese.info\/index.php\/2021\/12\/07\/uno-sguardo-al-futuro-a-cococo-doppio-appuntamento\/#primaryimage","url":"https:\/\/live.staticflickr.com\/65535\/49011345236_610da29bf2_n.jpg","contentUrl":"https:\/\/live.staticflickr.com\/65535\/49011345236_610da29bf2_n.jpg"},{"@type":"BreadcrumbList","@id":"https:\/\/archiviocassano.lavocedelpaese.info\/index.php\/2021\/12\/07\/uno-sguardo-al-futuro-a-cococo-doppio-appuntamento\/#breadcrumb","itemListElement":[{"@type":"ListItem","position":1,"name":"Home","item":"https:\/\/archiviocassano.lavocedelpaese.info\/"},{"@type":"ListItem","position":2,"name":"Uno sguardo al futuro: a Co.Co.Co. doppio appuntamento"}]},{"@type":"WebSite","@id":"https:\/\/archiviocassano.lavocedelpaese.info\/#website","url":"https:\/\/archiviocassano.lavocedelpaese.info\/","name":"Archivio CassanoWeb","description":"La Voce del Paese - un network di idee","publisher":{"@id":"https:\/\/archiviocassano.lavocedelpaese.info\/#organization"},"potentialAction":[{"@type":"SearchAction","target":{"@type":"EntryPoint","urlTemplate":"https:\/\/archiviocassano.lavocedelpaese.info\/?s={search_term_string}"},"query-input":{"@type":"PropertyValueSpecification","valueRequired":true,"valueName":"search_term_string"}}],"inLanguage":"it-IT"},{"@type":"Organization","@id":"https:\/\/archiviocassano.lavocedelpaese.info\/#organization","name":"Archivio CassanoWeb","url":"https:\/\/archiviocassano.lavocedelpaese.info\/","logo":{"@type":"ImageObject","inLanguage":"it-IT","@id":"https:\/\/archiviocassano.lavocedelpaese.info\/#\/schema\/logo\/image\/","url":"https:\/\/archiviocassano.lavocedelpaese.info\/wp-content\/uploads\/2024\/08\/logo-rosso-2.png","contentUrl":"https:\/\/archiviocassano.lavocedelpaese.info\/wp-content\/uploads\/2024\/08\/logo-rosso-2.png","width":491,"height":432,"caption":"Archivio CassanoWeb"},"image":{"@id":"https:\/\/archiviocassano.lavocedelpaese.info\/#\/schema\/logo\/image\/"},"sameAs":["https:\/\/www.facebook.com\/redazione.cassanoweb"]},{"@type":"Person","@id":"https:\/\/archiviocassano.lavocedelpaese.info\/#\/schema\/person\/df195bc79a9b4c35127cf005f92e041b","name":"admin","image":{"@type":"ImageObject","inLanguage":"it-IT","@id":"https:\/\/secure.gravatar.com\/avatar\/eabba89a432e8eaa1b0207cc55f7e5340b22712b1ed80677efcf63e02ff5b235?s=96&d=mm&r=g","url":"https:\/\/secure.gravatar.com\/avatar\/eabba89a432e8eaa1b0207cc55f7e5340b22712b1ed80677efcf63e02ff5b235?s=96&d=mm&r=g","contentUrl":"https:\/\/secure.gravatar.com\/avatar\/eabba89a432e8eaa1b0207cc55f7e5340b22712b1ed80677efcf63e02ff5b235?s=96&d=mm&r=g","caption":"admin"},"sameAs":["https:\/\/archiviocassano.lavocedelpaese.info"],"url":"https:\/\/archiviocassano.lavocedelpaese.info\/index.php\/author\/admin_0qgz1xdp\/"}]}},"_links":{"self":[{"href":"https:\/\/archiviocassano.lavocedelpaese.info\/index.php\/wp-json\/wp\/v2\/posts\/19538","targetHints":{"allow":["GET"]}}],"collection":[{"href":"https:\/\/archiviocassano.lavocedelpaese.info\/index.php\/wp-json\/wp\/v2\/posts"}],"about":[{"href":"https:\/\/archiviocassano.lavocedelpaese.info\/index.php\/wp-json\/wp\/v2\/types\/post"}],"author":[{"embeddable":true,"href":"https:\/\/archiviocassano.lavocedelpaese.info\/index.php\/wp-json\/wp\/v2\/users\/1"}],"replies":[{"embeddable":true,"href":"https:\/\/archiviocassano.lavocedelpaese.info\/index.php\/wp-json\/wp\/v2\/comments?post=19538"}],"version-history":[{"count":0,"href":"https:\/\/archiviocassano.lavocedelpaese.info\/index.php\/wp-json\/wp\/v2\/posts\/19538\/revisions"}],"wp:attachment":[{"href":"https:\/\/archiviocassano.lavocedelpaese.info\/index.php\/wp-json\/wp\/v2\/media?parent=19538"}],"wp:term":[{"taxonomy":"category","embeddable":true,"href":"https:\/\/archiviocassano.lavocedelpaese.info\/index.php\/wp-json\/wp\/v2\/categories?post=19538"},{"taxonomy":"post_tag","embeddable":true,"href":"https:\/\/archiviocassano.lavocedelpaese.info\/index.php\/wp-json\/wp\/v2\/tags?post=19538"}],"curies":[{"name":"wp","href":"https:\/\/api.w.org\/{rel}","templated":true}]}}