{"id":19632,"date":"2022-02-03T07:15:57","date_gmt":"2022-02-03T07:15:57","guid":{"rendered":"https:\/\/archiviocassano.lavocedelpaese.info\/index.php\/2022\/02\/03\/le-minoranze-interrogano-la-di-medio-verde-pubblico-pnrr-e-premialita-rifiuti\/"},"modified":"2022-02-03T07:15:57","modified_gmt":"2022-02-03T07:15:57","slug":"le-minoranze-interrogano-la-di-medio-verde-pubblico-pnrr-e-premialita-rifiuti","status":"publish","type":"post","link":"https:\/\/archiviocassano.lavocedelpaese.info\/index.php\/2022\/02\/03\/le-minoranze-interrogano-la-di-medio-verde-pubblico-pnrr-e-premialita-rifiuti\/","title":{"rendered":"Le minoranze interrogano la Di Medio"},"content":{"rendered":"<p><a data-flickr-embed=\"true\" href=\"https:\/\/www.flickr.com\/photos\/184752021@N05\/49496003436\/in\/dateposted-public\/\" title=\"WhatsApp Image 2020-02-05 at 17.38.36\"><img loading=\"lazy\" decoding=\"async\" src=\"https:\/\/live.staticflickr.com\/65535\/49496003436_68e4033757_z.jpg\" width=\"320\" height=\"150\" alt=\"WhatsApp Image 2020-02-05 at 17.38.36\" \/><\/a><\/p>\n<p><!--more--><\/p>\n<p>&nbsp;<\/p>\n<p style=\"text-align: justify;\">Nuove interrogazioni e interpellanze da parte delle minoranze e segnatamente dai Consigli consiglieri comunali Teodoro Santorsola, Rocco Lapadula, Amedeo Venezia, Angela Catucci e Davide Del Re, sono state presentate alla Sindaca Maria Pia Di Medio su manutenzione giardini e verde pubblico, Pnrr, riconoscimento della premialit\u00e0 per la raccolta differenziata dei rifiuti, nel corso dell\u2019ultimo Consiglio Comunale.<\/p>\n<p style=\"text-align: justify;\">Guardiamole nel dettaglio.<\/p>\n<p style=\"text-align: justify;\"><strong>&nbsp;Manutenzione giardini e verde pubblico. <\/strong><\/p>\n<p style=\"text-align: justify;\">La prima interrogazione si sofferma sullo stato di abbandono dei giardini pubblici e la mancata cura di moltissimi lecci e altri alberi gravemente ammalati. \u201c<i>\u00c8 triste e al tempo stesso irritante<\/i> \u2013 scrivono i Consiglieri di opposizione &#8211; <i>vedere decine di alberi, in particolar modo i lecci di piazza Garibaldi, piazza Dante e di piazzale Sisto, nonch\u00e9 altri arbusti di via Grumo, piazzale Tampoia e via Fra\u2019 Diavolo, attaccati dai parassiti o totalmente non curati. Molti sono gi\u00e0 rinsecchiti; altri, giorno dopo giorno, si ammalano sempre pi\u00f9 perch\u00e9 privi di una pur minima cura. Un\u2019intollerante agonia che distrugge piante risalenti a moltissimi anni fa. Una perdita di un patrimonio arboreo comunale di cui siete responsabili! &nbsp;Nel corso di un consiglio comunale di diversi mesi fa, le facevamo notare che lo stato degli alberi non consentiva ulteriori rinvii, ma un intervento immediato e risolutivo. La sua risposta fu il trincerarsi dietro un parere della facolt\u00e0 di Agraria di Bari, con l\u2019impegno ad intervenire nel mese di ottobre scorso. \u00c8 trascorso ottobre, \u00e8 quasi terminato l\u2019anno, ma nulla \u00e8 stato fatto! Perch\u00e9? Cosa ancora blocca l\u2019intervento necessario? Perch\u00e9 non sono stati eseguiti gli interventi da lei assicurati per ottobre scorso? \u00c8 sua intenzione urgentemente sostituire con la stessa tipologia, gli alberi ormai secchi?\u201d,<\/i> le domande poste alla Di Medio.<\/p>\n<p style=\"text-align: justify;\"><strong>Piano Nazionale di Ripresa e Resilienza.<\/strong><\/p>\n<p style=\"text-align: justify;\">Altra interpellanza riguarda anche il PNRR che coinvolge anche i piccoli Comuni, come Cassano. <i>\u201cE\u2019 importante<\/i> \u2013 scrivono nella premessa i Consiglieri &#8211; <i>costruire insieme ai soggetti attivi, <\/i><i>stanti <\/i><i>anche sul nostro territorio, l&#8217;insieme delle scelte le pi\u00f9 giuste per la crescita sociale ed economica <\/i><i>del paese<\/i><i>; atteso inoltre che anche le principali sigle sindacali <\/i><i>locali <\/i><i>CGIL, CISL e UI<\/i><i>L<\/i><i> <\/i><i>hann<\/i><i>o <\/i><i>c<\/i><i>hiesto un incontro con il <\/i><i>S<\/i><i>indaco <\/i><i>per condividere una strategia e le decisioni di merito<\/i><i>; vista <\/i><i>l&#8217;importanza per il futuro del paese di condividere le scelte e contribuire cos\u00ec, con una larga partecipazione dei cittadini, delle associazioni e di tutti i soggetti sociali ed economici, alla costruzione di una visione comune di crescita della nostra citt\u00e0\u201d.<\/i>&nbsp; Queste, dunque, le domande che le minoranze pongono alla Di Medio: \u201c<i>Qual \u00e8 lo stato dell&#8217;arte dei progetti<\/i><i>,&nbsp; quale <\/i><i>la strategia nel complesso posta in essere? Quali progetti sono stati candidati o <\/i><i>sono d<\/i><i>a candidar<\/i><i>e <\/i><i>e relativi tempi? Cosa ha sortito l&#8217;incontro con i succitati sindacati o quando \u00e8 stato previsto? <\/i><i>Se si prevede di coinvolgere altri attori del processo a livello comunale e sovracomunale e quali?\u201d<\/i><\/p>\n<p style=\"text-align: justify;\"><i>&nbsp;<\/i><\/p>\n<p style=\"text-align: justify;\"><strong>Riconoscimento premialit\u00e0 per la raccolta differenziata.<\/strong><\/p>\n<p style=\"text-align: justify;\">Terza e ultima interrogazione, quella riguardante il Riconoscimento delle premialit\u00e0 la raccolta differenziata dei rifiuti.<\/p>\n<p style=\"text-align: justify;\">I Consiglieri partono da una premessa: il Comune di Cassano , anche nella &nbsp;XIII edizione &nbsp;di Comuni Ricicloni Puglia &nbsp;\u00e8 stato premiato come comune riciclone posizionandosi al &nbsp;66^ posto nella classifica stilata da Legambiente, grazie ad &nbsp;una percentuale di raccolta differenziata pari al 70% per l\u2019anno 2020.&nbsp; Il raggiungimento del 65% di raccolta differenziata \u00e8 un obiettivo minimo che la ditta appaltatrice deve garantire all\u2019Amministrazione Comunale . Qualora la ditta appaltatrice riuscisse a garantire il superamento degli obiettivi di raccolta differenziata oltre 5 punti percentuali, l\u2019 Amministrazione deve riconoscere alla stessa, quale elemento premiante ed incentivante, al termine di ogni annualit\u00e0, il 20% dei ricavi della cessione dei materiali recuperabili e\/o valorizzabili. A sua volta &nbsp;la ditta dovr\u00e0 versare agli operatori addetti al servizio, quale premio di produttivit\u00e0 annua ai sensi del Contratto Nazionale adottato, almeno il 30% della somma percepita dall\u2019Amministrazione a titolo di premialit\u00e0.&nbsp;<\/p>\n<p style=\"text-align: justify;\">Nonostante queste premesse, per\u00f2 \u201cci risulta che non sono state ancora liquidate &nbsp;le somme per la premialit\u00e0 ai dipendenti previste sia dal capitolato, che dal CCNL per gli anni 2018,2019, 2020 e 2021\u201d, si legge nella interrogazione per cui i Consiglieri pongono alla Sindaca tre domande: \u201csono stati raggiunti gli obiettivi dal fornitore nelle annualit\u00e0 2019, 2020 e 2021 ? A quanto ammonta la quota spettante al fornitore per gli obiettivi raggiunti?&nbsp;cosa ha fatto o intende &nbsp;fare per garantire le premialit\u00e0 spettanti ai dipendenti previste dal CCNL?\u201d.<\/p>\n<p style=\"text-align: justify;\">Vedremo, e daremo conto ai lettori, cosa l\u2019Amministrazione Di Medio risponder\u00e0.<\/p>\n<p>&nbsp;<\/p>\n<p>&nbsp;<\/p>\n","protected":false},"excerpt":{"rendered":"","protected":false},"author":1,"featured_media":0,"comment_status":"open","ping_status":"closed","sticky":false,"template":"","format":"standard","meta":{"colormag_page_container_layout":"default_layout","colormag_page_sidebar_layout":"default_layout","footnotes":""},"categories":[4],"tags":[],"class_list":["post-19632","post","type-post","status-publish","format-standard","hentry","category-politica"],"yoast_head":"<!-- This site is optimized with the Yoast SEO plugin v27.5 - https:\/\/yoast.com\/product\/yoast-seo-wordpress\/ -->\n<title>Le minoranze interrogano la Di Medio - Archivio CassanoWeb<\/title>\n<meta name=\"robots\" content=\"index, follow, max-snippet:-1, max-image-preview:large, max-video-preview:-1\" \/>\n<link rel=\"canonical\" href=\"https:\/\/archiviocassano.lavocedelpaese.info\/index.php\/2022\/02\/03\/le-minoranze-interrogano-la-di-medio-verde-pubblico-pnrr-e-premialita-rifiuti\/\" \/>\n<meta property=\"og:locale\" content=\"it_IT\" \/>\n<meta property=\"og:type\" content=\"article\" \/>\n<meta property=\"og:title\" content=\"Le minoranze interrogano la Di Medio - Archivio CassanoWeb\" \/>\n<meta property=\"og:url\" content=\"https:\/\/archiviocassano.lavocedelpaese.info\/index.php\/2022\/02\/03\/le-minoranze-interrogano-la-di-medio-verde-pubblico-pnrr-e-premialita-rifiuti\/\" \/>\n<meta property=\"og:site_name\" content=\"Archivio CassanoWeb\" \/>\n<meta property=\"article:publisher\" content=\"https:\/\/www.facebook.com\/redazione.cassanoweb\" \/>\n<meta property=\"article:published_time\" content=\"2022-02-03T07:15:57+00:00\" \/>\n<meta property=\"og:image\" content=\"https:\/\/live.staticflickr.com\/65535\/49496003436_68e4033757_z.jpg\" \/>\n<meta name=\"author\" content=\"admin\" \/>\n<meta name=\"twitter:card\" content=\"summary_large_image\" \/>\n<meta name=\"twitter:label1\" content=\"Scritto da\" \/>\n\t<meta name=\"twitter:data1\" content=\"admin\" \/>\n\t<meta name=\"twitter:label2\" content=\"Tempo di lettura stimato\" \/>\n\t<meta name=\"twitter:data2\" content=\"4 minuti\" \/>\n<script type=\"application\/ld+json\" class=\"yoast-schema-graph\">{\"@context\":\"https:\\\/\\\/schema.org\",\"@graph\":[{\"@type\":\"Article\",\"@id\":\"https:\\\/\\\/archiviocassano.lavocedelpaese.info\\\/index.php\\\/2022\\\/02\\\/03\\\/le-minoranze-interrogano-la-di-medio-verde-pubblico-pnrr-e-premialita-rifiuti\\\/#article\",\"isPartOf\":{\"@id\":\"https:\\\/\\\/archiviocassano.lavocedelpaese.info\\\/index.php\\\/2022\\\/02\\\/03\\\/le-minoranze-interrogano-la-di-medio-verde-pubblico-pnrr-e-premialita-rifiuti\\\/\"},\"author\":{\"name\":\"admin\",\"@id\":\"https:\\\/\\\/archiviocassano.lavocedelpaese.info\\\/#\\\/schema\\\/person\\\/df195bc79a9b4c35127cf005f92e041b\"},\"headline\":\"Le minoranze interrogano la Di Medio\",\"datePublished\":\"2022-02-03T07:15:57+00:00\",\"mainEntityOfPage\":{\"@id\":\"https:\\\/\\\/archiviocassano.lavocedelpaese.info\\\/index.php\\\/2022\\\/02\\\/03\\\/le-minoranze-interrogano-la-di-medio-verde-pubblico-pnrr-e-premialita-rifiuti\\\/\"},\"wordCount\":755,\"commentCount\":0,\"publisher\":{\"@id\":\"https:\\\/\\\/archiviocassano.lavocedelpaese.info\\\/#organization\"},\"image\":{\"@id\":\"https:\\\/\\\/archiviocassano.lavocedelpaese.info\\\/index.php\\\/2022\\\/02\\\/03\\\/le-minoranze-interrogano-la-di-medio-verde-pubblico-pnrr-e-premialita-rifiuti\\\/#primaryimage\"},\"thumbnailUrl\":\"https:\\\/\\\/live.staticflickr.com\\\/65535\\\/49496003436_68e4033757_z.jpg\",\"articleSection\":[\"Politica\"],\"inLanguage\":\"it-IT\",\"potentialAction\":[{\"@type\":\"CommentAction\",\"name\":\"Comment\",\"target\":[\"https:\\\/\\\/archiviocassano.lavocedelpaese.info\\\/index.php\\\/2022\\\/02\\\/03\\\/le-minoranze-interrogano-la-di-medio-verde-pubblico-pnrr-e-premialita-rifiuti\\\/#respond\"]}]},{\"@type\":\"WebPage\",\"@id\":\"https:\\\/\\\/archiviocassano.lavocedelpaese.info\\\/index.php\\\/2022\\\/02\\\/03\\\/le-minoranze-interrogano-la-di-medio-verde-pubblico-pnrr-e-premialita-rifiuti\\\/\",\"url\":\"https:\\\/\\\/archiviocassano.lavocedelpaese.info\\\/index.php\\\/2022\\\/02\\\/03\\\/le-minoranze-interrogano-la-di-medio-verde-pubblico-pnrr-e-premialita-rifiuti\\\/\",\"name\":\"Le minoranze interrogano la Di Medio - Archivio CassanoWeb\",\"isPartOf\":{\"@id\":\"https:\\\/\\\/archiviocassano.lavocedelpaese.info\\\/#website\"},\"primaryImageOfPage\":{\"@id\":\"https:\\\/\\\/archiviocassano.lavocedelpaese.info\\\/index.php\\\/2022\\\/02\\\/03\\\/le-minoranze-interrogano-la-di-medio-verde-pubblico-pnrr-e-premialita-rifiuti\\\/#primaryimage\"},\"image\":{\"@id\":\"https:\\\/\\\/archiviocassano.lavocedelpaese.info\\\/index.php\\\/2022\\\/02\\\/03\\\/le-minoranze-interrogano-la-di-medio-verde-pubblico-pnrr-e-premialita-rifiuti\\\/#primaryimage\"},\"thumbnailUrl\":\"https:\\\/\\\/live.staticflickr.com\\\/65535\\\/49496003436_68e4033757_z.jpg\",\"datePublished\":\"2022-02-03T07:15:57+00:00\",\"breadcrumb\":{\"@id\":\"https:\\\/\\\/archiviocassano.lavocedelpaese.info\\\/index.php\\\/2022\\\/02\\\/03\\\/le-minoranze-interrogano-la-di-medio-verde-pubblico-pnrr-e-premialita-rifiuti\\\/#breadcrumb\"},\"inLanguage\":\"it-IT\",\"potentialAction\":[{\"@type\":\"ReadAction\",\"target\":[\"https:\\\/\\\/archiviocassano.lavocedelpaese.info\\\/index.php\\\/2022\\\/02\\\/03\\\/le-minoranze-interrogano-la-di-medio-verde-pubblico-pnrr-e-premialita-rifiuti\\\/\"]}]},{\"@type\":\"ImageObject\",\"inLanguage\":\"it-IT\",\"@id\":\"https:\\\/\\\/archiviocassano.lavocedelpaese.info\\\/index.php\\\/2022\\\/02\\\/03\\\/le-minoranze-interrogano-la-di-medio-verde-pubblico-pnrr-e-premialita-rifiuti\\\/#primaryimage\",\"url\":\"https:\\\/\\\/live.staticflickr.com\\\/65535\\\/49496003436_68e4033757_z.jpg\",\"contentUrl\":\"https:\\\/\\\/live.staticflickr.com\\\/65535\\\/49496003436_68e4033757_z.jpg\"},{\"@type\":\"BreadcrumbList\",\"@id\":\"https:\\\/\\\/archiviocassano.lavocedelpaese.info\\\/index.php\\\/2022\\\/02\\\/03\\\/le-minoranze-interrogano-la-di-medio-verde-pubblico-pnrr-e-premialita-rifiuti\\\/#breadcrumb\",\"itemListElement\":[{\"@type\":\"ListItem\",\"position\":1,\"name\":\"Home\",\"item\":\"https:\\\/\\\/archiviocassano.lavocedelpaese.info\\\/\"},{\"@type\":\"ListItem\",\"position\":2,\"name\":\"Le minoranze interrogano la Di Medio\"}]},{\"@type\":\"WebSite\",\"@id\":\"https:\\\/\\\/archiviocassano.lavocedelpaese.info\\\/#website\",\"url\":\"https:\\\/\\\/archiviocassano.lavocedelpaese.info\\\/\",\"name\":\"Archivio CassanoWeb\",\"description\":\"La Voce del Paese - un network di idee\",\"publisher\":{\"@id\":\"https:\\\/\\\/archiviocassano.lavocedelpaese.info\\\/#organization\"},\"potentialAction\":[{\"@type\":\"SearchAction\",\"target\":{\"@type\":\"EntryPoint\",\"urlTemplate\":\"https:\\\/\\\/archiviocassano.lavocedelpaese.info\\\/?s={search_term_string}\"},\"query-input\":{\"@type\":\"PropertyValueSpecification\",\"valueRequired\":true,\"valueName\":\"search_term_string\"}}],\"inLanguage\":\"it-IT\"},{\"@type\":\"Organization\",\"@id\":\"https:\\\/\\\/archiviocassano.lavocedelpaese.info\\\/#organization\",\"name\":\"Archivio CassanoWeb\",\"url\":\"https:\\\/\\\/archiviocassano.lavocedelpaese.info\\\/\",\"logo\":{\"@type\":\"ImageObject\",\"inLanguage\":\"it-IT\",\"@id\":\"https:\\\/\\\/archiviocassano.lavocedelpaese.info\\\/#\\\/schema\\\/logo\\\/image\\\/\",\"url\":\"https:\\\/\\\/archiviocassano.lavocedelpaese.info\\\/wp-content\\\/uploads\\\/2024\\\/08\\\/logo-rosso-2.png\",\"contentUrl\":\"https:\\\/\\\/archiviocassano.lavocedelpaese.info\\\/wp-content\\\/uploads\\\/2024\\\/08\\\/logo-rosso-2.png\",\"width\":491,\"height\":432,\"caption\":\"Archivio CassanoWeb\"},\"image\":{\"@id\":\"https:\\\/\\\/archiviocassano.lavocedelpaese.info\\\/#\\\/schema\\\/logo\\\/image\\\/\"},\"sameAs\":[\"https:\\\/\\\/www.facebook.com\\\/redazione.cassanoweb\"]},{\"@type\":\"Person\",\"@id\":\"https:\\\/\\\/archiviocassano.lavocedelpaese.info\\\/#\\\/schema\\\/person\\\/df195bc79a9b4c35127cf005f92e041b\",\"name\":\"admin\",\"image\":{\"@type\":\"ImageObject\",\"inLanguage\":\"it-IT\",\"@id\":\"https:\\\/\\\/secure.gravatar.com\\\/avatar\\\/eabba89a432e8eaa1b0207cc55f7e5340b22712b1ed80677efcf63e02ff5b235?s=96&d=mm&r=g\",\"url\":\"https:\\\/\\\/secure.gravatar.com\\\/avatar\\\/eabba89a432e8eaa1b0207cc55f7e5340b22712b1ed80677efcf63e02ff5b235?s=96&d=mm&r=g\",\"contentUrl\":\"https:\\\/\\\/secure.gravatar.com\\\/avatar\\\/eabba89a432e8eaa1b0207cc55f7e5340b22712b1ed80677efcf63e02ff5b235?s=96&d=mm&r=g\",\"caption\":\"admin\"},\"sameAs\":[\"https:\\\/\\\/archiviocassano.lavocedelpaese.info\"],\"url\":\"https:\\\/\\\/archiviocassano.lavocedelpaese.info\\\/index.php\\\/author\\\/admin_0qgz1xdp\\\/\"}]}<\/script>\n<!-- \/ Yoast SEO plugin. -->","yoast_head_json":{"title":"Le minoranze interrogano la Di Medio - Archivio CassanoWeb","robots":{"index":"index","follow":"follow","max-snippet":"max-snippet:-1","max-image-preview":"max-image-preview:large","max-video-preview":"max-video-preview:-1"},"canonical":"https:\/\/archiviocassano.lavocedelpaese.info\/index.php\/2022\/02\/03\/le-minoranze-interrogano-la-di-medio-verde-pubblico-pnrr-e-premialita-rifiuti\/","og_locale":"it_IT","og_type":"article","og_title":"Le minoranze interrogano la Di Medio - Archivio CassanoWeb","og_url":"https:\/\/archiviocassano.lavocedelpaese.info\/index.php\/2022\/02\/03\/le-minoranze-interrogano-la-di-medio-verde-pubblico-pnrr-e-premialita-rifiuti\/","og_site_name":"Archivio CassanoWeb","article_publisher":"https:\/\/www.facebook.com\/redazione.cassanoweb","article_published_time":"2022-02-03T07:15:57+00:00","og_image":[{"url":"https:\/\/live.staticflickr.com\/65535\/49496003436_68e4033757_z.jpg","type":"","width":"","height":""}],"author":"admin","twitter_card":"summary_large_image","twitter_misc":{"Scritto da":"admin","Tempo di lettura stimato":"4 minuti"},"schema":{"@context":"https:\/\/schema.org","@graph":[{"@type":"Article","@id":"https:\/\/archiviocassano.lavocedelpaese.info\/index.php\/2022\/02\/03\/le-minoranze-interrogano-la-di-medio-verde-pubblico-pnrr-e-premialita-rifiuti\/#article","isPartOf":{"@id":"https:\/\/archiviocassano.lavocedelpaese.info\/index.php\/2022\/02\/03\/le-minoranze-interrogano-la-di-medio-verde-pubblico-pnrr-e-premialita-rifiuti\/"},"author":{"name":"admin","@id":"https:\/\/archiviocassano.lavocedelpaese.info\/#\/schema\/person\/df195bc79a9b4c35127cf005f92e041b"},"headline":"Le minoranze interrogano la Di Medio","datePublished":"2022-02-03T07:15:57+00:00","mainEntityOfPage":{"@id":"https:\/\/archiviocassano.lavocedelpaese.info\/index.php\/2022\/02\/03\/le-minoranze-interrogano-la-di-medio-verde-pubblico-pnrr-e-premialita-rifiuti\/"},"wordCount":755,"commentCount":0,"publisher":{"@id":"https:\/\/archiviocassano.lavocedelpaese.info\/#organization"},"image":{"@id":"https:\/\/archiviocassano.lavocedelpaese.info\/index.php\/2022\/02\/03\/le-minoranze-interrogano-la-di-medio-verde-pubblico-pnrr-e-premialita-rifiuti\/#primaryimage"},"thumbnailUrl":"https:\/\/live.staticflickr.com\/65535\/49496003436_68e4033757_z.jpg","articleSection":["Politica"],"inLanguage":"it-IT","potentialAction":[{"@type":"CommentAction","name":"Comment","target":["https:\/\/archiviocassano.lavocedelpaese.info\/index.php\/2022\/02\/03\/le-minoranze-interrogano-la-di-medio-verde-pubblico-pnrr-e-premialita-rifiuti\/#respond"]}]},{"@type":"WebPage","@id":"https:\/\/archiviocassano.lavocedelpaese.info\/index.php\/2022\/02\/03\/le-minoranze-interrogano-la-di-medio-verde-pubblico-pnrr-e-premialita-rifiuti\/","url":"https:\/\/archiviocassano.lavocedelpaese.info\/index.php\/2022\/02\/03\/le-minoranze-interrogano-la-di-medio-verde-pubblico-pnrr-e-premialita-rifiuti\/","name":"Le minoranze interrogano la Di Medio - Archivio CassanoWeb","isPartOf":{"@id":"https:\/\/archiviocassano.lavocedelpaese.info\/#website"},"primaryImageOfPage":{"@id":"https:\/\/archiviocassano.lavocedelpaese.info\/index.php\/2022\/02\/03\/le-minoranze-interrogano-la-di-medio-verde-pubblico-pnrr-e-premialita-rifiuti\/#primaryimage"},"image":{"@id":"https:\/\/archiviocassano.lavocedelpaese.info\/index.php\/2022\/02\/03\/le-minoranze-interrogano-la-di-medio-verde-pubblico-pnrr-e-premialita-rifiuti\/#primaryimage"},"thumbnailUrl":"https:\/\/live.staticflickr.com\/65535\/49496003436_68e4033757_z.jpg","datePublished":"2022-02-03T07:15:57+00:00","breadcrumb":{"@id":"https:\/\/archiviocassano.lavocedelpaese.info\/index.php\/2022\/02\/03\/le-minoranze-interrogano-la-di-medio-verde-pubblico-pnrr-e-premialita-rifiuti\/#breadcrumb"},"inLanguage":"it-IT","potentialAction":[{"@type":"ReadAction","target":["https:\/\/archiviocassano.lavocedelpaese.info\/index.php\/2022\/02\/03\/le-minoranze-interrogano-la-di-medio-verde-pubblico-pnrr-e-premialita-rifiuti\/"]}]},{"@type":"ImageObject","inLanguage":"it-IT","@id":"https:\/\/archiviocassano.lavocedelpaese.info\/index.php\/2022\/02\/03\/le-minoranze-interrogano-la-di-medio-verde-pubblico-pnrr-e-premialita-rifiuti\/#primaryimage","url":"https:\/\/live.staticflickr.com\/65535\/49496003436_68e4033757_z.jpg","contentUrl":"https:\/\/live.staticflickr.com\/65535\/49496003436_68e4033757_z.jpg"},{"@type":"BreadcrumbList","@id":"https:\/\/archiviocassano.lavocedelpaese.info\/index.php\/2022\/02\/03\/le-minoranze-interrogano-la-di-medio-verde-pubblico-pnrr-e-premialita-rifiuti\/#breadcrumb","itemListElement":[{"@type":"ListItem","position":1,"name":"Home","item":"https:\/\/archiviocassano.lavocedelpaese.info\/"},{"@type":"ListItem","position":2,"name":"Le minoranze interrogano la Di Medio"}]},{"@type":"WebSite","@id":"https:\/\/archiviocassano.lavocedelpaese.info\/#website","url":"https:\/\/archiviocassano.lavocedelpaese.info\/","name":"Archivio CassanoWeb","description":"La Voce del Paese - un network di idee","publisher":{"@id":"https:\/\/archiviocassano.lavocedelpaese.info\/#organization"},"potentialAction":[{"@type":"SearchAction","target":{"@type":"EntryPoint","urlTemplate":"https:\/\/archiviocassano.lavocedelpaese.info\/?s={search_term_string}"},"query-input":{"@type":"PropertyValueSpecification","valueRequired":true,"valueName":"search_term_string"}}],"inLanguage":"it-IT"},{"@type":"Organization","@id":"https:\/\/archiviocassano.lavocedelpaese.info\/#organization","name":"Archivio CassanoWeb","url":"https:\/\/archiviocassano.lavocedelpaese.info\/","logo":{"@type":"ImageObject","inLanguage":"it-IT","@id":"https:\/\/archiviocassano.lavocedelpaese.info\/#\/schema\/logo\/image\/","url":"https:\/\/archiviocassano.lavocedelpaese.info\/wp-content\/uploads\/2024\/08\/logo-rosso-2.png","contentUrl":"https:\/\/archiviocassano.lavocedelpaese.info\/wp-content\/uploads\/2024\/08\/logo-rosso-2.png","width":491,"height":432,"caption":"Archivio CassanoWeb"},"image":{"@id":"https:\/\/archiviocassano.lavocedelpaese.info\/#\/schema\/logo\/image\/"},"sameAs":["https:\/\/www.facebook.com\/redazione.cassanoweb"]},{"@type":"Person","@id":"https:\/\/archiviocassano.lavocedelpaese.info\/#\/schema\/person\/df195bc79a9b4c35127cf005f92e041b","name":"admin","image":{"@type":"ImageObject","inLanguage":"it-IT","@id":"https:\/\/secure.gravatar.com\/avatar\/eabba89a432e8eaa1b0207cc55f7e5340b22712b1ed80677efcf63e02ff5b235?s=96&d=mm&r=g","url":"https:\/\/secure.gravatar.com\/avatar\/eabba89a432e8eaa1b0207cc55f7e5340b22712b1ed80677efcf63e02ff5b235?s=96&d=mm&r=g","contentUrl":"https:\/\/secure.gravatar.com\/avatar\/eabba89a432e8eaa1b0207cc55f7e5340b22712b1ed80677efcf63e02ff5b235?s=96&d=mm&r=g","caption":"admin"},"sameAs":["https:\/\/archiviocassano.lavocedelpaese.info"],"url":"https:\/\/archiviocassano.lavocedelpaese.info\/index.php\/author\/admin_0qgz1xdp\/"}]}},"_links":{"self":[{"href":"https:\/\/archiviocassano.lavocedelpaese.info\/index.php\/wp-json\/wp\/v2\/posts\/19632","targetHints":{"allow":["GET"]}}],"collection":[{"href":"https:\/\/archiviocassano.lavocedelpaese.info\/index.php\/wp-json\/wp\/v2\/posts"}],"about":[{"href":"https:\/\/archiviocassano.lavocedelpaese.info\/index.php\/wp-json\/wp\/v2\/types\/post"}],"author":[{"embeddable":true,"href":"https:\/\/archiviocassano.lavocedelpaese.info\/index.php\/wp-json\/wp\/v2\/users\/1"}],"replies":[{"embeddable":true,"href":"https:\/\/archiviocassano.lavocedelpaese.info\/index.php\/wp-json\/wp\/v2\/comments?post=19632"}],"version-history":[{"count":0,"href":"https:\/\/archiviocassano.lavocedelpaese.info\/index.php\/wp-json\/wp\/v2\/posts\/19632\/revisions"}],"wp:attachment":[{"href":"https:\/\/archiviocassano.lavocedelpaese.info\/index.php\/wp-json\/wp\/v2\/media?parent=19632"}],"wp:term":[{"taxonomy":"category","embeddable":true,"href":"https:\/\/archiviocassano.lavocedelpaese.info\/index.php\/wp-json\/wp\/v2\/categories?post=19632"},{"taxonomy":"post_tag","embeddable":true,"href":"https:\/\/archiviocassano.lavocedelpaese.info\/index.php\/wp-json\/wp\/v2\/tags?post=19632"}],"curies":[{"name":"wp","href":"https:\/\/api.w.org\/{rel}","templated":true}]}}