{"id":19639,"date":"2022-02-06T17:00:56","date_gmt":"2022-02-06T17:00:56","guid":{"rendered":"https:\/\/archiviocassano.lavocedelpaese.info\/index.php\/2022\/02\/06\/qcomitato-festa-patronaleq-e-ora-di-ripartire\/"},"modified":"2022-02-06T17:00:56","modified_gmt":"2022-02-06T17:00:56","slug":"qcomitato-festa-patronaleq-e-ora-di-ripartire","status":"publish","type":"post","link":"https:\/\/archiviocassano.lavocedelpaese.info\/index.php\/2022\/02\/06\/qcomitato-festa-patronaleq-e-ora-di-ripartire\/","title":{"rendered":"&#8220;Comitato Festa Patronale&#8221;: \u00e8 ora di ripartire"},"content":{"rendered":"<p><img loading=\"lazy\" decoding=\"async\" class=\" size-full wp-image-19638\" src=\"https:\/\/archiviocassano.lavocedelpaese.info\/wp-content\/uploads\/2022\/02\/273041980_1832020020520448_4010124932983172869_n_copy.jpg\" width=\"320\" height=\"176\" alt=\"273041980 1832020020520448 4010124932983172869 n copy\" style=\"margin-right: 2px; margin-left: 2px;\" srcset=\"https:\/\/archiviocassano.lavocedelpaese.info\/wp-content\/uploads\/2022\/02\/273041980_1832020020520448_4010124932983172869_n_copy.jpg 1026w, https:\/\/archiviocassano.lavocedelpaese.info\/wp-content\/uploads\/2022\/02\/273041980_1832020020520448_4010124932983172869_n_copy-300x165.jpg 300w, https:\/\/archiviocassano.lavocedelpaese.info\/wp-content\/uploads\/2022\/02\/273041980_1832020020520448_4010124932983172869_n_copy-1024x562.jpg 1024w, https:\/\/archiviocassano.lavocedelpaese.info\/wp-content\/uploads\/2022\/02\/273041980_1832020020520448_4010124932983172869_n_copy-768x421.jpg 768w\" sizes=\"auto, (max-width: 320px) 100vw, 320px\" \/><\/p>\n<p><!--more--><\/p>\n<p><p>E? ora di ????????????????????????????????????!! ,Chi desidera farne parte? Chi desidera offrire il suo contributo per organizzare e vivere \u201cla Festa grann\u201d?<\/p>\n<p>Dopo tre anni il gruppo di lavoro si \u00e8 sciolto per offrire a chi vuole, vecchi e nuovi, la possibilit\u00e0 di far parte del nuovo comitato offrendo il proprio servizio.<\/p>\n<p>Quali caratteristiche dovrebbe avere colui o colei che entra nel comitato? Essere in cammino sulla via del Vangelo, credere nel Signore e amare la sua Chiesa, anche nelle sue fragilit\u00e0 e lentezze. Non perfetti cristiani o cristiane sante: uomini e donne che cercano di sperimentarsi nella fraternit\u00e0 con tutti i propri limiti; uomini e donne di comunione che pur non trovandosi sempre d\u2019accordo riescono a non farne una questione personale, piuttosto sondano strade per vivere il bene possibile qui e ora.<\/p>\n<p>Amare Maria \u00e8 amare il Signore, la Chiesa, i fratelli e le sorelle che la compongono. La prima festa \u00e8 preparare la festa della Madonna, sognarla e con impegno, sudore, generosit\u00e0, spreco di s\u00e9, realizzarla perch\u00e9 tutti siano in festa intorno alla festeggiata.<\/p>\n<p>La festa di Maria non pu\u00f2 essere una gara per cui chi offre il proprio tempo non deve confrontarsi con alcun passato o presente se non quello da realizzare. L\u2019obiettivo del servizio \u00e8 chiaro: celebrare Maria Regina degli Angeli madre dei credenti e di tutti coloro che vivono a Cassano delle Murge, paese di cui \u00e8 patrona. Vivere una festa religiosa che richiama a vivere la fraternit\u00e0 universale che Papa Francesco continuamente ci indica.<\/p>\n<p>Chi volesse far parte del comitato mi contattasse, senza alcun timore o remora! Grazie sin d\u2019ora a quanti si giocheranno in questa avventura: faticosa e bella.<\/p>\n<p>L\u2019invito \u00e8 rivolto a tutti, anche e non solo, a quanti fanno parte della Parrocchia Madonna delle Grazie, frequentano il Santuario o sono semplicemente cittadini di Cassano delle Murge.<\/p>\n<p>Il comitato inizier\u00e0 ad incontrarsi domenica 20 febbraio: entro quella data dovrebbero arrivare le disponibilit\u00e0.&nbsp;<\/p>\n<p>&nbsp;<\/p>\n","protected":false},"excerpt":{"rendered":"","protected":false},"author":1,"featured_media":19638,"comment_status":"open","ping_status":"closed","sticky":false,"template":"","format":"standard","meta":{"colormag_page_container_layout":"default_layout","colormag_page_sidebar_layout":"default_layout","footnotes":""},"categories":[7],"tags":[],"class_list":["post-19639","post","type-post","status-publish","format-standard","has-post-thumbnail","hentry","category-attualita"],"yoast_head":"<!-- This site is optimized with the Yoast SEO plugin v27.5 - https:\/\/yoast.com\/product\/yoast-seo-wordpress\/ -->\n<title>&quot;Comitato Festa Patronale&quot;: \u00e8 ora di ripartire - Archivio CassanoWeb<\/title>\n<meta name=\"robots\" content=\"index, follow, max-snippet:-1, max-image-preview:large, max-video-preview:-1\" \/>\n<link rel=\"canonical\" href=\"https:\/\/archiviocassano.lavocedelpaese.info\/index.php\/2022\/02\/06\/qcomitato-festa-patronaleq-e-ora-di-ripartire\/\" \/>\n<meta property=\"og:locale\" content=\"it_IT\" \/>\n<meta property=\"og:type\" content=\"article\" \/>\n<meta property=\"og:title\" content=\"&quot;Comitato Festa Patronale&quot;: \u00e8 ora di ripartire - Archivio CassanoWeb\" \/>\n<meta property=\"og:url\" content=\"https:\/\/archiviocassano.lavocedelpaese.info\/index.php\/2022\/02\/06\/qcomitato-festa-patronaleq-e-ora-di-ripartire\/\" \/>\n<meta property=\"og:site_name\" content=\"Archivio CassanoWeb\" \/>\n<meta property=\"article:publisher\" content=\"https:\/\/www.facebook.com\/redazione.cassanoweb\" \/>\n<meta property=\"article:published_time\" content=\"2022-02-06T17:00:56+00:00\" \/>\n<meta property=\"og:image\" content=\"https:\/\/archiviocassano.lavocedelpaese.info\/wp-content\/uploads\/2022\/02\/273041980_1832020020520448_4010124932983172869_n_copy.jpg\" \/>\n\t<meta property=\"og:image:width\" content=\"1026\" \/>\n\t<meta property=\"og:image:height\" content=\"563\" \/>\n\t<meta property=\"og:image:type\" content=\"image\/jpeg\" \/>\n<meta name=\"author\" content=\"admin\" \/>\n<meta name=\"twitter:card\" content=\"summary_large_image\" \/>\n<meta name=\"twitter:label1\" content=\"Scritto da\" \/>\n\t<meta name=\"twitter:data1\" content=\"admin\" \/>\n\t<meta name=\"twitter:label2\" content=\"Tempo di lettura stimato\" \/>\n\t<meta name=\"twitter:data2\" content=\"2 minuti\" \/>\n<script type=\"application\/ld+json\" class=\"yoast-schema-graph\">{\"@context\":\"https:\\\/\\\/schema.org\",\"@graph\":[{\"@type\":\"Article\",\"@id\":\"https:\\\/\\\/archiviocassano.lavocedelpaese.info\\\/index.php\\\/2022\\\/02\\\/06\\\/qcomitato-festa-patronaleq-e-ora-di-ripartire\\\/#article\",\"isPartOf\":{\"@id\":\"https:\\\/\\\/archiviocassano.lavocedelpaese.info\\\/index.php\\\/2022\\\/02\\\/06\\\/qcomitato-festa-patronaleq-e-ora-di-ripartire\\\/\"},\"author\":{\"name\":\"admin\",\"@id\":\"https:\\\/\\\/archiviocassano.lavocedelpaese.info\\\/#\\\/schema\\\/person\\\/df195bc79a9b4c35127cf005f92e041b\"},\"headline\":\"&#8220;Comitato Festa Patronale&#8221;: \u00e8 ora di ripartire\",\"datePublished\":\"2022-02-06T17:00:56+00:00\",\"mainEntityOfPage\":{\"@id\":\"https:\\\/\\\/archiviocassano.lavocedelpaese.info\\\/index.php\\\/2022\\\/02\\\/06\\\/qcomitato-festa-patronaleq-e-ora-di-ripartire\\\/\"},\"wordCount\":323,\"commentCount\":0,\"publisher\":{\"@id\":\"https:\\\/\\\/archiviocassano.lavocedelpaese.info\\\/#organization\"},\"image\":{\"@id\":\"https:\\\/\\\/archiviocassano.lavocedelpaese.info\\\/index.php\\\/2022\\\/02\\\/06\\\/qcomitato-festa-patronaleq-e-ora-di-ripartire\\\/#primaryimage\"},\"thumbnailUrl\":\"https:\\\/\\\/archiviocassano.lavocedelpaese.info\\\/wp-content\\\/uploads\\\/2022\\\/02\\\/273041980_1832020020520448_4010124932983172869_n_copy.jpg\",\"articleSection\":[\"Attualit\u00e0\"],\"inLanguage\":\"it-IT\",\"potentialAction\":[{\"@type\":\"CommentAction\",\"name\":\"Comment\",\"target\":[\"https:\\\/\\\/archiviocassano.lavocedelpaese.info\\\/index.php\\\/2022\\\/02\\\/06\\\/qcomitato-festa-patronaleq-e-ora-di-ripartire\\\/#respond\"]}]},{\"@type\":\"WebPage\",\"@id\":\"https:\\\/\\\/archiviocassano.lavocedelpaese.info\\\/index.php\\\/2022\\\/02\\\/06\\\/qcomitato-festa-patronaleq-e-ora-di-ripartire\\\/\",\"url\":\"https:\\\/\\\/archiviocassano.lavocedelpaese.info\\\/index.php\\\/2022\\\/02\\\/06\\\/qcomitato-festa-patronaleq-e-ora-di-ripartire\\\/\",\"name\":\"\\\"Comitato Festa Patronale\\\": \u00e8 ora di ripartire - Archivio CassanoWeb\",\"isPartOf\":{\"@id\":\"https:\\\/\\\/archiviocassano.lavocedelpaese.info\\\/#website\"},\"primaryImageOfPage\":{\"@id\":\"https:\\\/\\\/archiviocassano.lavocedelpaese.info\\\/index.php\\\/2022\\\/02\\\/06\\\/qcomitato-festa-patronaleq-e-ora-di-ripartire\\\/#primaryimage\"},\"image\":{\"@id\":\"https:\\\/\\\/archiviocassano.lavocedelpaese.info\\\/index.php\\\/2022\\\/02\\\/06\\\/qcomitato-festa-patronaleq-e-ora-di-ripartire\\\/#primaryimage\"},\"thumbnailUrl\":\"https:\\\/\\\/archiviocassano.lavocedelpaese.info\\\/wp-content\\\/uploads\\\/2022\\\/02\\\/273041980_1832020020520448_4010124932983172869_n_copy.jpg\",\"datePublished\":\"2022-02-06T17:00:56+00:00\",\"breadcrumb\":{\"@id\":\"https:\\\/\\\/archiviocassano.lavocedelpaese.info\\\/index.php\\\/2022\\\/02\\\/06\\\/qcomitato-festa-patronaleq-e-ora-di-ripartire\\\/#breadcrumb\"},\"inLanguage\":\"it-IT\",\"potentialAction\":[{\"@type\":\"ReadAction\",\"target\":[\"https:\\\/\\\/archiviocassano.lavocedelpaese.info\\\/index.php\\\/2022\\\/02\\\/06\\\/qcomitato-festa-patronaleq-e-ora-di-ripartire\\\/\"]}]},{\"@type\":\"ImageObject\",\"inLanguage\":\"it-IT\",\"@id\":\"https:\\\/\\\/archiviocassano.lavocedelpaese.info\\\/index.php\\\/2022\\\/02\\\/06\\\/qcomitato-festa-patronaleq-e-ora-di-ripartire\\\/#primaryimage\",\"url\":\"https:\\\/\\\/archiviocassano.lavocedelpaese.info\\\/wp-content\\\/uploads\\\/2022\\\/02\\\/273041980_1832020020520448_4010124932983172869_n_copy.jpg\",\"contentUrl\":\"https:\\\/\\\/archiviocassano.lavocedelpaese.info\\\/wp-content\\\/uploads\\\/2022\\\/02\\\/273041980_1832020020520448_4010124932983172869_n_copy.jpg\",\"width\":1026,\"height\":563,\"caption\":\"273041980 1832020020520448 4010124932983172869 n copy\"},{\"@type\":\"BreadcrumbList\",\"@id\":\"https:\\\/\\\/archiviocassano.lavocedelpaese.info\\\/index.php\\\/2022\\\/02\\\/06\\\/qcomitato-festa-patronaleq-e-ora-di-ripartire\\\/#breadcrumb\",\"itemListElement\":[{\"@type\":\"ListItem\",\"position\":1,\"name\":\"Home\",\"item\":\"https:\\\/\\\/archiviocassano.lavocedelpaese.info\\\/\"},{\"@type\":\"ListItem\",\"position\":2,\"name\":\"&#8220;Comitato Festa Patronale&#8221;: \u00e8 ora di ripartire\"}]},{\"@type\":\"WebSite\",\"@id\":\"https:\\\/\\\/archiviocassano.lavocedelpaese.info\\\/#website\",\"url\":\"https:\\\/\\\/archiviocassano.lavocedelpaese.info\\\/\",\"name\":\"Archivio CassanoWeb\",\"description\":\"La Voce del Paese - un network di idee\",\"publisher\":{\"@id\":\"https:\\\/\\\/archiviocassano.lavocedelpaese.info\\\/#organization\"},\"potentialAction\":[{\"@type\":\"SearchAction\",\"target\":{\"@type\":\"EntryPoint\",\"urlTemplate\":\"https:\\\/\\\/archiviocassano.lavocedelpaese.info\\\/?s={search_term_string}\"},\"query-input\":{\"@type\":\"PropertyValueSpecification\",\"valueRequired\":true,\"valueName\":\"search_term_string\"}}],\"inLanguage\":\"it-IT\"},{\"@type\":\"Organization\",\"@id\":\"https:\\\/\\\/archiviocassano.lavocedelpaese.info\\\/#organization\",\"name\":\"Archivio CassanoWeb\",\"url\":\"https:\\\/\\\/archiviocassano.lavocedelpaese.info\\\/\",\"logo\":{\"@type\":\"ImageObject\",\"inLanguage\":\"it-IT\",\"@id\":\"https:\\\/\\\/archiviocassano.lavocedelpaese.info\\\/#\\\/schema\\\/logo\\\/image\\\/\",\"url\":\"https:\\\/\\\/archiviocassano.lavocedelpaese.info\\\/wp-content\\\/uploads\\\/2024\\\/08\\\/logo-rosso-2.png\",\"contentUrl\":\"https:\\\/\\\/archiviocassano.lavocedelpaese.info\\\/wp-content\\\/uploads\\\/2024\\\/08\\\/logo-rosso-2.png\",\"width\":491,\"height\":432,\"caption\":\"Archivio CassanoWeb\"},\"image\":{\"@id\":\"https:\\\/\\\/archiviocassano.lavocedelpaese.info\\\/#\\\/schema\\\/logo\\\/image\\\/\"},\"sameAs\":[\"https:\\\/\\\/www.facebook.com\\\/redazione.cassanoweb\"]},{\"@type\":\"Person\",\"@id\":\"https:\\\/\\\/archiviocassano.lavocedelpaese.info\\\/#\\\/schema\\\/person\\\/df195bc79a9b4c35127cf005f92e041b\",\"name\":\"admin\",\"image\":{\"@type\":\"ImageObject\",\"inLanguage\":\"it-IT\",\"@id\":\"https:\\\/\\\/secure.gravatar.com\\\/avatar\\\/eabba89a432e8eaa1b0207cc55f7e5340b22712b1ed80677efcf63e02ff5b235?s=96&d=mm&r=g\",\"url\":\"https:\\\/\\\/secure.gravatar.com\\\/avatar\\\/eabba89a432e8eaa1b0207cc55f7e5340b22712b1ed80677efcf63e02ff5b235?s=96&d=mm&r=g\",\"contentUrl\":\"https:\\\/\\\/secure.gravatar.com\\\/avatar\\\/eabba89a432e8eaa1b0207cc55f7e5340b22712b1ed80677efcf63e02ff5b235?s=96&d=mm&r=g\",\"caption\":\"admin\"},\"sameAs\":[\"https:\\\/\\\/archiviocassano.lavocedelpaese.info\"],\"url\":\"https:\\\/\\\/archiviocassano.lavocedelpaese.info\\\/index.php\\\/author\\\/admin_0qgz1xdp\\\/\"}]}<\/script>\n<!-- \/ Yoast SEO plugin. -->","yoast_head_json":{"title":"\"Comitato Festa Patronale\": \u00e8 ora di ripartire - Archivio CassanoWeb","robots":{"index":"index","follow":"follow","max-snippet":"max-snippet:-1","max-image-preview":"max-image-preview:large","max-video-preview":"max-video-preview:-1"},"canonical":"https:\/\/archiviocassano.lavocedelpaese.info\/index.php\/2022\/02\/06\/qcomitato-festa-patronaleq-e-ora-di-ripartire\/","og_locale":"it_IT","og_type":"article","og_title":"\"Comitato Festa Patronale\": \u00e8 ora di ripartire - Archivio CassanoWeb","og_url":"https:\/\/archiviocassano.lavocedelpaese.info\/index.php\/2022\/02\/06\/qcomitato-festa-patronaleq-e-ora-di-ripartire\/","og_site_name":"Archivio CassanoWeb","article_publisher":"https:\/\/www.facebook.com\/redazione.cassanoweb","article_published_time":"2022-02-06T17:00:56+00:00","og_image":[{"width":1026,"height":563,"url":"https:\/\/archiviocassano.lavocedelpaese.info\/wp-content\/uploads\/2022\/02\/273041980_1832020020520448_4010124932983172869_n_copy.jpg","type":"image\/jpeg"}],"author":"admin","twitter_card":"summary_large_image","twitter_misc":{"Scritto da":"admin","Tempo di lettura stimato":"2 minuti"},"schema":{"@context":"https:\/\/schema.org","@graph":[{"@type":"Article","@id":"https:\/\/archiviocassano.lavocedelpaese.info\/index.php\/2022\/02\/06\/qcomitato-festa-patronaleq-e-ora-di-ripartire\/#article","isPartOf":{"@id":"https:\/\/archiviocassano.lavocedelpaese.info\/index.php\/2022\/02\/06\/qcomitato-festa-patronaleq-e-ora-di-ripartire\/"},"author":{"name":"admin","@id":"https:\/\/archiviocassano.lavocedelpaese.info\/#\/schema\/person\/df195bc79a9b4c35127cf005f92e041b"},"headline":"&#8220;Comitato Festa Patronale&#8221;: \u00e8 ora di ripartire","datePublished":"2022-02-06T17:00:56+00:00","mainEntityOfPage":{"@id":"https:\/\/archiviocassano.lavocedelpaese.info\/index.php\/2022\/02\/06\/qcomitato-festa-patronaleq-e-ora-di-ripartire\/"},"wordCount":323,"commentCount":0,"publisher":{"@id":"https:\/\/archiviocassano.lavocedelpaese.info\/#organization"},"image":{"@id":"https:\/\/archiviocassano.lavocedelpaese.info\/index.php\/2022\/02\/06\/qcomitato-festa-patronaleq-e-ora-di-ripartire\/#primaryimage"},"thumbnailUrl":"https:\/\/archiviocassano.lavocedelpaese.info\/wp-content\/uploads\/2022\/02\/273041980_1832020020520448_4010124932983172869_n_copy.jpg","articleSection":["Attualit\u00e0"],"inLanguage":"it-IT","potentialAction":[{"@type":"CommentAction","name":"Comment","target":["https:\/\/archiviocassano.lavocedelpaese.info\/index.php\/2022\/02\/06\/qcomitato-festa-patronaleq-e-ora-di-ripartire\/#respond"]}]},{"@type":"WebPage","@id":"https:\/\/archiviocassano.lavocedelpaese.info\/index.php\/2022\/02\/06\/qcomitato-festa-patronaleq-e-ora-di-ripartire\/","url":"https:\/\/archiviocassano.lavocedelpaese.info\/index.php\/2022\/02\/06\/qcomitato-festa-patronaleq-e-ora-di-ripartire\/","name":"\"Comitato Festa Patronale\": \u00e8 ora di ripartire - Archivio CassanoWeb","isPartOf":{"@id":"https:\/\/archiviocassano.lavocedelpaese.info\/#website"},"primaryImageOfPage":{"@id":"https:\/\/archiviocassano.lavocedelpaese.info\/index.php\/2022\/02\/06\/qcomitato-festa-patronaleq-e-ora-di-ripartire\/#primaryimage"},"image":{"@id":"https:\/\/archiviocassano.lavocedelpaese.info\/index.php\/2022\/02\/06\/qcomitato-festa-patronaleq-e-ora-di-ripartire\/#primaryimage"},"thumbnailUrl":"https:\/\/archiviocassano.lavocedelpaese.info\/wp-content\/uploads\/2022\/02\/273041980_1832020020520448_4010124932983172869_n_copy.jpg","datePublished":"2022-02-06T17:00:56+00:00","breadcrumb":{"@id":"https:\/\/archiviocassano.lavocedelpaese.info\/index.php\/2022\/02\/06\/qcomitato-festa-patronaleq-e-ora-di-ripartire\/#breadcrumb"},"inLanguage":"it-IT","potentialAction":[{"@type":"ReadAction","target":["https:\/\/archiviocassano.lavocedelpaese.info\/index.php\/2022\/02\/06\/qcomitato-festa-patronaleq-e-ora-di-ripartire\/"]}]},{"@type":"ImageObject","inLanguage":"it-IT","@id":"https:\/\/archiviocassano.lavocedelpaese.info\/index.php\/2022\/02\/06\/qcomitato-festa-patronaleq-e-ora-di-ripartire\/#primaryimage","url":"https:\/\/archiviocassano.lavocedelpaese.info\/wp-content\/uploads\/2022\/02\/273041980_1832020020520448_4010124932983172869_n_copy.jpg","contentUrl":"https:\/\/archiviocassano.lavocedelpaese.info\/wp-content\/uploads\/2022\/02\/273041980_1832020020520448_4010124932983172869_n_copy.jpg","width":1026,"height":563,"caption":"273041980 1832020020520448 4010124932983172869 n copy"},{"@type":"BreadcrumbList","@id":"https:\/\/archiviocassano.lavocedelpaese.info\/index.php\/2022\/02\/06\/qcomitato-festa-patronaleq-e-ora-di-ripartire\/#breadcrumb","itemListElement":[{"@type":"ListItem","position":1,"name":"Home","item":"https:\/\/archiviocassano.lavocedelpaese.info\/"},{"@type":"ListItem","position":2,"name":"&#8220;Comitato Festa Patronale&#8221;: \u00e8 ora di ripartire"}]},{"@type":"WebSite","@id":"https:\/\/archiviocassano.lavocedelpaese.info\/#website","url":"https:\/\/archiviocassano.lavocedelpaese.info\/","name":"Archivio CassanoWeb","description":"La Voce del Paese - un network di idee","publisher":{"@id":"https:\/\/archiviocassano.lavocedelpaese.info\/#organization"},"potentialAction":[{"@type":"SearchAction","target":{"@type":"EntryPoint","urlTemplate":"https:\/\/archiviocassano.lavocedelpaese.info\/?s={search_term_string}"},"query-input":{"@type":"PropertyValueSpecification","valueRequired":true,"valueName":"search_term_string"}}],"inLanguage":"it-IT"},{"@type":"Organization","@id":"https:\/\/archiviocassano.lavocedelpaese.info\/#organization","name":"Archivio CassanoWeb","url":"https:\/\/archiviocassano.lavocedelpaese.info\/","logo":{"@type":"ImageObject","inLanguage":"it-IT","@id":"https:\/\/archiviocassano.lavocedelpaese.info\/#\/schema\/logo\/image\/","url":"https:\/\/archiviocassano.lavocedelpaese.info\/wp-content\/uploads\/2024\/08\/logo-rosso-2.png","contentUrl":"https:\/\/archiviocassano.lavocedelpaese.info\/wp-content\/uploads\/2024\/08\/logo-rosso-2.png","width":491,"height":432,"caption":"Archivio CassanoWeb"},"image":{"@id":"https:\/\/archiviocassano.lavocedelpaese.info\/#\/schema\/logo\/image\/"},"sameAs":["https:\/\/www.facebook.com\/redazione.cassanoweb"]},{"@type":"Person","@id":"https:\/\/archiviocassano.lavocedelpaese.info\/#\/schema\/person\/df195bc79a9b4c35127cf005f92e041b","name":"admin","image":{"@type":"ImageObject","inLanguage":"it-IT","@id":"https:\/\/secure.gravatar.com\/avatar\/eabba89a432e8eaa1b0207cc55f7e5340b22712b1ed80677efcf63e02ff5b235?s=96&d=mm&r=g","url":"https:\/\/secure.gravatar.com\/avatar\/eabba89a432e8eaa1b0207cc55f7e5340b22712b1ed80677efcf63e02ff5b235?s=96&d=mm&r=g","contentUrl":"https:\/\/secure.gravatar.com\/avatar\/eabba89a432e8eaa1b0207cc55f7e5340b22712b1ed80677efcf63e02ff5b235?s=96&d=mm&r=g","caption":"admin"},"sameAs":["https:\/\/archiviocassano.lavocedelpaese.info"],"url":"https:\/\/archiviocassano.lavocedelpaese.info\/index.php\/author\/admin_0qgz1xdp\/"}]}},"_links":{"self":[{"href":"https:\/\/archiviocassano.lavocedelpaese.info\/index.php\/wp-json\/wp\/v2\/posts\/19639","targetHints":{"allow":["GET"]}}],"collection":[{"href":"https:\/\/archiviocassano.lavocedelpaese.info\/index.php\/wp-json\/wp\/v2\/posts"}],"about":[{"href":"https:\/\/archiviocassano.lavocedelpaese.info\/index.php\/wp-json\/wp\/v2\/types\/post"}],"author":[{"embeddable":true,"href":"https:\/\/archiviocassano.lavocedelpaese.info\/index.php\/wp-json\/wp\/v2\/users\/1"}],"replies":[{"embeddable":true,"href":"https:\/\/archiviocassano.lavocedelpaese.info\/index.php\/wp-json\/wp\/v2\/comments?post=19639"}],"version-history":[{"count":0,"href":"https:\/\/archiviocassano.lavocedelpaese.info\/index.php\/wp-json\/wp\/v2\/posts\/19639\/revisions"}],"wp:featuredmedia":[{"embeddable":true,"href":"https:\/\/archiviocassano.lavocedelpaese.info\/index.php\/wp-json\/wp\/v2\/media\/19638"}],"wp:attachment":[{"href":"https:\/\/archiviocassano.lavocedelpaese.info\/index.php\/wp-json\/wp\/v2\/media?parent=19639"}],"wp:term":[{"taxonomy":"category","embeddable":true,"href":"https:\/\/archiviocassano.lavocedelpaese.info\/index.php\/wp-json\/wp\/v2\/categories?post=19639"},{"taxonomy":"post_tag","embeddable":true,"href":"https:\/\/archiviocassano.lavocedelpaese.info\/index.php\/wp-json\/wp\/v2\/tags?post=19639"}],"curies":[{"name":"wp","href":"https:\/\/api.w.org\/{rel}","templated":true}]}}