{"id":19643,"date":"2022-02-10T06:47:35","date_gmt":"2022-02-10T06:47:35","guid":{"rendered":"https:\/\/archiviocassano.lavocedelpaese.info\/index.php\/2022\/02\/10\/10-febbraio-2022-giorno-del-ricordo-opportunita-di-apprendimento\/"},"modified":"2022-02-10T06:47:35","modified_gmt":"2022-02-10T06:47:35","slug":"10-febbraio-2022-giorno-del-ricordo-opportunita-di-apprendimento","status":"publish","type":"post","link":"https:\/\/archiviocassano.lavocedelpaese.info\/index.php\/2022\/02\/10\/10-febbraio-2022-giorno-del-ricordo-opportunita-di-apprendimento\/","title":{"rendered":"10 febbraio 2022 \u201cGiorno del Ricordo\u201d &#8211; Opportunit\u00e0 di apprendimento."},"content":{"rendered":"<p><a data-flickr-embed=\"true\" href=\"https:\/\/www.flickr.com\/photos\/184752021@N05\/49285968756\/in\/dateposted-public\/\" title=\"DSC_0039\"><img loading=\"lazy\" decoding=\"async\" src=\"https:\/\/live.staticflickr.com\/65535\/49285968756_7a09805f40_z.jpg\" width=\"320\" height=\"150\" alt=\"DSC_0039\" \/><\/a><\/p>\n<p><!--more--><\/p>\n<p style=\"text-align: right;\">&nbsp;<em>\u201cMio buon Orazio, qual nome macchiato vivr\u00e0 di me, se questi avvenimenti avessero a rimanere ignoti! Se m\u2019hai tenuto nel tuo cuore, Orazio, \u2026 seguita su questo duro mondo a respirare ancora il tuo dolore per raccontare ad altri la mia storia\u201d (William Shakespeare, \u201cAmleto\u201d)<\/em><\/p>\n<p style=\"text-align: right;\">&nbsp;<\/p>\n<p style=\"text-align: justify;\"><em>\u201cLa Repubblica riconosce il 10 febbraio quale \u00abGiorno del ricordo\u00bb al fine di conservare e rinnovare la memoria della tragedia degli italiani e di tutte le vittime delle foibe, dell\u2019esodo dalle loro terre degli istriani, fiumani e dalmati nel secondo dopoguerra e della pi\u00f9 complessa vicenda del confine orientale\u201d<\/em> (legge 30 marzo 2004, n. 92).<\/p>\n<p style=\"text-align: justify;\">Il 10 febbraio 1947, a Parigi, venivano firmati i trattati di Pace con i quali l\u2019Istria, il Quarnaro, Zara e parte del territorio della Venezia Giulia furono assegnati alla Jugoslavia. Precedente l\u2019annessione della Dalmazia. \u201cLa guerra \u00e8 un controsenso della creazione\u201d ha osservato nei giorni scorsi Papa Francesco. E un controsenso della creazione furono le violenze, gli eccidi di civili e militari italiani avvenuti sul confine nordorientale del Paese al termine e subito dopo la Seconda guerra mondiale, cos\u00ec come l\u2019esodo, lo sradicamento e spaesamento che ne deriv\u00f2 per alcune centinaia di migliaia di istriani e dalmati.<\/p>\n<p style=\"text-align: justify;\">Il \u201cGiorno del Ricordo\u201d \u00e8 opportunit\u00e0 per far conoscere ai giovani una pagina a lungo rimossa della nostra storia nazionale e spiegare gli eventi nella prospettiva del periodo lungo del primo Novecento.<\/p>\n<p style=\"text-align: justify;\">Nella duplice consapevolezza che non si comprende mai il presente se non si conosce il passato e che non bisogna mai usare il passato per giustificare il presente.<\/p>\n<p style=\"text-align: justify;\">Che significa ricordare?<\/p>\n<p style=\"text-align: justify;\">Pensatori di tutti i tempi hanno riflettuto sul significato della parola che, di per s\u00e9, pu\u00f2 gi\u00e0 costituire occasione di riflessione critica con gli studenti.<\/p>\n<p style=\"text-align: justify;\">Riportare al cuore.<\/p>\n<p style=\"text-align: justify;\">Ricordare \u00e8, implicitamente, narrare il passato. E la narrazione, per sua natura, risente della rielaborazione della storia. Questa rappresenta inevitabilmente il sovrapporsi, alla realt\u00e0 accaduta, del sentire dei narratori. Un sentire che deve essere rigoroso.<\/p>\n<p style=\"text-align: justify;\">Altra cosa dal relativismo soggettivo.<\/p>\n<p style=\"text-align: justify;\">Raccontare criticamente le vicende accadute &#8211; lo esprime con angoscia Amleto &#8211; rende storia le stesse. Cio\u00e8 ne impedisce l\u2019oblio. Fuggire la conoscenza storica degli accadimenti, la loro condivisione, costituisce ostacolo alla costruzione di gruppi sociali consapevoli. Al contrario, narrare la storia consente che accadimenti che hanno sconvolto intere popolazioni divengano fondamento delle comunit\u00e0 umane successive.<\/p>\n<p style=\"text-align: justify;\">Ma quale storia?<\/p>\n<p style=\"text-align: justify;\">Non si tratta &#8211; suggerisce Bauman &#8211; di sacralizzare, da un lato, o banalizzare, dall\u2019altro, le deportazioni, gli orrori, i genocidi. Non se ne riduce in tal modo il portato di violenza, perch\u00e9 si rischia di non comprenderne le radici.<\/p>\n<p style=\"text-align: justify;\">Il \u201cGiorno del Ricordo\u201d e la conoscenza di quanto accaduto possono aiutare a comprendere che, in quel caso, la \u201ccategoria\u201d umana che si voleva piegare e culturalmente nullificare era quella italiana.<\/p>\n<p style=\"text-align: justify;\">Poco tempo prima era accaduto, su scala europea, alla \u201ccategoria\u201d degli ebrei. Con una atroce volont\u00e0 di annientamento, mai sperimentata prima nella storia dell\u2019umanit\u00e0.<\/p>\n<p style=\"text-align: justify;\">Pochi decenni prima ancora era toccato alla \u201ccategoria\u201d degli Armeni.<\/p>\n<p style=\"text-align: justify;\">Eppoi? Sempre vicino a noi, negli anni novanta, vittima \u00e8 stata la \u201ccategoria\u201d dei mussulmani di Srebrenica\u2026<\/p>\n<p style=\"text-align: justify;\">Non serve proseguire. Allo sconvolgimento e all\u2019empatia per le vittime deve dunque associarsi il tentativo di riflettere sugli effetti della riduzione etica delle persone umane a \u201ccategorie\u201d, perci\u00f2 stesse dis-umanizzate.<\/p>\n<p style=\"text-align: right;\"><strong>Ministero dell&#8217;Istruzione<\/strong><\/p>\n","protected":false},"excerpt":{"rendered":"","protected":false},"author":1,"featured_media":0,"comment_status":"open","ping_status":"closed","sticky":false,"template":"","format":"standard","meta":{"colormag_page_container_layout":"default_layout","colormag_page_sidebar_layout":"default_layout","footnotes":""},"categories":[6],"tags":[],"class_list":["post-19643","post","type-post","status-publish","format-standard","hentry","category-cultura"],"yoast_head":"<!-- This site is optimized with the Yoast SEO plugin v27.5 - https:\/\/yoast.com\/product\/yoast-seo-wordpress\/ -->\n<title>10 febbraio 2022 \u201cGiorno del Ricordo\u201d - Opportunit\u00e0 di apprendimento. - Archivio CassanoWeb<\/title>\n<meta name=\"robots\" content=\"index, follow, max-snippet:-1, max-image-preview:large, max-video-preview:-1\" \/>\n<link rel=\"canonical\" href=\"https:\/\/archiviocassano.lavocedelpaese.info\/index.php\/2022\/02\/10\/10-febbraio-2022-giorno-del-ricordo-opportunita-di-apprendimento\/\" \/>\n<meta property=\"og:locale\" content=\"it_IT\" \/>\n<meta property=\"og:type\" content=\"article\" \/>\n<meta property=\"og:title\" content=\"10 febbraio 2022 \u201cGiorno del Ricordo\u201d - Opportunit\u00e0 di apprendimento. - Archivio CassanoWeb\" \/>\n<meta property=\"og:url\" content=\"https:\/\/archiviocassano.lavocedelpaese.info\/index.php\/2022\/02\/10\/10-febbraio-2022-giorno-del-ricordo-opportunita-di-apprendimento\/\" \/>\n<meta property=\"og:site_name\" content=\"Archivio CassanoWeb\" \/>\n<meta property=\"article:publisher\" content=\"https:\/\/www.facebook.com\/redazione.cassanoweb\" \/>\n<meta property=\"article:published_time\" content=\"2022-02-10T06:47:35+00:00\" \/>\n<meta property=\"og:image\" content=\"https:\/\/live.staticflickr.com\/65535\/49285968756_7a09805f40_z.jpg\" \/>\n<meta name=\"author\" content=\"admin\" \/>\n<meta name=\"twitter:card\" content=\"summary_large_image\" \/>\n<meta name=\"twitter:label1\" content=\"Scritto da\" \/>\n\t<meta name=\"twitter:data1\" content=\"admin\" \/>\n\t<meta name=\"twitter:label2\" content=\"Tempo di lettura stimato\" \/>\n\t<meta name=\"twitter:data2\" content=\"3 minuti\" \/>\n<script type=\"application\/ld+json\" class=\"yoast-schema-graph\">{\"@context\":\"https:\\\/\\\/schema.org\",\"@graph\":[{\"@type\":\"Article\",\"@id\":\"https:\\\/\\\/archiviocassano.lavocedelpaese.info\\\/index.php\\\/2022\\\/02\\\/10\\\/10-febbraio-2022-giorno-del-ricordo-opportunita-di-apprendimento\\\/#article\",\"isPartOf\":{\"@id\":\"https:\\\/\\\/archiviocassano.lavocedelpaese.info\\\/index.php\\\/2022\\\/02\\\/10\\\/10-febbraio-2022-giorno-del-ricordo-opportunita-di-apprendimento\\\/\"},\"author\":{\"name\":\"admin\",\"@id\":\"https:\\\/\\\/archiviocassano.lavocedelpaese.info\\\/#\\\/schema\\\/person\\\/df195bc79a9b4c35127cf005f92e041b\"},\"headline\":\"10 febbraio 2022 \u201cGiorno del Ricordo\u201d &#8211; Opportunit\u00e0 di apprendimento.\",\"datePublished\":\"2022-02-10T06:47:35+00:00\",\"mainEntityOfPage\":{\"@id\":\"https:\\\/\\\/archiviocassano.lavocedelpaese.info\\\/index.php\\\/2022\\\/02\\\/10\\\/10-febbraio-2022-giorno-del-ricordo-opportunita-di-apprendimento\\\/\"},\"wordCount\":550,\"commentCount\":0,\"publisher\":{\"@id\":\"https:\\\/\\\/archiviocassano.lavocedelpaese.info\\\/#organization\"},\"image\":{\"@id\":\"https:\\\/\\\/archiviocassano.lavocedelpaese.info\\\/index.php\\\/2022\\\/02\\\/10\\\/10-febbraio-2022-giorno-del-ricordo-opportunita-di-apprendimento\\\/#primaryimage\"},\"thumbnailUrl\":\"https:\\\/\\\/live.staticflickr.com\\\/65535\\\/49285968756_7a09805f40_z.jpg\",\"articleSection\":[\"Cultura\"],\"inLanguage\":\"it-IT\",\"potentialAction\":[{\"@type\":\"CommentAction\",\"name\":\"Comment\",\"target\":[\"https:\\\/\\\/archiviocassano.lavocedelpaese.info\\\/index.php\\\/2022\\\/02\\\/10\\\/10-febbraio-2022-giorno-del-ricordo-opportunita-di-apprendimento\\\/#respond\"]}]},{\"@type\":\"WebPage\",\"@id\":\"https:\\\/\\\/archiviocassano.lavocedelpaese.info\\\/index.php\\\/2022\\\/02\\\/10\\\/10-febbraio-2022-giorno-del-ricordo-opportunita-di-apprendimento\\\/\",\"url\":\"https:\\\/\\\/archiviocassano.lavocedelpaese.info\\\/index.php\\\/2022\\\/02\\\/10\\\/10-febbraio-2022-giorno-del-ricordo-opportunita-di-apprendimento\\\/\",\"name\":\"10 febbraio 2022 \u201cGiorno del Ricordo\u201d - Opportunit\u00e0 di apprendimento. - Archivio CassanoWeb\",\"isPartOf\":{\"@id\":\"https:\\\/\\\/archiviocassano.lavocedelpaese.info\\\/#website\"},\"primaryImageOfPage\":{\"@id\":\"https:\\\/\\\/archiviocassano.lavocedelpaese.info\\\/index.php\\\/2022\\\/02\\\/10\\\/10-febbraio-2022-giorno-del-ricordo-opportunita-di-apprendimento\\\/#primaryimage\"},\"image\":{\"@id\":\"https:\\\/\\\/archiviocassano.lavocedelpaese.info\\\/index.php\\\/2022\\\/02\\\/10\\\/10-febbraio-2022-giorno-del-ricordo-opportunita-di-apprendimento\\\/#primaryimage\"},\"thumbnailUrl\":\"https:\\\/\\\/live.staticflickr.com\\\/65535\\\/49285968756_7a09805f40_z.jpg\",\"datePublished\":\"2022-02-10T06:47:35+00:00\",\"breadcrumb\":{\"@id\":\"https:\\\/\\\/archiviocassano.lavocedelpaese.info\\\/index.php\\\/2022\\\/02\\\/10\\\/10-febbraio-2022-giorno-del-ricordo-opportunita-di-apprendimento\\\/#breadcrumb\"},\"inLanguage\":\"it-IT\",\"potentialAction\":[{\"@type\":\"ReadAction\",\"target\":[\"https:\\\/\\\/archiviocassano.lavocedelpaese.info\\\/index.php\\\/2022\\\/02\\\/10\\\/10-febbraio-2022-giorno-del-ricordo-opportunita-di-apprendimento\\\/\"]}]},{\"@type\":\"ImageObject\",\"inLanguage\":\"it-IT\",\"@id\":\"https:\\\/\\\/archiviocassano.lavocedelpaese.info\\\/index.php\\\/2022\\\/02\\\/10\\\/10-febbraio-2022-giorno-del-ricordo-opportunita-di-apprendimento\\\/#primaryimage\",\"url\":\"https:\\\/\\\/live.staticflickr.com\\\/65535\\\/49285968756_7a09805f40_z.jpg\",\"contentUrl\":\"https:\\\/\\\/live.staticflickr.com\\\/65535\\\/49285968756_7a09805f40_z.jpg\"},{\"@type\":\"BreadcrumbList\",\"@id\":\"https:\\\/\\\/archiviocassano.lavocedelpaese.info\\\/index.php\\\/2022\\\/02\\\/10\\\/10-febbraio-2022-giorno-del-ricordo-opportunita-di-apprendimento\\\/#breadcrumb\",\"itemListElement\":[{\"@type\":\"ListItem\",\"position\":1,\"name\":\"Home\",\"item\":\"https:\\\/\\\/archiviocassano.lavocedelpaese.info\\\/\"},{\"@type\":\"ListItem\",\"position\":2,\"name\":\"10 febbraio 2022 \u201cGiorno del Ricordo\u201d &#8211; Opportunit\u00e0 di apprendimento.\"}]},{\"@type\":\"WebSite\",\"@id\":\"https:\\\/\\\/archiviocassano.lavocedelpaese.info\\\/#website\",\"url\":\"https:\\\/\\\/archiviocassano.lavocedelpaese.info\\\/\",\"name\":\"Archivio CassanoWeb\",\"description\":\"La Voce del Paese - un network di idee\",\"publisher\":{\"@id\":\"https:\\\/\\\/archiviocassano.lavocedelpaese.info\\\/#organization\"},\"potentialAction\":[{\"@type\":\"SearchAction\",\"target\":{\"@type\":\"EntryPoint\",\"urlTemplate\":\"https:\\\/\\\/archiviocassano.lavocedelpaese.info\\\/?s={search_term_string}\"},\"query-input\":{\"@type\":\"PropertyValueSpecification\",\"valueRequired\":true,\"valueName\":\"search_term_string\"}}],\"inLanguage\":\"it-IT\"},{\"@type\":\"Organization\",\"@id\":\"https:\\\/\\\/archiviocassano.lavocedelpaese.info\\\/#organization\",\"name\":\"Archivio CassanoWeb\",\"url\":\"https:\\\/\\\/archiviocassano.lavocedelpaese.info\\\/\",\"logo\":{\"@type\":\"ImageObject\",\"inLanguage\":\"it-IT\",\"@id\":\"https:\\\/\\\/archiviocassano.lavocedelpaese.info\\\/#\\\/schema\\\/logo\\\/image\\\/\",\"url\":\"https:\\\/\\\/archiviocassano.lavocedelpaese.info\\\/wp-content\\\/uploads\\\/2024\\\/08\\\/logo-rosso-2.png\",\"contentUrl\":\"https:\\\/\\\/archiviocassano.lavocedelpaese.info\\\/wp-content\\\/uploads\\\/2024\\\/08\\\/logo-rosso-2.png\",\"width\":491,\"height\":432,\"caption\":\"Archivio CassanoWeb\"},\"image\":{\"@id\":\"https:\\\/\\\/archiviocassano.lavocedelpaese.info\\\/#\\\/schema\\\/logo\\\/image\\\/\"},\"sameAs\":[\"https:\\\/\\\/www.facebook.com\\\/redazione.cassanoweb\"]},{\"@type\":\"Person\",\"@id\":\"https:\\\/\\\/archiviocassano.lavocedelpaese.info\\\/#\\\/schema\\\/person\\\/df195bc79a9b4c35127cf005f92e041b\",\"name\":\"admin\",\"image\":{\"@type\":\"ImageObject\",\"inLanguage\":\"it-IT\",\"@id\":\"https:\\\/\\\/secure.gravatar.com\\\/avatar\\\/eabba89a432e8eaa1b0207cc55f7e5340b22712b1ed80677efcf63e02ff5b235?s=96&d=mm&r=g\",\"url\":\"https:\\\/\\\/secure.gravatar.com\\\/avatar\\\/eabba89a432e8eaa1b0207cc55f7e5340b22712b1ed80677efcf63e02ff5b235?s=96&d=mm&r=g\",\"contentUrl\":\"https:\\\/\\\/secure.gravatar.com\\\/avatar\\\/eabba89a432e8eaa1b0207cc55f7e5340b22712b1ed80677efcf63e02ff5b235?s=96&d=mm&r=g\",\"caption\":\"admin\"},\"sameAs\":[\"https:\\\/\\\/archiviocassano.lavocedelpaese.info\"],\"url\":\"https:\\\/\\\/archiviocassano.lavocedelpaese.info\\\/index.php\\\/author\\\/admin_0qgz1xdp\\\/\"}]}<\/script>\n<!-- \/ Yoast SEO plugin. -->","yoast_head_json":{"title":"10 febbraio 2022 \u201cGiorno del Ricordo\u201d - Opportunit\u00e0 di apprendimento. - Archivio CassanoWeb","robots":{"index":"index","follow":"follow","max-snippet":"max-snippet:-1","max-image-preview":"max-image-preview:large","max-video-preview":"max-video-preview:-1"},"canonical":"https:\/\/archiviocassano.lavocedelpaese.info\/index.php\/2022\/02\/10\/10-febbraio-2022-giorno-del-ricordo-opportunita-di-apprendimento\/","og_locale":"it_IT","og_type":"article","og_title":"10 febbraio 2022 \u201cGiorno del Ricordo\u201d - Opportunit\u00e0 di apprendimento. - Archivio CassanoWeb","og_url":"https:\/\/archiviocassano.lavocedelpaese.info\/index.php\/2022\/02\/10\/10-febbraio-2022-giorno-del-ricordo-opportunita-di-apprendimento\/","og_site_name":"Archivio CassanoWeb","article_publisher":"https:\/\/www.facebook.com\/redazione.cassanoweb","article_published_time":"2022-02-10T06:47:35+00:00","og_image":[{"url":"https:\/\/live.staticflickr.com\/65535\/49285968756_7a09805f40_z.jpg","type":"","width":"","height":""}],"author":"admin","twitter_card":"summary_large_image","twitter_misc":{"Scritto da":"admin","Tempo di lettura stimato":"3 minuti"},"schema":{"@context":"https:\/\/schema.org","@graph":[{"@type":"Article","@id":"https:\/\/archiviocassano.lavocedelpaese.info\/index.php\/2022\/02\/10\/10-febbraio-2022-giorno-del-ricordo-opportunita-di-apprendimento\/#article","isPartOf":{"@id":"https:\/\/archiviocassano.lavocedelpaese.info\/index.php\/2022\/02\/10\/10-febbraio-2022-giorno-del-ricordo-opportunita-di-apprendimento\/"},"author":{"name":"admin","@id":"https:\/\/archiviocassano.lavocedelpaese.info\/#\/schema\/person\/df195bc79a9b4c35127cf005f92e041b"},"headline":"10 febbraio 2022 \u201cGiorno del Ricordo\u201d &#8211; Opportunit\u00e0 di apprendimento.","datePublished":"2022-02-10T06:47:35+00:00","mainEntityOfPage":{"@id":"https:\/\/archiviocassano.lavocedelpaese.info\/index.php\/2022\/02\/10\/10-febbraio-2022-giorno-del-ricordo-opportunita-di-apprendimento\/"},"wordCount":550,"commentCount":0,"publisher":{"@id":"https:\/\/archiviocassano.lavocedelpaese.info\/#organization"},"image":{"@id":"https:\/\/archiviocassano.lavocedelpaese.info\/index.php\/2022\/02\/10\/10-febbraio-2022-giorno-del-ricordo-opportunita-di-apprendimento\/#primaryimage"},"thumbnailUrl":"https:\/\/live.staticflickr.com\/65535\/49285968756_7a09805f40_z.jpg","articleSection":["Cultura"],"inLanguage":"it-IT","potentialAction":[{"@type":"CommentAction","name":"Comment","target":["https:\/\/archiviocassano.lavocedelpaese.info\/index.php\/2022\/02\/10\/10-febbraio-2022-giorno-del-ricordo-opportunita-di-apprendimento\/#respond"]}]},{"@type":"WebPage","@id":"https:\/\/archiviocassano.lavocedelpaese.info\/index.php\/2022\/02\/10\/10-febbraio-2022-giorno-del-ricordo-opportunita-di-apprendimento\/","url":"https:\/\/archiviocassano.lavocedelpaese.info\/index.php\/2022\/02\/10\/10-febbraio-2022-giorno-del-ricordo-opportunita-di-apprendimento\/","name":"10 febbraio 2022 \u201cGiorno del Ricordo\u201d - Opportunit\u00e0 di apprendimento. - Archivio CassanoWeb","isPartOf":{"@id":"https:\/\/archiviocassano.lavocedelpaese.info\/#website"},"primaryImageOfPage":{"@id":"https:\/\/archiviocassano.lavocedelpaese.info\/index.php\/2022\/02\/10\/10-febbraio-2022-giorno-del-ricordo-opportunita-di-apprendimento\/#primaryimage"},"image":{"@id":"https:\/\/archiviocassano.lavocedelpaese.info\/index.php\/2022\/02\/10\/10-febbraio-2022-giorno-del-ricordo-opportunita-di-apprendimento\/#primaryimage"},"thumbnailUrl":"https:\/\/live.staticflickr.com\/65535\/49285968756_7a09805f40_z.jpg","datePublished":"2022-02-10T06:47:35+00:00","breadcrumb":{"@id":"https:\/\/archiviocassano.lavocedelpaese.info\/index.php\/2022\/02\/10\/10-febbraio-2022-giorno-del-ricordo-opportunita-di-apprendimento\/#breadcrumb"},"inLanguage":"it-IT","potentialAction":[{"@type":"ReadAction","target":["https:\/\/archiviocassano.lavocedelpaese.info\/index.php\/2022\/02\/10\/10-febbraio-2022-giorno-del-ricordo-opportunita-di-apprendimento\/"]}]},{"@type":"ImageObject","inLanguage":"it-IT","@id":"https:\/\/archiviocassano.lavocedelpaese.info\/index.php\/2022\/02\/10\/10-febbraio-2022-giorno-del-ricordo-opportunita-di-apprendimento\/#primaryimage","url":"https:\/\/live.staticflickr.com\/65535\/49285968756_7a09805f40_z.jpg","contentUrl":"https:\/\/live.staticflickr.com\/65535\/49285968756_7a09805f40_z.jpg"},{"@type":"BreadcrumbList","@id":"https:\/\/archiviocassano.lavocedelpaese.info\/index.php\/2022\/02\/10\/10-febbraio-2022-giorno-del-ricordo-opportunita-di-apprendimento\/#breadcrumb","itemListElement":[{"@type":"ListItem","position":1,"name":"Home","item":"https:\/\/archiviocassano.lavocedelpaese.info\/"},{"@type":"ListItem","position":2,"name":"10 febbraio 2022 \u201cGiorno del Ricordo\u201d &#8211; Opportunit\u00e0 di apprendimento."}]},{"@type":"WebSite","@id":"https:\/\/archiviocassano.lavocedelpaese.info\/#website","url":"https:\/\/archiviocassano.lavocedelpaese.info\/","name":"Archivio CassanoWeb","description":"La Voce del Paese - un network di idee","publisher":{"@id":"https:\/\/archiviocassano.lavocedelpaese.info\/#organization"},"potentialAction":[{"@type":"SearchAction","target":{"@type":"EntryPoint","urlTemplate":"https:\/\/archiviocassano.lavocedelpaese.info\/?s={search_term_string}"},"query-input":{"@type":"PropertyValueSpecification","valueRequired":true,"valueName":"search_term_string"}}],"inLanguage":"it-IT"},{"@type":"Organization","@id":"https:\/\/archiviocassano.lavocedelpaese.info\/#organization","name":"Archivio CassanoWeb","url":"https:\/\/archiviocassano.lavocedelpaese.info\/","logo":{"@type":"ImageObject","inLanguage":"it-IT","@id":"https:\/\/archiviocassano.lavocedelpaese.info\/#\/schema\/logo\/image\/","url":"https:\/\/archiviocassano.lavocedelpaese.info\/wp-content\/uploads\/2024\/08\/logo-rosso-2.png","contentUrl":"https:\/\/archiviocassano.lavocedelpaese.info\/wp-content\/uploads\/2024\/08\/logo-rosso-2.png","width":491,"height":432,"caption":"Archivio CassanoWeb"},"image":{"@id":"https:\/\/archiviocassano.lavocedelpaese.info\/#\/schema\/logo\/image\/"},"sameAs":["https:\/\/www.facebook.com\/redazione.cassanoweb"]},{"@type":"Person","@id":"https:\/\/archiviocassano.lavocedelpaese.info\/#\/schema\/person\/df195bc79a9b4c35127cf005f92e041b","name":"admin","image":{"@type":"ImageObject","inLanguage":"it-IT","@id":"https:\/\/secure.gravatar.com\/avatar\/eabba89a432e8eaa1b0207cc55f7e5340b22712b1ed80677efcf63e02ff5b235?s=96&d=mm&r=g","url":"https:\/\/secure.gravatar.com\/avatar\/eabba89a432e8eaa1b0207cc55f7e5340b22712b1ed80677efcf63e02ff5b235?s=96&d=mm&r=g","contentUrl":"https:\/\/secure.gravatar.com\/avatar\/eabba89a432e8eaa1b0207cc55f7e5340b22712b1ed80677efcf63e02ff5b235?s=96&d=mm&r=g","caption":"admin"},"sameAs":["https:\/\/archiviocassano.lavocedelpaese.info"],"url":"https:\/\/archiviocassano.lavocedelpaese.info\/index.php\/author\/admin_0qgz1xdp\/"}]}},"_links":{"self":[{"href":"https:\/\/archiviocassano.lavocedelpaese.info\/index.php\/wp-json\/wp\/v2\/posts\/19643","targetHints":{"allow":["GET"]}}],"collection":[{"href":"https:\/\/archiviocassano.lavocedelpaese.info\/index.php\/wp-json\/wp\/v2\/posts"}],"about":[{"href":"https:\/\/archiviocassano.lavocedelpaese.info\/index.php\/wp-json\/wp\/v2\/types\/post"}],"author":[{"embeddable":true,"href":"https:\/\/archiviocassano.lavocedelpaese.info\/index.php\/wp-json\/wp\/v2\/users\/1"}],"replies":[{"embeddable":true,"href":"https:\/\/archiviocassano.lavocedelpaese.info\/index.php\/wp-json\/wp\/v2\/comments?post=19643"}],"version-history":[{"count":0,"href":"https:\/\/archiviocassano.lavocedelpaese.info\/index.php\/wp-json\/wp\/v2\/posts\/19643\/revisions"}],"wp:attachment":[{"href":"https:\/\/archiviocassano.lavocedelpaese.info\/index.php\/wp-json\/wp\/v2\/media?parent=19643"}],"wp:term":[{"taxonomy":"category","embeddable":true,"href":"https:\/\/archiviocassano.lavocedelpaese.info\/index.php\/wp-json\/wp\/v2\/categories?post=19643"},{"taxonomy":"post_tag","embeddable":true,"href":"https:\/\/archiviocassano.lavocedelpaese.info\/index.php\/wp-json\/wp\/v2\/tags?post=19643"}],"curies":[{"name":"wp","href":"https:\/\/api.w.org\/{rel}","templated":true}]}}