{"id":19702,"date":"2022-03-14T18:55:09","date_gmt":"2022-03-14T18:55:09","guid":{"rendered":"https:\/\/archiviocassano.lavocedelpaese.info\/index.php\/2022\/03\/14\/dal-15-marzo-resta-chiuso-il-qcentro-comunale-di-raccoltaq-dei-rifiuti-differenziati\/"},"modified":"2022-03-14T18:55:09","modified_gmt":"2022-03-14T18:55:09","slug":"dal-15-marzo-resta-chiuso-il-qcentro-comunale-di-raccoltaq-dei-rifiuti-differenziati","status":"publish","type":"post","link":"https:\/\/archiviocassano.lavocedelpaese.info\/index.php\/2022\/03\/14\/dal-15-marzo-resta-chiuso-il-qcentro-comunale-di-raccoltaq-dei-rifiuti-differenziati\/","title":{"rendered":"Dal 15 marzo resta chiuso il &#8220;Centro Comunale di Raccolta&#8221;"},"content":{"rendered":"<p><a data-flickr-embed=\"true\" href=\"https:\/\/www.flickr.com\/photos\/184752021@N05\/51938967530\/in\/dateposted-public\/\" title=\"e580911a9182201ea527f54ea899b9bc_Generic\"><img loading=\"lazy\" decoding=\"async\" src=\"https:\/\/live.staticflickr.com\/65535\/51938967530_2e160f466b_z.jpg\" width=\"320\" height=\"230\" alt=\"e580911a9182201ea527f54ea899b9bc_Generic\" \/><\/a><\/p>\n<p><!--more--><\/p>\n<p style=\"text-align: justify;\">Per un non meglio precisato &#8220;problema tecnico&#8221; a partire da marted\u00ec 15 marzo 2022 il Centro Comunale di Raccolta dei rifiuti differenziati, in via Calabria, nella zona PIP di Cassano delle Murge, rester\u00e0 chiuso.<\/p>\n<p style=\"text-align: justify;\">A comunicarlo al Comune la societ\u00e0 che gestisce la piattaforma, la &#8220;Teknoservice&#8221; che si occupa della raccolta dei rifiuti sul territorio comunale.<\/p>\n<p style=\"text-align: justify;\">La chiusura \u00e8 a tempo indeterminato: &#8220;sar\u00e0 cura della stessa Teknoservice comunicare il ripristino dell&#8217;operativit\u00e0 e riapertura del centro per il conferimento rifiuti&#8221;, spiega in una nota il Comune.<\/p>\n<p style=\"text-align: justify;\">Vietato, quindi, lasciare i rifiuti differenziati presso il Centro fino a data da destinarsi!<\/p>\n","protected":false},"excerpt":{"rendered":"","protected":false},"author":1,"featured_media":0,"comment_status":"open","ping_status":"closed","sticky":false,"template":"","format":"standard","meta":{"colormag_page_container_layout":"default_layout","colormag_page_sidebar_layout":"default_layout","footnotes":""},"categories":[7],"tags":[],"class_list":["post-19702","post","type-post","status-publish","format-standard","hentry","category-attualita"],"yoast_head":"<!-- This site is optimized with the Yoast SEO plugin v27.5 - https:\/\/yoast.com\/product\/yoast-seo-wordpress\/ -->\n<title>Dal 15 marzo resta chiuso il &quot;Centro Comunale di Raccolta&quot; - Archivio CassanoWeb<\/title>\n<meta name=\"robots\" content=\"index, follow, max-snippet:-1, max-image-preview:large, max-video-preview:-1\" \/>\n<link rel=\"canonical\" href=\"https:\/\/archiviocassano.lavocedelpaese.info\/index.php\/2022\/03\/14\/dal-15-marzo-resta-chiuso-il-qcentro-comunale-di-raccoltaq-dei-rifiuti-differenziati\/\" \/>\n<meta property=\"og:locale\" content=\"it_IT\" \/>\n<meta property=\"og:type\" content=\"article\" \/>\n<meta property=\"og:title\" content=\"Dal 15 marzo resta chiuso il &quot;Centro Comunale di Raccolta&quot; - Archivio CassanoWeb\" \/>\n<meta property=\"og:url\" content=\"https:\/\/archiviocassano.lavocedelpaese.info\/index.php\/2022\/03\/14\/dal-15-marzo-resta-chiuso-il-qcentro-comunale-di-raccoltaq-dei-rifiuti-differenziati\/\" \/>\n<meta property=\"og:site_name\" content=\"Archivio CassanoWeb\" \/>\n<meta property=\"article:publisher\" content=\"https:\/\/www.facebook.com\/redazione.cassanoweb\" \/>\n<meta property=\"article:published_time\" content=\"2022-03-14T18:55:09+00:00\" \/>\n<meta property=\"og:image\" content=\"https:\/\/live.staticflickr.com\/65535\/51938967530_2e160f466b_z.jpg\" \/>\n<meta name=\"author\" content=\"admin\" \/>\n<meta name=\"twitter:card\" content=\"summary_large_image\" \/>\n<meta name=\"twitter:label1\" content=\"Scritto da\" \/>\n\t<meta name=\"twitter:data1\" content=\"admin\" \/>\n<script type=\"application\/ld+json\" class=\"yoast-schema-graph\">{\"@context\":\"https:\\\/\\\/schema.org\",\"@graph\":[{\"@type\":\"Article\",\"@id\":\"https:\\\/\\\/archiviocassano.lavocedelpaese.info\\\/index.php\\\/2022\\\/03\\\/14\\\/dal-15-marzo-resta-chiuso-il-qcentro-comunale-di-raccoltaq-dei-rifiuti-differenziati\\\/#article\",\"isPartOf\":{\"@id\":\"https:\\\/\\\/archiviocassano.lavocedelpaese.info\\\/index.php\\\/2022\\\/03\\\/14\\\/dal-15-marzo-resta-chiuso-il-qcentro-comunale-di-raccoltaq-dei-rifiuti-differenziati\\\/\"},\"author\":{\"name\":\"admin\",\"@id\":\"https:\\\/\\\/archiviocassano.lavocedelpaese.info\\\/#\\\/schema\\\/person\\\/df195bc79a9b4c35127cf005f92e041b\"},\"headline\":\"Dal 15 marzo resta chiuso il &#8220;Centro Comunale di Raccolta&#8221;\",\"datePublished\":\"2022-03-14T18:55:09+00:00\",\"mainEntityOfPage\":{\"@id\":\"https:\\\/\\\/archiviocassano.lavocedelpaese.info\\\/index.php\\\/2022\\\/03\\\/14\\\/dal-15-marzo-resta-chiuso-il-qcentro-comunale-di-raccoltaq-dei-rifiuti-differenziati\\\/\"},\"wordCount\":106,\"commentCount\":0,\"publisher\":{\"@id\":\"https:\\\/\\\/archiviocassano.lavocedelpaese.info\\\/#organization\"},\"image\":{\"@id\":\"https:\\\/\\\/archiviocassano.lavocedelpaese.info\\\/index.php\\\/2022\\\/03\\\/14\\\/dal-15-marzo-resta-chiuso-il-qcentro-comunale-di-raccoltaq-dei-rifiuti-differenziati\\\/#primaryimage\"},\"thumbnailUrl\":\"https:\\\/\\\/live.staticflickr.com\\\/65535\\\/51938967530_2e160f466b_z.jpg\",\"articleSection\":[\"Attualit\u00e0\"],\"inLanguage\":\"it-IT\",\"potentialAction\":[{\"@type\":\"CommentAction\",\"name\":\"Comment\",\"target\":[\"https:\\\/\\\/archiviocassano.lavocedelpaese.info\\\/index.php\\\/2022\\\/03\\\/14\\\/dal-15-marzo-resta-chiuso-il-qcentro-comunale-di-raccoltaq-dei-rifiuti-differenziati\\\/#respond\"]}]},{\"@type\":\"WebPage\",\"@id\":\"https:\\\/\\\/archiviocassano.lavocedelpaese.info\\\/index.php\\\/2022\\\/03\\\/14\\\/dal-15-marzo-resta-chiuso-il-qcentro-comunale-di-raccoltaq-dei-rifiuti-differenziati\\\/\",\"url\":\"https:\\\/\\\/archiviocassano.lavocedelpaese.info\\\/index.php\\\/2022\\\/03\\\/14\\\/dal-15-marzo-resta-chiuso-il-qcentro-comunale-di-raccoltaq-dei-rifiuti-differenziati\\\/\",\"name\":\"Dal 15 marzo resta chiuso il \\\"Centro Comunale di Raccolta\\\" - Archivio CassanoWeb\",\"isPartOf\":{\"@id\":\"https:\\\/\\\/archiviocassano.lavocedelpaese.info\\\/#website\"},\"primaryImageOfPage\":{\"@id\":\"https:\\\/\\\/archiviocassano.lavocedelpaese.info\\\/index.php\\\/2022\\\/03\\\/14\\\/dal-15-marzo-resta-chiuso-il-qcentro-comunale-di-raccoltaq-dei-rifiuti-differenziati\\\/#primaryimage\"},\"image\":{\"@id\":\"https:\\\/\\\/archiviocassano.lavocedelpaese.info\\\/index.php\\\/2022\\\/03\\\/14\\\/dal-15-marzo-resta-chiuso-il-qcentro-comunale-di-raccoltaq-dei-rifiuti-differenziati\\\/#primaryimage\"},\"thumbnailUrl\":\"https:\\\/\\\/live.staticflickr.com\\\/65535\\\/51938967530_2e160f466b_z.jpg\",\"datePublished\":\"2022-03-14T18:55:09+00:00\",\"breadcrumb\":{\"@id\":\"https:\\\/\\\/archiviocassano.lavocedelpaese.info\\\/index.php\\\/2022\\\/03\\\/14\\\/dal-15-marzo-resta-chiuso-il-qcentro-comunale-di-raccoltaq-dei-rifiuti-differenziati\\\/#breadcrumb\"},\"inLanguage\":\"it-IT\",\"potentialAction\":[{\"@type\":\"ReadAction\",\"target\":[\"https:\\\/\\\/archiviocassano.lavocedelpaese.info\\\/index.php\\\/2022\\\/03\\\/14\\\/dal-15-marzo-resta-chiuso-il-qcentro-comunale-di-raccoltaq-dei-rifiuti-differenziati\\\/\"]}]},{\"@type\":\"ImageObject\",\"inLanguage\":\"it-IT\",\"@id\":\"https:\\\/\\\/archiviocassano.lavocedelpaese.info\\\/index.php\\\/2022\\\/03\\\/14\\\/dal-15-marzo-resta-chiuso-il-qcentro-comunale-di-raccoltaq-dei-rifiuti-differenziati\\\/#primaryimage\",\"url\":\"https:\\\/\\\/live.staticflickr.com\\\/65535\\\/51938967530_2e160f466b_z.jpg\",\"contentUrl\":\"https:\\\/\\\/live.staticflickr.com\\\/65535\\\/51938967530_2e160f466b_z.jpg\"},{\"@type\":\"BreadcrumbList\",\"@id\":\"https:\\\/\\\/archiviocassano.lavocedelpaese.info\\\/index.php\\\/2022\\\/03\\\/14\\\/dal-15-marzo-resta-chiuso-il-qcentro-comunale-di-raccoltaq-dei-rifiuti-differenziati\\\/#breadcrumb\",\"itemListElement\":[{\"@type\":\"ListItem\",\"position\":1,\"name\":\"Home\",\"item\":\"https:\\\/\\\/archiviocassano.lavocedelpaese.info\\\/\"},{\"@type\":\"ListItem\",\"position\":2,\"name\":\"Dal 15 marzo resta chiuso il &#8220;Centro Comunale di Raccolta&#8221;\"}]},{\"@type\":\"WebSite\",\"@id\":\"https:\\\/\\\/archiviocassano.lavocedelpaese.info\\\/#website\",\"url\":\"https:\\\/\\\/archiviocassano.lavocedelpaese.info\\\/\",\"name\":\"Archivio CassanoWeb\",\"description\":\"La Voce del Paese - un network di idee\",\"publisher\":{\"@id\":\"https:\\\/\\\/archiviocassano.lavocedelpaese.info\\\/#organization\"},\"potentialAction\":[{\"@type\":\"SearchAction\",\"target\":{\"@type\":\"EntryPoint\",\"urlTemplate\":\"https:\\\/\\\/archiviocassano.lavocedelpaese.info\\\/?s={search_term_string}\"},\"query-input\":{\"@type\":\"PropertyValueSpecification\",\"valueRequired\":true,\"valueName\":\"search_term_string\"}}],\"inLanguage\":\"it-IT\"},{\"@type\":\"Organization\",\"@id\":\"https:\\\/\\\/archiviocassano.lavocedelpaese.info\\\/#organization\",\"name\":\"Archivio CassanoWeb\",\"url\":\"https:\\\/\\\/archiviocassano.lavocedelpaese.info\\\/\",\"logo\":{\"@type\":\"ImageObject\",\"inLanguage\":\"it-IT\",\"@id\":\"https:\\\/\\\/archiviocassano.lavocedelpaese.info\\\/#\\\/schema\\\/logo\\\/image\\\/\",\"url\":\"https:\\\/\\\/archiviocassano.lavocedelpaese.info\\\/wp-content\\\/uploads\\\/2024\\\/08\\\/logo-rosso-2.png\",\"contentUrl\":\"https:\\\/\\\/archiviocassano.lavocedelpaese.info\\\/wp-content\\\/uploads\\\/2024\\\/08\\\/logo-rosso-2.png\",\"width\":491,\"height\":432,\"caption\":\"Archivio CassanoWeb\"},\"image\":{\"@id\":\"https:\\\/\\\/archiviocassano.lavocedelpaese.info\\\/#\\\/schema\\\/logo\\\/image\\\/\"},\"sameAs\":[\"https:\\\/\\\/www.facebook.com\\\/redazione.cassanoweb\"]},{\"@type\":\"Person\",\"@id\":\"https:\\\/\\\/archiviocassano.lavocedelpaese.info\\\/#\\\/schema\\\/person\\\/df195bc79a9b4c35127cf005f92e041b\",\"name\":\"admin\",\"image\":{\"@type\":\"ImageObject\",\"inLanguage\":\"it-IT\",\"@id\":\"https:\\\/\\\/secure.gravatar.com\\\/avatar\\\/eabba89a432e8eaa1b0207cc55f7e5340b22712b1ed80677efcf63e02ff5b235?s=96&d=mm&r=g\",\"url\":\"https:\\\/\\\/secure.gravatar.com\\\/avatar\\\/eabba89a432e8eaa1b0207cc55f7e5340b22712b1ed80677efcf63e02ff5b235?s=96&d=mm&r=g\",\"contentUrl\":\"https:\\\/\\\/secure.gravatar.com\\\/avatar\\\/eabba89a432e8eaa1b0207cc55f7e5340b22712b1ed80677efcf63e02ff5b235?s=96&d=mm&r=g\",\"caption\":\"admin\"},\"sameAs\":[\"https:\\\/\\\/archiviocassano.lavocedelpaese.info\"],\"url\":\"https:\\\/\\\/archiviocassano.lavocedelpaese.info\\\/index.php\\\/author\\\/admin_0qgz1xdp\\\/\"}]}<\/script>\n<!-- \/ Yoast SEO plugin. -->","yoast_head_json":{"title":"Dal 15 marzo resta chiuso il \"Centro Comunale di Raccolta\" - Archivio CassanoWeb","robots":{"index":"index","follow":"follow","max-snippet":"max-snippet:-1","max-image-preview":"max-image-preview:large","max-video-preview":"max-video-preview:-1"},"canonical":"https:\/\/archiviocassano.lavocedelpaese.info\/index.php\/2022\/03\/14\/dal-15-marzo-resta-chiuso-il-qcentro-comunale-di-raccoltaq-dei-rifiuti-differenziati\/","og_locale":"it_IT","og_type":"article","og_title":"Dal 15 marzo resta chiuso il \"Centro Comunale di Raccolta\" - Archivio CassanoWeb","og_url":"https:\/\/archiviocassano.lavocedelpaese.info\/index.php\/2022\/03\/14\/dal-15-marzo-resta-chiuso-il-qcentro-comunale-di-raccoltaq-dei-rifiuti-differenziati\/","og_site_name":"Archivio CassanoWeb","article_publisher":"https:\/\/www.facebook.com\/redazione.cassanoweb","article_published_time":"2022-03-14T18:55:09+00:00","og_image":[{"url":"https:\/\/live.staticflickr.com\/65535\/51938967530_2e160f466b_z.jpg","type":"","width":"","height":""}],"author":"admin","twitter_card":"summary_large_image","twitter_misc":{"Scritto da":"admin"},"schema":{"@context":"https:\/\/schema.org","@graph":[{"@type":"Article","@id":"https:\/\/archiviocassano.lavocedelpaese.info\/index.php\/2022\/03\/14\/dal-15-marzo-resta-chiuso-il-qcentro-comunale-di-raccoltaq-dei-rifiuti-differenziati\/#article","isPartOf":{"@id":"https:\/\/archiviocassano.lavocedelpaese.info\/index.php\/2022\/03\/14\/dal-15-marzo-resta-chiuso-il-qcentro-comunale-di-raccoltaq-dei-rifiuti-differenziati\/"},"author":{"name":"admin","@id":"https:\/\/archiviocassano.lavocedelpaese.info\/#\/schema\/person\/df195bc79a9b4c35127cf005f92e041b"},"headline":"Dal 15 marzo resta chiuso il &#8220;Centro Comunale di Raccolta&#8221;","datePublished":"2022-03-14T18:55:09+00:00","mainEntityOfPage":{"@id":"https:\/\/archiviocassano.lavocedelpaese.info\/index.php\/2022\/03\/14\/dal-15-marzo-resta-chiuso-il-qcentro-comunale-di-raccoltaq-dei-rifiuti-differenziati\/"},"wordCount":106,"commentCount":0,"publisher":{"@id":"https:\/\/archiviocassano.lavocedelpaese.info\/#organization"},"image":{"@id":"https:\/\/archiviocassano.lavocedelpaese.info\/index.php\/2022\/03\/14\/dal-15-marzo-resta-chiuso-il-qcentro-comunale-di-raccoltaq-dei-rifiuti-differenziati\/#primaryimage"},"thumbnailUrl":"https:\/\/live.staticflickr.com\/65535\/51938967530_2e160f466b_z.jpg","articleSection":["Attualit\u00e0"],"inLanguage":"it-IT","potentialAction":[{"@type":"CommentAction","name":"Comment","target":["https:\/\/archiviocassano.lavocedelpaese.info\/index.php\/2022\/03\/14\/dal-15-marzo-resta-chiuso-il-qcentro-comunale-di-raccoltaq-dei-rifiuti-differenziati\/#respond"]}]},{"@type":"WebPage","@id":"https:\/\/archiviocassano.lavocedelpaese.info\/index.php\/2022\/03\/14\/dal-15-marzo-resta-chiuso-il-qcentro-comunale-di-raccoltaq-dei-rifiuti-differenziati\/","url":"https:\/\/archiviocassano.lavocedelpaese.info\/index.php\/2022\/03\/14\/dal-15-marzo-resta-chiuso-il-qcentro-comunale-di-raccoltaq-dei-rifiuti-differenziati\/","name":"Dal 15 marzo resta chiuso il \"Centro Comunale di Raccolta\" - Archivio CassanoWeb","isPartOf":{"@id":"https:\/\/archiviocassano.lavocedelpaese.info\/#website"},"primaryImageOfPage":{"@id":"https:\/\/archiviocassano.lavocedelpaese.info\/index.php\/2022\/03\/14\/dal-15-marzo-resta-chiuso-il-qcentro-comunale-di-raccoltaq-dei-rifiuti-differenziati\/#primaryimage"},"image":{"@id":"https:\/\/archiviocassano.lavocedelpaese.info\/index.php\/2022\/03\/14\/dal-15-marzo-resta-chiuso-il-qcentro-comunale-di-raccoltaq-dei-rifiuti-differenziati\/#primaryimage"},"thumbnailUrl":"https:\/\/live.staticflickr.com\/65535\/51938967530_2e160f466b_z.jpg","datePublished":"2022-03-14T18:55:09+00:00","breadcrumb":{"@id":"https:\/\/archiviocassano.lavocedelpaese.info\/index.php\/2022\/03\/14\/dal-15-marzo-resta-chiuso-il-qcentro-comunale-di-raccoltaq-dei-rifiuti-differenziati\/#breadcrumb"},"inLanguage":"it-IT","potentialAction":[{"@type":"ReadAction","target":["https:\/\/archiviocassano.lavocedelpaese.info\/index.php\/2022\/03\/14\/dal-15-marzo-resta-chiuso-il-qcentro-comunale-di-raccoltaq-dei-rifiuti-differenziati\/"]}]},{"@type":"ImageObject","inLanguage":"it-IT","@id":"https:\/\/archiviocassano.lavocedelpaese.info\/index.php\/2022\/03\/14\/dal-15-marzo-resta-chiuso-il-qcentro-comunale-di-raccoltaq-dei-rifiuti-differenziati\/#primaryimage","url":"https:\/\/live.staticflickr.com\/65535\/51938967530_2e160f466b_z.jpg","contentUrl":"https:\/\/live.staticflickr.com\/65535\/51938967530_2e160f466b_z.jpg"},{"@type":"BreadcrumbList","@id":"https:\/\/archiviocassano.lavocedelpaese.info\/index.php\/2022\/03\/14\/dal-15-marzo-resta-chiuso-il-qcentro-comunale-di-raccoltaq-dei-rifiuti-differenziati\/#breadcrumb","itemListElement":[{"@type":"ListItem","position":1,"name":"Home","item":"https:\/\/archiviocassano.lavocedelpaese.info\/"},{"@type":"ListItem","position":2,"name":"Dal 15 marzo resta chiuso il &#8220;Centro Comunale di Raccolta&#8221;"}]},{"@type":"WebSite","@id":"https:\/\/archiviocassano.lavocedelpaese.info\/#website","url":"https:\/\/archiviocassano.lavocedelpaese.info\/","name":"Archivio CassanoWeb","description":"La Voce del Paese - un network di idee","publisher":{"@id":"https:\/\/archiviocassano.lavocedelpaese.info\/#organization"},"potentialAction":[{"@type":"SearchAction","target":{"@type":"EntryPoint","urlTemplate":"https:\/\/archiviocassano.lavocedelpaese.info\/?s={search_term_string}"},"query-input":{"@type":"PropertyValueSpecification","valueRequired":true,"valueName":"search_term_string"}}],"inLanguage":"it-IT"},{"@type":"Organization","@id":"https:\/\/archiviocassano.lavocedelpaese.info\/#organization","name":"Archivio CassanoWeb","url":"https:\/\/archiviocassano.lavocedelpaese.info\/","logo":{"@type":"ImageObject","inLanguage":"it-IT","@id":"https:\/\/archiviocassano.lavocedelpaese.info\/#\/schema\/logo\/image\/","url":"https:\/\/archiviocassano.lavocedelpaese.info\/wp-content\/uploads\/2024\/08\/logo-rosso-2.png","contentUrl":"https:\/\/archiviocassano.lavocedelpaese.info\/wp-content\/uploads\/2024\/08\/logo-rosso-2.png","width":491,"height":432,"caption":"Archivio CassanoWeb"},"image":{"@id":"https:\/\/archiviocassano.lavocedelpaese.info\/#\/schema\/logo\/image\/"},"sameAs":["https:\/\/www.facebook.com\/redazione.cassanoweb"]},{"@type":"Person","@id":"https:\/\/archiviocassano.lavocedelpaese.info\/#\/schema\/person\/df195bc79a9b4c35127cf005f92e041b","name":"admin","image":{"@type":"ImageObject","inLanguage":"it-IT","@id":"https:\/\/secure.gravatar.com\/avatar\/eabba89a432e8eaa1b0207cc55f7e5340b22712b1ed80677efcf63e02ff5b235?s=96&d=mm&r=g","url":"https:\/\/secure.gravatar.com\/avatar\/eabba89a432e8eaa1b0207cc55f7e5340b22712b1ed80677efcf63e02ff5b235?s=96&d=mm&r=g","contentUrl":"https:\/\/secure.gravatar.com\/avatar\/eabba89a432e8eaa1b0207cc55f7e5340b22712b1ed80677efcf63e02ff5b235?s=96&d=mm&r=g","caption":"admin"},"sameAs":["https:\/\/archiviocassano.lavocedelpaese.info"],"url":"https:\/\/archiviocassano.lavocedelpaese.info\/index.php\/author\/admin_0qgz1xdp\/"}]}},"_links":{"self":[{"href":"https:\/\/archiviocassano.lavocedelpaese.info\/index.php\/wp-json\/wp\/v2\/posts\/19702","targetHints":{"allow":["GET"]}}],"collection":[{"href":"https:\/\/archiviocassano.lavocedelpaese.info\/index.php\/wp-json\/wp\/v2\/posts"}],"about":[{"href":"https:\/\/archiviocassano.lavocedelpaese.info\/index.php\/wp-json\/wp\/v2\/types\/post"}],"author":[{"embeddable":true,"href":"https:\/\/archiviocassano.lavocedelpaese.info\/index.php\/wp-json\/wp\/v2\/users\/1"}],"replies":[{"embeddable":true,"href":"https:\/\/archiviocassano.lavocedelpaese.info\/index.php\/wp-json\/wp\/v2\/comments?post=19702"}],"version-history":[{"count":0,"href":"https:\/\/archiviocassano.lavocedelpaese.info\/index.php\/wp-json\/wp\/v2\/posts\/19702\/revisions"}],"wp:attachment":[{"href":"https:\/\/archiviocassano.lavocedelpaese.info\/index.php\/wp-json\/wp\/v2\/media?parent=19702"}],"wp:term":[{"taxonomy":"category","embeddable":true,"href":"https:\/\/archiviocassano.lavocedelpaese.info\/index.php\/wp-json\/wp\/v2\/categories?post=19702"},{"taxonomy":"post_tag","embeddable":true,"href":"https:\/\/archiviocassano.lavocedelpaese.info\/index.php\/wp-json\/wp\/v2\/tags?post=19702"}],"curies":[{"name":"wp","href":"https:\/\/api.w.org\/{rel}","templated":true}]}}