{"id":19703,"date":"2022-03-16T07:53:49","date_gmt":"2022-03-16T07:53:49","guid":{"rendered":"https:\/\/archiviocassano.lavocedelpaese.info\/index.php\/2022\/03\/16\/malattie-neurologiche-questa-e-la-settimanae-del-cervell\/"},"modified":"2022-03-16T07:53:49","modified_gmt":"2022-03-16T07:53:49","slug":"malattie-neurologiche-questa-e-la-settimanae-del-cervell","status":"publish","type":"post","link":"https:\/\/archiviocassano.lavocedelpaese.info\/index.php\/2022\/03\/16\/malattie-neurologiche-questa-e-la-settimanae-del-cervell\/","title":{"rendered":"Malattie neurologiche, questa \u00e8 la Settimana del Cervello"},"content":{"rendered":"<p><a data-flickr-embed=\"true\" href=\"https:\/\/www.flickr.com\/photos\/184752021@N05\/51940357907\/in\/dateposted-public\/\" title=\"le stagioni del cervello - loghi (1)\"><img loading=\"lazy\" decoding=\"async\" src=\"https:\/\/live.staticflickr.com\/65535\/51940357907_70a49cb436_n.jpg\" width=\"320\" height=\"230\" alt=\"le stagioni del cervello - loghi (1)\" \/><\/a><\/p>\n<p><!--more--><\/p>\n<p>&nbsp;<\/p>\n<div>\n<p style=\"text-align: justify;\">Tutto pu\u00f2 cominciare dimenticando il nome di un banale oggetto, di una persona che si conosce da anni, oppure un appuntamento. Il declino cognitivo non \u00e8 per\u00f2 ineludibile, si pu\u00f2 prevenire e contrastare adeguatamente. Fondamentale \u00e8 conoscere le malattie neurologiche e riconoscerne gli esordi, a tutte le et\u00e0. Sempre maggiore importanza nella prevenzione del declino cognitivo assume la&nbsp;<strong>\u201criserva cognitiva\u201d<\/strong>: il bagaglio di informazioni ed esperienze che costruiamo lungo la nostra vita, a scuola, nelle relazioni sociali, nelle faccende quotidiane e nel tempo libero. Ballare e persino fare un cruciverba, tra le tante occupazioni in cui \u00e8 necessario imparare e memorizzare, sono attivit\u00e0 importanti per il nostro cervello, che va \u201callenato\u201d continuamente.<\/p>\n<p style=\"text-align: justify;\">Sono alcuni dei temi al centro della&nbsp;<strong>Settimana mondiale del Cervello<\/strong>, la campagna di sensibilizzazione promossa dalla&nbsp;<strong>Societ\u00e0 Italiana di Neurologia<\/strong>&nbsp;(SIN) che quest\u2019anno, dal 14 al 20 marzo, sar\u00e0 dedicata a&nbsp;<strong>\u201cLe stagioni del Cervello\u201d<\/strong>. A Bari, in particolare, si terr\u00e0 il convegno&nbsp;<strong>\u201cIl Declino Cognitivo &#8211; Conoscere per prevenire, gestire e affrontare&#8221;<\/strong>, in programma il prossimo 18 marzo 2022, alle ore 16, nella Biblioteca Ricchetti di via Sparano 145. L\u2019evento \u00e8 organizzato dall\u2019Unit\u00e0 operativa complessa di Neurologia dell\u2019Ospedale \u201cDi Venere\u201d insieme all\u2019Universit\u00e0 della Terza Et\u00e0 \u201cGiovanni Modugno\u201d di Bari.<\/p>\n<p style=\"text-align: justify;\">Ad Altamura, sabato 19<strong>&nbsp;marzo (<\/strong>dalle 9,30 alle 12,30 presso la saletta della Direzione Sanitaria dell\u2019Ospedale<strong>), il direttore di Neurologia e i suoi collaboratori presenteranno<\/strong>&nbsp;all\u2019utenza del territorio tutti i servizi offerti ed in particolar modo l\u2019attivit\u00e0 svolta nel&nbsp;<strong>Centro Prevenzione Ictus<\/strong>, punto di riferimento della campagna di sensibilizzazione per la prevenzione dell\u2019ictus cerebrale.<\/p>\n<p style=\"text-align: justify;\"><strong>Neurologia, l\u2019impegno sul campo<\/strong><\/p>\n<p style=\"text-align: justify;\">La ASL Bari dispone di tre unit\u00e0 operative complesse di Neurologia, presso l\u2019Ospedale \u201cDi Venere\u201d di Bari e i presidi di Altamura e Monopoli, dell\u2019unit\u00e0 operativa di Neurologia a valenza dipartimentale dell\u2019Ospedale San Paolo di Bari&nbsp;e di diversi ambulatori dedicati distribuiti sul territorio.<\/p>\n<p style=\"text-align: justify;\">La Neurologia-Stroke Unit dell\u2019Ospedale \u201c<strong>Di Venere<\/strong>\u201d, diretta dal&nbsp;<strong>dr. Giuseppe Rinaldi<\/strong>, \u00e8 impegnata non solo con l\u2019attivit\u00e0 di reparto, focalizzata in particolare sulla diagnosi e cura delle malattie vascolari cerebrali, ma anche con i diversi ambulatori dedicati alle malattie neurodegenerative, dai Disturbi della memoria e Demenze a quello della Malattia di Parkinson e Parkinsonismi. L\u2019U.O. di Neurologia, inoltre, garantisce un ventaglio di offerta sanitaria riguardante gli ambulatori che si occupano di Cefalea, Sclerosi Multipla e Neuropatie, nonch\u00e9 la promozione della salute del cervello attraverso attivit\u00e0 di informazione e divulgazione. Diversi gli obiettivi: facilitare l\u2019accesso ai servizi; sensibilizzare la popolazione verso patologie talvolta poco conosciute e che tuttavia stanno progressivamente aumentando di incidenza, non solo tra le persone anziane; riconoscere tempestivamente le prime manifestazioni delle patologie, contrastare i pregiudizi per le malattie del cervello, spesso stigmatizzate.<\/p>\n<p style=\"text-align: justify;\">La Struttura complessa di Neurologia di&nbsp;<strong>Altamura<\/strong>, di cui \u00e8 direttore il&nbsp;<strong>dr. Bonaventura Ardito<\/strong>, assicura un&#8217;assistenza specialistica in regime di degenza ordinaria, day service e ambulatoriale. E&#8217; sede di Stroke Unit per la terapia e la gestione della fase acuta dell&#8217;ictus&nbsp;cerebrale ischemico ed emorragico e garantisce prestazioni in diversi ambulatori specifici:&nbsp;<strong>Ambulatorio Disturbi del Movimento &#8211; Terapie avanzate, Ambulatorio Tossina&nbsp;Botulinica, Ambulatorio delle Demenze e Ambulatorio generale. La Neurologia del \u201cPerinei\u201d \u00e8 anche centro specializzato per Epilessia, Malattie Demielinizzanti, Cefalee e Disturbi del Sonno e, in aggiunta, \u00e8 sede del Servizio di Neurofisiologia. A breve, poi, sar\u00e0 disponibile&nbsp;<\/strong>la Carta dei Servizi della Neurologia, utile strumento divulgativo per favorire una corretta interazione Ospedale-Territorio.<\/p>\n<p style=\"text-align: justify;\">Per quanto riguarda l\u2019Ospedale di&nbsp;<strong>Monopoli<\/strong>, la U.O.C. di Neurologia &#8211; diretta dal dott. Cosimo Diroma &#8211; garantisce ricoveri sia d\u2019urgenza che programmati e prestazioni specialistiche erogate da medici esperti e formati per la diagnosi e cura delle seguenti patologie: Epilessie e Disturbi del sonno, Cefalee, Malattie Demielinizzanti, Malattia di Parkinson e Malattie Extrapiramidali (nell&#8217;ambito della &#8220;Rete Parkinson&#8221; della Regione Puglia), Demenze. Vengono eseguiti Elettroencefalogramma in veglia ed attivato dal sonno, nonch\u00e9 Elettromiografia con rilevazione della velocit\u00e0 di conduzione nervosa motoria e sensitiva.<\/p>\n<p style=\"text-align: justify;\"><strong>L\u2019impatto sulla popolazione<\/strong><\/p>\n<p style=\"text-align: justify;\">Le malattie neurologiche \u2013 secondo l\u2019Osservatorio Malattie Rare &#8211; hanno un grosso impatto sulla popolazione, basti pensare che in Italia le persone affette da demenza sono oltre un milione, di cui 720.000 sono affette dalla malattia di Alzheimer, e 400.000 coloro che sono colpiti dalla malattia di Parkinson. Solitamente associate all\u2019invecchiamento, in realt\u00e0 le patologie neurodegenerative possono manifestarsi nelle varie et\u00e0 del cervello, come indicano la crescita del cosiddetto Parkinson giovanile, che compare fra 20 e 40 anni, o delle forme di demenza giovanili, che si possono manifestare gi\u00e0 dai 30 anni. Oggi la ricerca sul cervello pu\u00f2 beneficiare di tecnologie avanzate come l\u2019imaging e l\u2019identificazione di biomarcatori in grado di rilevare la malattia in una fase pre-clinica. La ricerca farmacologica si \u00e8 orientata negli ultimi anni proprio verso lo sviluppo di molecole efficaci nella fase prodromica della Malattia di Alzheimer.&nbsp;Fa riflettere, infine, il&nbsp;<strong>sensibile aumento di casi di ictus in soggetti di et\u00e0 inferiore ai 45 anni<\/strong>, da attribuire anche alla maggior diffusione di alcol e droghe. L\u2019insorgenza di ictus nei giovani adulti, tra l\u2019altro, si associa a un tasso maggiore di mortalit\u00e0 e a un aumento di disabilit\u00e0 permanente, che risulta pi\u00f9 grave anche in ragione della pi\u00f9 lunga aspettativa di vita.<\/p>\n<p>&nbsp;<\/p>\n<div>&nbsp;<\/div>\n<div>&nbsp;<\/div>\n<\/div>\n<p>&nbsp;<\/p>\n<p>&nbsp;<\/p>\n","protected":false},"excerpt":{"rendered":"","protected":false},"author":1,"featured_media":0,"comment_status":"open","ping_status":"closed","sticky":false,"template":"","format":"standard","meta":{"colormag_page_container_layout":"default_layout","colormag_page_sidebar_layout":"default_layout","footnotes":""},"categories":[7],"tags":[],"class_list":["post-19703","post","type-post","status-publish","format-standard","hentry","category-attualita"],"yoast_head":"<!-- This site is optimized with the Yoast SEO plugin v27.5 - https:\/\/yoast.com\/product\/yoast-seo-wordpress\/ -->\n<title>Malattie neurologiche, questa \u00e8 la Settimana del Cervello - Archivio CassanoWeb<\/title>\n<meta name=\"robots\" content=\"index, follow, max-snippet:-1, max-image-preview:large, max-video-preview:-1\" \/>\n<link rel=\"canonical\" href=\"https:\/\/archiviocassano.lavocedelpaese.info\/index.php\/2022\/03\/16\/malattie-neurologiche-questa-e-la-settimanae-del-cervell\/\" \/>\n<meta property=\"og:locale\" content=\"it_IT\" \/>\n<meta property=\"og:type\" content=\"article\" \/>\n<meta property=\"og:title\" content=\"Malattie neurologiche, questa \u00e8 la Settimana del Cervello - Archivio CassanoWeb\" \/>\n<meta property=\"og:url\" content=\"https:\/\/archiviocassano.lavocedelpaese.info\/index.php\/2022\/03\/16\/malattie-neurologiche-questa-e-la-settimanae-del-cervell\/\" \/>\n<meta property=\"og:site_name\" content=\"Archivio CassanoWeb\" \/>\n<meta property=\"article:publisher\" content=\"https:\/\/www.facebook.com\/redazione.cassanoweb\" \/>\n<meta property=\"article:published_time\" content=\"2022-03-16T07:53:49+00:00\" \/>\n<meta property=\"og:image\" content=\"https:\/\/live.staticflickr.com\/65535\/51940357907_70a49cb436_n.jpg\" \/>\n<meta name=\"author\" content=\"admin\" \/>\n<meta name=\"twitter:card\" content=\"summary_large_image\" \/>\n<meta name=\"twitter:label1\" content=\"Scritto da\" \/>\n\t<meta name=\"twitter:data1\" content=\"admin\" \/>\n\t<meta name=\"twitter:label2\" content=\"Tempo di lettura stimato\" \/>\n\t<meta name=\"twitter:data2\" content=\"4 minuti\" \/>\n<script type=\"application\/ld+json\" class=\"yoast-schema-graph\">{\"@context\":\"https:\\\/\\\/schema.org\",\"@graph\":[{\"@type\":\"Article\",\"@id\":\"https:\\\/\\\/archiviocassano.lavocedelpaese.info\\\/index.php\\\/2022\\\/03\\\/16\\\/malattie-neurologiche-questa-e-la-settimanae-del-cervell\\\/#article\",\"isPartOf\":{\"@id\":\"https:\\\/\\\/archiviocassano.lavocedelpaese.info\\\/index.php\\\/2022\\\/03\\\/16\\\/malattie-neurologiche-questa-e-la-settimanae-del-cervell\\\/\"},\"author\":{\"name\":\"admin\",\"@id\":\"https:\\\/\\\/archiviocassano.lavocedelpaese.info\\\/#\\\/schema\\\/person\\\/df195bc79a9b4c35127cf005f92e041b\"},\"headline\":\"Malattie neurologiche, questa \u00e8 la Settimana del Cervello\",\"datePublished\":\"2022-03-16T07:53:49+00:00\",\"mainEntityOfPage\":{\"@id\":\"https:\\\/\\\/archiviocassano.lavocedelpaese.info\\\/index.php\\\/2022\\\/03\\\/16\\\/malattie-neurologiche-questa-e-la-settimanae-del-cervell\\\/\"},\"wordCount\":886,\"commentCount\":0,\"publisher\":{\"@id\":\"https:\\\/\\\/archiviocassano.lavocedelpaese.info\\\/#organization\"},\"image\":{\"@id\":\"https:\\\/\\\/archiviocassano.lavocedelpaese.info\\\/index.php\\\/2022\\\/03\\\/16\\\/malattie-neurologiche-questa-e-la-settimanae-del-cervell\\\/#primaryimage\"},\"thumbnailUrl\":\"https:\\\/\\\/live.staticflickr.com\\\/65535\\\/51940357907_70a49cb436_n.jpg\",\"articleSection\":[\"Attualit\u00e0\"],\"inLanguage\":\"it-IT\",\"potentialAction\":[{\"@type\":\"CommentAction\",\"name\":\"Comment\",\"target\":[\"https:\\\/\\\/archiviocassano.lavocedelpaese.info\\\/index.php\\\/2022\\\/03\\\/16\\\/malattie-neurologiche-questa-e-la-settimanae-del-cervell\\\/#respond\"]}]},{\"@type\":\"WebPage\",\"@id\":\"https:\\\/\\\/archiviocassano.lavocedelpaese.info\\\/index.php\\\/2022\\\/03\\\/16\\\/malattie-neurologiche-questa-e-la-settimanae-del-cervell\\\/\",\"url\":\"https:\\\/\\\/archiviocassano.lavocedelpaese.info\\\/index.php\\\/2022\\\/03\\\/16\\\/malattie-neurologiche-questa-e-la-settimanae-del-cervell\\\/\",\"name\":\"Malattie neurologiche, questa \u00e8 la Settimana del Cervello - Archivio CassanoWeb\",\"isPartOf\":{\"@id\":\"https:\\\/\\\/archiviocassano.lavocedelpaese.info\\\/#website\"},\"primaryImageOfPage\":{\"@id\":\"https:\\\/\\\/archiviocassano.lavocedelpaese.info\\\/index.php\\\/2022\\\/03\\\/16\\\/malattie-neurologiche-questa-e-la-settimanae-del-cervell\\\/#primaryimage\"},\"image\":{\"@id\":\"https:\\\/\\\/archiviocassano.lavocedelpaese.info\\\/index.php\\\/2022\\\/03\\\/16\\\/malattie-neurologiche-questa-e-la-settimanae-del-cervell\\\/#primaryimage\"},\"thumbnailUrl\":\"https:\\\/\\\/live.staticflickr.com\\\/65535\\\/51940357907_70a49cb436_n.jpg\",\"datePublished\":\"2022-03-16T07:53:49+00:00\",\"breadcrumb\":{\"@id\":\"https:\\\/\\\/archiviocassano.lavocedelpaese.info\\\/index.php\\\/2022\\\/03\\\/16\\\/malattie-neurologiche-questa-e-la-settimanae-del-cervell\\\/#breadcrumb\"},\"inLanguage\":\"it-IT\",\"potentialAction\":[{\"@type\":\"ReadAction\",\"target\":[\"https:\\\/\\\/archiviocassano.lavocedelpaese.info\\\/index.php\\\/2022\\\/03\\\/16\\\/malattie-neurologiche-questa-e-la-settimanae-del-cervell\\\/\"]}]},{\"@type\":\"ImageObject\",\"inLanguage\":\"it-IT\",\"@id\":\"https:\\\/\\\/archiviocassano.lavocedelpaese.info\\\/index.php\\\/2022\\\/03\\\/16\\\/malattie-neurologiche-questa-e-la-settimanae-del-cervell\\\/#primaryimage\",\"url\":\"https:\\\/\\\/live.staticflickr.com\\\/65535\\\/51940357907_70a49cb436_n.jpg\",\"contentUrl\":\"https:\\\/\\\/live.staticflickr.com\\\/65535\\\/51940357907_70a49cb436_n.jpg\"},{\"@type\":\"BreadcrumbList\",\"@id\":\"https:\\\/\\\/archiviocassano.lavocedelpaese.info\\\/index.php\\\/2022\\\/03\\\/16\\\/malattie-neurologiche-questa-e-la-settimanae-del-cervell\\\/#breadcrumb\",\"itemListElement\":[{\"@type\":\"ListItem\",\"position\":1,\"name\":\"Home\",\"item\":\"https:\\\/\\\/archiviocassano.lavocedelpaese.info\\\/\"},{\"@type\":\"ListItem\",\"position\":2,\"name\":\"Malattie neurologiche, questa \u00e8 la Settimana del Cervello\"}]},{\"@type\":\"WebSite\",\"@id\":\"https:\\\/\\\/archiviocassano.lavocedelpaese.info\\\/#website\",\"url\":\"https:\\\/\\\/archiviocassano.lavocedelpaese.info\\\/\",\"name\":\"Archivio CassanoWeb\",\"description\":\"La Voce del Paese - un network di idee\",\"publisher\":{\"@id\":\"https:\\\/\\\/archiviocassano.lavocedelpaese.info\\\/#organization\"},\"potentialAction\":[{\"@type\":\"SearchAction\",\"target\":{\"@type\":\"EntryPoint\",\"urlTemplate\":\"https:\\\/\\\/archiviocassano.lavocedelpaese.info\\\/?s={search_term_string}\"},\"query-input\":{\"@type\":\"PropertyValueSpecification\",\"valueRequired\":true,\"valueName\":\"search_term_string\"}}],\"inLanguage\":\"it-IT\"},{\"@type\":\"Organization\",\"@id\":\"https:\\\/\\\/archiviocassano.lavocedelpaese.info\\\/#organization\",\"name\":\"Archivio CassanoWeb\",\"url\":\"https:\\\/\\\/archiviocassano.lavocedelpaese.info\\\/\",\"logo\":{\"@type\":\"ImageObject\",\"inLanguage\":\"it-IT\",\"@id\":\"https:\\\/\\\/archiviocassano.lavocedelpaese.info\\\/#\\\/schema\\\/logo\\\/image\\\/\",\"url\":\"https:\\\/\\\/archiviocassano.lavocedelpaese.info\\\/wp-content\\\/uploads\\\/2024\\\/08\\\/logo-rosso-2.png\",\"contentUrl\":\"https:\\\/\\\/archiviocassano.lavocedelpaese.info\\\/wp-content\\\/uploads\\\/2024\\\/08\\\/logo-rosso-2.png\",\"width\":491,\"height\":432,\"caption\":\"Archivio CassanoWeb\"},\"image\":{\"@id\":\"https:\\\/\\\/archiviocassano.lavocedelpaese.info\\\/#\\\/schema\\\/logo\\\/image\\\/\"},\"sameAs\":[\"https:\\\/\\\/www.facebook.com\\\/redazione.cassanoweb\"]},{\"@type\":\"Person\",\"@id\":\"https:\\\/\\\/archiviocassano.lavocedelpaese.info\\\/#\\\/schema\\\/person\\\/df195bc79a9b4c35127cf005f92e041b\",\"name\":\"admin\",\"image\":{\"@type\":\"ImageObject\",\"inLanguage\":\"it-IT\",\"@id\":\"https:\\\/\\\/secure.gravatar.com\\\/avatar\\\/eabba89a432e8eaa1b0207cc55f7e5340b22712b1ed80677efcf63e02ff5b235?s=96&d=mm&r=g\",\"url\":\"https:\\\/\\\/secure.gravatar.com\\\/avatar\\\/eabba89a432e8eaa1b0207cc55f7e5340b22712b1ed80677efcf63e02ff5b235?s=96&d=mm&r=g\",\"contentUrl\":\"https:\\\/\\\/secure.gravatar.com\\\/avatar\\\/eabba89a432e8eaa1b0207cc55f7e5340b22712b1ed80677efcf63e02ff5b235?s=96&d=mm&r=g\",\"caption\":\"admin\"},\"sameAs\":[\"https:\\\/\\\/archiviocassano.lavocedelpaese.info\"],\"url\":\"https:\\\/\\\/archiviocassano.lavocedelpaese.info\\\/index.php\\\/author\\\/admin_0qgz1xdp\\\/\"}]}<\/script>\n<!-- \/ Yoast SEO plugin. -->","yoast_head_json":{"title":"Malattie neurologiche, questa \u00e8 la Settimana del Cervello - Archivio CassanoWeb","robots":{"index":"index","follow":"follow","max-snippet":"max-snippet:-1","max-image-preview":"max-image-preview:large","max-video-preview":"max-video-preview:-1"},"canonical":"https:\/\/archiviocassano.lavocedelpaese.info\/index.php\/2022\/03\/16\/malattie-neurologiche-questa-e-la-settimanae-del-cervell\/","og_locale":"it_IT","og_type":"article","og_title":"Malattie neurologiche, questa \u00e8 la Settimana del Cervello - Archivio CassanoWeb","og_url":"https:\/\/archiviocassano.lavocedelpaese.info\/index.php\/2022\/03\/16\/malattie-neurologiche-questa-e-la-settimanae-del-cervell\/","og_site_name":"Archivio CassanoWeb","article_publisher":"https:\/\/www.facebook.com\/redazione.cassanoweb","article_published_time":"2022-03-16T07:53:49+00:00","og_image":[{"url":"https:\/\/live.staticflickr.com\/65535\/51940357907_70a49cb436_n.jpg","type":"","width":"","height":""}],"author":"admin","twitter_card":"summary_large_image","twitter_misc":{"Scritto da":"admin","Tempo di lettura stimato":"4 minuti"},"schema":{"@context":"https:\/\/schema.org","@graph":[{"@type":"Article","@id":"https:\/\/archiviocassano.lavocedelpaese.info\/index.php\/2022\/03\/16\/malattie-neurologiche-questa-e-la-settimanae-del-cervell\/#article","isPartOf":{"@id":"https:\/\/archiviocassano.lavocedelpaese.info\/index.php\/2022\/03\/16\/malattie-neurologiche-questa-e-la-settimanae-del-cervell\/"},"author":{"name":"admin","@id":"https:\/\/archiviocassano.lavocedelpaese.info\/#\/schema\/person\/df195bc79a9b4c35127cf005f92e041b"},"headline":"Malattie neurologiche, questa \u00e8 la Settimana del Cervello","datePublished":"2022-03-16T07:53:49+00:00","mainEntityOfPage":{"@id":"https:\/\/archiviocassano.lavocedelpaese.info\/index.php\/2022\/03\/16\/malattie-neurologiche-questa-e-la-settimanae-del-cervell\/"},"wordCount":886,"commentCount":0,"publisher":{"@id":"https:\/\/archiviocassano.lavocedelpaese.info\/#organization"},"image":{"@id":"https:\/\/archiviocassano.lavocedelpaese.info\/index.php\/2022\/03\/16\/malattie-neurologiche-questa-e-la-settimanae-del-cervell\/#primaryimage"},"thumbnailUrl":"https:\/\/live.staticflickr.com\/65535\/51940357907_70a49cb436_n.jpg","articleSection":["Attualit\u00e0"],"inLanguage":"it-IT","potentialAction":[{"@type":"CommentAction","name":"Comment","target":["https:\/\/archiviocassano.lavocedelpaese.info\/index.php\/2022\/03\/16\/malattie-neurologiche-questa-e-la-settimanae-del-cervell\/#respond"]}]},{"@type":"WebPage","@id":"https:\/\/archiviocassano.lavocedelpaese.info\/index.php\/2022\/03\/16\/malattie-neurologiche-questa-e-la-settimanae-del-cervell\/","url":"https:\/\/archiviocassano.lavocedelpaese.info\/index.php\/2022\/03\/16\/malattie-neurologiche-questa-e-la-settimanae-del-cervell\/","name":"Malattie neurologiche, questa \u00e8 la Settimana del Cervello - Archivio CassanoWeb","isPartOf":{"@id":"https:\/\/archiviocassano.lavocedelpaese.info\/#website"},"primaryImageOfPage":{"@id":"https:\/\/archiviocassano.lavocedelpaese.info\/index.php\/2022\/03\/16\/malattie-neurologiche-questa-e-la-settimanae-del-cervell\/#primaryimage"},"image":{"@id":"https:\/\/archiviocassano.lavocedelpaese.info\/index.php\/2022\/03\/16\/malattie-neurologiche-questa-e-la-settimanae-del-cervell\/#primaryimage"},"thumbnailUrl":"https:\/\/live.staticflickr.com\/65535\/51940357907_70a49cb436_n.jpg","datePublished":"2022-03-16T07:53:49+00:00","breadcrumb":{"@id":"https:\/\/archiviocassano.lavocedelpaese.info\/index.php\/2022\/03\/16\/malattie-neurologiche-questa-e-la-settimanae-del-cervell\/#breadcrumb"},"inLanguage":"it-IT","potentialAction":[{"@type":"ReadAction","target":["https:\/\/archiviocassano.lavocedelpaese.info\/index.php\/2022\/03\/16\/malattie-neurologiche-questa-e-la-settimanae-del-cervell\/"]}]},{"@type":"ImageObject","inLanguage":"it-IT","@id":"https:\/\/archiviocassano.lavocedelpaese.info\/index.php\/2022\/03\/16\/malattie-neurologiche-questa-e-la-settimanae-del-cervell\/#primaryimage","url":"https:\/\/live.staticflickr.com\/65535\/51940357907_70a49cb436_n.jpg","contentUrl":"https:\/\/live.staticflickr.com\/65535\/51940357907_70a49cb436_n.jpg"},{"@type":"BreadcrumbList","@id":"https:\/\/archiviocassano.lavocedelpaese.info\/index.php\/2022\/03\/16\/malattie-neurologiche-questa-e-la-settimanae-del-cervell\/#breadcrumb","itemListElement":[{"@type":"ListItem","position":1,"name":"Home","item":"https:\/\/archiviocassano.lavocedelpaese.info\/"},{"@type":"ListItem","position":2,"name":"Malattie neurologiche, questa \u00e8 la Settimana del Cervello"}]},{"@type":"WebSite","@id":"https:\/\/archiviocassano.lavocedelpaese.info\/#website","url":"https:\/\/archiviocassano.lavocedelpaese.info\/","name":"Archivio CassanoWeb","description":"La Voce del Paese - un network di idee","publisher":{"@id":"https:\/\/archiviocassano.lavocedelpaese.info\/#organization"},"potentialAction":[{"@type":"SearchAction","target":{"@type":"EntryPoint","urlTemplate":"https:\/\/archiviocassano.lavocedelpaese.info\/?s={search_term_string}"},"query-input":{"@type":"PropertyValueSpecification","valueRequired":true,"valueName":"search_term_string"}}],"inLanguage":"it-IT"},{"@type":"Organization","@id":"https:\/\/archiviocassano.lavocedelpaese.info\/#organization","name":"Archivio CassanoWeb","url":"https:\/\/archiviocassano.lavocedelpaese.info\/","logo":{"@type":"ImageObject","inLanguage":"it-IT","@id":"https:\/\/archiviocassano.lavocedelpaese.info\/#\/schema\/logo\/image\/","url":"https:\/\/archiviocassano.lavocedelpaese.info\/wp-content\/uploads\/2024\/08\/logo-rosso-2.png","contentUrl":"https:\/\/archiviocassano.lavocedelpaese.info\/wp-content\/uploads\/2024\/08\/logo-rosso-2.png","width":491,"height":432,"caption":"Archivio CassanoWeb"},"image":{"@id":"https:\/\/archiviocassano.lavocedelpaese.info\/#\/schema\/logo\/image\/"},"sameAs":["https:\/\/www.facebook.com\/redazione.cassanoweb"]},{"@type":"Person","@id":"https:\/\/archiviocassano.lavocedelpaese.info\/#\/schema\/person\/df195bc79a9b4c35127cf005f92e041b","name":"admin","image":{"@type":"ImageObject","inLanguage":"it-IT","@id":"https:\/\/secure.gravatar.com\/avatar\/eabba89a432e8eaa1b0207cc55f7e5340b22712b1ed80677efcf63e02ff5b235?s=96&d=mm&r=g","url":"https:\/\/secure.gravatar.com\/avatar\/eabba89a432e8eaa1b0207cc55f7e5340b22712b1ed80677efcf63e02ff5b235?s=96&d=mm&r=g","contentUrl":"https:\/\/secure.gravatar.com\/avatar\/eabba89a432e8eaa1b0207cc55f7e5340b22712b1ed80677efcf63e02ff5b235?s=96&d=mm&r=g","caption":"admin"},"sameAs":["https:\/\/archiviocassano.lavocedelpaese.info"],"url":"https:\/\/archiviocassano.lavocedelpaese.info\/index.php\/author\/admin_0qgz1xdp\/"}]}},"_links":{"self":[{"href":"https:\/\/archiviocassano.lavocedelpaese.info\/index.php\/wp-json\/wp\/v2\/posts\/19703","targetHints":{"allow":["GET"]}}],"collection":[{"href":"https:\/\/archiviocassano.lavocedelpaese.info\/index.php\/wp-json\/wp\/v2\/posts"}],"about":[{"href":"https:\/\/archiviocassano.lavocedelpaese.info\/index.php\/wp-json\/wp\/v2\/types\/post"}],"author":[{"embeddable":true,"href":"https:\/\/archiviocassano.lavocedelpaese.info\/index.php\/wp-json\/wp\/v2\/users\/1"}],"replies":[{"embeddable":true,"href":"https:\/\/archiviocassano.lavocedelpaese.info\/index.php\/wp-json\/wp\/v2\/comments?post=19703"}],"version-history":[{"count":0,"href":"https:\/\/archiviocassano.lavocedelpaese.info\/index.php\/wp-json\/wp\/v2\/posts\/19703\/revisions"}],"wp:attachment":[{"href":"https:\/\/archiviocassano.lavocedelpaese.info\/index.php\/wp-json\/wp\/v2\/media?parent=19703"}],"wp:term":[{"taxonomy":"category","embeddable":true,"href":"https:\/\/archiviocassano.lavocedelpaese.info\/index.php\/wp-json\/wp\/v2\/categories?post=19703"},{"taxonomy":"post_tag","embeddable":true,"href":"https:\/\/archiviocassano.lavocedelpaese.info\/index.php\/wp-json\/wp\/v2\/tags?post=19703"}],"curies":[{"name":"wp","href":"https:\/\/api.w.org\/{rel}","templated":true}]}}