{"id":19709,"date":"2022-03-21T18:07:42","date_gmt":"2022-03-21T18:07:42","guid":{"rendered":"https:\/\/archiviocassano.lavocedelpaese.info\/index.php\/2022\/03\/21\/qlibri-in-comune-eq-storie-di-donne-alla-ricerca-della-serenita\/"},"modified":"2022-03-21T18:07:42","modified_gmt":"2022-03-21T18:07:42","slug":"qlibri-in-comune-eq-storie-di-donne-alla-ricerca-della-serenita","status":"publish","type":"post","link":"https:\/\/archiviocassano.lavocedelpaese.info\/index.php\/2022\/03\/21\/qlibri-in-comune-eq-storie-di-donne-alla-ricerca-della-serenita\/","title":{"rendered":"&#8220;Libri in comune e&#8221; storie di donne alla ricerca della serenit\u00e0"},"content":{"rendered":"<p><a data-flickr-embed=\"true\" href=\"https:\/\/www.flickr.com\/photos\/184752021@N05\/51952925689\/in\/dateposted-public\/\" title=\"IMG-20220319-WA0031 (1)\"><img loading=\"lazy\" decoding=\"async\" src=\"https:\/\/live.staticflickr.com\/65535\/51952925689_433bcbd42d_n.jpg\" width=\"320\" height=\"162\" alt=\"IMG-20220319-WA0031 (1)\" \/><\/a><\/p>\n<p><!--more--><\/p>\n<p style=\"text-align: justify;\">Nel mese dedicato al genere femminile, un altro imperdibile appuntamento con una storia di amicizia e di ricerca della serenit\u00e0.<\/p>\n<div dir=\"auto\">&#8220;Solo un raggio di sole&#8221;, opera prima della scrittrice Cinzia Cofano, infatti,&nbsp; sar\u00e0 protagonista del prossimo incontro di mercoled\u00ec 23 marzo della rassegna culturale &#8220;Libri in Comune e&#8230;&#8221; patrocinata dalla citt\u00e0 metropolitana di Bari, dai comuni di Cassano, Binetto, Cellamare, Grumo Appula e Bitetto.<\/div>\n<div dir=\"auto\">&nbsp;<\/div>\n<div dir=\"auto\">La storia si snoda nel tempo, quello di Sofia, Amira e Silvia, tre donne diverse le cui vite sono destinate a incrociarsi. Le prime due sono amiche d&#8217;infanzia e, nei loro discorsi nostalgici e profondi, ripercorrono le tappe delle loro esistenze sempre legate e, talvolta, segnate da profonde ferite. Silvia invece \u00e8 una donna semplice e dolce che ha conosciuto l&#8217;amore e tutto il dolore che questo pu\u00f2 portare con s\u00e9. Il punto di contatto fra le loro vite \u00e8 segnato da tre uomini che segneranno i momenti di svolta nella loro affannosa ricerca della serenit\u00e0. Perch\u00e9 \u00e8 importante imparare ad alzarsi in piedi ogni volta che si cade, ma avere la persona giusta accanto che ti aiuta o ti sprona a farlo non \u00e8 sempre cos\u00ec scontato.<\/div>\n<div dir=\"auto\">&nbsp;<\/div>\n<p>L\u2019iniziativa \u201cLibri in comune e&#8230;\u201d nasce dall\u2019intento di mettere nuovamente in rete le pluriennali esperienze in ambito sociale e culturale delle tre amministratrici comunali Francesca Marsico, Marisa Romeo e Eliana Zammataro arricchite da quelle di Chiara Servedio e Giulio De Benedittis, rappresentanti dei nuovi comuni che si sono uniti alla rete, per promuovere spazi dedicati a tutti, dai piccoli ai grandi, scommettendo attraverso l\u2019uso di internet, sulla creazione di nuovi luoghi di conoscenza, di bellezza e condivisione.&nbsp;<\/p>\n<p>&nbsp;<\/p>\n<p style=\"text-align: center;\"><a data-flickr-embed=\"true\" href=\"https:\/\/www.flickr.com\/photos\/184752021@N05\/51952687738\/in\/dateposted-public\/\" title=\"IMG-20220319-WA0031\"><img loading=\"lazy\" decoding=\"async\" src=\"https:\/\/live.staticflickr.com\/65535\/51952687738_be49c18a63.jpg\" width=\"370\" height=\"500\" alt=\"IMG-20220319-WA0031\" \/><\/a><\/p>\n","protected":false},"excerpt":{"rendered":"","protected":false},"author":1,"featured_media":0,"comment_status":"open","ping_status":"closed","sticky":false,"template":"","format":"standard","meta":{"colormag_page_container_layout":"default_layout","colormag_page_sidebar_layout":"default_layout","footnotes":""},"categories":[6],"tags":[],"class_list":["post-19709","post","type-post","status-publish","format-standard","hentry","category-cultura"],"yoast_head":"<!-- This site is optimized with the Yoast SEO plugin v27.5 - https:\/\/yoast.com\/product\/yoast-seo-wordpress\/ -->\n<title>&quot;Libri in comune e&quot; storie di donne alla ricerca della serenit\u00e0 - Archivio CassanoWeb<\/title>\n<meta name=\"robots\" content=\"index, follow, max-snippet:-1, max-image-preview:large, max-video-preview:-1\" \/>\n<link rel=\"canonical\" href=\"https:\/\/archiviocassano.lavocedelpaese.info\/index.php\/2022\/03\/21\/qlibri-in-comune-eq-storie-di-donne-alla-ricerca-della-serenita\/\" \/>\n<meta property=\"og:locale\" content=\"it_IT\" \/>\n<meta property=\"og:type\" content=\"article\" \/>\n<meta property=\"og:title\" content=\"&quot;Libri in comune e&quot; storie di donne alla ricerca della serenit\u00e0 - Archivio CassanoWeb\" \/>\n<meta property=\"og:url\" content=\"https:\/\/archiviocassano.lavocedelpaese.info\/index.php\/2022\/03\/21\/qlibri-in-comune-eq-storie-di-donne-alla-ricerca-della-serenita\/\" \/>\n<meta property=\"og:site_name\" content=\"Archivio CassanoWeb\" \/>\n<meta property=\"article:publisher\" content=\"https:\/\/www.facebook.com\/redazione.cassanoweb\" \/>\n<meta property=\"article:published_time\" content=\"2022-03-21T18:07:42+00:00\" \/>\n<meta property=\"og:image\" content=\"https:\/\/live.staticflickr.com\/65535\/51952925689_433bcbd42d_n.jpg\" \/>\n<meta name=\"author\" content=\"admin\" \/>\n<meta name=\"twitter:card\" content=\"summary_large_image\" \/>\n<meta name=\"twitter:label1\" content=\"Scritto da\" \/>\n\t<meta name=\"twitter:data1\" content=\"admin\" \/>\n\t<meta name=\"twitter:label2\" content=\"Tempo di lettura stimato\" \/>\n\t<meta name=\"twitter:data2\" content=\"1 minuto\" \/>\n<script type=\"application\/ld+json\" class=\"yoast-schema-graph\">{\"@context\":\"https:\\\/\\\/schema.org\",\"@graph\":[{\"@type\":\"Article\",\"@id\":\"https:\\\/\\\/archiviocassano.lavocedelpaese.info\\\/index.php\\\/2022\\\/03\\\/21\\\/qlibri-in-comune-eq-storie-di-donne-alla-ricerca-della-serenita\\\/#article\",\"isPartOf\":{\"@id\":\"https:\\\/\\\/archiviocassano.lavocedelpaese.info\\\/index.php\\\/2022\\\/03\\\/21\\\/qlibri-in-comune-eq-storie-di-donne-alla-ricerca-della-serenita\\\/\"},\"author\":{\"name\":\"admin\",\"@id\":\"https:\\\/\\\/archiviocassano.lavocedelpaese.info\\\/#\\\/schema\\\/person\\\/df195bc79a9b4c35127cf005f92e041b\"},\"headline\":\"&#8220;Libri in comune e&#8221; storie di donne alla ricerca della serenit\u00e0\",\"datePublished\":\"2022-03-21T18:07:42+00:00\",\"mainEntityOfPage\":{\"@id\":\"https:\\\/\\\/archiviocassano.lavocedelpaese.info\\\/index.php\\\/2022\\\/03\\\/21\\\/qlibri-in-comune-eq-storie-di-donne-alla-ricerca-della-serenita\\\/\"},\"wordCount\":285,\"commentCount\":0,\"publisher\":{\"@id\":\"https:\\\/\\\/archiviocassano.lavocedelpaese.info\\\/#organization\"},\"image\":{\"@id\":\"https:\\\/\\\/archiviocassano.lavocedelpaese.info\\\/index.php\\\/2022\\\/03\\\/21\\\/qlibri-in-comune-eq-storie-di-donne-alla-ricerca-della-serenita\\\/#primaryimage\"},\"thumbnailUrl\":\"https:\\\/\\\/live.staticflickr.com\\\/65535\\\/51952925689_433bcbd42d_n.jpg\",\"articleSection\":[\"Cultura\"],\"inLanguage\":\"it-IT\",\"potentialAction\":[{\"@type\":\"CommentAction\",\"name\":\"Comment\",\"target\":[\"https:\\\/\\\/archiviocassano.lavocedelpaese.info\\\/index.php\\\/2022\\\/03\\\/21\\\/qlibri-in-comune-eq-storie-di-donne-alla-ricerca-della-serenita\\\/#respond\"]}]},{\"@type\":\"WebPage\",\"@id\":\"https:\\\/\\\/archiviocassano.lavocedelpaese.info\\\/index.php\\\/2022\\\/03\\\/21\\\/qlibri-in-comune-eq-storie-di-donne-alla-ricerca-della-serenita\\\/\",\"url\":\"https:\\\/\\\/archiviocassano.lavocedelpaese.info\\\/index.php\\\/2022\\\/03\\\/21\\\/qlibri-in-comune-eq-storie-di-donne-alla-ricerca-della-serenita\\\/\",\"name\":\"\\\"Libri in comune e\\\" storie di donne alla ricerca della serenit\u00e0 - Archivio CassanoWeb\",\"isPartOf\":{\"@id\":\"https:\\\/\\\/archiviocassano.lavocedelpaese.info\\\/#website\"},\"primaryImageOfPage\":{\"@id\":\"https:\\\/\\\/archiviocassano.lavocedelpaese.info\\\/index.php\\\/2022\\\/03\\\/21\\\/qlibri-in-comune-eq-storie-di-donne-alla-ricerca-della-serenita\\\/#primaryimage\"},\"image\":{\"@id\":\"https:\\\/\\\/archiviocassano.lavocedelpaese.info\\\/index.php\\\/2022\\\/03\\\/21\\\/qlibri-in-comune-eq-storie-di-donne-alla-ricerca-della-serenita\\\/#primaryimage\"},\"thumbnailUrl\":\"https:\\\/\\\/live.staticflickr.com\\\/65535\\\/51952925689_433bcbd42d_n.jpg\",\"datePublished\":\"2022-03-21T18:07:42+00:00\",\"breadcrumb\":{\"@id\":\"https:\\\/\\\/archiviocassano.lavocedelpaese.info\\\/index.php\\\/2022\\\/03\\\/21\\\/qlibri-in-comune-eq-storie-di-donne-alla-ricerca-della-serenita\\\/#breadcrumb\"},\"inLanguage\":\"it-IT\",\"potentialAction\":[{\"@type\":\"ReadAction\",\"target\":[\"https:\\\/\\\/archiviocassano.lavocedelpaese.info\\\/index.php\\\/2022\\\/03\\\/21\\\/qlibri-in-comune-eq-storie-di-donne-alla-ricerca-della-serenita\\\/\"]}]},{\"@type\":\"ImageObject\",\"inLanguage\":\"it-IT\",\"@id\":\"https:\\\/\\\/archiviocassano.lavocedelpaese.info\\\/index.php\\\/2022\\\/03\\\/21\\\/qlibri-in-comune-eq-storie-di-donne-alla-ricerca-della-serenita\\\/#primaryimage\",\"url\":\"https:\\\/\\\/live.staticflickr.com\\\/65535\\\/51952925689_433bcbd42d_n.jpg\",\"contentUrl\":\"https:\\\/\\\/live.staticflickr.com\\\/65535\\\/51952925689_433bcbd42d_n.jpg\"},{\"@type\":\"BreadcrumbList\",\"@id\":\"https:\\\/\\\/archiviocassano.lavocedelpaese.info\\\/index.php\\\/2022\\\/03\\\/21\\\/qlibri-in-comune-eq-storie-di-donne-alla-ricerca-della-serenita\\\/#breadcrumb\",\"itemListElement\":[{\"@type\":\"ListItem\",\"position\":1,\"name\":\"Home\",\"item\":\"https:\\\/\\\/archiviocassano.lavocedelpaese.info\\\/\"},{\"@type\":\"ListItem\",\"position\":2,\"name\":\"&#8220;Libri in comune e&#8221; storie di donne alla ricerca della serenit\u00e0\"}]},{\"@type\":\"WebSite\",\"@id\":\"https:\\\/\\\/archiviocassano.lavocedelpaese.info\\\/#website\",\"url\":\"https:\\\/\\\/archiviocassano.lavocedelpaese.info\\\/\",\"name\":\"Archivio CassanoWeb\",\"description\":\"La Voce del Paese - un network di idee\",\"publisher\":{\"@id\":\"https:\\\/\\\/archiviocassano.lavocedelpaese.info\\\/#organization\"},\"potentialAction\":[{\"@type\":\"SearchAction\",\"target\":{\"@type\":\"EntryPoint\",\"urlTemplate\":\"https:\\\/\\\/archiviocassano.lavocedelpaese.info\\\/?s={search_term_string}\"},\"query-input\":{\"@type\":\"PropertyValueSpecification\",\"valueRequired\":true,\"valueName\":\"search_term_string\"}}],\"inLanguage\":\"it-IT\"},{\"@type\":\"Organization\",\"@id\":\"https:\\\/\\\/archiviocassano.lavocedelpaese.info\\\/#organization\",\"name\":\"Archivio CassanoWeb\",\"url\":\"https:\\\/\\\/archiviocassano.lavocedelpaese.info\\\/\",\"logo\":{\"@type\":\"ImageObject\",\"inLanguage\":\"it-IT\",\"@id\":\"https:\\\/\\\/archiviocassano.lavocedelpaese.info\\\/#\\\/schema\\\/logo\\\/image\\\/\",\"url\":\"https:\\\/\\\/archiviocassano.lavocedelpaese.info\\\/wp-content\\\/uploads\\\/2024\\\/08\\\/logo-rosso-2.png\",\"contentUrl\":\"https:\\\/\\\/archiviocassano.lavocedelpaese.info\\\/wp-content\\\/uploads\\\/2024\\\/08\\\/logo-rosso-2.png\",\"width\":491,\"height\":432,\"caption\":\"Archivio CassanoWeb\"},\"image\":{\"@id\":\"https:\\\/\\\/archiviocassano.lavocedelpaese.info\\\/#\\\/schema\\\/logo\\\/image\\\/\"},\"sameAs\":[\"https:\\\/\\\/www.facebook.com\\\/redazione.cassanoweb\"]},{\"@type\":\"Person\",\"@id\":\"https:\\\/\\\/archiviocassano.lavocedelpaese.info\\\/#\\\/schema\\\/person\\\/df195bc79a9b4c35127cf005f92e041b\",\"name\":\"admin\",\"image\":{\"@type\":\"ImageObject\",\"inLanguage\":\"it-IT\",\"@id\":\"https:\\\/\\\/secure.gravatar.com\\\/avatar\\\/eabba89a432e8eaa1b0207cc55f7e5340b22712b1ed80677efcf63e02ff5b235?s=96&d=mm&r=g\",\"url\":\"https:\\\/\\\/secure.gravatar.com\\\/avatar\\\/eabba89a432e8eaa1b0207cc55f7e5340b22712b1ed80677efcf63e02ff5b235?s=96&d=mm&r=g\",\"contentUrl\":\"https:\\\/\\\/secure.gravatar.com\\\/avatar\\\/eabba89a432e8eaa1b0207cc55f7e5340b22712b1ed80677efcf63e02ff5b235?s=96&d=mm&r=g\",\"caption\":\"admin\"},\"sameAs\":[\"https:\\\/\\\/archiviocassano.lavocedelpaese.info\"],\"url\":\"https:\\\/\\\/archiviocassano.lavocedelpaese.info\\\/index.php\\\/author\\\/admin_0qgz1xdp\\\/\"}]}<\/script>\n<!-- \/ Yoast SEO plugin. -->","yoast_head_json":{"title":"\"Libri in comune e\" storie di donne alla ricerca della serenit\u00e0 - Archivio CassanoWeb","robots":{"index":"index","follow":"follow","max-snippet":"max-snippet:-1","max-image-preview":"max-image-preview:large","max-video-preview":"max-video-preview:-1"},"canonical":"https:\/\/archiviocassano.lavocedelpaese.info\/index.php\/2022\/03\/21\/qlibri-in-comune-eq-storie-di-donne-alla-ricerca-della-serenita\/","og_locale":"it_IT","og_type":"article","og_title":"\"Libri in comune e\" storie di donne alla ricerca della serenit\u00e0 - Archivio CassanoWeb","og_url":"https:\/\/archiviocassano.lavocedelpaese.info\/index.php\/2022\/03\/21\/qlibri-in-comune-eq-storie-di-donne-alla-ricerca-della-serenita\/","og_site_name":"Archivio CassanoWeb","article_publisher":"https:\/\/www.facebook.com\/redazione.cassanoweb","article_published_time":"2022-03-21T18:07:42+00:00","og_image":[{"url":"https:\/\/live.staticflickr.com\/65535\/51952925689_433bcbd42d_n.jpg","type":"","width":"","height":""}],"author":"admin","twitter_card":"summary_large_image","twitter_misc":{"Scritto da":"admin","Tempo di lettura stimato":"1 minuto"},"schema":{"@context":"https:\/\/schema.org","@graph":[{"@type":"Article","@id":"https:\/\/archiviocassano.lavocedelpaese.info\/index.php\/2022\/03\/21\/qlibri-in-comune-eq-storie-di-donne-alla-ricerca-della-serenita\/#article","isPartOf":{"@id":"https:\/\/archiviocassano.lavocedelpaese.info\/index.php\/2022\/03\/21\/qlibri-in-comune-eq-storie-di-donne-alla-ricerca-della-serenita\/"},"author":{"name":"admin","@id":"https:\/\/archiviocassano.lavocedelpaese.info\/#\/schema\/person\/df195bc79a9b4c35127cf005f92e041b"},"headline":"&#8220;Libri in comune e&#8221; storie di donne alla ricerca della serenit\u00e0","datePublished":"2022-03-21T18:07:42+00:00","mainEntityOfPage":{"@id":"https:\/\/archiviocassano.lavocedelpaese.info\/index.php\/2022\/03\/21\/qlibri-in-comune-eq-storie-di-donne-alla-ricerca-della-serenita\/"},"wordCount":285,"commentCount":0,"publisher":{"@id":"https:\/\/archiviocassano.lavocedelpaese.info\/#organization"},"image":{"@id":"https:\/\/archiviocassano.lavocedelpaese.info\/index.php\/2022\/03\/21\/qlibri-in-comune-eq-storie-di-donne-alla-ricerca-della-serenita\/#primaryimage"},"thumbnailUrl":"https:\/\/live.staticflickr.com\/65535\/51952925689_433bcbd42d_n.jpg","articleSection":["Cultura"],"inLanguage":"it-IT","potentialAction":[{"@type":"CommentAction","name":"Comment","target":["https:\/\/archiviocassano.lavocedelpaese.info\/index.php\/2022\/03\/21\/qlibri-in-comune-eq-storie-di-donne-alla-ricerca-della-serenita\/#respond"]}]},{"@type":"WebPage","@id":"https:\/\/archiviocassano.lavocedelpaese.info\/index.php\/2022\/03\/21\/qlibri-in-comune-eq-storie-di-donne-alla-ricerca-della-serenita\/","url":"https:\/\/archiviocassano.lavocedelpaese.info\/index.php\/2022\/03\/21\/qlibri-in-comune-eq-storie-di-donne-alla-ricerca-della-serenita\/","name":"\"Libri in comune e\" storie di donne alla ricerca della serenit\u00e0 - Archivio CassanoWeb","isPartOf":{"@id":"https:\/\/archiviocassano.lavocedelpaese.info\/#website"},"primaryImageOfPage":{"@id":"https:\/\/archiviocassano.lavocedelpaese.info\/index.php\/2022\/03\/21\/qlibri-in-comune-eq-storie-di-donne-alla-ricerca-della-serenita\/#primaryimage"},"image":{"@id":"https:\/\/archiviocassano.lavocedelpaese.info\/index.php\/2022\/03\/21\/qlibri-in-comune-eq-storie-di-donne-alla-ricerca-della-serenita\/#primaryimage"},"thumbnailUrl":"https:\/\/live.staticflickr.com\/65535\/51952925689_433bcbd42d_n.jpg","datePublished":"2022-03-21T18:07:42+00:00","breadcrumb":{"@id":"https:\/\/archiviocassano.lavocedelpaese.info\/index.php\/2022\/03\/21\/qlibri-in-comune-eq-storie-di-donne-alla-ricerca-della-serenita\/#breadcrumb"},"inLanguage":"it-IT","potentialAction":[{"@type":"ReadAction","target":["https:\/\/archiviocassano.lavocedelpaese.info\/index.php\/2022\/03\/21\/qlibri-in-comune-eq-storie-di-donne-alla-ricerca-della-serenita\/"]}]},{"@type":"ImageObject","inLanguage":"it-IT","@id":"https:\/\/archiviocassano.lavocedelpaese.info\/index.php\/2022\/03\/21\/qlibri-in-comune-eq-storie-di-donne-alla-ricerca-della-serenita\/#primaryimage","url":"https:\/\/live.staticflickr.com\/65535\/51952925689_433bcbd42d_n.jpg","contentUrl":"https:\/\/live.staticflickr.com\/65535\/51952925689_433bcbd42d_n.jpg"},{"@type":"BreadcrumbList","@id":"https:\/\/archiviocassano.lavocedelpaese.info\/index.php\/2022\/03\/21\/qlibri-in-comune-eq-storie-di-donne-alla-ricerca-della-serenita\/#breadcrumb","itemListElement":[{"@type":"ListItem","position":1,"name":"Home","item":"https:\/\/archiviocassano.lavocedelpaese.info\/"},{"@type":"ListItem","position":2,"name":"&#8220;Libri in comune e&#8221; storie di donne alla ricerca della serenit\u00e0"}]},{"@type":"WebSite","@id":"https:\/\/archiviocassano.lavocedelpaese.info\/#website","url":"https:\/\/archiviocassano.lavocedelpaese.info\/","name":"Archivio CassanoWeb","description":"La Voce del Paese - un network di idee","publisher":{"@id":"https:\/\/archiviocassano.lavocedelpaese.info\/#organization"},"potentialAction":[{"@type":"SearchAction","target":{"@type":"EntryPoint","urlTemplate":"https:\/\/archiviocassano.lavocedelpaese.info\/?s={search_term_string}"},"query-input":{"@type":"PropertyValueSpecification","valueRequired":true,"valueName":"search_term_string"}}],"inLanguage":"it-IT"},{"@type":"Organization","@id":"https:\/\/archiviocassano.lavocedelpaese.info\/#organization","name":"Archivio CassanoWeb","url":"https:\/\/archiviocassano.lavocedelpaese.info\/","logo":{"@type":"ImageObject","inLanguage":"it-IT","@id":"https:\/\/archiviocassano.lavocedelpaese.info\/#\/schema\/logo\/image\/","url":"https:\/\/archiviocassano.lavocedelpaese.info\/wp-content\/uploads\/2024\/08\/logo-rosso-2.png","contentUrl":"https:\/\/archiviocassano.lavocedelpaese.info\/wp-content\/uploads\/2024\/08\/logo-rosso-2.png","width":491,"height":432,"caption":"Archivio CassanoWeb"},"image":{"@id":"https:\/\/archiviocassano.lavocedelpaese.info\/#\/schema\/logo\/image\/"},"sameAs":["https:\/\/www.facebook.com\/redazione.cassanoweb"]},{"@type":"Person","@id":"https:\/\/archiviocassano.lavocedelpaese.info\/#\/schema\/person\/df195bc79a9b4c35127cf005f92e041b","name":"admin","image":{"@type":"ImageObject","inLanguage":"it-IT","@id":"https:\/\/secure.gravatar.com\/avatar\/eabba89a432e8eaa1b0207cc55f7e5340b22712b1ed80677efcf63e02ff5b235?s=96&d=mm&r=g","url":"https:\/\/secure.gravatar.com\/avatar\/eabba89a432e8eaa1b0207cc55f7e5340b22712b1ed80677efcf63e02ff5b235?s=96&d=mm&r=g","contentUrl":"https:\/\/secure.gravatar.com\/avatar\/eabba89a432e8eaa1b0207cc55f7e5340b22712b1ed80677efcf63e02ff5b235?s=96&d=mm&r=g","caption":"admin"},"sameAs":["https:\/\/archiviocassano.lavocedelpaese.info"],"url":"https:\/\/archiviocassano.lavocedelpaese.info\/index.php\/author\/admin_0qgz1xdp\/"}]}},"_links":{"self":[{"href":"https:\/\/archiviocassano.lavocedelpaese.info\/index.php\/wp-json\/wp\/v2\/posts\/19709","targetHints":{"allow":["GET"]}}],"collection":[{"href":"https:\/\/archiviocassano.lavocedelpaese.info\/index.php\/wp-json\/wp\/v2\/posts"}],"about":[{"href":"https:\/\/archiviocassano.lavocedelpaese.info\/index.php\/wp-json\/wp\/v2\/types\/post"}],"author":[{"embeddable":true,"href":"https:\/\/archiviocassano.lavocedelpaese.info\/index.php\/wp-json\/wp\/v2\/users\/1"}],"replies":[{"embeddable":true,"href":"https:\/\/archiviocassano.lavocedelpaese.info\/index.php\/wp-json\/wp\/v2\/comments?post=19709"}],"version-history":[{"count":0,"href":"https:\/\/archiviocassano.lavocedelpaese.info\/index.php\/wp-json\/wp\/v2\/posts\/19709\/revisions"}],"wp:attachment":[{"href":"https:\/\/archiviocassano.lavocedelpaese.info\/index.php\/wp-json\/wp\/v2\/media?parent=19709"}],"wp:term":[{"taxonomy":"category","embeddable":true,"href":"https:\/\/archiviocassano.lavocedelpaese.info\/index.php\/wp-json\/wp\/v2\/categories?post=19709"},{"taxonomy":"post_tag","embeddable":true,"href":"https:\/\/archiviocassano.lavocedelpaese.info\/index.php\/wp-json\/wp\/v2\/tags?post=19709"}],"curies":[{"name":"wp","href":"https:\/\/api.w.org\/{rel}","templated":true}]}}