{"id":19721,"date":"2022-04-12T12:14:10","date_gmt":"2022-04-12T12:14:10","guid":{"rendered":"https:\/\/archiviocassano.lavocedelpaese.info\/index.php\/2022\/04\/12\/amministrative-davide-del-re-presenta-qe-viva-cassanoq\/"},"modified":"2022-04-12T12:14:10","modified_gmt":"2022-04-12T12:14:10","slug":"amministrative-davide-del-re-presenta-qe-viva-cassanoq","status":"publish","type":"post","link":"https:\/\/archiviocassano.lavocedelpaese.info\/index.php\/2022\/04\/12\/amministrative-davide-del-re-presenta-qe-viva-cassanoq\/","title":{"rendered":"Amministrative, Davide Del Re presenta &#8220;E&#8217; Viva Cassano&#8221;"},"content":{"rendered":"<p><a data-flickr-embed=\"true\" href=\"https:\/\/www.flickr.com\/photos\/184752021@N05\/51992805943\/in\/dateposted-public\/\" title=\"WhatsApp Image 2022-04-09 at 00.06.04\"><img loading=\"lazy\" decoding=\"async\" src=\"https:\/\/live.staticflickr.com\/65535\/51992805943_5fc2a3c3f2_n.jpg\" width=\"320\" height=\"240\" alt=\"WhatsApp Image 2022-04-09 at 00.06.04\" \/><\/a><\/p>\n<p><!--more--><\/p>\n<p>\u201cUna squadra capace, che conta sui migliori cassanesi\u201d. Davide Del Re guarda al futuro e presenta \u201cE\u2019 Viva Cassano\u201d.<\/p>\n<p>Bando al dissenso, alle fronde, alle polemiche, al passato: non c\u2019\u00e8 spazio per la negativit\u00e0 nella presentazione di <strong>Davide Del Re<\/strong> candidato Sindaco per la coalizione di centrosinistra, svoltasi questa sera nel Comitato Elettorale di via Vittorio Emanuele III.<\/p>\n<p><i>\u201cAbbiamo progetti e breve, media e lunga scadenza perch\u00e9 questo \u00e8 un progetto politico che raduna i migliori della nostra Cassano e punta a governare per i prossimi dieci anni la citt\u00e0<\/i>\u201d, ha detto Del Re elencando gi\u00e0 i primi atti che far\u00e0 in caso di vittoria ovvero il ripristino del doppio senso di marcia su via Sannicandro, l\u2019eliminazione delle particolarit\u00e0 di chi gode di privilegi di cui gode senza averne n\u00e9 merito n\u00e9 titolo <i>(qualunque cosa significhi! NdA), <\/i>pulizia e decoro per le strade cittadine.<\/p>\n<p>Importanti gli ospiti d\u2019onore per tenere a battesimo la coalizione: la senatrice del Movimento 5 Stelle <strong>Angela Piarulli, <\/strong>il Segretario (commissariato) del Pd regionale pugliese <strong>sen. Marco Lacarra<\/strong> e il Segretario provinciale del Pd barese <strong>l\u2019on. Ubaldo Pagano<\/strong> che hanno elogiato il partito cassanese guidato da Enza Battista \u201cper aver fatto riscoprire al paese la ragioni dello stare insieme a fare politica\u201d, per \u201cil bene dei cittadini e della citt\u00e0\u201d.<\/p>\n<p><i>\u201cQui avete professionalit\u00e0 e competenze, persone che hanno dimostrato con i fatti di voler costruire qualcosa per la comunit\u00e0<\/i> \u2013 ha detto Pagano \u2013 <i>e non come qualche parolaio di queste parti che siede in Regione da decenni e non ha mai fatto niente per Cassano\u201d,<\/i> dove ogni riferimento al <strong>Consigliere Regionale Ignazio Zullo<\/strong> di cui Pagano \u00e8 un arcinemico, \u00e8 tutt\u2019altro che casuale\u2026<\/p>\n<p><strong>La Segretaria Enza Battista<\/strong> ha rivendicato la paternit\u00e0 del progetto politico \u201ca cui lavoriamo da due anni\u201d per mettere assieme il centrosinistra cassanese e riportarlo al governo di questa Cassano \u201cche ha tante potenzialit\u00e0\u201d e a farle da eco la candidata al Consiglio Comunale <strong>Rossana Angiulo<\/strong> per il M5S che ribadisce essere arrivato il momento <i>\u201cdi assumersi la responsabilit\u00e0 non per vincere ma per governare\u201d,<\/i> cos\u00ec come i pentastellati baresi fecero appoggiando il Governo Emiliano all\u2019indomani dele Regionali del 2020.<\/p>\n<p><i>\u201cIl prossimo 15 maggio al cinema \u201cVittoria\u201d<\/i> \u2013 ha concluso Davide Del Re \u2013 <i>presenteremo la squadra e il programma elettorale che in queste settimane andremo a integrare mettendoci in ascolto dei cittadini, del territorio, delle forze sindacali perch\u00e9 questa \u00e8 la modalit\u00e0 di costruire la politica, non altre\u201d. <\/i><\/p>\n<p>Molto entusiasmo fra il pubblico che affollava il Comitato e nel quale si distinguevano quelli che con molta probabilit\u00e0 saranno alcuni dei candidati al Consiglio Comunale: Enza Battista e Rossana Angiulo, ovviamente; ma anche Damiano Baldassarre, Rocco D\u2019Ambrosio (l\u2019ex agente di Polizia Penitenziaria), il commercialista Lino Angiulo, l\u2019ing. Mauro Morgese, l\u2019ex Sindaco Vito Lionetti.<\/p>\n<p>&nbsp;<\/p>\n","protected":false},"excerpt":{"rendered":"","protected":false},"author":1,"featured_media":0,"comment_status":"open","ping_status":"closed","sticky":false,"template":"","format":"standard","meta":{"colormag_page_container_layout":"default_layout","colormag_page_sidebar_layout":"default_layout","footnotes":""},"categories":[4],"tags":[],"class_list":["post-19721","post","type-post","status-publish","format-standard","hentry","category-politica"],"yoast_head":"<!-- This site is optimized with the Yoast SEO plugin v27.5 - https:\/\/yoast.com\/product\/yoast-seo-wordpress\/ -->\n<title>Amministrative, Davide Del Re presenta &quot;E&#039; Viva Cassano&quot; - Archivio CassanoWeb<\/title>\n<meta name=\"robots\" content=\"index, follow, max-snippet:-1, max-image-preview:large, max-video-preview:-1\" \/>\n<link rel=\"canonical\" href=\"https:\/\/archiviocassano.lavocedelpaese.info\/index.php\/2022\/04\/12\/amministrative-davide-del-re-presenta-qe-viva-cassanoq\/\" \/>\n<meta property=\"og:locale\" content=\"it_IT\" \/>\n<meta property=\"og:type\" content=\"article\" \/>\n<meta property=\"og:title\" content=\"Amministrative, Davide Del Re presenta &quot;E&#039; Viva Cassano&quot; - Archivio CassanoWeb\" \/>\n<meta property=\"og:url\" content=\"https:\/\/archiviocassano.lavocedelpaese.info\/index.php\/2022\/04\/12\/amministrative-davide-del-re-presenta-qe-viva-cassanoq\/\" \/>\n<meta property=\"og:site_name\" content=\"Archivio CassanoWeb\" \/>\n<meta property=\"article:publisher\" content=\"https:\/\/www.facebook.com\/redazione.cassanoweb\" \/>\n<meta property=\"article:published_time\" content=\"2022-04-12T12:14:10+00:00\" \/>\n<meta property=\"og:image\" content=\"https:\/\/live.staticflickr.com\/65535\/51992805943_5fc2a3c3f2_n.jpg\" \/>\n<meta name=\"author\" content=\"admin\" \/>\n<meta name=\"twitter:card\" content=\"summary_large_image\" \/>\n<meta name=\"twitter:label1\" content=\"Scritto da\" \/>\n\t<meta name=\"twitter:data1\" content=\"admin\" \/>\n\t<meta name=\"twitter:label2\" content=\"Tempo di lettura stimato\" \/>\n\t<meta name=\"twitter:data2\" content=\"2 minuti\" \/>\n<script type=\"application\/ld+json\" class=\"yoast-schema-graph\">{\"@context\":\"https:\\\/\\\/schema.org\",\"@graph\":[{\"@type\":\"Article\",\"@id\":\"https:\\\/\\\/archiviocassano.lavocedelpaese.info\\\/index.php\\\/2022\\\/04\\\/12\\\/amministrative-davide-del-re-presenta-qe-viva-cassanoq\\\/#article\",\"isPartOf\":{\"@id\":\"https:\\\/\\\/archiviocassano.lavocedelpaese.info\\\/index.php\\\/2022\\\/04\\\/12\\\/amministrative-davide-del-re-presenta-qe-viva-cassanoq\\\/\"},\"author\":{\"name\":\"admin\",\"@id\":\"https:\\\/\\\/archiviocassano.lavocedelpaese.info\\\/#\\\/schema\\\/person\\\/df195bc79a9b4c35127cf005f92e041b\"},\"headline\":\"Amministrative, Davide Del Re presenta &#8220;E&#8217; Viva Cassano&#8221;\",\"datePublished\":\"2022-04-12T12:14:10+00:00\",\"mainEntityOfPage\":{\"@id\":\"https:\\\/\\\/archiviocassano.lavocedelpaese.info\\\/index.php\\\/2022\\\/04\\\/12\\\/amministrative-davide-del-re-presenta-qe-viva-cassanoq\\\/\"},\"wordCount\":469,\"commentCount\":0,\"publisher\":{\"@id\":\"https:\\\/\\\/archiviocassano.lavocedelpaese.info\\\/#organization\"},\"image\":{\"@id\":\"https:\\\/\\\/archiviocassano.lavocedelpaese.info\\\/index.php\\\/2022\\\/04\\\/12\\\/amministrative-davide-del-re-presenta-qe-viva-cassanoq\\\/#primaryimage\"},\"thumbnailUrl\":\"https:\\\/\\\/live.staticflickr.com\\\/65535\\\/51992805943_5fc2a3c3f2_n.jpg\",\"articleSection\":[\"Politica\"],\"inLanguage\":\"it-IT\",\"potentialAction\":[{\"@type\":\"CommentAction\",\"name\":\"Comment\",\"target\":[\"https:\\\/\\\/archiviocassano.lavocedelpaese.info\\\/index.php\\\/2022\\\/04\\\/12\\\/amministrative-davide-del-re-presenta-qe-viva-cassanoq\\\/#respond\"]}]},{\"@type\":\"WebPage\",\"@id\":\"https:\\\/\\\/archiviocassano.lavocedelpaese.info\\\/index.php\\\/2022\\\/04\\\/12\\\/amministrative-davide-del-re-presenta-qe-viva-cassanoq\\\/\",\"url\":\"https:\\\/\\\/archiviocassano.lavocedelpaese.info\\\/index.php\\\/2022\\\/04\\\/12\\\/amministrative-davide-del-re-presenta-qe-viva-cassanoq\\\/\",\"name\":\"Amministrative, Davide Del Re presenta \\\"E' Viva Cassano\\\" - Archivio CassanoWeb\",\"isPartOf\":{\"@id\":\"https:\\\/\\\/archiviocassano.lavocedelpaese.info\\\/#website\"},\"primaryImageOfPage\":{\"@id\":\"https:\\\/\\\/archiviocassano.lavocedelpaese.info\\\/index.php\\\/2022\\\/04\\\/12\\\/amministrative-davide-del-re-presenta-qe-viva-cassanoq\\\/#primaryimage\"},\"image\":{\"@id\":\"https:\\\/\\\/archiviocassano.lavocedelpaese.info\\\/index.php\\\/2022\\\/04\\\/12\\\/amministrative-davide-del-re-presenta-qe-viva-cassanoq\\\/#primaryimage\"},\"thumbnailUrl\":\"https:\\\/\\\/live.staticflickr.com\\\/65535\\\/51992805943_5fc2a3c3f2_n.jpg\",\"datePublished\":\"2022-04-12T12:14:10+00:00\",\"breadcrumb\":{\"@id\":\"https:\\\/\\\/archiviocassano.lavocedelpaese.info\\\/index.php\\\/2022\\\/04\\\/12\\\/amministrative-davide-del-re-presenta-qe-viva-cassanoq\\\/#breadcrumb\"},\"inLanguage\":\"it-IT\",\"potentialAction\":[{\"@type\":\"ReadAction\",\"target\":[\"https:\\\/\\\/archiviocassano.lavocedelpaese.info\\\/index.php\\\/2022\\\/04\\\/12\\\/amministrative-davide-del-re-presenta-qe-viva-cassanoq\\\/\"]}]},{\"@type\":\"ImageObject\",\"inLanguage\":\"it-IT\",\"@id\":\"https:\\\/\\\/archiviocassano.lavocedelpaese.info\\\/index.php\\\/2022\\\/04\\\/12\\\/amministrative-davide-del-re-presenta-qe-viva-cassanoq\\\/#primaryimage\",\"url\":\"https:\\\/\\\/live.staticflickr.com\\\/65535\\\/51992805943_5fc2a3c3f2_n.jpg\",\"contentUrl\":\"https:\\\/\\\/live.staticflickr.com\\\/65535\\\/51992805943_5fc2a3c3f2_n.jpg\"},{\"@type\":\"BreadcrumbList\",\"@id\":\"https:\\\/\\\/archiviocassano.lavocedelpaese.info\\\/index.php\\\/2022\\\/04\\\/12\\\/amministrative-davide-del-re-presenta-qe-viva-cassanoq\\\/#breadcrumb\",\"itemListElement\":[{\"@type\":\"ListItem\",\"position\":1,\"name\":\"Home\",\"item\":\"https:\\\/\\\/archiviocassano.lavocedelpaese.info\\\/\"},{\"@type\":\"ListItem\",\"position\":2,\"name\":\"Amministrative, Davide Del Re presenta &#8220;E&#8217; Viva Cassano&#8221;\"}]},{\"@type\":\"WebSite\",\"@id\":\"https:\\\/\\\/archiviocassano.lavocedelpaese.info\\\/#website\",\"url\":\"https:\\\/\\\/archiviocassano.lavocedelpaese.info\\\/\",\"name\":\"Archivio CassanoWeb\",\"description\":\"La Voce del Paese - un network di idee\",\"publisher\":{\"@id\":\"https:\\\/\\\/archiviocassano.lavocedelpaese.info\\\/#organization\"},\"potentialAction\":[{\"@type\":\"SearchAction\",\"target\":{\"@type\":\"EntryPoint\",\"urlTemplate\":\"https:\\\/\\\/archiviocassano.lavocedelpaese.info\\\/?s={search_term_string}\"},\"query-input\":{\"@type\":\"PropertyValueSpecification\",\"valueRequired\":true,\"valueName\":\"search_term_string\"}}],\"inLanguage\":\"it-IT\"},{\"@type\":\"Organization\",\"@id\":\"https:\\\/\\\/archiviocassano.lavocedelpaese.info\\\/#organization\",\"name\":\"Archivio CassanoWeb\",\"url\":\"https:\\\/\\\/archiviocassano.lavocedelpaese.info\\\/\",\"logo\":{\"@type\":\"ImageObject\",\"inLanguage\":\"it-IT\",\"@id\":\"https:\\\/\\\/archiviocassano.lavocedelpaese.info\\\/#\\\/schema\\\/logo\\\/image\\\/\",\"url\":\"https:\\\/\\\/archiviocassano.lavocedelpaese.info\\\/wp-content\\\/uploads\\\/2024\\\/08\\\/logo-rosso-2.png\",\"contentUrl\":\"https:\\\/\\\/archiviocassano.lavocedelpaese.info\\\/wp-content\\\/uploads\\\/2024\\\/08\\\/logo-rosso-2.png\",\"width\":491,\"height\":432,\"caption\":\"Archivio CassanoWeb\"},\"image\":{\"@id\":\"https:\\\/\\\/archiviocassano.lavocedelpaese.info\\\/#\\\/schema\\\/logo\\\/image\\\/\"},\"sameAs\":[\"https:\\\/\\\/www.facebook.com\\\/redazione.cassanoweb\"]},{\"@type\":\"Person\",\"@id\":\"https:\\\/\\\/archiviocassano.lavocedelpaese.info\\\/#\\\/schema\\\/person\\\/df195bc79a9b4c35127cf005f92e041b\",\"name\":\"admin\",\"image\":{\"@type\":\"ImageObject\",\"inLanguage\":\"it-IT\",\"@id\":\"https:\\\/\\\/secure.gravatar.com\\\/avatar\\\/eabba89a432e8eaa1b0207cc55f7e5340b22712b1ed80677efcf63e02ff5b235?s=96&d=mm&r=g\",\"url\":\"https:\\\/\\\/secure.gravatar.com\\\/avatar\\\/eabba89a432e8eaa1b0207cc55f7e5340b22712b1ed80677efcf63e02ff5b235?s=96&d=mm&r=g\",\"contentUrl\":\"https:\\\/\\\/secure.gravatar.com\\\/avatar\\\/eabba89a432e8eaa1b0207cc55f7e5340b22712b1ed80677efcf63e02ff5b235?s=96&d=mm&r=g\",\"caption\":\"admin\"},\"sameAs\":[\"https:\\\/\\\/archiviocassano.lavocedelpaese.info\"],\"url\":\"https:\\\/\\\/archiviocassano.lavocedelpaese.info\\\/index.php\\\/author\\\/admin_0qgz1xdp\\\/\"}]}<\/script>\n<!-- \/ Yoast SEO plugin. -->","yoast_head_json":{"title":"Amministrative, Davide Del Re presenta \"E' Viva Cassano\" - Archivio CassanoWeb","robots":{"index":"index","follow":"follow","max-snippet":"max-snippet:-1","max-image-preview":"max-image-preview:large","max-video-preview":"max-video-preview:-1"},"canonical":"https:\/\/archiviocassano.lavocedelpaese.info\/index.php\/2022\/04\/12\/amministrative-davide-del-re-presenta-qe-viva-cassanoq\/","og_locale":"it_IT","og_type":"article","og_title":"Amministrative, Davide Del Re presenta \"E' Viva Cassano\" - Archivio CassanoWeb","og_url":"https:\/\/archiviocassano.lavocedelpaese.info\/index.php\/2022\/04\/12\/amministrative-davide-del-re-presenta-qe-viva-cassanoq\/","og_site_name":"Archivio CassanoWeb","article_publisher":"https:\/\/www.facebook.com\/redazione.cassanoweb","article_published_time":"2022-04-12T12:14:10+00:00","og_image":[{"url":"https:\/\/live.staticflickr.com\/65535\/51992805943_5fc2a3c3f2_n.jpg","type":"","width":"","height":""}],"author":"admin","twitter_card":"summary_large_image","twitter_misc":{"Scritto da":"admin","Tempo di lettura stimato":"2 minuti"},"schema":{"@context":"https:\/\/schema.org","@graph":[{"@type":"Article","@id":"https:\/\/archiviocassano.lavocedelpaese.info\/index.php\/2022\/04\/12\/amministrative-davide-del-re-presenta-qe-viva-cassanoq\/#article","isPartOf":{"@id":"https:\/\/archiviocassano.lavocedelpaese.info\/index.php\/2022\/04\/12\/amministrative-davide-del-re-presenta-qe-viva-cassanoq\/"},"author":{"name":"admin","@id":"https:\/\/archiviocassano.lavocedelpaese.info\/#\/schema\/person\/df195bc79a9b4c35127cf005f92e041b"},"headline":"Amministrative, Davide Del Re presenta &#8220;E&#8217; Viva Cassano&#8221;","datePublished":"2022-04-12T12:14:10+00:00","mainEntityOfPage":{"@id":"https:\/\/archiviocassano.lavocedelpaese.info\/index.php\/2022\/04\/12\/amministrative-davide-del-re-presenta-qe-viva-cassanoq\/"},"wordCount":469,"commentCount":0,"publisher":{"@id":"https:\/\/archiviocassano.lavocedelpaese.info\/#organization"},"image":{"@id":"https:\/\/archiviocassano.lavocedelpaese.info\/index.php\/2022\/04\/12\/amministrative-davide-del-re-presenta-qe-viva-cassanoq\/#primaryimage"},"thumbnailUrl":"https:\/\/live.staticflickr.com\/65535\/51992805943_5fc2a3c3f2_n.jpg","articleSection":["Politica"],"inLanguage":"it-IT","potentialAction":[{"@type":"CommentAction","name":"Comment","target":["https:\/\/archiviocassano.lavocedelpaese.info\/index.php\/2022\/04\/12\/amministrative-davide-del-re-presenta-qe-viva-cassanoq\/#respond"]}]},{"@type":"WebPage","@id":"https:\/\/archiviocassano.lavocedelpaese.info\/index.php\/2022\/04\/12\/amministrative-davide-del-re-presenta-qe-viva-cassanoq\/","url":"https:\/\/archiviocassano.lavocedelpaese.info\/index.php\/2022\/04\/12\/amministrative-davide-del-re-presenta-qe-viva-cassanoq\/","name":"Amministrative, Davide Del Re presenta \"E' Viva Cassano\" - Archivio CassanoWeb","isPartOf":{"@id":"https:\/\/archiviocassano.lavocedelpaese.info\/#website"},"primaryImageOfPage":{"@id":"https:\/\/archiviocassano.lavocedelpaese.info\/index.php\/2022\/04\/12\/amministrative-davide-del-re-presenta-qe-viva-cassanoq\/#primaryimage"},"image":{"@id":"https:\/\/archiviocassano.lavocedelpaese.info\/index.php\/2022\/04\/12\/amministrative-davide-del-re-presenta-qe-viva-cassanoq\/#primaryimage"},"thumbnailUrl":"https:\/\/live.staticflickr.com\/65535\/51992805943_5fc2a3c3f2_n.jpg","datePublished":"2022-04-12T12:14:10+00:00","breadcrumb":{"@id":"https:\/\/archiviocassano.lavocedelpaese.info\/index.php\/2022\/04\/12\/amministrative-davide-del-re-presenta-qe-viva-cassanoq\/#breadcrumb"},"inLanguage":"it-IT","potentialAction":[{"@type":"ReadAction","target":["https:\/\/archiviocassano.lavocedelpaese.info\/index.php\/2022\/04\/12\/amministrative-davide-del-re-presenta-qe-viva-cassanoq\/"]}]},{"@type":"ImageObject","inLanguage":"it-IT","@id":"https:\/\/archiviocassano.lavocedelpaese.info\/index.php\/2022\/04\/12\/amministrative-davide-del-re-presenta-qe-viva-cassanoq\/#primaryimage","url":"https:\/\/live.staticflickr.com\/65535\/51992805943_5fc2a3c3f2_n.jpg","contentUrl":"https:\/\/live.staticflickr.com\/65535\/51992805943_5fc2a3c3f2_n.jpg"},{"@type":"BreadcrumbList","@id":"https:\/\/archiviocassano.lavocedelpaese.info\/index.php\/2022\/04\/12\/amministrative-davide-del-re-presenta-qe-viva-cassanoq\/#breadcrumb","itemListElement":[{"@type":"ListItem","position":1,"name":"Home","item":"https:\/\/archiviocassano.lavocedelpaese.info\/"},{"@type":"ListItem","position":2,"name":"Amministrative, Davide Del Re presenta &#8220;E&#8217; Viva Cassano&#8221;"}]},{"@type":"WebSite","@id":"https:\/\/archiviocassano.lavocedelpaese.info\/#website","url":"https:\/\/archiviocassano.lavocedelpaese.info\/","name":"Archivio CassanoWeb","description":"La Voce del Paese - un network di idee","publisher":{"@id":"https:\/\/archiviocassano.lavocedelpaese.info\/#organization"},"potentialAction":[{"@type":"SearchAction","target":{"@type":"EntryPoint","urlTemplate":"https:\/\/archiviocassano.lavocedelpaese.info\/?s={search_term_string}"},"query-input":{"@type":"PropertyValueSpecification","valueRequired":true,"valueName":"search_term_string"}}],"inLanguage":"it-IT"},{"@type":"Organization","@id":"https:\/\/archiviocassano.lavocedelpaese.info\/#organization","name":"Archivio CassanoWeb","url":"https:\/\/archiviocassano.lavocedelpaese.info\/","logo":{"@type":"ImageObject","inLanguage":"it-IT","@id":"https:\/\/archiviocassano.lavocedelpaese.info\/#\/schema\/logo\/image\/","url":"https:\/\/archiviocassano.lavocedelpaese.info\/wp-content\/uploads\/2024\/08\/logo-rosso-2.png","contentUrl":"https:\/\/archiviocassano.lavocedelpaese.info\/wp-content\/uploads\/2024\/08\/logo-rosso-2.png","width":491,"height":432,"caption":"Archivio CassanoWeb"},"image":{"@id":"https:\/\/archiviocassano.lavocedelpaese.info\/#\/schema\/logo\/image\/"},"sameAs":["https:\/\/www.facebook.com\/redazione.cassanoweb"]},{"@type":"Person","@id":"https:\/\/archiviocassano.lavocedelpaese.info\/#\/schema\/person\/df195bc79a9b4c35127cf005f92e041b","name":"admin","image":{"@type":"ImageObject","inLanguage":"it-IT","@id":"https:\/\/secure.gravatar.com\/avatar\/eabba89a432e8eaa1b0207cc55f7e5340b22712b1ed80677efcf63e02ff5b235?s=96&d=mm&r=g","url":"https:\/\/secure.gravatar.com\/avatar\/eabba89a432e8eaa1b0207cc55f7e5340b22712b1ed80677efcf63e02ff5b235?s=96&d=mm&r=g","contentUrl":"https:\/\/secure.gravatar.com\/avatar\/eabba89a432e8eaa1b0207cc55f7e5340b22712b1ed80677efcf63e02ff5b235?s=96&d=mm&r=g","caption":"admin"},"sameAs":["https:\/\/archiviocassano.lavocedelpaese.info"],"url":"https:\/\/archiviocassano.lavocedelpaese.info\/index.php\/author\/admin_0qgz1xdp\/"}]}},"_links":{"self":[{"href":"https:\/\/archiviocassano.lavocedelpaese.info\/index.php\/wp-json\/wp\/v2\/posts\/19721","targetHints":{"allow":["GET"]}}],"collection":[{"href":"https:\/\/archiviocassano.lavocedelpaese.info\/index.php\/wp-json\/wp\/v2\/posts"}],"about":[{"href":"https:\/\/archiviocassano.lavocedelpaese.info\/index.php\/wp-json\/wp\/v2\/types\/post"}],"author":[{"embeddable":true,"href":"https:\/\/archiviocassano.lavocedelpaese.info\/index.php\/wp-json\/wp\/v2\/users\/1"}],"replies":[{"embeddable":true,"href":"https:\/\/archiviocassano.lavocedelpaese.info\/index.php\/wp-json\/wp\/v2\/comments?post=19721"}],"version-history":[{"count":0,"href":"https:\/\/archiviocassano.lavocedelpaese.info\/index.php\/wp-json\/wp\/v2\/posts\/19721\/revisions"}],"wp:attachment":[{"href":"https:\/\/archiviocassano.lavocedelpaese.info\/index.php\/wp-json\/wp\/v2\/media?parent=19721"}],"wp:term":[{"taxonomy":"category","embeddable":true,"href":"https:\/\/archiviocassano.lavocedelpaese.info\/index.php\/wp-json\/wp\/v2\/categories?post=19721"},{"taxonomy":"post_tag","embeddable":true,"href":"https:\/\/archiviocassano.lavocedelpaese.info\/index.php\/wp-json\/wp\/v2\/tags?post=19721"}],"curies":[{"name":"wp","href":"https:\/\/api.w.org\/{rel}","templated":true}]}}