{"id":19903,"date":"2022-07-15T05:41:56","date_gmt":"2022-07-15T05:41:56","guid":{"rendered":"https:\/\/archiviocassano.lavocedelpaese.info\/index.php\/2022\/07\/15\/syssitia-conservazione-della-memoria-e-dellidentita-culturale-della-murgia\/"},"modified":"2022-07-15T05:41:56","modified_gmt":"2022-07-15T05:41:56","slug":"syssitia-conservazione-della-memoria-e-dellidentita-culturale-della-murgia","status":"publish","type":"post","link":"https:\/\/archiviocassano.lavocedelpaese.info\/index.php\/2022\/07\/15\/syssitia-conservazione-della-memoria-e-dellidentita-culturale-della-murgia\/","title":{"rendered":"\u201cSYSSITIA\u201d, conservazione della identit\u00e0 culturale della Murgia"},"content":{"rendered":"<p><a data-flickr-embed=\"true\" href=\"https:\/\/www.flickr.com\/photos\/184752021@N05\/52217314578\/in\/dateposted-public\/\" title=\"syssitia\"><img loading=\"lazy\" decoding=\"async\" src=\"https:\/\/live.staticflickr.com\/65535\/52217314578_6672889190.jpg\" width=\"320\" height=\"150\" alt=\"syssitia\" \/><\/a><\/p>\n<p><!--more--><\/p>\n<p>Studiosi nazionali e internazionali dal 17 al 21 luglio si danno appuntamento in Puglia nel cuore della Murgia, nel nascente polo culturale Arts Farm a Donnapaola, per la prima edizione di \u201cSyssitia\u201d, un ciclo di seminari a cura dell\u2019antropologa Laura Marchetti.<\/p>\n<p>L\u2019obiettivo&nbsp;\u00e8 contribuire alla conservazione della memoria e dell\u2019identit\u00e0 culturale della Murgia: non solo un paesaggio di grande bellezza e biodiversit\u00e0, ma un pregiato paesaggio culturale non ancora del tutto valorizzato in virt\u00f9 della sua collocazione nelle aree interne della regione.<\/p>\n<p>I Siss\u00eczi erano banchetti comunitari, caratterizzati dal principio di condivisione e amicizia. Il pasto in comune costituiva un vero e proprio rituale. Come narra Aristotele nella <i>Politica <\/i>(VII, 9, 2 &#8211; VII 10, 2-3), il primo a istituire i Sissizi fu Italo, il fondatore della Prima Italia. Nell\u2019Arts Farm di Donnapaola \u201cSyssitia\u201d \u00e8 organizzato con lo stesso spirito: i lavori sono aperti \u201ca tutti coloro che porteranno in dono, un cibo, un pugno di ciliegie, un pane da condividere\u201d, si legge sulla locandina. Le giornate sono organizzate tra sessioni, momenti musicali, proiezioni e banchetti per la condivisione delle relazioni e del cibo.<\/p>\n<p>Si parte <strong>domenica 17 luglio<\/strong> alle ore 17.30, l\u2019apertura \u00e8 affidata a <strong>Vito Labarile<\/strong>, ideatore e creatore del progetto Donnapaola e a <strong>Laura Marchetti<\/strong>, docente di Antropologia e coordinatrice scientifica di Archivia. A seguire <strong>Pietro Laureano<\/strong>, architetto e certificatore UNESCO, parler\u00e0 del paesaggio agrario e dell\u2019architettura rurale, mentre il paesologo e poeta <strong>Franco Arminio<\/strong> si dedicher\u00e0 alla memoria ancestrale della terra.<strong><\/strong><\/p>\n<p><strong>Luned\u00ec 18 luglio<\/strong> la sessione mattutina \u201cJazzi, tratturi, masserie e cammini della transumanza\u201d, dalle 10 alle 13, \u00e8 riservata ai corsisti con l\u2019architetto <strong>Giuseppe Lapolla<\/strong>. Nel pomeriggio, ore 18, c\u2019immergiamo nel mondo dei suoni con <strong>Nabil Salameh<\/strong>, musicista, fondatore del gruppo Radiodervish e professore di etnomusicologia, che parler\u00e0 si \u201cCome si archiviano i suoni dell\u2019umano e della Natura\u201d<\/p>\n<p><strong>Marted\u00ec 19 luglio<\/strong> s\u2019inizia con il Lavoro in aula con i corsisti con il tutor <strong>Franco Chiarulli<\/strong>, musicista, dedicato ai \u201csuoni della tradizione popolare: canti di lavoro, serenate, bande\u201d. Alle 18 <strong>Laura Marchetti<\/strong> terr\u00e0 una sessione dal titolo \u201cLa Murgia, un paesaggio narrativo di cunti, fiabe, riti e ninne-nanne\u201d, a raccontarci dei cantastorie del Mediterraneo ci sar\u00e0 anche la regista <strong>Giovanna Taviani<\/strong>, che ha realizzato il documentario C\u00f9ntami (previsto in proiezione alle ore 20.30), un road movie siciliano alla ricerca dei narratori orali. \u00abIl paradiso sta nella forza della memoria, e del racconto, che passa di generazione in generazione, e che ci protegge dalle viscere della terra ricordandoci che il c&#8217;era una volta, ci sar\u00e0 ancora. D&#8217;altronde Dio cre\u00f2 l&#8217;uomo perch\u00e9 amava sentir raccontare delle storie, recita il detto hassidico che ho posto in epigrafe del film\u00bb, dice Taviani.<\/p>\n<p><strong>Mercoled\u00ec 20 luglio<\/strong> si parte con i lavori mattutini in aula dedicati ai corsisti \u201cCome si raccolgono le narrazioni popolari orali\u201d con i tutor <strong>Franco Salcuni<\/strong>, professore di filosofia e responsabile scuola di Legambiente Nazionale e <strong>Gilda Marano<\/strong>, professoressa di Scienze umane. Nel pomeriggio alle ore 18 <strong>Aldo Patruno<\/strong>, direttore dipartimento Turismo, Economia della Cultura, Valorizzazione del Territorio &#8211; Regione Puglia, parler\u00e0 di \u201cUn archivio di immagini per \u201cRadici e Ali\u201d\u201d, a seguire intervengono <strong>Luciano Toriello<\/strong>, regista documentarista e professore nel laboratorio di Antropologia visuale dell\u2019Universit\u00e0 di Foggia e il regista <strong>Carlos Solito<\/strong>, si chiude con la proiezione dei documentari di Carlos Solito: \u201cLa profonda fantasia\u201d e \u201cTerracotta\u201d.<\/p>\n<p><strong>Gioved\u00ec 21 luglio<\/strong> la mattinata dell\u2019ultima giornata di \u201cSyssitia\u201d \u00e8 dedicata ad una passeggiata naturale e mentale nel territorio di Donnapaola Arts Farm. Alle 18 dopo i saluti di <strong>Gianfranco Lopane<\/strong>, assessore al Turismo della Regione Puglia si tiene l\u2019Assemblea plenaria con le presentazioni dei lavori dei corsisti, poi l\u2019immancabile banchetto e i <i>Racconti murgiani incantati<\/i> a cura del Gruppo di Canto Popolare <strong>U Munacidde<\/strong>.<\/p>\n<p>La prima edizione di \u201cSyssitia\u201d rientra nell\u2019ambito della sezione \u201cArchivia\u201d di Arts Farm, un archivio dei saperi dell\u2019Alta Murgia dedicato alla raccolta di memorie, narrazioni, canzoni, rituali, tradizioni, paesaggi e speranze di futuro della cultura rurale, coordinato dalla professoressa&nbsp;<strong>Laura&nbsp;Marchetti<\/strong>;<\/p>\n<p><strong>Vincitore dell\u2019Avviso Pubblico \u201cRadici e Ali\u201d per il sostegno alle imprese delle filiere culturali, turistiche, creative e dello spettacolo &#8211; P.O.R. Puglia 2014 &#8211; 2020,<\/strong>&nbsp;il progetto \u201cDonnapaola&nbsp;Arts&nbsp;Farm\u201d recupera le<strong>&nbsp;<\/strong>aree interne che fanno parte del Comprensorio Murgiano, e precisamente si colloca in una zona centrale tra la Murgia dei Trulli a Sud, molto antropizzata, e una zona a Nord verso Castel Del Monte, pressoch\u00e9 desertificata. Si sta sperimentando qui, dunque, all\u2019interno dell\u2019area SIC&nbsp;dell\u2019Alta Murgia, un sistema innovativo di integrazione fra attrattore naturale e nuovo attrattore culturale. Un modello pilota di gestione, rianimazione e riappropriazione identitaria del territorio e delle sue tradizioni.<\/p>\n<p>INGRESSO LIBERO<br \/> INFO <a href=\"https:\/\/donnapaola.it\/contatti\/\">https:\/\/donnapaola.it\/contatti\/<\/a><br \/> Altamura SP 173 (seguire indicazioni per DONNAPAOLA)<\/p>\n<p>&nbsp;<\/p>\n<p>&nbsp;<\/p>\n","protected":false},"excerpt":{"rendered":"","protected":false},"author":1,"featured_media":0,"comment_status":"open","ping_status":"closed","sticky":false,"template":"","format":"standard","meta":{"colormag_page_container_layout":"default_layout","colormag_page_sidebar_layout":"default_layout","footnotes":""},"categories":[6],"tags":[],"class_list":["post-19903","post","type-post","status-publish","format-standard","hentry","category-cultura"],"yoast_head":"<!-- This site is optimized with the Yoast SEO plugin v27.5 - https:\/\/yoast.com\/product\/yoast-seo-wordpress\/ -->\n<title>\u201cSYSSITIA\u201d, conservazione della identit\u00e0 culturale della Murgia - Archivio CassanoWeb<\/title>\n<meta name=\"robots\" content=\"index, follow, max-snippet:-1, max-image-preview:large, max-video-preview:-1\" \/>\n<link rel=\"canonical\" href=\"https:\/\/archiviocassano.lavocedelpaese.info\/index.php\/2022\/07\/15\/syssitia-conservazione-della-memoria-e-dellidentita-culturale-della-murgia\/\" \/>\n<meta property=\"og:locale\" content=\"it_IT\" \/>\n<meta property=\"og:type\" content=\"article\" \/>\n<meta property=\"og:title\" content=\"\u201cSYSSITIA\u201d, conservazione della identit\u00e0 culturale della Murgia - Archivio CassanoWeb\" \/>\n<meta property=\"og:url\" content=\"https:\/\/archiviocassano.lavocedelpaese.info\/index.php\/2022\/07\/15\/syssitia-conservazione-della-memoria-e-dellidentita-culturale-della-murgia\/\" \/>\n<meta property=\"og:site_name\" content=\"Archivio CassanoWeb\" \/>\n<meta property=\"article:publisher\" content=\"https:\/\/www.facebook.com\/redazione.cassanoweb\" \/>\n<meta property=\"article:published_time\" content=\"2022-07-15T05:41:56+00:00\" \/>\n<meta property=\"og:image\" content=\"https:\/\/live.staticflickr.com\/65535\/52217314578_6672889190.jpg\" \/>\n<meta name=\"author\" content=\"admin\" \/>\n<meta name=\"twitter:card\" content=\"summary_large_image\" \/>\n<meta name=\"twitter:label1\" content=\"Scritto da\" \/>\n\t<meta name=\"twitter:data1\" content=\"admin\" \/>\n\t<meta name=\"twitter:label2\" content=\"Tempo di lettura stimato\" \/>\n\t<meta name=\"twitter:data2\" content=\"4 minuti\" \/>\n<script type=\"application\/ld+json\" class=\"yoast-schema-graph\">{\"@context\":\"https:\\\/\\\/schema.org\",\"@graph\":[{\"@type\":\"Article\",\"@id\":\"https:\\\/\\\/archiviocassano.lavocedelpaese.info\\\/index.php\\\/2022\\\/07\\\/15\\\/syssitia-conservazione-della-memoria-e-dellidentita-culturale-della-murgia\\\/#article\",\"isPartOf\":{\"@id\":\"https:\\\/\\\/archiviocassano.lavocedelpaese.info\\\/index.php\\\/2022\\\/07\\\/15\\\/syssitia-conservazione-della-memoria-e-dellidentita-culturale-della-murgia\\\/\"},\"author\":{\"name\":\"admin\",\"@id\":\"https:\\\/\\\/archiviocassano.lavocedelpaese.info\\\/#\\\/schema\\\/person\\\/df195bc79a9b4c35127cf005f92e041b\"},\"headline\":\"\u201cSYSSITIA\u201d, conservazione della identit\u00e0 culturale della Murgia\",\"datePublished\":\"2022-07-15T05:41:56+00:00\",\"mainEntityOfPage\":{\"@id\":\"https:\\\/\\\/archiviocassano.lavocedelpaese.info\\\/index.php\\\/2022\\\/07\\\/15\\\/syssitia-conservazione-della-memoria-e-dellidentita-culturale-della-murgia\\\/\"},\"wordCount\":793,\"commentCount\":0,\"publisher\":{\"@id\":\"https:\\\/\\\/archiviocassano.lavocedelpaese.info\\\/#organization\"},\"image\":{\"@id\":\"https:\\\/\\\/archiviocassano.lavocedelpaese.info\\\/index.php\\\/2022\\\/07\\\/15\\\/syssitia-conservazione-della-memoria-e-dellidentita-culturale-della-murgia\\\/#primaryimage\"},\"thumbnailUrl\":\"https:\\\/\\\/live.staticflickr.com\\\/65535\\\/52217314578_6672889190.jpg\",\"articleSection\":[\"Cultura\"],\"inLanguage\":\"it-IT\",\"potentialAction\":[{\"@type\":\"CommentAction\",\"name\":\"Comment\",\"target\":[\"https:\\\/\\\/archiviocassano.lavocedelpaese.info\\\/index.php\\\/2022\\\/07\\\/15\\\/syssitia-conservazione-della-memoria-e-dellidentita-culturale-della-murgia\\\/#respond\"]}]},{\"@type\":\"WebPage\",\"@id\":\"https:\\\/\\\/archiviocassano.lavocedelpaese.info\\\/index.php\\\/2022\\\/07\\\/15\\\/syssitia-conservazione-della-memoria-e-dellidentita-culturale-della-murgia\\\/\",\"url\":\"https:\\\/\\\/archiviocassano.lavocedelpaese.info\\\/index.php\\\/2022\\\/07\\\/15\\\/syssitia-conservazione-della-memoria-e-dellidentita-culturale-della-murgia\\\/\",\"name\":\"\u201cSYSSITIA\u201d, conservazione della identit\u00e0 culturale della Murgia - Archivio CassanoWeb\",\"isPartOf\":{\"@id\":\"https:\\\/\\\/archiviocassano.lavocedelpaese.info\\\/#website\"},\"primaryImageOfPage\":{\"@id\":\"https:\\\/\\\/archiviocassano.lavocedelpaese.info\\\/index.php\\\/2022\\\/07\\\/15\\\/syssitia-conservazione-della-memoria-e-dellidentita-culturale-della-murgia\\\/#primaryimage\"},\"image\":{\"@id\":\"https:\\\/\\\/archiviocassano.lavocedelpaese.info\\\/index.php\\\/2022\\\/07\\\/15\\\/syssitia-conservazione-della-memoria-e-dellidentita-culturale-della-murgia\\\/#primaryimage\"},\"thumbnailUrl\":\"https:\\\/\\\/live.staticflickr.com\\\/65535\\\/52217314578_6672889190.jpg\",\"datePublished\":\"2022-07-15T05:41:56+00:00\",\"breadcrumb\":{\"@id\":\"https:\\\/\\\/archiviocassano.lavocedelpaese.info\\\/index.php\\\/2022\\\/07\\\/15\\\/syssitia-conservazione-della-memoria-e-dellidentita-culturale-della-murgia\\\/#breadcrumb\"},\"inLanguage\":\"it-IT\",\"potentialAction\":[{\"@type\":\"ReadAction\",\"target\":[\"https:\\\/\\\/archiviocassano.lavocedelpaese.info\\\/index.php\\\/2022\\\/07\\\/15\\\/syssitia-conservazione-della-memoria-e-dellidentita-culturale-della-murgia\\\/\"]}]},{\"@type\":\"ImageObject\",\"inLanguage\":\"it-IT\",\"@id\":\"https:\\\/\\\/archiviocassano.lavocedelpaese.info\\\/index.php\\\/2022\\\/07\\\/15\\\/syssitia-conservazione-della-memoria-e-dellidentita-culturale-della-murgia\\\/#primaryimage\",\"url\":\"https:\\\/\\\/live.staticflickr.com\\\/65535\\\/52217314578_6672889190.jpg\",\"contentUrl\":\"https:\\\/\\\/live.staticflickr.com\\\/65535\\\/52217314578_6672889190.jpg\"},{\"@type\":\"BreadcrumbList\",\"@id\":\"https:\\\/\\\/archiviocassano.lavocedelpaese.info\\\/index.php\\\/2022\\\/07\\\/15\\\/syssitia-conservazione-della-memoria-e-dellidentita-culturale-della-murgia\\\/#breadcrumb\",\"itemListElement\":[{\"@type\":\"ListItem\",\"position\":1,\"name\":\"Home\",\"item\":\"https:\\\/\\\/archiviocassano.lavocedelpaese.info\\\/\"},{\"@type\":\"ListItem\",\"position\":2,\"name\":\"\u201cSYSSITIA\u201d, conservazione della identit\u00e0 culturale della Murgia\"}]},{\"@type\":\"WebSite\",\"@id\":\"https:\\\/\\\/archiviocassano.lavocedelpaese.info\\\/#website\",\"url\":\"https:\\\/\\\/archiviocassano.lavocedelpaese.info\\\/\",\"name\":\"Archivio CassanoWeb\",\"description\":\"La Voce del Paese - un network di idee\",\"publisher\":{\"@id\":\"https:\\\/\\\/archiviocassano.lavocedelpaese.info\\\/#organization\"},\"potentialAction\":[{\"@type\":\"SearchAction\",\"target\":{\"@type\":\"EntryPoint\",\"urlTemplate\":\"https:\\\/\\\/archiviocassano.lavocedelpaese.info\\\/?s={search_term_string}\"},\"query-input\":{\"@type\":\"PropertyValueSpecification\",\"valueRequired\":true,\"valueName\":\"search_term_string\"}}],\"inLanguage\":\"it-IT\"},{\"@type\":\"Organization\",\"@id\":\"https:\\\/\\\/archiviocassano.lavocedelpaese.info\\\/#organization\",\"name\":\"Archivio CassanoWeb\",\"url\":\"https:\\\/\\\/archiviocassano.lavocedelpaese.info\\\/\",\"logo\":{\"@type\":\"ImageObject\",\"inLanguage\":\"it-IT\",\"@id\":\"https:\\\/\\\/archiviocassano.lavocedelpaese.info\\\/#\\\/schema\\\/logo\\\/image\\\/\",\"url\":\"https:\\\/\\\/archiviocassano.lavocedelpaese.info\\\/wp-content\\\/uploads\\\/2024\\\/08\\\/logo-rosso-2.png\",\"contentUrl\":\"https:\\\/\\\/archiviocassano.lavocedelpaese.info\\\/wp-content\\\/uploads\\\/2024\\\/08\\\/logo-rosso-2.png\",\"width\":491,\"height\":432,\"caption\":\"Archivio CassanoWeb\"},\"image\":{\"@id\":\"https:\\\/\\\/archiviocassano.lavocedelpaese.info\\\/#\\\/schema\\\/logo\\\/image\\\/\"},\"sameAs\":[\"https:\\\/\\\/www.facebook.com\\\/redazione.cassanoweb\"]},{\"@type\":\"Person\",\"@id\":\"https:\\\/\\\/archiviocassano.lavocedelpaese.info\\\/#\\\/schema\\\/person\\\/df195bc79a9b4c35127cf005f92e041b\",\"name\":\"admin\",\"image\":{\"@type\":\"ImageObject\",\"inLanguage\":\"it-IT\",\"@id\":\"https:\\\/\\\/secure.gravatar.com\\\/avatar\\\/eabba89a432e8eaa1b0207cc55f7e5340b22712b1ed80677efcf63e02ff5b235?s=96&d=mm&r=g\",\"url\":\"https:\\\/\\\/secure.gravatar.com\\\/avatar\\\/eabba89a432e8eaa1b0207cc55f7e5340b22712b1ed80677efcf63e02ff5b235?s=96&d=mm&r=g\",\"contentUrl\":\"https:\\\/\\\/secure.gravatar.com\\\/avatar\\\/eabba89a432e8eaa1b0207cc55f7e5340b22712b1ed80677efcf63e02ff5b235?s=96&d=mm&r=g\",\"caption\":\"admin\"},\"sameAs\":[\"https:\\\/\\\/archiviocassano.lavocedelpaese.info\"],\"url\":\"https:\\\/\\\/archiviocassano.lavocedelpaese.info\\\/index.php\\\/author\\\/admin_0qgz1xdp\\\/\"}]}<\/script>\n<!-- \/ Yoast SEO plugin. -->","yoast_head_json":{"title":"\u201cSYSSITIA\u201d, conservazione della identit\u00e0 culturale della Murgia - Archivio CassanoWeb","robots":{"index":"index","follow":"follow","max-snippet":"max-snippet:-1","max-image-preview":"max-image-preview:large","max-video-preview":"max-video-preview:-1"},"canonical":"https:\/\/archiviocassano.lavocedelpaese.info\/index.php\/2022\/07\/15\/syssitia-conservazione-della-memoria-e-dellidentita-culturale-della-murgia\/","og_locale":"it_IT","og_type":"article","og_title":"\u201cSYSSITIA\u201d, conservazione della identit\u00e0 culturale della Murgia - Archivio CassanoWeb","og_url":"https:\/\/archiviocassano.lavocedelpaese.info\/index.php\/2022\/07\/15\/syssitia-conservazione-della-memoria-e-dellidentita-culturale-della-murgia\/","og_site_name":"Archivio CassanoWeb","article_publisher":"https:\/\/www.facebook.com\/redazione.cassanoweb","article_published_time":"2022-07-15T05:41:56+00:00","og_image":[{"url":"https:\/\/live.staticflickr.com\/65535\/52217314578_6672889190.jpg","type":"","width":"","height":""}],"author":"admin","twitter_card":"summary_large_image","twitter_misc":{"Scritto da":"admin","Tempo di lettura stimato":"4 minuti"},"schema":{"@context":"https:\/\/schema.org","@graph":[{"@type":"Article","@id":"https:\/\/archiviocassano.lavocedelpaese.info\/index.php\/2022\/07\/15\/syssitia-conservazione-della-memoria-e-dellidentita-culturale-della-murgia\/#article","isPartOf":{"@id":"https:\/\/archiviocassano.lavocedelpaese.info\/index.php\/2022\/07\/15\/syssitia-conservazione-della-memoria-e-dellidentita-culturale-della-murgia\/"},"author":{"name":"admin","@id":"https:\/\/archiviocassano.lavocedelpaese.info\/#\/schema\/person\/df195bc79a9b4c35127cf005f92e041b"},"headline":"\u201cSYSSITIA\u201d, conservazione della identit\u00e0 culturale della Murgia","datePublished":"2022-07-15T05:41:56+00:00","mainEntityOfPage":{"@id":"https:\/\/archiviocassano.lavocedelpaese.info\/index.php\/2022\/07\/15\/syssitia-conservazione-della-memoria-e-dellidentita-culturale-della-murgia\/"},"wordCount":793,"commentCount":0,"publisher":{"@id":"https:\/\/archiviocassano.lavocedelpaese.info\/#organization"},"image":{"@id":"https:\/\/archiviocassano.lavocedelpaese.info\/index.php\/2022\/07\/15\/syssitia-conservazione-della-memoria-e-dellidentita-culturale-della-murgia\/#primaryimage"},"thumbnailUrl":"https:\/\/live.staticflickr.com\/65535\/52217314578_6672889190.jpg","articleSection":["Cultura"],"inLanguage":"it-IT","potentialAction":[{"@type":"CommentAction","name":"Comment","target":["https:\/\/archiviocassano.lavocedelpaese.info\/index.php\/2022\/07\/15\/syssitia-conservazione-della-memoria-e-dellidentita-culturale-della-murgia\/#respond"]}]},{"@type":"WebPage","@id":"https:\/\/archiviocassano.lavocedelpaese.info\/index.php\/2022\/07\/15\/syssitia-conservazione-della-memoria-e-dellidentita-culturale-della-murgia\/","url":"https:\/\/archiviocassano.lavocedelpaese.info\/index.php\/2022\/07\/15\/syssitia-conservazione-della-memoria-e-dellidentita-culturale-della-murgia\/","name":"\u201cSYSSITIA\u201d, conservazione della identit\u00e0 culturale della Murgia - Archivio CassanoWeb","isPartOf":{"@id":"https:\/\/archiviocassano.lavocedelpaese.info\/#website"},"primaryImageOfPage":{"@id":"https:\/\/archiviocassano.lavocedelpaese.info\/index.php\/2022\/07\/15\/syssitia-conservazione-della-memoria-e-dellidentita-culturale-della-murgia\/#primaryimage"},"image":{"@id":"https:\/\/archiviocassano.lavocedelpaese.info\/index.php\/2022\/07\/15\/syssitia-conservazione-della-memoria-e-dellidentita-culturale-della-murgia\/#primaryimage"},"thumbnailUrl":"https:\/\/live.staticflickr.com\/65535\/52217314578_6672889190.jpg","datePublished":"2022-07-15T05:41:56+00:00","breadcrumb":{"@id":"https:\/\/archiviocassano.lavocedelpaese.info\/index.php\/2022\/07\/15\/syssitia-conservazione-della-memoria-e-dellidentita-culturale-della-murgia\/#breadcrumb"},"inLanguage":"it-IT","potentialAction":[{"@type":"ReadAction","target":["https:\/\/archiviocassano.lavocedelpaese.info\/index.php\/2022\/07\/15\/syssitia-conservazione-della-memoria-e-dellidentita-culturale-della-murgia\/"]}]},{"@type":"ImageObject","inLanguage":"it-IT","@id":"https:\/\/archiviocassano.lavocedelpaese.info\/index.php\/2022\/07\/15\/syssitia-conservazione-della-memoria-e-dellidentita-culturale-della-murgia\/#primaryimage","url":"https:\/\/live.staticflickr.com\/65535\/52217314578_6672889190.jpg","contentUrl":"https:\/\/live.staticflickr.com\/65535\/52217314578_6672889190.jpg"},{"@type":"BreadcrumbList","@id":"https:\/\/archiviocassano.lavocedelpaese.info\/index.php\/2022\/07\/15\/syssitia-conservazione-della-memoria-e-dellidentita-culturale-della-murgia\/#breadcrumb","itemListElement":[{"@type":"ListItem","position":1,"name":"Home","item":"https:\/\/archiviocassano.lavocedelpaese.info\/"},{"@type":"ListItem","position":2,"name":"\u201cSYSSITIA\u201d, conservazione della identit\u00e0 culturale della Murgia"}]},{"@type":"WebSite","@id":"https:\/\/archiviocassano.lavocedelpaese.info\/#website","url":"https:\/\/archiviocassano.lavocedelpaese.info\/","name":"Archivio CassanoWeb","description":"La Voce del Paese - un network di idee","publisher":{"@id":"https:\/\/archiviocassano.lavocedelpaese.info\/#organization"},"potentialAction":[{"@type":"SearchAction","target":{"@type":"EntryPoint","urlTemplate":"https:\/\/archiviocassano.lavocedelpaese.info\/?s={search_term_string}"},"query-input":{"@type":"PropertyValueSpecification","valueRequired":true,"valueName":"search_term_string"}}],"inLanguage":"it-IT"},{"@type":"Organization","@id":"https:\/\/archiviocassano.lavocedelpaese.info\/#organization","name":"Archivio CassanoWeb","url":"https:\/\/archiviocassano.lavocedelpaese.info\/","logo":{"@type":"ImageObject","inLanguage":"it-IT","@id":"https:\/\/archiviocassano.lavocedelpaese.info\/#\/schema\/logo\/image\/","url":"https:\/\/archiviocassano.lavocedelpaese.info\/wp-content\/uploads\/2024\/08\/logo-rosso-2.png","contentUrl":"https:\/\/archiviocassano.lavocedelpaese.info\/wp-content\/uploads\/2024\/08\/logo-rosso-2.png","width":491,"height":432,"caption":"Archivio CassanoWeb"},"image":{"@id":"https:\/\/archiviocassano.lavocedelpaese.info\/#\/schema\/logo\/image\/"},"sameAs":["https:\/\/www.facebook.com\/redazione.cassanoweb"]},{"@type":"Person","@id":"https:\/\/archiviocassano.lavocedelpaese.info\/#\/schema\/person\/df195bc79a9b4c35127cf005f92e041b","name":"admin","image":{"@type":"ImageObject","inLanguage":"it-IT","@id":"https:\/\/secure.gravatar.com\/avatar\/eabba89a432e8eaa1b0207cc55f7e5340b22712b1ed80677efcf63e02ff5b235?s=96&d=mm&r=g","url":"https:\/\/secure.gravatar.com\/avatar\/eabba89a432e8eaa1b0207cc55f7e5340b22712b1ed80677efcf63e02ff5b235?s=96&d=mm&r=g","contentUrl":"https:\/\/secure.gravatar.com\/avatar\/eabba89a432e8eaa1b0207cc55f7e5340b22712b1ed80677efcf63e02ff5b235?s=96&d=mm&r=g","caption":"admin"},"sameAs":["https:\/\/archiviocassano.lavocedelpaese.info"],"url":"https:\/\/archiviocassano.lavocedelpaese.info\/index.php\/author\/admin_0qgz1xdp\/"}]}},"_links":{"self":[{"href":"https:\/\/archiviocassano.lavocedelpaese.info\/index.php\/wp-json\/wp\/v2\/posts\/19903","targetHints":{"allow":["GET"]}}],"collection":[{"href":"https:\/\/archiviocassano.lavocedelpaese.info\/index.php\/wp-json\/wp\/v2\/posts"}],"about":[{"href":"https:\/\/archiviocassano.lavocedelpaese.info\/index.php\/wp-json\/wp\/v2\/types\/post"}],"author":[{"embeddable":true,"href":"https:\/\/archiviocassano.lavocedelpaese.info\/index.php\/wp-json\/wp\/v2\/users\/1"}],"replies":[{"embeddable":true,"href":"https:\/\/archiviocassano.lavocedelpaese.info\/index.php\/wp-json\/wp\/v2\/comments?post=19903"}],"version-history":[{"count":0,"href":"https:\/\/archiviocassano.lavocedelpaese.info\/index.php\/wp-json\/wp\/v2\/posts\/19903\/revisions"}],"wp:attachment":[{"href":"https:\/\/archiviocassano.lavocedelpaese.info\/index.php\/wp-json\/wp\/v2\/media?parent=19903"}],"wp:term":[{"taxonomy":"category","embeddable":true,"href":"https:\/\/archiviocassano.lavocedelpaese.info\/index.php\/wp-json\/wp\/v2\/categories?post=19903"},{"taxonomy":"post_tag","embeddable":true,"href":"https:\/\/archiviocassano.lavocedelpaese.info\/index.php\/wp-json\/wp\/v2\/tags?post=19903"}],"curies":[{"name":"wp","href":"https:\/\/api.w.org\/{rel}","templated":true}]}}