{"id":19930,"date":"2022-07-30T16:36:36","date_gmt":"2022-07-30T16:36:36","guid":{"rendered":"https:\/\/archiviocassano.lavocedelpaese.info\/index.php\/2022\/07\/30\/donazione-sangue-raccolta-fratres-il-31-luglio\/"},"modified":"2022-07-30T16:36:36","modified_gmt":"2022-07-30T16:36:36","slug":"donazione-sangue-raccolta-fratres-il-31-luglio","status":"publish","type":"post","link":"https:\/\/archiviocassano.lavocedelpaese.info\/index.php\/2022\/07\/30\/donazione-sangue-raccolta-fratres-il-31-luglio\/","title":{"rendered":"Donazione sangue, raccolta Fratres il 31 luglio"},"content":{"rendered":"<p><a data-flickr-embed=\"true\" href=\"https:\/\/www.flickr.com\/photos\/184752021@N05\/52247717300\/in\/dateposted-public\/\" title=\"EDF649CA-1BEB-403B-8F92-73F0C7B2AB20 (1)\"><img loading=\"lazy\" decoding=\"async\" src=\"https:\/\/live.staticflickr.com\/65535\/52247717300_309a360c4c_n.jpg\" width=\"320\" height=\"259\" alt=\"EDF649CA-1BEB-403B-8F92-73F0C7B2AB20 (1)\" \/><\/a><\/p>\n<p><!--more--><\/p>\n<p>&nbsp;<\/p>\n<div>\u201cFatti pungere dalla voglia di donare\u201d \u00e8 questo il divertente slogan che il gruppo di donatori di sangue Fratres Santa Maria Assunta di Cassano delle Murge ha scelto per la campagna estiva di sensibilizzazione alla donazione di sangue.<\/div>\n<div>&nbsp;<\/div>\n<div>Il divertente motto esorcizza il fastidioso problema delle punture di zanzara, tipico delle calde giornate d\u2019estate, per ricordare l\u2019importanza di farsi prendere dalla voglia di compiere un gesto nobile come quello della donazione. Un manifesto rivolto in particolare ai giovani che spesso mostrano resistenze (a volte basate su false suggestioni) di fronte al momento della \u201cpuntura\u201d, in un periodo, quello estivo, in cui vi sono continue richieste di sangue e le riserve sono sempre a livelli minimi.<\/div>\n<div>&nbsp;<\/div>\n<div>Infatti, il periodo estivo \u00e8 il periodo pi\u00f9 \u201ccaldo\u201d: oltre alle emergenze (come incidenti ed altri eventi imprevisti), ci sono eventi costanti, ma non per questo differibili. \u00c8 il caso delle trasfusioni che richiedono i pazienti colpiti da una leucemia, i talassemici o chi \u00e8 affetto da altre emoglobinopatie.<\/div>\n<div>&nbsp;<\/div>\n<div>Quindi, mai come in questo periodo \u00e8 importante donare! Donare sangue \u00e8 sempre una buona pratica che fa bene due volte: per chi lo riceve e per chi dona. Il donatore, infatti, ha l\u2019opportunit\u00e0 di monitorare il proprio stato di salute in modo accurato e gratuitamente. \u00c8 un gesto indolore e che si svolge nell\u2019arco di un quarto d\u2019ora.&nbsp;<\/div>\n<div>&nbsp;<\/div>\n<div>Per donare \u00e8 importante seguire un corretto stile di vita ed essere in buona salute. Perci\u00f2, prima della donazione \u00e8 importante evitare pasti abbondanti, riposare adeguatamente, fare una colazione leggera a base di th\u00e8 o caff\u00e8 e biscotti secchi o fette biscottate e assumere una buona quantit\u00e0 di acqua. Nelle ore successive alla donazione bisogna continuare ad idratarsi e osservare una dieta ricca di ferro e di minerali, questo sar\u00e0 utile ad accelerare il completo recupero nell&#8217;arco di poche ore.<\/div>\n<div>&nbsp;<\/div>\n<div><strong>L\u2019invito del Gruppo Fratres \u00e8 quindi per il 31 luglio 2022 sul piazzale del Convento dalle ore 8:00 alle 12:00<\/strong> per festeggiare la Santa Patrona e compiere un atto di generosit\u00e0 che pu\u00f2 salvare una vita!<\/div>\n<div>&nbsp;<\/div>\n<div>L\u2019invito continua per tutta l\u2019estate a recarsi presso l\u2019unit\u00e0 trasfusionale dell\u2019Ospedale Miulli dal luned\u00ec al sabato dalle ore 8:00 alle 12:00.<\/div>\n<div>&nbsp;<\/div>\n<div>In occasione della settimana di preparazione alla Festa della Madonna degli Angeli, i padri Agostiniani del Convento dedicano a tutti i donatori la messa serale di venerd\u00ec 29 luglio alle ore 19:00.<\/div>\n<div>&nbsp;<\/div>\n<div>Per ogni informazione e per prenotare la donazione \u00e8 possibile contattare il 3932930009.<\/div>\n<p>&nbsp;<\/p>\n<p style=\"text-align: center;\"><a data-flickr-embed=\"true\" href=\"https:\/\/www.flickr.com\/photos\/184752021@N05\/52246246357\/in\/dateposted-public\/\" title=\"EDF649CA-1BEB-403B-8F92-73F0C7B2AB20\"><img loading=\"lazy\" decoding=\"async\" src=\"https:\/\/live.staticflickr.com\/65535\/52246246357_27e003aedb.jpg\" width=\"375\" height=\"500\" alt=\"EDF649CA-1BEB-403B-8F92-73F0C7B2AB20\" \/><\/a><\/p>\n","protected":false},"excerpt":{"rendered":"","protected":false},"author":1,"featured_media":0,"comment_status":"open","ping_status":"closed","sticky":false,"template":"","format":"standard","meta":{"colormag_page_container_layout":"default_layout","colormag_page_sidebar_layout":"default_layout","footnotes":""},"categories":[7],"tags":[],"class_list":["post-19930","post","type-post","status-publish","format-standard","hentry","category-attualita"],"yoast_head":"<!-- This site is optimized with the Yoast SEO plugin v27.5 - https:\/\/yoast.com\/product\/yoast-seo-wordpress\/ -->\n<title>Donazione sangue, raccolta Fratres il 31 luglio - Archivio CassanoWeb<\/title>\n<meta name=\"robots\" content=\"index, follow, max-snippet:-1, max-image-preview:large, max-video-preview:-1\" \/>\n<link rel=\"canonical\" href=\"https:\/\/archiviocassano.lavocedelpaese.info\/index.php\/2022\/07\/30\/donazione-sangue-raccolta-fratres-il-31-luglio\/\" \/>\n<meta property=\"og:locale\" content=\"it_IT\" \/>\n<meta property=\"og:type\" content=\"article\" \/>\n<meta property=\"og:title\" content=\"Donazione sangue, raccolta Fratres il 31 luglio - Archivio CassanoWeb\" \/>\n<meta property=\"og:url\" content=\"https:\/\/archiviocassano.lavocedelpaese.info\/index.php\/2022\/07\/30\/donazione-sangue-raccolta-fratres-il-31-luglio\/\" \/>\n<meta property=\"og:site_name\" content=\"Archivio CassanoWeb\" \/>\n<meta property=\"article:publisher\" content=\"https:\/\/www.facebook.com\/redazione.cassanoweb\" \/>\n<meta property=\"article:published_time\" content=\"2022-07-30T16:36:36+00:00\" \/>\n<meta property=\"og:image\" content=\"https:\/\/live.staticflickr.com\/65535\/52247717300_309a360c4c_n.jpg\" \/>\n<meta name=\"author\" content=\"admin\" \/>\n<meta name=\"twitter:card\" content=\"summary_large_image\" \/>\n<meta name=\"twitter:label1\" content=\"Scritto da\" \/>\n\t<meta name=\"twitter:data1\" content=\"admin\" \/>\n\t<meta name=\"twitter:label2\" content=\"Tempo di lettura stimato\" \/>\n\t<meta name=\"twitter:data2\" content=\"2 minuti\" \/>\n<script type=\"application\/ld+json\" class=\"yoast-schema-graph\">{\"@context\":\"https:\\\/\\\/schema.org\",\"@graph\":[{\"@type\":\"Article\",\"@id\":\"https:\\\/\\\/archiviocassano.lavocedelpaese.info\\\/index.php\\\/2022\\\/07\\\/30\\\/donazione-sangue-raccolta-fratres-il-31-luglio\\\/#article\",\"isPartOf\":{\"@id\":\"https:\\\/\\\/archiviocassano.lavocedelpaese.info\\\/index.php\\\/2022\\\/07\\\/30\\\/donazione-sangue-raccolta-fratres-il-31-luglio\\\/\"},\"author\":{\"name\":\"admin\",\"@id\":\"https:\\\/\\\/archiviocassano.lavocedelpaese.info\\\/#\\\/schema\\\/person\\\/df195bc79a9b4c35127cf005f92e041b\"},\"headline\":\"Donazione sangue, raccolta Fratres il 31 luglio\",\"datePublished\":\"2022-07-30T16:36:36+00:00\",\"mainEntityOfPage\":{\"@id\":\"https:\\\/\\\/archiviocassano.lavocedelpaese.info\\\/index.php\\\/2022\\\/07\\\/30\\\/donazione-sangue-raccolta-fratres-il-31-luglio\\\/\"},\"wordCount\":413,\"commentCount\":0,\"publisher\":{\"@id\":\"https:\\\/\\\/archiviocassano.lavocedelpaese.info\\\/#organization\"},\"image\":{\"@id\":\"https:\\\/\\\/archiviocassano.lavocedelpaese.info\\\/index.php\\\/2022\\\/07\\\/30\\\/donazione-sangue-raccolta-fratres-il-31-luglio\\\/#primaryimage\"},\"thumbnailUrl\":\"https:\\\/\\\/live.staticflickr.com\\\/65535\\\/52247717300_309a360c4c_n.jpg\",\"articleSection\":[\"Attualit\u00e0\"],\"inLanguage\":\"it-IT\",\"potentialAction\":[{\"@type\":\"CommentAction\",\"name\":\"Comment\",\"target\":[\"https:\\\/\\\/archiviocassano.lavocedelpaese.info\\\/index.php\\\/2022\\\/07\\\/30\\\/donazione-sangue-raccolta-fratres-il-31-luglio\\\/#respond\"]}]},{\"@type\":\"WebPage\",\"@id\":\"https:\\\/\\\/archiviocassano.lavocedelpaese.info\\\/index.php\\\/2022\\\/07\\\/30\\\/donazione-sangue-raccolta-fratres-il-31-luglio\\\/\",\"url\":\"https:\\\/\\\/archiviocassano.lavocedelpaese.info\\\/index.php\\\/2022\\\/07\\\/30\\\/donazione-sangue-raccolta-fratres-il-31-luglio\\\/\",\"name\":\"Donazione sangue, raccolta Fratres il 31 luglio - Archivio CassanoWeb\",\"isPartOf\":{\"@id\":\"https:\\\/\\\/archiviocassano.lavocedelpaese.info\\\/#website\"},\"primaryImageOfPage\":{\"@id\":\"https:\\\/\\\/archiviocassano.lavocedelpaese.info\\\/index.php\\\/2022\\\/07\\\/30\\\/donazione-sangue-raccolta-fratres-il-31-luglio\\\/#primaryimage\"},\"image\":{\"@id\":\"https:\\\/\\\/archiviocassano.lavocedelpaese.info\\\/index.php\\\/2022\\\/07\\\/30\\\/donazione-sangue-raccolta-fratres-il-31-luglio\\\/#primaryimage\"},\"thumbnailUrl\":\"https:\\\/\\\/live.staticflickr.com\\\/65535\\\/52247717300_309a360c4c_n.jpg\",\"datePublished\":\"2022-07-30T16:36:36+00:00\",\"breadcrumb\":{\"@id\":\"https:\\\/\\\/archiviocassano.lavocedelpaese.info\\\/index.php\\\/2022\\\/07\\\/30\\\/donazione-sangue-raccolta-fratres-il-31-luglio\\\/#breadcrumb\"},\"inLanguage\":\"it-IT\",\"potentialAction\":[{\"@type\":\"ReadAction\",\"target\":[\"https:\\\/\\\/archiviocassano.lavocedelpaese.info\\\/index.php\\\/2022\\\/07\\\/30\\\/donazione-sangue-raccolta-fratres-il-31-luglio\\\/\"]}]},{\"@type\":\"ImageObject\",\"inLanguage\":\"it-IT\",\"@id\":\"https:\\\/\\\/archiviocassano.lavocedelpaese.info\\\/index.php\\\/2022\\\/07\\\/30\\\/donazione-sangue-raccolta-fratres-il-31-luglio\\\/#primaryimage\",\"url\":\"https:\\\/\\\/live.staticflickr.com\\\/65535\\\/52247717300_309a360c4c_n.jpg\",\"contentUrl\":\"https:\\\/\\\/live.staticflickr.com\\\/65535\\\/52247717300_309a360c4c_n.jpg\"},{\"@type\":\"BreadcrumbList\",\"@id\":\"https:\\\/\\\/archiviocassano.lavocedelpaese.info\\\/index.php\\\/2022\\\/07\\\/30\\\/donazione-sangue-raccolta-fratres-il-31-luglio\\\/#breadcrumb\",\"itemListElement\":[{\"@type\":\"ListItem\",\"position\":1,\"name\":\"Home\",\"item\":\"https:\\\/\\\/archiviocassano.lavocedelpaese.info\\\/\"},{\"@type\":\"ListItem\",\"position\":2,\"name\":\"Donazione sangue, raccolta Fratres il 31 luglio\"}]},{\"@type\":\"WebSite\",\"@id\":\"https:\\\/\\\/archiviocassano.lavocedelpaese.info\\\/#website\",\"url\":\"https:\\\/\\\/archiviocassano.lavocedelpaese.info\\\/\",\"name\":\"Archivio CassanoWeb\",\"description\":\"La Voce del Paese - un network di idee\",\"publisher\":{\"@id\":\"https:\\\/\\\/archiviocassano.lavocedelpaese.info\\\/#organization\"},\"potentialAction\":[{\"@type\":\"SearchAction\",\"target\":{\"@type\":\"EntryPoint\",\"urlTemplate\":\"https:\\\/\\\/archiviocassano.lavocedelpaese.info\\\/?s={search_term_string}\"},\"query-input\":{\"@type\":\"PropertyValueSpecification\",\"valueRequired\":true,\"valueName\":\"search_term_string\"}}],\"inLanguage\":\"it-IT\"},{\"@type\":\"Organization\",\"@id\":\"https:\\\/\\\/archiviocassano.lavocedelpaese.info\\\/#organization\",\"name\":\"Archivio CassanoWeb\",\"url\":\"https:\\\/\\\/archiviocassano.lavocedelpaese.info\\\/\",\"logo\":{\"@type\":\"ImageObject\",\"inLanguage\":\"it-IT\",\"@id\":\"https:\\\/\\\/archiviocassano.lavocedelpaese.info\\\/#\\\/schema\\\/logo\\\/image\\\/\",\"url\":\"https:\\\/\\\/archiviocassano.lavocedelpaese.info\\\/wp-content\\\/uploads\\\/2024\\\/08\\\/logo-rosso-2.png\",\"contentUrl\":\"https:\\\/\\\/archiviocassano.lavocedelpaese.info\\\/wp-content\\\/uploads\\\/2024\\\/08\\\/logo-rosso-2.png\",\"width\":491,\"height\":432,\"caption\":\"Archivio CassanoWeb\"},\"image\":{\"@id\":\"https:\\\/\\\/archiviocassano.lavocedelpaese.info\\\/#\\\/schema\\\/logo\\\/image\\\/\"},\"sameAs\":[\"https:\\\/\\\/www.facebook.com\\\/redazione.cassanoweb\"]},{\"@type\":\"Person\",\"@id\":\"https:\\\/\\\/archiviocassano.lavocedelpaese.info\\\/#\\\/schema\\\/person\\\/df195bc79a9b4c35127cf005f92e041b\",\"name\":\"admin\",\"image\":{\"@type\":\"ImageObject\",\"inLanguage\":\"it-IT\",\"@id\":\"https:\\\/\\\/secure.gravatar.com\\\/avatar\\\/eabba89a432e8eaa1b0207cc55f7e5340b22712b1ed80677efcf63e02ff5b235?s=96&d=mm&r=g\",\"url\":\"https:\\\/\\\/secure.gravatar.com\\\/avatar\\\/eabba89a432e8eaa1b0207cc55f7e5340b22712b1ed80677efcf63e02ff5b235?s=96&d=mm&r=g\",\"contentUrl\":\"https:\\\/\\\/secure.gravatar.com\\\/avatar\\\/eabba89a432e8eaa1b0207cc55f7e5340b22712b1ed80677efcf63e02ff5b235?s=96&d=mm&r=g\",\"caption\":\"admin\"},\"sameAs\":[\"https:\\\/\\\/archiviocassano.lavocedelpaese.info\"],\"url\":\"https:\\\/\\\/archiviocassano.lavocedelpaese.info\\\/index.php\\\/author\\\/admin_0qgz1xdp\\\/\"}]}<\/script>\n<!-- \/ Yoast SEO plugin. -->","yoast_head_json":{"title":"Donazione sangue, raccolta Fratres il 31 luglio - Archivio CassanoWeb","robots":{"index":"index","follow":"follow","max-snippet":"max-snippet:-1","max-image-preview":"max-image-preview:large","max-video-preview":"max-video-preview:-1"},"canonical":"https:\/\/archiviocassano.lavocedelpaese.info\/index.php\/2022\/07\/30\/donazione-sangue-raccolta-fratres-il-31-luglio\/","og_locale":"it_IT","og_type":"article","og_title":"Donazione sangue, raccolta Fratres il 31 luglio - Archivio CassanoWeb","og_url":"https:\/\/archiviocassano.lavocedelpaese.info\/index.php\/2022\/07\/30\/donazione-sangue-raccolta-fratres-il-31-luglio\/","og_site_name":"Archivio CassanoWeb","article_publisher":"https:\/\/www.facebook.com\/redazione.cassanoweb","article_published_time":"2022-07-30T16:36:36+00:00","og_image":[{"url":"https:\/\/live.staticflickr.com\/65535\/52247717300_309a360c4c_n.jpg","type":"","width":"","height":""}],"author":"admin","twitter_card":"summary_large_image","twitter_misc":{"Scritto da":"admin","Tempo di lettura stimato":"2 minuti"},"schema":{"@context":"https:\/\/schema.org","@graph":[{"@type":"Article","@id":"https:\/\/archiviocassano.lavocedelpaese.info\/index.php\/2022\/07\/30\/donazione-sangue-raccolta-fratres-il-31-luglio\/#article","isPartOf":{"@id":"https:\/\/archiviocassano.lavocedelpaese.info\/index.php\/2022\/07\/30\/donazione-sangue-raccolta-fratres-il-31-luglio\/"},"author":{"name":"admin","@id":"https:\/\/archiviocassano.lavocedelpaese.info\/#\/schema\/person\/df195bc79a9b4c35127cf005f92e041b"},"headline":"Donazione sangue, raccolta Fratres il 31 luglio","datePublished":"2022-07-30T16:36:36+00:00","mainEntityOfPage":{"@id":"https:\/\/archiviocassano.lavocedelpaese.info\/index.php\/2022\/07\/30\/donazione-sangue-raccolta-fratres-il-31-luglio\/"},"wordCount":413,"commentCount":0,"publisher":{"@id":"https:\/\/archiviocassano.lavocedelpaese.info\/#organization"},"image":{"@id":"https:\/\/archiviocassano.lavocedelpaese.info\/index.php\/2022\/07\/30\/donazione-sangue-raccolta-fratres-il-31-luglio\/#primaryimage"},"thumbnailUrl":"https:\/\/live.staticflickr.com\/65535\/52247717300_309a360c4c_n.jpg","articleSection":["Attualit\u00e0"],"inLanguage":"it-IT","potentialAction":[{"@type":"CommentAction","name":"Comment","target":["https:\/\/archiviocassano.lavocedelpaese.info\/index.php\/2022\/07\/30\/donazione-sangue-raccolta-fratres-il-31-luglio\/#respond"]}]},{"@type":"WebPage","@id":"https:\/\/archiviocassano.lavocedelpaese.info\/index.php\/2022\/07\/30\/donazione-sangue-raccolta-fratres-il-31-luglio\/","url":"https:\/\/archiviocassano.lavocedelpaese.info\/index.php\/2022\/07\/30\/donazione-sangue-raccolta-fratres-il-31-luglio\/","name":"Donazione sangue, raccolta Fratres il 31 luglio - Archivio CassanoWeb","isPartOf":{"@id":"https:\/\/archiviocassano.lavocedelpaese.info\/#website"},"primaryImageOfPage":{"@id":"https:\/\/archiviocassano.lavocedelpaese.info\/index.php\/2022\/07\/30\/donazione-sangue-raccolta-fratres-il-31-luglio\/#primaryimage"},"image":{"@id":"https:\/\/archiviocassano.lavocedelpaese.info\/index.php\/2022\/07\/30\/donazione-sangue-raccolta-fratres-il-31-luglio\/#primaryimage"},"thumbnailUrl":"https:\/\/live.staticflickr.com\/65535\/52247717300_309a360c4c_n.jpg","datePublished":"2022-07-30T16:36:36+00:00","breadcrumb":{"@id":"https:\/\/archiviocassano.lavocedelpaese.info\/index.php\/2022\/07\/30\/donazione-sangue-raccolta-fratres-il-31-luglio\/#breadcrumb"},"inLanguage":"it-IT","potentialAction":[{"@type":"ReadAction","target":["https:\/\/archiviocassano.lavocedelpaese.info\/index.php\/2022\/07\/30\/donazione-sangue-raccolta-fratres-il-31-luglio\/"]}]},{"@type":"ImageObject","inLanguage":"it-IT","@id":"https:\/\/archiviocassano.lavocedelpaese.info\/index.php\/2022\/07\/30\/donazione-sangue-raccolta-fratres-il-31-luglio\/#primaryimage","url":"https:\/\/live.staticflickr.com\/65535\/52247717300_309a360c4c_n.jpg","contentUrl":"https:\/\/live.staticflickr.com\/65535\/52247717300_309a360c4c_n.jpg"},{"@type":"BreadcrumbList","@id":"https:\/\/archiviocassano.lavocedelpaese.info\/index.php\/2022\/07\/30\/donazione-sangue-raccolta-fratres-il-31-luglio\/#breadcrumb","itemListElement":[{"@type":"ListItem","position":1,"name":"Home","item":"https:\/\/archiviocassano.lavocedelpaese.info\/"},{"@type":"ListItem","position":2,"name":"Donazione sangue, raccolta Fratres il 31 luglio"}]},{"@type":"WebSite","@id":"https:\/\/archiviocassano.lavocedelpaese.info\/#website","url":"https:\/\/archiviocassano.lavocedelpaese.info\/","name":"Archivio CassanoWeb","description":"La Voce del Paese - un network di idee","publisher":{"@id":"https:\/\/archiviocassano.lavocedelpaese.info\/#organization"},"potentialAction":[{"@type":"SearchAction","target":{"@type":"EntryPoint","urlTemplate":"https:\/\/archiviocassano.lavocedelpaese.info\/?s={search_term_string}"},"query-input":{"@type":"PropertyValueSpecification","valueRequired":true,"valueName":"search_term_string"}}],"inLanguage":"it-IT"},{"@type":"Organization","@id":"https:\/\/archiviocassano.lavocedelpaese.info\/#organization","name":"Archivio CassanoWeb","url":"https:\/\/archiviocassano.lavocedelpaese.info\/","logo":{"@type":"ImageObject","inLanguage":"it-IT","@id":"https:\/\/archiviocassano.lavocedelpaese.info\/#\/schema\/logo\/image\/","url":"https:\/\/archiviocassano.lavocedelpaese.info\/wp-content\/uploads\/2024\/08\/logo-rosso-2.png","contentUrl":"https:\/\/archiviocassano.lavocedelpaese.info\/wp-content\/uploads\/2024\/08\/logo-rosso-2.png","width":491,"height":432,"caption":"Archivio CassanoWeb"},"image":{"@id":"https:\/\/archiviocassano.lavocedelpaese.info\/#\/schema\/logo\/image\/"},"sameAs":["https:\/\/www.facebook.com\/redazione.cassanoweb"]},{"@type":"Person","@id":"https:\/\/archiviocassano.lavocedelpaese.info\/#\/schema\/person\/df195bc79a9b4c35127cf005f92e041b","name":"admin","image":{"@type":"ImageObject","inLanguage":"it-IT","@id":"https:\/\/secure.gravatar.com\/avatar\/eabba89a432e8eaa1b0207cc55f7e5340b22712b1ed80677efcf63e02ff5b235?s=96&d=mm&r=g","url":"https:\/\/secure.gravatar.com\/avatar\/eabba89a432e8eaa1b0207cc55f7e5340b22712b1ed80677efcf63e02ff5b235?s=96&d=mm&r=g","contentUrl":"https:\/\/secure.gravatar.com\/avatar\/eabba89a432e8eaa1b0207cc55f7e5340b22712b1ed80677efcf63e02ff5b235?s=96&d=mm&r=g","caption":"admin"},"sameAs":["https:\/\/archiviocassano.lavocedelpaese.info"],"url":"https:\/\/archiviocassano.lavocedelpaese.info\/index.php\/author\/admin_0qgz1xdp\/"}]}},"_links":{"self":[{"href":"https:\/\/archiviocassano.lavocedelpaese.info\/index.php\/wp-json\/wp\/v2\/posts\/19930","targetHints":{"allow":["GET"]}}],"collection":[{"href":"https:\/\/archiviocassano.lavocedelpaese.info\/index.php\/wp-json\/wp\/v2\/posts"}],"about":[{"href":"https:\/\/archiviocassano.lavocedelpaese.info\/index.php\/wp-json\/wp\/v2\/types\/post"}],"author":[{"embeddable":true,"href":"https:\/\/archiviocassano.lavocedelpaese.info\/index.php\/wp-json\/wp\/v2\/users\/1"}],"replies":[{"embeddable":true,"href":"https:\/\/archiviocassano.lavocedelpaese.info\/index.php\/wp-json\/wp\/v2\/comments?post=19930"}],"version-history":[{"count":0,"href":"https:\/\/archiviocassano.lavocedelpaese.info\/index.php\/wp-json\/wp\/v2\/posts\/19930\/revisions"}],"wp:attachment":[{"href":"https:\/\/archiviocassano.lavocedelpaese.info\/index.php\/wp-json\/wp\/v2\/media?parent=19930"}],"wp:term":[{"taxonomy":"category","embeddable":true,"href":"https:\/\/archiviocassano.lavocedelpaese.info\/index.php\/wp-json\/wp\/v2\/categories?post=19930"},{"taxonomy":"post_tag","embeddable":true,"href":"https:\/\/archiviocassano.lavocedelpaese.info\/index.php\/wp-json\/wp\/v2\/tags?post=19930"}],"curies":[{"name":"wp","href":"https:\/\/api.w.org\/{rel}","templated":true}]}}