{"id":19936,"date":"2022-07-30T16:37:24","date_gmt":"2022-07-30T16:37:24","guid":{"rendered":"https:\/\/archiviocassano.lavocedelpaese.info\/index.php\/2022\/07\/30\/festa-partronale-servono-con-urgenza-volontari-per-le-manifestazioni-di-piazza-e-per-le-processioni\/"},"modified":"2022-07-30T16:37:24","modified_gmt":"2022-07-30T16:37:24","slug":"festa-partronale-servono-con-urgenza-volontari-per-le-manifestazioni-di-piazza-e-per-le-processioni","status":"publish","type":"post","link":"https:\/\/archiviocassano.lavocedelpaese.info\/index.php\/2022\/07\/30\/festa-partronale-servono-con-urgenza-volontari-per-le-manifestazioni-di-piazza-e-per-le-processioni\/","title":{"rendered":"Festa Patronale: servono con urgenza volontari"},"content":{"rendered":"<p style=\"text-align: justify;\"><a data-flickr-embed=\"true\" href=\"https:\/\/www.flickr.com\/photos\/184752021@N05\/52250534382\/in\/dateposted-public\/\" title=\"IMG_20210803_192322\"><img loading=\"lazy\" decoding=\"async\" src=\"https:\/\/live.staticflickr.com\/65535\/52250534382_78e2750b09.jpg\" width=\"320\" height=\"250\" alt=\"IMG_20210803_192322\" \/><\/a><\/p>\n<p><!--more--><\/p>\n<p style=\"text-align: justify;\"><span style=\"font-size: 10pt;\"><em>\u201cLa festa grande affidata a tutti noi!<\/em>\u201d: \u00e8 l\u2019appello del Comitato Festa Patronale di Cassano delle Murge, presieduto da <strong>don Francesco Gramegna<\/strong>, per la ricerca di volontari che possano supportare le attivit\u00e0 nelle giornate della imminente Festa Patronale di Cassano.<\/span><\/p>\n<p style=\"text-align: justify;\"><span style=\"font-size: 10pt;\"><strong><em>\u201c\u00c8 indispensabile<\/em><\/strong> \u2013 spiega un comunicato- <em><strong>coprire con dei volontari la piazza (6 unit\u00e0) e le processioni (4 unit\u00e0)\u201d.<\/strong><\/em><\/span><\/p>\n<p><span style=\"font-size: 10pt;\">I volontari, maggiorenni, indosseranno delle pettorine azzurre e completeranno il piano di sicurezza affiancandosi all\u2019organico previsto (steward e personale delle Associazioni di Volontariato individuate dalla Polizia Locale) e devono presidiare la piazza ed eventualmente segnalare le criticit\u00e0.<\/span><\/p>\n<p><span style=\"font-size: 10pt;\"><em>\u201cPer consentire a tutti di vivere la festa \u00e8 possibile suddividere gli appuntamenti per orari cos\u00ec da non gravare solo su alcune persone (esempio: la piazza pu\u00f2 essere presidiata dalle 18,00 alle 21,00 da alcuni e dalle 21,00 alle 00,00 da altre persone)\u201d,<\/em> dice don Francesco che invita a comunicare la propria disponibilit\u00e0 presso il Comitato stesso o in Chiesa Madre.<\/span><\/p>\n<p><span style=\"text-decoration: underline; font-size: 10pt;\">Occorre, quindi \u201ccoprire\u201d i seguenti appuntamenti:<\/span><\/p>\n<p><span style=\"font-size: 10pt;\"><strong>31 luglio<\/strong> Ore 20,30 Concerto in Piazza Moro \u2013 6 volontari dalle ore 18.00 alla mezzanotte circa.<\/span><\/p>\n<p><span style=\"font-size: 10pt;\"><strong>1-2-3-4 agosto<\/strong> (processioni): 4 volontari per processione<\/span><\/p>\n<p><span style=\"font-size: 10pt;\">LUNEDI\u2019 1 AGOSTO<\/span><br \/><span style=\"font-size: 10pt;\">\u2022 Presso il Santuario S. Maria degli Angeli<\/span><br \/><span style=\"font-size: 10pt;\">Ore 20,00 Processione del Quadro della Madonna dal Santuario al Paese<\/span><\/p>\n<p><span style=\"font-size: 10pt;\">MARTEDI\u2019 2 AGOSTO<\/span><br \/><span style=\"font-size: 10pt;\">\u2022 Presso il Santuario S. Maria degli Angeli<\/span><br \/><span style=\"font-size: 10pt;\">Ore 20,00 Solenne processione della Statua della Madonna degli Angeli sul carro trionfale dal Santuario per le vie del paese.<\/span><\/p>\n<p><span style=\"font-size: 10pt;\">MERCOLEDI\u2019 3 AGOSTO<\/span><br \/><span style=\"font-size: 10pt;\">\u2022 Presso la Chiesa Madre \u201cS. Maria Assunta\u201d<\/span><br \/><span style=\"font-size: 10pt;\">Ore 20,00 Processione a spalla della Statua della Madonna degli Angeli dal sagrato della Chiesa Madre nel centro storico e per alcune vie del paese, con arrivo alla Parrocchia \u201cS Maria delle Grazie\u201d<\/span><\/p>\n<p><span style=\"font-size: 10pt;\">GIOVEDI\u2019 4 AGOSTO<\/span><br \/><span style=\"font-size: 10pt;\">\u2022 Presso la Parrocchia \u201cMadonna delle Grazie\u201d<\/span><br \/><span style=\"font-size: 10pt;\">Ore 20,00 Processione della Statua della Madonna degli Angeli fino ai giardini di Piazza Garibaldi \u2013 Saluto dei cittadini e rientro al Santuario.<\/span><\/p>\n<p><span style=\"font-size: 10pt;\"><strong>1-2-3-4 agosto<\/strong> in piazza Moro dalle 18.00 a mezzanotte: 6 volontari.<\/span><\/p>\n<p><span style=\"font-size: 10pt;\">&nbsp;<\/span><\/p>\n<p><span style=\"font-size: 10pt;\">&nbsp;<\/span><\/p>\n","protected":false},"excerpt":{"rendered":"","protected":false},"author":1,"featured_media":0,"comment_status":"open","ping_status":"closed","sticky":false,"template":"","format":"standard","meta":{"colormag_page_container_layout":"default_layout","colormag_page_sidebar_layout":"default_layout","footnotes":""},"categories":[7],"tags":[],"class_list":["post-19936","post","type-post","status-publish","format-standard","hentry","category-attualita"],"yoast_head":"<!-- This site is optimized with the Yoast SEO plugin v27.5 - https:\/\/yoast.com\/product\/yoast-seo-wordpress\/ -->\n<title>Festa Patronale: servono con urgenza volontari - Archivio CassanoWeb<\/title>\n<meta name=\"robots\" content=\"index, follow, max-snippet:-1, max-image-preview:large, max-video-preview:-1\" \/>\n<link rel=\"canonical\" href=\"https:\/\/archiviocassano.lavocedelpaese.info\/index.php\/2022\/07\/30\/festa-partronale-servono-con-urgenza-volontari-per-le-manifestazioni-di-piazza-e-per-le-processioni\/\" \/>\n<meta property=\"og:locale\" content=\"it_IT\" \/>\n<meta property=\"og:type\" content=\"article\" \/>\n<meta property=\"og:title\" content=\"Festa Patronale: servono con urgenza volontari - Archivio CassanoWeb\" \/>\n<meta property=\"og:url\" content=\"https:\/\/archiviocassano.lavocedelpaese.info\/index.php\/2022\/07\/30\/festa-partronale-servono-con-urgenza-volontari-per-le-manifestazioni-di-piazza-e-per-le-processioni\/\" \/>\n<meta property=\"og:site_name\" content=\"Archivio CassanoWeb\" \/>\n<meta property=\"article:publisher\" content=\"https:\/\/www.facebook.com\/redazione.cassanoweb\" \/>\n<meta property=\"article:published_time\" content=\"2022-07-30T16:37:24+00:00\" \/>\n<meta property=\"og:image\" content=\"https:\/\/live.staticflickr.com\/65535\/52250534382_78e2750b09.jpg\" \/>\n<meta name=\"author\" content=\"admin\" \/>\n<meta name=\"twitter:card\" content=\"summary_large_image\" \/>\n<meta name=\"twitter:label1\" content=\"Scritto da\" \/>\n\t<meta name=\"twitter:data1\" content=\"admin\" \/>\n\t<meta name=\"twitter:label2\" content=\"Tempo di lettura stimato\" \/>\n\t<meta name=\"twitter:data2\" content=\"2 minuti\" \/>\n<script type=\"application\/ld+json\" class=\"yoast-schema-graph\">{\"@context\":\"https:\\\/\\\/schema.org\",\"@graph\":[{\"@type\":\"Article\",\"@id\":\"https:\\\/\\\/archiviocassano.lavocedelpaese.info\\\/index.php\\\/2022\\\/07\\\/30\\\/festa-partronale-servono-con-urgenza-volontari-per-le-manifestazioni-di-piazza-e-per-le-processioni\\\/#article\",\"isPartOf\":{\"@id\":\"https:\\\/\\\/archiviocassano.lavocedelpaese.info\\\/index.php\\\/2022\\\/07\\\/30\\\/festa-partronale-servono-con-urgenza-volontari-per-le-manifestazioni-di-piazza-e-per-le-processioni\\\/\"},\"author\":{\"name\":\"admin\",\"@id\":\"https:\\\/\\\/archiviocassano.lavocedelpaese.info\\\/#\\\/schema\\\/person\\\/df195bc79a9b4c35127cf005f92e041b\"},\"headline\":\"Festa Patronale: servono con urgenza volontari\",\"datePublished\":\"2022-07-30T16:37:24+00:00\",\"mainEntityOfPage\":{\"@id\":\"https:\\\/\\\/archiviocassano.lavocedelpaese.info\\\/index.php\\\/2022\\\/07\\\/30\\\/festa-partronale-servono-con-urgenza-volontari-per-le-manifestazioni-di-piazza-e-per-le-processioni\\\/\"},\"wordCount\":311,\"commentCount\":0,\"publisher\":{\"@id\":\"https:\\\/\\\/archiviocassano.lavocedelpaese.info\\\/#organization\"},\"image\":{\"@id\":\"https:\\\/\\\/archiviocassano.lavocedelpaese.info\\\/index.php\\\/2022\\\/07\\\/30\\\/festa-partronale-servono-con-urgenza-volontari-per-le-manifestazioni-di-piazza-e-per-le-processioni\\\/#primaryimage\"},\"thumbnailUrl\":\"https:\\\/\\\/live.staticflickr.com\\\/65535\\\/52250534382_78e2750b09.jpg\",\"articleSection\":[\"Attualit\u00e0\"],\"inLanguage\":\"it-IT\",\"potentialAction\":[{\"@type\":\"CommentAction\",\"name\":\"Comment\",\"target\":[\"https:\\\/\\\/archiviocassano.lavocedelpaese.info\\\/index.php\\\/2022\\\/07\\\/30\\\/festa-partronale-servono-con-urgenza-volontari-per-le-manifestazioni-di-piazza-e-per-le-processioni\\\/#respond\"]}]},{\"@type\":\"WebPage\",\"@id\":\"https:\\\/\\\/archiviocassano.lavocedelpaese.info\\\/index.php\\\/2022\\\/07\\\/30\\\/festa-partronale-servono-con-urgenza-volontari-per-le-manifestazioni-di-piazza-e-per-le-processioni\\\/\",\"url\":\"https:\\\/\\\/archiviocassano.lavocedelpaese.info\\\/index.php\\\/2022\\\/07\\\/30\\\/festa-partronale-servono-con-urgenza-volontari-per-le-manifestazioni-di-piazza-e-per-le-processioni\\\/\",\"name\":\"Festa Patronale: servono con urgenza volontari - Archivio CassanoWeb\",\"isPartOf\":{\"@id\":\"https:\\\/\\\/archiviocassano.lavocedelpaese.info\\\/#website\"},\"primaryImageOfPage\":{\"@id\":\"https:\\\/\\\/archiviocassano.lavocedelpaese.info\\\/index.php\\\/2022\\\/07\\\/30\\\/festa-partronale-servono-con-urgenza-volontari-per-le-manifestazioni-di-piazza-e-per-le-processioni\\\/#primaryimage\"},\"image\":{\"@id\":\"https:\\\/\\\/archiviocassano.lavocedelpaese.info\\\/index.php\\\/2022\\\/07\\\/30\\\/festa-partronale-servono-con-urgenza-volontari-per-le-manifestazioni-di-piazza-e-per-le-processioni\\\/#primaryimage\"},\"thumbnailUrl\":\"https:\\\/\\\/live.staticflickr.com\\\/65535\\\/52250534382_78e2750b09.jpg\",\"datePublished\":\"2022-07-30T16:37:24+00:00\",\"breadcrumb\":{\"@id\":\"https:\\\/\\\/archiviocassano.lavocedelpaese.info\\\/index.php\\\/2022\\\/07\\\/30\\\/festa-partronale-servono-con-urgenza-volontari-per-le-manifestazioni-di-piazza-e-per-le-processioni\\\/#breadcrumb\"},\"inLanguage\":\"it-IT\",\"potentialAction\":[{\"@type\":\"ReadAction\",\"target\":[\"https:\\\/\\\/archiviocassano.lavocedelpaese.info\\\/index.php\\\/2022\\\/07\\\/30\\\/festa-partronale-servono-con-urgenza-volontari-per-le-manifestazioni-di-piazza-e-per-le-processioni\\\/\"]}]},{\"@type\":\"ImageObject\",\"inLanguage\":\"it-IT\",\"@id\":\"https:\\\/\\\/archiviocassano.lavocedelpaese.info\\\/index.php\\\/2022\\\/07\\\/30\\\/festa-partronale-servono-con-urgenza-volontari-per-le-manifestazioni-di-piazza-e-per-le-processioni\\\/#primaryimage\",\"url\":\"https:\\\/\\\/live.staticflickr.com\\\/65535\\\/52250534382_78e2750b09.jpg\",\"contentUrl\":\"https:\\\/\\\/live.staticflickr.com\\\/65535\\\/52250534382_78e2750b09.jpg\"},{\"@type\":\"BreadcrumbList\",\"@id\":\"https:\\\/\\\/archiviocassano.lavocedelpaese.info\\\/index.php\\\/2022\\\/07\\\/30\\\/festa-partronale-servono-con-urgenza-volontari-per-le-manifestazioni-di-piazza-e-per-le-processioni\\\/#breadcrumb\",\"itemListElement\":[{\"@type\":\"ListItem\",\"position\":1,\"name\":\"Home\",\"item\":\"https:\\\/\\\/archiviocassano.lavocedelpaese.info\\\/\"},{\"@type\":\"ListItem\",\"position\":2,\"name\":\"Festa Patronale: servono con urgenza volontari\"}]},{\"@type\":\"WebSite\",\"@id\":\"https:\\\/\\\/archiviocassano.lavocedelpaese.info\\\/#website\",\"url\":\"https:\\\/\\\/archiviocassano.lavocedelpaese.info\\\/\",\"name\":\"Archivio CassanoWeb\",\"description\":\"La Voce del Paese - un network di idee\",\"publisher\":{\"@id\":\"https:\\\/\\\/archiviocassano.lavocedelpaese.info\\\/#organization\"},\"potentialAction\":[{\"@type\":\"SearchAction\",\"target\":{\"@type\":\"EntryPoint\",\"urlTemplate\":\"https:\\\/\\\/archiviocassano.lavocedelpaese.info\\\/?s={search_term_string}\"},\"query-input\":{\"@type\":\"PropertyValueSpecification\",\"valueRequired\":true,\"valueName\":\"search_term_string\"}}],\"inLanguage\":\"it-IT\"},{\"@type\":\"Organization\",\"@id\":\"https:\\\/\\\/archiviocassano.lavocedelpaese.info\\\/#organization\",\"name\":\"Archivio CassanoWeb\",\"url\":\"https:\\\/\\\/archiviocassano.lavocedelpaese.info\\\/\",\"logo\":{\"@type\":\"ImageObject\",\"inLanguage\":\"it-IT\",\"@id\":\"https:\\\/\\\/archiviocassano.lavocedelpaese.info\\\/#\\\/schema\\\/logo\\\/image\\\/\",\"url\":\"https:\\\/\\\/archiviocassano.lavocedelpaese.info\\\/wp-content\\\/uploads\\\/2024\\\/08\\\/logo-rosso-2.png\",\"contentUrl\":\"https:\\\/\\\/archiviocassano.lavocedelpaese.info\\\/wp-content\\\/uploads\\\/2024\\\/08\\\/logo-rosso-2.png\",\"width\":491,\"height\":432,\"caption\":\"Archivio CassanoWeb\"},\"image\":{\"@id\":\"https:\\\/\\\/archiviocassano.lavocedelpaese.info\\\/#\\\/schema\\\/logo\\\/image\\\/\"},\"sameAs\":[\"https:\\\/\\\/www.facebook.com\\\/redazione.cassanoweb\"]},{\"@type\":\"Person\",\"@id\":\"https:\\\/\\\/archiviocassano.lavocedelpaese.info\\\/#\\\/schema\\\/person\\\/df195bc79a9b4c35127cf005f92e041b\",\"name\":\"admin\",\"image\":{\"@type\":\"ImageObject\",\"inLanguage\":\"it-IT\",\"@id\":\"https:\\\/\\\/secure.gravatar.com\\\/avatar\\\/eabba89a432e8eaa1b0207cc55f7e5340b22712b1ed80677efcf63e02ff5b235?s=96&d=mm&r=g\",\"url\":\"https:\\\/\\\/secure.gravatar.com\\\/avatar\\\/eabba89a432e8eaa1b0207cc55f7e5340b22712b1ed80677efcf63e02ff5b235?s=96&d=mm&r=g\",\"contentUrl\":\"https:\\\/\\\/secure.gravatar.com\\\/avatar\\\/eabba89a432e8eaa1b0207cc55f7e5340b22712b1ed80677efcf63e02ff5b235?s=96&d=mm&r=g\",\"caption\":\"admin\"},\"sameAs\":[\"https:\\\/\\\/archiviocassano.lavocedelpaese.info\"],\"url\":\"https:\\\/\\\/archiviocassano.lavocedelpaese.info\\\/index.php\\\/author\\\/admin_0qgz1xdp\\\/\"}]}<\/script>\n<!-- \/ Yoast SEO plugin. -->","yoast_head_json":{"title":"Festa Patronale: servono con urgenza volontari - Archivio CassanoWeb","robots":{"index":"index","follow":"follow","max-snippet":"max-snippet:-1","max-image-preview":"max-image-preview:large","max-video-preview":"max-video-preview:-1"},"canonical":"https:\/\/archiviocassano.lavocedelpaese.info\/index.php\/2022\/07\/30\/festa-partronale-servono-con-urgenza-volontari-per-le-manifestazioni-di-piazza-e-per-le-processioni\/","og_locale":"it_IT","og_type":"article","og_title":"Festa Patronale: servono con urgenza volontari - Archivio CassanoWeb","og_url":"https:\/\/archiviocassano.lavocedelpaese.info\/index.php\/2022\/07\/30\/festa-partronale-servono-con-urgenza-volontari-per-le-manifestazioni-di-piazza-e-per-le-processioni\/","og_site_name":"Archivio CassanoWeb","article_publisher":"https:\/\/www.facebook.com\/redazione.cassanoweb","article_published_time":"2022-07-30T16:37:24+00:00","og_image":[{"url":"https:\/\/live.staticflickr.com\/65535\/52250534382_78e2750b09.jpg","type":"","width":"","height":""}],"author":"admin","twitter_card":"summary_large_image","twitter_misc":{"Scritto da":"admin","Tempo di lettura stimato":"2 minuti"},"schema":{"@context":"https:\/\/schema.org","@graph":[{"@type":"Article","@id":"https:\/\/archiviocassano.lavocedelpaese.info\/index.php\/2022\/07\/30\/festa-partronale-servono-con-urgenza-volontari-per-le-manifestazioni-di-piazza-e-per-le-processioni\/#article","isPartOf":{"@id":"https:\/\/archiviocassano.lavocedelpaese.info\/index.php\/2022\/07\/30\/festa-partronale-servono-con-urgenza-volontari-per-le-manifestazioni-di-piazza-e-per-le-processioni\/"},"author":{"name":"admin","@id":"https:\/\/archiviocassano.lavocedelpaese.info\/#\/schema\/person\/df195bc79a9b4c35127cf005f92e041b"},"headline":"Festa Patronale: servono con urgenza volontari","datePublished":"2022-07-30T16:37:24+00:00","mainEntityOfPage":{"@id":"https:\/\/archiviocassano.lavocedelpaese.info\/index.php\/2022\/07\/30\/festa-partronale-servono-con-urgenza-volontari-per-le-manifestazioni-di-piazza-e-per-le-processioni\/"},"wordCount":311,"commentCount":0,"publisher":{"@id":"https:\/\/archiviocassano.lavocedelpaese.info\/#organization"},"image":{"@id":"https:\/\/archiviocassano.lavocedelpaese.info\/index.php\/2022\/07\/30\/festa-partronale-servono-con-urgenza-volontari-per-le-manifestazioni-di-piazza-e-per-le-processioni\/#primaryimage"},"thumbnailUrl":"https:\/\/live.staticflickr.com\/65535\/52250534382_78e2750b09.jpg","articleSection":["Attualit\u00e0"],"inLanguage":"it-IT","potentialAction":[{"@type":"CommentAction","name":"Comment","target":["https:\/\/archiviocassano.lavocedelpaese.info\/index.php\/2022\/07\/30\/festa-partronale-servono-con-urgenza-volontari-per-le-manifestazioni-di-piazza-e-per-le-processioni\/#respond"]}]},{"@type":"WebPage","@id":"https:\/\/archiviocassano.lavocedelpaese.info\/index.php\/2022\/07\/30\/festa-partronale-servono-con-urgenza-volontari-per-le-manifestazioni-di-piazza-e-per-le-processioni\/","url":"https:\/\/archiviocassano.lavocedelpaese.info\/index.php\/2022\/07\/30\/festa-partronale-servono-con-urgenza-volontari-per-le-manifestazioni-di-piazza-e-per-le-processioni\/","name":"Festa Patronale: servono con urgenza volontari - Archivio CassanoWeb","isPartOf":{"@id":"https:\/\/archiviocassano.lavocedelpaese.info\/#website"},"primaryImageOfPage":{"@id":"https:\/\/archiviocassano.lavocedelpaese.info\/index.php\/2022\/07\/30\/festa-partronale-servono-con-urgenza-volontari-per-le-manifestazioni-di-piazza-e-per-le-processioni\/#primaryimage"},"image":{"@id":"https:\/\/archiviocassano.lavocedelpaese.info\/index.php\/2022\/07\/30\/festa-partronale-servono-con-urgenza-volontari-per-le-manifestazioni-di-piazza-e-per-le-processioni\/#primaryimage"},"thumbnailUrl":"https:\/\/live.staticflickr.com\/65535\/52250534382_78e2750b09.jpg","datePublished":"2022-07-30T16:37:24+00:00","breadcrumb":{"@id":"https:\/\/archiviocassano.lavocedelpaese.info\/index.php\/2022\/07\/30\/festa-partronale-servono-con-urgenza-volontari-per-le-manifestazioni-di-piazza-e-per-le-processioni\/#breadcrumb"},"inLanguage":"it-IT","potentialAction":[{"@type":"ReadAction","target":["https:\/\/archiviocassano.lavocedelpaese.info\/index.php\/2022\/07\/30\/festa-partronale-servono-con-urgenza-volontari-per-le-manifestazioni-di-piazza-e-per-le-processioni\/"]}]},{"@type":"ImageObject","inLanguage":"it-IT","@id":"https:\/\/archiviocassano.lavocedelpaese.info\/index.php\/2022\/07\/30\/festa-partronale-servono-con-urgenza-volontari-per-le-manifestazioni-di-piazza-e-per-le-processioni\/#primaryimage","url":"https:\/\/live.staticflickr.com\/65535\/52250534382_78e2750b09.jpg","contentUrl":"https:\/\/live.staticflickr.com\/65535\/52250534382_78e2750b09.jpg"},{"@type":"BreadcrumbList","@id":"https:\/\/archiviocassano.lavocedelpaese.info\/index.php\/2022\/07\/30\/festa-partronale-servono-con-urgenza-volontari-per-le-manifestazioni-di-piazza-e-per-le-processioni\/#breadcrumb","itemListElement":[{"@type":"ListItem","position":1,"name":"Home","item":"https:\/\/archiviocassano.lavocedelpaese.info\/"},{"@type":"ListItem","position":2,"name":"Festa Patronale: servono con urgenza volontari"}]},{"@type":"WebSite","@id":"https:\/\/archiviocassano.lavocedelpaese.info\/#website","url":"https:\/\/archiviocassano.lavocedelpaese.info\/","name":"Archivio CassanoWeb","description":"La Voce del Paese - un network di idee","publisher":{"@id":"https:\/\/archiviocassano.lavocedelpaese.info\/#organization"},"potentialAction":[{"@type":"SearchAction","target":{"@type":"EntryPoint","urlTemplate":"https:\/\/archiviocassano.lavocedelpaese.info\/?s={search_term_string}"},"query-input":{"@type":"PropertyValueSpecification","valueRequired":true,"valueName":"search_term_string"}}],"inLanguage":"it-IT"},{"@type":"Organization","@id":"https:\/\/archiviocassano.lavocedelpaese.info\/#organization","name":"Archivio CassanoWeb","url":"https:\/\/archiviocassano.lavocedelpaese.info\/","logo":{"@type":"ImageObject","inLanguage":"it-IT","@id":"https:\/\/archiviocassano.lavocedelpaese.info\/#\/schema\/logo\/image\/","url":"https:\/\/archiviocassano.lavocedelpaese.info\/wp-content\/uploads\/2024\/08\/logo-rosso-2.png","contentUrl":"https:\/\/archiviocassano.lavocedelpaese.info\/wp-content\/uploads\/2024\/08\/logo-rosso-2.png","width":491,"height":432,"caption":"Archivio CassanoWeb"},"image":{"@id":"https:\/\/archiviocassano.lavocedelpaese.info\/#\/schema\/logo\/image\/"},"sameAs":["https:\/\/www.facebook.com\/redazione.cassanoweb"]},{"@type":"Person","@id":"https:\/\/archiviocassano.lavocedelpaese.info\/#\/schema\/person\/df195bc79a9b4c35127cf005f92e041b","name":"admin","image":{"@type":"ImageObject","inLanguage":"it-IT","@id":"https:\/\/secure.gravatar.com\/avatar\/eabba89a432e8eaa1b0207cc55f7e5340b22712b1ed80677efcf63e02ff5b235?s=96&d=mm&r=g","url":"https:\/\/secure.gravatar.com\/avatar\/eabba89a432e8eaa1b0207cc55f7e5340b22712b1ed80677efcf63e02ff5b235?s=96&d=mm&r=g","contentUrl":"https:\/\/secure.gravatar.com\/avatar\/eabba89a432e8eaa1b0207cc55f7e5340b22712b1ed80677efcf63e02ff5b235?s=96&d=mm&r=g","caption":"admin"},"sameAs":["https:\/\/archiviocassano.lavocedelpaese.info"],"url":"https:\/\/archiviocassano.lavocedelpaese.info\/index.php\/author\/admin_0qgz1xdp\/"}]}},"_links":{"self":[{"href":"https:\/\/archiviocassano.lavocedelpaese.info\/index.php\/wp-json\/wp\/v2\/posts\/19936","targetHints":{"allow":["GET"]}}],"collection":[{"href":"https:\/\/archiviocassano.lavocedelpaese.info\/index.php\/wp-json\/wp\/v2\/posts"}],"about":[{"href":"https:\/\/archiviocassano.lavocedelpaese.info\/index.php\/wp-json\/wp\/v2\/types\/post"}],"author":[{"embeddable":true,"href":"https:\/\/archiviocassano.lavocedelpaese.info\/index.php\/wp-json\/wp\/v2\/users\/1"}],"replies":[{"embeddable":true,"href":"https:\/\/archiviocassano.lavocedelpaese.info\/index.php\/wp-json\/wp\/v2\/comments?post=19936"}],"version-history":[{"count":0,"href":"https:\/\/archiviocassano.lavocedelpaese.info\/index.php\/wp-json\/wp\/v2\/posts\/19936\/revisions"}],"wp:attachment":[{"href":"https:\/\/archiviocassano.lavocedelpaese.info\/index.php\/wp-json\/wp\/v2\/media?parent=19936"}],"wp:term":[{"taxonomy":"category","embeddable":true,"href":"https:\/\/archiviocassano.lavocedelpaese.info\/index.php\/wp-json\/wp\/v2\/categories?post=19936"},{"taxonomy":"post_tag","embeddable":true,"href":"https:\/\/archiviocassano.lavocedelpaese.info\/index.php\/wp-json\/wp\/v2\/tags?post=19936"}],"curies":[{"name":"wp","href":"https:\/\/api.w.org\/{rel}","templated":true}]}}