{"id":20019,"date":"2022-09-03T21:55:42","date_gmt":"2022-09-03T21:55:42","guid":{"rendered":"https:\/\/archiviocassano.lavocedelpaese.info\/index.php\/2022\/09\/03\/dal-4-settembre-il-mercatino-dellusato-in-piazza-merloni\/"},"modified":"2022-09-03T21:55:42","modified_gmt":"2022-09-03T21:55:42","slug":"dal-4-settembre-il-mercatino-dellusato-in-piazza-merloni","status":"publish","type":"post","link":"https:\/\/archiviocassano.lavocedelpaese.info\/index.php\/2022\/09\/03\/dal-4-settembre-il-mercatino-dellusato-in-piazza-merloni\/","title":{"rendered":"Dal 4 settembre il Mercatino dell&#8217;usato in piazza Merloni"},"content":{"rendered":"<p style=\"text-align: center;\"><img loading=\"lazy\" decoding=\"async\" class=\" size-full wp-image-20017\" src=\"https:\/\/archiviocassano.lavocedelpaese.info\/wp-content\/uploads\/2022\/09\/image0_1_copy.jpeg\" width=\"320\" height=\"137\" alt=\"image0 1 copy\" style=\"margin-right: 2px; margin-left: 2px;\" srcset=\"https:\/\/archiviocassano.lavocedelpaese.info\/wp-content\/uploads\/2022\/09\/image0_1_copy.jpeg 1125w, https:\/\/archiviocassano.lavocedelpaese.info\/wp-content\/uploads\/2022\/09\/image0_1_copy-300x128.jpeg 300w, https:\/\/archiviocassano.lavocedelpaese.info\/wp-content\/uploads\/2022\/09\/image0_1_copy-1024x438.jpeg 1024w, https:\/\/archiviocassano.lavocedelpaese.info\/wp-content\/uploads\/2022\/09\/image0_1_copy-768x328.jpeg 768w\" sizes=\"auto, (max-width: 320px) 100vw, 320px\" \/><\/p>\n<p><!--more--><\/p>\n<p>Sar\u00e0 inaugurato domenica mattina 4 settembre 2022, in piazza Madre Clelia Merloni, il MERCATINO della MURGIA.<\/p>\n<p>Voluto dall\u2019amministrazione comunale nell\u2019attuazione delle linee programmatiche approvate di recente dall&#8217;intero Consiglio Comunale, d\u2019intesa con&nbsp; l&#8217;Associazione PRO-LOCO, soggetto attuatore, il mercatino si terr\u00e0 ogni domenica del mese a partire dalle ore 7:00 alle 13:00.<\/p>\n<p style=\"text-align: justify;\">&#8220;<em>\u00c8 una iniziativa per creare interesse in quanti, vogliano andare alla ricerca di articoli di antiquariato, dai dischi in vinile di un tempo ai libri; dalla bigiotteria ai cimeli<\/em> &#8211; spiega in una nota il vicesindaco e Assessore alle attivit\u00e0 produttive Rocco Lapadula &#8211; <em>Sar\u00e0 anche l\u2019occasione per rivitalizzare una zona del paese che oggi \u00e8 interessata dal solo mercato settimanale del venerd\u00ec. Bisogna, insomma, creare le condizioni per rilanciare, in ogni modo, le nostre attivit\u00e0 commerciali grazie anche al flusso di gente che si porter\u00e0 nel mercatino dell\u2019usato della Murgia&#8221;.&nbsp;<\/em><\/p>\n<p>Per partecipare come hobbista e per informazioni bisogner\u00e0 contattare l\u2019associazione Pro-LOCO <a href=\"mailto:proloco.cassanodellemurge@gmail.com\" target=\"_blank\" rel=\"noopener\">proloco.cassanodellemurge@gmai<wbr \/>l.com<\/a><\/p>\n<p style=\"text-align: center;\"><img loading=\"lazy\" decoding=\"async\" class=\" size-full wp-image-20018\" src=\"https:\/\/archiviocassano.lavocedelpaese.info\/wp-content\/uploads\/2022\/09\/image0.jpeg\" width=\"424\" height=\"600\" alt=\"image0\" style=\"margin-right: 2px; margin-left: 2px;\" srcset=\"https:\/\/archiviocassano.lavocedelpaese.info\/wp-content\/uploads\/2022\/09\/image0.jpeg 1131w, https:\/\/archiviocassano.lavocedelpaese.info\/wp-content\/uploads\/2022\/09\/image0-212x300.jpeg 212w, https:\/\/archiviocassano.lavocedelpaese.info\/wp-content\/uploads\/2022\/09\/image0-724x1024.jpeg 724w, https:\/\/archiviocassano.lavocedelpaese.info\/wp-content\/uploads\/2022\/09\/image0-768x1086.jpeg 768w, https:\/\/archiviocassano.lavocedelpaese.info\/wp-content\/uploads\/2022\/09\/image0-1086x1536.jpeg 1086w\" sizes=\"auto, (max-width: 424px) 100vw, 424px\" \/><\/p>\n","protected":false},"excerpt":{"rendered":"","protected":false},"author":1,"featured_media":20017,"comment_status":"open","ping_status":"closed","sticky":false,"template":"","format":"standard","meta":{"colormag_page_container_layout":"default_layout","colormag_page_sidebar_layout":"default_layout","footnotes":""},"categories":[11],"tags":[],"class_list":["post-20019","post","type-post","status-publish","format-standard","has-post-thumbnail","hentry","category-appuntamenti"],"yoast_head":"<!-- This site is optimized with the Yoast SEO plugin v27.5 - https:\/\/yoast.com\/product\/yoast-seo-wordpress\/ -->\n<title>Dal 4 settembre il Mercatino dell&#039;usato in piazza Merloni - Archivio CassanoWeb<\/title>\n<meta name=\"robots\" content=\"index, follow, max-snippet:-1, max-image-preview:large, max-video-preview:-1\" \/>\n<link rel=\"canonical\" href=\"https:\/\/archiviocassano.lavocedelpaese.info\/index.php\/2022\/09\/03\/dal-4-settembre-il-mercatino-dellusato-in-piazza-merloni\/\" \/>\n<meta property=\"og:locale\" content=\"it_IT\" \/>\n<meta property=\"og:type\" content=\"article\" \/>\n<meta property=\"og:title\" content=\"Dal 4 settembre il Mercatino dell&#039;usato in piazza Merloni - Archivio CassanoWeb\" \/>\n<meta property=\"og:url\" content=\"https:\/\/archiviocassano.lavocedelpaese.info\/index.php\/2022\/09\/03\/dal-4-settembre-il-mercatino-dellusato-in-piazza-merloni\/\" \/>\n<meta property=\"og:site_name\" content=\"Archivio CassanoWeb\" \/>\n<meta property=\"article:publisher\" content=\"https:\/\/www.facebook.com\/redazione.cassanoweb\" \/>\n<meta property=\"article:published_time\" content=\"2022-09-03T21:55:42+00:00\" \/>\n<meta property=\"og:image\" content=\"https:\/\/archiviocassano.lavocedelpaese.info\/wp-content\/uploads\/2022\/09\/image0_1_copy.jpeg\" \/>\n\t<meta property=\"og:image:width\" content=\"1125\" \/>\n\t<meta property=\"og:image:height\" content=\"481\" \/>\n\t<meta property=\"og:image:type\" content=\"image\/jpeg\" \/>\n<meta name=\"author\" content=\"admin\" \/>\n<meta name=\"twitter:card\" content=\"summary_large_image\" \/>\n<meta name=\"twitter:label1\" content=\"Scritto da\" \/>\n\t<meta name=\"twitter:data1\" content=\"admin\" \/>\n\t<meta name=\"twitter:label2\" content=\"Tempo di lettura stimato\" \/>\n\t<meta name=\"twitter:data2\" content=\"1 minuto\" \/>\n<script type=\"application\/ld+json\" class=\"yoast-schema-graph\">{\"@context\":\"https:\\\/\\\/schema.org\",\"@graph\":[{\"@type\":\"Article\",\"@id\":\"https:\\\/\\\/archiviocassano.lavocedelpaese.info\\\/index.php\\\/2022\\\/09\\\/03\\\/dal-4-settembre-il-mercatino-dellusato-in-piazza-merloni\\\/#article\",\"isPartOf\":{\"@id\":\"https:\\\/\\\/archiviocassano.lavocedelpaese.info\\\/index.php\\\/2022\\\/09\\\/03\\\/dal-4-settembre-il-mercatino-dellusato-in-piazza-merloni\\\/\"},\"author\":{\"name\":\"admin\",\"@id\":\"https:\\\/\\\/archiviocassano.lavocedelpaese.info\\\/#\\\/schema\\\/person\\\/df195bc79a9b4c35127cf005f92e041b\"},\"headline\":\"Dal 4 settembre il Mercatino dell&#8217;usato in piazza Merloni\",\"datePublished\":\"2022-09-03T21:55:42+00:00\",\"mainEntityOfPage\":{\"@id\":\"https:\\\/\\\/archiviocassano.lavocedelpaese.info\\\/index.php\\\/2022\\\/09\\\/03\\\/dal-4-settembre-il-mercatino-dellusato-in-piazza-merloni\\\/\"},\"wordCount\":169,\"commentCount\":0,\"publisher\":{\"@id\":\"https:\\\/\\\/archiviocassano.lavocedelpaese.info\\\/#organization\"},\"image\":{\"@id\":\"https:\\\/\\\/archiviocassano.lavocedelpaese.info\\\/index.php\\\/2022\\\/09\\\/03\\\/dal-4-settembre-il-mercatino-dellusato-in-piazza-merloni\\\/#primaryimage\"},\"thumbnailUrl\":\"https:\\\/\\\/archiviocassano.lavocedelpaese.info\\\/wp-content\\\/uploads\\\/2022\\\/09\\\/image0_1_copy.jpeg\",\"articleSection\":[\"Appuntamenti\"],\"inLanguage\":\"it-IT\",\"potentialAction\":[{\"@type\":\"CommentAction\",\"name\":\"Comment\",\"target\":[\"https:\\\/\\\/archiviocassano.lavocedelpaese.info\\\/index.php\\\/2022\\\/09\\\/03\\\/dal-4-settembre-il-mercatino-dellusato-in-piazza-merloni\\\/#respond\"]}]},{\"@type\":\"WebPage\",\"@id\":\"https:\\\/\\\/archiviocassano.lavocedelpaese.info\\\/index.php\\\/2022\\\/09\\\/03\\\/dal-4-settembre-il-mercatino-dellusato-in-piazza-merloni\\\/\",\"url\":\"https:\\\/\\\/archiviocassano.lavocedelpaese.info\\\/index.php\\\/2022\\\/09\\\/03\\\/dal-4-settembre-il-mercatino-dellusato-in-piazza-merloni\\\/\",\"name\":\"Dal 4 settembre il Mercatino dell'usato in piazza Merloni - Archivio CassanoWeb\",\"isPartOf\":{\"@id\":\"https:\\\/\\\/archiviocassano.lavocedelpaese.info\\\/#website\"},\"primaryImageOfPage\":{\"@id\":\"https:\\\/\\\/archiviocassano.lavocedelpaese.info\\\/index.php\\\/2022\\\/09\\\/03\\\/dal-4-settembre-il-mercatino-dellusato-in-piazza-merloni\\\/#primaryimage\"},\"image\":{\"@id\":\"https:\\\/\\\/archiviocassano.lavocedelpaese.info\\\/index.php\\\/2022\\\/09\\\/03\\\/dal-4-settembre-il-mercatino-dellusato-in-piazza-merloni\\\/#primaryimage\"},\"thumbnailUrl\":\"https:\\\/\\\/archiviocassano.lavocedelpaese.info\\\/wp-content\\\/uploads\\\/2022\\\/09\\\/image0_1_copy.jpeg\",\"datePublished\":\"2022-09-03T21:55:42+00:00\",\"breadcrumb\":{\"@id\":\"https:\\\/\\\/archiviocassano.lavocedelpaese.info\\\/index.php\\\/2022\\\/09\\\/03\\\/dal-4-settembre-il-mercatino-dellusato-in-piazza-merloni\\\/#breadcrumb\"},\"inLanguage\":\"it-IT\",\"potentialAction\":[{\"@type\":\"ReadAction\",\"target\":[\"https:\\\/\\\/archiviocassano.lavocedelpaese.info\\\/index.php\\\/2022\\\/09\\\/03\\\/dal-4-settembre-il-mercatino-dellusato-in-piazza-merloni\\\/\"]}]},{\"@type\":\"ImageObject\",\"inLanguage\":\"it-IT\",\"@id\":\"https:\\\/\\\/archiviocassano.lavocedelpaese.info\\\/index.php\\\/2022\\\/09\\\/03\\\/dal-4-settembre-il-mercatino-dellusato-in-piazza-merloni\\\/#primaryimage\",\"url\":\"https:\\\/\\\/archiviocassano.lavocedelpaese.info\\\/wp-content\\\/uploads\\\/2022\\\/09\\\/image0_1_copy.jpeg\",\"contentUrl\":\"https:\\\/\\\/archiviocassano.lavocedelpaese.info\\\/wp-content\\\/uploads\\\/2022\\\/09\\\/image0_1_copy.jpeg\",\"width\":1125,\"height\":481,\"caption\":\"image0 1 copy\"},{\"@type\":\"BreadcrumbList\",\"@id\":\"https:\\\/\\\/archiviocassano.lavocedelpaese.info\\\/index.php\\\/2022\\\/09\\\/03\\\/dal-4-settembre-il-mercatino-dellusato-in-piazza-merloni\\\/#breadcrumb\",\"itemListElement\":[{\"@type\":\"ListItem\",\"position\":1,\"name\":\"Home\",\"item\":\"https:\\\/\\\/archiviocassano.lavocedelpaese.info\\\/\"},{\"@type\":\"ListItem\",\"position\":2,\"name\":\"Dal 4 settembre il Mercatino dell&#8217;usato in piazza Merloni\"}]},{\"@type\":\"WebSite\",\"@id\":\"https:\\\/\\\/archiviocassano.lavocedelpaese.info\\\/#website\",\"url\":\"https:\\\/\\\/archiviocassano.lavocedelpaese.info\\\/\",\"name\":\"Archivio CassanoWeb\",\"description\":\"La Voce del Paese - un network di idee\",\"publisher\":{\"@id\":\"https:\\\/\\\/archiviocassano.lavocedelpaese.info\\\/#organization\"},\"potentialAction\":[{\"@type\":\"SearchAction\",\"target\":{\"@type\":\"EntryPoint\",\"urlTemplate\":\"https:\\\/\\\/archiviocassano.lavocedelpaese.info\\\/?s={search_term_string}\"},\"query-input\":{\"@type\":\"PropertyValueSpecification\",\"valueRequired\":true,\"valueName\":\"search_term_string\"}}],\"inLanguage\":\"it-IT\"},{\"@type\":\"Organization\",\"@id\":\"https:\\\/\\\/archiviocassano.lavocedelpaese.info\\\/#organization\",\"name\":\"Archivio CassanoWeb\",\"url\":\"https:\\\/\\\/archiviocassano.lavocedelpaese.info\\\/\",\"logo\":{\"@type\":\"ImageObject\",\"inLanguage\":\"it-IT\",\"@id\":\"https:\\\/\\\/archiviocassano.lavocedelpaese.info\\\/#\\\/schema\\\/logo\\\/image\\\/\",\"url\":\"https:\\\/\\\/archiviocassano.lavocedelpaese.info\\\/wp-content\\\/uploads\\\/2024\\\/08\\\/logo-rosso-2.png\",\"contentUrl\":\"https:\\\/\\\/archiviocassano.lavocedelpaese.info\\\/wp-content\\\/uploads\\\/2024\\\/08\\\/logo-rosso-2.png\",\"width\":491,\"height\":432,\"caption\":\"Archivio CassanoWeb\"},\"image\":{\"@id\":\"https:\\\/\\\/archiviocassano.lavocedelpaese.info\\\/#\\\/schema\\\/logo\\\/image\\\/\"},\"sameAs\":[\"https:\\\/\\\/www.facebook.com\\\/redazione.cassanoweb\"]},{\"@type\":\"Person\",\"@id\":\"https:\\\/\\\/archiviocassano.lavocedelpaese.info\\\/#\\\/schema\\\/person\\\/df195bc79a9b4c35127cf005f92e041b\",\"name\":\"admin\",\"image\":{\"@type\":\"ImageObject\",\"inLanguage\":\"it-IT\",\"@id\":\"https:\\\/\\\/secure.gravatar.com\\\/avatar\\\/eabba89a432e8eaa1b0207cc55f7e5340b22712b1ed80677efcf63e02ff5b235?s=96&d=mm&r=g\",\"url\":\"https:\\\/\\\/secure.gravatar.com\\\/avatar\\\/eabba89a432e8eaa1b0207cc55f7e5340b22712b1ed80677efcf63e02ff5b235?s=96&d=mm&r=g\",\"contentUrl\":\"https:\\\/\\\/secure.gravatar.com\\\/avatar\\\/eabba89a432e8eaa1b0207cc55f7e5340b22712b1ed80677efcf63e02ff5b235?s=96&d=mm&r=g\",\"caption\":\"admin\"},\"sameAs\":[\"https:\\\/\\\/archiviocassano.lavocedelpaese.info\"],\"url\":\"https:\\\/\\\/archiviocassano.lavocedelpaese.info\\\/index.php\\\/author\\\/admin_0qgz1xdp\\\/\"}]}<\/script>\n<!-- \/ Yoast SEO plugin. -->","yoast_head_json":{"title":"Dal 4 settembre il Mercatino dell'usato in piazza Merloni - Archivio CassanoWeb","robots":{"index":"index","follow":"follow","max-snippet":"max-snippet:-1","max-image-preview":"max-image-preview:large","max-video-preview":"max-video-preview:-1"},"canonical":"https:\/\/archiviocassano.lavocedelpaese.info\/index.php\/2022\/09\/03\/dal-4-settembre-il-mercatino-dellusato-in-piazza-merloni\/","og_locale":"it_IT","og_type":"article","og_title":"Dal 4 settembre il Mercatino dell'usato in piazza Merloni - Archivio CassanoWeb","og_url":"https:\/\/archiviocassano.lavocedelpaese.info\/index.php\/2022\/09\/03\/dal-4-settembre-il-mercatino-dellusato-in-piazza-merloni\/","og_site_name":"Archivio CassanoWeb","article_publisher":"https:\/\/www.facebook.com\/redazione.cassanoweb","article_published_time":"2022-09-03T21:55:42+00:00","og_image":[{"width":1125,"height":481,"url":"https:\/\/archiviocassano.lavocedelpaese.info\/wp-content\/uploads\/2022\/09\/image0_1_copy.jpeg","type":"image\/jpeg"}],"author":"admin","twitter_card":"summary_large_image","twitter_misc":{"Scritto da":"admin","Tempo di lettura stimato":"1 minuto"},"schema":{"@context":"https:\/\/schema.org","@graph":[{"@type":"Article","@id":"https:\/\/archiviocassano.lavocedelpaese.info\/index.php\/2022\/09\/03\/dal-4-settembre-il-mercatino-dellusato-in-piazza-merloni\/#article","isPartOf":{"@id":"https:\/\/archiviocassano.lavocedelpaese.info\/index.php\/2022\/09\/03\/dal-4-settembre-il-mercatino-dellusato-in-piazza-merloni\/"},"author":{"name":"admin","@id":"https:\/\/archiviocassano.lavocedelpaese.info\/#\/schema\/person\/df195bc79a9b4c35127cf005f92e041b"},"headline":"Dal 4 settembre il Mercatino dell&#8217;usato in piazza Merloni","datePublished":"2022-09-03T21:55:42+00:00","mainEntityOfPage":{"@id":"https:\/\/archiviocassano.lavocedelpaese.info\/index.php\/2022\/09\/03\/dal-4-settembre-il-mercatino-dellusato-in-piazza-merloni\/"},"wordCount":169,"commentCount":0,"publisher":{"@id":"https:\/\/archiviocassano.lavocedelpaese.info\/#organization"},"image":{"@id":"https:\/\/archiviocassano.lavocedelpaese.info\/index.php\/2022\/09\/03\/dal-4-settembre-il-mercatino-dellusato-in-piazza-merloni\/#primaryimage"},"thumbnailUrl":"https:\/\/archiviocassano.lavocedelpaese.info\/wp-content\/uploads\/2022\/09\/image0_1_copy.jpeg","articleSection":["Appuntamenti"],"inLanguage":"it-IT","potentialAction":[{"@type":"CommentAction","name":"Comment","target":["https:\/\/archiviocassano.lavocedelpaese.info\/index.php\/2022\/09\/03\/dal-4-settembre-il-mercatino-dellusato-in-piazza-merloni\/#respond"]}]},{"@type":"WebPage","@id":"https:\/\/archiviocassano.lavocedelpaese.info\/index.php\/2022\/09\/03\/dal-4-settembre-il-mercatino-dellusato-in-piazza-merloni\/","url":"https:\/\/archiviocassano.lavocedelpaese.info\/index.php\/2022\/09\/03\/dal-4-settembre-il-mercatino-dellusato-in-piazza-merloni\/","name":"Dal 4 settembre il Mercatino dell'usato in piazza Merloni - Archivio CassanoWeb","isPartOf":{"@id":"https:\/\/archiviocassano.lavocedelpaese.info\/#website"},"primaryImageOfPage":{"@id":"https:\/\/archiviocassano.lavocedelpaese.info\/index.php\/2022\/09\/03\/dal-4-settembre-il-mercatino-dellusato-in-piazza-merloni\/#primaryimage"},"image":{"@id":"https:\/\/archiviocassano.lavocedelpaese.info\/index.php\/2022\/09\/03\/dal-4-settembre-il-mercatino-dellusato-in-piazza-merloni\/#primaryimage"},"thumbnailUrl":"https:\/\/archiviocassano.lavocedelpaese.info\/wp-content\/uploads\/2022\/09\/image0_1_copy.jpeg","datePublished":"2022-09-03T21:55:42+00:00","breadcrumb":{"@id":"https:\/\/archiviocassano.lavocedelpaese.info\/index.php\/2022\/09\/03\/dal-4-settembre-il-mercatino-dellusato-in-piazza-merloni\/#breadcrumb"},"inLanguage":"it-IT","potentialAction":[{"@type":"ReadAction","target":["https:\/\/archiviocassano.lavocedelpaese.info\/index.php\/2022\/09\/03\/dal-4-settembre-il-mercatino-dellusato-in-piazza-merloni\/"]}]},{"@type":"ImageObject","inLanguage":"it-IT","@id":"https:\/\/archiviocassano.lavocedelpaese.info\/index.php\/2022\/09\/03\/dal-4-settembre-il-mercatino-dellusato-in-piazza-merloni\/#primaryimage","url":"https:\/\/archiviocassano.lavocedelpaese.info\/wp-content\/uploads\/2022\/09\/image0_1_copy.jpeg","contentUrl":"https:\/\/archiviocassano.lavocedelpaese.info\/wp-content\/uploads\/2022\/09\/image0_1_copy.jpeg","width":1125,"height":481,"caption":"image0 1 copy"},{"@type":"BreadcrumbList","@id":"https:\/\/archiviocassano.lavocedelpaese.info\/index.php\/2022\/09\/03\/dal-4-settembre-il-mercatino-dellusato-in-piazza-merloni\/#breadcrumb","itemListElement":[{"@type":"ListItem","position":1,"name":"Home","item":"https:\/\/archiviocassano.lavocedelpaese.info\/"},{"@type":"ListItem","position":2,"name":"Dal 4 settembre il Mercatino dell&#8217;usato in piazza Merloni"}]},{"@type":"WebSite","@id":"https:\/\/archiviocassano.lavocedelpaese.info\/#website","url":"https:\/\/archiviocassano.lavocedelpaese.info\/","name":"Archivio CassanoWeb","description":"La Voce del Paese - un network di idee","publisher":{"@id":"https:\/\/archiviocassano.lavocedelpaese.info\/#organization"},"potentialAction":[{"@type":"SearchAction","target":{"@type":"EntryPoint","urlTemplate":"https:\/\/archiviocassano.lavocedelpaese.info\/?s={search_term_string}"},"query-input":{"@type":"PropertyValueSpecification","valueRequired":true,"valueName":"search_term_string"}}],"inLanguage":"it-IT"},{"@type":"Organization","@id":"https:\/\/archiviocassano.lavocedelpaese.info\/#organization","name":"Archivio CassanoWeb","url":"https:\/\/archiviocassano.lavocedelpaese.info\/","logo":{"@type":"ImageObject","inLanguage":"it-IT","@id":"https:\/\/archiviocassano.lavocedelpaese.info\/#\/schema\/logo\/image\/","url":"https:\/\/archiviocassano.lavocedelpaese.info\/wp-content\/uploads\/2024\/08\/logo-rosso-2.png","contentUrl":"https:\/\/archiviocassano.lavocedelpaese.info\/wp-content\/uploads\/2024\/08\/logo-rosso-2.png","width":491,"height":432,"caption":"Archivio CassanoWeb"},"image":{"@id":"https:\/\/archiviocassano.lavocedelpaese.info\/#\/schema\/logo\/image\/"},"sameAs":["https:\/\/www.facebook.com\/redazione.cassanoweb"]},{"@type":"Person","@id":"https:\/\/archiviocassano.lavocedelpaese.info\/#\/schema\/person\/df195bc79a9b4c35127cf005f92e041b","name":"admin","image":{"@type":"ImageObject","inLanguage":"it-IT","@id":"https:\/\/secure.gravatar.com\/avatar\/eabba89a432e8eaa1b0207cc55f7e5340b22712b1ed80677efcf63e02ff5b235?s=96&d=mm&r=g","url":"https:\/\/secure.gravatar.com\/avatar\/eabba89a432e8eaa1b0207cc55f7e5340b22712b1ed80677efcf63e02ff5b235?s=96&d=mm&r=g","contentUrl":"https:\/\/secure.gravatar.com\/avatar\/eabba89a432e8eaa1b0207cc55f7e5340b22712b1ed80677efcf63e02ff5b235?s=96&d=mm&r=g","caption":"admin"},"sameAs":["https:\/\/archiviocassano.lavocedelpaese.info"],"url":"https:\/\/archiviocassano.lavocedelpaese.info\/index.php\/author\/admin_0qgz1xdp\/"}]}},"_links":{"self":[{"href":"https:\/\/archiviocassano.lavocedelpaese.info\/index.php\/wp-json\/wp\/v2\/posts\/20019","targetHints":{"allow":["GET"]}}],"collection":[{"href":"https:\/\/archiviocassano.lavocedelpaese.info\/index.php\/wp-json\/wp\/v2\/posts"}],"about":[{"href":"https:\/\/archiviocassano.lavocedelpaese.info\/index.php\/wp-json\/wp\/v2\/types\/post"}],"author":[{"embeddable":true,"href":"https:\/\/archiviocassano.lavocedelpaese.info\/index.php\/wp-json\/wp\/v2\/users\/1"}],"replies":[{"embeddable":true,"href":"https:\/\/archiviocassano.lavocedelpaese.info\/index.php\/wp-json\/wp\/v2\/comments?post=20019"}],"version-history":[{"count":0,"href":"https:\/\/archiviocassano.lavocedelpaese.info\/index.php\/wp-json\/wp\/v2\/posts\/20019\/revisions"}],"wp:featuredmedia":[{"embeddable":true,"href":"https:\/\/archiviocassano.lavocedelpaese.info\/index.php\/wp-json\/wp\/v2\/media\/20017"}],"wp:attachment":[{"href":"https:\/\/archiviocassano.lavocedelpaese.info\/index.php\/wp-json\/wp\/v2\/media?parent=20019"}],"wp:term":[{"taxonomy":"category","embeddable":true,"href":"https:\/\/archiviocassano.lavocedelpaese.info\/index.php\/wp-json\/wp\/v2\/categories?post=20019"},{"taxonomy":"post_tag","embeddable":true,"href":"https:\/\/archiviocassano.lavocedelpaese.info\/index.php\/wp-json\/wp\/v2\/tags?post=20019"}],"curies":[{"name":"wp","href":"https:\/\/api.w.org\/{rel}","templated":true}]}}