{"id":20060,"date":"2022-09-12T16:56:38","date_gmt":"2022-09-12T16:56:38","guid":{"rendered":"https:\/\/archiviocassano.lavocedelpaese.info\/index.php\/2022\/09\/12\/disagi-allesterno-delle-scuole-qcassano-avantiq-interroga-del-re\/"},"modified":"2022-09-12T16:56:38","modified_gmt":"2022-09-12T16:56:38","slug":"disagi-allesterno-delle-scuole-qcassano-avantiq-interroga-del-re","status":"publish","type":"post","link":"https:\/\/archiviocassano.lavocedelpaese.info\/index.php\/2022\/09\/12\/disagi-allesterno-delle-scuole-qcassano-avantiq-interroga-del-re\/","title":{"rendered":"Disagi all&#8217;esterno delle scuole, &#8220;Cassano Avanti&#8221; interroga Del Re"},"content":{"rendered":"<p><img loading=\"lazy\" decoding=\"async\" class=\" size-full wp-image-20059\" src=\"https:\/\/archiviocassano.lavocedelpaese.info\/wp-content\/uploads\/2022\/09\/scuole-bambini-attraversamento-strisce-pedonali-75820.jpg\" width=\"320\" height=\"150\" alt=\"scuole-bambini-attraversamento-strisce-pedonali-75820\" style=\"margin-right: 2px; margin-left: 2px;\" \/><\/p>\n<p><!--more--><\/p>\n<p style=\"text-align: justify;\"><em>Disagi, questa mattina, all&#8217;entrata ed all&#8217;uscita di alcuni plessi scolastici di Cassano delle Murge, nel primo giorno di scuola dell&#8217;anno 2022\/2023.<\/em><\/p>\n<p style=\"text-align: justify;\"><em>Lo denunciano in una nota-interrogazione i Consiglieri Comunali di minoranza che rivolgono al Sindaco Davide Del Re la richiesta di predisporre gi\u00e0 nella giornata di domani adeguate misure di sicurezza e controllo all&#8217;esterno delle scuole, negli orari di ingresso e uscita di alunni e studenti. <\/em><\/p>\n<p style=\"text-align: justify;\"><em>Questo il testo della interrogazione urgente:<\/em><\/p>\n<p style=\"text-align: justify;\"><em>&nbsp;<\/em><\/p>\n<p style=\"text-align: justify;\">&nbsp;<\/p>\n<p><em><strong>Oggetto: Interpellanza ex art. 40 Reg. Comunale &#8211; Personale addetto alla sicurezza presso le sedi scolastiche<\/strong><\/em><\/p>\n<p><em>Egr. Sindaco,<\/em><\/p>\n<p>in data odierna ha avuto inizio il nuovo anno scolastico 2022\\2023 caratterizzato dal ritorno a quella normalit\u00e0 che la pandemia aveva sottratto ai nostri giovani concittadini. Le fredde e asettiche mascherine hanno finalmente lasciato spazio ad emozionanti sorrisi, sguardi gioiosi ed abbracci fraterni che ormai da tempo venivano, seppur giustamente, vietati agli studenti.<\/p>\n<p>Proprio lei si \u00e8 reso protagonista in questa importante giornata presenziando l\u2019ingresso degli studenti ed inviando messaggi di benvenuto che hanno molto il sapore dei soliti proclami e poco di cose concrete utili alla collettivit\u00e0.<\/p>\n<p>Eppure oggi, nonostante dovesse essere un giorno di festa per tutti, abbiamo registrato le facce molto meno sorridenti e gli sguardi piuttosto preoccupati di tutti quei genitori che, all\u2019entrata ed all\u2019uscita da scuola, hanno dovuto constatare che, al netto dei soliti convenevoli, nulla \u00e8 stato fatto per garantire quel minimo di sicurezza di cui i propri figli hanno il diritto.<\/p>\n<p>In tanti, infatti, hanno lamentato l\u2019assoluta mancanza di personale addetto alla sicurezza che vigilasse il traffico veicolare e che rendesse sicuro il flusso dei piccoli studenti. Ed allora nonni e genitori, sotto gli occhi inermi di molti amministratori sempre presenti in rassegna, hanno dovuto barcamenarsi tra auto in divieto di sosta ed automobilisti in difficolt\u00e0 per i nuovi sensi di marcia (vedasi via Peucetia e via Gramsci) rischiando letteralmente la pelle anche in considerazione dell\u2019eliminazione degli ingressi scaglionati che ha portato l\u2019afflusso di gente presso i plessi scolastici ai livelli pre &#8211; pandemia.<\/p>\n<p>Una situazione a dir poco \u201ckafkiana\u201d che solo per l\u2019alto senso di adattamento dei nostri concittadini ed una buona dose di fortuna non si \u00e8 tramutata in tragedia.<\/p>\n<p>Un episodio di una gravit\u00e0 incommensurabile, che pone Lei, Signor Sindaco, nella posizione di dover dare spiegazioni alla citt\u00e0 in primis, ed in secondo luogo a questo Gruppo che, con la presente, esige venire a conoscenza di quali siano le motivazioni che hanno creato una cos\u00ec grave situazione e cosa si intende fare affinch\u00e9, GIA DA DOMANI, tale crisi nel suo sistema di sicurezza non si verifichi pi\u00f9.<\/p>\n<p>Considerata la gravit\u00e0 del problema venutosi a creare e l\u2019imminente esigenza di porre rimedio gi\u00e0 dalla giornata di domani, si richiede urgente risposta che non consideri i tempi biblici previsti dal Regolamento.<\/p>\n<p>&nbsp;<\/p>\n<p><em>Cassano delle Murge, 12.09.2022<\/em><\/p>\n<p style=\"text-align: right;\"><em><strong>In fede i Consiglieri Comunali del Gruppo \u201cCassano Avanti\u201d<\/strong><\/em><\/p>\n<p style=\"text-align: right;\"><em><strong>Francesco Cavalluzzi&nbsp;&nbsp;<\/strong><\/em><\/p>\n<p style=\"text-align: right;\"><em><strong><\/strong><strong>Raffaella Casamassima<\/strong><\/em><\/p>\n<p style=\"text-align: right;\"><em><strong>Angelo Giustino<\/strong><\/em><\/p>\n<p style=\"text-align: right;\"><em><strong>Annamaria Caprio&nbsp;&nbsp;<\/strong><\/em><\/p>\n<p style=\"text-align: right;\"><em><strong>Maria Pia D\u2019Ambrosio<\/strong><\/em><\/p>\n<p style=\"text-align: right;\"><em><em><strong>&nbsp;<\/strong><\/em><\/em><\/p>\n<p style=\"text-align: justify;\"><em><em><em>Foto di archivio<\/em><\/em><\/em><\/p>\n<p>&nbsp;<\/p>\n<p>&nbsp;<\/p>\n<p style=\"text-align: right;\">&nbsp;<\/p>\n","protected":false},"excerpt":{"rendered":"","protected":false},"author":1,"featured_media":20059,"comment_status":"open","ping_status":"closed","sticky":false,"template":"","format":"standard","meta":{"colormag_page_container_layout":"default_layout","colormag_page_sidebar_layout":"default_layout","footnotes":""},"categories":[8],"tags":[],"class_list":["post-20060","post","type-post","status-publish","format-standard","has-post-thumbnail","hentry","category-cronaca"],"yoast_head":"<!-- This site is optimized with the Yoast SEO plugin v27.5 - https:\/\/yoast.com\/product\/yoast-seo-wordpress\/ -->\n<title>Disagi all&#039;esterno delle scuole, &quot;Cassano Avanti&quot; interroga Del Re - Archivio CassanoWeb<\/title>\n<meta name=\"robots\" content=\"index, follow, max-snippet:-1, max-image-preview:large, max-video-preview:-1\" \/>\n<link rel=\"canonical\" href=\"https:\/\/archiviocassano.lavocedelpaese.info\/index.php\/2022\/09\/12\/disagi-allesterno-delle-scuole-qcassano-avantiq-interroga-del-re\/\" \/>\n<meta property=\"og:locale\" content=\"it_IT\" \/>\n<meta property=\"og:type\" content=\"article\" \/>\n<meta property=\"og:title\" content=\"Disagi all&#039;esterno delle scuole, &quot;Cassano Avanti&quot; interroga Del Re - Archivio CassanoWeb\" \/>\n<meta property=\"og:url\" content=\"https:\/\/archiviocassano.lavocedelpaese.info\/index.php\/2022\/09\/12\/disagi-allesterno-delle-scuole-qcassano-avantiq-interroga-del-re\/\" \/>\n<meta property=\"og:site_name\" content=\"Archivio CassanoWeb\" \/>\n<meta property=\"article:publisher\" content=\"https:\/\/www.facebook.com\/redazione.cassanoweb\" \/>\n<meta property=\"article:published_time\" content=\"2022-09-12T16:56:38+00:00\" \/>\n<meta property=\"og:image\" content=\"https:\/\/archiviocassano.lavocedelpaese.info\/wp-content\/uploads\/2022\/09\/scuole-bambini-attraversamento-strisce-pedonali-75820.jpg\" \/>\n\t<meta property=\"og:image:width\" content=\"1024\" \/>\n\t<meta property=\"og:image:height\" content=\"767\" \/>\n\t<meta property=\"og:image:type\" content=\"image\/jpeg\" \/>\n<meta name=\"author\" content=\"admin\" \/>\n<meta name=\"twitter:card\" content=\"summary_large_image\" \/>\n<meta name=\"twitter:label1\" content=\"Scritto da\" \/>\n\t<meta name=\"twitter:data1\" content=\"admin\" \/>\n\t<meta name=\"twitter:label2\" content=\"Tempo di lettura stimato\" \/>\n\t<meta name=\"twitter:data2\" content=\"2 minuti\" \/>\n<script type=\"application\/ld+json\" class=\"yoast-schema-graph\">{\"@context\":\"https:\\\/\\\/schema.org\",\"@graph\":[{\"@type\":\"Article\",\"@id\":\"https:\\\/\\\/archiviocassano.lavocedelpaese.info\\\/index.php\\\/2022\\\/09\\\/12\\\/disagi-allesterno-delle-scuole-qcassano-avantiq-interroga-del-re\\\/#article\",\"isPartOf\":{\"@id\":\"https:\\\/\\\/archiviocassano.lavocedelpaese.info\\\/index.php\\\/2022\\\/09\\\/12\\\/disagi-allesterno-delle-scuole-qcassano-avantiq-interroga-del-re\\\/\"},\"author\":{\"name\":\"admin\",\"@id\":\"https:\\\/\\\/archiviocassano.lavocedelpaese.info\\\/#\\\/schema\\\/person\\\/df195bc79a9b4c35127cf005f92e041b\"},\"headline\":\"Disagi all&#8217;esterno delle scuole, &#8220;Cassano Avanti&#8221; interroga Del Re\",\"datePublished\":\"2022-09-12T16:56:38+00:00\",\"mainEntityOfPage\":{\"@id\":\"https:\\\/\\\/archiviocassano.lavocedelpaese.info\\\/index.php\\\/2022\\\/09\\\/12\\\/disagi-allesterno-delle-scuole-qcassano-avantiq-interroga-del-re\\\/\"},\"wordCount\":513,\"commentCount\":0,\"publisher\":{\"@id\":\"https:\\\/\\\/archiviocassano.lavocedelpaese.info\\\/#organization\"},\"image\":{\"@id\":\"https:\\\/\\\/archiviocassano.lavocedelpaese.info\\\/index.php\\\/2022\\\/09\\\/12\\\/disagi-allesterno-delle-scuole-qcassano-avantiq-interroga-del-re\\\/#primaryimage\"},\"thumbnailUrl\":\"https:\\\/\\\/archiviocassano.lavocedelpaese.info\\\/wp-content\\\/uploads\\\/2022\\\/09\\\/scuole-bambini-attraversamento-strisce-pedonali-75820.jpg\",\"articleSection\":[\"Cronaca\"],\"inLanguage\":\"it-IT\",\"potentialAction\":[{\"@type\":\"CommentAction\",\"name\":\"Comment\",\"target\":[\"https:\\\/\\\/archiviocassano.lavocedelpaese.info\\\/index.php\\\/2022\\\/09\\\/12\\\/disagi-allesterno-delle-scuole-qcassano-avantiq-interroga-del-re\\\/#respond\"]}]},{\"@type\":\"WebPage\",\"@id\":\"https:\\\/\\\/archiviocassano.lavocedelpaese.info\\\/index.php\\\/2022\\\/09\\\/12\\\/disagi-allesterno-delle-scuole-qcassano-avantiq-interroga-del-re\\\/\",\"url\":\"https:\\\/\\\/archiviocassano.lavocedelpaese.info\\\/index.php\\\/2022\\\/09\\\/12\\\/disagi-allesterno-delle-scuole-qcassano-avantiq-interroga-del-re\\\/\",\"name\":\"Disagi all'esterno delle scuole, \\\"Cassano Avanti\\\" interroga Del Re - Archivio CassanoWeb\",\"isPartOf\":{\"@id\":\"https:\\\/\\\/archiviocassano.lavocedelpaese.info\\\/#website\"},\"primaryImageOfPage\":{\"@id\":\"https:\\\/\\\/archiviocassano.lavocedelpaese.info\\\/index.php\\\/2022\\\/09\\\/12\\\/disagi-allesterno-delle-scuole-qcassano-avantiq-interroga-del-re\\\/#primaryimage\"},\"image\":{\"@id\":\"https:\\\/\\\/archiviocassano.lavocedelpaese.info\\\/index.php\\\/2022\\\/09\\\/12\\\/disagi-allesterno-delle-scuole-qcassano-avantiq-interroga-del-re\\\/#primaryimage\"},\"thumbnailUrl\":\"https:\\\/\\\/archiviocassano.lavocedelpaese.info\\\/wp-content\\\/uploads\\\/2022\\\/09\\\/scuole-bambini-attraversamento-strisce-pedonali-75820.jpg\",\"datePublished\":\"2022-09-12T16:56:38+00:00\",\"breadcrumb\":{\"@id\":\"https:\\\/\\\/archiviocassano.lavocedelpaese.info\\\/index.php\\\/2022\\\/09\\\/12\\\/disagi-allesterno-delle-scuole-qcassano-avantiq-interroga-del-re\\\/#breadcrumb\"},\"inLanguage\":\"it-IT\",\"potentialAction\":[{\"@type\":\"ReadAction\",\"target\":[\"https:\\\/\\\/archiviocassano.lavocedelpaese.info\\\/index.php\\\/2022\\\/09\\\/12\\\/disagi-allesterno-delle-scuole-qcassano-avantiq-interroga-del-re\\\/\"]}]},{\"@type\":\"ImageObject\",\"inLanguage\":\"it-IT\",\"@id\":\"https:\\\/\\\/archiviocassano.lavocedelpaese.info\\\/index.php\\\/2022\\\/09\\\/12\\\/disagi-allesterno-delle-scuole-qcassano-avantiq-interroga-del-re\\\/#primaryimage\",\"url\":\"https:\\\/\\\/archiviocassano.lavocedelpaese.info\\\/wp-content\\\/uploads\\\/2022\\\/09\\\/scuole-bambini-attraversamento-strisce-pedonali-75820.jpg\",\"contentUrl\":\"https:\\\/\\\/archiviocassano.lavocedelpaese.info\\\/wp-content\\\/uploads\\\/2022\\\/09\\\/scuole-bambini-attraversamento-strisce-pedonali-75820.jpg\",\"width\":1024,\"height\":767,\"caption\":\"scuole-bambini-attraversamento-strisce-pedonali-75820\"},{\"@type\":\"BreadcrumbList\",\"@id\":\"https:\\\/\\\/archiviocassano.lavocedelpaese.info\\\/index.php\\\/2022\\\/09\\\/12\\\/disagi-allesterno-delle-scuole-qcassano-avantiq-interroga-del-re\\\/#breadcrumb\",\"itemListElement\":[{\"@type\":\"ListItem\",\"position\":1,\"name\":\"Home\",\"item\":\"https:\\\/\\\/archiviocassano.lavocedelpaese.info\\\/\"},{\"@type\":\"ListItem\",\"position\":2,\"name\":\"Disagi all&#8217;esterno delle scuole, &#8220;Cassano Avanti&#8221; interroga Del Re\"}]},{\"@type\":\"WebSite\",\"@id\":\"https:\\\/\\\/archiviocassano.lavocedelpaese.info\\\/#website\",\"url\":\"https:\\\/\\\/archiviocassano.lavocedelpaese.info\\\/\",\"name\":\"Archivio CassanoWeb\",\"description\":\"La Voce del Paese - un network di idee\",\"publisher\":{\"@id\":\"https:\\\/\\\/archiviocassano.lavocedelpaese.info\\\/#organization\"},\"potentialAction\":[{\"@type\":\"SearchAction\",\"target\":{\"@type\":\"EntryPoint\",\"urlTemplate\":\"https:\\\/\\\/archiviocassano.lavocedelpaese.info\\\/?s={search_term_string}\"},\"query-input\":{\"@type\":\"PropertyValueSpecification\",\"valueRequired\":true,\"valueName\":\"search_term_string\"}}],\"inLanguage\":\"it-IT\"},{\"@type\":\"Organization\",\"@id\":\"https:\\\/\\\/archiviocassano.lavocedelpaese.info\\\/#organization\",\"name\":\"Archivio CassanoWeb\",\"url\":\"https:\\\/\\\/archiviocassano.lavocedelpaese.info\\\/\",\"logo\":{\"@type\":\"ImageObject\",\"inLanguage\":\"it-IT\",\"@id\":\"https:\\\/\\\/archiviocassano.lavocedelpaese.info\\\/#\\\/schema\\\/logo\\\/image\\\/\",\"url\":\"https:\\\/\\\/archiviocassano.lavocedelpaese.info\\\/wp-content\\\/uploads\\\/2024\\\/08\\\/logo-rosso-2.png\",\"contentUrl\":\"https:\\\/\\\/archiviocassano.lavocedelpaese.info\\\/wp-content\\\/uploads\\\/2024\\\/08\\\/logo-rosso-2.png\",\"width\":491,\"height\":432,\"caption\":\"Archivio CassanoWeb\"},\"image\":{\"@id\":\"https:\\\/\\\/archiviocassano.lavocedelpaese.info\\\/#\\\/schema\\\/logo\\\/image\\\/\"},\"sameAs\":[\"https:\\\/\\\/www.facebook.com\\\/redazione.cassanoweb\"]},{\"@type\":\"Person\",\"@id\":\"https:\\\/\\\/archiviocassano.lavocedelpaese.info\\\/#\\\/schema\\\/person\\\/df195bc79a9b4c35127cf005f92e041b\",\"name\":\"admin\",\"image\":{\"@type\":\"ImageObject\",\"inLanguage\":\"it-IT\",\"@id\":\"https:\\\/\\\/secure.gravatar.com\\\/avatar\\\/eabba89a432e8eaa1b0207cc55f7e5340b22712b1ed80677efcf63e02ff5b235?s=96&d=mm&r=g\",\"url\":\"https:\\\/\\\/secure.gravatar.com\\\/avatar\\\/eabba89a432e8eaa1b0207cc55f7e5340b22712b1ed80677efcf63e02ff5b235?s=96&d=mm&r=g\",\"contentUrl\":\"https:\\\/\\\/secure.gravatar.com\\\/avatar\\\/eabba89a432e8eaa1b0207cc55f7e5340b22712b1ed80677efcf63e02ff5b235?s=96&d=mm&r=g\",\"caption\":\"admin\"},\"sameAs\":[\"https:\\\/\\\/archiviocassano.lavocedelpaese.info\"],\"url\":\"https:\\\/\\\/archiviocassano.lavocedelpaese.info\\\/index.php\\\/author\\\/admin_0qgz1xdp\\\/\"}]}<\/script>\n<!-- \/ Yoast SEO plugin. -->","yoast_head_json":{"title":"Disagi all'esterno delle scuole, \"Cassano Avanti\" interroga Del Re - Archivio CassanoWeb","robots":{"index":"index","follow":"follow","max-snippet":"max-snippet:-1","max-image-preview":"max-image-preview:large","max-video-preview":"max-video-preview:-1"},"canonical":"https:\/\/archiviocassano.lavocedelpaese.info\/index.php\/2022\/09\/12\/disagi-allesterno-delle-scuole-qcassano-avantiq-interroga-del-re\/","og_locale":"it_IT","og_type":"article","og_title":"Disagi all'esterno delle scuole, \"Cassano Avanti\" interroga Del Re - Archivio CassanoWeb","og_url":"https:\/\/archiviocassano.lavocedelpaese.info\/index.php\/2022\/09\/12\/disagi-allesterno-delle-scuole-qcassano-avantiq-interroga-del-re\/","og_site_name":"Archivio CassanoWeb","article_publisher":"https:\/\/www.facebook.com\/redazione.cassanoweb","article_published_time":"2022-09-12T16:56:38+00:00","og_image":[{"width":1024,"height":767,"url":"https:\/\/archiviocassano.lavocedelpaese.info\/wp-content\/uploads\/2022\/09\/scuole-bambini-attraversamento-strisce-pedonali-75820.jpg","type":"image\/jpeg"}],"author":"admin","twitter_card":"summary_large_image","twitter_misc":{"Scritto da":"admin","Tempo di lettura stimato":"2 minuti"},"schema":{"@context":"https:\/\/schema.org","@graph":[{"@type":"Article","@id":"https:\/\/archiviocassano.lavocedelpaese.info\/index.php\/2022\/09\/12\/disagi-allesterno-delle-scuole-qcassano-avantiq-interroga-del-re\/#article","isPartOf":{"@id":"https:\/\/archiviocassano.lavocedelpaese.info\/index.php\/2022\/09\/12\/disagi-allesterno-delle-scuole-qcassano-avantiq-interroga-del-re\/"},"author":{"name":"admin","@id":"https:\/\/archiviocassano.lavocedelpaese.info\/#\/schema\/person\/df195bc79a9b4c35127cf005f92e041b"},"headline":"Disagi all&#8217;esterno delle scuole, &#8220;Cassano Avanti&#8221; interroga Del Re","datePublished":"2022-09-12T16:56:38+00:00","mainEntityOfPage":{"@id":"https:\/\/archiviocassano.lavocedelpaese.info\/index.php\/2022\/09\/12\/disagi-allesterno-delle-scuole-qcassano-avantiq-interroga-del-re\/"},"wordCount":513,"commentCount":0,"publisher":{"@id":"https:\/\/archiviocassano.lavocedelpaese.info\/#organization"},"image":{"@id":"https:\/\/archiviocassano.lavocedelpaese.info\/index.php\/2022\/09\/12\/disagi-allesterno-delle-scuole-qcassano-avantiq-interroga-del-re\/#primaryimage"},"thumbnailUrl":"https:\/\/archiviocassano.lavocedelpaese.info\/wp-content\/uploads\/2022\/09\/scuole-bambini-attraversamento-strisce-pedonali-75820.jpg","articleSection":["Cronaca"],"inLanguage":"it-IT","potentialAction":[{"@type":"CommentAction","name":"Comment","target":["https:\/\/archiviocassano.lavocedelpaese.info\/index.php\/2022\/09\/12\/disagi-allesterno-delle-scuole-qcassano-avantiq-interroga-del-re\/#respond"]}]},{"@type":"WebPage","@id":"https:\/\/archiviocassano.lavocedelpaese.info\/index.php\/2022\/09\/12\/disagi-allesterno-delle-scuole-qcassano-avantiq-interroga-del-re\/","url":"https:\/\/archiviocassano.lavocedelpaese.info\/index.php\/2022\/09\/12\/disagi-allesterno-delle-scuole-qcassano-avantiq-interroga-del-re\/","name":"Disagi all'esterno delle scuole, \"Cassano Avanti\" interroga Del Re - Archivio CassanoWeb","isPartOf":{"@id":"https:\/\/archiviocassano.lavocedelpaese.info\/#website"},"primaryImageOfPage":{"@id":"https:\/\/archiviocassano.lavocedelpaese.info\/index.php\/2022\/09\/12\/disagi-allesterno-delle-scuole-qcassano-avantiq-interroga-del-re\/#primaryimage"},"image":{"@id":"https:\/\/archiviocassano.lavocedelpaese.info\/index.php\/2022\/09\/12\/disagi-allesterno-delle-scuole-qcassano-avantiq-interroga-del-re\/#primaryimage"},"thumbnailUrl":"https:\/\/archiviocassano.lavocedelpaese.info\/wp-content\/uploads\/2022\/09\/scuole-bambini-attraversamento-strisce-pedonali-75820.jpg","datePublished":"2022-09-12T16:56:38+00:00","breadcrumb":{"@id":"https:\/\/archiviocassano.lavocedelpaese.info\/index.php\/2022\/09\/12\/disagi-allesterno-delle-scuole-qcassano-avantiq-interroga-del-re\/#breadcrumb"},"inLanguage":"it-IT","potentialAction":[{"@type":"ReadAction","target":["https:\/\/archiviocassano.lavocedelpaese.info\/index.php\/2022\/09\/12\/disagi-allesterno-delle-scuole-qcassano-avantiq-interroga-del-re\/"]}]},{"@type":"ImageObject","inLanguage":"it-IT","@id":"https:\/\/archiviocassano.lavocedelpaese.info\/index.php\/2022\/09\/12\/disagi-allesterno-delle-scuole-qcassano-avantiq-interroga-del-re\/#primaryimage","url":"https:\/\/archiviocassano.lavocedelpaese.info\/wp-content\/uploads\/2022\/09\/scuole-bambini-attraversamento-strisce-pedonali-75820.jpg","contentUrl":"https:\/\/archiviocassano.lavocedelpaese.info\/wp-content\/uploads\/2022\/09\/scuole-bambini-attraversamento-strisce-pedonali-75820.jpg","width":1024,"height":767,"caption":"scuole-bambini-attraversamento-strisce-pedonali-75820"},{"@type":"BreadcrumbList","@id":"https:\/\/archiviocassano.lavocedelpaese.info\/index.php\/2022\/09\/12\/disagi-allesterno-delle-scuole-qcassano-avantiq-interroga-del-re\/#breadcrumb","itemListElement":[{"@type":"ListItem","position":1,"name":"Home","item":"https:\/\/archiviocassano.lavocedelpaese.info\/"},{"@type":"ListItem","position":2,"name":"Disagi all&#8217;esterno delle scuole, &#8220;Cassano Avanti&#8221; interroga Del Re"}]},{"@type":"WebSite","@id":"https:\/\/archiviocassano.lavocedelpaese.info\/#website","url":"https:\/\/archiviocassano.lavocedelpaese.info\/","name":"Archivio CassanoWeb","description":"La Voce del Paese - un network di idee","publisher":{"@id":"https:\/\/archiviocassano.lavocedelpaese.info\/#organization"},"potentialAction":[{"@type":"SearchAction","target":{"@type":"EntryPoint","urlTemplate":"https:\/\/archiviocassano.lavocedelpaese.info\/?s={search_term_string}"},"query-input":{"@type":"PropertyValueSpecification","valueRequired":true,"valueName":"search_term_string"}}],"inLanguage":"it-IT"},{"@type":"Organization","@id":"https:\/\/archiviocassano.lavocedelpaese.info\/#organization","name":"Archivio CassanoWeb","url":"https:\/\/archiviocassano.lavocedelpaese.info\/","logo":{"@type":"ImageObject","inLanguage":"it-IT","@id":"https:\/\/archiviocassano.lavocedelpaese.info\/#\/schema\/logo\/image\/","url":"https:\/\/archiviocassano.lavocedelpaese.info\/wp-content\/uploads\/2024\/08\/logo-rosso-2.png","contentUrl":"https:\/\/archiviocassano.lavocedelpaese.info\/wp-content\/uploads\/2024\/08\/logo-rosso-2.png","width":491,"height":432,"caption":"Archivio CassanoWeb"},"image":{"@id":"https:\/\/archiviocassano.lavocedelpaese.info\/#\/schema\/logo\/image\/"},"sameAs":["https:\/\/www.facebook.com\/redazione.cassanoweb"]},{"@type":"Person","@id":"https:\/\/archiviocassano.lavocedelpaese.info\/#\/schema\/person\/df195bc79a9b4c35127cf005f92e041b","name":"admin","image":{"@type":"ImageObject","inLanguage":"it-IT","@id":"https:\/\/secure.gravatar.com\/avatar\/eabba89a432e8eaa1b0207cc55f7e5340b22712b1ed80677efcf63e02ff5b235?s=96&d=mm&r=g","url":"https:\/\/secure.gravatar.com\/avatar\/eabba89a432e8eaa1b0207cc55f7e5340b22712b1ed80677efcf63e02ff5b235?s=96&d=mm&r=g","contentUrl":"https:\/\/secure.gravatar.com\/avatar\/eabba89a432e8eaa1b0207cc55f7e5340b22712b1ed80677efcf63e02ff5b235?s=96&d=mm&r=g","caption":"admin"},"sameAs":["https:\/\/archiviocassano.lavocedelpaese.info"],"url":"https:\/\/archiviocassano.lavocedelpaese.info\/index.php\/author\/admin_0qgz1xdp\/"}]}},"_links":{"self":[{"href":"https:\/\/archiviocassano.lavocedelpaese.info\/index.php\/wp-json\/wp\/v2\/posts\/20060","targetHints":{"allow":["GET"]}}],"collection":[{"href":"https:\/\/archiviocassano.lavocedelpaese.info\/index.php\/wp-json\/wp\/v2\/posts"}],"about":[{"href":"https:\/\/archiviocassano.lavocedelpaese.info\/index.php\/wp-json\/wp\/v2\/types\/post"}],"author":[{"embeddable":true,"href":"https:\/\/archiviocassano.lavocedelpaese.info\/index.php\/wp-json\/wp\/v2\/users\/1"}],"replies":[{"embeddable":true,"href":"https:\/\/archiviocassano.lavocedelpaese.info\/index.php\/wp-json\/wp\/v2\/comments?post=20060"}],"version-history":[{"count":0,"href":"https:\/\/archiviocassano.lavocedelpaese.info\/index.php\/wp-json\/wp\/v2\/posts\/20060\/revisions"}],"wp:featuredmedia":[{"embeddable":true,"href":"https:\/\/archiviocassano.lavocedelpaese.info\/index.php\/wp-json\/wp\/v2\/media\/20059"}],"wp:attachment":[{"href":"https:\/\/archiviocassano.lavocedelpaese.info\/index.php\/wp-json\/wp\/v2\/media?parent=20060"}],"wp:term":[{"taxonomy":"category","embeddable":true,"href":"https:\/\/archiviocassano.lavocedelpaese.info\/index.php\/wp-json\/wp\/v2\/categories?post=20060"},{"taxonomy":"post_tag","embeddable":true,"href":"https:\/\/archiviocassano.lavocedelpaese.info\/index.php\/wp-json\/wp\/v2\/tags?post=20060"}],"curies":[{"name":"wp","href":"https:\/\/api.w.org\/{rel}","templated":true}]}}