{"id":20146,"date":"2022-10-01T15:26:46","date_gmt":"2022-10-01T15:26:46","guid":{"rendered":"https:\/\/archiviocassano.lavocedelpaese.info\/index.php\/2022\/10\/01\/festa-patronale-2022-presentato-il-bilancio-soddisfatto-il-comitato-qe-stata-una-grande-festaq\/"},"modified":"2022-10-01T15:26:46","modified_gmt":"2022-10-01T15:26:46","slug":"festa-patronale-2022-presentato-il-bilancio-soddisfatto-il-comitato-qe-stata-una-grande-festaq","status":"publish","type":"post","link":"https:\/\/archiviocassano.lavocedelpaese.info\/index.php\/2022\/10\/01\/festa-patronale-2022-presentato-il-bilancio-soddisfatto-il-comitato-qe-stata-una-grande-festaq\/","title":{"rendered":"Festa Patronale 2022: presentato il bilancio"},"content":{"rendered":"<p><img loading=\"lazy\" decoding=\"async\" class=\" size-full wp-image-20144\" src=\"https:\/\/archiviocassano.lavocedelpaese.info\/wp-content\/uploads\/2022\/10\/IMG20220930200110_1_1.jpg\" width=\"320\" height=\"150\" alt=\"IMG20220930200110 1 1\" style=\"margin-right: 2px; margin-left: 2px;\" \/><\/p>\n<p><!--more--><\/p>\n<p>\u00c8 positivo il bilancio della Festa Patronale 2022, sia dal punto di vista religioso e sociale che economico in senso stretto.<\/p>\n<p>Ieri \u00e8 stato presentato a cura del Comitato Festa Patronale presieduto dal parroco della Chiesa Madre don Francesco Gramegna presso l\u2019Oratorio \u201cSanta Maria Assunta\u201d alla presenza di numerosi cittadini e fedeli.<\/p>\n<p><i>\u201cI numeri non rendono merito del tempo \u201cdonato\u201d, delle riflessioni, dei rapporti instaurati mentre si prepara una festa<\/i> &#8211; ha detto don Francesco &#8211; <i>I numeri non hanno anima, perci\u00f2 \u00e8 importante richiamare le scelte fatte: queste mettono in evidenza ci\u00f2 che sta a cuore e quindi motiva le decisioni operate. Il bilancio complessivo della festa come appuntamento religioso e civile \u00e8 positivo. Il Comitato \u00e8 soddisfatto dal suo operato e della festa offerta e vissuta dalla comunit\u00e0 tutta intera\u201d.<\/i><\/p>\n<p><i><\/i><i>&#8220;Le scelte per la festa 2022 <\/i>\u2013 ha aggiunto il Presidente \u2013 <i>sono state: il lancio del programma della festa nel giorno della \u201cMadonna de basce\u201d, la terza domenica di maggio; il programma \u201cvolutamente tradizionale\u201d del 2019 (pre pandemia ) come base di partenza; la cura della settimana che precede la festa: dalla novena sulla sinodalit\u00e0 al Convento (con la presidenza dei sacerdoti in cura d\u2019anime a Cassano) alla proposta del tempo per le confessioni per completare con le diverse manifestazioni (concerti, riconsegna del Crocifisso ligneo\u2026)\u201d<\/i> ovvero il cosiddetto \u201cProfumo della Festa\u201d che fa pregustare i giorni della Festa vera e propria;<\/p>\n<p>Ma anche una <i>\u201cattenzione alla fascia giovanile: con il torneo di calcetto, la serata-festa per i piccoli, il contest musicale per bande emergenti\u201d.<\/i><\/p>\n<p>Quindi un impegno per \u201ci portatori\u201d, le cosiddette \u201cmute\u201d che conducono la statua della Madonna degli Angeli durante i giorni di agosto: il Comitato ha \u201c<i>recuperato una attenzione al loro servizio ma soprattutto alle loro persone con la costituzione del gruppo dei portatori con incontri preliminari, i quali hanno offerto i giochi pirici: un \u201cgrazie\u201d a chi li coordina, Franco Carrasso\u201d, <\/i>ha detto don Francesco che lungo quest\u2019anno ha fatto s\u00ec che il Comitato Festa si adeguasse alle norme civili ed ecclesiastiche per poter operare al meglio.<\/p>\n<p>Non sono ovviamente mancati i punti critici, fatti rilevare dai presenti in sala e alcuni noti allo stesso Comitato: la comunicazione da migliorare, <i>\u201cla questua: un solo passaggio, poca interazione con i commercianti e le ditte presenti sul territorio (solo la lettera non basta). I componenti del comitato sono per lo pi\u00f9 lavoratori con un tempo limitato che spesso non coincide con gli orari pi\u00f9 opportuni per la questua\u201d<\/i>, ha sottolineato il Presidente, una maggiore organizzazione per chi segue la Messa in piazza Moro la sera del 3 agosto, l\u2019attenzione alle opere di carit\u00e0, un maggiore coinvolgimento di tutte le componenti delle Parrocchie, le criticit\u00e0 emerse dal dibattito anche se don Francesco ha voluto far emergere la presenza preziosa di tanti giovani a servizio della Festa, soprattutto provenienti dalla Parrocchia \u201cSanta Maria delle Grazie\u201d.<\/p>\n<p>Rinnovati i ringraziamenti all\u2019Amministrazione Comunale (ed ai sindaci Di Medio e Del Re), alla Polizia Locale ed ai Carabinieri nonch\u00e9 alla Protezione Civile ed a tutti i volontari, la Tesoriera del Comitato Dora Porreca ha illustrato i numeri della Festa.<\/p>\n<p>Il Bilancio economico reca un saldo attivo di 4.500 euro e questo grazie al \u201ctesoretto\u201d di quasi 9mila euro accumulato lo scorso anno.<\/p>\n<p>Le spese complessive sono state pari a poco pi\u00f9 di 49mila euro a fronte di 53mila e 800 euro di entrate.<\/p>\n<p>Nello schema in basso, fornito dal Comitato, la rendicontazione di dettaglio.<\/p>\n<p><i>\u201cCchiu\u2019 maggiore all\u2019uann ce vene!\u201d<\/i><\/p>\n<p><i><img loading=\"lazy\" decoding=\"async\" class=\" size-full wp-image-20145\" src=\"https:\/\/archiviocassano.lavocedelpaese.info\/wp-content\/uploads\/2022\/10\/BIL.PUBBL_.FESTA_PATRONALE_2022_page-0001.jpg\" width=\"700\" height=\"495\" alt=\"BIL.PUBBL.FESTA PATRONALE 2022 page-0001\" style=\"margin-right: 2px; margin-left: 2px;\" srcset=\"https:\/\/archiviocassano.lavocedelpaese.info\/wp-content\/uploads\/2022\/10\/BIL.PUBBL_.FESTA_PATRONALE_2022_page-0001.jpg 1755w, https:\/\/archiviocassano.lavocedelpaese.info\/wp-content\/uploads\/2022\/10\/BIL.PUBBL_.FESTA_PATRONALE_2022_page-0001-300x212.jpg 300w, https:\/\/archiviocassano.lavocedelpaese.info\/wp-content\/uploads\/2022\/10\/BIL.PUBBL_.FESTA_PATRONALE_2022_page-0001-1024x724.jpg 1024w, https:\/\/archiviocassano.lavocedelpaese.info\/wp-content\/uploads\/2022\/10\/BIL.PUBBL_.FESTA_PATRONALE_2022_page-0001-768x543.jpg 768w, https:\/\/archiviocassano.lavocedelpaese.info\/wp-content\/uploads\/2022\/10\/BIL.PUBBL_.FESTA_PATRONALE_2022_page-0001-1536x1086.jpg 1536w\" sizes=\"auto, (max-width: 700px) 100vw, 700px\" \/><\/i><\/p>\n<p>&nbsp;<\/p>\n","protected":false},"excerpt":{"rendered":"","protected":false},"author":1,"featured_media":20144,"comment_status":"open","ping_status":"closed","sticky":false,"template":"","format":"standard","meta":{"colormag_page_container_layout":"default_layout","colormag_page_sidebar_layout":"default_layout","footnotes":""},"categories":[7],"tags":[],"class_list":["post-20146","post","type-post","status-publish","format-standard","has-post-thumbnail","hentry","category-attualita"],"yoast_head":"<!-- This site is optimized with the Yoast SEO plugin v27.5 - https:\/\/yoast.com\/product\/yoast-seo-wordpress\/ -->\n<title>Festa Patronale 2022: presentato il bilancio - Archivio CassanoWeb<\/title>\n<meta name=\"robots\" content=\"index, follow, max-snippet:-1, max-image-preview:large, max-video-preview:-1\" \/>\n<link rel=\"canonical\" href=\"https:\/\/archiviocassano.lavocedelpaese.info\/index.php\/2022\/10\/01\/festa-patronale-2022-presentato-il-bilancio-soddisfatto-il-comitato-qe-stata-una-grande-festaq\/\" \/>\n<meta property=\"og:locale\" content=\"it_IT\" \/>\n<meta property=\"og:type\" content=\"article\" \/>\n<meta property=\"og:title\" content=\"Festa Patronale 2022: presentato il bilancio - Archivio CassanoWeb\" \/>\n<meta property=\"og:url\" content=\"https:\/\/archiviocassano.lavocedelpaese.info\/index.php\/2022\/10\/01\/festa-patronale-2022-presentato-il-bilancio-soddisfatto-il-comitato-qe-stata-una-grande-festaq\/\" \/>\n<meta property=\"og:site_name\" content=\"Archivio CassanoWeb\" \/>\n<meta property=\"article:publisher\" content=\"https:\/\/www.facebook.com\/redazione.cassanoweb\" \/>\n<meta property=\"article:published_time\" content=\"2022-10-01T15:26:46+00:00\" \/>\n<meta property=\"og:image\" content=\"https:\/\/archiviocassano.lavocedelpaese.info\/wp-content\/uploads\/2022\/10\/IMG20220930200110_1_1.jpg\" \/>\n\t<meta property=\"og:image:width\" content=\"600\" \/>\n\t<meta property=\"og:image:height\" content=\"257\" \/>\n\t<meta property=\"og:image:type\" content=\"image\/jpeg\" \/>\n<meta name=\"author\" content=\"admin\" \/>\n<meta name=\"twitter:card\" content=\"summary_large_image\" \/>\n<meta name=\"twitter:label1\" content=\"Scritto da\" \/>\n\t<meta name=\"twitter:data1\" content=\"admin\" \/>\n\t<meta name=\"twitter:label2\" content=\"Tempo di lettura stimato\" \/>\n\t<meta name=\"twitter:data2\" content=\"3 minuti\" \/>\n<script type=\"application\/ld+json\" class=\"yoast-schema-graph\">{\"@context\":\"https:\\\/\\\/schema.org\",\"@graph\":[{\"@type\":\"Article\",\"@id\":\"https:\\\/\\\/archiviocassano.lavocedelpaese.info\\\/index.php\\\/2022\\\/10\\\/01\\\/festa-patronale-2022-presentato-il-bilancio-soddisfatto-il-comitato-qe-stata-una-grande-festaq\\\/#article\",\"isPartOf\":{\"@id\":\"https:\\\/\\\/archiviocassano.lavocedelpaese.info\\\/index.php\\\/2022\\\/10\\\/01\\\/festa-patronale-2022-presentato-il-bilancio-soddisfatto-il-comitato-qe-stata-una-grande-festaq\\\/\"},\"author\":{\"name\":\"admin\",\"@id\":\"https:\\\/\\\/archiviocassano.lavocedelpaese.info\\\/#\\\/schema\\\/person\\\/df195bc79a9b4c35127cf005f92e041b\"},\"headline\":\"Festa Patronale 2022: presentato il bilancio\",\"datePublished\":\"2022-10-01T15:26:46+00:00\",\"mainEntityOfPage\":{\"@id\":\"https:\\\/\\\/archiviocassano.lavocedelpaese.info\\\/index.php\\\/2022\\\/10\\\/01\\\/festa-patronale-2022-presentato-il-bilancio-soddisfatto-il-comitato-qe-stata-una-grande-festaq\\\/\"},\"wordCount\":576,\"commentCount\":0,\"publisher\":{\"@id\":\"https:\\\/\\\/archiviocassano.lavocedelpaese.info\\\/#organization\"},\"image\":{\"@id\":\"https:\\\/\\\/archiviocassano.lavocedelpaese.info\\\/index.php\\\/2022\\\/10\\\/01\\\/festa-patronale-2022-presentato-il-bilancio-soddisfatto-il-comitato-qe-stata-una-grande-festaq\\\/#primaryimage\"},\"thumbnailUrl\":\"https:\\\/\\\/archiviocassano.lavocedelpaese.info\\\/wp-content\\\/uploads\\\/2022\\\/10\\\/IMG20220930200110_1_1.jpg\",\"articleSection\":[\"Attualit\u00e0\"],\"inLanguage\":\"it-IT\",\"potentialAction\":[{\"@type\":\"CommentAction\",\"name\":\"Comment\",\"target\":[\"https:\\\/\\\/archiviocassano.lavocedelpaese.info\\\/index.php\\\/2022\\\/10\\\/01\\\/festa-patronale-2022-presentato-il-bilancio-soddisfatto-il-comitato-qe-stata-una-grande-festaq\\\/#respond\"]}]},{\"@type\":\"WebPage\",\"@id\":\"https:\\\/\\\/archiviocassano.lavocedelpaese.info\\\/index.php\\\/2022\\\/10\\\/01\\\/festa-patronale-2022-presentato-il-bilancio-soddisfatto-il-comitato-qe-stata-una-grande-festaq\\\/\",\"url\":\"https:\\\/\\\/archiviocassano.lavocedelpaese.info\\\/index.php\\\/2022\\\/10\\\/01\\\/festa-patronale-2022-presentato-il-bilancio-soddisfatto-il-comitato-qe-stata-una-grande-festaq\\\/\",\"name\":\"Festa Patronale 2022: presentato il bilancio - Archivio CassanoWeb\",\"isPartOf\":{\"@id\":\"https:\\\/\\\/archiviocassano.lavocedelpaese.info\\\/#website\"},\"primaryImageOfPage\":{\"@id\":\"https:\\\/\\\/archiviocassano.lavocedelpaese.info\\\/index.php\\\/2022\\\/10\\\/01\\\/festa-patronale-2022-presentato-il-bilancio-soddisfatto-il-comitato-qe-stata-una-grande-festaq\\\/#primaryimage\"},\"image\":{\"@id\":\"https:\\\/\\\/archiviocassano.lavocedelpaese.info\\\/index.php\\\/2022\\\/10\\\/01\\\/festa-patronale-2022-presentato-il-bilancio-soddisfatto-il-comitato-qe-stata-una-grande-festaq\\\/#primaryimage\"},\"thumbnailUrl\":\"https:\\\/\\\/archiviocassano.lavocedelpaese.info\\\/wp-content\\\/uploads\\\/2022\\\/10\\\/IMG20220930200110_1_1.jpg\",\"datePublished\":\"2022-10-01T15:26:46+00:00\",\"breadcrumb\":{\"@id\":\"https:\\\/\\\/archiviocassano.lavocedelpaese.info\\\/index.php\\\/2022\\\/10\\\/01\\\/festa-patronale-2022-presentato-il-bilancio-soddisfatto-il-comitato-qe-stata-una-grande-festaq\\\/#breadcrumb\"},\"inLanguage\":\"it-IT\",\"potentialAction\":[{\"@type\":\"ReadAction\",\"target\":[\"https:\\\/\\\/archiviocassano.lavocedelpaese.info\\\/index.php\\\/2022\\\/10\\\/01\\\/festa-patronale-2022-presentato-il-bilancio-soddisfatto-il-comitato-qe-stata-una-grande-festaq\\\/\"]}]},{\"@type\":\"ImageObject\",\"inLanguage\":\"it-IT\",\"@id\":\"https:\\\/\\\/archiviocassano.lavocedelpaese.info\\\/index.php\\\/2022\\\/10\\\/01\\\/festa-patronale-2022-presentato-il-bilancio-soddisfatto-il-comitato-qe-stata-una-grande-festaq\\\/#primaryimage\",\"url\":\"https:\\\/\\\/archiviocassano.lavocedelpaese.info\\\/wp-content\\\/uploads\\\/2022\\\/10\\\/IMG20220930200110_1_1.jpg\",\"contentUrl\":\"https:\\\/\\\/archiviocassano.lavocedelpaese.info\\\/wp-content\\\/uploads\\\/2022\\\/10\\\/IMG20220930200110_1_1.jpg\",\"width\":600,\"height\":257,\"caption\":\"IMG20220930200110 1 1\"},{\"@type\":\"BreadcrumbList\",\"@id\":\"https:\\\/\\\/archiviocassano.lavocedelpaese.info\\\/index.php\\\/2022\\\/10\\\/01\\\/festa-patronale-2022-presentato-il-bilancio-soddisfatto-il-comitato-qe-stata-una-grande-festaq\\\/#breadcrumb\",\"itemListElement\":[{\"@type\":\"ListItem\",\"position\":1,\"name\":\"Home\",\"item\":\"https:\\\/\\\/archiviocassano.lavocedelpaese.info\\\/\"},{\"@type\":\"ListItem\",\"position\":2,\"name\":\"Festa Patronale 2022: presentato il bilancio\"}]},{\"@type\":\"WebSite\",\"@id\":\"https:\\\/\\\/archiviocassano.lavocedelpaese.info\\\/#website\",\"url\":\"https:\\\/\\\/archiviocassano.lavocedelpaese.info\\\/\",\"name\":\"Archivio CassanoWeb\",\"description\":\"La Voce del Paese - un network di idee\",\"publisher\":{\"@id\":\"https:\\\/\\\/archiviocassano.lavocedelpaese.info\\\/#organization\"},\"potentialAction\":[{\"@type\":\"SearchAction\",\"target\":{\"@type\":\"EntryPoint\",\"urlTemplate\":\"https:\\\/\\\/archiviocassano.lavocedelpaese.info\\\/?s={search_term_string}\"},\"query-input\":{\"@type\":\"PropertyValueSpecification\",\"valueRequired\":true,\"valueName\":\"search_term_string\"}}],\"inLanguage\":\"it-IT\"},{\"@type\":\"Organization\",\"@id\":\"https:\\\/\\\/archiviocassano.lavocedelpaese.info\\\/#organization\",\"name\":\"Archivio CassanoWeb\",\"url\":\"https:\\\/\\\/archiviocassano.lavocedelpaese.info\\\/\",\"logo\":{\"@type\":\"ImageObject\",\"inLanguage\":\"it-IT\",\"@id\":\"https:\\\/\\\/archiviocassano.lavocedelpaese.info\\\/#\\\/schema\\\/logo\\\/image\\\/\",\"url\":\"https:\\\/\\\/archiviocassano.lavocedelpaese.info\\\/wp-content\\\/uploads\\\/2024\\\/08\\\/logo-rosso-2.png\",\"contentUrl\":\"https:\\\/\\\/archiviocassano.lavocedelpaese.info\\\/wp-content\\\/uploads\\\/2024\\\/08\\\/logo-rosso-2.png\",\"width\":491,\"height\":432,\"caption\":\"Archivio CassanoWeb\"},\"image\":{\"@id\":\"https:\\\/\\\/archiviocassano.lavocedelpaese.info\\\/#\\\/schema\\\/logo\\\/image\\\/\"},\"sameAs\":[\"https:\\\/\\\/www.facebook.com\\\/redazione.cassanoweb\"]},{\"@type\":\"Person\",\"@id\":\"https:\\\/\\\/archiviocassano.lavocedelpaese.info\\\/#\\\/schema\\\/person\\\/df195bc79a9b4c35127cf005f92e041b\",\"name\":\"admin\",\"image\":{\"@type\":\"ImageObject\",\"inLanguage\":\"it-IT\",\"@id\":\"https:\\\/\\\/secure.gravatar.com\\\/avatar\\\/eabba89a432e8eaa1b0207cc55f7e5340b22712b1ed80677efcf63e02ff5b235?s=96&d=mm&r=g\",\"url\":\"https:\\\/\\\/secure.gravatar.com\\\/avatar\\\/eabba89a432e8eaa1b0207cc55f7e5340b22712b1ed80677efcf63e02ff5b235?s=96&d=mm&r=g\",\"contentUrl\":\"https:\\\/\\\/secure.gravatar.com\\\/avatar\\\/eabba89a432e8eaa1b0207cc55f7e5340b22712b1ed80677efcf63e02ff5b235?s=96&d=mm&r=g\",\"caption\":\"admin\"},\"sameAs\":[\"https:\\\/\\\/archiviocassano.lavocedelpaese.info\"],\"url\":\"https:\\\/\\\/archiviocassano.lavocedelpaese.info\\\/index.php\\\/author\\\/admin_0qgz1xdp\\\/\"}]}<\/script>\n<!-- \/ Yoast SEO plugin. -->","yoast_head_json":{"title":"Festa Patronale 2022: presentato il bilancio - Archivio CassanoWeb","robots":{"index":"index","follow":"follow","max-snippet":"max-snippet:-1","max-image-preview":"max-image-preview:large","max-video-preview":"max-video-preview:-1"},"canonical":"https:\/\/archiviocassano.lavocedelpaese.info\/index.php\/2022\/10\/01\/festa-patronale-2022-presentato-il-bilancio-soddisfatto-il-comitato-qe-stata-una-grande-festaq\/","og_locale":"it_IT","og_type":"article","og_title":"Festa Patronale 2022: presentato il bilancio - Archivio CassanoWeb","og_url":"https:\/\/archiviocassano.lavocedelpaese.info\/index.php\/2022\/10\/01\/festa-patronale-2022-presentato-il-bilancio-soddisfatto-il-comitato-qe-stata-una-grande-festaq\/","og_site_name":"Archivio CassanoWeb","article_publisher":"https:\/\/www.facebook.com\/redazione.cassanoweb","article_published_time":"2022-10-01T15:26:46+00:00","og_image":[{"width":600,"height":257,"url":"https:\/\/archiviocassano.lavocedelpaese.info\/wp-content\/uploads\/2022\/10\/IMG20220930200110_1_1.jpg","type":"image\/jpeg"}],"author":"admin","twitter_card":"summary_large_image","twitter_misc":{"Scritto da":"admin","Tempo di lettura stimato":"3 minuti"},"schema":{"@context":"https:\/\/schema.org","@graph":[{"@type":"Article","@id":"https:\/\/archiviocassano.lavocedelpaese.info\/index.php\/2022\/10\/01\/festa-patronale-2022-presentato-il-bilancio-soddisfatto-il-comitato-qe-stata-una-grande-festaq\/#article","isPartOf":{"@id":"https:\/\/archiviocassano.lavocedelpaese.info\/index.php\/2022\/10\/01\/festa-patronale-2022-presentato-il-bilancio-soddisfatto-il-comitato-qe-stata-una-grande-festaq\/"},"author":{"name":"admin","@id":"https:\/\/archiviocassano.lavocedelpaese.info\/#\/schema\/person\/df195bc79a9b4c35127cf005f92e041b"},"headline":"Festa Patronale 2022: presentato il bilancio","datePublished":"2022-10-01T15:26:46+00:00","mainEntityOfPage":{"@id":"https:\/\/archiviocassano.lavocedelpaese.info\/index.php\/2022\/10\/01\/festa-patronale-2022-presentato-il-bilancio-soddisfatto-il-comitato-qe-stata-una-grande-festaq\/"},"wordCount":576,"commentCount":0,"publisher":{"@id":"https:\/\/archiviocassano.lavocedelpaese.info\/#organization"},"image":{"@id":"https:\/\/archiviocassano.lavocedelpaese.info\/index.php\/2022\/10\/01\/festa-patronale-2022-presentato-il-bilancio-soddisfatto-il-comitato-qe-stata-una-grande-festaq\/#primaryimage"},"thumbnailUrl":"https:\/\/archiviocassano.lavocedelpaese.info\/wp-content\/uploads\/2022\/10\/IMG20220930200110_1_1.jpg","articleSection":["Attualit\u00e0"],"inLanguage":"it-IT","potentialAction":[{"@type":"CommentAction","name":"Comment","target":["https:\/\/archiviocassano.lavocedelpaese.info\/index.php\/2022\/10\/01\/festa-patronale-2022-presentato-il-bilancio-soddisfatto-il-comitato-qe-stata-una-grande-festaq\/#respond"]}]},{"@type":"WebPage","@id":"https:\/\/archiviocassano.lavocedelpaese.info\/index.php\/2022\/10\/01\/festa-patronale-2022-presentato-il-bilancio-soddisfatto-il-comitato-qe-stata-una-grande-festaq\/","url":"https:\/\/archiviocassano.lavocedelpaese.info\/index.php\/2022\/10\/01\/festa-patronale-2022-presentato-il-bilancio-soddisfatto-il-comitato-qe-stata-una-grande-festaq\/","name":"Festa Patronale 2022: presentato il bilancio - Archivio CassanoWeb","isPartOf":{"@id":"https:\/\/archiviocassano.lavocedelpaese.info\/#website"},"primaryImageOfPage":{"@id":"https:\/\/archiviocassano.lavocedelpaese.info\/index.php\/2022\/10\/01\/festa-patronale-2022-presentato-il-bilancio-soddisfatto-il-comitato-qe-stata-una-grande-festaq\/#primaryimage"},"image":{"@id":"https:\/\/archiviocassano.lavocedelpaese.info\/index.php\/2022\/10\/01\/festa-patronale-2022-presentato-il-bilancio-soddisfatto-il-comitato-qe-stata-una-grande-festaq\/#primaryimage"},"thumbnailUrl":"https:\/\/archiviocassano.lavocedelpaese.info\/wp-content\/uploads\/2022\/10\/IMG20220930200110_1_1.jpg","datePublished":"2022-10-01T15:26:46+00:00","breadcrumb":{"@id":"https:\/\/archiviocassano.lavocedelpaese.info\/index.php\/2022\/10\/01\/festa-patronale-2022-presentato-il-bilancio-soddisfatto-il-comitato-qe-stata-una-grande-festaq\/#breadcrumb"},"inLanguage":"it-IT","potentialAction":[{"@type":"ReadAction","target":["https:\/\/archiviocassano.lavocedelpaese.info\/index.php\/2022\/10\/01\/festa-patronale-2022-presentato-il-bilancio-soddisfatto-il-comitato-qe-stata-una-grande-festaq\/"]}]},{"@type":"ImageObject","inLanguage":"it-IT","@id":"https:\/\/archiviocassano.lavocedelpaese.info\/index.php\/2022\/10\/01\/festa-patronale-2022-presentato-il-bilancio-soddisfatto-il-comitato-qe-stata-una-grande-festaq\/#primaryimage","url":"https:\/\/archiviocassano.lavocedelpaese.info\/wp-content\/uploads\/2022\/10\/IMG20220930200110_1_1.jpg","contentUrl":"https:\/\/archiviocassano.lavocedelpaese.info\/wp-content\/uploads\/2022\/10\/IMG20220930200110_1_1.jpg","width":600,"height":257,"caption":"IMG20220930200110 1 1"},{"@type":"BreadcrumbList","@id":"https:\/\/archiviocassano.lavocedelpaese.info\/index.php\/2022\/10\/01\/festa-patronale-2022-presentato-il-bilancio-soddisfatto-il-comitato-qe-stata-una-grande-festaq\/#breadcrumb","itemListElement":[{"@type":"ListItem","position":1,"name":"Home","item":"https:\/\/archiviocassano.lavocedelpaese.info\/"},{"@type":"ListItem","position":2,"name":"Festa Patronale 2022: presentato il bilancio"}]},{"@type":"WebSite","@id":"https:\/\/archiviocassano.lavocedelpaese.info\/#website","url":"https:\/\/archiviocassano.lavocedelpaese.info\/","name":"Archivio CassanoWeb","description":"La Voce del Paese - un network di idee","publisher":{"@id":"https:\/\/archiviocassano.lavocedelpaese.info\/#organization"},"potentialAction":[{"@type":"SearchAction","target":{"@type":"EntryPoint","urlTemplate":"https:\/\/archiviocassano.lavocedelpaese.info\/?s={search_term_string}"},"query-input":{"@type":"PropertyValueSpecification","valueRequired":true,"valueName":"search_term_string"}}],"inLanguage":"it-IT"},{"@type":"Organization","@id":"https:\/\/archiviocassano.lavocedelpaese.info\/#organization","name":"Archivio CassanoWeb","url":"https:\/\/archiviocassano.lavocedelpaese.info\/","logo":{"@type":"ImageObject","inLanguage":"it-IT","@id":"https:\/\/archiviocassano.lavocedelpaese.info\/#\/schema\/logo\/image\/","url":"https:\/\/archiviocassano.lavocedelpaese.info\/wp-content\/uploads\/2024\/08\/logo-rosso-2.png","contentUrl":"https:\/\/archiviocassano.lavocedelpaese.info\/wp-content\/uploads\/2024\/08\/logo-rosso-2.png","width":491,"height":432,"caption":"Archivio CassanoWeb"},"image":{"@id":"https:\/\/archiviocassano.lavocedelpaese.info\/#\/schema\/logo\/image\/"},"sameAs":["https:\/\/www.facebook.com\/redazione.cassanoweb"]},{"@type":"Person","@id":"https:\/\/archiviocassano.lavocedelpaese.info\/#\/schema\/person\/df195bc79a9b4c35127cf005f92e041b","name":"admin","image":{"@type":"ImageObject","inLanguage":"it-IT","@id":"https:\/\/secure.gravatar.com\/avatar\/eabba89a432e8eaa1b0207cc55f7e5340b22712b1ed80677efcf63e02ff5b235?s=96&d=mm&r=g","url":"https:\/\/secure.gravatar.com\/avatar\/eabba89a432e8eaa1b0207cc55f7e5340b22712b1ed80677efcf63e02ff5b235?s=96&d=mm&r=g","contentUrl":"https:\/\/secure.gravatar.com\/avatar\/eabba89a432e8eaa1b0207cc55f7e5340b22712b1ed80677efcf63e02ff5b235?s=96&d=mm&r=g","caption":"admin"},"sameAs":["https:\/\/archiviocassano.lavocedelpaese.info"],"url":"https:\/\/archiviocassano.lavocedelpaese.info\/index.php\/author\/admin_0qgz1xdp\/"}]}},"_links":{"self":[{"href":"https:\/\/archiviocassano.lavocedelpaese.info\/index.php\/wp-json\/wp\/v2\/posts\/20146","targetHints":{"allow":["GET"]}}],"collection":[{"href":"https:\/\/archiviocassano.lavocedelpaese.info\/index.php\/wp-json\/wp\/v2\/posts"}],"about":[{"href":"https:\/\/archiviocassano.lavocedelpaese.info\/index.php\/wp-json\/wp\/v2\/types\/post"}],"author":[{"embeddable":true,"href":"https:\/\/archiviocassano.lavocedelpaese.info\/index.php\/wp-json\/wp\/v2\/users\/1"}],"replies":[{"embeddable":true,"href":"https:\/\/archiviocassano.lavocedelpaese.info\/index.php\/wp-json\/wp\/v2\/comments?post=20146"}],"version-history":[{"count":0,"href":"https:\/\/archiviocassano.lavocedelpaese.info\/index.php\/wp-json\/wp\/v2\/posts\/20146\/revisions"}],"wp:featuredmedia":[{"embeddable":true,"href":"https:\/\/archiviocassano.lavocedelpaese.info\/index.php\/wp-json\/wp\/v2\/media\/20144"}],"wp:attachment":[{"href":"https:\/\/archiviocassano.lavocedelpaese.info\/index.php\/wp-json\/wp\/v2\/media?parent=20146"}],"wp:term":[{"taxonomy":"category","embeddable":true,"href":"https:\/\/archiviocassano.lavocedelpaese.info\/index.php\/wp-json\/wp\/v2\/categories?post=20146"},{"taxonomy":"post_tag","embeddable":true,"href":"https:\/\/archiviocassano.lavocedelpaese.info\/index.php\/wp-json\/wp\/v2\/tags?post=20146"}],"curies":[{"name":"wp","href":"https:\/\/api.w.org\/{rel}","templated":true}]}}